{"id":7959,"date":"2021-04-27T21:59:02","date_gmt":"2021-04-27T20:59:02","guid":{"rendered":"https:\/\/algarve7.pt\/?p=7959"},"modified":"2021-04-27T21:59:06","modified_gmt":"2021-04-27T20:59:06","slug":"vacinacao-em-massa-comeca-amanha-no-concelho-de-olhao","status":"publish","type":"post","link":"https:\/\/algarve7.pt\/index.php\/2021\/04\/vacinacao-em-massa-comeca-amanha-no-concelho-de-olhao\/saude\/21\/59\/","title":{"rendered":"Vacina\u00e7\u00e3o em massa come\u00e7a amanh\u00e3 no concelho de Olh\u00e3o"},"content":{"rendered":"\n<p>O Centro de Vacina\u00e7\u00e3o de Olh\u00e3o abre amanh\u00e3 &#8211; 28 de abril &#8211; as suas portas \u00e0 popula\u00e7\u00e3o. Ser\u00e1 poss\u00edvel, desta forma, vacinar os olhanenses em grande escala, mediante agendamento, entre as 09h00 e as 18h00, sete dias por semana, no Clube Desportivo \u201cOs Olhanenses\u201d. Prev\u00ea-se que sejam aqui ministradas cerca de 400 vacinas por dia contra a covid-19.<\/p>\n\n\n\n<p>Decorreu ontem, com representantes do Munic\u00edpio, Agrupamento de Centros de Sa\u00fade &#8211; ACES Central e Sa\u00fade P\u00fablica, a \u00faltima reuni\u00e3o para acertar os detalhes que permitir\u00e3o a abertura deste novo espa\u00e7o para administra\u00e7\u00e3o de vacinas no concelho sem sobressaltos. \u201cEst\u00e1 tudo operacional\u201d, garantia ontem \u00e0 tarde a diretora executiva da ACES Central, S\u00edlvia Cabrita, \u00e0 vereadora com o pelouro da Sa\u00fade, Elsa Parreira, durante mais uma visita ao local.<\/p>\n\n\n\n<p>O Munic\u00edpio foi parte integrante deste processo que permitir\u00e1 come\u00e7ar a vacinar em massa no concelho j\u00e1 a partir de amanh\u00e3, arrendando e equipando o espa\u00e7o cedido pelo Clube Desportivo \u201cOs Olhanenses\u201d, coordenando toda a log\u00edstica e dando apoio inform\u00e1tico e de limpeza no local.<\/p>\n\n\n\n<p>Com uma equipa de oito enfermeiros e um m\u00e9dico em perman\u00eancia no pavilh\u00e3o situado ao lado do Intermarch\u00e9, nas traseiras da Bela Olh\u00e3o, ser\u00e1 poss\u00edvel vacinar cerca de quatro centenas de pessoas diariamente, passando todas as inocula\u00e7\u00f5es para prevenir a covid-19, no concelho de Olh\u00e3o, a ser realizadas neste local, mediante agendamento.&nbsp;<\/p>\n\n\n\n<p>Refira-se que n\u00e3o se far\u00e3o marca\u00e7\u00f5es no local. Os respons\u00e1veis pela \u00e1rea da sa\u00fade refor\u00e7am a import\u00e2ncia de os agendamentos serem feitos no portal de vacina\u00e7\u00e3o, em\u00a0<a href=\"http:\/\/www.covid19.min-saude.pt\/\" target=\"_blank\" rel=\"noreferrer noopener\">www.covid19.min-saude.pt<\/a>.<\/p>\n\n\n\n<p>Quatro gabinetes para vacina\u00e7\u00e3o, dois para prepara\u00e7\u00e3o das vacinas, zonas de espera e de vigil\u00e2ncia, para al\u00e9m de quatro postos administrativos, comp\u00f5em este Centro de Vacina\u00e7\u00e3o erigido em pouco tempo pelo Munic\u00edpio de Olh\u00e3o para servir a popula\u00e7\u00e3o do concelho.<\/p>\n\n\n\n<p>\u201cO importante \u00e9 que as vacinas cheguem. \u00c9 determinante para a nossa comunidade que todos sejamos vacinados. Da nossa parte, estamos a dar o m\u00e1ximo e a disponibilizar todo o investimento necess\u00e1rio para que a vacina\u00e7\u00e3o ocorra da melhor forma e o mais rapidamente poss\u00edvel\u201d,&nbsp;referiu recentemente o presidente da C\u00e2mara Municipal de Olh\u00e3o,&nbsp;Ant\u00f3nio Miguel Pina, durante uma visita \u00e0quele espa\u00e7o.<\/p>\n","protected":false},"excerpt":{"rendered":"<p>O Centro de Vacina\u00e7\u00e3o de Olh\u00e3o abre amanh\u00e3 &#8211; 28 de abril &#8211; as suas portas \u00e0 popula\u00e7\u00e3o. Ser\u00e1 poss\u00edvel,<\/p>\n","protected":false},"author":1,"featured_media":7960,"comment_status":"closed","ping_status":"open","sticky":false,"template":"","format":"standard","meta":{"colormag_page_container_layout":"default_layout","colormag_page_sidebar_layout":"default_layout","_monsterinsights_skip_tracking":false,"_monsterinsights_sitenote_active":false,"_monsterinsights_sitenote_note":"","_monsterinsights_sitenote_category":0,"jetpack_post_was_ever_published":false,"_jetpack_newsletter_access":"","_jetpack_dont_email_post_to_subs":false,"_jetpack_newsletter_tier_id":0,"_jetpack_memberships_contains_paywalled_content":false,"_jetpack_memberships_contains_paid_content":false,"footnotes":"","jetpack_publicize_message":"","jetpack_publicize_feature_enabled":true,"jetpack_social_post_already_shared":true,"jetpack_social_options":{"image_generator_settings":{"template":"highway","default_image_id":0,"font":"","enabled":false},"version":2}},"categories":[59],"tags":[36,51,37,58,167],"class_list":["post-7959","post","type-post","status-publish","format-standard","has-post-thumbnail","hentry","category-saude","tag-algarve","tag-covid-19","tag-olhao","tag-saude","tag-vacina"],"yoast_head":"<!-- This site is optimized with the Yoast SEO plugin v27.5 - https:\/\/yoast.com\/product\/yoast-seo-wordpress\/ -->\n<title>Vacina\u00e7\u00e3o em massa come\u00e7a amanh\u00e3 no concelho de Olh\u00e3o - Algarve 7<\/title>\n<meta name=\"description\" content=\"Vacina\u00e7\u00e3o em massa come\u00e7a amanh\u00e3 no concelho de Olh\u00e3o Sa\u00fade\" \/>\n<meta name=\"robots\" content=\"index, follow, max-snippet:-1, max-image-preview:large, max-video-preview:-1\" \/>\n<link rel=\"canonical\" href=\"https:\/\/algarve7.pt\/index.php\/2021\/04\/vacinacao-em-massa-comeca-amanha-no-concelho-de-olhao\/saude\/21\/59\/\" \/>\n<meta property=\"og:locale\" content=\"pt_PT\" \/>\n<meta property=\"og:type\" content=\"article\" \/>\n<meta property=\"og:title\" content=\"Vacina\u00e7\u00e3o em massa come\u00e7a amanh\u00e3 no concelho de Olh\u00e3o - Algarve 7\" \/>\n<meta property=\"og:description\" content=\"Vacina\u00e7\u00e3o em massa come\u00e7a amanh\u00e3 no concelho de Olh\u00e3o Sa\u00fade\" \/>\n<meta property=\"og:url\" content=\"https:\/\/algarve7.pt\/index.php\/2021\/04\/vacinacao-em-massa-comeca-amanha-no-concelho-de-olhao\/saude\/21\/59\/\" \/>\n<meta property=\"og:site_name\" content=\"Algarve 7\" \/>\n<meta property=\"article:publisher\" content=\"https:\/\/www.facebook.com\/algarve7\" \/>\n<meta property=\"article:author\" content=\"https:\/\/www.facebook.com\/algarve7\" \/>\n<meta property=\"article:published_time\" content=\"2021-04-27T20:59:02+00:00\" \/>\n<meta property=\"article:modified_time\" content=\"2021-04-27T20:59:06+00:00\" \/>\n<meta property=\"og:image\" content=\"https:\/\/algarve7.pt\/wp-content\/uploads\/2021\/04\/2021-031-vacinacao-covid-19-em-massa-comeca-em-olhao-06.jpg\" \/>\n\t<meta property=\"og:image:width\" content=\"1920\" \/>\n\t<meta property=\"og:image:height\" content=\"1280\" \/>\n\t<meta property=\"og:image:type\" content=\"image\/jpeg\" \/>\n<meta name=\"author\" content=\"Algarve 7\" \/>\n<meta name=\"twitter:card\" content=\"summary_large_image\" \/>\n<meta name=\"twitter:creator\" content=\"@Algarvesete\" \/>\n<meta name=\"twitter:site\" content=\"@Algarvesete\" \/>\n<meta name=\"twitter:label1\" content=\"Escrito por\" \/>\n\t<meta name=\"twitter:data1\" content=\"Algarve 7\" \/>\n\t<meta name=\"twitter:label2\" content=\"Tempo estimado de leitura\" \/>\n\t<meta name=\"twitter:data2\" content=\"2 minutos\" \/>\n<script type=\"application\/ld+json\" class=\"yoast-schema-graph\">{\"@context\":\"https:\\\/\\\/schema.org\",\"@graph\":[{\"@type\":\"Article\",\"@id\":\"https:\\\/\\\/algarve7.pt\\\/index.php\\\/2021\\\/04\\\/vacinacao-em-massa-comeca-amanha-no-concelho-de-olhao\\\/saude\\\/21\\\/59\\\/#article\",\"isPartOf\":{\"@id\":\"https:\\\/\\\/algarve7.pt\\\/index.php\\\/2021\\\/04\\\/vacinacao-em-massa-comeca-amanha-no-concelho-de-olhao\\\/saude\\\/21\\\/59\\\/\"},\"author\":{\"name\":\"Algarve 7\",\"@id\":\"https:\\\/\\\/algarve7.pt\\\/#\\\/schema\\\/person\\\/23fa70681308e7b319a3204bcea45e0c\"},\"headline\":\"Vacina\u00e7\u00e3o em massa come\u00e7a amanh\u00e3 no concelho de Olh\u00e3o\",\"datePublished\":\"2021-04-27T20:59:02+00:00\",\"dateModified\":\"2021-04-27T20:59:06+00:00\",\"mainEntityOfPage\":{\"@id\":\"https:\\\/\\\/algarve7.pt\\\/index.php\\\/2021\\\/04\\\/vacinacao-em-massa-comeca-amanha-no-concelho-de-olhao\\\/saude\\\/21\\\/59\\\/\"},\"wordCount\":418,\"publisher\":{\"@id\":\"https:\\\/\\\/algarve7.pt\\\/#organization\"},\"image\":{\"@id\":\"https:\\\/\\\/algarve7.pt\\\/index.php\\\/2021\\\/04\\\/vacinacao-em-massa-comeca-amanha-no-concelho-de-olhao\\\/saude\\\/21\\\/59\\\/#primaryimage\"},\"thumbnailUrl\":\"https:\\\/\\\/algarve7.pt\\\/wp-content\\\/uploads\\\/2021\\\/04\\\/2021-031-vacinacao-covid-19-em-massa-comeca-em-olhao-06.jpg\",\"keywords\":[\"Algarve\",\"Covid-19\",\"Olh\u00e3o\",\"Sa\u00fade\",\"Vacina\"],\"articleSection\":[\"Sa\u00fade\"],\"inLanguage\":\"pt-PT\"},{\"@type\":\"WebPage\",\"@id\":\"https:\\\/\\\/algarve7.pt\\\/index.php\\\/2021\\\/04\\\/vacinacao-em-massa-comeca-amanha-no-concelho-de-olhao\\\/saude\\\/21\\\/59\\\/\",\"url\":\"https:\\\/\\\/algarve7.pt\\\/index.php\\\/2021\\\/04\\\/vacinacao-em-massa-comeca-amanha-no-concelho-de-olhao\\\/saude\\\/21\\\/59\\\/\",\"name\":\"Vacina\u00e7\u00e3o em massa come\u00e7a amanh\u00e3 no concelho de Olh\u00e3o - Algarve 7\",\"isPartOf\":{\"@id\":\"https:\\\/\\\/algarve7.pt\\\/#website\"},\"primaryImageOfPage\":{\"@id\":\"https:\\\/\\\/algarve7.pt\\\/index.php\\\/2021\\\/04\\\/vacinacao-em-massa-comeca-amanha-no-concelho-de-olhao\\\/saude\\\/21\\\/59\\\/#primaryimage\"},\"image\":{\"@id\":\"https:\\\/\\\/algarve7.pt\\\/index.php\\\/2021\\\/04\\\/vacinacao-em-massa-comeca-amanha-no-concelho-de-olhao\\\/saude\\\/21\\\/59\\\/#primaryimage\"},\"thumbnailUrl\":\"https:\\\/\\\/algarve7.pt\\\/wp-content\\\/uploads\\\/2021\\\/04\\\/2021-031-vacinacao-covid-19-em-massa-comeca-em-olhao-06.jpg\",\"datePublished\":\"2021-04-27T20:59:02+00:00\",\"dateModified\":\"2021-04-27T20:59:06+00:00\",\"description\":\"Vacina\u00e7\u00e3o em massa come\u00e7a amanh\u00e3 no concelho de Olh\u00e3o Sa\u00fade\",\"breadcrumb\":{\"@id\":\"https:\\\/\\\/algarve7.pt\\\/index.php\\\/2021\\\/04\\\/vacinacao-em-massa-comeca-amanha-no-concelho-de-olhao\\\/saude\\\/21\\\/59\\\/#breadcrumb\"},\"inLanguage\":\"pt-PT\",\"potentialAction\":[{\"@type\":\"ReadAction\",\"target\":[\"https:\\\/\\\/algarve7.pt\\\/index.php\\\/2021\\\/04\\\/vacinacao-em-massa-comeca-amanha-no-concelho-de-olhao\\\/saude\\\/21\\\/59\\\/\"]}]},{\"@type\":\"ImageObject\",\"inLanguage\":\"pt-PT\",\"@id\":\"https:\\\/\\\/algarve7.pt\\\/index.php\\\/2021\\\/04\\\/vacinacao-em-massa-comeca-amanha-no-concelho-de-olhao\\\/saude\\\/21\\\/59\\\/#primaryimage\",\"url\":\"https:\\\/\\\/algarve7.pt\\\/wp-content\\\/uploads\\\/2021\\\/04\\\/2021-031-vacinacao-covid-19-em-massa-comeca-em-olhao-06.jpg\",\"contentUrl\":\"https:\\\/\\\/algarve7.pt\\\/wp-content\\\/uploads\\\/2021\\\/04\\\/2021-031-vacinacao-covid-19-em-massa-comeca-em-olhao-06.jpg\",\"width\":1920,\"height\":1280},{\"@type\":\"BreadcrumbList\",\"@id\":\"https:\\\/\\\/algarve7.pt\\\/index.php\\\/2021\\\/04\\\/vacinacao-em-massa-comeca-amanha-no-concelho-de-olhao\\\/saude\\\/21\\\/59\\\/#breadcrumb\",\"itemListElement\":[{\"@type\":\"ListItem\",\"position\":1,\"name\":\"In\u00edcio\",\"item\":\"https:\\\/\\\/algarve7.pt\\\/\"},{\"@type\":\"ListItem\",\"position\":2,\"name\":\"Vacina\u00e7\u00e3o em massa come\u00e7a amanh\u00e3 no concelho de Olh\u00e3o\"}]},{\"@type\":\"WebSite\",\"@id\":\"https:\\\/\\\/algarve7.pt\\\/#website\",\"url\":\"https:\\\/\\\/algarve7.pt\\\/\",\"name\":\"Algarve 7\",\"description\":\"Informa\u00e7\u00e3o sobre o Algarve\",\"publisher\":{\"@id\":\"https:\\\/\\\/algarve7.pt\\\/#organization\"},\"potentialAction\":[{\"@type\":\"SearchAction\",\"target\":{\"@type\":\"EntryPoint\",\"urlTemplate\":\"https:\\\/\\\/algarve7.pt\\\/?s={search_term_string}\"},\"query-input\":{\"@type\":\"PropertyValueSpecification\",\"valueRequired\":true,\"valueName\":\"search_term_string\"}}],\"inLanguage\":\"pt-PT\"},{\"@type\":\"Organization\",\"@id\":\"https:\\\/\\\/algarve7.pt\\\/#organization\",\"name\":\"Algarve 7\",\"url\":\"https:\\\/\\\/algarve7.pt\\\/\",\"logo\":{\"@type\":\"ImageObject\",\"inLanguage\":\"pt-PT\",\"@id\":\"https:\\\/\\\/algarve7.pt\\\/#\\\/schema\\\/logo\\\/image\\\/\",\"url\":\"https:\\\/\\\/algarve7.pt\\\/wp-content\\\/uploads\\\/2020\\\/10\\\/Logo-8.jpg\",\"contentUrl\":\"https:\\\/\\\/algarve7.pt\\\/wp-content\\\/uploads\\\/2020\\\/10\\\/Logo-8.jpg\",\"width\":1680,\"height\":1186,\"caption\":\"Algarve 7\"},\"image\":{\"@id\":\"https:\\\/\\\/algarve7.pt\\\/#\\\/schema\\\/logo\\\/image\\\/\"},\"sameAs\":[\"https:\\\/\\\/www.facebook.com\\\/algarve7\",\"https:\\\/\\\/x.com\\\/Algarvesete\",\"https:\\\/\\\/www.instagram.com\\\/jornalalgarve7\\\/\",\"https:\\\/\\\/www.linkedin.com\\\/company\\\/algarve7\",\"https:\\\/\\\/www.pinterest.pt\\\/geral0939\\\/_created\\\/\"]},{\"@type\":\"Person\",\"@id\":\"https:\\\/\\\/algarve7.pt\\\/#\\\/schema\\\/person\\\/23fa70681308e7b319a3204bcea45e0c\",\"name\":\"Algarve 7\",\"sameAs\":[\"https:\\\/\\\/algarve7.pt\",\"https:\\\/\\\/www.facebook.com\\\/algarve7\"],\"url\":\"https:\\\/\\\/algarve7.pt\\\/index.php\\\/author\\\/geralalgarve7-pt\\\/\"}]}<\/script>\n<!-- \/ Yoast SEO plugin. -->","yoast_head_json":{"title":"Vacina\u00e7\u00e3o em massa come\u00e7a amanh\u00e3 no concelho de Olh\u00e3o - Algarve 7","description":"Vacina\u00e7\u00e3o em massa come\u00e7a amanh\u00e3 no concelho de Olh\u00e3o Sa\u00fade","robots":{"index":"index","follow":"follow","max-snippet":"max-snippet:-1","max-image-preview":"max-image-preview:large","max-video-preview":"max-video-preview:-1"},"canonical":"https:\/\/algarve7.pt\/index.php\/2021\/04\/vacinacao-em-massa-comeca-amanha-no-concelho-de-olhao\/saude\/21\/59\/","og_locale":"pt_PT","og_type":"article","og_title":"Vacina\u00e7\u00e3o em massa come\u00e7a amanh\u00e3 no concelho de Olh\u00e3o - Algarve 7","og_description":"Vacina\u00e7\u00e3o em massa come\u00e7a amanh\u00e3 no concelho de Olh\u00e3o Sa\u00fade","og_url":"https:\/\/algarve7.pt\/index.php\/2021\/04\/vacinacao-em-massa-comeca-amanha-no-concelho-de-olhao\/saude\/21\/59\/","og_site_name":"Algarve 7","article_publisher":"https:\/\/www.facebook.com\/algarve7","article_author":"https:\/\/www.facebook.com\/algarve7","article_published_time":"2021-04-27T20:59:02+00:00","article_modified_time":"2021-04-27T20:59:06+00:00","og_image":[{"width":1920,"height":1280,"url":"https:\/\/algarve7.pt\/wp-content\/uploads\/2021\/04\/2021-031-vacinacao-covid-19-em-massa-comeca-em-olhao-06.jpg","type":"image\/jpeg"}],"author":"Algarve 7","twitter_card":"summary_large_image","twitter_creator":"@Algarvesete","twitter_site":"@Algarvesete","twitter_misc":{"Escrito por":"Algarve 7","Tempo estimado de leitura":"2 minutos"},"schema":{"@context":"https:\/\/schema.org","@graph":[{"@type":"Article","@id":"https:\/\/algarve7.pt\/index.php\/2021\/04\/vacinacao-em-massa-comeca-amanha-no-concelho-de-olhao\/saude\/21\/59\/#article","isPartOf":{"@id":"https:\/\/algarve7.pt\/index.php\/2021\/04\/vacinacao-em-massa-comeca-amanha-no-concelho-de-olhao\/saude\/21\/59\/"},"author":{"name":"Algarve 7","@id":"https:\/\/algarve7.pt\/#\/schema\/person\/23fa70681308e7b319a3204bcea45e0c"},"headline":"Vacina\u00e7\u00e3o em massa come\u00e7a amanh\u00e3 no concelho de Olh\u00e3o","datePublished":"2021-04-27T20:59:02+00:00","dateModified":"2021-04-27T20:59:06+00:00","mainEntityOfPage":{"@id":"https:\/\/algarve7.pt\/index.php\/2021\/04\/vacinacao-em-massa-comeca-amanha-no-concelho-de-olhao\/saude\/21\/59\/"},"wordCount":418,"publisher":{"@id":"https:\/\/algarve7.pt\/#organization"},"image":{"@id":"https:\/\/algarve7.pt\/index.php\/2021\/04\/vacinacao-em-massa-comeca-amanha-no-concelho-de-olhao\/saude\/21\/59\/#primaryimage"},"thumbnailUrl":"https:\/\/algarve7.pt\/wp-content\/uploads\/2021\/04\/2021-031-vacinacao-covid-19-em-massa-comeca-em-olhao-06.jpg","keywords":["Algarve","Covid-19","Olh\u00e3o","Sa\u00fade","Vacina"],"articleSection":["Sa\u00fade"],"inLanguage":"pt-PT"},{"@type":"WebPage","@id":"https:\/\/algarve7.pt\/index.php\/2021\/04\/vacinacao-em-massa-comeca-amanha-no-concelho-de-olhao\/saude\/21\/59\/","url":"https:\/\/algarve7.pt\/index.php\/2021\/04\/vacinacao-em-massa-comeca-amanha-no-concelho-de-olhao\/saude\/21\/59\/","name":"Vacina\u00e7\u00e3o em massa come\u00e7a amanh\u00e3 no concelho de Olh\u00e3o - Algarve 7","isPartOf":{"@id":"https:\/\/algarve7.pt\/#website"},"primaryImageOfPage":{"@id":"https:\/\/algarve7.pt\/index.php\/2021\/04\/vacinacao-em-massa-comeca-amanha-no-concelho-de-olhao\/saude\/21\/59\/#primaryimage"},"image":{"@id":"https:\/\/algarve7.pt\/index.php\/2021\/04\/vacinacao-em-massa-comeca-amanha-no-concelho-de-olhao\/saude\/21\/59\/#primaryimage"},"thumbnailUrl":"https:\/\/algarve7.pt\/wp-content\/uploads\/2021\/04\/2021-031-vacinacao-covid-19-em-massa-comeca-em-olhao-06.jpg","datePublished":"2021-04-27T20:59:02+00:00","dateModified":"2021-04-27T20:59:06+00:00","description":"Vacina\u00e7\u00e3o em massa come\u00e7a amanh\u00e3 no concelho de Olh\u00e3o Sa\u00fade","breadcrumb":{"@id":"https:\/\/algarve7.pt\/index.php\/2021\/04\/vacinacao-em-massa-comeca-amanha-no-concelho-de-olhao\/saude\/21\/59\/#breadcrumb"},"inLanguage":"pt-PT","potentialAction":[{"@type":"ReadAction","target":["https:\/\/algarve7.pt\/index.php\/2021\/04\/vacinacao-em-massa-comeca-amanha-no-concelho-de-olhao\/saude\/21\/59\/"]}]},{"@type":"ImageObject","inLanguage":"pt-PT","@id":"https:\/\/algarve7.pt\/index.php\/2021\/04\/vacinacao-em-massa-comeca-amanha-no-concelho-de-olhao\/saude\/21\/59\/#primaryimage","url":"https:\/\/algarve7.pt\/wp-content\/uploads\/2021\/04\/2021-031-vacinacao-covid-19-em-massa-comeca-em-olhao-06.jpg","contentUrl":"https:\/\/algarve7.pt\/wp-content\/uploads\/2021\/04\/2021-031-vacinacao-covid-19-em-massa-comeca-em-olhao-06.jpg","width":1920,"height":1280},{"@type":"BreadcrumbList","@id":"https:\/\/algarve7.pt\/index.php\/2021\/04\/vacinacao-em-massa-comeca-amanha-no-concelho-de-olhao\/saude\/21\/59\/#breadcrumb","itemListElement":[{"@type":"ListItem","position":1,"name":"In\u00edcio","item":"https:\/\/algarve7.pt\/"},{"@type":"ListItem","position":2,"name":"Vacina\u00e7\u00e3o em massa come\u00e7a amanh\u00e3 no concelho de Olh\u00e3o"}]},{"@type":"WebSite","@id":"https:\/\/algarve7.pt\/#website","url":"https:\/\/algarve7.pt\/","name":"Algarve 7","description":"Informa\u00e7\u00e3o sobre o Algarve","publisher":{"@id":"https:\/\/algarve7.pt\/#organization"},"potentialAction":[{"@type":"SearchAction","target":{"@type":"EntryPoint","urlTemplate":"https:\/\/algarve7.pt\/?s={search_term_string}"},"query-input":{"@type":"PropertyValueSpecification","valueRequired":true,"valueName":"search_term_string"}}],"inLanguage":"pt-PT"},{"@type":"Organization","@id":"https:\/\/algarve7.pt\/#organization","name":"Algarve 7","url":"https:\/\/algarve7.pt\/","logo":{"@type":"ImageObject","inLanguage":"pt-PT","@id":"https:\/\/algarve7.pt\/#\/schema\/logo\/image\/","url":"https:\/\/algarve7.pt\/wp-content\/uploads\/2020\/10\/Logo-8.jpg","contentUrl":"https:\/\/algarve7.pt\/wp-content\/uploads\/2020\/10\/Logo-8.jpg","width":1680,"height":1186,"caption":"Algarve 7"},"image":{"@id":"https:\/\/algarve7.pt\/#\/schema\/logo\/image\/"},"sameAs":["https:\/\/www.facebook.com\/algarve7","https:\/\/x.com\/Algarvesete","https:\/\/www.instagram.com\/jornalalgarve7\/","https:\/\/www.linkedin.com\/company\/algarve7","https:\/\/www.pinterest.pt\/geral0939\/_created\/"]},{"@type":"Person","@id":"https:\/\/algarve7.pt\/#\/schema\/person\/23fa70681308e7b319a3204bcea45e0c","name":"Algarve 7","sameAs":["https:\/\/algarve7.pt","https:\/\/www.facebook.com\/algarve7"],"url":"https:\/\/algarve7.pt\/index.php\/author\/geralalgarve7-pt\/"}]}},"jetpack_publicize_connections":[],"jetpack_featured_media_url":"https:\/\/algarve7.pt\/wp-content\/uploads\/2021\/04\/2021-031-vacinacao-covid-19-em-massa-comeca-em-olhao-06.jpg","jetpack_shortlink":"https:\/\/wp.me\/pcezmW-24n","jetpack_sharing_enabled":true,"_links":{"self":[{"href":"https:\/\/algarve7.pt\/index.php\/wp-json\/wp\/v2\/posts\/7959","targetHints":{"allow":["GET"]}}],"collection":[{"href":"https:\/\/algarve7.pt\/index.php\/wp-json\/wp\/v2\/posts"}],"about":[{"href":"https:\/\/algarve7.pt\/index.php\/wp-json\/wp\/v2\/types\/post"}],"author":[{"embeddable":true,"href":"https:\/\/algarve7.pt\/index.php\/wp-json\/wp\/v2\/users\/1"}],"replies":[{"embeddable":true,"href":"https:\/\/algarve7.pt\/index.php\/wp-json\/wp\/v2\/comments?post=7959"}],"version-history":[{"count":0,"href":"https:\/\/algarve7.pt\/index.php\/wp-json\/wp\/v2\/posts\/7959\/revisions"}],"wp:featuredmedia":[{"embeddable":true,"href":"https:\/\/algarve7.pt\/index.php\/wp-json\/wp\/v2\/media\/7960"}],"wp:attachment":[{"href":"https:\/\/algarve7.pt\/index.php\/wp-json\/wp\/v2\/media?parent=7959"}],"wp:term":[{"taxonomy":"category","embeddable":true,"href":"https:\/\/algarve7.pt\/index.php\/wp-json\/wp\/v2\/categories?post=7959"},{"taxonomy":"post_tag","embeddable":true,"href":"https:\/\/algarve7.pt\/index.php\/wp-json\/wp\/v2\/tags?post=7959"}],"curies":[{"name":"wp","href":"https:\/\/api.w.org\/{rel}","templated":true}]}}