{"id":795,"date":"2020-08-26T11:11:48","date_gmt":"2020-08-26T10:11:48","guid":{"rendered":"https:\/\/algarve7.pt\/?p=795"},"modified":"2020-08-26T11:11:48","modified_gmt":"2020-08-26T10:11:48","slug":"diz-me-antonio-dia11-de-setembro-parque-municipal-sitio-das-fontes-em-estombar","status":"publish","type":"post","link":"https:\/\/algarve7.pt\/index.php\/2020\/08\/diz-me-antonio-dia11-de-setembro-parque-municipal-sitio-das-fontes-em-estombar\/atualidade\/11\/11\/","title":{"rendered":"&#8220;Diz-me Ant\u00f3nio&#8221; Dia11 de setembro Parque Municipal Sitio das Fontes em Est\u00f4mbar"},"content":{"rendered":"\n<p>No dia 11 de setembro, o Parque Municipal do Sitio das Fontes, em Est\u00f4mbar, recebe o espet\u00e1culo da Rede Azul, \u201c<strong>Diz-me, Ant\u00f3nio<\/strong>\u201d baseado na obra de Ant\u00f3nio Aleixo.<\/p>\n\n\n\n<p>Uma produ\u00e7\u00e3o Rede Azul, integrada no 365 Algarve, \u201c<strong>Diz-me, Ant\u00f3nio<\/strong>\u201d \u00e9 um espet\u00e1culo de dan\u00e7a contempor\u00e2nea que se inspira no universo de Ant\u00f3nio Aleixo, num tributo ao seu nascimento e \u00e0 sua obra. O movimento, a palavra e a m\u00fasica em busca de uma po\u00e9tica da&nbsp;<em>performance<\/em>, em que tr\u00eas criadores\/int\u00e9rpretes se re\u00fanem para refletir sobre o Poeta Algarvio.\u201d<\/p>\n\n\n\n<p>Os ingressos custam&nbsp;<strong>5\u20ac<\/strong>&nbsp;e j\u00e1 est\u00e3o dispon\u00edveis online em:<a href=\"https:\/\/ticketline.sapo.pt\/evento\/diz-me-antonio-rede-azul-51145\">https:\/\/ticketline.sapo.pt\/evento\/diz-me-antonio-rede-azul-51145<\/a><\/p>\n\n\n\n<p>Ficha t\u00e9cnica:<\/p>\n\n\n\n<p>Dire\u00e7\u00e3o art\u00edstica: Armando Correia, Carolina Cantinho e Pedro Pinto<\/p>\n\n\n\n<p>Interpreta\u00e7\u00e3o: Armando Correia, Carolina Cantinho e Pedro Pinto<\/p>\n\n\n\n<p>M\u00fasica original: Pedro Pinto<\/p>\n\n\n\n<p>\u201cO poema, o corpo, a voz, a m\u00fasica, o p\u00fablico, um p\u00fablico que ser\u00e1 voz, um corpo que ser\u00e1 poema, um poema feito regi\u00e3o.\u201d<\/p>\n\n\n\n<p>Um espet\u00e1culo original e inigual\u00e1vel, que n\u00e3o vai querer perder\u2026<\/p>\n","protected":false},"excerpt":{"rendered":"<p>No dia 11 de setembro, o Parque Municipal do Sitio das Fontes, em Est\u00f4mbar, recebe o espet\u00e1culo da Rede Azul,<\/p>\n","protected":false},"author":1,"featured_media":798,"comment_status":"closed","ping_status":"open","sticky":false,"template":"","format":"standard","meta":{"colormag_page_container_layout":"default_layout","colormag_page_sidebar_layout":"default_layout","_monsterinsights_skip_tracking":false,"_monsterinsights_sitenote_active":false,"_monsterinsights_sitenote_note":"","_monsterinsights_sitenote_category":0,"jetpack_post_was_ever_published":false,"_jetpack_newsletter_access":"","_jetpack_dont_email_post_to_subs":false,"_jetpack_newsletter_tier_id":0,"_jetpack_memberships_contains_paywalled_content":false,"_jetpack_memberships_contains_paid_content":false,"footnotes":"","jetpack_publicize_message":"","jetpack_publicize_feature_enabled":true,"jetpack_social_post_already_shared":true,"jetpack_social_options":{"image_generator_settings":{"template":"highway","default_image_id":0,"font":"","enabled":false},"version":2}},"categories":[11,14],"tags":[36,64,48],"class_list":["post-795","post","type-post","status-publish","format-standard","has-post-thumbnail","hentry","category-atualidade","category-cultura","tag-algarve","tag-danca","tag-lagoa"],"yoast_head":"<!-- This site is optimized with the Yoast SEO plugin v27.5 - https:\/\/yoast.com\/product\/yoast-seo-wordpress\/ -->\n<title>&quot;Diz-me Ant\u00f3nio&quot; Dia11 de setembro Parque Municipal Sitio das Fontes em Est\u00f4mbar - Algarve 7<\/title>\n<meta name=\"description\" content=\"&quot;Diz-me Ant\u00f3nio&quot; Dia11 de setembro Parque Municipal Sitio das Fontes em Est\u00f4mbar\" \/>\n<meta name=\"robots\" content=\"index, follow, max-snippet:-1, max-image-preview:large, max-video-preview:-1\" \/>\n<link rel=\"canonical\" href=\"https:\/\/algarve7.pt\/index.php\/2020\/08\/diz-me-antonio-dia11-de-setembro-parque-municipal-sitio-das-fontes-em-estombar\/atualidade\/11\/11\/\" \/>\n<meta property=\"og:locale\" content=\"pt_PT\" \/>\n<meta property=\"og:type\" content=\"article\" \/>\n<meta property=\"og:title\" content=\"&quot;Diz-me Ant\u00f3nio&quot; Dia11 de setembro Parque Municipal Sitio das Fontes em Est\u00f4mbar - Algarve 7\" \/>\n<meta property=\"og:description\" content=\"&quot;Diz-me Ant\u00f3nio&quot; Dia11 de setembro Parque Municipal Sitio das Fontes em Est\u00f4mbar\" \/>\n<meta property=\"og:url\" content=\"https:\/\/algarve7.pt\/index.php\/2020\/08\/diz-me-antonio-dia11-de-setembro-parque-municipal-sitio-das-fontes-em-estombar\/atualidade\/11\/11\/\" \/>\n<meta property=\"og:site_name\" content=\"Algarve 7\" \/>\n<meta property=\"article:publisher\" content=\"https:\/\/www.facebook.com\/algarve7\" \/>\n<meta property=\"article:author\" content=\"https:\/\/www.facebook.com\/algarve7\" \/>\n<meta property=\"article:published_time\" content=\"2020-08-26T10:11:48+00:00\" \/>\n<meta property=\"og:image\" content=\"https:\/\/algarve7.pt\/wp-content\/uploads\/2020\/08\/image002-2-e1598436648953.jpg\" \/>\n\t<meta property=\"og:image:width\" content=\"794\" \/>\n\t<meta property=\"og:image:height\" content=\"1058\" \/>\n\t<meta property=\"og:image:type\" content=\"image\/jpeg\" \/>\n<meta name=\"author\" content=\"Algarve 7\" \/>\n<meta name=\"twitter:card\" content=\"summary_large_image\" \/>\n<meta name=\"twitter:creator\" content=\"@Algarvesete\" \/>\n<meta name=\"twitter:site\" content=\"@Algarvesete\" \/>\n<meta name=\"twitter:label1\" content=\"Escrito por\" \/>\n\t<meta name=\"twitter:data1\" content=\"Algarve 7\" \/>\n\t<meta name=\"twitter:label2\" content=\"Tempo estimado de leitura\" \/>\n\t<meta name=\"twitter:data2\" content=\"1 minuto\" \/>\n<script type=\"application\/ld+json\" class=\"yoast-schema-graph\">{\"@context\":\"https:\\\/\\\/schema.org\",\"@graph\":[{\"@type\":\"Article\",\"@id\":\"https:\\\/\\\/algarve7.pt\\\/index.php\\\/2020\\\/08\\\/diz-me-antonio-dia11-de-setembro-parque-municipal-sitio-das-fontes-em-estombar\\\/atualidade\\\/11\\\/11\\\/#article\",\"isPartOf\":{\"@id\":\"https:\\\/\\\/algarve7.pt\\\/index.php\\\/2020\\\/08\\\/diz-me-antonio-dia11-de-setembro-parque-municipal-sitio-das-fontes-em-estombar\\\/atualidade\\\/11\\\/11\\\/\"},\"author\":{\"name\":\"Algarve 7\",\"@id\":\"https:\\\/\\\/algarve7.pt\\\/#\\\/schema\\\/person\\\/23fa70681308e7b319a3204bcea45e0c\"},\"headline\":\"&#8220;Diz-me Ant\u00f3nio&#8221; Dia11 de setembro Parque Municipal Sitio das Fontes em Est\u00f4mbar\",\"datePublished\":\"2020-08-26T10:11:48+00:00\",\"mainEntityOfPage\":{\"@id\":\"https:\\\/\\\/algarve7.pt\\\/index.php\\\/2020\\\/08\\\/diz-me-antonio-dia11-de-setembro-parque-municipal-sitio-das-fontes-em-estombar\\\/atualidade\\\/11\\\/11\\\/\"},\"wordCount\":202,\"publisher\":{\"@id\":\"https:\\\/\\\/algarve7.pt\\\/#organization\"},\"image\":{\"@id\":\"https:\\\/\\\/algarve7.pt\\\/index.php\\\/2020\\\/08\\\/diz-me-antonio-dia11-de-setembro-parque-municipal-sitio-das-fontes-em-estombar\\\/atualidade\\\/11\\\/11\\\/#primaryimage\"},\"thumbnailUrl\":\"https:\\\/\\\/algarve7.pt\\\/wp-content\\\/uploads\\\/2020\\\/08\\\/image002-2-e1598436648953.jpg\",\"keywords\":[\"Algarve\",\"Dan\u00e7a\",\"Lagoa\"],\"articleSection\":[\"Atualidade\",\"Cultura\"],\"inLanguage\":\"pt-PT\"},{\"@type\":\"WebPage\",\"@id\":\"https:\\\/\\\/algarve7.pt\\\/index.php\\\/2020\\\/08\\\/diz-me-antonio-dia11-de-setembro-parque-municipal-sitio-das-fontes-em-estombar\\\/atualidade\\\/11\\\/11\\\/\",\"url\":\"https:\\\/\\\/algarve7.pt\\\/index.php\\\/2020\\\/08\\\/diz-me-antonio-dia11-de-setembro-parque-municipal-sitio-das-fontes-em-estombar\\\/atualidade\\\/11\\\/11\\\/\",\"name\":\"\\\"Diz-me Ant\u00f3nio\\\" Dia11 de setembro Parque Municipal Sitio das Fontes em Est\u00f4mbar - Algarve 7\",\"isPartOf\":{\"@id\":\"https:\\\/\\\/algarve7.pt\\\/#website\"},\"primaryImageOfPage\":{\"@id\":\"https:\\\/\\\/algarve7.pt\\\/index.php\\\/2020\\\/08\\\/diz-me-antonio-dia11-de-setembro-parque-municipal-sitio-das-fontes-em-estombar\\\/atualidade\\\/11\\\/11\\\/#primaryimage\"},\"image\":{\"@id\":\"https:\\\/\\\/algarve7.pt\\\/index.php\\\/2020\\\/08\\\/diz-me-antonio-dia11-de-setembro-parque-municipal-sitio-das-fontes-em-estombar\\\/atualidade\\\/11\\\/11\\\/#primaryimage\"},\"thumbnailUrl\":\"https:\\\/\\\/algarve7.pt\\\/wp-content\\\/uploads\\\/2020\\\/08\\\/image002-2-e1598436648953.jpg\",\"datePublished\":\"2020-08-26T10:11:48+00:00\",\"description\":\"\\\"Diz-me Ant\u00f3nio\\\" Dia11 de setembro Parque Municipal Sitio das Fontes em Est\u00f4mbar\",\"breadcrumb\":{\"@id\":\"https:\\\/\\\/algarve7.pt\\\/index.php\\\/2020\\\/08\\\/diz-me-antonio-dia11-de-setembro-parque-municipal-sitio-das-fontes-em-estombar\\\/atualidade\\\/11\\\/11\\\/#breadcrumb\"},\"inLanguage\":\"pt-PT\",\"potentialAction\":[{\"@type\":\"ReadAction\",\"target\":[\"https:\\\/\\\/algarve7.pt\\\/index.php\\\/2020\\\/08\\\/diz-me-antonio-dia11-de-setembro-parque-municipal-sitio-das-fontes-em-estombar\\\/atualidade\\\/11\\\/11\\\/\"]}]},{\"@type\":\"ImageObject\",\"inLanguage\":\"pt-PT\",\"@id\":\"https:\\\/\\\/algarve7.pt\\\/index.php\\\/2020\\\/08\\\/diz-me-antonio-dia11-de-setembro-parque-municipal-sitio-das-fontes-em-estombar\\\/atualidade\\\/11\\\/11\\\/#primaryimage\",\"url\":\"https:\\\/\\\/algarve7.pt\\\/wp-content\\\/uploads\\\/2020\\\/08\\\/image002-2-e1598436648953.jpg\",\"contentUrl\":\"https:\\\/\\\/algarve7.pt\\\/wp-content\\\/uploads\\\/2020\\\/08\\\/image002-2-e1598436648953.jpg\",\"width\":794,\"height\":1058},{\"@type\":\"BreadcrumbList\",\"@id\":\"https:\\\/\\\/algarve7.pt\\\/index.php\\\/2020\\\/08\\\/diz-me-antonio-dia11-de-setembro-parque-municipal-sitio-das-fontes-em-estombar\\\/atualidade\\\/11\\\/11\\\/#breadcrumb\",\"itemListElement\":[{\"@type\":\"ListItem\",\"position\":1,\"name\":\"In\u00edcio\",\"item\":\"https:\\\/\\\/algarve7.pt\\\/\"},{\"@type\":\"ListItem\",\"position\":2,\"name\":\"&#8220;Diz-me Ant\u00f3nio&#8221; Dia11 de setembro Parque Municipal Sitio das Fontes em Est\u00f4mbar\"}]},{\"@type\":\"WebSite\",\"@id\":\"https:\\\/\\\/algarve7.pt\\\/#website\",\"url\":\"https:\\\/\\\/algarve7.pt\\\/\",\"name\":\"Algarve 7\",\"description\":\"Informa\u00e7\u00e3o sobre o Algarve\",\"publisher\":{\"@id\":\"https:\\\/\\\/algarve7.pt\\\/#organization\"},\"potentialAction\":[{\"@type\":\"SearchAction\",\"target\":{\"@type\":\"EntryPoint\",\"urlTemplate\":\"https:\\\/\\\/algarve7.pt\\\/?s={search_term_string}\"},\"query-input\":{\"@type\":\"PropertyValueSpecification\",\"valueRequired\":true,\"valueName\":\"search_term_string\"}}],\"inLanguage\":\"pt-PT\"},{\"@type\":\"Organization\",\"@id\":\"https:\\\/\\\/algarve7.pt\\\/#organization\",\"name\":\"Algarve 7\",\"url\":\"https:\\\/\\\/algarve7.pt\\\/\",\"logo\":{\"@type\":\"ImageObject\",\"inLanguage\":\"pt-PT\",\"@id\":\"https:\\\/\\\/algarve7.pt\\\/#\\\/schema\\\/logo\\\/image\\\/\",\"url\":\"https:\\\/\\\/algarve7.pt\\\/wp-content\\\/uploads\\\/2020\\\/10\\\/Logo-8.jpg\",\"contentUrl\":\"https:\\\/\\\/algarve7.pt\\\/wp-content\\\/uploads\\\/2020\\\/10\\\/Logo-8.jpg\",\"width\":1680,\"height\":1186,\"caption\":\"Algarve 7\"},\"image\":{\"@id\":\"https:\\\/\\\/algarve7.pt\\\/#\\\/schema\\\/logo\\\/image\\\/\"},\"sameAs\":[\"https:\\\/\\\/www.facebook.com\\\/algarve7\",\"https:\\\/\\\/x.com\\\/Algarvesete\",\"https:\\\/\\\/www.instagram.com\\\/jornalalgarve7\\\/\",\"https:\\\/\\\/www.linkedin.com\\\/company\\\/algarve7\",\"https:\\\/\\\/www.pinterest.pt\\\/geral0939\\\/_created\\\/\"]},{\"@type\":\"Person\",\"@id\":\"https:\\\/\\\/algarve7.pt\\\/#\\\/schema\\\/person\\\/23fa70681308e7b319a3204bcea45e0c\",\"name\":\"Algarve 7\",\"sameAs\":[\"https:\\\/\\\/algarve7.pt\",\"https:\\\/\\\/www.facebook.com\\\/algarve7\"],\"url\":\"https:\\\/\\\/algarve7.pt\\\/index.php\\\/author\\\/geralalgarve7-pt\\\/\"}]}<\/script>\n<!-- \/ Yoast SEO plugin. -->","yoast_head_json":{"title":"\"Diz-me Ant\u00f3nio\" Dia11 de setembro Parque Municipal Sitio das Fontes em Est\u00f4mbar - Algarve 7","description":"\"Diz-me Ant\u00f3nio\" Dia11 de setembro Parque Municipal Sitio das Fontes em Est\u00f4mbar","robots":{"index":"index","follow":"follow","max-snippet":"max-snippet:-1","max-image-preview":"max-image-preview:large","max-video-preview":"max-video-preview:-1"},"canonical":"https:\/\/algarve7.pt\/index.php\/2020\/08\/diz-me-antonio-dia11-de-setembro-parque-municipal-sitio-das-fontes-em-estombar\/atualidade\/11\/11\/","og_locale":"pt_PT","og_type":"article","og_title":"\"Diz-me Ant\u00f3nio\" Dia11 de setembro Parque Municipal Sitio das Fontes em Est\u00f4mbar - Algarve 7","og_description":"\"Diz-me Ant\u00f3nio\" Dia11 de setembro Parque Municipal Sitio das Fontes em Est\u00f4mbar","og_url":"https:\/\/algarve7.pt\/index.php\/2020\/08\/diz-me-antonio-dia11-de-setembro-parque-municipal-sitio-das-fontes-em-estombar\/atualidade\/11\/11\/","og_site_name":"Algarve 7","article_publisher":"https:\/\/www.facebook.com\/algarve7","article_author":"https:\/\/www.facebook.com\/algarve7","article_published_time":"2020-08-26T10:11:48+00:00","og_image":[{"width":794,"height":1058,"url":"https:\/\/algarve7.pt\/wp-content\/uploads\/2020\/08\/image002-2-e1598436648953.jpg","type":"image\/jpeg"}],"author":"Algarve 7","twitter_card":"summary_large_image","twitter_creator":"@Algarvesete","twitter_site":"@Algarvesete","twitter_misc":{"Escrito por":"Algarve 7","Tempo estimado de leitura":"1 minuto"},"schema":{"@context":"https:\/\/schema.org","@graph":[{"@type":"Article","@id":"https:\/\/algarve7.pt\/index.php\/2020\/08\/diz-me-antonio-dia11-de-setembro-parque-municipal-sitio-das-fontes-em-estombar\/atualidade\/11\/11\/#article","isPartOf":{"@id":"https:\/\/algarve7.pt\/index.php\/2020\/08\/diz-me-antonio-dia11-de-setembro-parque-municipal-sitio-das-fontes-em-estombar\/atualidade\/11\/11\/"},"author":{"name":"Algarve 7","@id":"https:\/\/algarve7.pt\/#\/schema\/person\/23fa70681308e7b319a3204bcea45e0c"},"headline":"&#8220;Diz-me Ant\u00f3nio&#8221; Dia11 de setembro Parque Municipal Sitio das Fontes em Est\u00f4mbar","datePublished":"2020-08-26T10:11:48+00:00","mainEntityOfPage":{"@id":"https:\/\/algarve7.pt\/index.php\/2020\/08\/diz-me-antonio-dia11-de-setembro-parque-municipal-sitio-das-fontes-em-estombar\/atualidade\/11\/11\/"},"wordCount":202,"publisher":{"@id":"https:\/\/algarve7.pt\/#organization"},"image":{"@id":"https:\/\/algarve7.pt\/index.php\/2020\/08\/diz-me-antonio-dia11-de-setembro-parque-municipal-sitio-das-fontes-em-estombar\/atualidade\/11\/11\/#primaryimage"},"thumbnailUrl":"https:\/\/algarve7.pt\/wp-content\/uploads\/2020\/08\/image002-2-e1598436648953.jpg","keywords":["Algarve","Dan\u00e7a","Lagoa"],"articleSection":["Atualidade","Cultura"],"inLanguage":"pt-PT"},{"@type":"WebPage","@id":"https:\/\/algarve7.pt\/index.php\/2020\/08\/diz-me-antonio-dia11-de-setembro-parque-municipal-sitio-das-fontes-em-estombar\/atualidade\/11\/11\/","url":"https:\/\/algarve7.pt\/index.php\/2020\/08\/diz-me-antonio-dia11-de-setembro-parque-municipal-sitio-das-fontes-em-estombar\/atualidade\/11\/11\/","name":"\"Diz-me Ant\u00f3nio\" Dia11 de setembro Parque Municipal Sitio das Fontes em Est\u00f4mbar - Algarve 7","isPartOf":{"@id":"https:\/\/algarve7.pt\/#website"},"primaryImageOfPage":{"@id":"https:\/\/algarve7.pt\/index.php\/2020\/08\/diz-me-antonio-dia11-de-setembro-parque-municipal-sitio-das-fontes-em-estombar\/atualidade\/11\/11\/#primaryimage"},"image":{"@id":"https:\/\/algarve7.pt\/index.php\/2020\/08\/diz-me-antonio-dia11-de-setembro-parque-municipal-sitio-das-fontes-em-estombar\/atualidade\/11\/11\/#primaryimage"},"thumbnailUrl":"https:\/\/algarve7.pt\/wp-content\/uploads\/2020\/08\/image002-2-e1598436648953.jpg","datePublished":"2020-08-26T10:11:48+00:00","description":"\"Diz-me Ant\u00f3nio\" Dia11 de setembro Parque Municipal Sitio das Fontes em Est\u00f4mbar","breadcrumb":{"@id":"https:\/\/algarve7.pt\/index.php\/2020\/08\/diz-me-antonio-dia11-de-setembro-parque-municipal-sitio-das-fontes-em-estombar\/atualidade\/11\/11\/#breadcrumb"},"inLanguage":"pt-PT","potentialAction":[{"@type":"ReadAction","target":["https:\/\/algarve7.pt\/index.php\/2020\/08\/diz-me-antonio-dia11-de-setembro-parque-municipal-sitio-das-fontes-em-estombar\/atualidade\/11\/11\/"]}]},{"@type":"ImageObject","inLanguage":"pt-PT","@id":"https:\/\/algarve7.pt\/index.php\/2020\/08\/diz-me-antonio-dia11-de-setembro-parque-municipal-sitio-das-fontes-em-estombar\/atualidade\/11\/11\/#primaryimage","url":"https:\/\/algarve7.pt\/wp-content\/uploads\/2020\/08\/image002-2-e1598436648953.jpg","contentUrl":"https:\/\/algarve7.pt\/wp-content\/uploads\/2020\/08\/image002-2-e1598436648953.jpg","width":794,"height":1058},{"@type":"BreadcrumbList","@id":"https:\/\/algarve7.pt\/index.php\/2020\/08\/diz-me-antonio-dia11-de-setembro-parque-municipal-sitio-das-fontes-em-estombar\/atualidade\/11\/11\/#breadcrumb","itemListElement":[{"@type":"ListItem","position":1,"name":"In\u00edcio","item":"https:\/\/algarve7.pt\/"},{"@type":"ListItem","position":2,"name":"&#8220;Diz-me Ant\u00f3nio&#8221; Dia11 de setembro Parque Municipal Sitio das Fontes em Est\u00f4mbar"}]},{"@type":"WebSite","@id":"https:\/\/algarve7.pt\/#website","url":"https:\/\/algarve7.pt\/","name":"Algarve 7","description":"Informa\u00e7\u00e3o sobre o Algarve","publisher":{"@id":"https:\/\/algarve7.pt\/#organization"},"potentialAction":[{"@type":"SearchAction","target":{"@type":"EntryPoint","urlTemplate":"https:\/\/algarve7.pt\/?s={search_term_string}"},"query-input":{"@type":"PropertyValueSpecification","valueRequired":true,"valueName":"search_term_string"}}],"inLanguage":"pt-PT"},{"@type":"Organization","@id":"https:\/\/algarve7.pt\/#organization","name":"Algarve 7","url":"https:\/\/algarve7.pt\/","logo":{"@type":"ImageObject","inLanguage":"pt-PT","@id":"https:\/\/algarve7.pt\/#\/schema\/logo\/image\/","url":"https:\/\/algarve7.pt\/wp-content\/uploads\/2020\/10\/Logo-8.jpg","contentUrl":"https:\/\/algarve7.pt\/wp-content\/uploads\/2020\/10\/Logo-8.jpg","width":1680,"height":1186,"caption":"Algarve 7"},"image":{"@id":"https:\/\/algarve7.pt\/#\/schema\/logo\/image\/"},"sameAs":["https:\/\/www.facebook.com\/algarve7","https:\/\/x.com\/Algarvesete","https:\/\/www.instagram.com\/jornalalgarve7\/","https:\/\/www.linkedin.com\/company\/algarve7","https:\/\/www.pinterest.pt\/geral0939\/_created\/"]},{"@type":"Person","@id":"https:\/\/algarve7.pt\/#\/schema\/person\/23fa70681308e7b319a3204bcea45e0c","name":"Algarve 7","sameAs":["https:\/\/algarve7.pt","https:\/\/www.facebook.com\/algarve7"],"url":"https:\/\/algarve7.pt\/index.php\/author\/geralalgarve7-pt\/"}]}},"jetpack_publicize_connections":[],"jetpack_featured_media_url":"https:\/\/algarve7.pt\/wp-content\/uploads\/2020\/08\/image002-2-e1598436648953.jpg","jetpack_shortlink":"https:\/\/wp.me\/pcezmW-cP","jetpack_sharing_enabled":true,"_links":{"self":[{"href":"https:\/\/algarve7.pt\/index.php\/wp-json\/wp\/v2\/posts\/795","targetHints":{"allow":["GET"]}}],"collection":[{"href":"https:\/\/algarve7.pt\/index.php\/wp-json\/wp\/v2\/posts"}],"about":[{"href":"https:\/\/algarve7.pt\/index.php\/wp-json\/wp\/v2\/types\/post"}],"author":[{"embeddable":true,"href":"https:\/\/algarve7.pt\/index.php\/wp-json\/wp\/v2\/users\/1"}],"replies":[{"embeddable":true,"href":"https:\/\/algarve7.pt\/index.php\/wp-json\/wp\/v2\/comments?post=795"}],"version-history":[{"count":0,"href":"https:\/\/algarve7.pt\/index.php\/wp-json\/wp\/v2\/posts\/795\/revisions"}],"wp:featuredmedia":[{"embeddable":true,"href":"https:\/\/algarve7.pt\/index.php\/wp-json\/wp\/v2\/media\/798"}],"wp:attachment":[{"href":"https:\/\/algarve7.pt\/index.php\/wp-json\/wp\/v2\/media?parent=795"}],"wp:term":[{"taxonomy":"category","embeddable":true,"href":"https:\/\/algarve7.pt\/index.php\/wp-json\/wp\/v2\/categories?post=795"},{"taxonomy":"post_tag","embeddable":true,"href":"https:\/\/algarve7.pt\/index.php\/wp-json\/wp\/v2\/tags?post=795"}],"curies":[{"name":"wp","href":"https:\/\/api.w.org\/{rel}","templated":true}]}}