{"id":7929,"date":"2021-04-26T11:10:17","date_gmt":"2021-04-26T10:10:17","guid":{"rendered":"https:\/\/algarve7.pt\/?p=7929"},"modified":"2021-04-26T11:10:21","modified_gmt":"2021-04-26T10:10:21","slug":"equipa-da-universidade-de-coimbra-cria-embalagens-comestiveis-a-partir-de-residuos-da-industria-agroalimentar","status":"publish","type":"post","link":"https:\/\/algarve7.pt\/index.php\/2021\/04\/equipa-da-universidade-de-coimbra-cria-embalagens-comestiveis-a-partir-de-residuos-da-industria-agroalimentar\/nacional\/11\/10\/","title":{"rendered":"Equipa da Universidade de Coimbra cria embalagens comest\u00edveis a partir de res\u00edduos da ind\u00fastria agroalimentar"},"content":{"rendered":"\n<p>Uma equipa da Universidade de Coimbra (UC), com a colabora\u00e7\u00e3o da Escola Superior Agr\u00e1ria de Coimbra (ESAC), desenvolveu um conjunto de embalagens comest\u00edveis a partir de diferentes res\u00edduos do setor agroalimentar e da pesca, uma alternativa sustent\u00e1vel ao pl\u00e1stico.<\/p>\n\n\n\n<p>Na pr\u00e1tica, estas embalagens comest\u00edveis s\u00e3o filmes obtidos a partir de res\u00edduos de diferentes alimentos, nomeadamente cascas de batata e de marmelo, fruta fora das caracter\u00edsticas padronizadas e cascas de crust\u00e1ceos, que, al\u00e9m de revestirem os alimentos, prolongando a sua vida \u00fatil na prateleira do supermercado, tamb\u00e9m podem ser ingeridos.<\/p>\n\n\n\n<p>As embalagens desenvolvidas pelas investigadoras Marisa Gaspar, Mara Braga e Patr\u00edcia Almeida Coimbra, do Centro de Investiga\u00e7\u00e3o em Engenharia dos Processos Qu\u00edmicos e dos Produtos da Floresta (CIEPQPF), da Faculdade de Ci\u00eancias e Tecnologia da Universidade de Coimbra (FCTUC), foram pensadas essencialmente para revestir frutas, legumes e queijos, incorporando na sua matriz compostos bioativos\/nutrac\u00eauticos, tais como antioxidantes e probi\u00f3ticos, com potenciais efeitos ben\u00e9ficos para a sa\u00fade.<\/p>\n\n\n\n<p>Podemos imaginar, por exemplo, cozinhar br\u00f3colos ou espargos sem ser necess\u00e1rio retirar a embalagem, uma vez que a pel\u00edcula que os envolve \u00e9 composta por nutrientes naturais com benef\u00edcios para a sa\u00fade.<\/p>\n\n\n\n<p>\u00ab<strong>Produzimos composi\u00e7\u00f5es diferenciadas de filmes, usando os res\u00edduos quase integralmente, que cont\u00eam compostos com propriedades diferentes. Por exemplo, a casca de batata tem mais amido e a casca de marmelo mais pectina, ou seja, temos dois materiais polim\u00e9ricos estruturais que, combinados, v\u00e3o gerar um filme simples, sem processamentos complexos<\/strong>\u00bb, explicam Marisa Gaspar, Mara Braga e Patr\u00edcia Almeida Coimbra.<\/p>\n\n\n\n<p>No entanto, antes de conseguir obter filmes\/revestimentos quer na forma de pel\u00edcula quer na forma de spray (aplicado na fase l\u00edquida e seca no alimento), a equipa, que juntou v\u00e1rios grupos de investiga\u00e7\u00e3o da UC e da ESAC, teve de superar v\u00e1rias fases. \u00ab<strong>O maior desafio \u00e9 encontrar os materiais ideais para que as formula\u00e7\u00f5es tenham as caracter\u00edsticas desejadas. Por isso, foi necess\u00e1rio estudar os filmes do ponto de vista f\u00edsico, como por exemplo as propriedades mec\u00e2nicas, de forma a servirem de embalagem\/ revestimento; estudar as propriedades bioativas dos filmes, ou seja, se alguns compostos apresentam benef\u00edcios para a sa\u00fade quando ingeridos; avaliar as rea\u00e7\u00f5es quando se juntam diferentes compostos; an\u00e1lise microbiol\u00f3gica e sensorial dos filmes selecionados; e avaliar a compatibilidade do alimento com o sistema comest\u00edvel produzido<\/strong>\u00bb, resumem as tr\u00eas investigadoras da FCTUC.<\/p>\n\n\n\n<p>Marisa Gaspar, Mara Braga e Patr\u00edcia Almeida Coimbra consideram que a solu\u00e7\u00e3o proposta pela sua equipa pode ser \u00ab<strong>muito vantajosa tanto para ind\u00fastria como para o consumidor. \u00c9 uma abordagem centrada na economia circular. N\u00e3o s\u00f3 aumenta a vida \u00fatil do produto na prateleira, como tamb\u00e9m evita o desperd\u00edcio, reduz a produ\u00e7\u00e3o de lixo pl\u00e1stico, um grave problema ambiental, e gera um novo produto que confere um adicional nutritivo ao alimento<\/strong>\u00bb, concluem.<\/p>\n\n\n\n<p>Iniciada em 2018, no \u00e2mbito do projeto \u201cMultiBiorefinery\u201d, financiado pelo COMPETE 2020, esta investiga\u00e7\u00e3o foi recentemente distinguida com um pr\u00e9mio de 20 mil euros pelo programa \u201cProjetos Semente de Investiga\u00e7\u00e3o Interdisciplinar &#8211; Santander UC\u201d, atribu\u00eddo a equipas multidisciplinares lideradas por jovens investigadores na Universidade de Coimbra. Foi ainda premiada no concurso de ideias LL2FRESH, que visa procurar novas solu\u00e7\u00f5es de embalagem, m\u00e9todos de tratamento de alimentos e aditivos de \u00faltima gera\u00e7\u00e3o.<\/p>\n\n\n\n<p>No \u00e2mbito deste projeto foi publicado um artigo cient\u00edfico na revista\u00a0<em>Food Packaging and Shelf Life<\/em>, dispon\u00edvel:\u00a0<a href=\"https:\/\/www.sciencedirect.com\/science\/article\/abs\/pii\/S2214289421000296\" target=\"_blank\" rel=\"noreferrer noopener\">aqui.<\/a><\/p>\n","protected":false},"excerpt":{"rendered":"<p>Uma equipa da Universidade de Coimbra (UC), com a colabora\u00e7\u00e3o da Escola Superior Agr\u00e1ria de Coimbra (ESAC), desenvolveu um conjunto<\/p>\n","protected":false},"author":1,"featured_media":7930,"comment_status":"closed","ping_status":"open","sticky":false,"template":"","format":"standard","meta":{"colormag_page_container_layout":"default_layout","colormag_page_sidebar_layout":"default_layout","_monsterinsights_skip_tracking":false,"_monsterinsights_sitenote_active":false,"_monsterinsights_sitenote_note":"","_monsterinsights_sitenote_category":0,"jetpack_post_was_ever_published":false,"_jetpack_newsletter_access":"","_jetpack_dont_email_post_to_subs":false,"_jetpack_newsletter_tier_id":0,"_jetpack_memberships_contains_paywalled_content":false,"_jetpack_memberships_contains_paid_content":false,"footnotes":"","jetpack_publicize_message":"","jetpack_publicize_feature_enabled":true,"jetpack_social_post_already_shared":true,"jetpack_social_options":{"image_generator_settings":{"template":"highway","default_image_id":0,"font":"","enabled":false},"version":2}},"categories":[189],"tags":[98,299],"class_list":["post-7929","post","type-post","status-publish","format-standard","has-post-thumbnail","hentry","category-nacional","tag-nacional","tag-universidade-coimbra"],"yoast_head":"<!-- This site is optimized with the Yoast SEO plugin v27.5 - https:\/\/yoast.com\/product\/yoast-seo-wordpress\/ -->\n<title>Equipa da Universidade de Coimbra cria embalagens comest\u00edveis a partir de res\u00edduos da ind\u00fastria agroalimentar - Algarve 7<\/title>\n<meta name=\"description\" content=\"Equipa da Universidade de Coimbra cria embalagens comest\u00edveis a partir de res\u00edduos da ind\u00fastria agroalimentar Nacional\" \/>\n<meta name=\"robots\" content=\"index, follow, max-snippet:-1, max-image-preview:large, max-video-preview:-1\" \/>\n<link rel=\"canonical\" href=\"https:\/\/algarve7.pt\/index.php\/2021\/04\/equipa-da-universidade-de-coimbra-cria-embalagens-comestiveis-a-partir-de-residuos-da-industria-agroalimentar\/nacional\/11\/10\/\" \/>\n<meta property=\"og:locale\" content=\"pt_PT\" \/>\n<meta property=\"og:type\" content=\"article\" \/>\n<meta property=\"og:title\" content=\"Equipa da Universidade de Coimbra cria embalagens comest\u00edveis a partir de res\u00edduos da ind\u00fastria agroalimentar - Algarve 7\" \/>\n<meta property=\"og:description\" content=\"Equipa da Universidade de Coimbra cria embalagens comest\u00edveis a partir de res\u00edduos da ind\u00fastria agroalimentar Nacional\" \/>\n<meta property=\"og:url\" content=\"https:\/\/algarve7.pt\/index.php\/2021\/04\/equipa-da-universidade-de-coimbra-cria-embalagens-comestiveis-a-partir-de-residuos-da-industria-agroalimentar\/nacional\/11\/10\/\" \/>\n<meta property=\"og:site_name\" content=\"Algarve 7\" \/>\n<meta property=\"article:publisher\" content=\"https:\/\/www.facebook.com\/algarve7\" \/>\n<meta property=\"article:author\" content=\"https:\/\/www.facebook.com\/algarve7\" \/>\n<meta property=\"article:published_time\" content=\"2021-04-26T10:10:17+00:00\" \/>\n<meta property=\"article:modified_time\" content=\"2021-04-26T10:10:21+00:00\" \/>\n<meta property=\"og:image\" content=\"https:\/\/algarve7.pt\/wp-content\/uploads\/2021\/04\/Mara-Braga_Marisa-Gaspar_Pa-tricia-Almeida-Coimbra_1.jpg\" \/>\n\t<meta property=\"og:image:width\" content=\"1920\" \/>\n\t<meta property=\"og:image:height\" content=\"1174\" \/>\n\t<meta property=\"og:image:type\" content=\"image\/jpeg\" \/>\n<meta name=\"author\" content=\"Algarve 7\" \/>\n<meta name=\"twitter:card\" content=\"summary_large_image\" \/>\n<meta name=\"twitter:creator\" content=\"@Algarvesete\" \/>\n<meta name=\"twitter:site\" content=\"@Algarvesete\" \/>\n<meta name=\"twitter:label1\" content=\"Escrito por\" \/>\n\t<meta name=\"twitter:data1\" content=\"Algarve 7\" \/>\n\t<meta name=\"twitter:label2\" content=\"Tempo estimado de leitura\" \/>\n\t<meta name=\"twitter:data2\" content=\"3 minutos\" \/>\n<script type=\"application\/ld+json\" class=\"yoast-schema-graph\">{\"@context\":\"https:\\\/\\\/schema.org\",\"@graph\":[{\"@type\":\"Article\",\"@id\":\"https:\\\/\\\/algarve7.pt\\\/index.php\\\/2021\\\/04\\\/equipa-da-universidade-de-coimbra-cria-embalagens-comestiveis-a-partir-de-residuos-da-industria-agroalimentar\\\/nacional\\\/11\\\/10\\\/#article\",\"isPartOf\":{\"@id\":\"https:\\\/\\\/algarve7.pt\\\/index.php\\\/2021\\\/04\\\/equipa-da-universidade-de-coimbra-cria-embalagens-comestiveis-a-partir-de-residuos-da-industria-agroalimentar\\\/nacional\\\/11\\\/10\\\/\"},\"author\":{\"name\":\"Algarve 7\",\"@id\":\"https:\\\/\\\/algarve7.pt\\\/#\\\/schema\\\/person\\\/23fa70681308e7b319a3204bcea45e0c\"},\"headline\":\"Equipa da Universidade de Coimbra cria embalagens comest\u00edveis a partir de res\u00edduos da ind\u00fastria agroalimentar\",\"datePublished\":\"2021-04-26T10:10:17+00:00\",\"dateModified\":\"2021-04-26T10:10:21+00:00\",\"mainEntityOfPage\":{\"@id\":\"https:\\\/\\\/algarve7.pt\\\/index.php\\\/2021\\\/04\\\/equipa-da-universidade-de-coimbra-cria-embalagens-comestiveis-a-partir-de-residuos-da-industria-agroalimentar\\\/nacional\\\/11\\\/10\\\/\"},\"wordCount\":622,\"publisher\":{\"@id\":\"https:\\\/\\\/algarve7.pt\\\/#organization\"},\"image\":{\"@id\":\"https:\\\/\\\/algarve7.pt\\\/index.php\\\/2021\\\/04\\\/equipa-da-universidade-de-coimbra-cria-embalagens-comestiveis-a-partir-de-residuos-da-industria-agroalimentar\\\/nacional\\\/11\\\/10\\\/#primaryimage\"},\"thumbnailUrl\":\"https:\\\/\\\/algarve7.pt\\\/wp-content\\\/uploads\\\/2021\\\/04\\\/Mara-Braga_Marisa-Gaspar_Pa-tricia-Almeida-Coimbra_1.jpg\",\"keywords\":[\"Nacional\",\"Universidade Coimbra\"],\"articleSection\":[\"Nacional\"],\"inLanguage\":\"pt-PT\"},{\"@type\":\"WebPage\",\"@id\":\"https:\\\/\\\/algarve7.pt\\\/index.php\\\/2021\\\/04\\\/equipa-da-universidade-de-coimbra-cria-embalagens-comestiveis-a-partir-de-residuos-da-industria-agroalimentar\\\/nacional\\\/11\\\/10\\\/\",\"url\":\"https:\\\/\\\/algarve7.pt\\\/index.php\\\/2021\\\/04\\\/equipa-da-universidade-de-coimbra-cria-embalagens-comestiveis-a-partir-de-residuos-da-industria-agroalimentar\\\/nacional\\\/11\\\/10\\\/\",\"name\":\"Equipa da Universidade de Coimbra cria embalagens comest\u00edveis a partir de res\u00edduos da ind\u00fastria agroalimentar - Algarve 7\",\"isPartOf\":{\"@id\":\"https:\\\/\\\/algarve7.pt\\\/#website\"},\"primaryImageOfPage\":{\"@id\":\"https:\\\/\\\/algarve7.pt\\\/index.php\\\/2021\\\/04\\\/equipa-da-universidade-de-coimbra-cria-embalagens-comestiveis-a-partir-de-residuos-da-industria-agroalimentar\\\/nacional\\\/11\\\/10\\\/#primaryimage\"},\"image\":{\"@id\":\"https:\\\/\\\/algarve7.pt\\\/index.php\\\/2021\\\/04\\\/equipa-da-universidade-de-coimbra-cria-embalagens-comestiveis-a-partir-de-residuos-da-industria-agroalimentar\\\/nacional\\\/11\\\/10\\\/#primaryimage\"},\"thumbnailUrl\":\"https:\\\/\\\/algarve7.pt\\\/wp-content\\\/uploads\\\/2021\\\/04\\\/Mara-Braga_Marisa-Gaspar_Pa-tricia-Almeida-Coimbra_1.jpg\",\"datePublished\":\"2021-04-26T10:10:17+00:00\",\"dateModified\":\"2021-04-26T10:10:21+00:00\",\"description\":\"Equipa da Universidade de Coimbra cria embalagens comest\u00edveis a partir de res\u00edduos da ind\u00fastria agroalimentar Nacional\",\"breadcrumb\":{\"@id\":\"https:\\\/\\\/algarve7.pt\\\/index.php\\\/2021\\\/04\\\/equipa-da-universidade-de-coimbra-cria-embalagens-comestiveis-a-partir-de-residuos-da-industria-agroalimentar\\\/nacional\\\/11\\\/10\\\/#breadcrumb\"},\"inLanguage\":\"pt-PT\",\"potentialAction\":[{\"@type\":\"ReadAction\",\"target\":[\"https:\\\/\\\/algarve7.pt\\\/index.php\\\/2021\\\/04\\\/equipa-da-universidade-de-coimbra-cria-embalagens-comestiveis-a-partir-de-residuos-da-industria-agroalimentar\\\/nacional\\\/11\\\/10\\\/\"]}]},{\"@type\":\"ImageObject\",\"inLanguage\":\"pt-PT\",\"@id\":\"https:\\\/\\\/algarve7.pt\\\/index.php\\\/2021\\\/04\\\/equipa-da-universidade-de-coimbra-cria-embalagens-comestiveis-a-partir-de-residuos-da-industria-agroalimentar\\\/nacional\\\/11\\\/10\\\/#primaryimage\",\"url\":\"https:\\\/\\\/algarve7.pt\\\/wp-content\\\/uploads\\\/2021\\\/04\\\/Mara-Braga_Marisa-Gaspar_Pa-tricia-Almeida-Coimbra_1.jpg\",\"contentUrl\":\"https:\\\/\\\/algarve7.pt\\\/wp-content\\\/uploads\\\/2021\\\/04\\\/Mara-Braga_Marisa-Gaspar_Pa-tricia-Almeida-Coimbra_1.jpg\",\"width\":1920,\"height\":1174},{\"@type\":\"BreadcrumbList\",\"@id\":\"https:\\\/\\\/algarve7.pt\\\/index.php\\\/2021\\\/04\\\/equipa-da-universidade-de-coimbra-cria-embalagens-comestiveis-a-partir-de-residuos-da-industria-agroalimentar\\\/nacional\\\/11\\\/10\\\/#breadcrumb\",\"itemListElement\":[{\"@type\":\"ListItem\",\"position\":1,\"name\":\"In\u00edcio\",\"item\":\"https:\\\/\\\/algarve7.pt\\\/\"},{\"@type\":\"ListItem\",\"position\":2,\"name\":\"Equipa da Universidade de Coimbra cria embalagens comest\u00edveis a partir de res\u00edduos da ind\u00fastria agroalimentar\"}]},{\"@type\":\"WebSite\",\"@id\":\"https:\\\/\\\/algarve7.pt\\\/#website\",\"url\":\"https:\\\/\\\/algarve7.pt\\\/\",\"name\":\"Algarve 7\",\"description\":\"Informa\u00e7\u00e3o sobre o Algarve\",\"publisher\":{\"@id\":\"https:\\\/\\\/algarve7.pt\\\/#organization\"},\"potentialAction\":[{\"@type\":\"SearchAction\",\"target\":{\"@type\":\"EntryPoint\",\"urlTemplate\":\"https:\\\/\\\/algarve7.pt\\\/?s={search_term_string}\"},\"query-input\":{\"@type\":\"PropertyValueSpecification\",\"valueRequired\":true,\"valueName\":\"search_term_string\"}}],\"inLanguage\":\"pt-PT\"},{\"@type\":\"Organization\",\"@id\":\"https:\\\/\\\/algarve7.pt\\\/#organization\",\"name\":\"Algarve 7\",\"url\":\"https:\\\/\\\/algarve7.pt\\\/\",\"logo\":{\"@type\":\"ImageObject\",\"inLanguage\":\"pt-PT\",\"@id\":\"https:\\\/\\\/algarve7.pt\\\/#\\\/schema\\\/logo\\\/image\\\/\",\"url\":\"https:\\\/\\\/algarve7.pt\\\/wp-content\\\/uploads\\\/2020\\\/10\\\/Logo-8.jpg\",\"contentUrl\":\"https:\\\/\\\/algarve7.pt\\\/wp-content\\\/uploads\\\/2020\\\/10\\\/Logo-8.jpg\",\"width\":1680,\"height\":1186,\"caption\":\"Algarve 7\"},\"image\":{\"@id\":\"https:\\\/\\\/algarve7.pt\\\/#\\\/schema\\\/logo\\\/image\\\/\"},\"sameAs\":[\"https:\\\/\\\/www.facebook.com\\\/algarve7\",\"https:\\\/\\\/x.com\\\/Algarvesete\",\"https:\\\/\\\/www.instagram.com\\\/jornalalgarve7\\\/\",\"https:\\\/\\\/www.linkedin.com\\\/company\\\/algarve7\",\"https:\\\/\\\/www.pinterest.pt\\\/geral0939\\\/_created\\\/\"]},{\"@type\":\"Person\",\"@id\":\"https:\\\/\\\/algarve7.pt\\\/#\\\/schema\\\/person\\\/23fa70681308e7b319a3204bcea45e0c\",\"name\":\"Algarve 7\",\"sameAs\":[\"https:\\\/\\\/algarve7.pt\",\"https:\\\/\\\/www.facebook.com\\\/algarve7\"],\"url\":\"https:\\\/\\\/algarve7.pt\\\/index.php\\\/author\\\/geralalgarve7-pt\\\/\"}]}<\/script>\n<!-- \/ Yoast SEO plugin. -->","yoast_head_json":{"title":"Equipa da Universidade de Coimbra cria embalagens comest\u00edveis a partir de res\u00edduos da ind\u00fastria agroalimentar - Algarve 7","description":"Equipa da Universidade de Coimbra cria embalagens comest\u00edveis a partir de res\u00edduos da ind\u00fastria agroalimentar Nacional","robots":{"index":"index","follow":"follow","max-snippet":"max-snippet:-1","max-image-preview":"max-image-preview:large","max-video-preview":"max-video-preview:-1"},"canonical":"https:\/\/algarve7.pt\/index.php\/2021\/04\/equipa-da-universidade-de-coimbra-cria-embalagens-comestiveis-a-partir-de-residuos-da-industria-agroalimentar\/nacional\/11\/10\/","og_locale":"pt_PT","og_type":"article","og_title":"Equipa da Universidade de Coimbra cria embalagens comest\u00edveis a partir de res\u00edduos da ind\u00fastria agroalimentar - Algarve 7","og_description":"Equipa da Universidade de Coimbra cria embalagens comest\u00edveis a partir de res\u00edduos da ind\u00fastria agroalimentar Nacional","og_url":"https:\/\/algarve7.pt\/index.php\/2021\/04\/equipa-da-universidade-de-coimbra-cria-embalagens-comestiveis-a-partir-de-residuos-da-industria-agroalimentar\/nacional\/11\/10\/","og_site_name":"Algarve 7","article_publisher":"https:\/\/www.facebook.com\/algarve7","article_author":"https:\/\/www.facebook.com\/algarve7","article_published_time":"2021-04-26T10:10:17+00:00","article_modified_time":"2021-04-26T10:10:21+00:00","og_image":[{"width":1920,"height":1174,"url":"https:\/\/algarve7.pt\/wp-content\/uploads\/2021\/04\/Mara-Braga_Marisa-Gaspar_Pa-tricia-Almeida-Coimbra_1.jpg","type":"image\/jpeg"}],"author":"Algarve 7","twitter_card":"summary_large_image","twitter_creator":"@Algarvesete","twitter_site":"@Algarvesete","twitter_misc":{"Escrito por":"Algarve 7","Tempo estimado de leitura":"3 minutos"},"schema":{"@context":"https:\/\/schema.org","@graph":[{"@type":"Article","@id":"https:\/\/algarve7.pt\/index.php\/2021\/04\/equipa-da-universidade-de-coimbra-cria-embalagens-comestiveis-a-partir-de-residuos-da-industria-agroalimentar\/nacional\/11\/10\/#article","isPartOf":{"@id":"https:\/\/algarve7.pt\/index.php\/2021\/04\/equipa-da-universidade-de-coimbra-cria-embalagens-comestiveis-a-partir-de-residuos-da-industria-agroalimentar\/nacional\/11\/10\/"},"author":{"name":"Algarve 7","@id":"https:\/\/algarve7.pt\/#\/schema\/person\/23fa70681308e7b319a3204bcea45e0c"},"headline":"Equipa da Universidade de Coimbra cria embalagens comest\u00edveis a partir de res\u00edduos da ind\u00fastria agroalimentar","datePublished":"2021-04-26T10:10:17+00:00","dateModified":"2021-04-26T10:10:21+00:00","mainEntityOfPage":{"@id":"https:\/\/algarve7.pt\/index.php\/2021\/04\/equipa-da-universidade-de-coimbra-cria-embalagens-comestiveis-a-partir-de-residuos-da-industria-agroalimentar\/nacional\/11\/10\/"},"wordCount":622,"publisher":{"@id":"https:\/\/algarve7.pt\/#organization"},"image":{"@id":"https:\/\/algarve7.pt\/index.php\/2021\/04\/equipa-da-universidade-de-coimbra-cria-embalagens-comestiveis-a-partir-de-residuos-da-industria-agroalimentar\/nacional\/11\/10\/#primaryimage"},"thumbnailUrl":"https:\/\/algarve7.pt\/wp-content\/uploads\/2021\/04\/Mara-Braga_Marisa-Gaspar_Pa-tricia-Almeida-Coimbra_1.jpg","keywords":["Nacional","Universidade Coimbra"],"articleSection":["Nacional"],"inLanguage":"pt-PT"},{"@type":"WebPage","@id":"https:\/\/algarve7.pt\/index.php\/2021\/04\/equipa-da-universidade-de-coimbra-cria-embalagens-comestiveis-a-partir-de-residuos-da-industria-agroalimentar\/nacional\/11\/10\/","url":"https:\/\/algarve7.pt\/index.php\/2021\/04\/equipa-da-universidade-de-coimbra-cria-embalagens-comestiveis-a-partir-de-residuos-da-industria-agroalimentar\/nacional\/11\/10\/","name":"Equipa da Universidade de Coimbra cria embalagens comest\u00edveis a partir de res\u00edduos da ind\u00fastria agroalimentar - Algarve 7","isPartOf":{"@id":"https:\/\/algarve7.pt\/#website"},"primaryImageOfPage":{"@id":"https:\/\/algarve7.pt\/index.php\/2021\/04\/equipa-da-universidade-de-coimbra-cria-embalagens-comestiveis-a-partir-de-residuos-da-industria-agroalimentar\/nacional\/11\/10\/#primaryimage"},"image":{"@id":"https:\/\/algarve7.pt\/index.php\/2021\/04\/equipa-da-universidade-de-coimbra-cria-embalagens-comestiveis-a-partir-de-residuos-da-industria-agroalimentar\/nacional\/11\/10\/#primaryimage"},"thumbnailUrl":"https:\/\/algarve7.pt\/wp-content\/uploads\/2021\/04\/Mara-Braga_Marisa-Gaspar_Pa-tricia-Almeida-Coimbra_1.jpg","datePublished":"2021-04-26T10:10:17+00:00","dateModified":"2021-04-26T10:10:21+00:00","description":"Equipa da Universidade de Coimbra cria embalagens comest\u00edveis a partir de res\u00edduos da ind\u00fastria agroalimentar Nacional","breadcrumb":{"@id":"https:\/\/algarve7.pt\/index.php\/2021\/04\/equipa-da-universidade-de-coimbra-cria-embalagens-comestiveis-a-partir-de-residuos-da-industria-agroalimentar\/nacional\/11\/10\/#breadcrumb"},"inLanguage":"pt-PT","potentialAction":[{"@type":"ReadAction","target":["https:\/\/algarve7.pt\/index.php\/2021\/04\/equipa-da-universidade-de-coimbra-cria-embalagens-comestiveis-a-partir-de-residuos-da-industria-agroalimentar\/nacional\/11\/10\/"]}]},{"@type":"ImageObject","inLanguage":"pt-PT","@id":"https:\/\/algarve7.pt\/index.php\/2021\/04\/equipa-da-universidade-de-coimbra-cria-embalagens-comestiveis-a-partir-de-residuos-da-industria-agroalimentar\/nacional\/11\/10\/#primaryimage","url":"https:\/\/algarve7.pt\/wp-content\/uploads\/2021\/04\/Mara-Braga_Marisa-Gaspar_Pa-tricia-Almeida-Coimbra_1.jpg","contentUrl":"https:\/\/algarve7.pt\/wp-content\/uploads\/2021\/04\/Mara-Braga_Marisa-Gaspar_Pa-tricia-Almeida-Coimbra_1.jpg","width":1920,"height":1174},{"@type":"BreadcrumbList","@id":"https:\/\/algarve7.pt\/index.php\/2021\/04\/equipa-da-universidade-de-coimbra-cria-embalagens-comestiveis-a-partir-de-residuos-da-industria-agroalimentar\/nacional\/11\/10\/#breadcrumb","itemListElement":[{"@type":"ListItem","position":1,"name":"In\u00edcio","item":"https:\/\/algarve7.pt\/"},{"@type":"ListItem","position":2,"name":"Equipa da Universidade de Coimbra cria embalagens comest\u00edveis a partir de res\u00edduos da ind\u00fastria agroalimentar"}]},{"@type":"WebSite","@id":"https:\/\/algarve7.pt\/#website","url":"https:\/\/algarve7.pt\/","name":"Algarve 7","description":"Informa\u00e7\u00e3o sobre o Algarve","publisher":{"@id":"https:\/\/algarve7.pt\/#organization"},"potentialAction":[{"@type":"SearchAction","target":{"@type":"EntryPoint","urlTemplate":"https:\/\/algarve7.pt\/?s={search_term_string}"},"query-input":{"@type":"PropertyValueSpecification","valueRequired":true,"valueName":"search_term_string"}}],"inLanguage":"pt-PT"},{"@type":"Organization","@id":"https:\/\/algarve7.pt\/#organization","name":"Algarve 7","url":"https:\/\/algarve7.pt\/","logo":{"@type":"ImageObject","inLanguage":"pt-PT","@id":"https:\/\/algarve7.pt\/#\/schema\/logo\/image\/","url":"https:\/\/algarve7.pt\/wp-content\/uploads\/2020\/10\/Logo-8.jpg","contentUrl":"https:\/\/algarve7.pt\/wp-content\/uploads\/2020\/10\/Logo-8.jpg","width":1680,"height":1186,"caption":"Algarve 7"},"image":{"@id":"https:\/\/algarve7.pt\/#\/schema\/logo\/image\/"},"sameAs":["https:\/\/www.facebook.com\/algarve7","https:\/\/x.com\/Algarvesete","https:\/\/www.instagram.com\/jornalalgarve7\/","https:\/\/www.linkedin.com\/company\/algarve7","https:\/\/www.pinterest.pt\/geral0939\/_created\/"]},{"@type":"Person","@id":"https:\/\/algarve7.pt\/#\/schema\/person\/23fa70681308e7b319a3204bcea45e0c","name":"Algarve 7","sameAs":["https:\/\/algarve7.pt","https:\/\/www.facebook.com\/algarve7"],"url":"https:\/\/algarve7.pt\/index.php\/author\/geralalgarve7-pt\/"}]}},"jetpack_publicize_connections":[],"jetpack_featured_media_url":"https:\/\/algarve7.pt\/wp-content\/uploads\/2021\/04\/Mara-Braga_Marisa-Gaspar_Pa-tricia-Almeida-Coimbra_1.jpg","jetpack_shortlink":"https:\/\/wp.me\/pcezmW-23T","jetpack_sharing_enabled":true,"_links":{"self":[{"href":"https:\/\/algarve7.pt\/index.php\/wp-json\/wp\/v2\/posts\/7929","targetHints":{"allow":["GET"]}}],"collection":[{"href":"https:\/\/algarve7.pt\/index.php\/wp-json\/wp\/v2\/posts"}],"about":[{"href":"https:\/\/algarve7.pt\/index.php\/wp-json\/wp\/v2\/types\/post"}],"author":[{"embeddable":true,"href":"https:\/\/algarve7.pt\/index.php\/wp-json\/wp\/v2\/users\/1"}],"replies":[{"embeddable":true,"href":"https:\/\/algarve7.pt\/index.php\/wp-json\/wp\/v2\/comments?post=7929"}],"version-history":[{"count":0,"href":"https:\/\/algarve7.pt\/index.php\/wp-json\/wp\/v2\/posts\/7929\/revisions"}],"wp:featuredmedia":[{"embeddable":true,"href":"https:\/\/algarve7.pt\/index.php\/wp-json\/wp\/v2\/media\/7930"}],"wp:attachment":[{"href":"https:\/\/algarve7.pt\/index.php\/wp-json\/wp\/v2\/media?parent=7929"}],"wp:term":[{"taxonomy":"category","embeddable":true,"href":"https:\/\/algarve7.pt\/index.php\/wp-json\/wp\/v2\/categories?post=7929"},{"taxonomy":"post_tag","embeddable":true,"href":"https:\/\/algarve7.pt\/index.php\/wp-json\/wp\/v2\/tags?post=7929"}],"curies":[{"name":"wp","href":"https:\/\/api.w.org\/{rel}","templated":true}]}}