{"id":7925,"date":"2021-04-26T10:56:27","date_gmt":"2021-04-26T09:56:27","guid":{"rendered":"https:\/\/algarve7.pt\/?p=7925"},"modified":"2021-04-26T10:56:35","modified_gmt":"2021-04-26T09:56:35","slug":"lagos-celebra-o-dia-mundial-da-lingua-portuguesa-e-da-cultura-lusofona","status":"publish","type":"post","link":"https:\/\/algarve7.pt\/index.php\/2021\/04\/lagos-celebra-o-dia-mundial-da-lingua-portuguesa-e-da-cultura-lusofona\/cultura\/10\/56\/","title":{"rendered":"Lagos celebra o Dia Mundial da L\u00edngua Portuguesa e da Cultura Lus\u00f3fona"},"content":{"rendered":"\n<p>A Biblioteca Municipal de Lagos &#8211; J\u00falio Dantas preparou uma programa\u00e7\u00e3o especial para celebrar a data, assinalada anualmente a 5 de maio, a qual passa pela literatura, cinema, m\u00fasica e conversas em torno dos livros. Estas iniciativas v\u00eam juntar-se a outras que marcam o regresso \u00e0s atividades presenciais na Biblioteca ao longo do m\u00eas de maio.<\/p>\n\n\n\n<p>O Dia Mundial da L\u00edngua Portuguesa e da Cultura Lus\u00f3fona foi institu\u00eddo em pela CPLP \u2013 Comunidade dos Pa\u00edses de L\u00edngua Portuguesa (Brasil, Portugal, Angola, Cabo Verde, Guin\u00e9-Bissau, Mo\u00e7ambique, S\u00e3o Tom\u00e9 e Pr\u00edncipe, e Timor-Leste) para homenagear o idioma e reconhecer os tra\u00e7os culturais e hist\u00f3ricos partilhados por esses pa\u00edses. A Biblioteca Municipal de Lagos, que este ano celebra 30 anos de exist\u00eancia, associa-se \u00e0s comemora\u00e7\u00f5es com v\u00e1rias atividades para todos os gostos.<\/p>\n\n\n\n<p>Entre os dias 4 e 8 de maio, ter\u00e1 lugar o Ciclo de Cinema e Lusofonia \u201cEspalha-Mundo\u201d, com a exibi\u00e7\u00e3o dos filmes \u201cO Arquitecto e a Cidade Velha\u201d, de Catarina Alves Costa (dia 4, 18h30), \u201cCartas da Guerra\u201d, de Ivo Ferreira (dia 6, 18h30) e \u201cAlda e Maria &#8211; Por Aqui Tudo Bem\u201d, de Pocas Pascoal (dia 8, 15h15).<\/p>\n\n\n\n<p>Os Encontros \u201cA Biblioteca dos Livros Perdidos. Conversas que Ardem\u201d tamb\u00e9m ser\u00e1 alusiva ao dia, com \u201cO Portugu\u00eas Vagamundo:&nbsp;A origem da L\u00edngua Portuguesa e as suas andan\u00e7as pelo mundo\u201d, uma palestra para desconfinar ideias com Fernando Ven\u00e2ncio e Marco Neves (5 de maio, 21h30).<\/p>\n\n\n\n<p>No dia 8 (17h00), \u00e9 a vez de \u201cTanto (a)mar\u201d nos deliciar, uma conversa com a realizadora angolana Pocas Pascoal moderada pela escritora angolana Branca Clara das Neves. Para fechar a programa\u00e7\u00e3o destas comemora\u00e7\u00f5es, logo no dia seguinte, pelas 16h00, ter\u00e1 lugar o espet\u00e1culo \u201cO que \u00e9 que se passa?\u201d, onde a L\u00edngua Portuguesa \u00e9 exaltada nos seus diferentes sotaques ao som das guitarras, da percuss\u00e3o e das palavras de Dany Silva (Cabo Verde), Mick Trovoada (Angola), Guto Pires (Guin\u00e9), Mingo Rangel (Mo\u00e7ambique) e Jo\u00e3o Mouro (Portugal).<\/p>\n\n\n\n<p>Mas os eventos na Biblioteca n\u00e3o se ficam por aqui. No decorrer do m\u00eas de maio, ter\u00e3o lugar outras iniciativas ligadas \u00e0 literatura e ao bem-estar, nomeadamente as sess\u00f5es \u201cContos de Boca a Orelha (2 de maio, 11h00) e \u201cO Lugar Onde Moram as Palavras\u201d (2 de maio, 15h30), com Cristina Taquelim, \u201cMedia\u00e7\u00e3o Guiada ao Som de Ta\u00e7as Tibetanas, Gongo e Outros Sons\u201d, com Sandra Marreiros (22 de maio, 10h30), \u201cComo Editar um Livro: Edi\u00e7\u00e3o de Autor\u201d, com Jorge Serafim (22 de maio, 14h00) e \u201cO Poder Terap\u00eautico dos 4 Elementos Naturais\u201d, com Sofia Loureiro (29 de maio, 15h00). A programa\u00e7\u00e3o de maio termina no dia 30 (16h00) com a apresenta\u00e7\u00e3o do livro \u201cO Mar e as suas artes\u201d com a presen\u00e7a do autor Jo\u00e3o Neves e apresentado por Marco Vicente.<\/p>\n\n\n\n<p>Todas as atividades na Biblioteca s\u00e3o gratuitas. No entanto, para garantir a seguran\u00e7a de todos os participantes e o cumprimento das normas de sa\u00fade em vigor, as iniciativas t\u00eam lota\u00e7\u00e3o limitada e exigem inscri\u00e7\u00e3o pr\u00e9via obrigat\u00f3ria que poder\u00e1 ser feita atrav\u00e9s dos seguintes meios: telefone 282 767 816,\u00a0mensagem atrav\u00e9s da\u00a0<a href=\"https:\/\/www.facebook.com\/BibliotecaMunicipaldeLagos\" target=\"_blank\" rel=\"noreferrer noopener\">p\u00e1gina de Facebook da Biblioteca<\/a>\u00a0ou email\u00a0<a href=\"mailto:biblioteca@cm-lagos.pt\" target=\"_blank\" rel=\"noreferrer noopener\">biblioteca@cm-lagos.pt<\/a>.<\/p>\n","protected":false},"excerpt":{"rendered":"<p>A Biblioteca Municipal de Lagos &#8211; J\u00falio Dantas preparou uma programa\u00e7\u00e3o especial para celebrar a data, assinalada anualmente a 5<\/p>\n","protected":false},"author":1,"featured_media":7928,"comment_status":"closed","ping_status":"open","sticky":false,"template":"","format":"standard","meta":{"colormag_page_container_layout":"default_layout","colormag_page_sidebar_layout":"default_layout","_monsterinsights_skip_tracking":false,"_monsterinsights_sitenote_active":false,"_monsterinsights_sitenote_note":"","_monsterinsights_sitenote_category":0,"jetpack_post_was_ever_published":false,"_jetpack_newsletter_access":"","_jetpack_dont_email_post_to_subs":false,"_jetpack_newsletter_tier_id":0,"_jetpack_memberships_contains_paywalled_content":false,"_jetpack_memberships_contains_paid_content":false,"footnotes":"","jetpack_publicize_message":"","jetpack_publicize_feature_enabled":true,"jetpack_social_post_already_shared":true,"jetpack_social_options":{"image_generator_settings":{"template":"highway","default_image_id":0,"font":"","enabled":false},"version":2}},"categories":[14],"tags":[361,35,68],"class_list":["post-7925","post","type-post","status-publish","format-standard","has-post-thumbnail","hentry","category-cultura","tag-cplp","tag-cultura","tag-lagos"],"yoast_head":"<!-- This site is optimized with the Yoast SEO plugin v27.5 - https:\/\/yoast.com\/product\/yoast-seo-wordpress\/ -->\n<title>Lagos celebra o Dia Mundial da L\u00edngua Portuguesa e da Cultura Lus\u00f3fona - Algarve 7<\/title>\n<meta name=\"description\" content=\"Lagos celebra o Dia Mundial da L\u00edngua Portuguesa e da Cultura Lus\u00f3fona Cultura\" \/>\n<meta name=\"robots\" content=\"index, follow, max-snippet:-1, max-image-preview:large, max-video-preview:-1\" \/>\n<link rel=\"canonical\" href=\"https:\/\/algarve7.pt\/index.php\/2021\/04\/lagos-celebra-o-dia-mundial-da-lingua-portuguesa-e-da-cultura-lusofona\/cultura\/10\/56\/\" \/>\n<meta property=\"og:locale\" content=\"pt_PT\" \/>\n<meta property=\"og:type\" content=\"article\" \/>\n<meta property=\"og:title\" content=\"Lagos celebra o Dia Mundial da L\u00edngua Portuguesa e da Cultura Lus\u00f3fona - Algarve 7\" \/>\n<meta property=\"og:description\" content=\"Lagos celebra o Dia Mundial da L\u00edngua Portuguesa e da Cultura Lus\u00f3fona Cultura\" \/>\n<meta property=\"og:url\" content=\"https:\/\/algarve7.pt\/index.php\/2021\/04\/lagos-celebra-o-dia-mundial-da-lingua-portuguesa-e-da-cultura-lusofona\/cultura\/10\/56\/\" \/>\n<meta property=\"og:site_name\" content=\"Algarve 7\" \/>\n<meta property=\"article:publisher\" content=\"https:\/\/www.facebook.com\/algarve7\" \/>\n<meta property=\"article:author\" content=\"https:\/\/www.facebook.com\/algarve7\" \/>\n<meta property=\"article:published_time\" content=\"2021-04-26T09:56:27+00:00\" \/>\n<meta property=\"article:modified_time\" content=\"2021-04-26T09:56:35+00:00\" \/>\n<meta property=\"og:image\" content=\"https:\/\/algarve7.pt\/wp-content\/uploads\/2021\/04\/fundo_de_pagina_portugues_3.0.jpg\" \/>\n\t<meta property=\"og:image:width\" content=\"938\" \/>\n\t<meta property=\"og:image:height\" content=\"561\" \/>\n\t<meta property=\"og:image:type\" content=\"image\/jpeg\" \/>\n<meta name=\"author\" content=\"Algarve 7\" \/>\n<meta name=\"twitter:card\" content=\"summary_large_image\" \/>\n<meta name=\"twitter:creator\" content=\"@Algarvesete\" \/>\n<meta name=\"twitter:site\" content=\"@Algarvesete\" \/>\n<meta name=\"twitter:label1\" content=\"Escrito por\" \/>\n\t<meta name=\"twitter:data1\" content=\"Algarve 7\" \/>\n\t<meta name=\"twitter:label2\" content=\"Tempo estimado de leitura\" \/>\n\t<meta name=\"twitter:data2\" content=\"3 minutos\" \/>\n<script type=\"application\/ld+json\" class=\"yoast-schema-graph\">{\"@context\":\"https:\\\/\\\/schema.org\",\"@graph\":[{\"@type\":\"Article\",\"@id\":\"https:\\\/\\\/algarve7.pt\\\/index.php\\\/2021\\\/04\\\/lagos-celebra-o-dia-mundial-da-lingua-portuguesa-e-da-cultura-lusofona\\\/cultura\\\/10\\\/56\\\/#article\",\"isPartOf\":{\"@id\":\"https:\\\/\\\/algarve7.pt\\\/index.php\\\/2021\\\/04\\\/lagos-celebra-o-dia-mundial-da-lingua-portuguesa-e-da-cultura-lusofona\\\/cultura\\\/10\\\/56\\\/\"},\"author\":{\"name\":\"Algarve 7\",\"@id\":\"https:\\\/\\\/algarve7.pt\\\/#\\\/schema\\\/person\\\/23fa70681308e7b319a3204bcea45e0c\"},\"headline\":\"Lagos celebra o Dia Mundial da L\u00edngua Portuguesa e da Cultura Lus\u00f3fona\",\"datePublished\":\"2021-04-26T09:56:27+00:00\",\"dateModified\":\"2021-04-26T09:56:35+00:00\",\"mainEntityOfPage\":{\"@id\":\"https:\\\/\\\/algarve7.pt\\\/index.php\\\/2021\\\/04\\\/lagos-celebra-o-dia-mundial-da-lingua-portuguesa-e-da-cultura-lusofona\\\/cultura\\\/10\\\/56\\\/\"},\"wordCount\":560,\"publisher\":{\"@id\":\"https:\\\/\\\/algarve7.pt\\\/#organization\"},\"image\":{\"@id\":\"https:\\\/\\\/algarve7.pt\\\/index.php\\\/2021\\\/04\\\/lagos-celebra-o-dia-mundial-da-lingua-portuguesa-e-da-cultura-lusofona\\\/cultura\\\/10\\\/56\\\/#primaryimage\"},\"thumbnailUrl\":\"https:\\\/\\\/algarve7.pt\\\/wp-content\\\/uploads\\\/2021\\\/04\\\/fundo_de_pagina_portugues_3.0.jpg\",\"keywords\":[\"CPLP\",\"Cultura\",\"Lagos\"],\"articleSection\":[\"Cultura\"],\"inLanguage\":\"pt-PT\"},{\"@type\":\"WebPage\",\"@id\":\"https:\\\/\\\/algarve7.pt\\\/index.php\\\/2021\\\/04\\\/lagos-celebra-o-dia-mundial-da-lingua-portuguesa-e-da-cultura-lusofona\\\/cultura\\\/10\\\/56\\\/\",\"url\":\"https:\\\/\\\/algarve7.pt\\\/index.php\\\/2021\\\/04\\\/lagos-celebra-o-dia-mundial-da-lingua-portuguesa-e-da-cultura-lusofona\\\/cultura\\\/10\\\/56\\\/\",\"name\":\"Lagos celebra o Dia Mundial da L\u00edngua Portuguesa e da Cultura Lus\u00f3fona - Algarve 7\",\"isPartOf\":{\"@id\":\"https:\\\/\\\/algarve7.pt\\\/#website\"},\"primaryImageOfPage\":{\"@id\":\"https:\\\/\\\/algarve7.pt\\\/index.php\\\/2021\\\/04\\\/lagos-celebra-o-dia-mundial-da-lingua-portuguesa-e-da-cultura-lusofona\\\/cultura\\\/10\\\/56\\\/#primaryimage\"},\"image\":{\"@id\":\"https:\\\/\\\/algarve7.pt\\\/index.php\\\/2021\\\/04\\\/lagos-celebra-o-dia-mundial-da-lingua-portuguesa-e-da-cultura-lusofona\\\/cultura\\\/10\\\/56\\\/#primaryimage\"},\"thumbnailUrl\":\"https:\\\/\\\/algarve7.pt\\\/wp-content\\\/uploads\\\/2021\\\/04\\\/fundo_de_pagina_portugues_3.0.jpg\",\"datePublished\":\"2021-04-26T09:56:27+00:00\",\"dateModified\":\"2021-04-26T09:56:35+00:00\",\"description\":\"Lagos celebra o Dia Mundial da L\u00edngua Portuguesa e da Cultura Lus\u00f3fona Cultura\",\"breadcrumb\":{\"@id\":\"https:\\\/\\\/algarve7.pt\\\/index.php\\\/2021\\\/04\\\/lagos-celebra-o-dia-mundial-da-lingua-portuguesa-e-da-cultura-lusofona\\\/cultura\\\/10\\\/56\\\/#breadcrumb\"},\"inLanguage\":\"pt-PT\",\"potentialAction\":[{\"@type\":\"ReadAction\",\"target\":[\"https:\\\/\\\/algarve7.pt\\\/index.php\\\/2021\\\/04\\\/lagos-celebra-o-dia-mundial-da-lingua-portuguesa-e-da-cultura-lusofona\\\/cultura\\\/10\\\/56\\\/\"]}]},{\"@type\":\"ImageObject\",\"inLanguage\":\"pt-PT\",\"@id\":\"https:\\\/\\\/algarve7.pt\\\/index.php\\\/2021\\\/04\\\/lagos-celebra-o-dia-mundial-da-lingua-portuguesa-e-da-cultura-lusofona\\\/cultura\\\/10\\\/56\\\/#primaryimage\",\"url\":\"https:\\\/\\\/algarve7.pt\\\/wp-content\\\/uploads\\\/2021\\\/04\\\/fundo_de_pagina_portugues_3.0.jpg\",\"contentUrl\":\"https:\\\/\\\/algarve7.pt\\\/wp-content\\\/uploads\\\/2021\\\/04\\\/fundo_de_pagina_portugues_3.0.jpg\",\"width\":938,\"height\":561},{\"@type\":\"BreadcrumbList\",\"@id\":\"https:\\\/\\\/algarve7.pt\\\/index.php\\\/2021\\\/04\\\/lagos-celebra-o-dia-mundial-da-lingua-portuguesa-e-da-cultura-lusofona\\\/cultura\\\/10\\\/56\\\/#breadcrumb\",\"itemListElement\":[{\"@type\":\"ListItem\",\"position\":1,\"name\":\"In\u00edcio\",\"item\":\"https:\\\/\\\/algarve7.pt\\\/\"},{\"@type\":\"ListItem\",\"position\":2,\"name\":\"Lagos celebra o Dia Mundial da L\u00edngua Portuguesa e da Cultura Lus\u00f3fona\"}]},{\"@type\":\"WebSite\",\"@id\":\"https:\\\/\\\/algarve7.pt\\\/#website\",\"url\":\"https:\\\/\\\/algarve7.pt\\\/\",\"name\":\"Algarve 7\",\"description\":\"Informa\u00e7\u00e3o sobre o Algarve\",\"publisher\":{\"@id\":\"https:\\\/\\\/algarve7.pt\\\/#organization\"},\"potentialAction\":[{\"@type\":\"SearchAction\",\"target\":{\"@type\":\"EntryPoint\",\"urlTemplate\":\"https:\\\/\\\/algarve7.pt\\\/?s={search_term_string}\"},\"query-input\":{\"@type\":\"PropertyValueSpecification\",\"valueRequired\":true,\"valueName\":\"search_term_string\"}}],\"inLanguage\":\"pt-PT\"},{\"@type\":\"Organization\",\"@id\":\"https:\\\/\\\/algarve7.pt\\\/#organization\",\"name\":\"Algarve 7\",\"url\":\"https:\\\/\\\/algarve7.pt\\\/\",\"logo\":{\"@type\":\"ImageObject\",\"inLanguage\":\"pt-PT\",\"@id\":\"https:\\\/\\\/algarve7.pt\\\/#\\\/schema\\\/logo\\\/image\\\/\",\"url\":\"https:\\\/\\\/algarve7.pt\\\/wp-content\\\/uploads\\\/2020\\\/10\\\/Logo-8.jpg\",\"contentUrl\":\"https:\\\/\\\/algarve7.pt\\\/wp-content\\\/uploads\\\/2020\\\/10\\\/Logo-8.jpg\",\"width\":1680,\"height\":1186,\"caption\":\"Algarve 7\"},\"image\":{\"@id\":\"https:\\\/\\\/algarve7.pt\\\/#\\\/schema\\\/logo\\\/image\\\/\"},\"sameAs\":[\"https:\\\/\\\/www.facebook.com\\\/algarve7\",\"https:\\\/\\\/x.com\\\/Algarvesete\",\"https:\\\/\\\/www.instagram.com\\\/jornalalgarve7\\\/\",\"https:\\\/\\\/www.linkedin.com\\\/company\\\/algarve7\",\"https:\\\/\\\/www.pinterest.pt\\\/geral0939\\\/_created\\\/\"]},{\"@type\":\"Person\",\"@id\":\"https:\\\/\\\/algarve7.pt\\\/#\\\/schema\\\/person\\\/23fa70681308e7b319a3204bcea45e0c\",\"name\":\"Algarve 7\",\"sameAs\":[\"https:\\\/\\\/algarve7.pt\",\"https:\\\/\\\/www.facebook.com\\\/algarve7\"],\"url\":\"https:\\\/\\\/algarve7.pt\\\/index.php\\\/author\\\/geralalgarve7-pt\\\/\"}]}<\/script>\n<!-- \/ Yoast SEO plugin. -->","yoast_head_json":{"title":"Lagos celebra o Dia Mundial da L\u00edngua Portuguesa e da Cultura Lus\u00f3fona - Algarve 7","description":"Lagos celebra o Dia Mundial da L\u00edngua Portuguesa e da Cultura Lus\u00f3fona Cultura","robots":{"index":"index","follow":"follow","max-snippet":"max-snippet:-1","max-image-preview":"max-image-preview:large","max-video-preview":"max-video-preview:-1"},"canonical":"https:\/\/algarve7.pt\/index.php\/2021\/04\/lagos-celebra-o-dia-mundial-da-lingua-portuguesa-e-da-cultura-lusofona\/cultura\/10\/56\/","og_locale":"pt_PT","og_type":"article","og_title":"Lagos celebra o Dia Mundial da L\u00edngua Portuguesa e da Cultura Lus\u00f3fona - Algarve 7","og_description":"Lagos celebra o Dia Mundial da L\u00edngua Portuguesa e da Cultura Lus\u00f3fona Cultura","og_url":"https:\/\/algarve7.pt\/index.php\/2021\/04\/lagos-celebra-o-dia-mundial-da-lingua-portuguesa-e-da-cultura-lusofona\/cultura\/10\/56\/","og_site_name":"Algarve 7","article_publisher":"https:\/\/www.facebook.com\/algarve7","article_author":"https:\/\/www.facebook.com\/algarve7","article_published_time":"2021-04-26T09:56:27+00:00","article_modified_time":"2021-04-26T09:56:35+00:00","og_image":[{"width":938,"height":561,"url":"https:\/\/algarve7.pt\/wp-content\/uploads\/2021\/04\/fundo_de_pagina_portugues_3.0.jpg","type":"image\/jpeg"}],"author":"Algarve 7","twitter_card":"summary_large_image","twitter_creator":"@Algarvesete","twitter_site":"@Algarvesete","twitter_misc":{"Escrito por":"Algarve 7","Tempo estimado de leitura":"3 minutos"},"schema":{"@context":"https:\/\/schema.org","@graph":[{"@type":"Article","@id":"https:\/\/algarve7.pt\/index.php\/2021\/04\/lagos-celebra-o-dia-mundial-da-lingua-portuguesa-e-da-cultura-lusofona\/cultura\/10\/56\/#article","isPartOf":{"@id":"https:\/\/algarve7.pt\/index.php\/2021\/04\/lagos-celebra-o-dia-mundial-da-lingua-portuguesa-e-da-cultura-lusofona\/cultura\/10\/56\/"},"author":{"name":"Algarve 7","@id":"https:\/\/algarve7.pt\/#\/schema\/person\/23fa70681308e7b319a3204bcea45e0c"},"headline":"Lagos celebra o Dia Mundial da L\u00edngua Portuguesa e da Cultura Lus\u00f3fona","datePublished":"2021-04-26T09:56:27+00:00","dateModified":"2021-04-26T09:56:35+00:00","mainEntityOfPage":{"@id":"https:\/\/algarve7.pt\/index.php\/2021\/04\/lagos-celebra-o-dia-mundial-da-lingua-portuguesa-e-da-cultura-lusofona\/cultura\/10\/56\/"},"wordCount":560,"publisher":{"@id":"https:\/\/algarve7.pt\/#organization"},"image":{"@id":"https:\/\/algarve7.pt\/index.php\/2021\/04\/lagos-celebra-o-dia-mundial-da-lingua-portuguesa-e-da-cultura-lusofona\/cultura\/10\/56\/#primaryimage"},"thumbnailUrl":"https:\/\/algarve7.pt\/wp-content\/uploads\/2021\/04\/fundo_de_pagina_portugues_3.0.jpg","keywords":["CPLP","Cultura","Lagos"],"articleSection":["Cultura"],"inLanguage":"pt-PT"},{"@type":"WebPage","@id":"https:\/\/algarve7.pt\/index.php\/2021\/04\/lagos-celebra-o-dia-mundial-da-lingua-portuguesa-e-da-cultura-lusofona\/cultura\/10\/56\/","url":"https:\/\/algarve7.pt\/index.php\/2021\/04\/lagos-celebra-o-dia-mundial-da-lingua-portuguesa-e-da-cultura-lusofona\/cultura\/10\/56\/","name":"Lagos celebra o Dia Mundial da L\u00edngua Portuguesa e da Cultura Lus\u00f3fona - Algarve 7","isPartOf":{"@id":"https:\/\/algarve7.pt\/#website"},"primaryImageOfPage":{"@id":"https:\/\/algarve7.pt\/index.php\/2021\/04\/lagos-celebra-o-dia-mundial-da-lingua-portuguesa-e-da-cultura-lusofona\/cultura\/10\/56\/#primaryimage"},"image":{"@id":"https:\/\/algarve7.pt\/index.php\/2021\/04\/lagos-celebra-o-dia-mundial-da-lingua-portuguesa-e-da-cultura-lusofona\/cultura\/10\/56\/#primaryimage"},"thumbnailUrl":"https:\/\/algarve7.pt\/wp-content\/uploads\/2021\/04\/fundo_de_pagina_portugues_3.0.jpg","datePublished":"2021-04-26T09:56:27+00:00","dateModified":"2021-04-26T09:56:35+00:00","description":"Lagos celebra o Dia Mundial da L\u00edngua Portuguesa e da Cultura Lus\u00f3fona Cultura","breadcrumb":{"@id":"https:\/\/algarve7.pt\/index.php\/2021\/04\/lagos-celebra-o-dia-mundial-da-lingua-portuguesa-e-da-cultura-lusofona\/cultura\/10\/56\/#breadcrumb"},"inLanguage":"pt-PT","potentialAction":[{"@type":"ReadAction","target":["https:\/\/algarve7.pt\/index.php\/2021\/04\/lagos-celebra-o-dia-mundial-da-lingua-portuguesa-e-da-cultura-lusofona\/cultura\/10\/56\/"]}]},{"@type":"ImageObject","inLanguage":"pt-PT","@id":"https:\/\/algarve7.pt\/index.php\/2021\/04\/lagos-celebra-o-dia-mundial-da-lingua-portuguesa-e-da-cultura-lusofona\/cultura\/10\/56\/#primaryimage","url":"https:\/\/algarve7.pt\/wp-content\/uploads\/2021\/04\/fundo_de_pagina_portugues_3.0.jpg","contentUrl":"https:\/\/algarve7.pt\/wp-content\/uploads\/2021\/04\/fundo_de_pagina_portugues_3.0.jpg","width":938,"height":561},{"@type":"BreadcrumbList","@id":"https:\/\/algarve7.pt\/index.php\/2021\/04\/lagos-celebra-o-dia-mundial-da-lingua-portuguesa-e-da-cultura-lusofona\/cultura\/10\/56\/#breadcrumb","itemListElement":[{"@type":"ListItem","position":1,"name":"In\u00edcio","item":"https:\/\/algarve7.pt\/"},{"@type":"ListItem","position":2,"name":"Lagos celebra o Dia Mundial da L\u00edngua Portuguesa e da Cultura Lus\u00f3fona"}]},{"@type":"WebSite","@id":"https:\/\/algarve7.pt\/#website","url":"https:\/\/algarve7.pt\/","name":"Algarve 7","description":"Informa\u00e7\u00e3o sobre o Algarve","publisher":{"@id":"https:\/\/algarve7.pt\/#organization"},"potentialAction":[{"@type":"SearchAction","target":{"@type":"EntryPoint","urlTemplate":"https:\/\/algarve7.pt\/?s={search_term_string}"},"query-input":{"@type":"PropertyValueSpecification","valueRequired":true,"valueName":"search_term_string"}}],"inLanguage":"pt-PT"},{"@type":"Organization","@id":"https:\/\/algarve7.pt\/#organization","name":"Algarve 7","url":"https:\/\/algarve7.pt\/","logo":{"@type":"ImageObject","inLanguage":"pt-PT","@id":"https:\/\/algarve7.pt\/#\/schema\/logo\/image\/","url":"https:\/\/algarve7.pt\/wp-content\/uploads\/2020\/10\/Logo-8.jpg","contentUrl":"https:\/\/algarve7.pt\/wp-content\/uploads\/2020\/10\/Logo-8.jpg","width":1680,"height":1186,"caption":"Algarve 7"},"image":{"@id":"https:\/\/algarve7.pt\/#\/schema\/logo\/image\/"},"sameAs":["https:\/\/www.facebook.com\/algarve7","https:\/\/x.com\/Algarvesete","https:\/\/www.instagram.com\/jornalalgarve7\/","https:\/\/www.linkedin.com\/company\/algarve7","https:\/\/www.pinterest.pt\/geral0939\/_created\/"]},{"@type":"Person","@id":"https:\/\/algarve7.pt\/#\/schema\/person\/23fa70681308e7b319a3204bcea45e0c","name":"Algarve 7","sameAs":["https:\/\/algarve7.pt","https:\/\/www.facebook.com\/algarve7"],"url":"https:\/\/algarve7.pt\/index.php\/author\/geralalgarve7-pt\/"}]}},"jetpack_publicize_connections":[],"jetpack_featured_media_url":"https:\/\/algarve7.pt\/wp-content\/uploads\/2021\/04\/fundo_de_pagina_portugues_3.0.jpg","jetpack_shortlink":"https:\/\/wp.me\/pcezmW-23P","jetpack_sharing_enabled":true,"_links":{"self":[{"href":"https:\/\/algarve7.pt\/index.php\/wp-json\/wp\/v2\/posts\/7925","targetHints":{"allow":["GET"]}}],"collection":[{"href":"https:\/\/algarve7.pt\/index.php\/wp-json\/wp\/v2\/posts"}],"about":[{"href":"https:\/\/algarve7.pt\/index.php\/wp-json\/wp\/v2\/types\/post"}],"author":[{"embeddable":true,"href":"https:\/\/algarve7.pt\/index.php\/wp-json\/wp\/v2\/users\/1"}],"replies":[{"embeddable":true,"href":"https:\/\/algarve7.pt\/index.php\/wp-json\/wp\/v2\/comments?post=7925"}],"version-history":[{"count":0,"href":"https:\/\/algarve7.pt\/index.php\/wp-json\/wp\/v2\/posts\/7925\/revisions"}],"wp:featuredmedia":[{"embeddable":true,"href":"https:\/\/algarve7.pt\/index.php\/wp-json\/wp\/v2\/media\/7928"}],"wp:attachment":[{"href":"https:\/\/algarve7.pt\/index.php\/wp-json\/wp\/v2\/media?parent=7925"}],"wp:term":[{"taxonomy":"category","embeddable":true,"href":"https:\/\/algarve7.pt\/index.php\/wp-json\/wp\/v2\/categories?post=7925"},{"taxonomy":"post_tag","embeddable":true,"href":"https:\/\/algarve7.pt\/index.php\/wp-json\/wp\/v2\/tags?post=7925"}],"curies":[{"name":"wp","href":"https:\/\/api.w.org\/{rel}","templated":true}]}}