{"id":7922,"date":"2021-04-26T10:47:07","date_gmt":"2021-04-26T09:47:07","guid":{"rendered":"https:\/\/algarve7.pt\/?p=7922"},"modified":"2021-04-26T10:47:11","modified_gmt":"2021-04-26T09:47:11","slug":"conferencia-de-alto-nivel-inteligencia-artificial-e-o-futuro-do-jornalismo","status":"publish","type":"post","link":"https:\/\/algarve7.pt\/index.php\/2021\/04\/conferencia-de-alto-nivel-inteligencia-artificial-e-o-futuro-do-jornalismo\/cultura\/10\/47\/","title":{"rendered":"Confer\u00eancia de Alto N\u00edvel \u201cIntelig\u00eancia Artificial e o Futuro do Jornalismo&#8221;"},"content":{"rendered":"\n<p>Por ocasi\u00e3o da Presid\u00eancia Portuguesa do Conselho da Uni\u00e3o Europeia ter\u00e1 lugar, nos dias&nbsp;<strong>11 e 12 de maio<\/strong>, a Confer\u00eancia de Alto N\u00edvel&nbsp;<strong>\u201cIntelig\u00eancia Artificial e o Futuro do Jornalismo \u2013 A IA tomar\u00e1 posse do 4.\u00ba poder?\u201d<\/strong>.&nbsp;<\/p>\n\n\n\n<p>Esta Confer\u00eancia tem como objetivo obter um melhor entendimento e uma sensibiliza\u00e7\u00e3o alargada sobre a ado\u00e7\u00e3o e o impacto da IA na produ\u00e7\u00e3o, distribui\u00e7\u00e3o e consumo de not\u00edcias e promover uma reflex\u00e3o sobre o jornalismo do futuro na era digital. Na conjuga\u00e7\u00e3o dos diversos temas, procura-se identificar as oportunidades e os riscos a m\u00e9dio e longo prazo e antecipar os desafios para as pol\u00edticas p\u00fablicas, ao n\u00edvel da Uni\u00e3o Europeia e dos Estados Membros. Simultaneamente, ser\u00e1&nbsp;discutido o impacto deste tipo de tecnologias na natureza do jornalismo, nos modelos de neg\u00f3cio, no servi\u00e7o p\u00fablico de media, no pluralismo e na democracia.<\/p>\n\n\n\n<p>A cerim\u00f3nia de abertura desta Confer\u00eancia ser\u00e1 efetuada pelo Secret\u00e1rio de Estado do Cinema, Audiovisual e Media, Nuno Artur Silva, e pela Secret\u00e1ria de Estado dos Assuntos Europeus, Ana Paula Zacarias. O encerramento estar\u00e1 a cargo da Ministra da Cultura, Gra\u00e7a Fonseca, e da Vice-Presidente para os Valores e a Transpar\u00eancia da Comiss\u00e3o Europeia, Vera Jourov\u00e1.&nbsp;<\/p>\n\n\n\n<p>Esta iniciativa ter\u00e1 como anfitri\u00e3 a jornalista Catarina Carvalho, fundadora e diretora do Jornal \u201cMensagem de Lisboa\u201d. A sistematiza\u00e7\u00e3o das respetivas conclus\u00f5es ser\u00e1 efetuada pelo soci\u00f3logo e investigador Gustavo Cardoso, Diretor do Observat\u00f3rio da Comunica\u00e7\u00e3o e Professor Catedr\u00e1tico do ISCTE-IUL.<\/p>\n\n\n\n<p>Reunindo representantes de alto n\u00edvel do setor dos media noticiosos, organiza\u00e7\u00f5es representativas dos jornalistas, centros de forma\u00e7\u00e3o de jornalismo, respons\u00e1veis da academia, representantes dos governos e autoridades nacionais e internacionais, o\u00a0<strong>programa da Confer\u00eancia<\/strong>\u00a0e o\u00a0<strong>formul\u00e1rio de inscri\u00e7\u00e3o<\/strong>\u00a0podem ser acedidos\u00a0<a href=\"https:\/\/conferenceaijournalism.pt\/?lang=pt\" target=\"_blank\" rel=\"noreferrer noopener\">aqui<\/a>.\u00a0<\/p>\n\n\n\n<p>A decorrer na Sala D. Lu\u00eds I do Pal\u00e1cio Nacional da Ajuda, e tratando-se de um&nbsp;<strong>evento&nbsp;<em>online<\/em>&nbsp;e gratuito&nbsp;<\/strong>com transmiss\u00e3o em plataforma virtual, esta Confer\u00eancia ser\u00e1 aberta a todos os cidad\u00e3os mediante inscri\u00e7\u00e3o pr\u00e9via at\u00e9 ao dia&nbsp;<strong>7 de maio<\/strong>. Sendo bilingue, em portugu\u00eas\/ingl\u00eas, ter\u00e1 tamb\u00e9m interpreta\u00e7\u00e3o para l\u00edngua gestual portuguesa e gestos internacionais.&nbsp;&nbsp;<\/p>\n","protected":false},"excerpt":{"rendered":"<p>Por ocasi\u00e3o da Presid\u00eancia Portuguesa do Conselho da Uni\u00e3o Europeia ter\u00e1 lugar, nos dias&nbsp;11 e 12 de maio, a Confer\u00eancia<\/p>\n","protected":false},"author":1,"featured_media":7923,"comment_status":"closed","ping_status":"open","sticky":false,"template":"","format":"standard","meta":{"colormag_page_container_layout":"default_layout","colormag_page_sidebar_layout":"default_layout","_monsterinsights_skip_tracking":false,"_monsterinsights_sitenote_active":false,"_monsterinsights_sitenote_note":"","_monsterinsights_sitenote_category":0,"jetpack_post_was_ever_published":false,"_jetpack_newsletter_access":"","_jetpack_dont_email_post_to_subs":false,"_jetpack_newsletter_tier_id":0,"_jetpack_memberships_contains_paywalled_content":false,"_jetpack_memberships_contains_paid_content":false,"footnotes":"","jetpack_publicize_message":"","jetpack_publicize_feature_enabled":true,"jetpack_social_post_already_shared":true,"jetpack_social_options":{"image_generator_settings":{"template":"highway","default_image_id":0,"font":"","enabled":false},"version":2}},"categories":[14],"tags":[35,98,253],"class_list":["post-7922","post","type-post","status-publish","format-standard","has-post-thumbnail","hentry","category-cultura","tag-cultura","tag-nacional","tag-online"],"yoast_head":"<!-- This site is optimized with the Yoast SEO plugin v27.5 - https:\/\/yoast.com\/product\/yoast-seo-wordpress\/ -->\n<title>Confer\u00eancia de Alto N\u00edvel \u201cIntelig\u00eancia Artificial e o Futuro do Jornalismo&quot; - Algarve 7<\/title>\n<meta name=\"description\" content=\"Confer\u00eancia de Alto N\u00edvel \u201cIntelig\u00eancia Artificial e o Futuro do Jornalismo&quot; Cultura\" \/>\n<meta name=\"robots\" content=\"index, follow, max-snippet:-1, max-image-preview:large, max-video-preview:-1\" \/>\n<link rel=\"canonical\" href=\"https:\/\/algarve7.pt\/index.php\/2021\/04\/conferencia-de-alto-nivel-inteligencia-artificial-e-o-futuro-do-jornalismo\/cultura\/10\/47\/\" \/>\n<meta property=\"og:locale\" content=\"pt_PT\" \/>\n<meta property=\"og:type\" content=\"article\" \/>\n<meta property=\"og:title\" content=\"Confer\u00eancia de Alto N\u00edvel \u201cIntelig\u00eancia Artificial e o Futuro do Jornalismo&quot; - Algarve 7\" \/>\n<meta property=\"og:description\" content=\"Confer\u00eancia de Alto N\u00edvel \u201cIntelig\u00eancia Artificial e o Futuro do Jornalismo&quot; Cultura\" \/>\n<meta property=\"og:url\" content=\"https:\/\/algarve7.pt\/index.php\/2021\/04\/conferencia-de-alto-nivel-inteligencia-artificial-e-o-futuro-do-jornalismo\/cultura\/10\/47\/\" \/>\n<meta property=\"og:site_name\" content=\"Algarve 7\" \/>\n<meta property=\"article:publisher\" content=\"https:\/\/www.facebook.com\/algarve7\" \/>\n<meta property=\"article:author\" content=\"https:\/\/www.facebook.com\/algarve7\" \/>\n<meta property=\"article:published_time\" content=\"2021-04-26T09:47:07+00:00\" \/>\n<meta property=\"article:modified_time\" content=\"2021-04-26T09:47:11+00:00\" \/>\n<meta property=\"og:image\" content=\"https:\/\/algarve7.pt\/wp-content\/uploads\/2021\/04\/Captura-de-ecra-2021-04-26-as-10.46.24.png\" \/>\n\t<meta property=\"og:image:width\" content=\"1920\" \/>\n\t<meta property=\"og:image:height\" content=\"1051\" \/>\n\t<meta property=\"og:image:type\" content=\"image\/png\" \/>\n<meta name=\"author\" content=\"Algarve 7\" \/>\n<meta name=\"twitter:card\" content=\"summary_large_image\" \/>\n<meta name=\"twitter:creator\" content=\"@Algarvesete\" \/>\n<meta name=\"twitter:site\" content=\"@Algarvesete\" \/>\n<meta name=\"twitter:label1\" content=\"Escrito por\" \/>\n\t<meta name=\"twitter:data1\" content=\"Algarve 7\" \/>\n\t<meta name=\"twitter:label2\" content=\"Tempo estimado de leitura\" \/>\n\t<meta name=\"twitter:data2\" content=\"2 minutos\" \/>\n<script type=\"application\/ld+json\" class=\"yoast-schema-graph\">{\"@context\":\"https:\\\/\\\/schema.org\",\"@graph\":[{\"@type\":\"Article\",\"@id\":\"https:\\\/\\\/algarve7.pt\\\/index.php\\\/2021\\\/04\\\/conferencia-de-alto-nivel-inteligencia-artificial-e-o-futuro-do-jornalismo\\\/cultura\\\/10\\\/47\\\/#article\",\"isPartOf\":{\"@id\":\"https:\\\/\\\/algarve7.pt\\\/index.php\\\/2021\\\/04\\\/conferencia-de-alto-nivel-inteligencia-artificial-e-o-futuro-do-jornalismo\\\/cultura\\\/10\\\/47\\\/\"},\"author\":{\"name\":\"Algarve 7\",\"@id\":\"https:\\\/\\\/algarve7.pt\\\/#\\\/schema\\\/person\\\/23fa70681308e7b319a3204bcea45e0c\"},\"headline\":\"Confer\u00eancia de Alto N\u00edvel \u201cIntelig\u00eancia Artificial e o Futuro do Jornalismo&#8221;\",\"datePublished\":\"2021-04-26T09:47:07+00:00\",\"dateModified\":\"2021-04-26T09:47:11+00:00\",\"mainEntityOfPage\":{\"@id\":\"https:\\\/\\\/algarve7.pt\\\/index.php\\\/2021\\\/04\\\/conferencia-de-alto-nivel-inteligencia-artificial-e-o-futuro-do-jornalismo\\\/cultura\\\/10\\\/47\\\/\"},\"wordCount\":411,\"publisher\":{\"@id\":\"https:\\\/\\\/algarve7.pt\\\/#organization\"},\"image\":{\"@id\":\"https:\\\/\\\/algarve7.pt\\\/index.php\\\/2021\\\/04\\\/conferencia-de-alto-nivel-inteligencia-artificial-e-o-futuro-do-jornalismo\\\/cultura\\\/10\\\/47\\\/#primaryimage\"},\"thumbnailUrl\":\"https:\\\/\\\/algarve7.pt\\\/wp-content\\\/uploads\\\/2021\\\/04\\\/Captura-de-ecra-2021-04-26-as-10.46.24.png\",\"keywords\":[\"Cultura\",\"Nacional\",\"Online\"],\"articleSection\":[\"Cultura\"],\"inLanguage\":\"pt-PT\"},{\"@type\":\"WebPage\",\"@id\":\"https:\\\/\\\/algarve7.pt\\\/index.php\\\/2021\\\/04\\\/conferencia-de-alto-nivel-inteligencia-artificial-e-o-futuro-do-jornalismo\\\/cultura\\\/10\\\/47\\\/\",\"url\":\"https:\\\/\\\/algarve7.pt\\\/index.php\\\/2021\\\/04\\\/conferencia-de-alto-nivel-inteligencia-artificial-e-o-futuro-do-jornalismo\\\/cultura\\\/10\\\/47\\\/\",\"name\":\"Confer\u00eancia de Alto N\u00edvel \u201cIntelig\u00eancia Artificial e o Futuro do Jornalismo\\\" - Algarve 7\",\"isPartOf\":{\"@id\":\"https:\\\/\\\/algarve7.pt\\\/#website\"},\"primaryImageOfPage\":{\"@id\":\"https:\\\/\\\/algarve7.pt\\\/index.php\\\/2021\\\/04\\\/conferencia-de-alto-nivel-inteligencia-artificial-e-o-futuro-do-jornalismo\\\/cultura\\\/10\\\/47\\\/#primaryimage\"},\"image\":{\"@id\":\"https:\\\/\\\/algarve7.pt\\\/index.php\\\/2021\\\/04\\\/conferencia-de-alto-nivel-inteligencia-artificial-e-o-futuro-do-jornalismo\\\/cultura\\\/10\\\/47\\\/#primaryimage\"},\"thumbnailUrl\":\"https:\\\/\\\/algarve7.pt\\\/wp-content\\\/uploads\\\/2021\\\/04\\\/Captura-de-ecra-2021-04-26-as-10.46.24.png\",\"datePublished\":\"2021-04-26T09:47:07+00:00\",\"dateModified\":\"2021-04-26T09:47:11+00:00\",\"description\":\"Confer\u00eancia de Alto N\u00edvel \u201cIntelig\u00eancia Artificial e o Futuro do Jornalismo\\\" Cultura\",\"breadcrumb\":{\"@id\":\"https:\\\/\\\/algarve7.pt\\\/index.php\\\/2021\\\/04\\\/conferencia-de-alto-nivel-inteligencia-artificial-e-o-futuro-do-jornalismo\\\/cultura\\\/10\\\/47\\\/#breadcrumb\"},\"inLanguage\":\"pt-PT\",\"potentialAction\":[{\"@type\":\"ReadAction\",\"target\":[\"https:\\\/\\\/algarve7.pt\\\/index.php\\\/2021\\\/04\\\/conferencia-de-alto-nivel-inteligencia-artificial-e-o-futuro-do-jornalismo\\\/cultura\\\/10\\\/47\\\/\"]}]},{\"@type\":\"ImageObject\",\"inLanguage\":\"pt-PT\",\"@id\":\"https:\\\/\\\/algarve7.pt\\\/index.php\\\/2021\\\/04\\\/conferencia-de-alto-nivel-inteligencia-artificial-e-o-futuro-do-jornalismo\\\/cultura\\\/10\\\/47\\\/#primaryimage\",\"url\":\"https:\\\/\\\/algarve7.pt\\\/wp-content\\\/uploads\\\/2021\\\/04\\\/Captura-de-ecra-2021-04-26-as-10.46.24.png\",\"contentUrl\":\"https:\\\/\\\/algarve7.pt\\\/wp-content\\\/uploads\\\/2021\\\/04\\\/Captura-de-ecra-2021-04-26-as-10.46.24.png\",\"width\":1920,\"height\":1051},{\"@type\":\"BreadcrumbList\",\"@id\":\"https:\\\/\\\/algarve7.pt\\\/index.php\\\/2021\\\/04\\\/conferencia-de-alto-nivel-inteligencia-artificial-e-o-futuro-do-jornalismo\\\/cultura\\\/10\\\/47\\\/#breadcrumb\",\"itemListElement\":[{\"@type\":\"ListItem\",\"position\":1,\"name\":\"In\u00edcio\",\"item\":\"https:\\\/\\\/algarve7.pt\\\/\"},{\"@type\":\"ListItem\",\"position\":2,\"name\":\"Confer\u00eancia de Alto N\u00edvel \u201cIntelig\u00eancia Artificial e o Futuro do Jornalismo&#8221;\"}]},{\"@type\":\"WebSite\",\"@id\":\"https:\\\/\\\/algarve7.pt\\\/#website\",\"url\":\"https:\\\/\\\/algarve7.pt\\\/\",\"name\":\"Algarve 7\",\"description\":\"Informa\u00e7\u00e3o sobre o Algarve\",\"publisher\":{\"@id\":\"https:\\\/\\\/algarve7.pt\\\/#organization\"},\"potentialAction\":[{\"@type\":\"SearchAction\",\"target\":{\"@type\":\"EntryPoint\",\"urlTemplate\":\"https:\\\/\\\/algarve7.pt\\\/?s={search_term_string}\"},\"query-input\":{\"@type\":\"PropertyValueSpecification\",\"valueRequired\":true,\"valueName\":\"search_term_string\"}}],\"inLanguage\":\"pt-PT\"},{\"@type\":\"Organization\",\"@id\":\"https:\\\/\\\/algarve7.pt\\\/#organization\",\"name\":\"Algarve 7\",\"url\":\"https:\\\/\\\/algarve7.pt\\\/\",\"logo\":{\"@type\":\"ImageObject\",\"inLanguage\":\"pt-PT\",\"@id\":\"https:\\\/\\\/algarve7.pt\\\/#\\\/schema\\\/logo\\\/image\\\/\",\"url\":\"https:\\\/\\\/algarve7.pt\\\/wp-content\\\/uploads\\\/2020\\\/10\\\/Logo-8.jpg\",\"contentUrl\":\"https:\\\/\\\/algarve7.pt\\\/wp-content\\\/uploads\\\/2020\\\/10\\\/Logo-8.jpg\",\"width\":1680,\"height\":1186,\"caption\":\"Algarve 7\"},\"image\":{\"@id\":\"https:\\\/\\\/algarve7.pt\\\/#\\\/schema\\\/logo\\\/image\\\/\"},\"sameAs\":[\"https:\\\/\\\/www.facebook.com\\\/algarve7\",\"https:\\\/\\\/x.com\\\/Algarvesete\",\"https:\\\/\\\/www.instagram.com\\\/jornalalgarve7\\\/\",\"https:\\\/\\\/www.linkedin.com\\\/company\\\/algarve7\",\"https:\\\/\\\/www.pinterest.pt\\\/geral0939\\\/_created\\\/\"]},{\"@type\":\"Person\",\"@id\":\"https:\\\/\\\/algarve7.pt\\\/#\\\/schema\\\/person\\\/23fa70681308e7b319a3204bcea45e0c\",\"name\":\"Algarve 7\",\"sameAs\":[\"https:\\\/\\\/algarve7.pt\",\"https:\\\/\\\/www.facebook.com\\\/algarve7\"],\"url\":\"https:\\\/\\\/algarve7.pt\\\/index.php\\\/author\\\/geralalgarve7-pt\\\/\"}]}<\/script>\n<!-- \/ Yoast SEO plugin. -->","yoast_head_json":{"title":"Confer\u00eancia de Alto N\u00edvel \u201cIntelig\u00eancia Artificial e o Futuro do Jornalismo\" - Algarve 7","description":"Confer\u00eancia de Alto N\u00edvel \u201cIntelig\u00eancia Artificial e o Futuro do Jornalismo\" Cultura","robots":{"index":"index","follow":"follow","max-snippet":"max-snippet:-1","max-image-preview":"max-image-preview:large","max-video-preview":"max-video-preview:-1"},"canonical":"https:\/\/algarve7.pt\/index.php\/2021\/04\/conferencia-de-alto-nivel-inteligencia-artificial-e-o-futuro-do-jornalismo\/cultura\/10\/47\/","og_locale":"pt_PT","og_type":"article","og_title":"Confer\u00eancia de Alto N\u00edvel \u201cIntelig\u00eancia Artificial e o Futuro do Jornalismo\" - Algarve 7","og_description":"Confer\u00eancia de Alto N\u00edvel \u201cIntelig\u00eancia Artificial e o Futuro do Jornalismo\" Cultura","og_url":"https:\/\/algarve7.pt\/index.php\/2021\/04\/conferencia-de-alto-nivel-inteligencia-artificial-e-o-futuro-do-jornalismo\/cultura\/10\/47\/","og_site_name":"Algarve 7","article_publisher":"https:\/\/www.facebook.com\/algarve7","article_author":"https:\/\/www.facebook.com\/algarve7","article_published_time":"2021-04-26T09:47:07+00:00","article_modified_time":"2021-04-26T09:47:11+00:00","og_image":[{"width":1920,"height":1051,"url":"https:\/\/algarve7.pt\/wp-content\/uploads\/2021\/04\/Captura-de-ecra-2021-04-26-as-10.46.24.png","type":"image\/png"}],"author":"Algarve 7","twitter_card":"summary_large_image","twitter_creator":"@Algarvesete","twitter_site":"@Algarvesete","twitter_misc":{"Escrito por":"Algarve 7","Tempo estimado de leitura":"2 minutos"},"schema":{"@context":"https:\/\/schema.org","@graph":[{"@type":"Article","@id":"https:\/\/algarve7.pt\/index.php\/2021\/04\/conferencia-de-alto-nivel-inteligencia-artificial-e-o-futuro-do-jornalismo\/cultura\/10\/47\/#article","isPartOf":{"@id":"https:\/\/algarve7.pt\/index.php\/2021\/04\/conferencia-de-alto-nivel-inteligencia-artificial-e-o-futuro-do-jornalismo\/cultura\/10\/47\/"},"author":{"name":"Algarve 7","@id":"https:\/\/algarve7.pt\/#\/schema\/person\/23fa70681308e7b319a3204bcea45e0c"},"headline":"Confer\u00eancia de Alto N\u00edvel \u201cIntelig\u00eancia Artificial e o Futuro do Jornalismo&#8221;","datePublished":"2021-04-26T09:47:07+00:00","dateModified":"2021-04-26T09:47:11+00:00","mainEntityOfPage":{"@id":"https:\/\/algarve7.pt\/index.php\/2021\/04\/conferencia-de-alto-nivel-inteligencia-artificial-e-o-futuro-do-jornalismo\/cultura\/10\/47\/"},"wordCount":411,"publisher":{"@id":"https:\/\/algarve7.pt\/#organization"},"image":{"@id":"https:\/\/algarve7.pt\/index.php\/2021\/04\/conferencia-de-alto-nivel-inteligencia-artificial-e-o-futuro-do-jornalismo\/cultura\/10\/47\/#primaryimage"},"thumbnailUrl":"https:\/\/algarve7.pt\/wp-content\/uploads\/2021\/04\/Captura-de-ecra-2021-04-26-as-10.46.24.png","keywords":["Cultura","Nacional","Online"],"articleSection":["Cultura"],"inLanguage":"pt-PT"},{"@type":"WebPage","@id":"https:\/\/algarve7.pt\/index.php\/2021\/04\/conferencia-de-alto-nivel-inteligencia-artificial-e-o-futuro-do-jornalismo\/cultura\/10\/47\/","url":"https:\/\/algarve7.pt\/index.php\/2021\/04\/conferencia-de-alto-nivel-inteligencia-artificial-e-o-futuro-do-jornalismo\/cultura\/10\/47\/","name":"Confer\u00eancia de Alto N\u00edvel \u201cIntelig\u00eancia Artificial e o Futuro do Jornalismo\" - Algarve 7","isPartOf":{"@id":"https:\/\/algarve7.pt\/#website"},"primaryImageOfPage":{"@id":"https:\/\/algarve7.pt\/index.php\/2021\/04\/conferencia-de-alto-nivel-inteligencia-artificial-e-o-futuro-do-jornalismo\/cultura\/10\/47\/#primaryimage"},"image":{"@id":"https:\/\/algarve7.pt\/index.php\/2021\/04\/conferencia-de-alto-nivel-inteligencia-artificial-e-o-futuro-do-jornalismo\/cultura\/10\/47\/#primaryimage"},"thumbnailUrl":"https:\/\/algarve7.pt\/wp-content\/uploads\/2021\/04\/Captura-de-ecra-2021-04-26-as-10.46.24.png","datePublished":"2021-04-26T09:47:07+00:00","dateModified":"2021-04-26T09:47:11+00:00","description":"Confer\u00eancia de Alto N\u00edvel \u201cIntelig\u00eancia Artificial e o Futuro do Jornalismo\" Cultura","breadcrumb":{"@id":"https:\/\/algarve7.pt\/index.php\/2021\/04\/conferencia-de-alto-nivel-inteligencia-artificial-e-o-futuro-do-jornalismo\/cultura\/10\/47\/#breadcrumb"},"inLanguage":"pt-PT","potentialAction":[{"@type":"ReadAction","target":["https:\/\/algarve7.pt\/index.php\/2021\/04\/conferencia-de-alto-nivel-inteligencia-artificial-e-o-futuro-do-jornalismo\/cultura\/10\/47\/"]}]},{"@type":"ImageObject","inLanguage":"pt-PT","@id":"https:\/\/algarve7.pt\/index.php\/2021\/04\/conferencia-de-alto-nivel-inteligencia-artificial-e-o-futuro-do-jornalismo\/cultura\/10\/47\/#primaryimage","url":"https:\/\/algarve7.pt\/wp-content\/uploads\/2021\/04\/Captura-de-ecra-2021-04-26-as-10.46.24.png","contentUrl":"https:\/\/algarve7.pt\/wp-content\/uploads\/2021\/04\/Captura-de-ecra-2021-04-26-as-10.46.24.png","width":1920,"height":1051},{"@type":"BreadcrumbList","@id":"https:\/\/algarve7.pt\/index.php\/2021\/04\/conferencia-de-alto-nivel-inteligencia-artificial-e-o-futuro-do-jornalismo\/cultura\/10\/47\/#breadcrumb","itemListElement":[{"@type":"ListItem","position":1,"name":"In\u00edcio","item":"https:\/\/algarve7.pt\/"},{"@type":"ListItem","position":2,"name":"Confer\u00eancia de Alto N\u00edvel \u201cIntelig\u00eancia Artificial e o Futuro do Jornalismo&#8221;"}]},{"@type":"WebSite","@id":"https:\/\/algarve7.pt\/#website","url":"https:\/\/algarve7.pt\/","name":"Algarve 7","description":"Informa\u00e7\u00e3o sobre o Algarve","publisher":{"@id":"https:\/\/algarve7.pt\/#organization"},"potentialAction":[{"@type":"SearchAction","target":{"@type":"EntryPoint","urlTemplate":"https:\/\/algarve7.pt\/?s={search_term_string}"},"query-input":{"@type":"PropertyValueSpecification","valueRequired":true,"valueName":"search_term_string"}}],"inLanguage":"pt-PT"},{"@type":"Organization","@id":"https:\/\/algarve7.pt\/#organization","name":"Algarve 7","url":"https:\/\/algarve7.pt\/","logo":{"@type":"ImageObject","inLanguage":"pt-PT","@id":"https:\/\/algarve7.pt\/#\/schema\/logo\/image\/","url":"https:\/\/algarve7.pt\/wp-content\/uploads\/2020\/10\/Logo-8.jpg","contentUrl":"https:\/\/algarve7.pt\/wp-content\/uploads\/2020\/10\/Logo-8.jpg","width":1680,"height":1186,"caption":"Algarve 7"},"image":{"@id":"https:\/\/algarve7.pt\/#\/schema\/logo\/image\/"},"sameAs":["https:\/\/www.facebook.com\/algarve7","https:\/\/x.com\/Algarvesete","https:\/\/www.instagram.com\/jornalalgarve7\/","https:\/\/www.linkedin.com\/company\/algarve7","https:\/\/www.pinterest.pt\/geral0939\/_created\/"]},{"@type":"Person","@id":"https:\/\/algarve7.pt\/#\/schema\/person\/23fa70681308e7b319a3204bcea45e0c","name":"Algarve 7","sameAs":["https:\/\/algarve7.pt","https:\/\/www.facebook.com\/algarve7"],"url":"https:\/\/algarve7.pt\/index.php\/author\/geralalgarve7-pt\/"}]}},"jetpack_publicize_connections":[],"jetpack_featured_media_url":"https:\/\/algarve7.pt\/wp-content\/uploads\/2021\/04\/Captura-de-ecra-2021-04-26-as-10.46.24.png","jetpack_shortlink":"https:\/\/wp.me\/pcezmW-23M","jetpack_sharing_enabled":true,"_links":{"self":[{"href":"https:\/\/algarve7.pt\/index.php\/wp-json\/wp\/v2\/posts\/7922","targetHints":{"allow":["GET"]}}],"collection":[{"href":"https:\/\/algarve7.pt\/index.php\/wp-json\/wp\/v2\/posts"}],"about":[{"href":"https:\/\/algarve7.pt\/index.php\/wp-json\/wp\/v2\/types\/post"}],"author":[{"embeddable":true,"href":"https:\/\/algarve7.pt\/index.php\/wp-json\/wp\/v2\/users\/1"}],"replies":[{"embeddable":true,"href":"https:\/\/algarve7.pt\/index.php\/wp-json\/wp\/v2\/comments?post=7922"}],"version-history":[{"count":0,"href":"https:\/\/algarve7.pt\/index.php\/wp-json\/wp\/v2\/posts\/7922\/revisions"}],"wp:featuredmedia":[{"embeddable":true,"href":"https:\/\/algarve7.pt\/index.php\/wp-json\/wp\/v2\/media\/7923"}],"wp:attachment":[{"href":"https:\/\/algarve7.pt\/index.php\/wp-json\/wp\/v2\/media?parent=7922"}],"wp:term":[{"taxonomy":"category","embeddable":true,"href":"https:\/\/algarve7.pt\/index.php\/wp-json\/wp\/v2\/categories?post=7922"},{"taxonomy":"post_tag","embeddable":true,"href":"https:\/\/algarve7.pt\/index.php\/wp-json\/wp\/v2\/tags?post=7922"}],"curies":[{"name":"wp","href":"https:\/\/api.w.org\/{rel}","templated":true}]}}