{"id":7916,"date":"2021-04-25T18:02:54","date_gmt":"2021-04-25T17:02:54","guid":{"rendered":"https:\/\/algarve7.pt\/?p=7916"},"modified":"2021-04-25T18:02:58","modified_gmt":"2021-04-25T17:02:58","slug":"lagos-adere-ao-movimento-municipios-pela-paz","status":"publish","type":"post","link":"https:\/\/algarve7.pt\/index.php\/2021\/04\/lagos-adere-ao-movimento-municipios-pela-paz\/atualidade\/18\/02\/","title":{"rendered":"Lagos adere ao Movimento Munic\u00edpios pela Paz"},"content":{"rendered":"\n<p>A C\u00e2mara Municipal de Lagos aceitou o convite que lhe foi endere\u00e7ado pelo munic\u00edpio do Seixal para integrar o Movimento Munic\u00edpios pela Paz. Criado em 2016, por iniciativa do Conselho Portugu\u00eas para a Paz e Coopera\u00e7\u00e3o (CPPC) e um conjunto de munic\u00edpios portugueses, o referido Movimento norteia a sua a\u00e7\u00e3o em fun\u00e7\u00e3o de dez compromissos, os quais s\u00e3o inspirados nos princ\u00edpios da Carta das Na\u00e7\u00f5es Unidas e nos valores de Abril de 1974. A defesa da Paz, da Coopera\u00e7\u00e3o e da Solidariedade, enquanto valores essenciais ao desenvolvimento humano e \u00e0 liberdade dos povos, s\u00e3o os objetivos pelos quais trabalham em parceria.<\/p>\n\n\n\n<p>Comungando dos valores e princ\u00edpios humanistas, consagrados na Constitui\u00e7\u00e3o da Rep\u00fablica Portuguesa e na Carta dos Direitos Humanos, e impulsionada por este movimento, a C\u00e2mara Municipal de Lagos aprovou a ades\u00e3o ao Movimento, comprometendo-se a implementar os 10 Compromissos pela Paz e a colaborar nas atividades definidas, envolvendo a comunidade local e as entidades que a integram.<\/p>\n\n\n\n<p>Atualmente, j\u00e1 contando com Lagos, integram este movimento 32 munic\u00edpios de v\u00e1rias regi\u00f5es do pa\u00eds. Entre as a\u00e7\u00f5es previstas para 2021 est\u00e1 o Encontro da Paz, a realizar em Set\u00fabal no pr\u00f3ximo m\u00eas de junho, a realiza\u00e7\u00e3o de \u201cConcertos para a Paz\u201d, exposi\u00e7\u00f5es, iniciativas destinadas \u00e0 comunidade escolar, entre outras.<\/p>\n\n\n\n<p><strong>Informa\u00e7\u00e3o complementar:<\/strong><\/p>\n\n\n\n<p>O Conselho Portugu\u00eas para a Paz e Coopera\u00e7\u00e3o (CPPC) \u00e9 uma Organiza\u00e7\u00e3o N\u00e3o Governamental (ONG), que formalizou a sua constitui\u00e7\u00e3o a 24 de Abril de 1976, tendo desenvolvido abertamente a sua atividade logo ap\u00f3s o 25 de Abril de 1974. \u00c9 herdeiro e fiel aos princ\u00edpios que norteiam o movimento da Paz em Portugal desde os primeiros tempos da sua exist\u00eancia, no in\u00edcio da d\u00e9cada de 50.<\/p>\n","protected":false},"excerpt":{"rendered":"<p>A C\u00e2mara Municipal de Lagos aceitou o convite que lhe foi endere\u00e7ado pelo munic\u00edpio do Seixal para integrar o Movimento<\/p>\n","protected":false},"author":1,"featured_media":7917,"comment_status":"closed","ping_status":"open","sticky":false,"template":"","format":"standard","meta":{"colormag_page_container_layout":"default_layout","colormag_page_sidebar_layout":"default_layout","_monsterinsights_skip_tracking":false,"_monsterinsights_sitenote_active":false,"_monsterinsights_sitenote_note":"","_monsterinsights_sitenote_category":0,"jetpack_post_was_ever_published":false,"_jetpack_newsletter_access":"","_jetpack_dont_email_post_to_subs":false,"_jetpack_newsletter_tier_id":0,"_jetpack_memberships_contains_paywalled_content":false,"_jetpack_memberships_contains_paid_content":false,"footnotes":"","jetpack_publicize_message":"","jetpack_publicize_feature_enabled":true,"jetpack_social_post_already_shared":true,"jetpack_social_options":{"image_generator_settings":{"template":"highway","default_image_id":0,"font":"","enabled":false},"version":2}},"categories":[11],"tags":[36,62,68],"class_list":["post-7916","post","type-post","status-publish","format-standard","has-post-thumbnail","hentry","category-atualidade","tag-algarve","tag-atualidade","tag-lagos"],"yoast_head":"<!-- This site is optimized with the Yoast SEO plugin v27.5 - https:\/\/yoast.com\/product\/yoast-seo-wordpress\/ -->\n<title>Lagos adere ao Movimento Munic\u00edpios pela Paz - Algarve 7<\/title>\n<meta name=\"description\" content=\"Lagos adere ao Movimento Munic\u00edpios pela Paz Atualidade\" \/>\n<meta name=\"robots\" content=\"index, follow, max-snippet:-1, max-image-preview:large, max-video-preview:-1\" \/>\n<link rel=\"canonical\" href=\"https:\/\/algarve7.pt\/index.php\/2021\/04\/lagos-adere-ao-movimento-municipios-pela-paz\/atualidade\/18\/02\/\" \/>\n<meta property=\"og:locale\" content=\"pt_PT\" \/>\n<meta property=\"og:type\" content=\"article\" \/>\n<meta property=\"og:title\" content=\"Lagos adere ao Movimento Munic\u00edpios pela Paz - Algarve 7\" \/>\n<meta property=\"og:description\" content=\"Lagos adere ao Movimento Munic\u00edpios pela Paz Atualidade\" \/>\n<meta property=\"og:url\" content=\"https:\/\/algarve7.pt\/index.php\/2021\/04\/lagos-adere-ao-movimento-municipios-pela-paz\/atualidade\/18\/02\/\" \/>\n<meta property=\"og:site_name\" content=\"Algarve 7\" \/>\n<meta property=\"article:publisher\" content=\"https:\/\/www.facebook.com\/algarve7\" \/>\n<meta property=\"article:author\" content=\"https:\/\/www.facebook.com\/algarve7\" \/>\n<meta property=\"article:published_time\" content=\"2021-04-25T17:02:54+00:00\" \/>\n<meta property=\"article:modified_time\" content=\"2021-04-25T17:02:58+00:00\" \/>\n<meta property=\"og:image\" content=\"https:\/\/algarve7.pt\/wp-content\/uploads\/2021\/04\/Captura-de-ecra-2021-04-25-as-18.02.08.png\" \/>\n\t<meta property=\"og:image:width\" content=\"1504\" \/>\n\t<meta property=\"og:image:height\" content=\"772\" \/>\n\t<meta property=\"og:image:type\" content=\"image\/png\" \/>\n<meta name=\"author\" content=\"Algarve 7\" \/>\n<meta name=\"twitter:card\" content=\"summary_large_image\" \/>\n<meta name=\"twitter:creator\" content=\"@Algarvesete\" \/>\n<meta name=\"twitter:site\" content=\"@Algarvesete\" \/>\n<meta name=\"twitter:label1\" content=\"Escrito por\" \/>\n\t<meta name=\"twitter:data1\" content=\"Algarve 7\" \/>\n\t<meta name=\"twitter:label2\" content=\"Tempo estimado de leitura\" \/>\n\t<meta name=\"twitter:data2\" content=\"2 minutos\" \/>\n<script type=\"application\/ld+json\" class=\"yoast-schema-graph\">{\"@context\":\"https:\\\/\\\/schema.org\",\"@graph\":[{\"@type\":\"Article\",\"@id\":\"https:\\\/\\\/algarve7.pt\\\/index.php\\\/2021\\\/04\\\/lagos-adere-ao-movimento-municipios-pela-paz\\\/atualidade\\\/18\\\/02\\\/#article\",\"isPartOf\":{\"@id\":\"https:\\\/\\\/algarve7.pt\\\/index.php\\\/2021\\\/04\\\/lagos-adere-ao-movimento-municipios-pela-paz\\\/atualidade\\\/18\\\/02\\\/\"},\"author\":{\"name\":\"Algarve 7\",\"@id\":\"https:\\\/\\\/algarve7.pt\\\/#\\\/schema\\\/person\\\/23fa70681308e7b319a3204bcea45e0c\"},\"headline\":\"Lagos adere ao Movimento Munic\u00edpios pela Paz\",\"datePublished\":\"2021-04-25T17:02:54+00:00\",\"dateModified\":\"2021-04-25T17:02:58+00:00\",\"mainEntityOfPage\":{\"@id\":\"https:\\\/\\\/algarve7.pt\\\/index.php\\\/2021\\\/04\\\/lagos-adere-ao-movimento-municipios-pela-paz\\\/atualidade\\\/18\\\/02\\\/\"},\"wordCount\":311,\"publisher\":{\"@id\":\"https:\\\/\\\/algarve7.pt\\\/#organization\"},\"image\":{\"@id\":\"https:\\\/\\\/algarve7.pt\\\/index.php\\\/2021\\\/04\\\/lagos-adere-ao-movimento-municipios-pela-paz\\\/atualidade\\\/18\\\/02\\\/#primaryimage\"},\"thumbnailUrl\":\"https:\\\/\\\/algarve7.pt\\\/wp-content\\\/uploads\\\/2021\\\/04\\\/Captura-de-ecra-2021-04-25-as-18.02.08.png\",\"keywords\":[\"Algarve\",\"Atualidade\",\"Lagos\"],\"articleSection\":[\"Atualidade\"],\"inLanguage\":\"pt-PT\"},{\"@type\":\"WebPage\",\"@id\":\"https:\\\/\\\/algarve7.pt\\\/index.php\\\/2021\\\/04\\\/lagos-adere-ao-movimento-municipios-pela-paz\\\/atualidade\\\/18\\\/02\\\/\",\"url\":\"https:\\\/\\\/algarve7.pt\\\/index.php\\\/2021\\\/04\\\/lagos-adere-ao-movimento-municipios-pela-paz\\\/atualidade\\\/18\\\/02\\\/\",\"name\":\"Lagos adere ao Movimento Munic\u00edpios pela Paz - Algarve 7\",\"isPartOf\":{\"@id\":\"https:\\\/\\\/algarve7.pt\\\/#website\"},\"primaryImageOfPage\":{\"@id\":\"https:\\\/\\\/algarve7.pt\\\/index.php\\\/2021\\\/04\\\/lagos-adere-ao-movimento-municipios-pela-paz\\\/atualidade\\\/18\\\/02\\\/#primaryimage\"},\"image\":{\"@id\":\"https:\\\/\\\/algarve7.pt\\\/index.php\\\/2021\\\/04\\\/lagos-adere-ao-movimento-municipios-pela-paz\\\/atualidade\\\/18\\\/02\\\/#primaryimage\"},\"thumbnailUrl\":\"https:\\\/\\\/algarve7.pt\\\/wp-content\\\/uploads\\\/2021\\\/04\\\/Captura-de-ecra-2021-04-25-as-18.02.08.png\",\"datePublished\":\"2021-04-25T17:02:54+00:00\",\"dateModified\":\"2021-04-25T17:02:58+00:00\",\"description\":\"Lagos adere ao Movimento Munic\u00edpios pela Paz Atualidade\",\"breadcrumb\":{\"@id\":\"https:\\\/\\\/algarve7.pt\\\/index.php\\\/2021\\\/04\\\/lagos-adere-ao-movimento-municipios-pela-paz\\\/atualidade\\\/18\\\/02\\\/#breadcrumb\"},\"inLanguage\":\"pt-PT\",\"potentialAction\":[{\"@type\":\"ReadAction\",\"target\":[\"https:\\\/\\\/algarve7.pt\\\/index.php\\\/2021\\\/04\\\/lagos-adere-ao-movimento-municipios-pela-paz\\\/atualidade\\\/18\\\/02\\\/\"]}]},{\"@type\":\"ImageObject\",\"inLanguage\":\"pt-PT\",\"@id\":\"https:\\\/\\\/algarve7.pt\\\/index.php\\\/2021\\\/04\\\/lagos-adere-ao-movimento-municipios-pela-paz\\\/atualidade\\\/18\\\/02\\\/#primaryimage\",\"url\":\"https:\\\/\\\/algarve7.pt\\\/wp-content\\\/uploads\\\/2021\\\/04\\\/Captura-de-ecra-2021-04-25-as-18.02.08.png\",\"contentUrl\":\"https:\\\/\\\/algarve7.pt\\\/wp-content\\\/uploads\\\/2021\\\/04\\\/Captura-de-ecra-2021-04-25-as-18.02.08.png\",\"width\":1504,\"height\":772},{\"@type\":\"BreadcrumbList\",\"@id\":\"https:\\\/\\\/algarve7.pt\\\/index.php\\\/2021\\\/04\\\/lagos-adere-ao-movimento-municipios-pela-paz\\\/atualidade\\\/18\\\/02\\\/#breadcrumb\",\"itemListElement\":[{\"@type\":\"ListItem\",\"position\":1,\"name\":\"In\u00edcio\",\"item\":\"https:\\\/\\\/algarve7.pt\\\/\"},{\"@type\":\"ListItem\",\"position\":2,\"name\":\"Lagos adere ao Movimento Munic\u00edpios pela Paz\"}]},{\"@type\":\"WebSite\",\"@id\":\"https:\\\/\\\/algarve7.pt\\\/#website\",\"url\":\"https:\\\/\\\/algarve7.pt\\\/\",\"name\":\"Algarve 7\",\"description\":\"Informa\u00e7\u00e3o sobre o Algarve\",\"publisher\":{\"@id\":\"https:\\\/\\\/algarve7.pt\\\/#organization\"},\"potentialAction\":[{\"@type\":\"SearchAction\",\"target\":{\"@type\":\"EntryPoint\",\"urlTemplate\":\"https:\\\/\\\/algarve7.pt\\\/?s={search_term_string}\"},\"query-input\":{\"@type\":\"PropertyValueSpecification\",\"valueRequired\":true,\"valueName\":\"search_term_string\"}}],\"inLanguage\":\"pt-PT\"},{\"@type\":\"Organization\",\"@id\":\"https:\\\/\\\/algarve7.pt\\\/#organization\",\"name\":\"Algarve 7\",\"url\":\"https:\\\/\\\/algarve7.pt\\\/\",\"logo\":{\"@type\":\"ImageObject\",\"inLanguage\":\"pt-PT\",\"@id\":\"https:\\\/\\\/algarve7.pt\\\/#\\\/schema\\\/logo\\\/image\\\/\",\"url\":\"https:\\\/\\\/algarve7.pt\\\/wp-content\\\/uploads\\\/2020\\\/10\\\/Logo-8.jpg\",\"contentUrl\":\"https:\\\/\\\/algarve7.pt\\\/wp-content\\\/uploads\\\/2020\\\/10\\\/Logo-8.jpg\",\"width\":1680,\"height\":1186,\"caption\":\"Algarve 7\"},\"image\":{\"@id\":\"https:\\\/\\\/algarve7.pt\\\/#\\\/schema\\\/logo\\\/image\\\/\"},\"sameAs\":[\"https:\\\/\\\/www.facebook.com\\\/algarve7\",\"https:\\\/\\\/x.com\\\/Algarvesete\",\"https:\\\/\\\/www.instagram.com\\\/jornalalgarve7\\\/\",\"https:\\\/\\\/www.linkedin.com\\\/company\\\/algarve7\",\"https:\\\/\\\/www.pinterest.pt\\\/geral0939\\\/_created\\\/\"]},{\"@type\":\"Person\",\"@id\":\"https:\\\/\\\/algarve7.pt\\\/#\\\/schema\\\/person\\\/23fa70681308e7b319a3204bcea45e0c\",\"name\":\"Algarve 7\",\"sameAs\":[\"https:\\\/\\\/algarve7.pt\",\"https:\\\/\\\/www.facebook.com\\\/algarve7\"],\"url\":\"https:\\\/\\\/algarve7.pt\\\/index.php\\\/author\\\/geralalgarve7-pt\\\/\"}]}<\/script>\n<!-- \/ Yoast SEO plugin. -->","yoast_head_json":{"title":"Lagos adere ao Movimento Munic\u00edpios pela Paz - Algarve 7","description":"Lagos adere ao Movimento Munic\u00edpios pela Paz Atualidade","robots":{"index":"index","follow":"follow","max-snippet":"max-snippet:-1","max-image-preview":"max-image-preview:large","max-video-preview":"max-video-preview:-1"},"canonical":"https:\/\/algarve7.pt\/index.php\/2021\/04\/lagos-adere-ao-movimento-municipios-pela-paz\/atualidade\/18\/02\/","og_locale":"pt_PT","og_type":"article","og_title":"Lagos adere ao Movimento Munic\u00edpios pela Paz - Algarve 7","og_description":"Lagos adere ao Movimento Munic\u00edpios pela Paz Atualidade","og_url":"https:\/\/algarve7.pt\/index.php\/2021\/04\/lagos-adere-ao-movimento-municipios-pela-paz\/atualidade\/18\/02\/","og_site_name":"Algarve 7","article_publisher":"https:\/\/www.facebook.com\/algarve7","article_author":"https:\/\/www.facebook.com\/algarve7","article_published_time":"2021-04-25T17:02:54+00:00","article_modified_time":"2021-04-25T17:02:58+00:00","og_image":[{"width":1504,"height":772,"url":"https:\/\/algarve7.pt\/wp-content\/uploads\/2021\/04\/Captura-de-ecra-2021-04-25-as-18.02.08.png","type":"image\/png"}],"author":"Algarve 7","twitter_card":"summary_large_image","twitter_creator":"@Algarvesete","twitter_site":"@Algarvesete","twitter_misc":{"Escrito por":"Algarve 7","Tempo estimado de leitura":"2 minutos"},"schema":{"@context":"https:\/\/schema.org","@graph":[{"@type":"Article","@id":"https:\/\/algarve7.pt\/index.php\/2021\/04\/lagos-adere-ao-movimento-municipios-pela-paz\/atualidade\/18\/02\/#article","isPartOf":{"@id":"https:\/\/algarve7.pt\/index.php\/2021\/04\/lagos-adere-ao-movimento-municipios-pela-paz\/atualidade\/18\/02\/"},"author":{"name":"Algarve 7","@id":"https:\/\/algarve7.pt\/#\/schema\/person\/23fa70681308e7b319a3204bcea45e0c"},"headline":"Lagos adere ao Movimento Munic\u00edpios pela Paz","datePublished":"2021-04-25T17:02:54+00:00","dateModified":"2021-04-25T17:02:58+00:00","mainEntityOfPage":{"@id":"https:\/\/algarve7.pt\/index.php\/2021\/04\/lagos-adere-ao-movimento-municipios-pela-paz\/atualidade\/18\/02\/"},"wordCount":311,"publisher":{"@id":"https:\/\/algarve7.pt\/#organization"},"image":{"@id":"https:\/\/algarve7.pt\/index.php\/2021\/04\/lagos-adere-ao-movimento-municipios-pela-paz\/atualidade\/18\/02\/#primaryimage"},"thumbnailUrl":"https:\/\/algarve7.pt\/wp-content\/uploads\/2021\/04\/Captura-de-ecra-2021-04-25-as-18.02.08.png","keywords":["Algarve","Atualidade","Lagos"],"articleSection":["Atualidade"],"inLanguage":"pt-PT"},{"@type":"WebPage","@id":"https:\/\/algarve7.pt\/index.php\/2021\/04\/lagos-adere-ao-movimento-municipios-pela-paz\/atualidade\/18\/02\/","url":"https:\/\/algarve7.pt\/index.php\/2021\/04\/lagos-adere-ao-movimento-municipios-pela-paz\/atualidade\/18\/02\/","name":"Lagos adere ao Movimento Munic\u00edpios pela Paz - Algarve 7","isPartOf":{"@id":"https:\/\/algarve7.pt\/#website"},"primaryImageOfPage":{"@id":"https:\/\/algarve7.pt\/index.php\/2021\/04\/lagos-adere-ao-movimento-municipios-pela-paz\/atualidade\/18\/02\/#primaryimage"},"image":{"@id":"https:\/\/algarve7.pt\/index.php\/2021\/04\/lagos-adere-ao-movimento-municipios-pela-paz\/atualidade\/18\/02\/#primaryimage"},"thumbnailUrl":"https:\/\/algarve7.pt\/wp-content\/uploads\/2021\/04\/Captura-de-ecra-2021-04-25-as-18.02.08.png","datePublished":"2021-04-25T17:02:54+00:00","dateModified":"2021-04-25T17:02:58+00:00","description":"Lagos adere ao Movimento Munic\u00edpios pela Paz Atualidade","breadcrumb":{"@id":"https:\/\/algarve7.pt\/index.php\/2021\/04\/lagos-adere-ao-movimento-municipios-pela-paz\/atualidade\/18\/02\/#breadcrumb"},"inLanguage":"pt-PT","potentialAction":[{"@type":"ReadAction","target":["https:\/\/algarve7.pt\/index.php\/2021\/04\/lagos-adere-ao-movimento-municipios-pela-paz\/atualidade\/18\/02\/"]}]},{"@type":"ImageObject","inLanguage":"pt-PT","@id":"https:\/\/algarve7.pt\/index.php\/2021\/04\/lagos-adere-ao-movimento-municipios-pela-paz\/atualidade\/18\/02\/#primaryimage","url":"https:\/\/algarve7.pt\/wp-content\/uploads\/2021\/04\/Captura-de-ecra-2021-04-25-as-18.02.08.png","contentUrl":"https:\/\/algarve7.pt\/wp-content\/uploads\/2021\/04\/Captura-de-ecra-2021-04-25-as-18.02.08.png","width":1504,"height":772},{"@type":"BreadcrumbList","@id":"https:\/\/algarve7.pt\/index.php\/2021\/04\/lagos-adere-ao-movimento-municipios-pela-paz\/atualidade\/18\/02\/#breadcrumb","itemListElement":[{"@type":"ListItem","position":1,"name":"In\u00edcio","item":"https:\/\/algarve7.pt\/"},{"@type":"ListItem","position":2,"name":"Lagos adere ao Movimento Munic\u00edpios pela Paz"}]},{"@type":"WebSite","@id":"https:\/\/algarve7.pt\/#website","url":"https:\/\/algarve7.pt\/","name":"Algarve 7","description":"Informa\u00e7\u00e3o sobre o Algarve","publisher":{"@id":"https:\/\/algarve7.pt\/#organization"},"potentialAction":[{"@type":"SearchAction","target":{"@type":"EntryPoint","urlTemplate":"https:\/\/algarve7.pt\/?s={search_term_string}"},"query-input":{"@type":"PropertyValueSpecification","valueRequired":true,"valueName":"search_term_string"}}],"inLanguage":"pt-PT"},{"@type":"Organization","@id":"https:\/\/algarve7.pt\/#organization","name":"Algarve 7","url":"https:\/\/algarve7.pt\/","logo":{"@type":"ImageObject","inLanguage":"pt-PT","@id":"https:\/\/algarve7.pt\/#\/schema\/logo\/image\/","url":"https:\/\/algarve7.pt\/wp-content\/uploads\/2020\/10\/Logo-8.jpg","contentUrl":"https:\/\/algarve7.pt\/wp-content\/uploads\/2020\/10\/Logo-8.jpg","width":1680,"height":1186,"caption":"Algarve 7"},"image":{"@id":"https:\/\/algarve7.pt\/#\/schema\/logo\/image\/"},"sameAs":["https:\/\/www.facebook.com\/algarve7","https:\/\/x.com\/Algarvesete","https:\/\/www.instagram.com\/jornalalgarve7\/","https:\/\/www.linkedin.com\/company\/algarve7","https:\/\/www.pinterest.pt\/geral0939\/_created\/"]},{"@type":"Person","@id":"https:\/\/algarve7.pt\/#\/schema\/person\/23fa70681308e7b319a3204bcea45e0c","name":"Algarve 7","sameAs":["https:\/\/algarve7.pt","https:\/\/www.facebook.com\/algarve7"],"url":"https:\/\/algarve7.pt\/index.php\/author\/geralalgarve7-pt\/"}]}},"jetpack_publicize_connections":[],"jetpack_featured_media_url":"https:\/\/algarve7.pt\/wp-content\/uploads\/2021\/04\/Captura-de-ecra-2021-04-25-as-18.02.08.png","jetpack_shortlink":"https:\/\/wp.me\/pcezmW-23G","jetpack_sharing_enabled":true,"_links":{"self":[{"href":"https:\/\/algarve7.pt\/index.php\/wp-json\/wp\/v2\/posts\/7916","targetHints":{"allow":["GET"]}}],"collection":[{"href":"https:\/\/algarve7.pt\/index.php\/wp-json\/wp\/v2\/posts"}],"about":[{"href":"https:\/\/algarve7.pt\/index.php\/wp-json\/wp\/v2\/types\/post"}],"author":[{"embeddable":true,"href":"https:\/\/algarve7.pt\/index.php\/wp-json\/wp\/v2\/users\/1"}],"replies":[{"embeddable":true,"href":"https:\/\/algarve7.pt\/index.php\/wp-json\/wp\/v2\/comments?post=7916"}],"version-history":[{"count":0,"href":"https:\/\/algarve7.pt\/index.php\/wp-json\/wp\/v2\/posts\/7916\/revisions"}],"wp:featuredmedia":[{"embeddable":true,"href":"https:\/\/algarve7.pt\/index.php\/wp-json\/wp\/v2\/media\/7917"}],"wp:attachment":[{"href":"https:\/\/algarve7.pt\/index.php\/wp-json\/wp\/v2\/media?parent=7916"}],"wp:term":[{"taxonomy":"category","embeddable":true,"href":"https:\/\/algarve7.pt\/index.php\/wp-json\/wp\/v2\/categories?post=7916"},{"taxonomy":"post_tag","embeddable":true,"href":"https:\/\/algarve7.pt\/index.php\/wp-json\/wp\/v2\/tags?post=7916"}],"curies":[{"name":"wp","href":"https:\/\/api.w.org\/{rel}","templated":true}]}}