{"id":7913,"date":"2021-04-25T15:41:08","date_gmt":"2021-04-25T14:41:08","guid":{"rendered":"https:\/\/algarve7.pt\/?p=7913"},"modified":"2021-04-25T15:41:13","modified_gmt":"2021-04-25T14:41:13","slug":"pedro-marreiros-e-paulo-pinheiro-reforcam-aposta-no-campeonato-de-portugal-de-velocidade-by-sport-tv","status":"publish","type":"post","link":"https:\/\/algarve7.pt\/index.php\/2021\/04\/pedro-marreiros-e-paulo-pinheiro-reforcam-aposta-no-campeonato-de-portugal-de-velocidade-by-sport-tv\/desporto\/15\/41\/","title":{"rendered":"Pedro Marreiros e Paulo Pinheiro refor\u00e7am aposta no Campeonato de Portugal de Velocidade by Sport TV"},"content":{"rendered":"\n<p>S\u00e3o os dois rostos que est\u00e3o por tr\u00e1s do sucesso do Campeonato de Portugal de Velocidade by Sport TV, apostando num formato diferenciador que atraiu, at\u00e9 agora, um excelente plantel de carros e pilotos, nacionais e internacionais.<\/p>\n\n\n\n<p>Pedro Marreiros e Paulo Pinheiro utilizaram em 2020 um Porsche 911 GT3 Cup 3.8 que lhes permitiu estar na luta pela vit\u00f3ria em todas as jornadas disputadas pelo Campeonato de Portugal de Velocidade by Sport TV.<\/p>\n\n\n\n<p>Essa oportunidade de lutar pela vit\u00f3ria em todas as provas permitiu que, no final da temporada, Pedro Marreiros e&nbsp;Paulo Pinheiro se sagrassem campe\u00f5es. Um t\u00edtulo mais adicionado ao longo palmar\u00e9s de Pedro Marreiros em Portugal e no estrangeiro, onde est\u00e1 um t\u00edtulo de campe\u00e3o de Espanha de GT em 2018. Para Paulo Pinheiro, piloto experimentado em v\u00e1rias provas internacionais, este foi o seu primeiro trof\u00e9u de vencedor a n\u00edvel nacional.<\/p>\n\n\n\n<p>Para 2021, reconhecendo que a fasquia est\u00e1 muito mais elevada e a qualidade de carros e pilotos exigia uma aposta&nbsp;mais firme, optaram pelo recurso a um 911 GT3 Cup 4.0, estando agora melhor \u201carmados\u201d para uma luta em pista que&nbsp;se avizinha dura, mas muito interessante.<\/p>\n\n\n\n<p>A dupla de pilotos vai estar presente em todas as provas calendarizadas come\u00e7ando, j\u00e1, no final de abril com a jornada tripla que se realiza no mesmo fim de semana do Grande Pr\u00e9mio de Portugal de F\u00f3rmula 1.<\/p>\n\n\n\n<p>Pedro Marreiros \u2013\u00a0<em>\u201cNos \u00faltimos anos tive algumas passagens pelo estrangeiro e sempre disse que faltava uma competi\u00e7\u00e3o desde calibre em Portugal. Depois do \u2018rascunho\u2019 de 2020,\u00a0finalmente temos uma competi\u00e7\u00e3o de velocidade\u00a0que merece receber o t\u00edtulo de \u2018Campeonato de Portugal\u2019, com um plantel de grande qualidade em termos de piloto e de m\u00e1quinas. Sinto-me orgulhoso, junto com o Paulo Pinheiro, de ter erigido esta competi\u00e7\u00e3o, que me fez abandonar as corridas no estrangeiro onde estava confort\u00e1vel para competir em Portugal e desfrutar de um campeonato que ser\u00e1 rico em emo\u00e7\u00e3o e incerteza\u00a0no resultado final. \u201c<\/em><\/p>\n\n\n\n<p>Paulo Pinheiro \u2013&nbsp;<em>\u201cEst\u00e1 a ser muito gratificante&nbsp;<\/em><em>colaborar no lan\u00e7amento das bases para uma competi\u00e7\u00e3o nacional de velocidade com cabe\u00e7a, tronco e membros que merece ser rotulada de \u201cCampeonato de Portugal\u201d e, evidentemente, \u00e9 um motivo de orgulho estar na g\u00e9nese de tudo isto. O lado competitivo acaba por ser fascinante e depois da vit\u00f3ria no Open em 2020, naturalmente que o projeto com o Pedro Marreiros tinha de continuar. E vamos \u00e0 luta bem \u2018armados\u2019 e na esperan\u00e7a de fazer o melhor poss\u00edvel. A competi\u00e7\u00e3o est\u00e1 forrada de pilotos de qualidade pelo que repetir o sucesso de 20<\/em><em>2<\/em><em>0 n\u00e3o ser\u00e1 f\u00e1cil.&nbsp;<\/em><em>Mas s\u00e3o esses os desafios mais estimulantes e&nbsp;<\/em><em>por isso vamos para a luta com fervor e vontade de ganhar.\u201d<\/em><\/p>\n","protected":false},"excerpt":{"rendered":"<p>S\u00e3o os dois rostos que est\u00e3o por tr\u00e1s do sucesso do Campeonato de Portugal de Velocidade by Sport TV, apostando<\/p>\n","protected":false},"author":1,"featured_media":7914,"comment_status":"closed","ping_status":"open","sticky":false,"template":"","format":"standard","meta":{"colormag_page_container_layout":"default_layout","colormag_page_sidebar_layout":"default_layout","_monsterinsights_skip_tracking":false,"_monsterinsights_sitenote_active":false,"_monsterinsights_sitenote_note":"","_monsterinsights_sitenote_category":0,"jetpack_post_was_ever_published":false,"_jetpack_newsletter_access":"","_jetpack_dont_email_post_to_subs":false,"_jetpack_newsletter_tier_id":0,"_jetpack_memberships_contains_paywalled_content":false,"_jetpack_memberships_contains_paid_content":false,"footnotes":"","jetpack_publicize_message":"","jetpack_publicize_feature_enabled":true,"jetpack_social_post_already_shared":true,"jetpack_social_options":{"image_generator_settings":{"template":"highway","default_image_id":0,"font":"","enabled":false},"version":2}},"categories":[15],"tags":[197,40],"class_list":["post-7913","post","type-post","status-publish","format-standard","has-post-thumbnail","hentry","category-desporto","tag-auto","tag-desporto"],"yoast_head":"<!-- This site is optimized with the Yoast SEO plugin v27.5 - https:\/\/yoast.com\/product\/yoast-seo-wordpress\/ -->\n<title>Pedro Marreiros e Paulo Pinheiro refor\u00e7am aposta no Campeonato de Portugal de Velocidade by Sport TV - Algarve 7<\/title>\n<meta name=\"description\" content=\"Pedro Marreiros e Paulo Pinheiro refor\u00e7am aposta no Campeonato de Portugal de Velocidade by Sport TV Desporto\" \/>\n<meta name=\"robots\" content=\"index, follow, max-snippet:-1, max-image-preview:large, max-video-preview:-1\" \/>\n<link rel=\"canonical\" href=\"https:\/\/algarve7.pt\/index.php\/2021\/04\/pedro-marreiros-e-paulo-pinheiro-reforcam-aposta-no-campeonato-de-portugal-de-velocidade-by-sport-tv\/desporto\/15\/41\/\" \/>\n<meta property=\"og:locale\" content=\"pt_PT\" \/>\n<meta property=\"og:type\" content=\"article\" \/>\n<meta property=\"og:title\" content=\"Pedro Marreiros e Paulo Pinheiro refor\u00e7am aposta no Campeonato de Portugal de Velocidade by Sport TV - Algarve 7\" \/>\n<meta property=\"og:description\" content=\"Pedro Marreiros e Paulo Pinheiro refor\u00e7am aposta no Campeonato de Portugal de Velocidade by Sport TV Desporto\" \/>\n<meta property=\"og:url\" content=\"https:\/\/algarve7.pt\/index.php\/2021\/04\/pedro-marreiros-e-paulo-pinheiro-reforcam-aposta-no-campeonato-de-portugal-de-velocidade-by-sport-tv\/desporto\/15\/41\/\" \/>\n<meta property=\"og:site_name\" content=\"Algarve 7\" \/>\n<meta property=\"article:publisher\" content=\"https:\/\/www.facebook.com\/algarve7\" \/>\n<meta property=\"article:author\" content=\"https:\/\/www.facebook.com\/algarve7\" \/>\n<meta property=\"article:published_time\" content=\"2021-04-25T14:41:08+00:00\" \/>\n<meta property=\"article:modified_time\" content=\"2021-04-25T14:41:13+00:00\" \/>\n<meta property=\"og:image\" content=\"https:\/\/algarve7.pt\/wp-content\/uploads\/2021\/04\/Marreiros-Pinheiro_3.jpg\" \/>\n\t<meta property=\"og:image:width\" content=\"1920\" \/>\n\t<meta property=\"og:image:height\" content=\"1079\" \/>\n\t<meta property=\"og:image:type\" content=\"image\/jpeg\" \/>\n<meta name=\"author\" content=\"Algarve 7\" \/>\n<meta name=\"twitter:card\" content=\"summary_large_image\" \/>\n<meta name=\"twitter:creator\" content=\"@Algarvesete\" \/>\n<meta name=\"twitter:site\" content=\"@Algarvesete\" \/>\n<meta name=\"twitter:label1\" content=\"Escrito por\" \/>\n\t<meta name=\"twitter:data1\" content=\"Algarve 7\" \/>\n\t<meta name=\"twitter:label2\" content=\"Tempo estimado de leitura\" \/>\n\t<meta name=\"twitter:data2\" content=\"2 minutos\" \/>\n<script type=\"application\/ld+json\" class=\"yoast-schema-graph\">{\"@context\":\"https:\\\/\\\/schema.org\",\"@graph\":[{\"@type\":\"Article\",\"@id\":\"https:\\\/\\\/algarve7.pt\\\/index.php\\\/2021\\\/04\\\/pedro-marreiros-e-paulo-pinheiro-reforcam-aposta-no-campeonato-de-portugal-de-velocidade-by-sport-tv\\\/desporto\\\/15\\\/41\\\/#article\",\"isPartOf\":{\"@id\":\"https:\\\/\\\/algarve7.pt\\\/index.php\\\/2021\\\/04\\\/pedro-marreiros-e-paulo-pinheiro-reforcam-aposta-no-campeonato-de-portugal-de-velocidade-by-sport-tv\\\/desporto\\\/15\\\/41\\\/\"},\"author\":{\"name\":\"Algarve 7\",\"@id\":\"https:\\\/\\\/algarve7.pt\\\/#\\\/schema\\\/person\\\/23fa70681308e7b319a3204bcea45e0c\"},\"headline\":\"Pedro Marreiros e Paulo Pinheiro refor\u00e7am aposta no Campeonato de Portugal de Velocidade by Sport TV\",\"datePublished\":\"2021-04-25T14:41:08+00:00\",\"dateModified\":\"2021-04-25T14:41:13+00:00\",\"mainEntityOfPage\":{\"@id\":\"https:\\\/\\\/algarve7.pt\\\/index.php\\\/2021\\\/04\\\/pedro-marreiros-e-paulo-pinheiro-reforcam-aposta-no-campeonato-de-portugal-de-velocidade-by-sport-tv\\\/desporto\\\/15\\\/41\\\/\"},\"wordCount\":492,\"publisher\":{\"@id\":\"https:\\\/\\\/algarve7.pt\\\/#organization\"},\"image\":{\"@id\":\"https:\\\/\\\/algarve7.pt\\\/index.php\\\/2021\\\/04\\\/pedro-marreiros-e-paulo-pinheiro-reforcam-aposta-no-campeonato-de-portugal-de-velocidade-by-sport-tv\\\/desporto\\\/15\\\/41\\\/#primaryimage\"},\"thumbnailUrl\":\"https:\\\/\\\/algarve7.pt\\\/wp-content\\\/uploads\\\/2021\\\/04\\\/Marreiros-Pinheiro_3.jpg\",\"keywords\":[\"Auto\",\"Desporto\"],\"articleSection\":[\"Desporto\"],\"inLanguage\":\"pt-PT\"},{\"@type\":\"WebPage\",\"@id\":\"https:\\\/\\\/algarve7.pt\\\/index.php\\\/2021\\\/04\\\/pedro-marreiros-e-paulo-pinheiro-reforcam-aposta-no-campeonato-de-portugal-de-velocidade-by-sport-tv\\\/desporto\\\/15\\\/41\\\/\",\"url\":\"https:\\\/\\\/algarve7.pt\\\/index.php\\\/2021\\\/04\\\/pedro-marreiros-e-paulo-pinheiro-reforcam-aposta-no-campeonato-de-portugal-de-velocidade-by-sport-tv\\\/desporto\\\/15\\\/41\\\/\",\"name\":\"Pedro Marreiros e Paulo Pinheiro refor\u00e7am aposta no Campeonato de Portugal de Velocidade by Sport TV - Algarve 7\",\"isPartOf\":{\"@id\":\"https:\\\/\\\/algarve7.pt\\\/#website\"},\"primaryImageOfPage\":{\"@id\":\"https:\\\/\\\/algarve7.pt\\\/index.php\\\/2021\\\/04\\\/pedro-marreiros-e-paulo-pinheiro-reforcam-aposta-no-campeonato-de-portugal-de-velocidade-by-sport-tv\\\/desporto\\\/15\\\/41\\\/#primaryimage\"},\"image\":{\"@id\":\"https:\\\/\\\/algarve7.pt\\\/index.php\\\/2021\\\/04\\\/pedro-marreiros-e-paulo-pinheiro-reforcam-aposta-no-campeonato-de-portugal-de-velocidade-by-sport-tv\\\/desporto\\\/15\\\/41\\\/#primaryimage\"},\"thumbnailUrl\":\"https:\\\/\\\/algarve7.pt\\\/wp-content\\\/uploads\\\/2021\\\/04\\\/Marreiros-Pinheiro_3.jpg\",\"datePublished\":\"2021-04-25T14:41:08+00:00\",\"dateModified\":\"2021-04-25T14:41:13+00:00\",\"description\":\"Pedro Marreiros e Paulo Pinheiro refor\u00e7am aposta no Campeonato de Portugal de Velocidade by Sport TV Desporto\",\"breadcrumb\":{\"@id\":\"https:\\\/\\\/algarve7.pt\\\/index.php\\\/2021\\\/04\\\/pedro-marreiros-e-paulo-pinheiro-reforcam-aposta-no-campeonato-de-portugal-de-velocidade-by-sport-tv\\\/desporto\\\/15\\\/41\\\/#breadcrumb\"},\"inLanguage\":\"pt-PT\",\"potentialAction\":[{\"@type\":\"ReadAction\",\"target\":[\"https:\\\/\\\/algarve7.pt\\\/index.php\\\/2021\\\/04\\\/pedro-marreiros-e-paulo-pinheiro-reforcam-aposta-no-campeonato-de-portugal-de-velocidade-by-sport-tv\\\/desporto\\\/15\\\/41\\\/\"]}]},{\"@type\":\"ImageObject\",\"inLanguage\":\"pt-PT\",\"@id\":\"https:\\\/\\\/algarve7.pt\\\/index.php\\\/2021\\\/04\\\/pedro-marreiros-e-paulo-pinheiro-reforcam-aposta-no-campeonato-de-portugal-de-velocidade-by-sport-tv\\\/desporto\\\/15\\\/41\\\/#primaryimage\",\"url\":\"https:\\\/\\\/algarve7.pt\\\/wp-content\\\/uploads\\\/2021\\\/04\\\/Marreiros-Pinheiro_3.jpg\",\"contentUrl\":\"https:\\\/\\\/algarve7.pt\\\/wp-content\\\/uploads\\\/2021\\\/04\\\/Marreiros-Pinheiro_3.jpg\",\"width\":1920,\"height\":1079},{\"@type\":\"BreadcrumbList\",\"@id\":\"https:\\\/\\\/algarve7.pt\\\/index.php\\\/2021\\\/04\\\/pedro-marreiros-e-paulo-pinheiro-reforcam-aposta-no-campeonato-de-portugal-de-velocidade-by-sport-tv\\\/desporto\\\/15\\\/41\\\/#breadcrumb\",\"itemListElement\":[{\"@type\":\"ListItem\",\"position\":1,\"name\":\"In\u00edcio\",\"item\":\"https:\\\/\\\/algarve7.pt\\\/\"},{\"@type\":\"ListItem\",\"position\":2,\"name\":\"Pedro Marreiros e Paulo Pinheiro refor\u00e7am aposta no Campeonato de Portugal de Velocidade by Sport TV\"}]},{\"@type\":\"WebSite\",\"@id\":\"https:\\\/\\\/algarve7.pt\\\/#website\",\"url\":\"https:\\\/\\\/algarve7.pt\\\/\",\"name\":\"Algarve 7\",\"description\":\"Informa\u00e7\u00e3o sobre o Algarve\",\"publisher\":{\"@id\":\"https:\\\/\\\/algarve7.pt\\\/#organization\"},\"potentialAction\":[{\"@type\":\"SearchAction\",\"target\":{\"@type\":\"EntryPoint\",\"urlTemplate\":\"https:\\\/\\\/algarve7.pt\\\/?s={search_term_string}\"},\"query-input\":{\"@type\":\"PropertyValueSpecification\",\"valueRequired\":true,\"valueName\":\"search_term_string\"}}],\"inLanguage\":\"pt-PT\"},{\"@type\":\"Organization\",\"@id\":\"https:\\\/\\\/algarve7.pt\\\/#organization\",\"name\":\"Algarve 7\",\"url\":\"https:\\\/\\\/algarve7.pt\\\/\",\"logo\":{\"@type\":\"ImageObject\",\"inLanguage\":\"pt-PT\",\"@id\":\"https:\\\/\\\/algarve7.pt\\\/#\\\/schema\\\/logo\\\/image\\\/\",\"url\":\"https:\\\/\\\/algarve7.pt\\\/wp-content\\\/uploads\\\/2020\\\/10\\\/Logo-8.jpg\",\"contentUrl\":\"https:\\\/\\\/algarve7.pt\\\/wp-content\\\/uploads\\\/2020\\\/10\\\/Logo-8.jpg\",\"width\":1680,\"height\":1186,\"caption\":\"Algarve 7\"},\"image\":{\"@id\":\"https:\\\/\\\/algarve7.pt\\\/#\\\/schema\\\/logo\\\/image\\\/\"},\"sameAs\":[\"https:\\\/\\\/www.facebook.com\\\/algarve7\",\"https:\\\/\\\/x.com\\\/Algarvesete\",\"https:\\\/\\\/www.instagram.com\\\/jornalalgarve7\\\/\",\"https:\\\/\\\/www.linkedin.com\\\/company\\\/algarve7\",\"https:\\\/\\\/www.pinterest.pt\\\/geral0939\\\/_created\\\/\"]},{\"@type\":\"Person\",\"@id\":\"https:\\\/\\\/algarve7.pt\\\/#\\\/schema\\\/person\\\/23fa70681308e7b319a3204bcea45e0c\",\"name\":\"Algarve 7\",\"sameAs\":[\"https:\\\/\\\/algarve7.pt\",\"https:\\\/\\\/www.facebook.com\\\/algarve7\"],\"url\":\"https:\\\/\\\/algarve7.pt\\\/index.php\\\/author\\\/geralalgarve7-pt\\\/\"}]}<\/script>\n<!-- \/ Yoast SEO plugin. -->","yoast_head_json":{"title":"Pedro Marreiros e Paulo Pinheiro refor\u00e7am aposta no Campeonato de Portugal de Velocidade by Sport TV - Algarve 7","description":"Pedro Marreiros e Paulo Pinheiro refor\u00e7am aposta no Campeonato de Portugal de Velocidade by Sport TV Desporto","robots":{"index":"index","follow":"follow","max-snippet":"max-snippet:-1","max-image-preview":"max-image-preview:large","max-video-preview":"max-video-preview:-1"},"canonical":"https:\/\/algarve7.pt\/index.php\/2021\/04\/pedro-marreiros-e-paulo-pinheiro-reforcam-aposta-no-campeonato-de-portugal-de-velocidade-by-sport-tv\/desporto\/15\/41\/","og_locale":"pt_PT","og_type":"article","og_title":"Pedro Marreiros e Paulo Pinheiro refor\u00e7am aposta no Campeonato de Portugal de Velocidade by Sport TV - Algarve 7","og_description":"Pedro Marreiros e Paulo Pinheiro refor\u00e7am aposta no Campeonato de Portugal de Velocidade by Sport TV Desporto","og_url":"https:\/\/algarve7.pt\/index.php\/2021\/04\/pedro-marreiros-e-paulo-pinheiro-reforcam-aposta-no-campeonato-de-portugal-de-velocidade-by-sport-tv\/desporto\/15\/41\/","og_site_name":"Algarve 7","article_publisher":"https:\/\/www.facebook.com\/algarve7","article_author":"https:\/\/www.facebook.com\/algarve7","article_published_time":"2021-04-25T14:41:08+00:00","article_modified_time":"2021-04-25T14:41:13+00:00","og_image":[{"width":1920,"height":1079,"url":"https:\/\/algarve7.pt\/wp-content\/uploads\/2021\/04\/Marreiros-Pinheiro_3.jpg","type":"image\/jpeg"}],"author":"Algarve 7","twitter_card":"summary_large_image","twitter_creator":"@Algarvesete","twitter_site":"@Algarvesete","twitter_misc":{"Escrito por":"Algarve 7","Tempo estimado de leitura":"2 minutos"},"schema":{"@context":"https:\/\/schema.org","@graph":[{"@type":"Article","@id":"https:\/\/algarve7.pt\/index.php\/2021\/04\/pedro-marreiros-e-paulo-pinheiro-reforcam-aposta-no-campeonato-de-portugal-de-velocidade-by-sport-tv\/desporto\/15\/41\/#article","isPartOf":{"@id":"https:\/\/algarve7.pt\/index.php\/2021\/04\/pedro-marreiros-e-paulo-pinheiro-reforcam-aposta-no-campeonato-de-portugal-de-velocidade-by-sport-tv\/desporto\/15\/41\/"},"author":{"name":"Algarve 7","@id":"https:\/\/algarve7.pt\/#\/schema\/person\/23fa70681308e7b319a3204bcea45e0c"},"headline":"Pedro Marreiros e Paulo Pinheiro refor\u00e7am aposta no Campeonato de Portugal de Velocidade by Sport TV","datePublished":"2021-04-25T14:41:08+00:00","dateModified":"2021-04-25T14:41:13+00:00","mainEntityOfPage":{"@id":"https:\/\/algarve7.pt\/index.php\/2021\/04\/pedro-marreiros-e-paulo-pinheiro-reforcam-aposta-no-campeonato-de-portugal-de-velocidade-by-sport-tv\/desporto\/15\/41\/"},"wordCount":492,"publisher":{"@id":"https:\/\/algarve7.pt\/#organization"},"image":{"@id":"https:\/\/algarve7.pt\/index.php\/2021\/04\/pedro-marreiros-e-paulo-pinheiro-reforcam-aposta-no-campeonato-de-portugal-de-velocidade-by-sport-tv\/desporto\/15\/41\/#primaryimage"},"thumbnailUrl":"https:\/\/algarve7.pt\/wp-content\/uploads\/2021\/04\/Marreiros-Pinheiro_3.jpg","keywords":["Auto","Desporto"],"articleSection":["Desporto"],"inLanguage":"pt-PT"},{"@type":"WebPage","@id":"https:\/\/algarve7.pt\/index.php\/2021\/04\/pedro-marreiros-e-paulo-pinheiro-reforcam-aposta-no-campeonato-de-portugal-de-velocidade-by-sport-tv\/desporto\/15\/41\/","url":"https:\/\/algarve7.pt\/index.php\/2021\/04\/pedro-marreiros-e-paulo-pinheiro-reforcam-aposta-no-campeonato-de-portugal-de-velocidade-by-sport-tv\/desporto\/15\/41\/","name":"Pedro Marreiros e Paulo Pinheiro refor\u00e7am aposta no Campeonato de Portugal de Velocidade by Sport TV - Algarve 7","isPartOf":{"@id":"https:\/\/algarve7.pt\/#website"},"primaryImageOfPage":{"@id":"https:\/\/algarve7.pt\/index.php\/2021\/04\/pedro-marreiros-e-paulo-pinheiro-reforcam-aposta-no-campeonato-de-portugal-de-velocidade-by-sport-tv\/desporto\/15\/41\/#primaryimage"},"image":{"@id":"https:\/\/algarve7.pt\/index.php\/2021\/04\/pedro-marreiros-e-paulo-pinheiro-reforcam-aposta-no-campeonato-de-portugal-de-velocidade-by-sport-tv\/desporto\/15\/41\/#primaryimage"},"thumbnailUrl":"https:\/\/algarve7.pt\/wp-content\/uploads\/2021\/04\/Marreiros-Pinheiro_3.jpg","datePublished":"2021-04-25T14:41:08+00:00","dateModified":"2021-04-25T14:41:13+00:00","description":"Pedro Marreiros e Paulo Pinheiro refor\u00e7am aposta no Campeonato de Portugal de Velocidade by Sport TV Desporto","breadcrumb":{"@id":"https:\/\/algarve7.pt\/index.php\/2021\/04\/pedro-marreiros-e-paulo-pinheiro-reforcam-aposta-no-campeonato-de-portugal-de-velocidade-by-sport-tv\/desporto\/15\/41\/#breadcrumb"},"inLanguage":"pt-PT","potentialAction":[{"@type":"ReadAction","target":["https:\/\/algarve7.pt\/index.php\/2021\/04\/pedro-marreiros-e-paulo-pinheiro-reforcam-aposta-no-campeonato-de-portugal-de-velocidade-by-sport-tv\/desporto\/15\/41\/"]}]},{"@type":"ImageObject","inLanguage":"pt-PT","@id":"https:\/\/algarve7.pt\/index.php\/2021\/04\/pedro-marreiros-e-paulo-pinheiro-reforcam-aposta-no-campeonato-de-portugal-de-velocidade-by-sport-tv\/desporto\/15\/41\/#primaryimage","url":"https:\/\/algarve7.pt\/wp-content\/uploads\/2021\/04\/Marreiros-Pinheiro_3.jpg","contentUrl":"https:\/\/algarve7.pt\/wp-content\/uploads\/2021\/04\/Marreiros-Pinheiro_3.jpg","width":1920,"height":1079},{"@type":"BreadcrumbList","@id":"https:\/\/algarve7.pt\/index.php\/2021\/04\/pedro-marreiros-e-paulo-pinheiro-reforcam-aposta-no-campeonato-de-portugal-de-velocidade-by-sport-tv\/desporto\/15\/41\/#breadcrumb","itemListElement":[{"@type":"ListItem","position":1,"name":"In\u00edcio","item":"https:\/\/algarve7.pt\/"},{"@type":"ListItem","position":2,"name":"Pedro Marreiros e Paulo Pinheiro refor\u00e7am aposta no Campeonato de Portugal de Velocidade by Sport TV"}]},{"@type":"WebSite","@id":"https:\/\/algarve7.pt\/#website","url":"https:\/\/algarve7.pt\/","name":"Algarve 7","description":"Informa\u00e7\u00e3o sobre o Algarve","publisher":{"@id":"https:\/\/algarve7.pt\/#organization"},"potentialAction":[{"@type":"SearchAction","target":{"@type":"EntryPoint","urlTemplate":"https:\/\/algarve7.pt\/?s={search_term_string}"},"query-input":{"@type":"PropertyValueSpecification","valueRequired":true,"valueName":"search_term_string"}}],"inLanguage":"pt-PT"},{"@type":"Organization","@id":"https:\/\/algarve7.pt\/#organization","name":"Algarve 7","url":"https:\/\/algarve7.pt\/","logo":{"@type":"ImageObject","inLanguage":"pt-PT","@id":"https:\/\/algarve7.pt\/#\/schema\/logo\/image\/","url":"https:\/\/algarve7.pt\/wp-content\/uploads\/2020\/10\/Logo-8.jpg","contentUrl":"https:\/\/algarve7.pt\/wp-content\/uploads\/2020\/10\/Logo-8.jpg","width":1680,"height":1186,"caption":"Algarve 7"},"image":{"@id":"https:\/\/algarve7.pt\/#\/schema\/logo\/image\/"},"sameAs":["https:\/\/www.facebook.com\/algarve7","https:\/\/x.com\/Algarvesete","https:\/\/www.instagram.com\/jornalalgarve7\/","https:\/\/www.linkedin.com\/company\/algarve7","https:\/\/www.pinterest.pt\/geral0939\/_created\/"]},{"@type":"Person","@id":"https:\/\/algarve7.pt\/#\/schema\/person\/23fa70681308e7b319a3204bcea45e0c","name":"Algarve 7","sameAs":["https:\/\/algarve7.pt","https:\/\/www.facebook.com\/algarve7"],"url":"https:\/\/algarve7.pt\/index.php\/author\/geralalgarve7-pt\/"}]}},"jetpack_publicize_connections":[],"jetpack_featured_media_url":"https:\/\/algarve7.pt\/wp-content\/uploads\/2021\/04\/Marreiros-Pinheiro_3.jpg","jetpack_shortlink":"https:\/\/wp.me\/pcezmW-23D","jetpack_sharing_enabled":true,"_links":{"self":[{"href":"https:\/\/algarve7.pt\/index.php\/wp-json\/wp\/v2\/posts\/7913","targetHints":{"allow":["GET"]}}],"collection":[{"href":"https:\/\/algarve7.pt\/index.php\/wp-json\/wp\/v2\/posts"}],"about":[{"href":"https:\/\/algarve7.pt\/index.php\/wp-json\/wp\/v2\/types\/post"}],"author":[{"embeddable":true,"href":"https:\/\/algarve7.pt\/index.php\/wp-json\/wp\/v2\/users\/1"}],"replies":[{"embeddable":true,"href":"https:\/\/algarve7.pt\/index.php\/wp-json\/wp\/v2\/comments?post=7913"}],"version-history":[{"count":0,"href":"https:\/\/algarve7.pt\/index.php\/wp-json\/wp\/v2\/posts\/7913\/revisions"}],"wp:featuredmedia":[{"embeddable":true,"href":"https:\/\/algarve7.pt\/index.php\/wp-json\/wp\/v2\/media\/7914"}],"wp:attachment":[{"href":"https:\/\/algarve7.pt\/index.php\/wp-json\/wp\/v2\/media?parent=7913"}],"wp:term":[{"taxonomy":"category","embeddable":true,"href":"https:\/\/algarve7.pt\/index.php\/wp-json\/wp\/v2\/categories?post=7913"},{"taxonomy":"post_tag","embeddable":true,"href":"https:\/\/algarve7.pt\/index.php\/wp-json\/wp\/v2\/tags?post=7913"}],"curies":[{"name":"wp","href":"https:\/\/api.w.org\/{rel}","templated":true}]}}