{"id":7909,"date":"2021-04-24T18:38:21","date_gmt":"2021-04-24T17:38:21","guid":{"rendered":"https:\/\/algarve7.pt\/?p=7909"},"modified":"2021-04-24T18:38:25","modified_gmt":"2021-04-24T17:38:25","slug":"o-cancioneiro-popular-do-concelho-de-loule-reune-o-trabalho-de-65-poetas-do-concelho","status":"publish","type":"post","link":"https:\/\/algarve7.pt\/index.php\/2021\/04\/o-cancioneiro-popular-do-concelho-de-loule-reune-o-trabalho-de-65-poetas-do-concelho\/cultura\/18\/38\/","title":{"rendered":"O \u201cCancioneiro popular do concelho de Loul\u00e9\u201d re\u00fane o trabalho de 65 poetas do concelho"},"content":{"rendered":"\n<p>Celebrou-se ontem, 23 de abril, o Dia Mundial do Livro, uma data especial que o Munic\u00edpio de Loul\u00e9 escolheu para apresentar o \u201cCancioneiro Popular do Concelho de Loul\u00e9\u201d. No Pal\u00e1cio Gama Lobo, esta obra que vem perpetuar mem\u00f3rias, tradi\u00e7\u00f5es, saberes e viv\u00eancias, foi dada a conhecer ao p\u00fablico, numa cerim\u00f3nia que contou com v\u00e1rias personalidades ligadas \u00e0s letras e \u00e0 vida cultural louletana, com destaque para a escritora L\u00eddia Jorge e Guilherme D\u2019Oliveira Martins. Mas tamb\u00e9m a Ministra da Coes\u00e3o Territorial, Ana Abrunhosa, testemunhou aqui mais um dos valores ativos do aspirante Geoparque Algarvensis Loul\u00e9-Silves-Albufeira.<\/p>\n\n\n\n<p>\u201cO Cancioneiro Popular do Concelho de Loul\u00e9\u201d re\u00fane o trabalho de 65 poetas das 9 freguesias deste munic\u00edpio, em 5 volumes, num total de mais de 2 mil p\u00e1ginas. Nasce de uma parceria entre a Autarquia e a Faculdade de Ci\u00eancias Humanas e Sociais da Universidade do Algarve, que come\u00e7ou ainda antes da pandemia, o que n\u00e3o inviabilizou o processo, como explicou Jo\u00e3o Minho Marques, o docente que coordenou a obra.&nbsp;<\/p>\n\n\n\n<p>De entre os temas apresentados, a \u201cdiversidade e riqueza\u201d est\u00e3o presentes: \u201cdesde mem\u00f3rias de costumes bastante antigos, passando pelo registo de impress\u00e3o da paisagem de h\u00e1 mais de meio s\u00e9culo, at\u00e9 imagens de uma topografia que importa preservar, apesar de alterada pela imut\u00e1vel marcha do progresso\u201d, como indicou o coordenador deste Cancioneiro, Jo\u00e3o Minhoto Marques, que se associou por videoconfer\u00eancia a esta apresenta\u00e7\u00e3o.<\/p>\n\n\n\n<p>Sinal tanto de \u201cresist\u00eancia\u201d como de \u201cinspira\u00e7\u00e3o\u201d, esta recolha antol\u00f3gica visa \u201cpreservar a mem\u00f3ria do povo louletano\u201d, num concelho onde o \u201ccancioneiro faz sentido e \u00e9 atual\u201d, de acordo com as palavras do administrador executivo da Funda\u00e7\u00e3o Calouste Gulbenkian, Guilherme D\u2019Oliveira Martins, numa refer\u00eancia desde logo a Ant\u00f3nio Aleixo, o maior poeta popular portugu\u00eas, Casimiro de Brito, L\u00eddia Jorge e ainda ao papel de Maria Aliete Galhoz na preserva\u00e7\u00e3o do patrim\u00f3nio oral.<\/p>\n\n\n\n<p>\u201cEste cancioneiro \u00e9 tamb\u00e9m Geoparque porque \u00e9 a valoriza\u00e7\u00e3o das pessoas e do nosso patrim\u00f3nio cultural e humano\u201d, explicou V\u00edtor Aleixo, no dia em o territ\u00f3rio Algarvensis Loul\u00e9-Silves-Albufeira que quer obter a chancela de Geoparque Mundial da Humanidade da UNESCO esteve em destaque.<\/p>\n\n\n\n<p>O autarca expressou o \u201csentimento de dever cumprido\u201d com o lan\u00e7amento desta obra. \u201cFaltava honrar esta tradi\u00e7\u00e3o cultural t\u00e3o viva e mantida ao longo dos anos pelo povo genu\u00edno. Traduz a obra do povo, os seus saberes ancestrais, enriquece-nos com sensibilidades, atravessa os s\u00e9culos e \u00e9 t\u00e3o importante\u201d, acrescentou.<\/p>\n\n\n\n<p>A Ministra Ana Abrunhosa, que durante o dia teve a oportunidade de visitar o territ\u00f3rio Aspirante Geoparque Algarvensis, falou do \u201ccontributo inestim\u00e1vel de Loul\u00e9\u201d para a valoriza\u00e7\u00e3o do papel da hist\u00f3ria e da cultura na educa\u00e7\u00e3o. \u201cO registo escrito num cancioneiro \u00e9, de facto, muito importante para n\u00e3o perdermos este patrim\u00f3nio t\u00e3o valioso\u201d, afirmou, sublinhando a componente identit\u00e1ria deste ato. \u201c. \u00c9 um trabalho para o presente, mas para que ficar\u00e1 para a posterioridade, destinado a preservar e a promover o nosso patrim\u00f3nio cultural e aquilo que \u00e9 muito importante para a coes\u00e3o e para o desenvolvimento da nossa identidade\u201d.<\/p>\n\n\n\n<p>J\u00e1 o diretor&nbsp;da&nbsp;Faculdade de Ci\u00eancias Humanas e Sociais da Universidade do Algarve, Nuno Bicho, n\u00e3o quis deixar de enaltecer&nbsp;o \u201cempenho efetivo\u201d da C\u00e2mara Municipal de Loul\u00e9 que, com esta iniciativa, e muitas outras, tem possibilitado \u00e0 Universidade o envolvimento no conjunto do trabalho ao n\u00edvel \u201cda nossa ci\u00eancia, da nossa cultura e do nosso patrim\u00f3nio\u201d.&nbsp;<\/p>\n","protected":false},"excerpt":{"rendered":"<p>Celebrou-se ontem, 23 de abril, o Dia Mundial do Livro, uma data especial que o Munic\u00edpio de Loul\u00e9 escolheu para<\/p>\n","protected":false},"author":1,"featured_media":7910,"comment_status":"closed","ping_status":"open","sticky":false,"template":"","format":"standard","meta":{"colormag_page_container_layout":"default_layout","colormag_page_sidebar_layout":"default_layout","_monsterinsights_skip_tracking":false,"_monsterinsights_sitenote_active":false,"_monsterinsights_sitenote_note":"","_monsterinsights_sitenote_category":0,"jetpack_post_was_ever_published":false,"_jetpack_newsletter_access":"","_jetpack_dont_email_post_to_subs":false,"_jetpack_newsletter_tier_id":0,"_jetpack_memberships_contains_paywalled_content":false,"_jetpack_memberships_contains_paid_content":false,"footnotes":"","jetpack_publicize_message":"","jetpack_publicize_feature_enabled":true,"jetpack_social_post_already_shared":true,"jetpack_social_options":{"image_generator_settings":{"template":"highway","default_image_id":0,"font":"","enabled":false},"version":2}},"categories":[14],"tags":[36,35,201,31],"class_list":["post-7909","post","type-post","status-publish","format-standard","has-post-thumbnail","hentry","category-cultura","tag-algarve","tag-cultura","tag-livros","tag-loule"],"yoast_head":"<!-- This site is optimized with the Yoast SEO plugin v27.5 - https:\/\/yoast.com\/product\/yoast-seo-wordpress\/ -->\n<title>O \u201cCancioneiro popular do concelho de Loul\u00e9\u201d re\u00fane o trabalho de 65 poetas do concelho - Algarve 7<\/title>\n<meta name=\"description\" content=\"O \u201cCancioneiro popular do concelho de Loul\u00e9\u201d re\u00fane o trabalho de 65 poetas do concelho Cultura\" \/>\n<meta name=\"robots\" content=\"index, follow, max-snippet:-1, max-image-preview:large, max-video-preview:-1\" \/>\n<link rel=\"canonical\" href=\"https:\/\/algarve7.pt\/index.php\/2021\/04\/o-cancioneiro-popular-do-concelho-de-loule-reune-o-trabalho-de-65-poetas-do-concelho\/cultura\/18\/38\/\" \/>\n<meta property=\"og:locale\" content=\"pt_PT\" \/>\n<meta property=\"og:type\" content=\"article\" \/>\n<meta property=\"og:title\" content=\"O \u201cCancioneiro popular do concelho de Loul\u00e9\u201d re\u00fane o trabalho de 65 poetas do concelho - Algarve 7\" \/>\n<meta property=\"og:description\" content=\"O \u201cCancioneiro popular do concelho de Loul\u00e9\u201d re\u00fane o trabalho de 65 poetas do concelho Cultura\" \/>\n<meta property=\"og:url\" content=\"https:\/\/algarve7.pt\/index.php\/2021\/04\/o-cancioneiro-popular-do-concelho-de-loule-reune-o-trabalho-de-65-poetas-do-concelho\/cultura\/18\/38\/\" \/>\n<meta property=\"og:site_name\" content=\"Algarve 7\" \/>\n<meta property=\"article:publisher\" content=\"https:\/\/www.facebook.com\/algarve7\" \/>\n<meta property=\"article:author\" content=\"https:\/\/www.facebook.com\/algarve7\" \/>\n<meta property=\"article:published_time\" content=\"2021-04-24T17:38:21+00:00\" \/>\n<meta property=\"article:modified_time\" content=\"2021-04-24T17:38:25+00:00\" \/>\n<meta property=\"og:image\" content=\"https:\/\/algarve7.pt\/wp-content\/uploads\/2021\/04\/Visita-de-Ana-Abrunhosa-ao-Geoparque-Algarvensis-23-04-2021-279.jpg\" \/>\n\t<meta property=\"og:image:width\" content=\"1024\" \/>\n\t<meta property=\"og:image:height\" content=\"683\" \/>\n\t<meta property=\"og:image:type\" content=\"image\/jpeg\" \/>\n<meta name=\"author\" content=\"Algarve 7\" \/>\n<meta name=\"twitter:card\" content=\"summary_large_image\" \/>\n<meta name=\"twitter:creator\" content=\"@Algarvesete\" \/>\n<meta name=\"twitter:site\" content=\"@Algarvesete\" \/>\n<meta name=\"twitter:label1\" content=\"Escrito por\" \/>\n\t<meta name=\"twitter:data1\" content=\"Algarve 7\" \/>\n\t<meta name=\"twitter:label2\" content=\"Tempo estimado de leitura\" \/>\n\t<meta name=\"twitter:data2\" content=\"3 minutos\" \/>\n<script type=\"application\/ld+json\" class=\"yoast-schema-graph\">{\"@context\":\"https:\\\/\\\/schema.org\",\"@graph\":[{\"@type\":\"Article\",\"@id\":\"https:\\\/\\\/algarve7.pt\\\/index.php\\\/2021\\\/04\\\/o-cancioneiro-popular-do-concelho-de-loule-reune-o-trabalho-de-65-poetas-do-concelho\\\/cultura\\\/18\\\/38\\\/#article\",\"isPartOf\":{\"@id\":\"https:\\\/\\\/algarve7.pt\\\/index.php\\\/2021\\\/04\\\/o-cancioneiro-popular-do-concelho-de-loule-reune-o-trabalho-de-65-poetas-do-concelho\\\/cultura\\\/18\\\/38\\\/\"},\"author\":{\"name\":\"Algarve 7\",\"@id\":\"https:\\\/\\\/algarve7.pt\\\/#\\\/schema\\\/person\\\/23fa70681308e7b319a3204bcea45e0c\"},\"headline\":\"O \u201cCancioneiro popular do concelho de Loul\u00e9\u201d re\u00fane o trabalho de 65 poetas do concelho\",\"datePublished\":\"2021-04-24T17:38:21+00:00\",\"dateModified\":\"2021-04-24T17:38:25+00:00\",\"mainEntityOfPage\":{\"@id\":\"https:\\\/\\\/algarve7.pt\\\/index.php\\\/2021\\\/04\\\/o-cancioneiro-popular-do-concelho-de-loule-reune-o-trabalho-de-65-poetas-do-concelho\\\/cultura\\\/18\\\/38\\\/\"},\"wordCount\":625,\"publisher\":{\"@id\":\"https:\\\/\\\/algarve7.pt\\\/#organization\"},\"image\":{\"@id\":\"https:\\\/\\\/algarve7.pt\\\/index.php\\\/2021\\\/04\\\/o-cancioneiro-popular-do-concelho-de-loule-reune-o-trabalho-de-65-poetas-do-concelho\\\/cultura\\\/18\\\/38\\\/#primaryimage\"},\"thumbnailUrl\":\"https:\\\/\\\/algarve7.pt\\\/wp-content\\\/uploads\\\/2021\\\/04\\\/Visita-de-Ana-Abrunhosa-ao-Geoparque-Algarvensis-23-04-2021-279.jpg\",\"keywords\":[\"Algarve\",\"Cultura\",\"Livros\",\"Loul\u00e9\"],\"articleSection\":[\"Cultura\"],\"inLanguage\":\"pt-PT\"},{\"@type\":\"WebPage\",\"@id\":\"https:\\\/\\\/algarve7.pt\\\/index.php\\\/2021\\\/04\\\/o-cancioneiro-popular-do-concelho-de-loule-reune-o-trabalho-de-65-poetas-do-concelho\\\/cultura\\\/18\\\/38\\\/\",\"url\":\"https:\\\/\\\/algarve7.pt\\\/index.php\\\/2021\\\/04\\\/o-cancioneiro-popular-do-concelho-de-loule-reune-o-trabalho-de-65-poetas-do-concelho\\\/cultura\\\/18\\\/38\\\/\",\"name\":\"O \u201cCancioneiro popular do concelho de Loul\u00e9\u201d re\u00fane o trabalho de 65 poetas do concelho - Algarve 7\",\"isPartOf\":{\"@id\":\"https:\\\/\\\/algarve7.pt\\\/#website\"},\"primaryImageOfPage\":{\"@id\":\"https:\\\/\\\/algarve7.pt\\\/index.php\\\/2021\\\/04\\\/o-cancioneiro-popular-do-concelho-de-loule-reune-o-trabalho-de-65-poetas-do-concelho\\\/cultura\\\/18\\\/38\\\/#primaryimage\"},\"image\":{\"@id\":\"https:\\\/\\\/algarve7.pt\\\/index.php\\\/2021\\\/04\\\/o-cancioneiro-popular-do-concelho-de-loule-reune-o-trabalho-de-65-poetas-do-concelho\\\/cultura\\\/18\\\/38\\\/#primaryimage\"},\"thumbnailUrl\":\"https:\\\/\\\/algarve7.pt\\\/wp-content\\\/uploads\\\/2021\\\/04\\\/Visita-de-Ana-Abrunhosa-ao-Geoparque-Algarvensis-23-04-2021-279.jpg\",\"datePublished\":\"2021-04-24T17:38:21+00:00\",\"dateModified\":\"2021-04-24T17:38:25+00:00\",\"description\":\"O \u201cCancioneiro popular do concelho de Loul\u00e9\u201d re\u00fane o trabalho de 65 poetas do concelho Cultura\",\"breadcrumb\":{\"@id\":\"https:\\\/\\\/algarve7.pt\\\/index.php\\\/2021\\\/04\\\/o-cancioneiro-popular-do-concelho-de-loule-reune-o-trabalho-de-65-poetas-do-concelho\\\/cultura\\\/18\\\/38\\\/#breadcrumb\"},\"inLanguage\":\"pt-PT\",\"potentialAction\":[{\"@type\":\"ReadAction\",\"target\":[\"https:\\\/\\\/algarve7.pt\\\/index.php\\\/2021\\\/04\\\/o-cancioneiro-popular-do-concelho-de-loule-reune-o-trabalho-de-65-poetas-do-concelho\\\/cultura\\\/18\\\/38\\\/\"]}]},{\"@type\":\"ImageObject\",\"inLanguage\":\"pt-PT\",\"@id\":\"https:\\\/\\\/algarve7.pt\\\/index.php\\\/2021\\\/04\\\/o-cancioneiro-popular-do-concelho-de-loule-reune-o-trabalho-de-65-poetas-do-concelho\\\/cultura\\\/18\\\/38\\\/#primaryimage\",\"url\":\"https:\\\/\\\/algarve7.pt\\\/wp-content\\\/uploads\\\/2021\\\/04\\\/Visita-de-Ana-Abrunhosa-ao-Geoparque-Algarvensis-23-04-2021-279.jpg\",\"contentUrl\":\"https:\\\/\\\/algarve7.pt\\\/wp-content\\\/uploads\\\/2021\\\/04\\\/Visita-de-Ana-Abrunhosa-ao-Geoparque-Algarvensis-23-04-2021-279.jpg\",\"width\":1024,\"height\":683},{\"@type\":\"BreadcrumbList\",\"@id\":\"https:\\\/\\\/algarve7.pt\\\/index.php\\\/2021\\\/04\\\/o-cancioneiro-popular-do-concelho-de-loule-reune-o-trabalho-de-65-poetas-do-concelho\\\/cultura\\\/18\\\/38\\\/#breadcrumb\",\"itemListElement\":[{\"@type\":\"ListItem\",\"position\":1,\"name\":\"In\u00edcio\",\"item\":\"https:\\\/\\\/algarve7.pt\\\/\"},{\"@type\":\"ListItem\",\"position\":2,\"name\":\"O \u201cCancioneiro popular do concelho de Loul\u00e9\u201d re\u00fane o trabalho de 65 poetas do concelho\"}]},{\"@type\":\"WebSite\",\"@id\":\"https:\\\/\\\/algarve7.pt\\\/#website\",\"url\":\"https:\\\/\\\/algarve7.pt\\\/\",\"name\":\"Algarve 7\",\"description\":\"Informa\u00e7\u00e3o sobre o Algarve\",\"publisher\":{\"@id\":\"https:\\\/\\\/algarve7.pt\\\/#organization\"},\"potentialAction\":[{\"@type\":\"SearchAction\",\"target\":{\"@type\":\"EntryPoint\",\"urlTemplate\":\"https:\\\/\\\/algarve7.pt\\\/?s={search_term_string}\"},\"query-input\":{\"@type\":\"PropertyValueSpecification\",\"valueRequired\":true,\"valueName\":\"search_term_string\"}}],\"inLanguage\":\"pt-PT\"},{\"@type\":\"Organization\",\"@id\":\"https:\\\/\\\/algarve7.pt\\\/#organization\",\"name\":\"Algarve 7\",\"url\":\"https:\\\/\\\/algarve7.pt\\\/\",\"logo\":{\"@type\":\"ImageObject\",\"inLanguage\":\"pt-PT\",\"@id\":\"https:\\\/\\\/algarve7.pt\\\/#\\\/schema\\\/logo\\\/image\\\/\",\"url\":\"https:\\\/\\\/algarve7.pt\\\/wp-content\\\/uploads\\\/2020\\\/10\\\/Logo-8.jpg\",\"contentUrl\":\"https:\\\/\\\/algarve7.pt\\\/wp-content\\\/uploads\\\/2020\\\/10\\\/Logo-8.jpg\",\"width\":1680,\"height\":1186,\"caption\":\"Algarve 7\"},\"image\":{\"@id\":\"https:\\\/\\\/algarve7.pt\\\/#\\\/schema\\\/logo\\\/image\\\/\"},\"sameAs\":[\"https:\\\/\\\/www.facebook.com\\\/algarve7\",\"https:\\\/\\\/x.com\\\/Algarvesete\",\"https:\\\/\\\/www.instagram.com\\\/jornalalgarve7\\\/\",\"https:\\\/\\\/www.linkedin.com\\\/company\\\/algarve7\",\"https:\\\/\\\/www.pinterest.pt\\\/geral0939\\\/_created\\\/\"]},{\"@type\":\"Person\",\"@id\":\"https:\\\/\\\/algarve7.pt\\\/#\\\/schema\\\/person\\\/23fa70681308e7b319a3204bcea45e0c\",\"name\":\"Algarve 7\",\"sameAs\":[\"https:\\\/\\\/algarve7.pt\",\"https:\\\/\\\/www.facebook.com\\\/algarve7\"],\"url\":\"https:\\\/\\\/algarve7.pt\\\/index.php\\\/author\\\/geralalgarve7-pt\\\/\"}]}<\/script>\n<!-- \/ Yoast SEO plugin. -->","yoast_head_json":{"title":"O \u201cCancioneiro popular do concelho de Loul\u00e9\u201d re\u00fane o trabalho de 65 poetas do concelho - Algarve 7","description":"O \u201cCancioneiro popular do concelho de Loul\u00e9\u201d re\u00fane o trabalho de 65 poetas do concelho Cultura","robots":{"index":"index","follow":"follow","max-snippet":"max-snippet:-1","max-image-preview":"max-image-preview:large","max-video-preview":"max-video-preview:-1"},"canonical":"https:\/\/algarve7.pt\/index.php\/2021\/04\/o-cancioneiro-popular-do-concelho-de-loule-reune-o-trabalho-de-65-poetas-do-concelho\/cultura\/18\/38\/","og_locale":"pt_PT","og_type":"article","og_title":"O \u201cCancioneiro popular do concelho de Loul\u00e9\u201d re\u00fane o trabalho de 65 poetas do concelho - Algarve 7","og_description":"O \u201cCancioneiro popular do concelho de Loul\u00e9\u201d re\u00fane o trabalho de 65 poetas do concelho Cultura","og_url":"https:\/\/algarve7.pt\/index.php\/2021\/04\/o-cancioneiro-popular-do-concelho-de-loule-reune-o-trabalho-de-65-poetas-do-concelho\/cultura\/18\/38\/","og_site_name":"Algarve 7","article_publisher":"https:\/\/www.facebook.com\/algarve7","article_author":"https:\/\/www.facebook.com\/algarve7","article_published_time":"2021-04-24T17:38:21+00:00","article_modified_time":"2021-04-24T17:38:25+00:00","og_image":[{"width":1024,"height":683,"url":"https:\/\/algarve7.pt\/wp-content\/uploads\/2021\/04\/Visita-de-Ana-Abrunhosa-ao-Geoparque-Algarvensis-23-04-2021-279.jpg","type":"image\/jpeg"}],"author":"Algarve 7","twitter_card":"summary_large_image","twitter_creator":"@Algarvesete","twitter_site":"@Algarvesete","twitter_misc":{"Escrito por":"Algarve 7","Tempo estimado de leitura":"3 minutos"},"schema":{"@context":"https:\/\/schema.org","@graph":[{"@type":"Article","@id":"https:\/\/algarve7.pt\/index.php\/2021\/04\/o-cancioneiro-popular-do-concelho-de-loule-reune-o-trabalho-de-65-poetas-do-concelho\/cultura\/18\/38\/#article","isPartOf":{"@id":"https:\/\/algarve7.pt\/index.php\/2021\/04\/o-cancioneiro-popular-do-concelho-de-loule-reune-o-trabalho-de-65-poetas-do-concelho\/cultura\/18\/38\/"},"author":{"name":"Algarve 7","@id":"https:\/\/algarve7.pt\/#\/schema\/person\/23fa70681308e7b319a3204bcea45e0c"},"headline":"O \u201cCancioneiro popular do concelho de Loul\u00e9\u201d re\u00fane o trabalho de 65 poetas do concelho","datePublished":"2021-04-24T17:38:21+00:00","dateModified":"2021-04-24T17:38:25+00:00","mainEntityOfPage":{"@id":"https:\/\/algarve7.pt\/index.php\/2021\/04\/o-cancioneiro-popular-do-concelho-de-loule-reune-o-trabalho-de-65-poetas-do-concelho\/cultura\/18\/38\/"},"wordCount":625,"publisher":{"@id":"https:\/\/algarve7.pt\/#organization"},"image":{"@id":"https:\/\/algarve7.pt\/index.php\/2021\/04\/o-cancioneiro-popular-do-concelho-de-loule-reune-o-trabalho-de-65-poetas-do-concelho\/cultura\/18\/38\/#primaryimage"},"thumbnailUrl":"https:\/\/algarve7.pt\/wp-content\/uploads\/2021\/04\/Visita-de-Ana-Abrunhosa-ao-Geoparque-Algarvensis-23-04-2021-279.jpg","keywords":["Algarve","Cultura","Livros","Loul\u00e9"],"articleSection":["Cultura"],"inLanguage":"pt-PT"},{"@type":"WebPage","@id":"https:\/\/algarve7.pt\/index.php\/2021\/04\/o-cancioneiro-popular-do-concelho-de-loule-reune-o-trabalho-de-65-poetas-do-concelho\/cultura\/18\/38\/","url":"https:\/\/algarve7.pt\/index.php\/2021\/04\/o-cancioneiro-popular-do-concelho-de-loule-reune-o-trabalho-de-65-poetas-do-concelho\/cultura\/18\/38\/","name":"O \u201cCancioneiro popular do concelho de Loul\u00e9\u201d re\u00fane o trabalho de 65 poetas do concelho - Algarve 7","isPartOf":{"@id":"https:\/\/algarve7.pt\/#website"},"primaryImageOfPage":{"@id":"https:\/\/algarve7.pt\/index.php\/2021\/04\/o-cancioneiro-popular-do-concelho-de-loule-reune-o-trabalho-de-65-poetas-do-concelho\/cultura\/18\/38\/#primaryimage"},"image":{"@id":"https:\/\/algarve7.pt\/index.php\/2021\/04\/o-cancioneiro-popular-do-concelho-de-loule-reune-o-trabalho-de-65-poetas-do-concelho\/cultura\/18\/38\/#primaryimage"},"thumbnailUrl":"https:\/\/algarve7.pt\/wp-content\/uploads\/2021\/04\/Visita-de-Ana-Abrunhosa-ao-Geoparque-Algarvensis-23-04-2021-279.jpg","datePublished":"2021-04-24T17:38:21+00:00","dateModified":"2021-04-24T17:38:25+00:00","description":"O \u201cCancioneiro popular do concelho de Loul\u00e9\u201d re\u00fane o trabalho de 65 poetas do concelho Cultura","breadcrumb":{"@id":"https:\/\/algarve7.pt\/index.php\/2021\/04\/o-cancioneiro-popular-do-concelho-de-loule-reune-o-trabalho-de-65-poetas-do-concelho\/cultura\/18\/38\/#breadcrumb"},"inLanguage":"pt-PT","potentialAction":[{"@type":"ReadAction","target":["https:\/\/algarve7.pt\/index.php\/2021\/04\/o-cancioneiro-popular-do-concelho-de-loule-reune-o-trabalho-de-65-poetas-do-concelho\/cultura\/18\/38\/"]}]},{"@type":"ImageObject","inLanguage":"pt-PT","@id":"https:\/\/algarve7.pt\/index.php\/2021\/04\/o-cancioneiro-popular-do-concelho-de-loule-reune-o-trabalho-de-65-poetas-do-concelho\/cultura\/18\/38\/#primaryimage","url":"https:\/\/algarve7.pt\/wp-content\/uploads\/2021\/04\/Visita-de-Ana-Abrunhosa-ao-Geoparque-Algarvensis-23-04-2021-279.jpg","contentUrl":"https:\/\/algarve7.pt\/wp-content\/uploads\/2021\/04\/Visita-de-Ana-Abrunhosa-ao-Geoparque-Algarvensis-23-04-2021-279.jpg","width":1024,"height":683},{"@type":"BreadcrumbList","@id":"https:\/\/algarve7.pt\/index.php\/2021\/04\/o-cancioneiro-popular-do-concelho-de-loule-reune-o-trabalho-de-65-poetas-do-concelho\/cultura\/18\/38\/#breadcrumb","itemListElement":[{"@type":"ListItem","position":1,"name":"In\u00edcio","item":"https:\/\/algarve7.pt\/"},{"@type":"ListItem","position":2,"name":"O \u201cCancioneiro popular do concelho de Loul\u00e9\u201d re\u00fane o trabalho de 65 poetas do concelho"}]},{"@type":"WebSite","@id":"https:\/\/algarve7.pt\/#website","url":"https:\/\/algarve7.pt\/","name":"Algarve 7","description":"Informa\u00e7\u00e3o sobre o Algarve","publisher":{"@id":"https:\/\/algarve7.pt\/#organization"},"potentialAction":[{"@type":"SearchAction","target":{"@type":"EntryPoint","urlTemplate":"https:\/\/algarve7.pt\/?s={search_term_string}"},"query-input":{"@type":"PropertyValueSpecification","valueRequired":true,"valueName":"search_term_string"}}],"inLanguage":"pt-PT"},{"@type":"Organization","@id":"https:\/\/algarve7.pt\/#organization","name":"Algarve 7","url":"https:\/\/algarve7.pt\/","logo":{"@type":"ImageObject","inLanguage":"pt-PT","@id":"https:\/\/algarve7.pt\/#\/schema\/logo\/image\/","url":"https:\/\/algarve7.pt\/wp-content\/uploads\/2020\/10\/Logo-8.jpg","contentUrl":"https:\/\/algarve7.pt\/wp-content\/uploads\/2020\/10\/Logo-8.jpg","width":1680,"height":1186,"caption":"Algarve 7"},"image":{"@id":"https:\/\/algarve7.pt\/#\/schema\/logo\/image\/"},"sameAs":["https:\/\/www.facebook.com\/algarve7","https:\/\/x.com\/Algarvesete","https:\/\/www.instagram.com\/jornalalgarve7\/","https:\/\/www.linkedin.com\/company\/algarve7","https:\/\/www.pinterest.pt\/geral0939\/_created\/"]},{"@type":"Person","@id":"https:\/\/algarve7.pt\/#\/schema\/person\/23fa70681308e7b319a3204bcea45e0c","name":"Algarve 7","sameAs":["https:\/\/algarve7.pt","https:\/\/www.facebook.com\/algarve7"],"url":"https:\/\/algarve7.pt\/index.php\/author\/geralalgarve7-pt\/"}]}},"jetpack_publicize_connections":[],"jetpack_featured_media_url":"https:\/\/algarve7.pt\/wp-content\/uploads\/2021\/04\/Visita-de-Ana-Abrunhosa-ao-Geoparque-Algarvensis-23-04-2021-279.jpg","jetpack_shortlink":"https:\/\/wp.me\/pcezmW-23z","jetpack_sharing_enabled":true,"_links":{"self":[{"href":"https:\/\/algarve7.pt\/index.php\/wp-json\/wp\/v2\/posts\/7909","targetHints":{"allow":["GET"]}}],"collection":[{"href":"https:\/\/algarve7.pt\/index.php\/wp-json\/wp\/v2\/posts"}],"about":[{"href":"https:\/\/algarve7.pt\/index.php\/wp-json\/wp\/v2\/types\/post"}],"author":[{"embeddable":true,"href":"https:\/\/algarve7.pt\/index.php\/wp-json\/wp\/v2\/users\/1"}],"replies":[{"embeddable":true,"href":"https:\/\/algarve7.pt\/index.php\/wp-json\/wp\/v2\/comments?post=7909"}],"version-history":[{"count":0,"href":"https:\/\/algarve7.pt\/index.php\/wp-json\/wp\/v2\/posts\/7909\/revisions"}],"wp:featuredmedia":[{"embeddable":true,"href":"https:\/\/algarve7.pt\/index.php\/wp-json\/wp\/v2\/media\/7910"}],"wp:attachment":[{"href":"https:\/\/algarve7.pt\/index.php\/wp-json\/wp\/v2\/media?parent=7909"}],"wp:term":[{"taxonomy":"category","embeddable":true,"href":"https:\/\/algarve7.pt\/index.php\/wp-json\/wp\/v2\/categories?post=7909"},{"taxonomy":"post_tag","embeddable":true,"href":"https:\/\/algarve7.pt\/index.php\/wp-json\/wp\/v2\/tags?post=7909"}],"curies":[{"name":"wp","href":"https:\/\/api.w.org\/{rel}","templated":true}]}}