{"id":7888,"date":"2021-04-24T11:55:00","date_gmt":"2021-04-24T10:55:00","guid":{"rendered":"https:\/\/algarve7.pt\/?p=7888"},"modified":"2021-04-24T11:45:34","modified_gmt":"2021-04-24T10:45:34","slug":"centro-de-vacinacao-covid-19-de-silves-entra-em-funcionamento-a-26-de-abril","status":"publish","type":"post","link":"https:\/\/algarve7.pt\/index.php\/2021\/04\/centro-de-vacinacao-covid-19-de-silves-entra-em-funcionamento-a-26-de-abril\/saude\/11\/55\/","title":{"rendered":"Centro de vacina\u00e7\u00e3o covid-19 de Silves entra em funcionamento a 26 de abril"},"content":{"rendered":"\n<p>O Centro de Vacina\u00e7\u00e3o COVID-19 (CVC) de Silves entrar\u00e1 em funcionamento a partir do pr\u00f3ximo dia 26 de abril, nas instala\u00e7\u00f5es da FISSUL, cumprindo todas as orienta\u00e7\u00f5es emanadas pela orienta\u00e7\u00e3o 03\/2021 da Dire\u00e7\u00e3o Geral de Sa\u00fade, com vista a garantir a acelera\u00e7\u00e3o e massifica\u00e7\u00e3o progressiva da vacina\u00e7\u00e3o contra a COVID-19. A implementa\u00e7\u00e3o deste centro, que permitir\u00e1 a vacina\u00e7\u00e3o di\u00e1ria at\u00e9 500\/600 pessoas, com uma cad\u00eancia m\u00e1xima de 50 pessoas por hora, foi efetuada&nbsp;pelo&nbsp;Munic\u00edpio de Silves e de acordo com as orienta\u00e7\u00f5es da Administra\u00e7\u00e3o Regional de Sa\u00fade (ARS), Agrupamento de Centros de Sa\u00fade do Barlavento (ACES\/Barlavento) e Unidade Local de Sa\u00fade (ULS).<\/p>\n\n\n\n<p>Para al\u00e9m da disponibiliza\u00e7\u00e3o da FISSUL \u2013 espa\u00e7o que permite responder a v\u00e1rios pressuposto base, nomeadamente ao n\u00edvel da boa acessibilidade, acesso aos transportes p\u00fablicos, estacionamento e a exist\u00eancia de um amplo espa\u00e7o interior dispon\u00edvel que permite operacionalizar as diferentes \u00e1reas operacionais do Centro &#8211; o Munic\u00edpio de Silves procedeu \u00e0 montagem e implementa\u00e7\u00e3o das diferentes \u00e1reas sectoriais que constituem o CVC de Silves (admiss\u00e3o, zona de espera, m\u00f3dulos individualizados de vacina\u00e7\u00e3o, salas de apoio, sala de prepara\u00e7\u00e3o, sala de emerg\u00eancia, entre outras) garantido facilidades inform\u00e1ticas no acesso \u00e0 Plataforma Nacional de Registo e Gest\u00e3o de Vacina\u00e7\u00e3o. A autarquia ir\u00e1, ainda, garantir a higieniza\u00e7\u00e3o cont\u00ednua e estrutural do espa\u00e7o atrav\u00e9s de servi\u00e7os internos que ficar\u00e3o dedicados a este Centro.<\/p>\n\n\n\n<p>Importa salientar que o CVC de Silves visa, de acordo com o Plano de Vacina\u00e7\u00e3o, inocular a popula\u00e7\u00e3o Munic\u00edpio de Silves que ainda n\u00e3o tenha sido abrangida por outras a\u00e7\u00f5es de vacina\u00e7\u00e3o sectoriais previstas no plano, sendo a guarni\u00e7\u00e3o deste centro, ao n\u00edvel de recursos humanos (m\u00e9dicos, enfermeiros e auxiliares administrativos e outros recursos complementares na \u00e1rea da sa\u00fade) assegurada pelo ARS\/ACES\/ULS;<\/p>\n\n\n\n<p>De referir que o Centro de Vacina\u00e7\u00e3o COVID19 de Silves encontra-se operacional desde o dia 01 de abril tendo obtido, no passado dia 21 de abril, valida\u00e7\u00e3o do ACES Barlavento, ap\u00f3s desloca\u00e7\u00e3o dos t\u00e9cnicos do ACES Barlavento ao local.<\/p>\n","protected":false},"excerpt":{"rendered":"<p>O Centro de Vacina\u00e7\u00e3o COVID-19 (CVC) de Silves entrar\u00e1 em funcionamento a partir do pr\u00f3ximo dia 26 de abril, nas<\/p>\n","protected":false},"author":1,"featured_media":7889,"comment_status":"closed","ping_status":"open","sticky":false,"template":"","format":"standard","meta":{"colormag_page_container_layout":"default_layout","colormag_page_sidebar_layout":"default_layout","_monsterinsights_skip_tracking":false,"_monsterinsights_sitenote_active":false,"_monsterinsights_sitenote_note":"","_monsterinsights_sitenote_category":0,"jetpack_post_was_ever_published":false,"_jetpack_newsletter_access":"","_jetpack_dont_email_post_to_subs":false,"_jetpack_newsletter_tier_id":0,"_jetpack_memberships_contains_paywalled_content":false,"_jetpack_memberships_contains_paid_content":false,"footnotes":"","jetpack_publicize_message":"","jetpack_publicize_feature_enabled":true,"jetpack_social_post_already_shared":true,"jetpack_social_options":{"image_generator_settings":{"template":"highway","default_image_id":0,"font":"","enabled":false},"version":2}},"categories":[59],"tags":[36,51,58,42,167],"class_list":["post-7888","post","type-post","status-publish","format-standard","has-post-thumbnail","hentry","category-saude","tag-algarve","tag-covid-19","tag-saude","tag-silves","tag-vacina"],"yoast_head":"<!-- This site is optimized with the Yoast SEO plugin v27.5 - https:\/\/yoast.com\/product\/yoast-seo-wordpress\/ -->\n<title>Centro de vacina\u00e7\u00e3o covid-19 de Silves entra em funcionamento a 26 de abril - Algarve 7<\/title>\n<meta name=\"description\" content=\"Centro de vacina\u00e7\u00e3o covid-19 de Silves entra em funcionamento a 26 de abril Sa\u00fade\" \/>\n<meta name=\"robots\" content=\"index, follow, max-snippet:-1, max-image-preview:large, max-video-preview:-1\" \/>\n<link rel=\"canonical\" href=\"https:\/\/algarve7.pt\/index.php\/2021\/04\/centro-de-vacinacao-covid-19-de-silves-entra-em-funcionamento-a-26-de-abril\/saude\/11\/55\/\" \/>\n<meta property=\"og:locale\" content=\"pt_PT\" \/>\n<meta property=\"og:type\" content=\"article\" \/>\n<meta property=\"og:title\" content=\"Centro de vacina\u00e7\u00e3o covid-19 de Silves entra em funcionamento a 26 de abril - Algarve 7\" \/>\n<meta property=\"og:description\" content=\"Centro de vacina\u00e7\u00e3o covid-19 de Silves entra em funcionamento a 26 de abril Sa\u00fade\" \/>\n<meta property=\"og:url\" content=\"https:\/\/algarve7.pt\/index.php\/2021\/04\/centro-de-vacinacao-covid-19-de-silves-entra-em-funcionamento-a-26-de-abril\/saude\/11\/55\/\" \/>\n<meta property=\"og:site_name\" content=\"Algarve 7\" \/>\n<meta property=\"article:publisher\" content=\"https:\/\/www.facebook.com\/algarve7\" \/>\n<meta property=\"article:author\" content=\"https:\/\/www.facebook.com\/algarve7\" \/>\n<meta property=\"article:published_time\" content=\"2021-04-24T10:55:00+00:00\" \/>\n<meta property=\"og:image\" content=\"https:\/\/algarve7.pt\/wp-content\/uploads\/2021\/04\/2021_04_21-validacao-centro-vacinacao-Silves-1-6.jpg\" \/>\n\t<meta property=\"og:image:width\" content=\"1667\" \/>\n\t<meta property=\"og:image:height\" content=\"1250\" \/>\n\t<meta property=\"og:image:type\" content=\"image\/jpeg\" \/>\n<meta name=\"author\" content=\"Algarve 7\" \/>\n<meta name=\"twitter:card\" content=\"summary_large_image\" \/>\n<meta name=\"twitter:creator\" content=\"@Algarvesete\" \/>\n<meta name=\"twitter:site\" content=\"@Algarvesete\" \/>\n<meta name=\"twitter:label1\" content=\"Escrito por\" \/>\n\t<meta name=\"twitter:data1\" content=\"Algarve 7\" \/>\n\t<meta name=\"twitter:label2\" content=\"Tempo estimado de leitura\" \/>\n\t<meta name=\"twitter:data2\" content=\"2 minutos\" \/>\n<script type=\"application\/ld+json\" class=\"yoast-schema-graph\">{\"@context\":\"https:\\\/\\\/schema.org\",\"@graph\":[{\"@type\":\"Article\",\"@id\":\"https:\\\/\\\/algarve7.pt\\\/index.php\\\/2021\\\/04\\\/centro-de-vacinacao-covid-19-de-silves-entra-em-funcionamento-a-26-de-abril\\\/saude\\\/11\\\/55\\\/#article\",\"isPartOf\":{\"@id\":\"https:\\\/\\\/algarve7.pt\\\/index.php\\\/2021\\\/04\\\/centro-de-vacinacao-covid-19-de-silves-entra-em-funcionamento-a-26-de-abril\\\/saude\\\/11\\\/55\\\/\"},\"author\":{\"name\":\"Algarve 7\",\"@id\":\"https:\\\/\\\/algarve7.pt\\\/#\\\/schema\\\/person\\\/23fa70681308e7b319a3204bcea45e0c\"},\"headline\":\"Centro de vacina\u00e7\u00e3o covid-19 de Silves entra em funcionamento a 26 de abril\",\"datePublished\":\"2021-04-24T10:55:00+00:00\",\"mainEntityOfPage\":{\"@id\":\"https:\\\/\\\/algarve7.pt\\\/index.php\\\/2021\\\/04\\\/centro-de-vacinacao-covid-19-de-silves-entra-em-funcionamento-a-26-de-abril\\\/saude\\\/11\\\/55\\\/\"},\"wordCount\":393,\"publisher\":{\"@id\":\"https:\\\/\\\/algarve7.pt\\\/#organization\"},\"image\":{\"@id\":\"https:\\\/\\\/algarve7.pt\\\/index.php\\\/2021\\\/04\\\/centro-de-vacinacao-covid-19-de-silves-entra-em-funcionamento-a-26-de-abril\\\/saude\\\/11\\\/55\\\/#primaryimage\"},\"thumbnailUrl\":\"https:\\\/\\\/algarve7.pt\\\/wp-content\\\/uploads\\\/2021\\\/04\\\/2021_04_21-validacao-centro-vacinacao-Silves-1-6.jpg\",\"keywords\":[\"Algarve\",\"Covid-19\",\"Sa\u00fade\",\"Silves\",\"Vacina\"],\"articleSection\":[\"Sa\u00fade\"],\"inLanguage\":\"pt-PT\"},{\"@type\":\"WebPage\",\"@id\":\"https:\\\/\\\/algarve7.pt\\\/index.php\\\/2021\\\/04\\\/centro-de-vacinacao-covid-19-de-silves-entra-em-funcionamento-a-26-de-abril\\\/saude\\\/11\\\/55\\\/\",\"url\":\"https:\\\/\\\/algarve7.pt\\\/index.php\\\/2021\\\/04\\\/centro-de-vacinacao-covid-19-de-silves-entra-em-funcionamento-a-26-de-abril\\\/saude\\\/11\\\/55\\\/\",\"name\":\"Centro de vacina\u00e7\u00e3o covid-19 de Silves entra em funcionamento a 26 de abril - Algarve 7\",\"isPartOf\":{\"@id\":\"https:\\\/\\\/algarve7.pt\\\/#website\"},\"primaryImageOfPage\":{\"@id\":\"https:\\\/\\\/algarve7.pt\\\/index.php\\\/2021\\\/04\\\/centro-de-vacinacao-covid-19-de-silves-entra-em-funcionamento-a-26-de-abril\\\/saude\\\/11\\\/55\\\/#primaryimage\"},\"image\":{\"@id\":\"https:\\\/\\\/algarve7.pt\\\/index.php\\\/2021\\\/04\\\/centro-de-vacinacao-covid-19-de-silves-entra-em-funcionamento-a-26-de-abril\\\/saude\\\/11\\\/55\\\/#primaryimage\"},\"thumbnailUrl\":\"https:\\\/\\\/algarve7.pt\\\/wp-content\\\/uploads\\\/2021\\\/04\\\/2021_04_21-validacao-centro-vacinacao-Silves-1-6.jpg\",\"datePublished\":\"2021-04-24T10:55:00+00:00\",\"description\":\"Centro de vacina\u00e7\u00e3o covid-19 de Silves entra em funcionamento a 26 de abril Sa\u00fade\",\"breadcrumb\":{\"@id\":\"https:\\\/\\\/algarve7.pt\\\/index.php\\\/2021\\\/04\\\/centro-de-vacinacao-covid-19-de-silves-entra-em-funcionamento-a-26-de-abril\\\/saude\\\/11\\\/55\\\/#breadcrumb\"},\"inLanguage\":\"pt-PT\",\"potentialAction\":[{\"@type\":\"ReadAction\",\"target\":[\"https:\\\/\\\/algarve7.pt\\\/index.php\\\/2021\\\/04\\\/centro-de-vacinacao-covid-19-de-silves-entra-em-funcionamento-a-26-de-abril\\\/saude\\\/11\\\/55\\\/\"]}]},{\"@type\":\"ImageObject\",\"inLanguage\":\"pt-PT\",\"@id\":\"https:\\\/\\\/algarve7.pt\\\/index.php\\\/2021\\\/04\\\/centro-de-vacinacao-covid-19-de-silves-entra-em-funcionamento-a-26-de-abril\\\/saude\\\/11\\\/55\\\/#primaryimage\",\"url\":\"https:\\\/\\\/algarve7.pt\\\/wp-content\\\/uploads\\\/2021\\\/04\\\/2021_04_21-validacao-centro-vacinacao-Silves-1-6.jpg\",\"contentUrl\":\"https:\\\/\\\/algarve7.pt\\\/wp-content\\\/uploads\\\/2021\\\/04\\\/2021_04_21-validacao-centro-vacinacao-Silves-1-6.jpg\",\"width\":1667,\"height\":1250},{\"@type\":\"BreadcrumbList\",\"@id\":\"https:\\\/\\\/algarve7.pt\\\/index.php\\\/2021\\\/04\\\/centro-de-vacinacao-covid-19-de-silves-entra-em-funcionamento-a-26-de-abril\\\/saude\\\/11\\\/55\\\/#breadcrumb\",\"itemListElement\":[{\"@type\":\"ListItem\",\"position\":1,\"name\":\"In\u00edcio\",\"item\":\"https:\\\/\\\/algarve7.pt\\\/\"},{\"@type\":\"ListItem\",\"position\":2,\"name\":\"Centro de vacina\u00e7\u00e3o covid-19 de Silves entra em funcionamento a 26 de abril\"}]},{\"@type\":\"WebSite\",\"@id\":\"https:\\\/\\\/algarve7.pt\\\/#website\",\"url\":\"https:\\\/\\\/algarve7.pt\\\/\",\"name\":\"Algarve 7\",\"description\":\"Informa\u00e7\u00e3o sobre o Algarve\",\"publisher\":{\"@id\":\"https:\\\/\\\/algarve7.pt\\\/#organization\"},\"potentialAction\":[{\"@type\":\"SearchAction\",\"target\":{\"@type\":\"EntryPoint\",\"urlTemplate\":\"https:\\\/\\\/algarve7.pt\\\/?s={search_term_string}\"},\"query-input\":{\"@type\":\"PropertyValueSpecification\",\"valueRequired\":true,\"valueName\":\"search_term_string\"}}],\"inLanguage\":\"pt-PT\"},{\"@type\":\"Organization\",\"@id\":\"https:\\\/\\\/algarve7.pt\\\/#organization\",\"name\":\"Algarve 7\",\"url\":\"https:\\\/\\\/algarve7.pt\\\/\",\"logo\":{\"@type\":\"ImageObject\",\"inLanguage\":\"pt-PT\",\"@id\":\"https:\\\/\\\/algarve7.pt\\\/#\\\/schema\\\/logo\\\/image\\\/\",\"url\":\"https:\\\/\\\/algarve7.pt\\\/wp-content\\\/uploads\\\/2020\\\/10\\\/Logo-8.jpg\",\"contentUrl\":\"https:\\\/\\\/algarve7.pt\\\/wp-content\\\/uploads\\\/2020\\\/10\\\/Logo-8.jpg\",\"width\":1680,\"height\":1186,\"caption\":\"Algarve 7\"},\"image\":{\"@id\":\"https:\\\/\\\/algarve7.pt\\\/#\\\/schema\\\/logo\\\/image\\\/\"},\"sameAs\":[\"https:\\\/\\\/www.facebook.com\\\/algarve7\",\"https:\\\/\\\/x.com\\\/Algarvesete\",\"https:\\\/\\\/www.instagram.com\\\/jornalalgarve7\\\/\",\"https:\\\/\\\/www.linkedin.com\\\/company\\\/algarve7\",\"https:\\\/\\\/www.pinterest.pt\\\/geral0939\\\/_created\\\/\"]},{\"@type\":\"Person\",\"@id\":\"https:\\\/\\\/algarve7.pt\\\/#\\\/schema\\\/person\\\/23fa70681308e7b319a3204bcea45e0c\",\"name\":\"Algarve 7\",\"sameAs\":[\"https:\\\/\\\/algarve7.pt\",\"https:\\\/\\\/www.facebook.com\\\/algarve7\"],\"url\":\"https:\\\/\\\/algarve7.pt\\\/index.php\\\/author\\\/geralalgarve7-pt\\\/\"}]}<\/script>\n<!-- \/ Yoast SEO plugin. -->","yoast_head_json":{"title":"Centro de vacina\u00e7\u00e3o covid-19 de Silves entra em funcionamento a 26 de abril - Algarve 7","description":"Centro de vacina\u00e7\u00e3o covid-19 de Silves entra em funcionamento a 26 de abril Sa\u00fade","robots":{"index":"index","follow":"follow","max-snippet":"max-snippet:-1","max-image-preview":"max-image-preview:large","max-video-preview":"max-video-preview:-1"},"canonical":"https:\/\/algarve7.pt\/index.php\/2021\/04\/centro-de-vacinacao-covid-19-de-silves-entra-em-funcionamento-a-26-de-abril\/saude\/11\/55\/","og_locale":"pt_PT","og_type":"article","og_title":"Centro de vacina\u00e7\u00e3o covid-19 de Silves entra em funcionamento a 26 de abril - Algarve 7","og_description":"Centro de vacina\u00e7\u00e3o covid-19 de Silves entra em funcionamento a 26 de abril Sa\u00fade","og_url":"https:\/\/algarve7.pt\/index.php\/2021\/04\/centro-de-vacinacao-covid-19-de-silves-entra-em-funcionamento-a-26-de-abril\/saude\/11\/55\/","og_site_name":"Algarve 7","article_publisher":"https:\/\/www.facebook.com\/algarve7","article_author":"https:\/\/www.facebook.com\/algarve7","article_published_time":"2021-04-24T10:55:00+00:00","og_image":[{"width":1667,"height":1250,"url":"https:\/\/algarve7.pt\/wp-content\/uploads\/2021\/04\/2021_04_21-validacao-centro-vacinacao-Silves-1-6.jpg","type":"image\/jpeg"}],"author":"Algarve 7","twitter_card":"summary_large_image","twitter_creator":"@Algarvesete","twitter_site":"@Algarvesete","twitter_misc":{"Escrito por":"Algarve 7","Tempo estimado de leitura":"2 minutos"},"schema":{"@context":"https:\/\/schema.org","@graph":[{"@type":"Article","@id":"https:\/\/algarve7.pt\/index.php\/2021\/04\/centro-de-vacinacao-covid-19-de-silves-entra-em-funcionamento-a-26-de-abril\/saude\/11\/55\/#article","isPartOf":{"@id":"https:\/\/algarve7.pt\/index.php\/2021\/04\/centro-de-vacinacao-covid-19-de-silves-entra-em-funcionamento-a-26-de-abril\/saude\/11\/55\/"},"author":{"name":"Algarve 7","@id":"https:\/\/algarve7.pt\/#\/schema\/person\/23fa70681308e7b319a3204bcea45e0c"},"headline":"Centro de vacina\u00e7\u00e3o covid-19 de Silves entra em funcionamento a 26 de abril","datePublished":"2021-04-24T10:55:00+00:00","mainEntityOfPage":{"@id":"https:\/\/algarve7.pt\/index.php\/2021\/04\/centro-de-vacinacao-covid-19-de-silves-entra-em-funcionamento-a-26-de-abril\/saude\/11\/55\/"},"wordCount":393,"publisher":{"@id":"https:\/\/algarve7.pt\/#organization"},"image":{"@id":"https:\/\/algarve7.pt\/index.php\/2021\/04\/centro-de-vacinacao-covid-19-de-silves-entra-em-funcionamento-a-26-de-abril\/saude\/11\/55\/#primaryimage"},"thumbnailUrl":"https:\/\/algarve7.pt\/wp-content\/uploads\/2021\/04\/2021_04_21-validacao-centro-vacinacao-Silves-1-6.jpg","keywords":["Algarve","Covid-19","Sa\u00fade","Silves","Vacina"],"articleSection":["Sa\u00fade"],"inLanguage":"pt-PT"},{"@type":"WebPage","@id":"https:\/\/algarve7.pt\/index.php\/2021\/04\/centro-de-vacinacao-covid-19-de-silves-entra-em-funcionamento-a-26-de-abril\/saude\/11\/55\/","url":"https:\/\/algarve7.pt\/index.php\/2021\/04\/centro-de-vacinacao-covid-19-de-silves-entra-em-funcionamento-a-26-de-abril\/saude\/11\/55\/","name":"Centro de vacina\u00e7\u00e3o covid-19 de Silves entra em funcionamento a 26 de abril - Algarve 7","isPartOf":{"@id":"https:\/\/algarve7.pt\/#website"},"primaryImageOfPage":{"@id":"https:\/\/algarve7.pt\/index.php\/2021\/04\/centro-de-vacinacao-covid-19-de-silves-entra-em-funcionamento-a-26-de-abril\/saude\/11\/55\/#primaryimage"},"image":{"@id":"https:\/\/algarve7.pt\/index.php\/2021\/04\/centro-de-vacinacao-covid-19-de-silves-entra-em-funcionamento-a-26-de-abril\/saude\/11\/55\/#primaryimage"},"thumbnailUrl":"https:\/\/algarve7.pt\/wp-content\/uploads\/2021\/04\/2021_04_21-validacao-centro-vacinacao-Silves-1-6.jpg","datePublished":"2021-04-24T10:55:00+00:00","description":"Centro de vacina\u00e7\u00e3o covid-19 de Silves entra em funcionamento a 26 de abril Sa\u00fade","breadcrumb":{"@id":"https:\/\/algarve7.pt\/index.php\/2021\/04\/centro-de-vacinacao-covid-19-de-silves-entra-em-funcionamento-a-26-de-abril\/saude\/11\/55\/#breadcrumb"},"inLanguage":"pt-PT","potentialAction":[{"@type":"ReadAction","target":["https:\/\/algarve7.pt\/index.php\/2021\/04\/centro-de-vacinacao-covid-19-de-silves-entra-em-funcionamento-a-26-de-abril\/saude\/11\/55\/"]}]},{"@type":"ImageObject","inLanguage":"pt-PT","@id":"https:\/\/algarve7.pt\/index.php\/2021\/04\/centro-de-vacinacao-covid-19-de-silves-entra-em-funcionamento-a-26-de-abril\/saude\/11\/55\/#primaryimage","url":"https:\/\/algarve7.pt\/wp-content\/uploads\/2021\/04\/2021_04_21-validacao-centro-vacinacao-Silves-1-6.jpg","contentUrl":"https:\/\/algarve7.pt\/wp-content\/uploads\/2021\/04\/2021_04_21-validacao-centro-vacinacao-Silves-1-6.jpg","width":1667,"height":1250},{"@type":"BreadcrumbList","@id":"https:\/\/algarve7.pt\/index.php\/2021\/04\/centro-de-vacinacao-covid-19-de-silves-entra-em-funcionamento-a-26-de-abril\/saude\/11\/55\/#breadcrumb","itemListElement":[{"@type":"ListItem","position":1,"name":"In\u00edcio","item":"https:\/\/algarve7.pt\/"},{"@type":"ListItem","position":2,"name":"Centro de vacina\u00e7\u00e3o covid-19 de Silves entra em funcionamento a 26 de abril"}]},{"@type":"WebSite","@id":"https:\/\/algarve7.pt\/#website","url":"https:\/\/algarve7.pt\/","name":"Algarve 7","description":"Informa\u00e7\u00e3o sobre o Algarve","publisher":{"@id":"https:\/\/algarve7.pt\/#organization"},"potentialAction":[{"@type":"SearchAction","target":{"@type":"EntryPoint","urlTemplate":"https:\/\/algarve7.pt\/?s={search_term_string}"},"query-input":{"@type":"PropertyValueSpecification","valueRequired":true,"valueName":"search_term_string"}}],"inLanguage":"pt-PT"},{"@type":"Organization","@id":"https:\/\/algarve7.pt\/#organization","name":"Algarve 7","url":"https:\/\/algarve7.pt\/","logo":{"@type":"ImageObject","inLanguage":"pt-PT","@id":"https:\/\/algarve7.pt\/#\/schema\/logo\/image\/","url":"https:\/\/algarve7.pt\/wp-content\/uploads\/2020\/10\/Logo-8.jpg","contentUrl":"https:\/\/algarve7.pt\/wp-content\/uploads\/2020\/10\/Logo-8.jpg","width":1680,"height":1186,"caption":"Algarve 7"},"image":{"@id":"https:\/\/algarve7.pt\/#\/schema\/logo\/image\/"},"sameAs":["https:\/\/www.facebook.com\/algarve7","https:\/\/x.com\/Algarvesete","https:\/\/www.instagram.com\/jornalalgarve7\/","https:\/\/www.linkedin.com\/company\/algarve7","https:\/\/www.pinterest.pt\/geral0939\/_created\/"]},{"@type":"Person","@id":"https:\/\/algarve7.pt\/#\/schema\/person\/23fa70681308e7b319a3204bcea45e0c","name":"Algarve 7","sameAs":["https:\/\/algarve7.pt","https:\/\/www.facebook.com\/algarve7"],"url":"https:\/\/algarve7.pt\/index.php\/author\/geralalgarve7-pt\/"}]}},"jetpack_publicize_connections":[],"jetpack_featured_media_url":"https:\/\/algarve7.pt\/wp-content\/uploads\/2021\/04\/2021_04_21-validacao-centro-vacinacao-Silves-1-6.jpg","jetpack_shortlink":"https:\/\/wp.me\/pcezmW-23e","jetpack_sharing_enabled":true,"_links":{"self":[{"href":"https:\/\/algarve7.pt\/index.php\/wp-json\/wp\/v2\/posts\/7888","targetHints":{"allow":["GET"]}}],"collection":[{"href":"https:\/\/algarve7.pt\/index.php\/wp-json\/wp\/v2\/posts"}],"about":[{"href":"https:\/\/algarve7.pt\/index.php\/wp-json\/wp\/v2\/types\/post"}],"author":[{"embeddable":true,"href":"https:\/\/algarve7.pt\/index.php\/wp-json\/wp\/v2\/users\/1"}],"replies":[{"embeddable":true,"href":"https:\/\/algarve7.pt\/index.php\/wp-json\/wp\/v2\/comments?post=7888"}],"version-history":[{"count":0,"href":"https:\/\/algarve7.pt\/index.php\/wp-json\/wp\/v2\/posts\/7888\/revisions"}],"wp:featuredmedia":[{"embeddable":true,"href":"https:\/\/algarve7.pt\/index.php\/wp-json\/wp\/v2\/media\/7889"}],"wp:attachment":[{"href":"https:\/\/algarve7.pt\/index.php\/wp-json\/wp\/v2\/media?parent=7888"}],"wp:term":[{"taxonomy":"category","embeddable":true,"href":"https:\/\/algarve7.pt\/index.php\/wp-json\/wp\/v2\/categories?post=7888"},{"taxonomy":"post_tag","embeddable":true,"href":"https:\/\/algarve7.pt\/index.php\/wp-json\/wp\/v2\/tags?post=7888"}],"curies":[{"name":"wp","href":"https:\/\/api.w.org\/{rel}","templated":true}]}}