{"id":7882,"date":"2021-04-23T11:20:00","date_gmt":"2021-04-23T10:20:00","guid":{"rendered":"https:\/\/algarve7.pt\/?p=7882"},"modified":"2021-04-23T08:20:22","modified_gmt":"2021-04-23T07:20:22","slug":"oficina-on-line-de-geologia-evolucao-da-vida-na-terra-a-luz-da-paleontologia-em-lagoa","status":"publish","type":"post","link":"https:\/\/algarve7.pt\/index.php\/2021\/04\/oficina-on-line-de-geologia-evolucao-da-vida-na-terra-a-luz-da-paleontologia-em-lagoa\/ambiente\/11\/20\/","title":{"rendered":"Oficina On-line de Geologia &#8220;Evolu\u00e7\u00e3o da Vida na Terra \u00e0 luz da Paleontologia&#8221; em Lagoa"},"content":{"rendered":"\n<p>A vida na Terra \u00e9 incrivelmente diversa. Cerca de 1,9 milh\u00f5es de esp\u00e9cies j\u00e1 foram descritas e estimativas recentes sugerem que pode haver muitas mais.<\/p>\n\n\n\n<p>Por\u00e9m, a forma como a biodiversidade terrestre se desenvolveu, sobretudo ao longo dos \u00faltimos 541 milh\u00f5es de anos, permanece assunto de debate entre os cientistas.<\/p>\n\n\n\n<p>Ter\u00e1 a biodiversidade aumentado de forma constante de um per\u00edodo geol\u00f3gico para o seguinte ou aumentou e diminuiu sem qualquer dire\u00e7\u00e3o geral?<\/p>\n\n\n\n<p>No \u00e2mbito do Dia Mundial da Terra e do Dia Nacional do Patrim\u00f3nio Geol\u00f3gico, o Munic\u00edpio de Lagoa promover\u00e1 no pr\u00f3ximo 23 de Abril (6\u00aa-feira), a Oficina On-line de Geologia &#8220;Evolu\u00e7\u00e3o da Vida na Terra \u00e0 luz da Paleontologia&#8221;, que pretende abordar estas e outras quest\u00f5es, com o objectivo de dar uma perspetiva da evolu\u00e7\u00e3o da vida no nosso planeta com base na an\u00e1lise e discuss\u00e3o das evid\u00eancias que constam no registo paleontol\u00f3gico.<\/p>\n\n\n\n<p>A presente atividade, realizada em parceria com a GeoWalks &amp; Talks ir\u00e1 realizar em plataforma on-line ZOOM \u00e0s 18h00 (hora Lisboa), e ser\u00e1 de participa\u00e7\u00e3o gratuita, mas de inscri\u00e7\u00e3o obrigat\u00f3ria atrav\u00e9s do seguinte link:<\/p>\n\n\n\n<p><a href=\"https:\/\/forms.gle\/3tb69yRuzLt4aZQz8\" target=\"_blank\" rel=\"noreferrer noopener\">https:\/\/forms.gle\/3tb69yRuzLt4aZQz8<\/a><\/p>\n\n\n\n<p>A participa\u00e7\u00e3o na presente atividade est\u00e1 limitada a um n\u00famero m\u00e1ximo de 25 participantes.<\/p>\n","protected":false},"excerpt":{"rendered":"<p>A vida na Terra \u00e9 incrivelmente diversa. Cerca de 1,9 milh\u00f5es de esp\u00e9cies j\u00e1 foram descritas e estimativas recentes sugerem<\/p>\n","protected":false},"author":1,"featured_media":7883,"comment_status":"closed","ping_status":"open","sticky":false,"template":"","format":"standard","meta":{"colormag_page_container_layout":"default_layout","colormag_page_sidebar_layout":"default_layout","_monsterinsights_skip_tracking":false,"_monsterinsights_sitenote_active":false,"_monsterinsights_sitenote_note":"","_monsterinsights_sitenote_category":0,"jetpack_post_was_ever_published":false,"_jetpack_newsletter_access":"","_jetpack_dont_email_post_to_subs":false,"_jetpack_newsletter_tier_id":0,"_jetpack_memberships_contains_paywalled_content":false,"_jetpack_memberships_contains_paid_content":false,"footnotes":"","jetpack_publicize_message":"","jetpack_publicize_feature_enabled":true,"jetpack_social_post_already_shared":true,"jetpack_social_options":{"image_generator_settings":{"template":"highway","default_image_id":0,"font":"","enabled":false},"version":2}},"categories":[5],"tags":[36,32,35,48],"class_list":["post-7882","post","type-post","status-publish","format-standard","has-post-thumbnail","hentry","category-ambiente","tag-algarve","tag-ambiente","tag-cultura","tag-lagoa"],"yoast_head":"<!-- This site is optimized with the Yoast SEO plugin v27.5 - https:\/\/yoast.com\/product\/yoast-seo-wordpress\/ -->\n<title>Oficina On-line de Geologia &quot;Evolu\u00e7\u00e3o da Vida na Terra \u00e0 luz da Paleontologia&quot; em Lagoa - Algarve 7<\/title>\n<meta name=\"description\" content=\"Oficina On-line de Geologia &quot;Evolu\u00e7\u00e3o da Vida na Terra \u00e0 luz da Paleontologia&quot; em Lagoa Ambiente\" \/>\n<meta name=\"robots\" content=\"index, follow, max-snippet:-1, max-image-preview:large, max-video-preview:-1\" \/>\n<link rel=\"canonical\" href=\"https:\/\/algarve7.pt\/index.php\/2021\/04\/oficina-on-line-de-geologia-evolucao-da-vida-na-terra-a-luz-da-paleontologia-em-lagoa\/ambiente\/11\/20\/\" \/>\n<meta property=\"og:locale\" content=\"pt_PT\" \/>\n<meta property=\"og:type\" content=\"article\" \/>\n<meta property=\"og:title\" content=\"Oficina On-line de Geologia &quot;Evolu\u00e7\u00e3o da Vida na Terra \u00e0 luz da Paleontologia&quot; em Lagoa - Algarve 7\" \/>\n<meta property=\"og:description\" content=\"Oficina On-line de Geologia &quot;Evolu\u00e7\u00e3o da Vida na Terra \u00e0 luz da Paleontologia&quot; em Lagoa Ambiente\" \/>\n<meta property=\"og:url\" content=\"https:\/\/algarve7.pt\/index.php\/2021\/04\/oficina-on-line-de-geologia-evolucao-da-vida-na-terra-a-luz-da-paleontologia-em-lagoa\/ambiente\/11\/20\/\" \/>\n<meta property=\"og:site_name\" content=\"Algarve 7\" \/>\n<meta property=\"article:publisher\" content=\"https:\/\/www.facebook.com\/algarve7\" \/>\n<meta property=\"article:author\" content=\"https:\/\/www.facebook.com\/algarve7\" \/>\n<meta property=\"article:published_time\" content=\"2021-04-23T10:20:00+00:00\" \/>\n<meta property=\"og:image\" content=\"https:\/\/algarve7.pt\/wp-content\/uploads\/2021\/04\/Captura-de-ecra-2021-04-23-as-08.17.50.png\" \/>\n\t<meta property=\"og:image:width\" content=\"1572\" \/>\n\t<meta property=\"og:image:height\" content=\"932\" \/>\n\t<meta property=\"og:image:type\" content=\"image\/png\" \/>\n<meta name=\"author\" content=\"Algarve 7\" \/>\n<meta name=\"twitter:card\" content=\"summary_large_image\" \/>\n<meta name=\"twitter:creator\" content=\"@Algarvesete\" \/>\n<meta name=\"twitter:site\" content=\"@Algarvesete\" \/>\n<meta name=\"twitter:label1\" content=\"Escrito por\" \/>\n\t<meta name=\"twitter:data1\" content=\"Algarve 7\" \/>\n\t<meta name=\"twitter:label2\" content=\"Tempo estimado de leitura\" \/>\n\t<meta name=\"twitter:data2\" content=\"1 minuto\" \/>\n<script type=\"application\/ld+json\" class=\"yoast-schema-graph\">{\"@context\":\"https:\\\/\\\/schema.org\",\"@graph\":[{\"@type\":\"Article\",\"@id\":\"https:\\\/\\\/algarve7.pt\\\/index.php\\\/2021\\\/04\\\/oficina-on-line-de-geologia-evolucao-da-vida-na-terra-a-luz-da-paleontologia-em-lagoa\\\/ambiente\\\/11\\\/20\\\/#article\",\"isPartOf\":{\"@id\":\"https:\\\/\\\/algarve7.pt\\\/index.php\\\/2021\\\/04\\\/oficina-on-line-de-geologia-evolucao-da-vida-na-terra-a-luz-da-paleontologia-em-lagoa\\\/ambiente\\\/11\\\/20\\\/\"},\"author\":{\"name\":\"Algarve 7\",\"@id\":\"https:\\\/\\\/algarve7.pt\\\/#\\\/schema\\\/person\\\/23fa70681308e7b319a3204bcea45e0c\"},\"headline\":\"Oficina On-line de Geologia &#8220;Evolu\u00e7\u00e3o da Vida na Terra \u00e0 luz da Paleontologia&#8221; em Lagoa\",\"datePublished\":\"2021-04-23T10:20:00+00:00\",\"mainEntityOfPage\":{\"@id\":\"https:\\\/\\\/algarve7.pt\\\/index.php\\\/2021\\\/04\\\/oficina-on-line-de-geologia-evolucao-da-vida-na-terra-a-luz-da-paleontologia-em-lagoa\\\/ambiente\\\/11\\\/20\\\/\"},\"wordCount\":233,\"publisher\":{\"@id\":\"https:\\\/\\\/algarve7.pt\\\/#organization\"},\"image\":{\"@id\":\"https:\\\/\\\/algarve7.pt\\\/index.php\\\/2021\\\/04\\\/oficina-on-line-de-geologia-evolucao-da-vida-na-terra-a-luz-da-paleontologia-em-lagoa\\\/ambiente\\\/11\\\/20\\\/#primaryimage\"},\"thumbnailUrl\":\"https:\\\/\\\/algarve7.pt\\\/wp-content\\\/uploads\\\/2021\\\/04\\\/Captura-de-ecra-2021-04-23-as-08.17.50.png\",\"keywords\":[\"Algarve\",\"Ambiente\",\"Cultura\",\"Lagoa\"],\"articleSection\":[\"Ambiente\"],\"inLanguage\":\"pt-PT\"},{\"@type\":\"WebPage\",\"@id\":\"https:\\\/\\\/algarve7.pt\\\/index.php\\\/2021\\\/04\\\/oficina-on-line-de-geologia-evolucao-da-vida-na-terra-a-luz-da-paleontologia-em-lagoa\\\/ambiente\\\/11\\\/20\\\/\",\"url\":\"https:\\\/\\\/algarve7.pt\\\/index.php\\\/2021\\\/04\\\/oficina-on-line-de-geologia-evolucao-da-vida-na-terra-a-luz-da-paleontologia-em-lagoa\\\/ambiente\\\/11\\\/20\\\/\",\"name\":\"Oficina On-line de Geologia \\\"Evolu\u00e7\u00e3o da Vida na Terra \u00e0 luz da Paleontologia\\\" em Lagoa - Algarve 7\",\"isPartOf\":{\"@id\":\"https:\\\/\\\/algarve7.pt\\\/#website\"},\"primaryImageOfPage\":{\"@id\":\"https:\\\/\\\/algarve7.pt\\\/index.php\\\/2021\\\/04\\\/oficina-on-line-de-geologia-evolucao-da-vida-na-terra-a-luz-da-paleontologia-em-lagoa\\\/ambiente\\\/11\\\/20\\\/#primaryimage\"},\"image\":{\"@id\":\"https:\\\/\\\/algarve7.pt\\\/index.php\\\/2021\\\/04\\\/oficina-on-line-de-geologia-evolucao-da-vida-na-terra-a-luz-da-paleontologia-em-lagoa\\\/ambiente\\\/11\\\/20\\\/#primaryimage\"},\"thumbnailUrl\":\"https:\\\/\\\/algarve7.pt\\\/wp-content\\\/uploads\\\/2021\\\/04\\\/Captura-de-ecra-2021-04-23-as-08.17.50.png\",\"datePublished\":\"2021-04-23T10:20:00+00:00\",\"description\":\"Oficina On-line de Geologia \\\"Evolu\u00e7\u00e3o da Vida na Terra \u00e0 luz da Paleontologia\\\" em Lagoa Ambiente\",\"breadcrumb\":{\"@id\":\"https:\\\/\\\/algarve7.pt\\\/index.php\\\/2021\\\/04\\\/oficina-on-line-de-geologia-evolucao-da-vida-na-terra-a-luz-da-paleontologia-em-lagoa\\\/ambiente\\\/11\\\/20\\\/#breadcrumb\"},\"inLanguage\":\"pt-PT\",\"potentialAction\":[{\"@type\":\"ReadAction\",\"target\":[\"https:\\\/\\\/algarve7.pt\\\/index.php\\\/2021\\\/04\\\/oficina-on-line-de-geologia-evolucao-da-vida-na-terra-a-luz-da-paleontologia-em-lagoa\\\/ambiente\\\/11\\\/20\\\/\"]}]},{\"@type\":\"ImageObject\",\"inLanguage\":\"pt-PT\",\"@id\":\"https:\\\/\\\/algarve7.pt\\\/index.php\\\/2021\\\/04\\\/oficina-on-line-de-geologia-evolucao-da-vida-na-terra-a-luz-da-paleontologia-em-lagoa\\\/ambiente\\\/11\\\/20\\\/#primaryimage\",\"url\":\"https:\\\/\\\/algarve7.pt\\\/wp-content\\\/uploads\\\/2021\\\/04\\\/Captura-de-ecra-2021-04-23-as-08.17.50.png\",\"contentUrl\":\"https:\\\/\\\/algarve7.pt\\\/wp-content\\\/uploads\\\/2021\\\/04\\\/Captura-de-ecra-2021-04-23-as-08.17.50.png\",\"width\":1572,\"height\":932},{\"@type\":\"BreadcrumbList\",\"@id\":\"https:\\\/\\\/algarve7.pt\\\/index.php\\\/2021\\\/04\\\/oficina-on-line-de-geologia-evolucao-da-vida-na-terra-a-luz-da-paleontologia-em-lagoa\\\/ambiente\\\/11\\\/20\\\/#breadcrumb\",\"itemListElement\":[{\"@type\":\"ListItem\",\"position\":1,\"name\":\"In\u00edcio\",\"item\":\"https:\\\/\\\/algarve7.pt\\\/\"},{\"@type\":\"ListItem\",\"position\":2,\"name\":\"Oficina On-line de Geologia &#8220;Evolu\u00e7\u00e3o da Vida na Terra \u00e0 luz da Paleontologia&#8221; em Lagoa\"}]},{\"@type\":\"WebSite\",\"@id\":\"https:\\\/\\\/algarve7.pt\\\/#website\",\"url\":\"https:\\\/\\\/algarve7.pt\\\/\",\"name\":\"Algarve 7\",\"description\":\"Informa\u00e7\u00e3o sobre o Algarve\",\"publisher\":{\"@id\":\"https:\\\/\\\/algarve7.pt\\\/#organization\"},\"potentialAction\":[{\"@type\":\"SearchAction\",\"target\":{\"@type\":\"EntryPoint\",\"urlTemplate\":\"https:\\\/\\\/algarve7.pt\\\/?s={search_term_string}\"},\"query-input\":{\"@type\":\"PropertyValueSpecification\",\"valueRequired\":true,\"valueName\":\"search_term_string\"}}],\"inLanguage\":\"pt-PT\"},{\"@type\":\"Organization\",\"@id\":\"https:\\\/\\\/algarve7.pt\\\/#organization\",\"name\":\"Algarve 7\",\"url\":\"https:\\\/\\\/algarve7.pt\\\/\",\"logo\":{\"@type\":\"ImageObject\",\"inLanguage\":\"pt-PT\",\"@id\":\"https:\\\/\\\/algarve7.pt\\\/#\\\/schema\\\/logo\\\/image\\\/\",\"url\":\"https:\\\/\\\/algarve7.pt\\\/wp-content\\\/uploads\\\/2020\\\/10\\\/Logo-8.jpg\",\"contentUrl\":\"https:\\\/\\\/algarve7.pt\\\/wp-content\\\/uploads\\\/2020\\\/10\\\/Logo-8.jpg\",\"width\":1680,\"height\":1186,\"caption\":\"Algarve 7\"},\"image\":{\"@id\":\"https:\\\/\\\/algarve7.pt\\\/#\\\/schema\\\/logo\\\/image\\\/\"},\"sameAs\":[\"https:\\\/\\\/www.facebook.com\\\/algarve7\",\"https:\\\/\\\/x.com\\\/Algarvesete\",\"https:\\\/\\\/www.instagram.com\\\/jornalalgarve7\\\/\",\"https:\\\/\\\/www.linkedin.com\\\/company\\\/algarve7\",\"https:\\\/\\\/www.pinterest.pt\\\/geral0939\\\/_created\\\/\"]},{\"@type\":\"Person\",\"@id\":\"https:\\\/\\\/algarve7.pt\\\/#\\\/schema\\\/person\\\/23fa70681308e7b319a3204bcea45e0c\",\"name\":\"Algarve 7\",\"sameAs\":[\"https:\\\/\\\/algarve7.pt\",\"https:\\\/\\\/www.facebook.com\\\/algarve7\"],\"url\":\"https:\\\/\\\/algarve7.pt\\\/index.php\\\/author\\\/geralalgarve7-pt\\\/\"}]}<\/script>\n<!-- \/ Yoast SEO plugin. -->","yoast_head_json":{"title":"Oficina On-line de Geologia \"Evolu\u00e7\u00e3o da Vida na Terra \u00e0 luz da Paleontologia\" em Lagoa - Algarve 7","description":"Oficina On-line de Geologia \"Evolu\u00e7\u00e3o da Vida na Terra \u00e0 luz da Paleontologia\" em Lagoa Ambiente","robots":{"index":"index","follow":"follow","max-snippet":"max-snippet:-1","max-image-preview":"max-image-preview:large","max-video-preview":"max-video-preview:-1"},"canonical":"https:\/\/algarve7.pt\/index.php\/2021\/04\/oficina-on-line-de-geologia-evolucao-da-vida-na-terra-a-luz-da-paleontologia-em-lagoa\/ambiente\/11\/20\/","og_locale":"pt_PT","og_type":"article","og_title":"Oficina On-line de Geologia \"Evolu\u00e7\u00e3o da Vida na Terra \u00e0 luz da Paleontologia\" em Lagoa - Algarve 7","og_description":"Oficina On-line de Geologia \"Evolu\u00e7\u00e3o da Vida na Terra \u00e0 luz da Paleontologia\" em Lagoa Ambiente","og_url":"https:\/\/algarve7.pt\/index.php\/2021\/04\/oficina-on-line-de-geologia-evolucao-da-vida-na-terra-a-luz-da-paleontologia-em-lagoa\/ambiente\/11\/20\/","og_site_name":"Algarve 7","article_publisher":"https:\/\/www.facebook.com\/algarve7","article_author":"https:\/\/www.facebook.com\/algarve7","article_published_time":"2021-04-23T10:20:00+00:00","og_image":[{"width":1572,"height":932,"url":"https:\/\/algarve7.pt\/wp-content\/uploads\/2021\/04\/Captura-de-ecra-2021-04-23-as-08.17.50.png","type":"image\/png"}],"author":"Algarve 7","twitter_card":"summary_large_image","twitter_creator":"@Algarvesete","twitter_site":"@Algarvesete","twitter_misc":{"Escrito por":"Algarve 7","Tempo estimado de leitura":"1 minuto"},"schema":{"@context":"https:\/\/schema.org","@graph":[{"@type":"Article","@id":"https:\/\/algarve7.pt\/index.php\/2021\/04\/oficina-on-line-de-geologia-evolucao-da-vida-na-terra-a-luz-da-paleontologia-em-lagoa\/ambiente\/11\/20\/#article","isPartOf":{"@id":"https:\/\/algarve7.pt\/index.php\/2021\/04\/oficina-on-line-de-geologia-evolucao-da-vida-na-terra-a-luz-da-paleontologia-em-lagoa\/ambiente\/11\/20\/"},"author":{"name":"Algarve 7","@id":"https:\/\/algarve7.pt\/#\/schema\/person\/23fa70681308e7b319a3204bcea45e0c"},"headline":"Oficina On-line de Geologia &#8220;Evolu\u00e7\u00e3o da Vida na Terra \u00e0 luz da Paleontologia&#8221; em Lagoa","datePublished":"2021-04-23T10:20:00+00:00","mainEntityOfPage":{"@id":"https:\/\/algarve7.pt\/index.php\/2021\/04\/oficina-on-line-de-geologia-evolucao-da-vida-na-terra-a-luz-da-paleontologia-em-lagoa\/ambiente\/11\/20\/"},"wordCount":233,"publisher":{"@id":"https:\/\/algarve7.pt\/#organization"},"image":{"@id":"https:\/\/algarve7.pt\/index.php\/2021\/04\/oficina-on-line-de-geologia-evolucao-da-vida-na-terra-a-luz-da-paleontologia-em-lagoa\/ambiente\/11\/20\/#primaryimage"},"thumbnailUrl":"https:\/\/algarve7.pt\/wp-content\/uploads\/2021\/04\/Captura-de-ecra-2021-04-23-as-08.17.50.png","keywords":["Algarve","Ambiente","Cultura","Lagoa"],"articleSection":["Ambiente"],"inLanguage":"pt-PT"},{"@type":"WebPage","@id":"https:\/\/algarve7.pt\/index.php\/2021\/04\/oficina-on-line-de-geologia-evolucao-da-vida-na-terra-a-luz-da-paleontologia-em-lagoa\/ambiente\/11\/20\/","url":"https:\/\/algarve7.pt\/index.php\/2021\/04\/oficina-on-line-de-geologia-evolucao-da-vida-na-terra-a-luz-da-paleontologia-em-lagoa\/ambiente\/11\/20\/","name":"Oficina On-line de Geologia \"Evolu\u00e7\u00e3o da Vida na Terra \u00e0 luz da Paleontologia\" em Lagoa - Algarve 7","isPartOf":{"@id":"https:\/\/algarve7.pt\/#website"},"primaryImageOfPage":{"@id":"https:\/\/algarve7.pt\/index.php\/2021\/04\/oficina-on-line-de-geologia-evolucao-da-vida-na-terra-a-luz-da-paleontologia-em-lagoa\/ambiente\/11\/20\/#primaryimage"},"image":{"@id":"https:\/\/algarve7.pt\/index.php\/2021\/04\/oficina-on-line-de-geologia-evolucao-da-vida-na-terra-a-luz-da-paleontologia-em-lagoa\/ambiente\/11\/20\/#primaryimage"},"thumbnailUrl":"https:\/\/algarve7.pt\/wp-content\/uploads\/2021\/04\/Captura-de-ecra-2021-04-23-as-08.17.50.png","datePublished":"2021-04-23T10:20:00+00:00","description":"Oficina On-line de Geologia \"Evolu\u00e7\u00e3o da Vida na Terra \u00e0 luz da Paleontologia\" em Lagoa Ambiente","breadcrumb":{"@id":"https:\/\/algarve7.pt\/index.php\/2021\/04\/oficina-on-line-de-geologia-evolucao-da-vida-na-terra-a-luz-da-paleontologia-em-lagoa\/ambiente\/11\/20\/#breadcrumb"},"inLanguage":"pt-PT","potentialAction":[{"@type":"ReadAction","target":["https:\/\/algarve7.pt\/index.php\/2021\/04\/oficina-on-line-de-geologia-evolucao-da-vida-na-terra-a-luz-da-paleontologia-em-lagoa\/ambiente\/11\/20\/"]}]},{"@type":"ImageObject","inLanguage":"pt-PT","@id":"https:\/\/algarve7.pt\/index.php\/2021\/04\/oficina-on-line-de-geologia-evolucao-da-vida-na-terra-a-luz-da-paleontologia-em-lagoa\/ambiente\/11\/20\/#primaryimage","url":"https:\/\/algarve7.pt\/wp-content\/uploads\/2021\/04\/Captura-de-ecra-2021-04-23-as-08.17.50.png","contentUrl":"https:\/\/algarve7.pt\/wp-content\/uploads\/2021\/04\/Captura-de-ecra-2021-04-23-as-08.17.50.png","width":1572,"height":932},{"@type":"BreadcrumbList","@id":"https:\/\/algarve7.pt\/index.php\/2021\/04\/oficina-on-line-de-geologia-evolucao-da-vida-na-terra-a-luz-da-paleontologia-em-lagoa\/ambiente\/11\/20\/#breadcrumb","itemListElement":[{"@type":"ListItem","position":1,"name":"In\u00edcio","item":"https:\/\/algarve7.pt\/"},{"@type":"ListItem","position":2,"name":"Oficina On-line de Geologia &#8220;Evolu\u00e7\u00e3o da Vida na Terra \u00e0 luz da Paleontologia&#8221; em Lagoa"}]},{"@type":"WebSite","@id":"https:\/\/algarve7.pt\/#website","url":"https:\/\/algarve7.pt\/","name":"Algarve 7","description":"Informa\u00e7\u00e3o sobre o Algarve","publisher":{"@id":"https:\/\/algarve7.pt\/#organization"},"potentialAction":[{"@type":"SearchAction","target":{"@type":"EntryPoint","urlTemplate":"https:\/\/algarve7.pt\/?s={search_term_string}"},"query-input":{"@type":"PropertyValueSpecification","valueRequired":true,"valueName":"search_term_string"}}],"inLanguage":"pt-PT"},{"@type":"Organization","@id":"https:\/\/algarve7.pt\/#organization","name":"Algarve 7","url":"https:\/\/algarve7.pt\/","logo":{"@type":"ImageObject","inLanguage":"pt-PT","@id":"https:\/\/algarve7.pt\/#\/schema\/logo\/image\/","url":"https:\/\/algarve7.pt\/wp-content\/uploads\/2020\/10\/Logo-8.jpg","contentUrl":"https:\/\/algarve7.pt\/wp-content\/uploads\/2020\/10\/Logo-8.jpg","width":1680,"height":1186,"caption":"Algarve 7"},"image":{"@id":"https:\/\/algarve7.pt\/#\/schema\/logo\/image\/"},"sameAs":["https:\/\/www.facebook.com\/algarve7","https:\/\/x.com\/Algarvesete","https:\/\/www.instagram.com\/jornalalgarve7\/","https:\/\/www.linkedin.com\/company\/algarve7","https:\/\/www.pinterest.pt\/geral0939\/_created\/"]},{"@type":"Person","@id":"https:\/\/algarve7.pt\/#\/schema\/person\/23fa70681308e7b319a3204bcea45e0c","name":"Algarve 7","sameAs":["https:\/\/algarve7.pt","https:\/\/www.facebook.com\/algarve7"],"url":"https:\/\/algarve7.pt\/index.php\/author\/geralalgarve7-pt\/"}]}},"jetpack_publicize_connections":[],"jetpack_featured_media_url":"https:\/\/algarve7.pt\/wp-content\/uploads\/2021\/04\/Captura-de-ecra-2021-04-23-as-08.17.50.png","jetpack_shortlink":"https:\/\/wp.me\/pcezmW-238","jetpack_sharing_enabled":true,"_links":{"self":[{"href":"https:\/\/algarve7.pt\/index.php\/wp-json\/wp\/v2\/posts\/7882","targetHints":{"allow":["GET"]}}],"collection":[{"href":"https:\/\/algarve7.pt\/index.php\/wp-json\/wp\/v2\/posts"}],"about":[{"href":"https:\/\/algarve7.pt\/index.php\/wp-json\/wp\/v2\/types\/post"}],"author":[{"embeddable":true,"href":"https:\/\/algarve7.pt\/index.php\/wp-json\/wp\/v2\/users\/1"}],"replies":[{"embeddable":true,"href":"https:\/\/algarve7.pt\/index.php\/wp-json\/wp\/v2\/comments?post=7882"}],"version-history":[{"count":0,"href":"https:\/\/algarve7.pt\/index.php\/wp-json\/wp\/v2\/posts\/7882\/revisions"}],"wp:featuredmedia":[{"embeddable":true,"href":"https:\/\/algarve7.pt\/index.php\/wp-json\/wp\/v2\/media\/7883"}],"wp:attachment":[{"href":"https:\/\/algarve7.pt\/index.php\/wp-json\/wp\/v2\/media?parent=7882"}],"wp:term":[{"taxonomy":"category","embeddable":true,"href":"https:\/\/algarve7.pt\/index.php\/wp-json\/wp\/v2\/categories?post=7882"},{"taxonomy":"post_tag","embeddable":true,"href":"https:\/\/algarve7.pt\/index.php\/wp-json\/wp\/v2\/tags?post=7882"}],"curies":[{"name":"wp","href":"https:\/\/api.w.org\/{rel}","templated":true}]}}