{"id":7852,"date":"2021-04-22T15:57:30","date_gmt":"2021-04-22T14:57:30","guid":{"rendered":"https:\/\/algarve7.pt\/?p=7852"},"modified":"2021-04-22T15:57:34","modified_gmt":"2021-04-22T14:57:34","slug":"47-a-volta-ao-algarve-em-bicicleta-arranca-em-lagos","status":"publish","type":"post","link":"https:\/\/algarve7.pt\/index.php\/2021\/04\/47-a-volta-ao-algarve-em-bicicleta-arranca-em-lagos\/desporto\/15\/57\/","title":{"rendered":"47.\u00aa Volta ao Algarve em Bicicleta arranca em Lagos"},"content":{"rendered":"\n<p>A cidade de Lagos ir\u00e1 ser palco, uma vez mais, da Volta ao Algarve em Bicicleta, uma prova que perfaz este ano a sua 47\u00aa edi\u00e7\u00e3o, contando com o apoio do munic\u00edpio de Lagos desde 2005.<\/p>\n\n\n\n<p>Inicialmente agendada para fevereiro, a organiza\u00e7\u00e3o decidiu, face \u00e0 pandemia, adiar a competi\u00e7\u00e3o para o m\u00eas de maio (5 a 9). A partida da 1.\u00aa Etapa, de 189,5 Km a pedalar entre Lagos e Portim\u00e3o, acontecer\u00e1, assim, no pr\u00f3ximo dia 5 de maio, em Lagos, junto ao Complexo Desportivo Municipal, local que ir\u00e1 estar vedado ao p\u00fablico e que foi escolhido com o prop\u00f3sito de evitar a aglomera\u00e7\u00e3o humana, conforme prev\u00ea o Plano de Conting\u00eancia elaborado para que esta competi\u00e7\u00e3o desportiva decorra nas melhores condi\u00e7\u00f5es de seguran\u00e7a sanit\u00e1ria.<\/p>\n\n\n\n<p>Tratando-se de uma modalidade que desperta o interesse do p\u00fablico portugu\u00eas e que pelo seu elevado n\u00edvel competitivo atrai a aten\u00e7\u00e3o da comunica\u00e7\u00e3o social, ajudando a projetar a regi\u00e3o como um territ\u00f3rio que oferece todas as condi\u00e7\u00f5es para a realiza\u00e7\u00e3o de grandes eventos desportivos e tamb\u00e9m como um destino a visitar, a C\u00e2mara Municipal de Lagos decidiu renovar o seu patroc\u00ednio \u00e0 Volta ao Algarve, atribuindo \u00e0 Federa\u00e7\u00e3o Portuguesa de Ciclismo, para a organiza\u00e7\u00e3o desta 47.\u00aa edi\u00e7\u00e3o, um subs\u00eddio de vinte mil euros. Um apoio concedido ao abrigo do Programa de Apoio ao Desporto 2020\/2021 &#8211; Medida 2 \u2013 Apoio a Outras Iniciativas de Interesse Municipal \u2013 Eventos de Relev\u00e2ncia, medida que visa patrocinar grandes eventos, na base do desporto espet\u00e1culo, de \u00e2mbito regional, nacional e internacional.<\/p>\n","protected":false},"excerpt":{"rendered":"<p>A cidade de Lagos ir\u00e1 ser palco, uma vez mais, da Volta ao Algarve em Bicicleta, uma prova que perfaz<\/p>\n","protected":false},"author":1,"featured_media":7853,"comment_status":"closed","ping_status":"open","sticky":false,"template":"","format":"standard","meta":{"colormag_page_container_layout":"default_layout","colormag_page_sidebar_layout":"default_layout","_monsterinsights_skip_tracking":false,"_monsterinsights_sitenote_active":false,"_monsterinsights_sitenote_note":"","_monsterinsights_sitenote_category":0,"jetpack_post_was_ever_published":false,"_jetpack_newsletter_access":"","_jetpack_dont_email_post_to_subs":false,"_jetpack_newsletter_tier_id":0,"_jetpack_memberships_contains_paywalled_content":false,"_jetpack_memberships_contains_paid_content":false,"footnotes":"","jetpack_publicize_message":"","jetpack_publicize_feature_enabled":true,"jetpack_social_post_already_shared":true,"jetpack_social_options":{"image_generator_settings":{"template":"highway","default_image_id":0,"font":"","enabled":false},"version":2}},"categories":[15],"tags":[36,40,68,339],"class_list":["post-7852","post","type-post","status-publish","format-standard","has-post-thumbnail","hentry","category-desporto","tag-algarve","tag-desporto","tag-lagos","tag-volta-ao-algarve"],"yoast_head":"<!-- This site is optimized with the Yoast SEO plugin v27.5 - https:\/\/yoast.com\/product\/yoast-seo-wordpress\/ -->\n<title>47.\u00aa Volta ao Algarve em Bicicleta arranca em Lagos - Algarve 7<\/title>\n<meta name=\"description\" content=\"47.\u00aa Volta ao Algarve em Bicicleta arranca em Lagos Desporto\" \/>\n<meta name=\"robots\" content=\"index, follow, max-snippet:-1, max-image-preview:large, max-video-preview:-1\" \/>\n<link rel=\"canonical\" href=\"https:\/\/algarve7.pt\/index.php\/2021\/04\/47-a-volta-ao-algarve-em-bicicleta-arranca-em-lagos\/desporto\/15\/57\/\" \/>\n<meta property=\"og:locale\" content=\"pt_PT\" \/>\n<meta property=\"og:type\" content=\"article\" \/>\n<meta property=\"og:title\" content=\"47.\u00aa Volta ao Algarve em Bicicleta arranca em Lagos - Algarve 7\" \/>\n<meta property=\"og:description\" content=\"47.\u00aa Volta ao Algarve em Bicicleta arranca em Lagos Desporto\" \/>\n<meta property=\"og:url\" content=\"https:\/\/algarve7.pt\/index.php\/2021\/04\/47-a-volta-ao-algarve-em-bicicleta-arranca-em-lagos\/desporto\/15\/57\/\" \/>\n<meta property=\"og:site_name\" content=\"Algarve 7\" \/>\n<meta property=\"article:publisher\" content=\"https:\/\/www.facebook.com\/algarve7\" \/>\n<meta property=\"article:author\" content=\"https:\/\/www.facebook.com\/algarve7\" \/>\n<meta property=\"article:published_time\" content=\"2021-04-22T14:57:30+00:00\" \/>\n<meta property=\"article:modified_time\" content=\"2021-04-22T14:57:34+00:00\" \/>\n<meta property=\"og:image\" content=\"https:\/\/algarve7.pt\/wp-content\/uploads\/2021\/04\/Volta-Algarve-Bicicleta-18_OCS.jpg\" \/>\n\t<meta property=\"og:image:width\" content=\"1200\" \/>\n\t<meta property=\"og:image:height\" content=\"800\" \/>\n\t<meta property=\"og:image:type\" content=\"image\/jpeg\" \/>\n<meta name=\"author\" content=\"Algarve 7\" \/>\n<meta name=\"twitter:card\" content=\"summary_large_image\" \/>\n<meta name=\"twitter:creator\" content=\"@Algarvesete\" \/>\n<meta name=\"twitter:site\" content=\"@Algarvesete\" \/>\n<meta name=\"twitter:label1\" content=\"Escrito por\" \/>\n\t<meta name=\"twitter:data1\" content=\"Algarve 7\" \/>\n\t<meta name=\"twitter:label2\" content=\"Tempo estimado de leitura\" \/>\n\t<meta name=\"twitter:data2\" content=\"2 minutos\" \/>\n<script type=\"application\/ld+json\" class=\"yoast-schema-graph\">{\"@context\":\"https:\\\/\\\/schema.org\",\"@graph\":[{\"@type\":\"Article\",\"@id\":\"https:\\\/\\\/algarve7.pt\\\/index.php\\\/2021\\\/04\\\/47-a-volta-ao-algarve-em-bicicleta-arranca-em-lagos\\\/desporto\\\/15\\\/57\\\/#article\",\"isPartOf\":{\"@id\":\"https:\\\/\\\/algarve7.pt\\\/index.php\\\/2021\\\/04\\\/47-a-volta-ao-algarve-em-bicicleta-arranca-em-lagos\\\/desporto\\\/15\\\/57\\\/\"},\"author\":{\"name\":\"Algarve 7\",\"@id\":\"https:\\\/\\\/algarve7.pt\\\/#\\\/schema\\\/person\\\/23fa70681308e7b319a3204bcea45e0c\"},\"headline\":\"47.\u00aa Volta ao Algarve em Bicicleta arranca em Lagos\",\"datePublished\":\"2021-04-22T14:57:30+00:00\",\"dateModified\":\"2021-04-22T14:57:34+00:00\",\"mainEntityOfPage\":{\"@id\":\"https:\\\/\\\/algarve7.pt\\\/index.php\\\/2021\\\/04\\\/47-a-volta-ao-algarve-em-bicicleta-arranca-em-lagos\\\/desporto\\\/15\\\/57\\\/\"},\"wordCount\":277,\"publisher\":{\"@id\":\"https:\\\/\\\/algarve7.pt\\\/#organization\"},\"image\":{\"@id\":\"https:\\\/\\\/algarve7.pt\\\/index.php\\\/2021\\\/04\\\/47-a-volta-ao-algarve-em-bicicleta-arranca-em-lagos\\\/desporto\\\/15\\\/57\\\/#primaryimage\"},\"thumbnailUrl\":\"https:\\\/\\\/algarve7.pt\\\/wp-content\\\/uploads\\\/2021\\\/04\\\/Volta-Algarve-Bicicleta-18_OCS.jpg\",\"keywords\":[\"Algarve\",\"Desporto\",\"Lagos\",\"Volta ao Algarve\"],\"articleSection\":[\"Desporto\"],\"inLanguage\":\"pt-PT\"},{\"@type\":\"WebPage\",\"@id\":\"https:\\\/\\\/algarve7.pt\\\/index.php\\\/2021\\\/04\\\/47-a-volta-ao-algarve-em-bicicleta-arranca-em-lagos\\\/desporto\\\/15\\\/57\\\/\",\"url\":\"https:\\\/\\\/algarve7.pt\\\/index.php\\\/2021\\\/04\\\/47-a-volta-ao-algarve-em-bicicleta-arranca-em-lagos\\\/desporto\\\/15\\\/57\\\/\",\"name\":\"47.\u00aa Volta ao Algarve em Bicicleta arranca em Lagos - Algarve 7\",\"isPartOf\":{\"@id\":\"https:\\\/\\\/algarve7.pt\\\/#website\"},\"primaryImageOfPage\":{\"@id\":\"https:\\\/\\\/algarve7.pt\\\/index.php\\\/2021\\\/04\\\/47-a-volta-ao-algarve-em-bicicleta-arranca-em-lagos\\\/desporto\\\/15\\\/57\\\/#primaryimage\"},\"image\":{\"@id\":\"https:\\\/\\\/algarve7.pt\\\/index.php\\\/2021\\\/04\\\/47-a-volta-ao-algarve-em-bicicleta-arranca-em-lagos\\\/desporto\\\/15\\\/57\\\/#primaryimage\"},\"thumbnailUrl\":\"https:\\\/\\\/algarve7.pt\\\/wp-content\\\/uploads\\\/2021\\\/04\\\/Volta-Algarve-Bicicleta-18_OCS.jpg\",\"datePublished\":\"2021-04-22T14:57:30+00:00\",\"dateModified\":\"2021-04-22T14:57:34+00:00\",\"description\":\"47.\u00aa Volta ao Algarve em Bicicleta arranca em Lagos Desporto\",\"breadcrumb\":{\"@id\":\"https:\\\/\\\/algarve7.pt\\\/index.php\\\/2021\\\/04\\\/47-a-volta-ao-algarve-em-bicicleta-arranca-em-lagos\\\/desporto\\\/15\\\/57\\\/#breadcrumb\"},\"inLanguage\":\"pt-PT\",\"potentialAction\":[{\"@type\":\"ReadAction\",\"target\":[\"https:\\\/\\\/algarve7.pt\\\/index.php\\\/2021\\\/04\\\/47-a-volta-ao-algarve-em-bicicleta-arranca-em-lagos\\\/desporto\\\/15\\\/57\\\/\"]}]},{\"@type\":\"ImageObject\",\"inLanguage\":\"pt-PT\",\"@id\":\"https:\\\/\\\/algarve7.pt\\\/index.php\\\/2021\\\/04\\\/47-a-volta-ao-algarve-em-bicicleta-arranca-em-lagos\\\/desporto\\\/15\\\/57\\\/#primaryimage\",\"url\":\"https:\\\/\\\/algarve7.pt\\\/wp-content\\\/uploads\\\/2021\\\/04\\\/Volta-Algarve-Bicicleta-18_OCS.jpg\",\"contentUrl\":\"https:\\\/\\\/algarve7.pt\\\/wp-content\\\/uploads\\\/2021\\\/04\\\/Volta-Algarve-Bicicleta-18_OCS.jpg\",\"width\":1200,\"height\":800,\"caption\":\"46\u00aa Volta ao Algarve em Bicicleta\"},{\"@type\":\"BreadcrumbList\",\"@id\":\"https:\\\/\\\/algarve7.pt\\\/index.php\\\/2021\\\/04\\\/47-a-volta-ao-algarve-em-bicicleta-arranca-em-lagos\\\/desporto\\\/15\\\/57\\\/#breadcrumb\",\"itemListElement\":[{\"@type\":\"ListItem\",\"position\":1,\"name\":\"In\u00edcio\",\"item\":\"https:\\\/\\\/algarve7.pt\\\/\"},{\"@type\":\"ListItem\",\"position\":2,\"name\":\"47.\u00aa Volta ao Algarve em Bicicleta arranca em Lagos\"}]},{\"@type\":\"WebSite\",\"@id\":\"https:\\\/\\\/algarve7.pt\\\/#website\",\"url\":\"https:\\\/\\\/algarve7.pt\\\/\",\"name\":\"Algarve 7\",\"description\":\"Informa\u00e7\u00e3o sobre o Algarve\",\"publisher\":{\"@id\":\"https:\\\/\\\/algarve7.pt\\\/#organization\"},\"potentialAction\":[{\"@type\":\"SearchAction\",\"target\":{\"@type\":\"EntryPoint\",\"urlTemplate\":\"https:\\\/\\\/algarve7.pt\\\/?s={search_term_string}\"},\"query-input\":{\"@type\":\"PropertyValueSpecification\",\"valueRequired\":true,\"valueName\":\"search_term_string\"}}],\"inLanguage\":\"pt-PT\"},{\"@type\":\"Organization\",\"@id\":\"https:\\\/\\\/algarve7.pt\\\/#organization\",\"name\":\"Algarve 7\",\"url\":\"https:\\\/\\\/algarve7.pt\\\/\",\"logo\":{\"@type\":\"ImageObject\",\"inLanguage\":\"pt-PT\",\"@id\":\"https:\\\/\\\/algarve7.pt\\\/#\\\/schema\\\/logo\\\/image\\\/\",\"url\":\"https:\\\/\\\/algarve7.pt\\\/wp-content\\\/uploads\\\/2020\\\/10\\\/Logo-8.jpg\",\"contentUrl\":\"https:\\\/\\\/algarve7.pt\\\/wp-content\\\/uploads\\\/2020\\\/10\\\/Logo-8.jpg\",\"width\":1680,\"height\":1186,\"caption\":\"Algarve 7\"},\"image\":{\"@id\":\"https:\\\/\\\/algarve7.pt\\\/#\\\/schema\\\/logo\\\/image\\\/\"},\"sameAs\":[\"https:\\\/\\\/www.facebook.com\\\/algarve7\",\"https:\\\/\\\/x.com\\\/Algarvesete\",\"https:\\\/\\\/www.instagram.com\\\/jornalalgarve7\\\/\",\"https:\\\/\\\/www.linkedin.com\\\/company\\\/algarve7\",\"https:\\\/\\\/www.pinterest.pt\\\/geral0939\\\/_created\\\/\"]},{\"@type\":\"Person\",\"@id\":\"https:\\\/\\\/algarve7.pt\\\/#\\\/schema\\\/person\\\/23fa70681308e7b319a3204bcea45e0c\",\"name\":\"Algarve 7\",\"sameAs\":[\"https:\\\/\\\/algarve7.pt\",\"https:\\\/\\\/www.facebook.com\\\/algarve7\"],\"url\":\"https:\\\/\\\/algarve7.pt\\\/index.php\\\/author\\\/geralalgarve7-pt\\\/\"}]}<\/script>\n<!-- \/ Yoast SEO plugin. -->","yoast_head_json":{"title":"47.\u00aa Volta ao Algarve em Bicicleta arranca em Lagos - Algarve 7","description":"47.\u00aa Volta ao Algarve em Bicicleta arranca em Lagos Desporto","robots":{"index":"index","follow":"follow","max-snippet":"max-snippet:-1","max-image-preview":"max-image-preview:large","max-video-preview":"max-video-preview:-1"},"canonical":"https:\/\/algarve7.pt\/index.php\/2021\/04\/47-a-volta-ao-algarve-em-bicicleta-arranca-em-lagos\/desporto\/15\/57\/","og_locale":"pt_PT","og_type":"article","og_title":"47.\u00aa Volta ao Algarve em Bicicleta arranca em Lagos - Algarve 7","og_description":"47.\u00aa Volta ao Algarve em Bicicleta arranca em Lagos Desporto","og_url":"https:\/\/algarve7.pt\/index.php\/2021\/04\/47-a-volta-ao-algarve-em-bicicleta-arranca-em-lagos\/desporto\/15\/57\/","og_site_name":"Algarve 7","article_publisher":"https:\/\/www.facebook.com\/algarve7","article_author":"https:\/\/www.facebook.com\/algarve7","article_published_time":"2021-04-22T14:57:30+00:00","article_modified_time":"2021-04-22T14:57:34+00:00","og_image":[{"width":1200,"height":800,"url":"https:\/\/algarve7.pt\/wp-content\/uploads\/2021\/04\/Volta-Algarve-Bicicleta-18_OCS.jpg","type":"image\/jpeg"}],"author":"Algarve 7","twitter_card":"summary_large_image","twitter_creator":"@Algarvesete","twitter_site":"@Algarvesete","twitter_misc":{"Escrito por":"Algarve 7","Tempo estimado de leitura":"2 minutos"},"schema":{"@context":"https:\/\/schema.org","@graph":[{"@type":"Article","@id":"https:\/\/algarve7.pt\/index.php\/2021\/04\/47-a-volta-ao-algarve-em-bicicleta-arranca-em-lagos\/desporto\/15\/57\/#article","isPartOf":{"@id":"https:\/\/algarve7.pt\/index.php\/2021\/04\/47-a-volta-ao-algarve-em-bicicleta-arranca-em-lagos\/desporto\/15\/57\/"},"author":{"name":"Algarve 7","@id":"https:\/\/algarve7.pt\/#\/schema\/person\/23fa70681308e7b319a3204bcea45e0c"},"headline":"47.\u00aa Volta ao Algarve em Bicicleta arranca em Lagos","datePublished":"2021-04-22T14:57:30+00:00","dateModified":"2021-04-22T14:57:34+00:00","mainEntityOfPage":{"@id":"https:\/\/algarve7.pt\/index.php\/2021\/04\/47-a-volta-ao-algarve-em-bicicleta-arranca-em-lagos\/desporto\/15\/57\/"},"wordCount":277,"publisher":{"@id":"https:\/\/algarve7.pt\/#organization"},"image":{"@id":"https:\/\/algarve7.pt\/index.php\/2021\/04\/47-a-volta-ao-algarve-em-bicicleta-arranca-em-lagos\/desporto\/15\/57\/#primaryimage"},"thumbnailUrl":"https:\/\/algarve7.pt\/wp-content\/uploads\/2021\/04\/Volta-Algarve-Bicicleta-18_OCS.jpg","keywords":["Algarve","Desporto","Lagos","Volta ao Algarve"],"articleSection":["Desporto"],"inLanguage":"pt-PT"},{"@type":"WebPage","@id":"https:\/\/algarve7.pt\/index.php\/2021\/04\/47-a-volta-ao-algarve-em-bicicleta-arranca-em-lagos\/desporto\/15\/57\/","url":"https:\/\/algarve7.pt\/index.php\/2021\/04\/47-a-volta-ao-algarve-em-bicicleta-arranca-em-lagos\/desporto\/15\/57\/","name":"47.\u00aa Volta ao Algarve em Bicicleta arranca em Lagos - Algarve 7","isPartOf":{"@id":"https:\/\/algarve7.pt\/#website"},"primaryImageOfPage":{"@id":"https:\/\/algarve7.pt\/index.php\/2021\/04\/47-a-volta-ao-algarve-em-bicicleta-arranca-em-lagos\/desporto\/15\/57\/#primaryimage"},"image":{"@id":"https:\/\/algarve7.pt\/index.php\/2021\/04\/47-a-volta-ao-algarve-em-bicicleta-arranca-em-lagos\/desporto\/15\/57\/#primaryimage"},"thumbnailUrl":"https:\/\/algarve7.pt\/wp-content\/uploads\/2021\/04\/Volta-Algarve-Bicicleta-18_OCS.jpg","datePublished":"2021-04-22T14:57:30+00:00","dateModified":"2021-04-22T14:57:34+00:00","description":"47.\u00aa Volta ao Algarve em Bicicleta arranca em Lagos Desporto","breadcrumb":{"@id":"https:\/\/algarve7.pt\/index.php\/2021\/04\/47-a-volta-ao-algarve-em-bicicleta-arranca-em-lagos\/desporto\/15\/57\/#breadcrumb"},"inLanguage":"pt-PT","potentialAction":[{"@type":"ReadAction","target":["https:\/\/algarve7.pt\/index.php\/2021\/04\/47-a-volta-ao-algarve-em-bicicleta-arranca-em-lagos\/desporto\/15\/57\/"]}]},{"@type":"ImageObject","inLanguage":"pt-PT","@id":"https:\/\/algarve7.pt\/index.php\/2021\/04\/47-a-volta-ao-algarve-em-bicicleta-arranca-em-lagos\/desporto\/15\/57\/#primaryimage","url":"https:\/\/algarve7.pt\/wp-content\/uploads\/2021\/04\/Volta-Algarve-Bicicleta-18_OCS.jpg","contentUrl":"https:\/\/algarve7.pt\/wp-content\/uploads\/2021\/04\/Volta-Algarve-Bicicleta-18_OCS.jpg","width":1200,"height":800,"caption":"46\u00aa Volta ao Algarve em Bicicleta"},{"@type":"BreadcrumbList","@id":"https:\/\/algarve7.pt\/index.php\/2021\/04\/47-a-volta-ao-algarve-em-bicicleta-arranca-em-lagos\/desporto\/15\/57\/#breadcrumb","itemListElement":[{"@type":"ListItem","position":1,"name":"In\u00edcio","item":"https:\/\/algarve7.pt\/"},{"@type":"ListItem","position":2,"name":"47.\u00aa Volta ao Algarve em Bicicleta arranca em Lagos"}]},{"@type":"WebSite","@id":"https:\/\/algarve7.pt\/#website","url":"https:\/\/algarve7.pt\/","name":"Algarve 7","description":"Informa\u00e7\u00e3o sobre o Algarve","publisher":{"@id":"https:\/\/algarve7.pt\/#organization"},"potentialAction":[{"@type":"SearchAction","target":{"@type":"EntryPoint","urlTemplate":"https:\/\/algarve7.pt\/?s={search_term_string}"},"query-input":{"@type":"PropertyValueSpecification","valueRequired":true,"valueName":"search_term_string"}}],"inLanguage":"pt-PT"},{"@type":"Organization","@id":"https:\/\/algarve7.pt\/#organization","name":"Algarve 7","url":"https:\/\/algarve7.pt\/","logo":{"@type":"ImageObject","inLanguage":"pt-PT","@id":"https:\/\/algarve7.pt\/#\/schema\/logo\/image\/","url":"https:\/\/algarve7.pt\/wp-content\/uploads\/2020\/10\/Logo-8.jpg","contentUrl":"https:\/\/algarve7.pt\/wp-content\/uploads\/2020\/10\/Logo-8.jpg","width":1680,"height":1186,"caption":"Algarve 7"},"image":{"@id":"https:\/\/algarve7.pt\/#\/schema\/logo\/image\/"},"sameAs":["https:\/\/www.facebook.com\/algarve7","https:\/\/x.com\/Algarvesete","https:\/\/www.instagram.com\/jornalalgarve7\/","https:\/\/www.linkedin.com\/company\/algarve7","https:\/\/www.pinterest.pt\/geral0939\/_created\/"]},{"@type":"Person","@id":"https:\/\/algarve7.pt\/#\/schema\/person\/23fa70681308e7b319a3204bcea45e0c","name":"Algarve 7","sameAs":["https:\/\/algarve7.pt","https:\/\/www.facebook.com\/algarve7"],"url":"https:\/\/algarve7.pt\/index.php\/author\/geralalgarve7-pt\/"}]}},"jetpack_publicize_connections":[],"jetpack_featured_media_url":"https:\/\/algarve7.pt\/wp-content\/uploads\/2021\/04\/Volta-Algarve-Bicicleta-18_OCS.jpg","jetpack_shortlink":"https:\/\/wp.me\/pcezmW-22E","jetpack_sharing_enabled":true,"_links":{"self":[{"href":"https:\/\/algarve7.pt\/index.php\/wp-json\/wp\/v2\/posts\/7852","targetHints":{"allow":["GET"]}}],"collection":[{"href":"https:\/\/algarve7.pt\/index.php\/wp-json\/wp\/v2\/posts"}],"about":[{"href":"https:\/\/algarve7.pt\/index.php\/wp-json\/wp\/v2\/types\/post"}],"author":[{"embeddable":true,"href":"https:\/\/algarve7.pt\/index.php\/wp-json\/wp\/v2\/users\/1"}],"replies":[{"embeddable":true,"href":"https:\/\/algarve7.pt\/index.php\/wp-json\/wp\/v2\/comments?post=7852"}],"version-history":[{"count":0,"href":"https:\/\/algarve7.pt\/index.php\/wp-json\/wp\/v2\/posts\/7852\/revisions"}],"wp:featuredmedia":[{"embeddable":true,"href":"https:\/\/algarve7.pt\/index.php\/wp-json\/wp\/v2\/media\/7853"}],"wp:attachment":[{"href":"https:\/\/algarve7.pt\/index.php\/wp-json\/wp\/v2\/media?parent=7852"}],"wp:term":[{"taxonomy":"category","embeddable":true,"href":"https:\/\/algarve7.pt\/index.php\/wp-json\/wp\/v2\/categories?post=7852"},{"taxonomy":"post_tag","embeddable":true,"href":"https:\/\/algarve7.pt\/index.php\/wp-json\/wp\/v2\/tags?post=7852"}],"curies":[{"name":"wp","href":"https:\/\/api.w.org\/{rel}","templated":true}]}}