{"id":7813,"date":"2021-04-21T15:10:56","date_gmt":"2021-04-21T14:10:56","guid":{"rendered":"https:\/\/algarve7.pt\/?p=7813"},"modified":"2021-04-21T15:11:00","modified_gmt":"2021-04-21T14:11:00","slug":"fundo-ambiental-promove-economia-circular-em-freguesias","status":"publish","type":"post","link":"https:\/\/algarve7.pt\/index.php\/2021\/04\/fundo-ambiental-promove-economia-circular-em-freguesias\/ambiente\/15\/10\/","title":{"rendered":"Fundo Ambiental promove economia circular em freguesias"},"content":{"rendered":"\n<p>Foi hoje publicado o aviso do Fundo Ambiental \u201cEconomia Circular em Freguesias (JUNTAr+)\u201d para a implementa\u00e7\u00e3o de solu\u00e7\u00f5es locais de economia circular que demonstrem benef\u00edcios econ\u00f3micos, sociais e ambientais associados. A 3\u00aa edi\u00e7\u00e3o do JUNTAr+ incidir\u00e1 no setor da constru\u00e7\u00e3o, nos materiais e componentes resultantes das obras de constru\u00e7\u00e3o, demoli\u00e7\u00e3o e reabilita\u00e7\u00e3o, nos t\u00eaxteis, mobili\u00e1rio p\u00f3s-consumo e equipamentos el\u00e9tricos e eletr\u00f3nicos com potencial de reutiliza\u00e7\u00e3o.&nbsp;<\/p>\n\n\n\n<p>Dirigido a todo o territ\u00f3rio nacional,\u00a0<a href=\"https:\/\/www.fundoambiental.pt\/avisos-2021\/residuos-e-economia-circular\/economia-circular-em-freguesias-juntar-.aspx\" target=\"_blank\" rel=\"noreferrer noopener\">podem candidatar-se at\u00e9 21 de maio<\/a>, Juntas de Freguesia ou Uni\u00f5es Juntas de Freguesias, autonomamente ou em parceria com universidades, empresas, ONGA, associa\u00e7\u00f5es culturais e socais, entre outras entidades.<\/p>\n\n\n\n<p>O JUNTAr+ disp\u00f5e de uma dota\u00e7\u00e3o de 500.000 euros, com cofinanciamento de 85%, com um valor m\u00e1ximo de 31.250 euros atribu\u00eddo por candidatura.&nbsp;<\/p>\n\n\n\n<p>Este Aviso apresenta como objetivos o desenvolvimento de solu\u00e7\u00f5es enquadradas na agenda de transi\u00e7\u00e3o para o setor da constru\u00e7\u00e3o do\u00a0<a href=\"https:\/\/economiacircular.gov.pt\/pt\/economia-circular\/principios\" target=\"_blank\" rel=\"noreferrer noopener\">Plano de A\u00e7\u00e3o para a Economia Circular<\/a>\u00a0(PAEC). Prossegue, assim, a inten\u00e7\u00e3o de acelerar, nas cadeias de valor das atividades econ\u00f3micas e junto das comunidades, a interioriza\u00e7\u00e3o e implementa\u00e7\u00e3o dos conceitos associados \u00e0 economia circular: circuitos curtos de produ\u00e7\u00e3o e consumo, reutiliza\u00e7\u00e3o e extens\u00e3o de vida \u00fatil de produtos e equipamentos, promo\u00e7\u00e3o e valoriza\u00e7\u00e3o de recursos locais.\u00a0<\/p>\n\n\n\n<p>O Fundo Ambiental tem contribu\u00eddo, desde 2018, para acelerar a transi\u00e7\u00e3o para um modelo de economia circular, atrav\u00e9s do financiamento de projetos alinhados com os objetivos do PAEC. Com uma dota\u00e7\u00e3o global de dois milh\u00f5es de euros, atrav\u00e9s da publica\u00e7\u00e3o dos Avisos Juntar (2018) e Juntar+ (2019), as Juntas de Freguesia submeteram diversos projetos para o desenvolvimento de solu\u00e7\u00f5es locais no \u00e2mbito da economia circular. A experi\u00eancia das primeiras edi\u00e7\u00f5es evidencia que as comunidades est\u00e3o atentas e sensibilizadas para o uso eficiente dos recursos locais e que as Juntas de Freguesia t\u00eam um papel fundamental enquanto catalisadores junto de outros agentes.\u00a0\u00a0<\/p>\n\n\n\n<p class=\"has-small-font-size\">Fonte: Governo<\/p>\n","protected":false},"excerpt":{"rendered":"<p>Foi hoje publicado o aviso do Fundo Ambiental \u201cEconomia Circular em Freguesias (JUNTAr+)\u201d para a implementa\u00e7\u00e3o de solu\u00e7\u00f5es locais de<\/p>\n","protected":false},"author":1,"featured_media":7814,"comment_status":"closed","ping_status":"open","sticky":false,"template":"","format":"standard","meta":{"colormag_page_container_layout":"default_layout","colormag_page_sidebar_layout":"default_layout","_monsterinsights_skip_tracking":false,"_monsterinsights_sitenote_active":false,"_monsterinsights_sitenote_note":"","_monsterinsights_sitenote_category":0,"jetpack_post_was_ever_published":false,"_jetpack_newsletter_access":"","_jetpack_dont_email_post_to_subs":false,"_jetpack_newsletter_tier_id":0,"_jetpack_memberships_contains_paywalled_content":false,"_jetpack_memberships_contains_paid_content":false,"footnotes":"","jetpack_publicize_message":"","jetpack_publicize_feature_enabled":true,"jetpack_social_post_already_shared":true,"jetpack_social_options":{"image_generator_settings":{"template":"highway","default_image_id":0,"font":"","enabled":false},"version":2}},"categories":[5],"tags":[32,98],"class_list":["post-7813","post","type-post","status-publish","format-standard","has-post-thumbnail","hentry","category-ambiente","tag-ambiente","tag-nacional"],"yoast_head":"<!-- This site is optimized with the Yoast SEO plugin v27.5 - https:\/\/yoast.com\/product\/yoast-seo-wordpress\/ -->\n<title>Fundo Ambiental promove economia circular em freguesias - Algarve 7<\/title>\n<meta name=\"description\" content=\"Fundo Ambiental promove economia circular em freguesias Ambiente\" \/>\n<meta name=\"robots\" content=\"index, follow, max-snippet:-1, max-image-preview:large, max-video-preview:-1\" \/>\n<link rel=\"canonical\" href=\"https:\/\/algarve7.pt\/index.php\/2021\/04\/fundo-ambiental-promove-economia-circular-em-freguesias\/ambiente\/15\/10\/\" \/>\n<meta property=\"og:locale\" content=\"pt_PT\" \/>\n<meta property=\"og:type\" content=\"article\" \/>\n<meta property=\"og:title\" content=\"Fundo Ambiental promove economia circular em freguesias - Algarve 7\" \/>\n<meta property=\"og:description\" content=\"Fundo Ambiental promove economia circular em freguesias Ambiente\" \/>\n<meta property=\"og:url\" content=\"https:\/\/algarve7.pt\/index.php\/2021\/04\/fundo-ambiental-promove-economia-circular-em-freguesias\/ambiente\/15\/10\/\" \/>\n<meta property=\"og:site_name\" content=\"Algarve 7\" \/>\n<meta property=\"article:publisher\" content=\"https:\/\/www.facebook.com\/algarve7\" \/>\n<meta property=\"article:author\" content=\"https:\/\/www.facebook.com\/algarve7\" \/>\n<meta property=\"article:published_time\" content=\"2021-04-21T14:10:56+00:00\" \/>\n<meta property=\"article:modified_time\" content=\"2021-04-21T14:11:00+00:00\" \/>\n<meta property=\"og:image\" content=\"https:\/\/algarve7.pt\/wp-content\/uploads\/2021\/04\/part-3.png\" \/>\n\t<meta property=\"og:image:width\" content=\"594\" \/>\n\t<meta property=\"og:image:height\" content=\"364\" \/>\n\t<meta property=\"og:image:type\" content=\"image\/png\" \/>\n<meta name=\"author\" content=\"Algarve 7\" \/>\n<meta name=\"twitter:card\" content=\"summary_large_image\" \/>\n<meta name=\"twitter:creator\" content=\"@Algarvesete\" \/>\n<meta name=\"twitter:site\" content=\"@Algarvesete\" \/>\n<meta name=\"twitter:label1\" content=\"Escrito por\" \/>\n\t<meta name=\"twitter:data1\" content=\"Algarve 7\" \/>\n\t<meta name=\"twitter:label2\" content=\"Tempo estimado de leitura\" \/>\n\t<meta name=\"twitter:data2\" content=\"2 minutos\" \/>\n<script type=\"application\/ld+json\" class=\"yoast-schema-graph\">{\"@context\":\"https:\\\/\\\/schema.org\",\"@graph\":[{\"@type\":\"Article\",\"@id\":\"https:\\\/\\\/algarve7.pt\\\/index.php\\\/2021\\\/04\\\/fundo-ambiental-promove-economia-circular-em-freguesias\\\/ambiente\\\/15\\\/10\\\/#article\",\"isPartOf\":{\"@id\":\"https:\\\/\\\/algarve7.pt\\\/index.php\\\/2021\\\/04\\\/fundo-ambiental-promove-economia-circular-em-freguesias\\\/ambiente\\\/15\\\/10\\\/\"},\"author\":{\"name\":\"Algarve 7\",\"@id\":\"https:\\\/\\\/algarve7.pt\\\/#\\\/schema\\\/person\\\/23fa70681308e7b319a3204bcea45e0c\"},\"headline\":\"Fundo Ambiental promove economia circular em freguesias\",\"datePublished\":\"2021-04-21T14:10:56+00:00\",\"dateModified\":\"2021-04-21T14:11:00+00:00\",\"mainEntityOfPage\":{\"@id\":\"https:\\\/\\\/algarve7.pt\\\/index.php\\\/2021\\\/04\\\/fundo-ambiental-promove-economia-circular-em-freguesias\\\/ambiente\\\/15\\\/10\\\/\"},\"wordCount\":350,\"publisher\":{\"@id\":\"https:\\\/\\\/algarve7.pt\\\/#organization\"},\"image\":{\"@id\":\"https:\\\/\\\/algarve7.pt\\\/index.php\\\/2021\\\/04\\\/fundo-ambiental-promove-economia-circular-em-freguesias\\\/ambiente\\\/15\\\/10\\\/#primaryimage\"},\"thumbnailUrl\":\"https:\\\/\\\/algarve7.pt\\\/wp-content\\\/uploads\\\/2021\\\/04\\\/part-3.png\",\"keywords\":[\"Ambiente\",\"Nacional\"],\"articleSection\":[\"Ambiente\"],\"inLanguage\":\"pt-PT\"},{\"@type\":\"WebPage\",\"@id\":\"https:\\\/\\\/algarve7.pt\\\/index.php\\\/2021\\\/04\\\/fundo-ambiental-promove-economia-circular-em-freguesias\\\/ambiente\\\/15\\\/10\\\/\",\"url\":\"https:\\\/\\\/algarve7.pt\\\/index.php\\\/2021\\\/04\\\/fundo-ambiental-promove-economia-circular-em-freguesias\\\/ambiente\\\/15\\\/10\\\/\",\"name\":\"Fundo Ambiental promove economia circular em freguesias - Algarve 7\",\"isPartOf\":{\"@id\":\"https:\\\/\\\/algarve7.pt\\\/#website\"},\"primaryImageOfPage\":{\"@id\":\"https:\\\/\\\/algarve7.pt\\\/index.php\\\/2021\\\/04\\\/fundo-ambiental-promove-economia-circular-em-freguesias\\\/ambiente\\\/15\\\/10\\\/#primaryimage\"},\"image\":{\"@id\":\"https:\\\/\\\/algarve7.pt\\\/index.php\\\/2021\\\/04\\\/fundo-ambiental-promove-economia-circular-em-freguesias\\\/ambiente\\\/15\\\/10\\\/#primaryimage\"},\"thumbnailUrl\":\"https:\\\/\\\/algarve7.pt\\\/wp-content\\\/uploads\\\/2021\\\/04\\\/part-3.png\",\"datePublished\":\"2021-04-21T14:10:56+00:00\",\"dateModified\":\"2021-04-21T14:11:00+00:00\",\"description\":\"Fundo Ambiental promove economia circular em freguesias Ambiente\",\"breadcrumb\":{\"@id\":\"https:\\\/\\\/algarve7.pt\\\/index.php\\\/2021\\\/04\\\/fundo-ambiental-promove-economia-circular-em-freguesias\\\/ambiente\\\/15\\\/10\\\/#breadcrumb\"},\"inLanguage\":\"pt-PT\",\"potentialAction\":[{\"@type\":\"ReadAction\",\"target\":[\"https:\\\/\\\/algarve7.pt\\\/index.php\\\/2021\\\/04\\\/fundo-ambiental-promove-economia-circular-em-freguesias\\\/ambiente\\\/15\\\/10\\\/\"]}]},{\"@type\":\"ImageObject\",\"inLanguage\":\"pt-PT\",\"@id\":\"https:\\\/\\\/algarve7.pt\\\/index.php\\\/2021\\\/04\\\/fundo-ambiental-promove-economia-circular-em-freguesias\\\/ambiente\\\/15\\\/10\\\/#primaryimage\",\"url\":\"https:\\\/\\\/algarve7.pt\\\/wp-content\\\/uploads\\\/2021\\\/04\\\/part-3.png\",\"contentUrl\":\"https:\\\/\\\/algarve7.pt\\\/wp-content\\\/uploads\\\/2021\\\/04\\\/part-3.png\",\"width\":594,\"height\":364},{\"@type\":\"BreadcrumbList\",\"@id\":\"https:\\\/\\\/algarve7.pt\\\/index.php\\\/2021\\\/04\\\/fundo-ambiental-promove-economia-circular-em-freguesias\\\/ambiente\\\/15\\\/10\\\/#breadcrumb\",\"itemListElement\":[{\"@type\":\"ListItem\",\"position\":1,\"name\":\"In\u00edcio\",\"item\":\"https:\\\/\\\/algarve7.pt\\\/\"},{\"@type\":\"ListItem\",\"position\":2,\"name\":\"Fundo Ambiental promove economia circular em freguesias\"}]},{\"@type\":\"WebSite\",\"@id\":\"https:\\\/\\\/algarve7.pt\\\/#website\",\"url\":\"https:\\\/\\\/algarve7.pt\\\/\",\"name\":\"Algarve 7\",\"description\":\"Informa\u00e7\u00e3o sobre o Algarve\",\"publisher\":{\"@id\":\"https:\\\/\\\/algarve7.pt\\\/#organization\"},\"potentialAction\":[{\"@type\":\"SearchAction\",\"target\":{\"@type\":\"EntryPoint\",\"urlTemplate\":\"https:\\\/\\\/algarve7.pt\\\/?s={search_term_string}\"},\"query-input\":{\"@type\":\"PropertyValueSpecification\",\"valueRequired\":true,\"valueName\":\"search_term_string\"}}],\"inLanguage\":\"pt-PT\"},{\"@type\":\"Organization\",\"@id\":\"https:\\\/\\\/algarve7.pt\\\/#organization\",\"name\":\"Algarve 7\",\"url\":\"https:\\\/\\\/algarve7.pt\\\/\",\"logo\":{\"@type\":\"ImageObject\",\"inLanguage\":\"pt-PT\",\"@id\":\"https:\\\/\\\/algarve7.pt\\\/#\\\/schema\\\/logo\\\/image\\\/\",\"url\":\"https:\\\/\\\/algarve7.pt\\\/wp-content\\\/uploads\\\/2020\\\/10\\\/Logo-8.jpg\",\"contentUrl\":\"https:\\\/\\\/algarve7.pt\\\/wp-content\\\/uploads\\\/2020\\\/10\\\/Logo-8.jpg\",\"width\":1680,\"height\":1186,\"caption\":\"Algarve 7\"},\"image\":{\"@id\":\"https:\\\/\\\/algarve7.pt\\\/#\\\/schema\\\/logo\\\/image\\\/\"},\"sameAs\":[\"https:\\\/\\\/www.facebook.com\\\/algarve7\",\"https:\\\/\\\/x.com\\\/Algarvesete\",\"https:\\\/\\\/www.instagram.com\\\/jornalalgarve7\\\/\",\"https:\\\/\\\/www.linkedin.com\\\/company\\\/algarve7\",\"https:\\\/\\\/www.pinterest.pt\\\/geral0939\\\/_created\\\/\"]},{\"@type\":\"Person\",\"@id\":\"https:\\\/\\\/algarve7.pt\\\/#\\\/schema\\\/person\\\/23fa70681308e7b319a3204bcea45e0c\",\"name\":\"Algarve 7\",\"sameAs\":[\"https:\\\/\\\/algarve7.pt\",\"https:\\\/\\\/www.facebook.com\\\/algarve7\"],\"url\":\"https:\\\/\\\/algarve7.pt\\\/index.php\\\/author\\\/geralalgarve7-pt\\\/\"}]}<\/script>\n<!-- \/ Yoast SEO plugin. -->","yoast_head_json":{"title":"Fundo Ambiental promove economia circular em freguesias - Algarve 7","description":"Fundo Ambiental promove economia circular em freguesias Ambiente","robots":{"index":"index","follow":"follow","max-snippet":"max-snippet:-1","max-image-preview":"max-image-preview:large","max-video-preview":"max-video-preview:-1"},"canonical":"https:\/\/algarve7.pt\/index.php\/2021\/04\/fundo-ambiental-promove-economia-circular-em-freguesias\/ambiente\/15\/10\/","og_locale":"pt_PT","og_type":"article","og_title":"Fundo Ambiental promove economia circular em freguesias - Algarve 7","og_description":"Fundo Ambiental promove economia circular em freguesias Ambiente","og_url":"https:\/\/algarve7.pt\/index.php\/2021\/04\/fundo-ambiental-promove-economia-circular-em-freguesias\/ambiente\/15\/10\/","og_site_name":"Algarve 7","article_publisher":"https:\/\/www.facebook.com\/algarve7","article_author":"https:\/\/www.facebook.com\/algarve7","article_published_time":"2021-04-21T14:10:56+00:00","article_modified_time":"2021-04-21T14:11:00+00:00","og_image":[{"width":594,"height":364,"url":"https:\/\/algarve7.pt\/wp-content\/uploads\/2021\/04\/part-3.png","type":"image\/png"}],"author":"Algarve 7","twitter_card":"summary_large_image","twitter_creator":"@Algarvesete","twitter_site":"@Algarvesete","twitter_misc":{"Escrito por":"Algarve 7","Tempo estimado de leitura":"2 minutos"},"schema":{"@context":"https:\/\/schema.org","@graph":[{"@type":"Article","@id":"https:\/\/algarve7.pt\/index.php\/2021\/04\/fundo-ambiental-promove-economia-circular-em-freguesias\/ambiente\/15\/10\/#article","isPartOf":{"@id":"https:\/\/algarve7.pt\/index.php\/2021\/04\/fundo-ambiental-promove-economia-circular-em-freguesias\/ambiente\/15\/10\/"},"author":{"name":"Algarve 7","@id":"https:\/\/algarve7.pt\/#\/schema\/person\/23fa70681308e7b319a3204bcea45e0c"},"headline":"Fundo Ambiental promove economia circular em freguesias","datePublished":"2021-04-21T14:10:56+00:00","dateModified":"2021-04-21T14:11:00+00:00","mainEntityOfPage":{"@id":"https:\/\/algarve7.pt\/index.php\/2021\/04\/fundo-ambiental-promove-economia-circular-em-freguesias\/ambiente\/15\/10\/"},"wordCount":350,"publisher":{"@id":"https:\/\/algarve7.pt\/#organization"},"image":{"@id":"https:\/\/algarve7.pt\/index.php\/2021\/04\/fundo-ambiental-promove-economia-circular-em-freguesias\/ambiente\/15\/10\/#primaryimage"},"thumbnailUrl":"https:\/\/algarve7.pt\/wp-content\/uploads\/2021\/04\/part-3.png","keywords":["Ambiente","Nacional"],"articleSection":["Ambiente"],"inLanguage":"pt-PT"},{"@type":"WebPage","@id":"https:\/\/algarve7.pt\/index.php\/2021\/04\/fundo-ambiental-promove-economia-circular-em-freguesias\/ambiente\/15\/10\/","url":"https:\/\/algarve7.pt\/index.php\/2021\/04\/fundo-ambiental-promove-economia-circular-em-freguesias\/ambiente\/15\/10\/","name":"Fundo Ambiental promove economia circular em freguesias - Algarve 7","isPartOf":{"@id":"https:\/\/algarve7.pt\/#website"},"primaryImageOfPage":{"@id":"https:\/\/algarve7.pt\/index.php\/2021\/04\/fundo-ambiental-promove-economia-circular-em-freguesias\/ambiente\/15\/10\/#primaryimage"},"image":{"@id":"https:\/\/algarve7.pt\/index.php\/2021\/04\/fundo-ambiental-promove-economia-circular-em-freguesias\/ambiente\/15\/10\/#primaryimage"},"thumbnailUrl":"https:\/\/algarve7.pt\/wp-content\/uploads\/2021\/04\/part-3.png","datePublished":"2021-04-21T14:10:56+00:00","dateModified":"2021-04-21T14:11:00+00:00","description":"Fundo Ambiental promove economia circular em freguesias Ambiente","breadcrumb":{"@id":"https:\/\/algarve7.pt\/index.php\/2021\/04\/fundo-ambiental-promove-economia-circular-em-freguesias\/ambiente\/15\/10\/#breadcrumb"},"inLanguage":"pt-PT","potentialAction":[{"@type":"ReadAction","target":["https:\/\/algarve7.pt\/index.php\/2021\/04\/fundo-ambiental-promove-economia-circular-em-freguesias\/ambiente\/15\/10\/"]}]},{"@type":"ImageObject","inLanguage":"pt-PT","@id":"https:\/\/algarve7.pt\/index.php\/2021\/04\/fundo-ambiental-promove-economia-circular-em-freguesias\/ambiente\/15\/10\/#primaryimage","url":"https:\/\/algarve7.pt\/wp-content\/uploads\/2021\/04\/part-3.png","contentUrl":"https:\/\/algarve7.pt\/wp-content\/uploads\/2021\/04\/part-3.png","width":594,"height":364},{"@type":"BreadcrumbList","@id":"https:\/\/algarve7.pt\/index.php\/2021\/04\/fundo-ambiental-promove-economia-circular-em-freguesias\/ambiente\/15\/10\/#breadcrumb","itemListElement":[{"@type":"ListItem","position":1,"name":"In\u00edcio","item":"https:\/\/algarve7.pt\/"},{"@type":"ListItem","position":2,"name":"Fundo Ambiental promove economia circular em freguesias"}]},{"@type":"WebSite","@id":"https:\/\/algarve7.pt\/#website","url":"https:\/\/algarve7.pt\/","name":"Algarve 7","description":"Informa\u00e7\u00e3o sobre o Algarve","publisher":{"@id":"https:\/\/algarve7.pt\/#organization"},"potentialAction":[{"@type":"SearchAction","target":{"@type":"EntryPoint","urlTemplate":"https:\/\/algarve7.pt\/?s={search_term_string}"},"query-input":{"@type":"PropertyValueSpecification","valueRequired":true,"valueName":"search_term_string"}}],"inLanguage":"pt-PT"},{"@type":"Organization","@id":"https:\/\/algarve7.pt\/#organization","name":"Algarve 7","url":"https:\/\/algarve7.pt\/","logo":{"@type":"ImageObject","inLanguage":"pt-PT","@id":"https:\/\/algarve7.pt\/#\/schema\/logo\/image\/","url":"https:\/\/algarve7.pt\/wp-content\/uploads\/2020\/10\/Logo-8.jpg","contentUrl":"https:\/\/algarve7.pt\/wp-content\/uploads\/2020\/10\/Logo-8.jpg","width":1680,"height":1186,"caption":"Algarve 7"},"image":{"@id":"https:\/\/algarve7.pt\/#\/schema\/logo\/image\/"},"sameAs":["https:\/\/www.facebook.com\/algarve7","https:\/\/x.com\/Algarvesete","https:\/\/www.instagram.com\/jornalalgarve7\/","https:\/\/www.linkedin.com\/company\/algarve7","https:\/\/www.pinterest.pt\/geral0939\/_created\/"]},{"@type":"Person","@id":"https:\/\/algarve7.pt\/#\/schema\/person\/23fa70681308e7b319a3204bcea45e0c","name":"Algarve 7","sameAs":["https:\/\/algarve7.pt","https:\/\/www.facebook.com\/algarve7"],"url":"https:\/\/algarve7.pt\/index.php\/author\/geralalgarve7-pt\/"}]}},"jetpack_publicize_connections":[],"jetpack_featured_media_url":"https:\/\/algarve7.pt\/wp-content\/uploads\/2021\/04\/part-3.png","jetpack_shortlink":"https:\/\/wp.me\/pcezmW-221","jetpack_sharing_enabled":true,"_links":{"self":[{"href":"https:\/\/algarve7.pt\/index.php\/wp-json\/wp\/v2\/posts\/7813","targetHints":{"allow":["GET"]}}],"collection":[{"href":"https:\/\/algarve7.pt\/index.php\/wp-json\/wp\/v2\/posts"}],"about":[{"href":"https:\/\/algarve7.pt\/index.php\/wp-json\/wp\/v2\/types\/post"}],"author":[{"embeddable":true,"href":"https:\/\/algarve7.pt\/index.php\/wp-json\/wp\/v2\/users\/1"}],"replies":[{"embeddable":true,"href":"https:\/\/algarve7.pt\/index.php\/wp-json\/wp\/v2\/comments?post=7813"}],"version-history":[{"count":0,"href":"https:\/\/algarve7.pt\/index.php\/wp-json\/wp\/v2\/posts\/7813\/revisions"}],"wp:featuredmedia":[{"embeddable":true,"href":"https:\/\/algarve7.pt\/index.php\/wp-json\/wp\/v2\/media\/7814"}],"wp:attachment":[{"href":"https:\/\/algarve7.pt\/index.php\/wp-json\/wp\/v2\/media?parent=7813"}],"wp:term":[{"taxonomy":"category","embeddable":true,"href":"https:\/\/algarve7.pt\/index.php\/wp-json\/wp\/v2\/categories?post=7813"},{"taxonomy":"post_tag","embeddable":true,"href":"https:\/\/algarve7.pt\/index.php\/wp-json\/wp\/v2\/tags?post=7813"}],"curies":[{"name":"wp","href":"https:\/\/api.w.org\/{rel}","templated":true}]}}