{"id":7656,"date":"2021-04-15T15:24:36","date_gmt":"2021-04-15T14:24:36","guid":{"rendered":"https:\/\/algarve7.pt\/?p=7656"},"modified":"2021-04-15T15:24:42","modified_gmt":"2021-04-15T14:24:42","slug":"duas-intervencoes-artisticas-vao-valorizar-pontos-estrategicos-da-cidade-de-portimao","status":"publish","type":"post","link":"https:\/\/algarve7.pt\/index.php\/2021\/04\/duas-intervencoes-artisticas-vao-valorizar-pontos-estrategicos-da-cidade-de-portimao\/cultura\/15\/24\/","title":{"rendered":"Duas interven\u00e7\u00f5es art\u00edsticas v\u00e3o valorizar pontos estrat\u00e9gicos da cidade de Portim\u00e3o"},"content":{"rendered":"\n<p>Parte do muro exterior do Cemit\u00e9rio de Portim\u00e3o vai beneficiar de uma interven\u00e7\u00e3o art\u00edstico-comunit\u00e1ria pelas m\u00e3os do artista pl\u00e1stico Gon\u00e7alo MAR e de todos quantos se desejem associar ao original projeto \u201cFresque&nbsp;dos Vizinhos\u201d, a decorrer entre 24&nbsp;e 29 de abril.&nbsp;<\/p>\n\n\n\n<p>Integrada no Programa de Apoio \u00e0 Iniciativa Jovem, esta a\u00e7\u00e3o inclui um workshop de prepara\u00e7\u00e3o nos dias 24 e 25 a cargo do artista, limitado \u00e0 participa\u00e7\u00e3o de 40 pessoas (idade m\u00ednima de 16 anos) e com inscri\u00e7\u00f5es gratuitas, a que se seguir\u00e1 a pintura do mural entre 26 e 29 de abril.&nbsp;<\/p>\n\n\n\n<p>Nascido em 1974, Gon\u00e7alo MAR tem vasta experi\u00eancia no graffiti e \u00e9 especializado em desenvolver trabalhos deste g\u00e9nero, propondo-se recorrer a elementos caracter\u00edsticos da cidade, aos quais emprestar\u00e1 o seu cunho muito peculiar, fortemente inspirado na banda desenhada e na anima\u00e7\u00e3o.&nbsp;&nbsp;<\/p>\n\n\n\n<p>Esta n\u00e3o ser\u00e1 a primeira vez que&nbsp;Gon\u00e7alo&nbsp;colabora com o Munic\u00edpio de Portim\u00e3o, pois o artista pintou&nbsp;no ano passado&nbsp;o mural existente no Jardim das \u00c1guas Vivas,&nbsp;no \u00e2mbito do Mar\u00e7o Jovem 2020.&nbsp;<\/p>\n\n\n\n<p>A interven\u00e7\u00e3o&nbsp;marcada para o final deste m\u00eas&nbsp;ter\u00e1 lugar na parte do muro do Cemit\u00e9rio de Portim\u00e3o localizado no gaveto da Rua Oliven\u00e7a com a Rua Mouzinho de Albuquerque, devendo os interessados inscrever-se desde j\u00e1 junto da Divis\u00e3o de Desporto e Juventude da C\u00e2mara Municipal de Portim\u00e3o, atrav\u00e9s do e-mail&nbsp;juventude@cm-portimao.pt ou pelo telefone 282470797.&nbsp;<\/p>\n\n\n\n<p>Os participantes ser\u00e3o organizados em pequenos grupos, com o m\u00e1ximo de cinco pessoas em simult\u00e2neo, distribu\u00eddos por turnos de hora e meia em cada um dos dias (10h00-11h30\/ 11h30-13h00\/ 15h00-16h30\/ 16h30-18h30), de modo a evitar&nbsp;aglomerados e cumprir as normas de seguran\u00e7a determinadas pela Dire\u00e7\u00e3o-Geral da Sa\u00fade.&nbsp;<\/p>\n\n\n\n<p>A proposta para a realiza\u00e7\u00e3o de diversas interven\u00e7\u00f5es art\u00edstico-comunit\u00e1rias foi apresentada em 2020 por um grupo de jovens portimonenses que pretende sensibilizar a comunidade para a requalifica\u00e7\u00e3o do espa\u00e7o p\u00fablico, justamente&nbsp;ao&nbsp;abrigo do Programa de Apoio \u00e0 Iniciativa Jovem.&nbsp;&nbsp;<\/p>\n\n\n\n<p>Na mesma ocasi\u00e3o, a conhecida artista&nbsp;Kruella&nbsp;D\u2019Enfer&nbsp;ir\u00e1 pintar entre os dias 22 e 27 de abril o pared\u00e3o das Cardosas, junto ao viaduto, com o objetivo de requalificar uma das principais entradas da cidade de Portim\u00e3o, tornando-a mais apelativa e inclusiva.&nbsp;<\/p>\n\n\n\n<p>Conceituada a n\u00edvel nacional e internacional, a ilustradora portuguesa&nbsp;Kruella&nbsp;D\u2019Enfer, nascida&nbsp;em 1988, promete aproveitar os elementos naturais que existem na sec\u00e7\u00e3o do muro selecionada para, de alguma forma, lhes dar continuidade nas figuras e formas on\u00edricas que t\u00e3o caracterizam o seu estilo art\u00edstico.&nbsp;<\/p>\n\n\n\n<p>Estas duas interven\u00e7\u00f5es de arte urbana, promovidas pelo Munic\u00edpio de Portim\u00e3o em parceria com a associa\u00e7\u00e3o cultural LAC \u2013 Laborat\u00f3rio de Atividades Criativas, integram o programa oficial das comemora\u00e7\u00f5es do 25 de Abril em Portim\u00e3o, que brevemente ser\u00e1 divulgado na \u00edntegra.&nbsp;<\/p>\n","protected":false},"excerpt":{"rendered":"<p>Parte do muro exterior do Cemit\u00e9rio de Portim\u00e3o vai beneficiar de uma interven\u00e7\u00e3o art\u00edstico-comunit\u00e1ria pelas m\u00e3os do artista pl\u00e1stico Gon\u00e7alo<\/p>\n","protected":false},"author":1,"featured_media":7657,"comment_status":"closed","ping_status":"open","sticky":false,"template":"","format":"standard","meta":{"colormag_page_container_layout":"default_layout","colormag_page_sidebar_layout":"default_layout","_monsterinsights_skip_tracking":false,"_monsterinsights_sitenote_active":false,"_monsterinsights_sitenote_note":"","_monsterinsights_sitenote_category":0,"jetpack_post_was_ever_published":false,"_jetpack_newsletter_access":"","_jetpack_dont_email_post_to_subs":false,"_jetpack_newsletter_tier_id":0,"_jetpack_memberships_contains_paywalled_content":false,"_jetpack_memberships_contains_paid_content":false,"footnotes":"","jetpack_publicize_message":"","jetpack_publicize_feature_enabled":true,"jetpack_social_post_already_shared":true,"jetpack_social_options":{"image_generator_settings":{"template":"highway","default_image_id":0,"font":"","enabled":false},"version":2}},"categories":[14],"tags":[36,35,72],"class_list":["post-7656","post","type-post","status-publish","format-standard","has-post-thumbnail","hentry","category-cultura","tag-algarve","tag-cultura","tag-portimao"],"yoast_head":"<!-- This site is optimized with the Yoast SEO plugin v27.5 - https:\/\/yoast.com\/product\/yoast-seo-wordpress\/ -->\n<title>Duas interven\u00e7\u00f5es art\u00edsticas v\u00e3o valorizar pontos estrat\u00e9gicos da cidade de Portim\u00e3o - Algarve 7<\/title>\n<meta name=\"description\" content=\"Duas interven\u00e7\u00f5es art\u00edsticas v\u00e3o valorizar pontos estrat\u00e9gicos da cidade de Portim\u00e3o Cultura\" \/>\n<meta name=\"robots\" content=\"index, follow, max-snippet:-1, max-image-preview:large, max-video-preview:-1\" \/>\n<link rel=\"canonical\" href=\"https:\/\/algarve7.pt\/index.php\/2021\/04\/duas-intervencoes-artisticas-vao-valorizar-pontos-estrategicos-da-cidade-de-portimao\/cultura\/15\/24\/\" \/>\n<meta property=\"og:locale\" content=\"pt_PT\" \/>\n<meta property=\"og:type\" content=\"article\" \/>\n<meta property=\"og:title\" content=\"Duas interven\u00e7\u00f5es art\u00edsticas v\u00e3o valorizar pontos estrat\u00e9gicos da cidade de Portim\u00e3o - Algarve 7\" \/>\n<meta property=\"og:description\" content=\"Duas interven\u00e7\u00f5es art\u00edsticas v\u00e3o valorizar pontos estrat\u00e9gicos da cidade de Portim\u00e3o Cultura\" \/>\n<meta property=\"og:url\" content=\"https:\/\/algarve7.pt\/index.php\/2021\/04\/duas-intervencoes-artisticas-vao-valorizar-pontos-estrategicos-da-cidade-de-portimao\/cultura\/15\/24\/\" \/>\n<meta property=\"og:site_name\" content=\"Algarve 7\" \/>\n<meta property=\"article:publisher\" content=\"https:\/\/www.facebook.com\/algarve7\" \/>\n<meta property=\"article:author\" content=\"https:\/\/www.facebook.com\/algarve7\" \/>\n<meta property=\"article:published_time\" content=\"2021-04-15T14:24:36+00:00\" \/>\n<meta property=\"article:modified_time\" content=\"2021-04-15T14:24:42+00:00\" \/>\n<meta property=\"og:image\" content=\"https:\/\/algarve7.pt\/wp-content\/uploads\/2021\/04\/jardim-das-aguas-vivas_-Portimao_Goncalo-MAR.jpg\" \/>\n\t<meta property=\"og:image:width\" content=\"1824\" \/>\n\t<meta property=\"og:image:height\" content=\"1028\" \/>\n\t<meta property=\"og:image:type\" content=\"image\/jpeg\" \/>\n<meta name=\"author\" content=\"Algarve 7\" \/>\n<meta name=\"twitter:card\" content=\"summary_large_image\" \/>\n<meta name=\"twitter:creator\" content=\"@Algarvesete\" \/>\n<meta name=\"twitter:site\" content=\"@Algarvesete\" \/>\n<meta name=\"twitter:label1\" content=\"Escrito por\" \/>\n\t<meta name=\"twitter:data1\" content=\"Algarve 7\" \/>\n\t<meta name=\"twitter:label2\" content=\"Tempo estimado de leitura\" \/>\n\t<meta name=\"twitter:data2\" content=\"2 minutos\" \/>\n<script type=\"application\/ld+json\" class=\"yoast-schema-graph\">{\"@context\":\"https:\\\/\\\/schema.org\",\"@graph\":[{\"@type\":\"Article\",\"@id\":\"https:\\\/\\\/algarve7.pt\\\/index.php\\\/2021\\\/04\\\/duas-intervencoes-artisticas-vao-valorizar-pontos-estrategicos-da-cidade-de-portimao\\\/cultura\\\/15\\\/24\\\/#article\",\"isPartOf\":{\"@id\":\"https:\\\/\\\/algarve7.pt\\\/index.php\\\/2021\\\/04\\\/duas-intervencoes-artisticas-vao-valorizar-pontos-estrategicos-da-cidade-de-portimao\\\/cultura\\\/15\\\/24\\\/\"},\"author\":{\"name\":\"Algarve 7\",\"@id\":\"https:\\\/\\\/algarve7.pt\\\/#\\\/schema\\\/person\\\/23fa70681308e7b319a3204bcea45e0c\"},\"headline\":\"Duas interven\u00e7\u00f5es art\u00edsticas v\u00e3o valorizar pontos estrat\u00e9gicos da cidade de Portim\u00e3o\",\"datePublished\":\"2021-04-15T14:24:36+00:00\",\"dateModified\":\"2021-04-15T14:24:42+00:00\",\"mainEntityOfPage\":{\"@id\":\"https:\\\/\\\/algarve7.pt\\\/index.php\\\/2021\\\/04\\\/duas-intervencoes-artisticas-vao-valorizar-pontos-estrategicos-da-cidade-de-portimao\\\/cultura\\\/15\\\/24\\\/\"},\"wordCount\":542,\"publisher\":{\"@id\":\"https:\\\/\\\/algarve7.pt\\\/#organization\"},\"image\":{\"@id\":\"https:\\\/\\\/algarve7.pt\\\/index.php\\\/2021\\\/04\\\/duas-intervencoes-artisticas-vao-valorizar-pontos-estrategicos-da-cidade-de-portimao\\\/cultura\\\/15\\\/24\\\/#primaryimage\"},\"thumbnailUrl\":\"https:\\\/\\\/algarve7.pt\\\/wp-content\\\/uploads\\\/2021\\\/04\\\/jardim-das-aguas-vivas_-Portimao_Goncalo-MAR.jpg\",\"keywords\":[\"Algarve\",\"Cultura\",\"Portim\u00e3o\"],\"articleSection\":[\"Cultura\"],\"inLanguage\":\"pt-PT\"},{\"@type\":\"WebPage\",\"@id\":\"https:\\\/\\\/algarve7.pt\\\/index.php\\\/2021\\\/04\\\/duas-intervencoes-artisticas-vao-valorizar-pontos-estrategicos-da-cidade-de-portimao\\\/cultura\\\/15\\\/24\\\/\",\"url\":\"https:\\\/\\\/algarve7.pt\\\/index.php\\\/2021\\\/04\\\/duas-intervencoes-artisticas-vao-valorizar-pontos-estrategicos-da-cidade-de-portimao\\\/cultura\\\/15\\\/24\\\/\",\"name\":\"Duas interven\u00e7\u00f5es art\u00edsticas v\u00e3o valorizar pontos estrat\u00e9gicos da cidade de Portim\u00e3o - Algarve 7\",\"isPartOf\":{\"@id\":\"https:\\\/\\\/algarve7.pt\\\/#website\"},\"primaryImageOfPage\":{\"@id\":\"https:\\\/\\\/algarve7.pt\\\/index.php\\\/2021\\\/04\\\/duas-intervencoes-artisticas-vao-valorizar-pontos-estrategicos-da-cidade-de-portimao\\\/cultura\\\/15\\\/24\\\/#primaryimage\"},\"image\":{\"@id\":\"https:\\\/\\\/algarve7.pt\\\/index.php\\\/2021\\\/04\\\/duas-intervencoes-artisticas-vao-valorizar-pontos-estrategicos-da-cidade-de-portimao\\\/cultura\\\/15\\\/24\\\/#primaryimage\"},\"thumbnailUrl\":\"https:\\\/\\\/algarve7.pt\\\/wp-content\\\/uploads\\\/2021\\\/04\\\/jardim-das-aguas-vivas_-Portimao_Goncalo-MAR.jpg\",\"datePublished\":\"2021-04-15T14:24:36+00:00\",\"dateModified\":\"2021-04-15T14:24:42+00:00\",\"description\":\"Duas interven\u00e7\u00f5es art\u00edsticas v\u00e3o valorizar pontos estrat\u00e9gicos da cidade de Portim\u00e3o Cultura\",\"breadcrumb\":{\"@id\":\"https:\\\/\\\/algarve7.pt\\\/index.php\\\/2021\\\/04\\\/duas-intervencoes-artisticas-vao-valorizar-pontos-estrategicos-da-cidade-de-portimao\\\/cultura\\\/15\\\/24\\\/#breadcrumb\"},\"inLanguage\":\"pt-PT\",\"potentialAction\":[{\"@type\":\"ReadAction\",\"target\":[\"https:\\\/\\\/algarve7.pt\\\/index.php\\\/2021\\\/04\\\/duas-intervencoes-artisticas-vao-valorizar-pontos-estrategicos-da-cidade-de-portimao\\\/cultura\\\/15\\\/24\\\/\"]}]},{\"@type\":\"ImageObject\",\"inLanguage\":\"pt-PT\",\"@id\":\"https:\\\/\\\/algarve7.pt\\\/index.php\\\/2021\\\/04\\\/duas-intervencoes-artisticas-vao-valorizar-pontos-estrategicos-da-cidade-de-portimao\\\/cultura\\\/15\\\/24\\\/#primaryimage\",\"url\":\"https:\\\/\\\/algarve7.pt\\\/wp-content\\\/uploads\\\/2021\\\/04\\\/jardim-das-aguas-vivas_-Portimao_Goncalo-MAR.jpg\",\"contentUrl\":\"https:\\\/\\\/algarve7.pt\\\/wp-content\\\/uploads\\\/2021\\\/04\\\/jardim-das-aguas-vivas_-Portimao_Goncalo-MAR.jpg\",\"width\":1824,\"height\":1028},{\"@type\":\"BreadcrumbList\",\"@id\":\"https:\\\/\\\/algarve7.pt\\\/index.php\\\/2021\\\/04\\\/duas-intervencoes-artisticas-vao-valorizar-pontos-estrategicos-da-cidade-de-portimao\\\/cultura\\\/15\\\/24\\\/#breadcrumb\",\"itemListElement\":[{\"@type\":\"ListItem\",\"position\":1,\"name\":\"In\u00edcio\",\"item\":\"https:\\\/\\\/algarve7.pt\\\/\"},{\"@type\":\"ListItem\",\"position\":2,\"name\":\"Duas interven\u00e7\u00f5es art\u00edsticas v\u00e3o valorizar pontos estrat\u00e9gicos da cidade de Portim\u00e3o\"}]},{\"@type\":\"WebSite\",\"@id\":\"https:\\\/\\\/algarve7.pt\\\/#website\",\"url\":\"https:\\\/\\\/algarve7.pt\\\/\",\"name\":\"Algarve 7\",\"description\":\"Informa\u00e7\u00e3o sobre o Algarve\",\"publisher\":{\"@id\":\"https:\\\/\\\/algarve7.pt\\\/#organization\"},\"potentialAction\":[{\"@type\":\"SearchAction\",\"target\":{\"@type\":\"EntryPoint\",\"urlTemplate\":\"https:\\\/\\\/algarve7.pt\\\/?s={search_term_string}\"},\"query-input\":{\"@type\":\"PropertyValueSpecification\",\"valueRequired\":true,\"valueName\":\"search_term_string\"}}],\"inLanguage\":\"pt-PT\"},{\"@type\":\"Organization\",\"@id\":\"https:\\\/\\\/algarve7.pt\\\/#organization\",\"name\":\"Algarve 7\",\"url\":\"https:\\\/\\\/algarve7.pt\\\/\",\"logo\":{\"@type\":\"ImageObject\",\"inLanguage\":\"pt-PT\",\"@id\":\"https:\\\/\\\/algarve7.pt\\\/#\\\/schema\\\/logo\\\/image\\\/\",\"url\":\"https:\\\/\\\/algarve7.pt\\\/wp-content\\\/uploads\\\/2020\\\/10\\\/Logo-8.jpg\",\"contentUrl\":\"https:\\\/\\\/algarve7.pt\\\/wp-content\\\/uploads\\\/2020\\\/10\\\/Logo-8.jpg\",\"width\":1680,\"height\":1186,\"caption\":\"Algarve 7\"},\"image\":{\"@id\":\"https:\\\/\\\/algarve7.pt\\\/#\\\/schema\\\/logo\\\/image\\\/\"},\"sameAs\":[\"https:\\\/\\\/www.facebook.com\\\/algarve7\",\"https:\\\/\\\/x.com\\\/Algarvesete\",\"https:\\\/\\\/www.instagram.com\\\/jornalalgarve7\\\/\",\"https:\\\/\\\/www.linkedin.com\\\/company\\\/algarve7\",\"https:\\\/\\\/www.pinterest.pt\\\/geral0939\\\/_created\\\/\"]},{\"@type\":\"Person\",\"@id\":\"https:\\\/\\\/algarve7.pt\\\/#\\\/schema\\\/person\\\/23fa70681308e7b319a3204bcea45e0c\",\"name\":\"Algarve 7\",\"sameAs\":[\"https:\\\/\\\/algarve7.pt\",\"https:\\\/\\\/www.facebook.com\\\/algarve7\"],\"url\":\"https:\\\/\\\/algarve7.pt\\\/index.php\\\/author\\\/geralalgarve7-pt\\\/\"}]}<\/script>\n<!-- \/ Yoast SEO plugin. -->","yoast_head_json":{"title":"Duas interven\u00e7\u00f5es art\u00edsticas v\u00e3o valorizar pontos estrat\u00e9gicos da cidade de Portim\u00e3o - Algarve 7","description":"Duas interven\u00e7\u00f5es art\u00edsticas v\u00e3o valorizar pontos estrat\u00e9gicos da cidade de Portim\u00e3o Cultura","robots":{"index":"index","follow":"follow","max-snippet":"max-snippet:-1","max-image-preview":"max-image-preview:large","max-video-preview":"max-video-preview:-1"},"canonical":"https:\/\/algarve7.pt\/index.php\/2021\/04\/duas-intervencoes-artisticas-vao-valorizar-pontos-estrategicos-da-cidade-de-portimao\/cultura\/15\/24\/","og_locale":"pt_PT","og_type":"article","og_title":"Duas interven\u00e7\u00f5es art\u00edsticas v\u00e3o valorizar pontos estrat\u00e9gicos da cidade de Portim\u00e3o - Algarve 7","og_description":"Duas interven\u00e7\u00f5es art\u00edsticas v\u00e3o valorizar pontos estrat\u00e9gicos da cidade de Portim\u00e3o Cultura","og_url":"https:\/\/algarve7.pt\/index.php\/2021\/04\/duas-intervencoes-artisticas-vao-valorizar-pontos-estrategicos-da-cidade-de-portimao\/cultura\/15\/24\/","og_site_name":"Algarve 7","article_publisher":"https:\/\/www.facebook.com\/algarve7","article_author":"https:\/\/www.facebook.com\/algarve7","article_published_time":"2021-04-15T14:24:36+00:00","article_modified_time":"2021-04-15T14:24:42+00:00","og_image":[{"width":1824,"height":1028,"url":"https:\/\/algarve7.pt\/wp-content\/uploads\/2021\/04\/jardim-das-aguas-vivas_-Portimao_Goncalo-MAR.jpg","type":"image\/jpeg"}],"author":"Algarve 7","twitter_card":"summary_large_image","twitter_creator":"@Algarvesete","twitter_site":"@Algarvesete","twitter_misc":{"Escrito por":"Algarve 7","Tempo estimado de leitura":"2 minutos"},"schema":{"@context":"https:\/\/schema.org","@graph":[{"@type":"Article","@id":"https:\/\/algarve7.pt\/index.php\/2021\/04\/duas-intervencoes-artisticas-vao-valorizar-pontos-estrategicos-da-cidade-de-portimao\/cultura\/15\/24\/#article","isPartOf":{"@id":"https:\/\/algarve7.pt\/index.php\/2021\/04\/duas-intervencoes-artisticas-vao-valorizar-pontos-estrategicos-da-cidade-de-portimao\/cultura\/15\/24\/"},"author":{"name":"Algarve 7","@id":"https:\/\/algarve7.pt\/#\/schema\/person\/23fa70681308e7b319a3204bcea45e0c"},"headline":"Duas interven\u00e7\u00f5es art\u00edsticas v\u00e3o valorizar pontos estrat\u00e9gicos da cidade de Portim\u00e3o","datePublished":"2021-04-15T14:24:36+00:00","dateModified":"2021-04-15T14:24:42+00:00","mainEntityOfPage":{"@id":"https:\/\/algarve7.pt\/index.php\/2021\/04\/duas-intervencoes-artisticas-vao-valorizar-pontos-estrategicos-da-cidade-de-portimao\/cultura\/15\/24\/"},"wordCount":542,"publisher":{"@id":"https:\/\/algarve7.pt\/#organization"},"image":{"@id":"https:\/\/algarve7.pt\/index.php\/2021\/04\/duas-intervencoes-artisticas-vao-valorizar-pontos-estrategicos-da-cidade-de-portimao\/cultura\/15\/24\/#primaryimage"},"thumbnailUrl":"https:\/\/algarve7.pt\/wp-content\/uploads\/2021\/04\/jardim-das-aguas-vivas_-Portimao_Goncalo-MAR.jpg","keywords":["Algarve","Cultura","Portim\u00e3o"],"articleSection":["Cultura"],"inLanguage":"pt-PT"},{"@type":"WebPage","@id":"https:\/\/algarve7.pt\/index.php\/2021\/04\/duas-intervencoes-artisticas-vao-valorizar-pontos-estrategicos-da-cidade-de-portimao\/cultura\/15\/24\/","url":"https:\/\/algarve7.pt\/index.php\/2021\/04\/duas-intervencoes-artisticas-vao-valorizar-pontos-estrategicos-da-cidade-de-portimao\/cultura\/15\/24\/","name":"Duas interven\u00e7\u00f5es art\u00edsticas v\u00e3o valorizar pontos estrat\u00e9gicos da cidade de Portim\u00e3o - Algarve 7","isPartOf":{"@id":"https:\/\/algarve7.pt\/#website"},"primaryImageOfPage":{"@id":"https:\/\/algarve7.pt\/index.php\/2021\/04\/duas-intervencoes-artisticas-vao-valorizar-pontos-estrategicos-da-cidade-de-portimao\/cultura\/15\/24\/#primaryimage"},"image":{"@id":"https:\/\/algarve7.pt\/index.php\/2021\/04\/duas-intervencoes-artisticas-vao-valorizar-pontos-estrategicos-da-cidade-de-portimao\/cultura\/15\/24\/#primaryimage"},"thumbnailUrl":"https:\/\/algarve7.pt\/wp-content\/uploads\/2021\/04\/jardim-das-aguas-vivas_-Portimao_Goncalo-MAR.jpg","datePublished":"2021-04-15T14:24:36+00:00","dateModified":"2021-04-15T14:24:42+00:00","description":"Duas interven\u00e7\u00f5es art\u00edsticas v\u00e3o valorizar pontos estrat\u00e9gicos da cidade de Portim\u00e3o Cultura","breadcrumb":{"@id":"https:\/\/algarve7.pt\/index.php\/2021\/04\/duas-intervencoes-artisticas-vao-valorizar-pontos-estrategicos-da-cidade-de-portimao\/cultura\/15\/24\/#breadcrumb"},"inLanguage":"pt-PT","potentialAction":[{"@type":"ReadAction","target":["https:\/\/algarve7.pt\/index.php\/2021\/04\/duas-intervencoes-artisticas-vao-valorizar-pontos-estrategicos-da-cidade-de-portimao\/cultura\/15\/24\/"]}]},{"@type":"ImageObject","inLanguage":"pt-PT","@id":"https:\/\/algarve7.pt\/index.php\/2021\/04\/duas-intervencoes-artisticas-vao-valorizar-pontos-estrategicos-da-cidade-de-portimao\/cultura\/15\/24\/#primaryimage","url":"https:\/\/algarve7.pt\/wp-content\/uploads\/2021\/04\/jardim-das-aguas-vivas_-Portimao_Goncalo-MAR.jpg","contentUrl":"https:\/\/algarve7.pt\/wp-content\/uploads\/2021\/04\/jardim-das-aguas-vivas_-Portimao_Goncalo-MAR.jpg","width":1824,"height":1028},{"@type":"BreadcrumbList","@id":"https:\/\/algarve7.pt\/index.php\/2021\/04\/duas-intervencoes-artisticas-vao-valorizar-pontos-estrategicos-da-cidade-de-portimao\/cultura\/15\/24\/#breadcrumb","itemListElement":[{"@type":"ListItem","position":1,"name":"In\u00edcio","item":"https:\/\/algarve7.pt\/"},{"@type":"ListItem","position":2,"name":"Duas interven\u00e7\u00f5es art\u00edsticas v\u00e3o valorizar pontos estrat\u00e9gicos da cidade de Portim\u00e3o"}]},{"@type":"WebSite","@id":"https:\/\/algarve7.pt\/#website","url":"https:\/\/algarve7.pt\/","name":"Algarve 7","description":"Informa\u00e7\u00e3o sobre o Algarve","publisher":{"@id":"https:\/\/algarve7.pt\/#organization"},"potentialAction":[{"@type":"SearchAction","target":{"@type":"EntryPoint","urlTemplate":"https:\/\/algarve7.pt\/?s={search_term_string}"},"query-input":{"@type":"PropertyValueSpecification","valueRequired":true,"valueName":"search_term_string"}}],"inLanguage":"pt-PT"},{"@type":"Organization","@id":"https:\/\/algarve7.pt\/#organization","name":"Algarve 7","url":"https:\/\/algarve7.pt\/","logo":{"@type":"ImageObject","inLanguage":"pt-PT","@id":"https:\/\/algarve7.pt\/#\/schema\/logo\/image\/","url":"https:\/\/algarve7.pt\/wp-content\/uploads\/2020\/10\/Logo-8.jpg","contentUrl":"https:\/\/algarve7.pt\/wp-content\/uploads\/2020\/10\/Logo-8.jpg","width":1680,"height":1186,"caption":"Algarve 7"},"image":{"@id":"https:\/\/algarve7.pt\/#\/schema\/logo\/image\/"},"sameAs":["https:\/\/www.facebook.com\/algarve7","https:\/\/x.com\/Algarvesete","https:\/\/www.instagram.com\/jornalalgarve7\/","https:\/\/www.linkedin.com\/company\/algarve7","https:\/\/www.pinterest.pt\/geral0939\/_created\/"]},{"@type":"Person","@id":"https:\/\/algarve7.pt\/#\/schema\/person\/23fa70681308e7b319a3204bcea45e0c","name":"Algarve 7","sameAs":["https:\/\/algarve7.pt","https:\/\/www.facebook.com\/algarve7"],"url":"https:\/\/algarve7.pt\/index.php\/author\/geralalgarve7-pt\/"}]}},"jetpack_publicize_connections":[],"jetpack_featured_media_url":"https:\/\/algarve7.pt\/wp-content\/uploads\/2021\/04\/jardim-das-aguas-vivas_-Portimao_Goncalo-MAR.jpg","jetpack_shortlink":"https:\/\/wp.me\/pcezmW-1Zu","jetpack_sharing_enabled":true,"_links":{"self":[{"href":"https:\/\/algarve7.pt\/index.php\/wp-json\/wp\/v2\/posts\/7656","targetHints":{"allow":["GET"]}}],"collection":[{"href":"https:\/\/algarve7.pt\/index.php\/wp-json\/wp\/v2\/posts"}],"about":[{"href":"https:\/\/algarve7.pt\/index.php\/wp-json\/wp\/v2\/types\/post"}],"author":[{"embeddable":true,"href":"https:\/\/algarve7.pt\/index.php\/wp-json\/wp\/v2\/users\/1"}],"replies":[{"embeddable":true,"href":"https:\/\/algarve7.pt\/index.php\/wp-json\/wp\/v2\/comments?post=7656"}],"version-history":[{"count":0,"href":"https:\/\/algarve7.pt\/index.php\/wp-json\/wp\/v2\/posts\/7656\/revisions"}],"wp:featuredmedia":[{"embeddable":true,"href":"https:\/\/algarve7.pt\/index.php\/wp-json\/wp\/v2\/media\/7657"}],"wp:attachment":[{"href":"https:\/\/algarve7.pt\/index.php\/wp-json\/wp\/v2\/media?parent=7656"}],"wp:term":[{"taxonomy":"category","embeddable":true,"href":"https:\/\/algarve7.pt\/index.php\/wp-json\/wp\/v2\/categories?post=7656"},{"taxonomy":"post_tag","embeddable":true,"href":"https:\/\/algarve7.pt\/index.php\/wp-json\/wp\/v2\/tags?post=7656"}],"curies":[{"name":"wp","href":"https:\/\/api.w.org\/{rel}","templated":true}]}}