{"id":7618,"date":"2021-04-14T08:50:57","date_gmt":"2021-04-14T07:50:57","guid":{"rendered":"https:\/\/algarve7.pt\/?p=7618"},"modified":"2021-04-14T08:52:03","modified_gmt":"2021-04-14T07:52:03","slug":"seis-detidos-em-almancil-e-sintra-com-mais-de-1-300-doses-de-cocaina","status":"publish","type":"post","link":"https:\/\/algarve7.pt\/index.php\/2021\/04\/seis-detidos-em-almancil-e-sintra-com-mais-de-1-300-doses-de-cocaina\/atualidade\/08\/50\/","title":{"rendered":"Seis detidos em Almancil e Sintra com mais de 1 300 doses de coca\u00edna"},"content":{"rendered":"\n<p>O Comando Territorial de Faro, atrav\u00e9s do N\u00facleo de Investiga\u00e7\u00e3o Criminal (NIC) de Loul\u00e9, no passado dia 12 de abril, deteve quatro homens e duas mulheres com idades compreendidas entre os 29 e os 48 anos por tr\u00e1fico de estupefacientes, nos concelhos de Almancil e Sintra.<\/p>\n\n\n\n<p>No seguimento de uma investiga\u00e7\u00e3o que decorria h\u00e1&nbsp;cerca de seis meses, os militares da Guarda desenvolveram diversas dilig\u00eancias policiais que culminaram na deten\u00e7\u00e3o dos seis suspeitos e no desmantelamento de uma rede de tr\u00e1fico de droga que operava em v\u00e1rias localidades daqueles concelhos. Na sequ\u00eancia da a\u00e7\u00e3o, foram efetuadas sete buscas domicili\u00e1rias, quatro na regi\u00e3o do Algarve e tr\u00eas no concelho de Sintra, que resultaram na apreens\u00e3o de diverso material, destacando-se:<\/p>\n\n\n\n<p>\u00b7&nbsp;&nbsp;&nbsp;&nbsp;&nbsp;&nbsp;&nbsp;&nbsp;&nbsp;1.330 doses de coca\u00edna;<\/p>\n\n\n\n<p>\u00b7&nbsp;&nbsp;&nbsp;&nbsp;&nbsp;&nbsp;&nbsp;&nbsp;&nbsp;Uma prensa e diverso material usado no acondicionamento de estupefacientes;<\/p>\n\n\n\n<p>\u00b7&nbsp;&nbsp;&nbsp;&nbsp;&nbsp;&nbsp;&nbsp;&nbsp;&nbsp;12 telem\u00f3veis;<\/p>\n\n\n\n<p>\u00b7&nbsp;&nbsp;&nbsp;&nbsp;&nbsp;&nbsp;&nbsp;&nbsp;&nbsp;Quatro computadores port\u00e1teis;<\/p>\n\n\n\n<p>\u00b7&nbsp;&nbsp;&nbsp;&nbsp;&nbsp;&nbsp;&nbsp;&nbsp;&nbsp;Tr\u00eas balan\u00e7as de precis\u00e3o;<\/p>\n\n\n\n<p>\u00b7&nbsp;&nbsp;&nbsp;&nbsp;&nbsp;&nbsp;&nbsp;&nbsp;&nbsp;Um&nbsp;<em>tablet<\/em>;<\/p>\n\n\n\n<p>\u00b7&nbsp;&nbsp;&nbsp;&nbsp;&nbsp;&nbsp;&nbsp;&nbsp;&nbsp;Uma pulseira em ouro;<\/p>\n\n\n\n<p>\u00b7&nbsp;&nbsp;&nbsp;&nbsp;&nbsp;&nbsp;&nbsp;&nbsp;&nbsp;7.726 euros em numer\u00e1rio.<\/p>\n\n\n\n<p>Os detidos ser\u00e3o presentes hoje, dia 13 de abril, a primeiro interrogat\u00f3rio no Tribunal Judicial de Faro, para aplica\u00e7\u00e3o das medidas de coa\u00e7\u00e3o.<\/p>\n\n\n\n<p>A opera\u00e7\u00e3o teve o refor\u00e7o da estrutura de investiga\u00e7\u00e3o criminal e do Destacamento de Interven\u00e7\u00e3o do Comando Territorial de Faro, do Comando Territorial de Lisboa, da Unidade de Interven\u00e7\u00e3o e o apoio da Pol\u00edcia de Seguran\u00e7a P\u00fablica.<\/p>\n","protected":false},"excerpt":{"rendered":"<p>O Comando Territorial de Faro, atrav\u00e9s do N\u00facleo de Investiga\u00e7\u00e3o Criminal (NIC) de Loul\u00e9, no passado dia 12 de abril,<\/p>\n","protected":false},"author":1,"featured_media":7619,"comment_status":"closed","ping_status":"open","sticky":false,"template":"","format":"standard","meta":{"colormag_page_container_layout":"default_layout","colormag_page_sidebar_layout":"default_layout","_monsterinsights_skip_tracking":false,"_monsterinsights_sitenote_active":false,"_monsterinsights_sitenote_note":"","_monsterinsights_sitenote_category":0,"jetpack_post_was_ever_published":false,"_jetpack_newsletter_access":"","_jetpack_dont_email_post_to_subs":false,"_jetpack_newsletter_tier_id":0,"_jetpack_memberships_contains_paywalled_content":false,"_jetpack_memberships_contains_paid_content":false,"footnotes":"","jetpack_publicize_message":"","jetpack_publicize_feature_enabled":true,"jetpack_social_post_already_shared":true,"jetpack_social_options":{"image_generator_settings":{"template":"highway","default_image_id":0,"font":"","enabled":false},"version":2}},"categories":[11],"tags":[36,86,62,140],"class_list":["post-7618","post","type-post","status-publish","format-standard","has-post-thumbnail","hentry","category-atualidade","tag-algarve","tag-almancil","tag-atualidade","tag-gnr"],"yoast_head":"<!-- This site is optimized with the Yoast SEO plugin v27.5 - https:\/\/yoast.com\/product\/yoast-seo-wordpress\/ -->\n<title>Seis detidos em Almancil e Sintra com mais de 1 300 doses de coca\u00edna - Algarve 7<\/title>\n<meta name=\"description\" content=\"Seis detidos em Almancil e Sintra com mais de 1 300 doses de coca\u00edna Atualidade\" \/>\n<meta name=\"robots\" content=\"index, follow, max-snippet:-1, max-image-preview:large, max-video-preview:-1\" \/>\n<link rel=\"canonical\" href=\"https:\/\/algarve7.pt\/index.php\/2021\/04\/seis-detidos-em-almancil-e-sintra-com-mais-de-1-300-doses-de-cocaina\/atualidade\/08\/50\/\" \/>\n<meta property=\"og:locale\" content=\"pt_PT\" \/>\n<meta property=\"og:type\" content=\"article\" \/>\n<meta property=\"og:title\" content=\"Seis detidos em Almancil e Sintra com mais de 1 300 doses de coca\u00edna - Algarve 7\" \/>\n<meta property=\"og:description\" content=\"Seis detidos em Almancil e Sintra com mais de 1 300 doses de coca\u00edna Atualidade\" \/>\n<meta property=\"og:url\" content=\"https:\/\/algarve7.pt\/index.php\/2021\/04\/seis-detidos-em-almancil-e-sintra-com-mais-de-1-300-doses-de-cocaina\/atualidade\/08\/50\/\" \/>\n<meta property=\"og:site_name\" content=\"Algarve 7\" \/>\n<meta property=\"article:publisher\" content=\"https:\/\/www.facebook.com\/algarve7\" \/>\n<meta property=\"article:author\" content=\"https:\/\/www.facebook.com\/algarve7\" \/>\n<meta property=\"article:published_time\" content=\"2021-04-14T07:50:57+00:00\" \/>\n<meta property=\"article:modified_time\" content=\"2021-04-14T07:52:03+00:00\" \/>\n<meta property=\"og:image\" content=\"https:\/\/algarve7.pt\/wp-content\/uploads\/2021\/04\/GNR-Faro-Apreensao.jpg\" \/>\n\t<meta property=\"og:image:width\" content=\"1065\" \/>\n\t<meta property=\"og:image:height\" content=\"605\" \/>\n\t<meta property=\"og:image:type\" content=\"image\/jpeg\" \/>\n<meta name=\"author\" content=\"Algarve 7\" \/>\n<meta name=\"twitter:card\" content=\"summary_large_image\" \/>\n<meta name=\"twitter:creator\" content=\"@Algarvesete\" \/>\n<meta name=\"twitter:site\" content=\"@Algarvesete\" \/>\n<meta name=\"twitter:label1\" content=\"Escrito por\" \/>\n\t<meta name=\"twitter:data1\" content=\"Algarve 7\" \/>\n\t<meta name=\"twitter:label2\" content=\"Tempo estimado de leitura\" \/>\n\t<meta name=\"twitter:data2\" content=\"1 minuto\" \/>\n<script type=\"application\/ld+json\" class=\"yoast-schema-graph\">{\"@context\":\"https:\\\/\\\/schema.org\",\"@graph\":[{\"@type\":\"Article\",\"@id\":\"https:\\\/\\\/algarve7.pt\\\/index.php\\\/2021\\\/04\\\/seis-detidos-em-almancil-e-sintra-com-mais-de-1-300-doses-de-cocaina\\\/atualidade\\\/08\\\/50\\\/#article\",\"isPartOf\":{\"@id\":\"https:\\\/\\\/algarve7.pt\\\/index.php\\\/2021\\\/04\\\/seis-detidos-em-almancil-e-sintra-com-mais-de-1-300-doses-de-cocaina\\\/atualidade\\\/08\\\/50\\\/\"},\"author\":{\"name\":\"Algarve 7\",\"@id\":\"https:\\\/\\\/algarve7.pt\\\/#\\\/schema\\\/person\\\/23fa70681308e7b319a3204bcea45e0c\"},\"headline\":\"Seis detidos em Almancil e Sintra com mais de 1 300 doses de coca\u00edna\",\"datePublished\":\"2021-04-14T07:50:57+00:00\",\"dateModified\":\"2021-04-14T07:52:03+00:00\",\"mainEntityOfPage\":{\"@id\":\"https:\\\/\\\/algarve7.pt\\\/index.php\\\/2021\\\/04\\\/seis-detidos-em-almancil-e-sintra-com-mais-de-1-300-doses-de-cocaina\\\/atualidade\\\/08\\\/50\\\/\"},\"wordCount\":325,\"publisher\":{\"@id\":\"https:\\\/\\\/algarve7.pt\\\/#organization\"},\"image\":{\"@id\":\"https:\\\/\\\/algarve7.pt\\\/index.php\\\/2021\\\/04\\\/seis-detidos-em-almancil-e-sintra-com-mais-de-1-300-doses-de-cocaina\\\/atualidade\\\/08\\\/50\\\/#primaryimage\"},\"thumbnailUrl\":\"https:\\\/\\\/algarve7.pt\\\/wp-content\\\/uploads\\\/2021\\\/04\\\/GNR-Faro-Apreensao.jpg\",\"keywords\":[\"Algarve\",\"Almancil\",\"Atualidade\",\"GNR\"],\"articleSection\":[\"Atualidade\"],\"inLanguage\":\"pt-PT\"},{\"@type\":\"WebPage\",\"@id\":\"https:\\\/\\\/algarve7.pt\\\/index.php\\\/2021\\\/04\\\/seis-detidos-em-almancil-e-sintra-com-mais-de-1-300-doses-de-cocaina\\\/atualidade\\\/08\\\/50\\\/\",\"url\":\"https:\\\/\\\/algarve7.pt\\\/index.php\\\/2021\\\/04\\\/seis-detidos-em-almancil-e-sintra-com-mais-de-1-300-doses-de-cocaina\\\/atualidade\\\/08\\\/50\\\/\",\"name\":\"Seis detidos em Almancil e Sintra com mais de 1 300 doses de coca\u00edna - Algarve 7\",\"isPartOf\":{\"@id\":\"https:\\\/\\\/algarve7.pt\\\/#website\"},\"primaryImageOfPage\":{\"@id\":\"https:\\\/\\\/algarve7.pt\\\/index.php\\\/2021\\\/04\\\/seis-detidos-em-almancil-e-sintra-com-mais-de-1-300-doses-de-cocaina\\\/atualidade\\\/08\\\/50\\\/#primaryimage\"},\"image\":{\"@id\":\"https:\\\/\\\/algarve7.pt\\\/index.php\\\/2021\\\/04\\\/seis-detidos-em-almancil-e-sintra-com-mais-de-1-300-doses-de-cocaina\\\/atualidade\\\/08\\\/50\\\/#primaryimage\"},\"thumbnailUrl\":\"https:\\\/\\\/algarve7.pt\\\/wp-content\\\/uploads\\\/2021\\\/04\\\/GNR-Faro-Apreensao.jpg\",\"datePublished\":\"2021-04-14T07:50:57+00:00\",\"dateModified\":\"2021-04-14T07:52:03+00:00\",\"description\":\"Seis detidos em Almancil e Sintra com mais de 1 300 doses de coca\u00edna Atualidade\",\"breadcrumb\":{\"@id\":\"https:\\\/\\\/algarve7.pt\\\/index.php\\\/2021\\\/04\\\/seis-detidos-em-almancil-e-sintra-com-mais-de-1-300-doses-de-cocaina\\\/atualidade\\\/08\\\/50\\\/#breadcrumb\"},\"inLanguage\":\"pt-PT\",\"potentialAction\":[{\"@type\":\"ReadAction\",\"target\":[\"https:\\\/\\\/algarve7.pt\\\/index.php\\\/2021\\\/04\\\/seis-detidos-em-almancil-e-sintra-com-mais-de-1-300-doses-de-cocaina\\\/atualidade\\\/08\\\/50\\\/\"]}]},{\"@type\":\"ImageObject\",\"inLanguage\":\"pt-PT\",\"@id\":\"https:\\\/\\\/algarve7.pt\\\/index.php\\\/2021\\\/04\\\/seis-detidos-em-almancil-e-sintra-com-mais-de-1-300-doses-de-cocaina\\\/atualidade\\\/08\\\/50\\\/#primaryimage\",\"url\":\"https:\\\/\\\/algarve7.pt\\\/wp-content\\\/uploads\\\/2021\\\/04\\\/GNR-Faro-Apreensao.jpg\",\"contentUrl\":\"https:\\\/\\\/algarve7.pt\\\/wp-content\\\/uploads\\\/2021\\\/04\\\/GNR-Faro-Apreensao.jpg\",\"width\":1065,\"height\":605},{\"@type\":\"BreadcrumbList\",\"@id\":\"https:\\\/\\\/algarve7.pt\\\/index.php\\\/2021\\\/04\\\/seis-detidos-em-almancil-e-sintra-com-mais-de-1-300-doses-de-cocaina\\\/atualidade\\\/08\\\/50\\\/#breadcrumb\",\"itemListElement\":[{\"@type\":\"ListItem\",\"position\":1,\"name\":\"In\u00edcio\",\"item\":\"https:\\\/\\\/algarve7.pt\\\/\"},{\"@type\":\"ListItem\",\"position\":2,\"name\":\"Seis detidos em Almancil e Sintra com mais de 1 300 doses de coca\u00edna\"}]},{\"@type\":\"WebSite\",\"@id\":\"https:\\\/\\\/algarve7.pt\\\/#website\",\"url\":\"https:\\\/\\\/algarve7.pt\\\/\",\"name\":\"Algarve 7\",\"description\":\"Informa\u00e7\u00e3o sobre o Algarve\",\"publisher\":{\"@id\":\"https:\\\/\\\/algarve7.pt\\\/#organization\"},\"potentialAction\":[{\"@type\":\"SearchAction\",\"target\":{\"@type\":\"EntryPoint\",\"urlTemplate\":\"https:\\\/\\\/algarve7.pt\\\/?s={search_term_string}\"},\"query-input\":{\"@type\":\"PropertyValueSpecification\",\"valueRequired\":true,\"valueName\":\"search_term_string\"}}],\"inLanguage\":\"pt-PT\"},{\"@type\":\"Organization\",\"@id\":\"https:\\\/\\\/algarve7.pt\\\/#organization\",\"name\":\"Algarve 7\",\"url\":\"https:\\\/\\\/algarve7.pt\\\/\",\"logo\":{\"@type\":\"ImageObject\",\"inLanguage\":\"pt-PT\",\"@id\":\"https:\\\/\\\/algarve7.pt\\\/#\\\/schema\\\/logo\\\/image\\\/\",\"url\":\"https:\\\/\\\/algarve7.pt\\\/wp-content\\\/uploads\\\/2020\\\/10\\\/Logo-8.jpg\",\"contentUrl\":\"https:\\\/\\\/algarve7.pt\\\/wp-content\\\/uploads\\\/2020\\\/10\\\/Logo-8.jpg\",\"width\":1680,\"height\":1186,\"caption\":\"Algarve 7\"},\"image\":{\"@id\":\"https:\\\/\\\/algarve7.pt\\\/#\\\/schema\\\/logo\\\/image\\\/\"},\"sameAs\":[\"https:\\\/\\\/www.facebook.com\\\/algarve7\",\"https:\\\/\\\/x.com\\\/Algarvesete\",\"https:\\\/\\\/www.instagram.com\\\/jornalalgarve7\\\/\",\"https:\\\/\\\/www.linkedin.com\\\/company\\\/algarve7\",\"https:\\\/\\\/www.pinterest.pt\\\/geral0939\\\/_created\\\/\"]},{\"@type\":\"Person\",\"@id\":\"https:\\\/\\\/algarve7.pt\\\/#\\\/schema\\\/person\\\/23fa70681308e7b319a3204bcea45e0c\",\"name\":\"Algarve 7\",\"sameAs\":[\"https:\\\/\\\/algarve7.pt\",\"https:\\\/\\\/www.facebook.com\\\/algarve7\"],\"url\":\"https:\\\/\\\/algarve7.pt\\\/index.php\\\/author\\\/geralalgarve7-pt\\\/\"}]}<\/script>\n<!-- \/ Yoast SEO plugin. -->","yoast_head_json":{"title":"Seis detidos em Almancil e Sintra com mais de 1 300 doses de coca\u00edna - Algarve 7","description":"Seis detidos em Almancil e Sintra com mais de 1 300 doses de coca\u00edna Atualidade","robots":{"index":"index","follow":"follow","max-snippet":"max-snippet:-1","max-image-preview":"max-image-preview:large","max-video-preview":"max-video-preview:-1"},"canonical":"https:\/\/algarve7.pt\/index.php\/2021\/04\/seis-detidos-em-almancil-e-sintra-com-mais-de-1-300-doses-de-cocaina\/atualidade\/08\/50\/","og_locale":"pt_PT","og_type":"article","og_title":"Seis detidos em Almancil e Sintra com mais de 1 300 doses de coca\u00edna - Algarve 7","og_description":"Seis detidos em Almancil e Sintra com mais de 1 300 doses de coca\u00edna Atualidade","og_url":"https:\/\/algarve7.pt\/index.php\/2021\/04\/seis-detidos-em-almancil-e-sintra-com-mais-de-1-300-doses-de-cocaina\/atualidade\/08\/50\/","og_site_name":"Algarve 7","article_publisher":"https:\/\/www.facebook.com\/algarve7","article_author":"https:\/\/www.facebook.com\/algarve7","article_published_time":"2021-04-14T07:50:57+00:00","article_modified_time":"2021-04-14T07:52:03+00:00","og_image":[{"width":1065,"height":605,"url":"https:\/\/algarve7.pt\/wp-content\/uploads\/2021\/04\/GNR-Faro-Apreensao.jpg","type":"image\/jpeg"}],"author":"Algarve 7","twitter_card":"summary_large_image","twitter_creator":"@Algarvesete","twitter_site":"@Algarvesete","twitter_misc":{"Escrito por":"Algarve 7","Tempo estimado de leitura":"1 minuto"},"schema":{"@context":"https:\/\/schema.org","@graph":[{"@type":"Article","@id":"https:\/\/algarve7.pt\/index.php\/2021\/04\/seis-detidos-em-almancil-e-sintra-com-mais-de-1-300-doses-de-cocaina\/atualidade\/08\/50\/#article","isPartOf":{"@id":"https:\/\/algarve7.pt\/index.php\/2021\/04\/seis-detidos-em-almancil-e-sintra-com-mais-de-1-300-doses-de-cocaina\/atualidade\/08\/50\/"},"author":{"name":"Algarve 7","@id":"https:\/\/algarve7.pt\/#\/schema\/person\/23fa70681308e7b319a3204bcea45e0c"},"headline":"Seis detidos em Almancil e Sintra com mais de 1 300 doses de coca\u00edna","datePublished":"2021-04-14T07:50:57+00:00","dateModified":"2021-04-14T07:52:03+00:00","mainEntityOfPage":{"@id":"https:\/\/algarve7.pt\/index.php\/2021\/04\/seis-detidos-em-almancil-e-sintra-com-mais-de-1-300-doses-de-cocaina\/atualidade\/08\/50\/"},"wordCount":325,"publisher":{"@id":"https:\/\/algarve7.pt\/#organization"},"image":{"@id":"https:\/\/algarve7.pt\/index.php\/2021\/04\/seis-detidos-em-almancil-e-sintra-com-mais-de-1-300-doses-de-cocaina\/atualidade\/08\/50\/#primaryimage"},"thumbnailUrl":"https:\/\/algarve7.pt\/wp-content\/uploads\/2021\/04\/GNR-Faro-Apreensao.jpg","keywords":["Algarve","Almancil","Atualidade","GNR"],"articleSection":["Atualidade"],"inLanguage":"pt-PT"},{"@type":"WebPage","@id":"https:\/\/algarve7.pt\/index.php\/2021\/04\/seis-detidos-em-almancil-e-sintra-com-mais-de-1-300-doses-de-cocaina\/atualidade\/08\/50\/","url":"https:\/\/algarve7.pt\/index.php\/2021\/04\/seis-detidos-em-almancil-e-sintra-com-mais-de-1-300-doses-de-cocaina\/atualidade\/08\/50\/","name":"Seis detidos em Almancil e Sintra com mais de 1 300 doses de coca\u00edna - Algarve 7","isPartOf":{"@id":"https:\/\/algarve7.pt\/#website"},"primaryImageOfPage":{"@id":"https:\/\/algarve7.pt\/index.php\/2021\/04\/seis-detidos-em-almancil-e-sintra-com-mais-de-1-300-doses-de-cocaina\/atualidade\/08\/50\/#primaryimage"},"image":{"@id":"https:\/\/algarve7.pt\/index.php\/2021\/04\/seis-detidos-em-almancil-e-sintra-com-mais-de-1-300-doses-de-cocaina\/atualidade\/08\/50\/#primaryimage"},"thumbnailUrl":"https:\/\/algarve7.pt\/wp-content\/uploads\/2021\/04\/GNR-Faro-Apreensao.jpg","datePublished":"2021-04-14T07:50:57+00:00","dateModified":"2021-04-14T07:52:03+00:00","description":"Seis detidos em Almancil e Sintra com mais de 1 300 doses de coca\u00edna Atualidade","breadcrumb":{"@id":"https:\/\/algarve7.pt\/index.php\/2021\/04\/seis-detidos-em-almancil-e-sintra-com-mais-de-1-300-doses-de-cocaina\/atualidade\/08\/50\/#breadcrumb"},"inLanguage":"pt-PT","potentialAction":[{"@type":"ReadAction","target":["https:\/\/algarve7.pt\/index.php\/2021\/04\/seis-detidos-em-almancil-e-sintra-com-mais-de-1-300-doses-de-cocaina\/atualidade\/08\/50\/"]}]},{"@type":"ImageObject","inLanguage":"pt-PT","@id":"https:\/\/algarve7.pt\/index.php\/2021\/04\/seis-detidos-em-almancil-e-sintra-com-mais-de-1-300-doses-de-cocaina\/atualidade\/08\/50\/#primaryimage","url":"https:\/\/algarve7.pt\/wp-content\/uploads\/2021\/04\/GNR-Faro-Apreensao.jpg","contentUrl":"https:\/\/algarve7.pt\/wp-content\/uploads\/2021\/04\/GNR-Faro-Apreensao.jpg","width":1065,"height":605},{"@type":"BreadcrumbList","@id":"https:\/\/algarve7.pt\/index.php\/2021\/04\/seis-detidos-em-almancil-e-sintra-com-mais-de-1-300-doses-de-cocaina\/atualidade\/08\/50\/#breadcrumb","itemListElement":[{"@type":"ListItem","position":1,"name":"In\u00edcio","item":"https:\/\/algarve7.pt\/"},{"@type":"ListItem","position":2,"name":"Seis detidos em Almancil e Sintra com mais de 1 300 doses de coca\u00edna"}]},{"@type":"WebSite","@id":"https:\/\/algarve7.pt\/#website","url":"https:\/\/algarve7.pt\/","name":"Algarve 7","description":"Informa\u00e7\u00e3o sobre o Algarve","publisher":{"@id":"https:\/\/algarve7.pt\/#organization"},"potentialAction":[{"@type":"SearchAction","target":{"@type":"EntryPoint","urlTemplate":"https:\/\/algarve7.pt\/?s={search_term_string}"},"query-input":{"@type":"PropertyValueSpecification","valueRequired":true,"valueName":"search_term_string"}}],"inLanguage":"pt-PT"},{"@type":"Organization","@id":"https:\/\/algarve7.pt\/#organization","name":"Algarve 7","url":"https:\/\/algarve7.pt\/","logo":{"@type":"ImageObject","inLanguage":"pt-PT","@id":"https:\/\/algarve7.pt\/#\/schema\/logo\/image\/","url":"https:\/\/algarve7.pt\/wp-content\/uploads\/2020\/10\/Logo-8.jpg","contentUrl":"https:\/\/algarve7.pt\/wp-content\/uploads\/2020\/10\/Logo-8.jpg","width":1680,"height":1186,"caption":"Algarve 7"},"image":{"@id":"https:\/\/algarve7.pt\/#\/schema\/logo\/image\/"},"sameAs":["https:\/\/www.facebook.com\/algarve7","https:\/\/x.com\/Algarvesete","https:\/\/www.instagram.com\/jornalalgarve7\/","https:\/\/www.linkedin.com\/company\/algarve7","https:\/\/www.pinterest.pt\/geral0939\/_created\/"]},{"@type":"Person","@id":"https:\/\/algarve7.pt\/#\/schema\/person\/23fa70681308e7b319a3204bcea45e0c","name":"Algarve 7","sameAs":["https:\/\/algarve7.pt","https:\/\/www.facebook.com\/algarve7"],"url":"https:\/\/algarve7.pt\/index.php\/author\/geralalgarve7-pt\/"}]}},"jetpack_publicize_connections":[],"jetpack_featured_media_url":"https:\/\/algarve7.pt\/wp-content\/uploads\/2021\/04\/GNR-Faro-Apreensao.jpg","jetpack_shortlink":"https:\/\/wp.me\/pcezmW-1YS","jetpack_sharing_enabled":true,"_links":{"self":[{"href":"https:\/\/algarve7.pt\/index.php\/wp-json\/wp\/v2\/posts\/7618","targetHints":{"allow":["GET"]}}],"collection":[{"href":"https:\/\/algarve7.pt\/index.php\/wp-json\/wp\/v2\/posts"}],"about":[{"href":"https:\/\/algarve7.pt\/index.php\/wp-json\/wp\/v2\/types\/post"}],"author":[{"embeddable":true,"href":"https:\/\/algarve7.pt\/index.php\/wp-json\/wp\/v2\/users\/1"}],"replies":[{"embeddable":true,"href":"https:\/\/algarve7.pt\/index.php\/wp-json\/wp\/v2\/comments?post=7618"}],"version-history":[{"count":0,"href":"https:\/\/algarve7.pt\/index.php\/wp-json\/wp\/v2\/posts\/7618\/revisions"}],"wp:featuredmedia":[{"embeddable":true,"href":"https:\/\/algarve7.pt\/index.php\/wp-json\/wp\/v2\/media\/7619"}],"wp:attachment":[{"href":"https:\/\/algarve7.pt\/index.php\/wp-json\/wp\/v2\/media?parent=7618"}],"wp:term":[{"taxonomy":"category","embeddable":true,"href":"https:\/\/algarve7.pt\/index.php\/wp-json\/wp\/v2\/categories?post=7618"},{"taxonomy":"post_tag","embeddable":true,"href":"https:\/\/algarve7.pt\/index.php\/wp-json\/wp\/v2\/tags?post=7618"}],"curies":[{"name":"wp","href":"https:\/\/api.w.org\/{rel}","templated":true}]}}