{"id":757,"date":"2020-08-25T14:34:14","date_gmt":"2020-08-25T13:34:14","guid":{"rendered":"https:\/\/algarve7.pt\/?p=757"},"modified":"2020-08-25T15:02:58","modified_gmt":"2020-08-25T14:02:58","slug":"rede-de-diagnostico-do-sns-vai-ser-alargada","status":"publish","type":"post","link":"https:\/\/algarve7.pt\/index.php\/2020\/08\/rede-de-diagnostico-do-sns-vai-ser-alargada\/atualidade\/14\/34\/","title":{"rendered":"Rede de diagn\u00f3stico do SNS vai ser alargada"},"content":{"rendered":"\n<p class=\"has-text-align-justify\">Portugal vai ter uma rede de diagn\u00f3stico \u201crefor\u00e7ada e alargada\u201d, que permita detetar com rapidez o eventual reaparecimento deste e de outros v\u00edrus, para responder de forma \u201cc\u00e9lere e integrada\u201d a novos surtos.&nbsp;<\/p>\n\n\n\n<p class=\"has-text-align-justify\">O an\u00fancio foi feito esta segunda-feira pelo Secret\u00e1rio de Estado da Sa\u00fade, Ant\u00f3nio Lacerda Sales, na confer\u00eancia de imprensa de atualiza\u00e7\u00e3o dos dados da pandemia da COVID-19.&nbsp;<\/p>\n\n\n\n<p>Segundo o governante, o diagn\u00f3stico laboratorial assume um \u201cpapel essencial\u201d na prepara\u00e7\u00e3o da estrat\u00e9gia integrada para o outono\/inverno.&nbsp;<\/p>\n\n\n\n<p class=\"has-text-align-justify\">\u201cPortugal \u00e9 hoje um dos pa\u00edses que mais testes por 100.000 habitantes faz na Europa\u201d, recordou o respons\u00e1vel, destacando que o objetivo com a expans\u00e3o da capacidade laboratorial \u00e9 duplicar a capacidade de testagem para 22.000 testes por dia no SNS, onde atualmente se fazem cerca de 10.000 testes di\u00e1rios.&nbsp;<\/p>\n\n\n\n<p>No Alentejo e no Algarve, referiu, a previs\u00e3o \u00e9 de um aumento da capacidade de testagem na ordem dos 400%. \u201cEste plano foi aprovado a 10 de agosto, tem um financiamento de 8.4 milh\u00f5es de euros no Plano de Estabiliza\u00e7\u00e3o Econ\u00f3mica e Social e a operacionaliza\u00e7\u00e3o t\u00e9cnica e cient\u00edfica \u00e9 do Instituto Nacional Doutor Ricardo Jorge (INSA)\u201d, esclareceu.&nbsp;<\/p>\n\n\n\n<p>Tamb\u00e9m presente na confer\u00eancia de imprensa, o presidente do INSA, Fernando Almeida, explicou que \u201cn\u00e3o \u00e9 inten\u00e7\u00e3o deste investimento fazer testes sem crit\u00e9rio\u201d, porque o mais importante \u201c\u00e9 ter crit\u00e9rios para fazer testes\u201d.&nbsp;<\/p>\n\n\n\n<p>\u201cN\u00e3o queremos fazer testes avulsos, sem crit\u00e9rio, mas aumentar a capacidade de resposta, fazendo com que a diminui\u00e7\u00e3o do tempo de resposta seja uma realidade\u201d, referiu, acrescentando que isto \u00e9 importante para que os servi\u00e7os de sa\u00fade p\u00fablica locais possam atuar cada vez mais rapidamente em fun\u00e7\u00e3o das interrup\u00e7\u00f5es das cadeias epidemiol\u00f3gicas e dos surtos.&nbsp;<\/p>\n\n\n\n<p>Este investimento, destacou, n\u00e3o est\u00e1 relacionado apenas com a COVID-19. \u201cNesta altura tem a ver com o diagn\u00f3stico do SARS-CoV-2, mas tem em conta todos os crit\u00e9rios e capacidade de diagn\u00f3stico para outras emerg\u00eancias e patologias que possam vir a ocorrer\u201d, afirmou.<\/p>\n\n\n\n<p class=\"has-small-font-size\">Fonte: DGS<\/p>\n","protected":false},"excerpt":{"rendered":"<p>Portugal vai ter uma rede de diagn\u00f3stico \u201crefor\u00e7ada e alargada\u201d, que permita detetar com rapidez o eventual reaparecimento deste e<\/p>\n","protected":false},"author":1,"featured_media":759,"comment_status":"closed","ping_status":"open","sticky":false,"template":"","format":"standard","meta":{"colormag_page_container_layout":"default_layout","colormag_page_sidebar_layout":"default_layout","_monsterinsights_skip_tracking":false,"_monsterinsights_sitenote_active":false,"_monsterinsights_sitenote_note":"","_monsterinsights_sitenote_category":0,"jetpack_post_was_ever_published":false,"_jetpack_newsletter_access":"","_jetpack_dont_email_post_to_subs":false,"_jetpack_newsletter_tier_id":0,"_jetpack_memberships_contains_paywalled_content":false,"_jetpack_memberships_contains_paid_content":false,"footnotes":"","jetpack_publicize_message":"","jetpack_publicize_feature_enabled":true,"jetpack_social_post_already_shared":false,"jetpack_social_options":{"image_generator_settings":{"template":"highway","default_image_id":0,"font":"","enabled":false},"version":2}},"categories":[11,59],"tags":[36,58],"class_list":["post-757","post","type-post","status-publish","format-standard","has-post-thumbnail","hentry","category-atualidade","category-saude","tag-algarve","tag-saude"],"yoast_head":"<!-- This site is optimized with the Yoast SEO plugin v27.5 - https:\/\/yoast.com\/product\/yoast-seo-wordpress\/ -->\n<title>Rede de diagn\u00f3stico do SNS vai ser alargada - Algarve 7<\/title>\n<meta name=\"description\" content=\"Rede de diagn\u00f3stico do SNS vai ser alargada\" \/>\n<meta name=\"robots\" content=\"index, follow, max-snippet:-1, max-image-preview:large, max-video-preview:-1\" \/>\n<link rel=\"canonical\" href=\"https:\/\/algarve7.pt\/index.php\/2020\/08\/rede-de-diagnostico-do-sns-vai-ser-alargada\/atualidade\/14\/34\/\" \/>\n<meta property=\"og:locale\" content=\"pt_PT\" \/>\n<meta property=\"og:type\" content=\"article\" \/>\n<meta property=\"og:title\" content=\"Rede de diagn\u00f3stico do SNS vai ser alargada - Algarve 7\" \/>\n<meta property=\"og:description\" content=\"Rede de diagn\u00f3stico do SNS vai ser alargada\" \/>\n<meta property=\"og:url\" content=\"https:\/\/algarve7.pt\/index.php\/2020\/08\/rede-de-diagnostico-do-sns-vai-ser-alargada\/atualidade\/14\/34\/\" \/>\n<meta property=\"og:site_name\" content=\"Algarve 7\" \/>\n<meta property=\"article:publisher\" content=\"https:\/\/www.facebook.com\/algarve7\" \/>\n<meta property=\"article:author\" content=\"https:\/\/www.facebook.com\/algarve7\" \/>\n<meta property=\"article:published_time\" content=\"2020-08-25T13:34:14+00:00\" \/>\n<meta property=\"article:modified_time\" content=\"2020-08-25T14:02:58+00:00\" \/>\n<meta property=\"og:image\" content=\"https:\/\/algarve7.pt\/wp-content\/uploads\/2020\/08\/servico-nacional-de-saude-sns-850x514-1.jpg\" \/>\n\t<meta property=\"og:image:width\" content=\"850\" \/>\n\t<meta property=\"og:image:height\" content=\"514\" \/>\n\t<meta property=\"og:image:type\" content=\"image\/jpeg\" \/>\n<meta name=\"author\" content=\"Algarve 7\" \/>\n<meta name=\"twitter:card\" content=\"summary_large_image\" \/>\n<meta name=\"twitter:creator\" content=\"@Algarvesete\" \/>\n<meta name=\"twitter:site\" content=\"@Algarvesete\" \/>\n<meta name=\"twitter:label1\" content=\"Escrito por\" \/>\n\t<meta name=\"twitter:data1\" content=\"Algarve 7\" \/>\n\t<meta name=\"twitter:label2\" content=\"Tempo estimado de leitura\" \/>\n\t<meta name=\"twitter:data2\" content=\"2 minutos\" \/>\n<script type=\"application\/ld+json\" class=\"yoast-schema-graph\">{\"@context\":\"https:\\\/\\\/schema.org\",\"@graph\":[{\"@type\":\"Article\",\"@id\":\"https:\\\/\\\/algarve7.pt\\\/index.php\\\/2020\\\/08\\\/rede-de-diagnostico-do-sns-vai-ser-alargada\\\/atualidade\\\/14\\\/34\\\/#article\",\"isPartOf\":{\"@id\":\"https:\\\/\\\/algarve7.pt\\\/index.php\\\/2020\\\/08\\\/rede-de-diagnostico-do-sns-vai-ser-alargada\\\/atualidade\\\/14\\\/34\\\/\"},\"author\":{\"name\":\"Algarve 7\",\"@id\":\"https:\\\/\\\/algarve7.pt\\\/#\\\/schema\\\/person\\\/23fa70681308e7b319a3204bcea45e0c\"},\"headline\":\"Rede de diagn\u00f3stico do SNS vai ser alargada\",\"datePublished\":\"2020-08-25T13:34:14+00:00\",\"dateModified\":\"2020-08-25T14:02:58+00:00\",\"mainEntityOfPage\":{\"@id\":\"https:\\\/\\\/algarve7.pt\\\/index.php\\\/2020\\\/08\\\/rede-de-diagnostico-do-sns-vai-ser-alargada\\\/atualidade\\\/14\\\/34\\\/\"},\"wordCount\":366,\"publisher\":{\"@id\":\"https:\\\/\\\/algarve7.pt\\\/#organization\"},\"image\":{\"@id\":\"https:\\\/\\\/algarve7.pt\\\/index.php\\\/2020\\\/08\\\/rede-de-diagnostico-do-sns-vai-ser-alargada\\\/atualidade\\\/14\\\/34\\\/#primaryimage\"},\"thumbnailUrl\":\"https:\\\/\\\/algarve7.pt\\\/wp-content\\\/uploads\\\/2020\\\/08\\\/servico-nacional-de-saude-sns-850x514-1.jpg\",\"keywords\":[\"Algarve\",\"Sa\u00fade\"],\"articleSection\":[\"Atualidade\",\"Sa\u00fade\"],\"inLanguage\":\"pt-PT\"},{\"@type\":\"WebPage\",\"@id\":\"https:\\\/\\\/algarve7.pt\\\/index.php\\\/2020\\\/08\\\/rede-de-diagnostico-do-sns-vai-ser-alargada\\\/atualidade\\\/14\\\/34\\\/\",\"url\":\"https:\\\/\\\/algarve7.pt\\\/index.php\\\/2020\\\/08\\\/rede-de-diagnostico-do-sns-vai-ser-alargada\\\/atualidade\\\/14\\\/34\\\/\",\"name\":\"Rede de diagn\u00f3stico do SNS vai ser alargada - Algarve 7\",\"isPartOf\":{\"@id\":\"https:\\\/\\\/algarve7.pt\\\/#website\"},\"primaryImageOfPage\":{\"@id\":\"https:\\\/\\\/algarve7.pt\\\/index.php\\\/2020\\\/08\\\/rede-de-diagnostico-do-sns-vai-ser-alargada\\\/atualidade\\\/14\\\/34\\\/#primaryimage\"},\"image\":{\"@id\":\"https:\\\/\\\/algarve7.pt\\\/index.php\\\/2020\\\/08\\\/rede-de-diagnostico-do-sns-vai-ser-alargada\\\/atualidade\\\/14\\\/34\\\/#primaryimage\"},\"thumbnailUrl\":\"https:\\\/\\\/algarve7.pt\\\/wp-content\\\/uploads\\\/2020\\\/08\\\/servico-nacional-de-saude-sns-850x514-1.jpg\",\"datePublished\":\"2020-08-25T13:34:14+00:00\",\"dateModified\":\"2020-08-25T14:02:58+00:00\",\"description\":\"Rede de diagn\u00f3stico do SNS vai ser alargada\",\"breadcrumb\":{\"@id\":\"https:\\\/\\\/algarve7.pt\\\/index.php\\\/2020\\\/08\\\/rede-de-diagnostico-do-sns-vai-ser-alargada\\\/atualidade\\\/14\\\/34\\\/#breadcrumb\"},\"inLanguage\":\"pt-PT\",\"potentialAction\":[{\"@type\":\"ReadAction\",\"target\":[\"https:\\\/\\\/algarve7.pt\\\/index.php\\\/2020\\\/08\\\/rede-de-diagnostico-do-sns-vai-ser-alargada\\\/atualidade\\\/14\\\/34\\\/\"]}]},{\"@type\":\"ImageObject\",\"inLanguage\":\"pt-PT\",\"@id\":\"https:\\\/\\\/algarve7.pt\\\/index.php\\\/2020\\\/08\\\/rede-de-diagnostico-do-sns-vai-ser-alargada\\\/atualidade\\\/14\\\/34\\\/#primaryimage\",\"url\":\"https:\\\/\\\/algarve7.pt\\\/wp-content\\\/uploads\\\/2020\\\/08\\\/servico-nacional-de-saude-sns-850x514-1.jpg\",\"contentUrl\":\"https:\\\/\\\/algarve7.pt\\\/wp-content\\\/uploads\\\/2020\\\/08\\\/servico-nacional-de-saude-sns-850x514-1.jpg\",\"width\":850,\"height\":514},{\"@type\":\"BreadcrumbList\",\"@id\":\"https:\\\/\\\/algarve7.pt\\\/index.php\\\/2020\\\/08\\\/rede-de-diagnostico-do-sns-vai-ser-alargada\\\/atualidade\\\/14\\\/34\\\/#breadcrumb\",\"itemListElement\":[{\"@type\":\"ListItem\",\"position\":1,\"name\":\"In\u00edcio\",\"item\":\"https:\\\/\\\/algarve7.pt\\\/\"},{\"@type\":\"ListItem\",\"position\":2,\"name\":\"Rede de diagn\u00f3stico do SNS vai ser alargada\"}]},{\"@type\":\"WebSite\",\"@id\":\"https:\\\/\\\/algarve7.pt\\\/#website\",\"url\":\"https:\\\/\\\/algarve7.pt\\\/\",\"name\":\"Algarve 7\",\"description\":\"Informa\u00e7\u00e3o sobre o Algarve\",\"publisher\":{\"@id\":\"https:\\\/\\\/algarve7.pt\\\/#organization\"},\"potentialAction\":[{\"@type\":\"SearchAction\",\"target\":{\"@type\":\"EntryPoint\",\"urlTemplate\":\"https:\\\/\\\/algarve7.pt\\\/?s={search_term_string}\"},\"query-input\":{\"@type\":\"PropertyValueSpecification\",\"valueRequired\":true,\"valueName\":\"search_term_string\"}}],\"inLanguage\":\"pt-PT\"},{\"@type\":\"Organization\",\"@id\":\"https:\\\/\\\/algarve7.pt\\\/#organization\",\"name\":\"Algarve 7\",\"url\":\"https:\\\/\\\/algarve7.pt\\\/\",\"logo\":{\"@type\":\"ImageObject\",\"inLanguage\":\"pt-PT\",\"@id\":\"https:\\\/\\\/algarve7.pt\\\/#\\\/schema\\\/logo\\\/image\\\/\",\"url\":\"https:\\\/\\\/algarve7.pt\\\/wp-content\\\/uploads\\\/2020\\\/10\\\/Logo-8.jpg\",\"contentUrl\":\"https:\\\/\\\/algarve7.pt\\\/wp-content\\\/uploads\\\/2020\\\/10\\\/Logo-8.jpg\",\"width\":1680,\"height\":1186,\"caption\":\"Algarve 7\"},\"image\":{\"@id\":\"https:\\\/\\\/algarve7.pt\\\/#\\\/schema\\\/logo\\\/image\\\/\"},\"sameAs\":[\"https:\\\/\\\/www.facebook.com\\\/algarve7\",\"https:\\\/\\\/x.com\\\/Algarvesete\",\"https:\\\/\\\/www.instagram.com\\\/jornalalgarve7\\\/\",\"https:\\\/\\\/www.linkedin.com\\\/company\\\/algarve7\",\"https:\\\/\\\/www.pinterest.pt\\\/geral0939\\\/_created\\\/\"]},{\"@type\":\"Person\",\"@id\":\"https:\\\/\\\/algarve7.pt\\\/#\\\/schema\\\/person\\\/23fa70681308e7b319a3204bcea45e0c\",\"name\":\"Algarve 7\",\"sameAs\":[\"https:\\\/\\\/algarve7.pt\",\"https:\\\/\\\/www.facebook.com\\\/algarve7\"],\"url\":\"https:\\\/\\\/algarve7.pt\\\/index.php\\\/author\\\/geralalgarve7-pt\\\/\"}]}<\/script>\n<!-- \/ Yoast SEO plugin. -->","yoast_head_json":{"title":"Rede de diagn\u00f3stico do SNS vai ser alargada - Algarve 7","description":"Rede de diagn\u00f3stico do SNS vai ser alargada","robots":{"index":"index","follow":"follow","max-snippet":"max-snippet:-1","max-image-preview":"max-image-preview:large","max-video-preview":"max-video-preview:-1"},"canonical":"https:\/\/algarve7.pt\/index.php\/2020\/08\/rede-de-diagnostico-do-sns-vai-ser-alargada\/atualidade\/14\/34\/","og_locale":"pt_PT","og_type":"article","og_title":"Rede de diagn\u00f3stico do SNS vai ser alargada - Algarve 7","og_description":"Rede de diagn\u00f3stico do SNS vai ser alargada","og_url":"https:\/\/algarve7.pt\/index.php\/2020\/08\/rede-de-diagnostico-do-sns-vai-ser-alargada\/atualidade\/14\/34\/","og_site_name":"Algarve 7","article_publisher":"https:\/\/www.facebook.com\/algarve7","article_author":"https:\/\/www.facebook.com\/algarve7","article_published_time":"2020-08-25T13:34:14+00:00","article_modified_time":"2020-08-25T14:02:58+00:00","og_image":[{"width":850,"height":514,"url":"https:\/\/algarve7.pt\/wp-content\/uploads\/2020\/08\/servico-nacional-de-saude-sns-850x514-1.jpg","type":"image\/jpeg"}],"author":"Algarve 7","twitter_card":"summary_large_image","twitter_creator":"@Algarvesete","twitter_site":"@Algarvesete","twitter_misc":{"Escrito por":"Algarve 7","Tempo estimado de leitura":"2 minutos"},"schema":{"@context":"https:\/\/schema.org","@graph":[{"@type":"Article","@id":"https:\/\/algarve7.pt\/index.php\/2020\/08\/rede-de-diagnostico-do-sns-vai-ser-alargada\/atualidade\/14\/34\/#article","isPartOf":{"@id":"https:\/\/algarve7.pt\/index.php\/2020\/08\/rede-de-diagnostico-do-sns-vai-ser-alargada\/atualidade\/14\/34\/"},"author":{"name":"Algarve 7","@id":"https:\/\/algarve7.pt\/#\/schema\/person\/23fa70681308e7b319a3204bcea45e0c"},"headline":"Rede de diagn\u00f3stico do SNS vai ser alargada","datePublished":"2020-08-25T13:34:14+00:00","dateModified":"2020-08-25T14:02:58+00:00","mainEntityOfPage":{"@id":"https:\/\/algarve7.pt\/index.php\/2020\/08\/rede-de-diagnostico-do-sns-vai-ser-alargada\/atualidade\/14\/34\/"},"wordCount":366,"publisher":{"@id":"https:\/\/algarve7.pt\/#organization"},"image":{"@id":"https:\/\/algarve7.pt\/index.php\/2020\/08\/rede-de-diagnostico-do-sns-vai-ser-alargada\/atualidade\/14\/34\/#primaryimage"},"thumbnailUrl":"https:\/\/algarve7.pt\/wp-content\/uploads\/2020\/08\/servico-nacional-de-saude-sns-850x514-1.jpg","keywords":["Algarve","Sa\u00fade"],"articleSection":["Atualidade","Sa\u00fade"],"inLanguage":"pt-PT"},{"@type":"WebPage","@id":"https:\/\/algarve7.pt\/index.php\/2020\/08\/rede-de-diagnostico-do-sns-vai-ser-alargada\/atualidade\/14\/34\/","url":"https:\/\/algarve7.pt\/index.php\/2020\/08\/rede-de-diagnostico-do-sns-vai-ser-alargada\/atualidade\/14\/34\/","name":"Rede de diagn\u00f3stico do SNS vai ser alargada - Algarve 7","isPartOf":{"@id":"https:\/\/algarve7.pt\/#website"},"primaryImageOfPage":{"@id":"https:\/\/algarve7.pt\/index.php\/2020\/08\/rede-de-diagnostico-do-sns-vai-ser-alargada\/atualidade\/14\/34\/#primaryimage"},"image":{"@id":"https:\/\/algarve7.pt\/index.php\/2020\/08\/rede-de-diagnostico-do-sns-vai-ser-alargada\/atualidade\/14\/34\/#primaryimage"},"thumbnailUrl":"https:\/\/algarve7.pt\/wp-content\/uploads\/2020\/08\/servico-nacional-de-saude-sns-850x514-1.jpg","datePublished":"2020-08-25T13:34:14+00:00","dateModified":"2020-08-25T14:02:58+00:00","description":"Rede de diagn\u00f3stico do SNS vai ser alargada","breadcrumb":{"@id":"https:\/\/algarve7.pt\/index.php\/2020\/08\/rede-de-diagnostico-do-sns-vai-ser-alargada\/atualidade\/14\/34\/#breadcrumb"},"inLanguage":"pt-PT","potentialAction":[{"@type":"ReadAction","target":["https:\/\/algarve7.pt\/index.php\/2020\/08\/rede-de-diagnostico-do-sns-vai-ser-alargada\/atualidade\/14\/34\/"]}]},{"@type":"ImageObject","inLanguage":"pt-PT","@id":"https:\/\/algarve7.pt\/index.php\/2020\/08\/rede-de-diagnostico-do-sns-vai-ser-alargada\/atualidade\/14\/34\/#primaryimage","url":"https:\/\/algarve7.pt\/wp-content\/uploads\/2020\/08\/servico-nacional-de-saude-sns-850x514-1.jpg","contentUrl":"https:\/\/algarve7.pt\/wp-content\/uploads\/2020\/08\/servico-nacional-de-saude-sns-850x514-1.jpg","width":850,"height":514},{"@type":"BreadcrumbList","@id":"https:\/\/algarve7.pt\/index.php\/2020\/08\/rede-de-diagnostico-do-sns-vai-ser-alargada\/atualidade\/14\/34\/#breadcrumb","itemListElement":[{"@type":"ListItem","position":1,"name":"In\u00edcio","item":"https:\/\/algarve7.pt\/"},{"@type":"ListItem","position":2,"name":"Rede de diagn\u00f3stico do SNS vai ser alargada"}]},{"@type":"WebSite","@id":"https:\/\/algarve7.pt\/#website","url":"https:\/\/algarve7.pt\/","name":"Algarve 7","description":"Informa\u00e7\u00e3o sobre o Algarve","publisher":{"@id":"https:\/\/algarve7.pt\/#organization"},"potentialAction":[{"@type":"SearchAction","target":{"@type":"EntryPoint","urlTemplate":"https:\/\/algarve7.pt\/?s={search_term_string}"},"query-input":{"@type":"PropertyValueSpecification","valueRequired":true,"valueName":"search_term_string"}}],"inLanguage":"pt-PT"},{"@type":"Organization","@id":"https:\/\/algarve7.pt\/#organization","name":"Algarve 7","url":"https:\/\/algarve7.pt\/","logo":{"@type":"ImageObject","inLanguage":"pt-PT","@id":"https:\/\/algarve7.pt\/#\/schema\/logo\/image\/","url":"https:\/\/algarve7.pt\/wp-content\/uploads\/2020\/10\/Logo-8.jpg","contentUrl":"https:\/\/algarve7.pt\/wp-content\/uploads\/2020\/10\/Logo-8.jpg","width":1680,"height":1186,"caption":"Algarve 7"},"image":{"@id":"https:\/\/algarve7.pt\/#\/schema\/logo\/image\/"},"sameAs":["https:\/\/www.facebook.com\/algarve7","https:\/\/x.com\/Algarvesete","https:\/\/www.instagram.com\/jornalalgarve7\/","https:\/\/www.linkedin.com\/company\/algarve7","https:\/\/www.pinterest.pt\/geral0939\/_created\/"]},{"@type":"Person","@id":"https:\/\/algarve7.pt\/#\/schema\/person\/23fa70681308e7b319a3204bcea45e0c","name":"Algarve 7","sameAs":["https:\/\/algarve7.pt","https:\/\/www.facebook.com\/algarve7"],"url":"https:\/\/algarve7.pt\/index.php\/author\/geralalgarve7-pt\/"}]}},"jetpack_publicize_connections":[],"jetpack_featured_media_url":"https:\/\/algarve7.pt\/wp-content\/uploads\/2020\/08\/servico-nacional-de-saude-sns-850x514-1.jpg","jetpack_shortlink":"https:\/\/wp.me\/pcezmW-cd","jetpack_sharing_enabled":true,"_links":{"self":[{"href":"https:\/\/algarve7.pt\/index.php\/wp-json\/wp\/v2\/posts\/757","targetHints":{"allow":["GET"]}}],"collection":[{"href":"https:\/\/algarve7.pt\/index.php\/wp-json\/wp\/v2\/posts"}],"about":[{"href":"https:\/\/algarve7.pt\/index.php\/wp-json\/wp\/v2\/types\/post"}],"author":[{"embeddable":true,"href":"https:\/\/algarve7.pt\/index.php\/wp-json\/wp\/v2\/users\/1"}],"replies":[{"embeddable":true,"href":"https:\/\/algarve7.pt\/index.php\/wp-json\/wp\/v2\/comments?post=757"}],"version-history":[{"count":0,"href":"https:\/\/algarve7.pt\/index.php\/wp-json\/wp\/v2\/posts\/757\/revisions"}],"wp:featuredmedia":[{"embeddable":true,"href":"https:\/\/algarve7.pt\/index.php\/wp-json\/wp\/v2\/media\/759"}],"wp:attachment":[{"href":"https:\/\/algarve7.pt\/index.php\/wp-json\/wp\/v2\/media?parent=757"}],"wp:term":[{"taxonomy":"category","embeddable":true,"href":"https:\/\/algarve7.pt\/index.php\/wp-json\/wp\/v2\/categories?post=757"},{"taxonomy":"post_tag","embeddable":true,"href":"https:\/\/algarve7.pt\/index.php\/wp-json\/wp\/v2\/tags?post=757"}],"curies":[{"name":"wp","href":"https:\/\/api.w.org\/{rel}","templated":true}]}}