{"id":7537,"date":"2021-04-12T13:50:03","date_gmt":"2021-04-12T12:50:03","guid":{"rendered":"https:\/\/algarve7.pt\/?p=7537"},"modified":"2021-04-12T13:50:07","modified_gmt":"2021-04-12T12:50:07","slug":"municipio-de-sao-bras-de-alportel-adere-a-campanha-por-um-pais-com-bom-ar","status":"publish","type":"post","link":"https:\/\/algarve7.pt\/index.php\/2021\/04\/municipio-de-sao-bras-de-alportel-adere-a-campanha-por-um-pais-com-bom-ar\/ambiente\/13\/50\/","title":{"rendered":"Munic\u00edpio de S\u00e3o Br\u00e1s de Alportel adere \u00e0 campanha \u201cpor um pa\u00eds com bom ar\u201d"},"content":{"rendered":"\n<p><strong>H\u00e1 muito conhecida por ser uma terra de \u201cbons ares\u201d, raz\u00e3o pela qual, ali\u00e1s, h\u00e1 mais de um s\u00e9culo aqui foi erigido o Sanat\u00f3rio Vasconcelos Porto, o Munic\u00edpio de S\u00e3o Br\u00e1s de Alportel acaba de celebrar um protocolo com a Autoridade Nacional para a Qualidade do Ar, a Ag\u00eancia Portuguesa do Ambiente (APA), para a coopera\u00e7\u00e3o na promo\u00e7\u00e3o da divulga\u00e7\u00e3o da campanha nacional \u201cPor um Pa\u00eds com bom Ar\u201d e das iniciativas do Dia Nacional do Ar, 12 abril.&nbsp;<\/strong><strong><\/strong><\/p>\n\n\n\n<p>O Dia Nacional do Ar tem como objetivo destacar a import\u00e2ncia da qualidade do ar e sensibilizar a popula\u00e7\u00e3o para a necessidade de conhecer e atuar com vista \u00e0 prote\u00e7\u00e3o e melhoria deste recurso indispens\u00e1vel \u00e0 vida.<\/p>\n\n\n\n<p>Sendo o ar um recurso essencial \u00e0 vida, determinante para a sa\u00fade humana, bem como para a qualidade de vida das popula\u00e7\u00f5es, e com repercuss\u00f5es diretas e indiretas sobre o patrim\u00f3nio natural e constru\u00eddo, este protocolo reveste-se de grande import\u00e2ncia porquanto originar\u00e1 a dissemina\u00e7\u00e3o de informa\u00e7\u00e3o e o incremento do conhecimento sobre a tem\u00e1tica da qualidade do ar, incentivando comportamentos e estilos de vida que promovam a manuten\u00e7\u00e3o desta e, se poss\u00edvel, a sua melhoria.<\/p>\n\n\n\n<p>Para disponibilizar mais informa\u00e7\u00f5es sobre a prote\u00e7\u00e3o deste recurso essencial, esta Ag\u00eancia criou&nbsp;a campanha \u201cPor um Pa\u00eds com bom Ar\u201d e o website:&nbsp;<a href=\"https:\/\/por1bom-ar.apambiente.pt\/\">https:\/\/por1bom-ar.apambiente.pt\/<\/a>&nbsp;onde disponibiliza informa\u00e7\u00f5es \u00fateis e dicas para contribuir para a melhoria da qualidade do ar e da sa\u00fade de todos.<\/p>\n\n\n\n<p>Informa\u00e7\u00f5es que tamb\u00e9m ser\u00e3o divulgadas pelo Munic\u00edpio de S\u00e3o Br\u00e1s de Alportel atrav\u00e9s dos meios de comunica\u00e7\u00e3o dispon\u00edveis, f\u00edsicos e digitais.<\/p>\n\n\n\n<p>Ciente da import\u00e2ncia da sensibiliza\u00e7\u00e3o para esta mat\u00e9ria junto das gera\u00e7\u00f5es mais jovens, o Munic\u00edpio com a coopera\u00e7\u00e3o do Agrupamento de Escolas Jos\u00e9 Belchior Viegas vai facultar cartazes, folhetos e v\u00eddeos da campanha \u00e0 comunidade escolar.<\/p>\n\n\n\n<p><strong>Sabia que\u2026<\/strong><\/p>\n\n\n\n<p>Portugal est\u00e1 nos dez pa\u00edses que apresentam melhor qualidade do ar, entre os 41 pa\u00edses presentes no relat\u00f3rio da Ag\u00eancia Europeia do Ambiente!<\/p>\n\n\n\n<p>Ainda assim, estima-se que as part\u00edculas PM<sub>2.5<\/sub>, NO<sub>2<\/sub>&nbsp;e O<sub>3<\/sub>&nbsp;s\u00e3o respons\u00e1veis pela morte de 6.000 portugueses todos os anos!<\/p>\n\n\n\n<p>\u00c9 poss\u00edvel e importante que todos conhe\u00e7am a qualidade do ar que respiram!<\/p>\n\n\n\n<p>Para isso basta visitar o \u00edndice QualAr para a sua zona em:&nbsp;<a href=\"https:\/\/qualar.apambiente.pt\/\" target=\"_blank\" rel=\"noreferrer noopener\">qualar.apambiente.pt<\/a><\/p>\n\n\n\n<p><strong>S\u00e3o Br\u00e1s de Alportel, terras de bons ares<\/strong><\/p>\n\n\n\n<p>As refer\u00eancias aos bons ares de S\u00e3o Br\u00e1s de Alportel s\u00e3o antigas e o reconhecimento desta realidade motivou a constru\u00e7\u00e3o do Antigo Sanat\u00f3rio&nbsp;Vasconcelos Porto, agora transformado no Centro de Medicina F\u00edsica e Reabilita\u00e7\u00e3o do Sul que recentemente, em per\u00edodo de pandemia provocada pelo coronav\u00edrus COVID-19, abriu uma val\u00eancia dedicada \u00e0 recupera\u00e7\u00e3o de pessoas que ap\u00f3s internamento prolongado perderam capacidades f\u00edsicas e motoras.&nbsp;<\/p>\n\n\n\n<p>Aproveitamos para recordar algumas refer\u00eancias feitas aos bons ares de S\u00e3o Br\u00e1s de Alportel na imprensa regional:<\/p>\n\n\n\n<p>Artigo:<strong>&nbsp;\u201cFeridos da Guerra pela Tuberculose\u201d<\/strong><\/p>\n\n\n\n<p>Jornal O Algarve, n.\u00ba 517, de 16 de fevereiro de 1918<\/p>\n\n\n\n<p><em>\u2026 \u201cQuanto ao clima de plan\u00edcie aconselharemos o sr. Ministro da guerra a mandar construir um sanat\u00f3rio na regi\u00e3o campestre de S. Braz de Alportel, onde poder\u00e3o ser instalados, todos os soldados a quem esteja contra-indicado o clima de altitude bem como todos aqueles a quem a estada na Guarda seja prejudicial no inverno\u201d;<\/em><\/p>\n\n\n\n<p><strong>Artigo: \u201cClima campestre de Alportel\u201d<\/strong><\/p>\n\n\n\n<p>Jornal O Algarve, n.\u00ba 518, de 24 de fevereiro de 1918<\/p>\n\n\n\n<p><em>\u201cA regi\u00e3o campestre do concelho de Alportel, da prov\u00edncia do Algarve, \u00e9 tradicionalmente conhecida pelos algarvios como sendo a que nesta prov\u00edncia melhor clima tem para o tratamento dos tuberculosos\u201d; \u201cas impressionantes condi\u00e7\u00f5es de beleza que o logar de Alportel possue e por si pr\u00f3prio contribuiriam com viva sugest\u00e3o para levantar a moral dos doentes\u201d; \u201cos pr\u00f3prios ventos do norte, t\u00e3o prejudiciaes aos tuberculosos, s\u00e3o muito atenuados por estar a regi\u00e3o do concelho de Alportel ao resguardo do abrigo que lhe fazem os serros do norte do Algarve\u201d; \u201ca temperatura da regi\u00e3o \u00e9 no inverno muito agrad\u00e1vel com muitos dias primaveris\u201d; \u201ca insola\u00e7\u00e3o intensa, pequeno numero de dias de chuva, a temperatura elevada no inverno e pouco elevada no ver\u00e3o, a humidade m\u00ednima muito distanciada do ponto de satura\u00e7\u00e3o e a curta oscila\u00e7\u00e3o de temperatura, tornam o seu clima maravilhoso e salutar\u00edssimo para os tuberculosos\u201d; \u201cas enormes matas de sobreiro que regularizam a temperatura, e a bela agua corrente ligeiramente f\u00e9rrea bem como outras qualidades comuns \u00e0s restantes regi\u00f5es da nossa linda prov\u00edncia, beneficiam a sa\u00fade dos tuberculosos\u201d.<\/em><\/p>\n\n\n\n<p><strong>Correio do Sul, n.\u00ba 100, de 5 de fevereiro de 1922<\/strong><\/p>\n\n\n\n<p>Por: J. Correia de Sousa<\/p>\n\n\n\n<p><em>&#8220;Mas a principal riqueza natural algarvia, a mais f\u00e1cil de explorar, \u00e9 a do seu belo e incompar\u00e1vel clima, que lhe permite ser um local de elei\u00e7\u00e3o, para o tratamento de doen\u00e7as pulmonares. Em parte alguma se nota um t\u00e3o apreci\u00e1vel equil\u00edbrio de temperatura, tanta aus\u00eancia de humidade e ares mais puros de que em S. Br\u00e1s de Alportel&#8221;.<\/em><\/p>\n\n\n\n<p><strong>Terras de Portugal, 1928<\/strong><\/p>\n\n\n\n<p>Por: Jos\u00e9 Dias Sancho<\/p>\n\n\n\n<p><em>&#8220;N\u00e3o sei, se \u00e9 assunto para estudar atentamente por especialistas, se os ares pur\u00edssimos desta regi\u00e3o t\u00eam propriedade radioactivas, pela sua luminosidade e exposi\u00e7\u00e3o, tais e tantas s\u00e3o as curas maravilhosas que aqui se registam.<\/em><\/p>\n\n\n\n<p><em>O certo \u00e9 que todos os m\u00e9dicos, designadamente os especialistas de doen\u00e7as pulmonares, recomendam vivamente estes ares para os doentes dos pulm\u00f5es, para os debilitados e enfraquecidos. \u00datil e ideal esta\u00e7\u00e3o de repouso e convalescen\u00e7a!<\/em><\/p>\n\n\n\n<p><em>\u00c9 pena que se n\u00e3o construam aqui sanat\u00f3rios e hot\u00e9is para esse fim.&nbsp;<\/em><\/p>\n\n\n\n<p><em>Apenas existe o Sanat\u00f3rio Vasconcelos Porto, para ferrovi\u00e1rios, que segundo nos informa o seu distinto director, Sr. Alberto de Sousa, tem registados resultados brilhantes. Ap\u00f3s um demorado p\u00e9riodo de modorra colectiva, sobreveio recentemente uma fase de not\u00e1vel actividade, cujas manifesta\u00e7\u00f5es mais importantes s\u00e3o esse brilhante movimento em prol do caminho-de-ferro at\u00e9 esta vila; (&#8230;)<\/em><\/p>\n\n\n\n<p><strong>Excerto do livro &#8220;Sa\u00fade no Algarve&#8221;, p\u00e1g. 74<\/strong><\/p>\n\n\n\n<p><em>&#8220;Devido \u00e0 sua localiza\u00e7\u00e3o, a norte a serra do Caldeir\u00e3o e uma linha de serros a sul surgem in\u00fameras refer\u00eancias \u00e0s qualidades deste ar de serra, j\u00e1 referido como ben\u00e9fico para a &#8220;tuberculose pulmonar&#8221; no Almanch de S. Braz d&#8217;Alportel de 1893 e referenciado por diferentes m\u00e9dicos nos finais do s\u00e9c. XIX, como sendo prop\u00edcio para a cura de males pulmonares&#8221;.<\/em><\/p>\n","protected":false},"excerpt":{"rendered":"<p>H\u00e1 muito conhecida por ser uma terra de \u201cbons ares\u201d, raz\u00e3o pela qual, ali\u00e1s, h\u00e1 mais de um s\u00e9culo aqui<\/p>\n","protected":false},"author":1,"featured_media":7538,"comment_status":"closed","ping_status":"open","sticky":false,"template":"","format":"standard","meta":{"colormag_page_container_layout":"default_layout","colormag_page_sidebar_layout":"default_layout","_monsterinsights_skip_tracking":false,"_monsterinsights_sitenote_active":false,"_monsterinsights_sitenote_note":"","_monsterinsights_sitenote_category":0,"jetpack_post_was_ever_published":false,"_jetpack_newsletter_access":"","_jetpack_dont_email_post_to_subs":false,"_jetpack_newsletter_tier_id":0,"_jetpack_memberships_contains_paywalled_content":false,"_jetpack_memberships_contains_paid_content":false,"footnotes":"","jetpack_publicize_message":"","jetpack_publicize_feature_enabled":true,"jetpack_social_post_already_shared":true,"jetpack_social_options":{"image_generator_settings":{"template":"highway","default_image_id":0,"font":"","enabled":false},"version":2}},"categories":[5],"tags":[36,32,63],"class_list":["post-7537","post","type-post","status-publish","format-standard","has-post-thumbnail","hentry","category-ambiente","tag-algarve","tag-ambiente","tag-sao-bras-de-alportel"],"yoast_head":"<!-- This site is optimized with the Yoast SEO plugin v27.5 - https:\/\/yoast.com\/product\/yoast-seo-wordpress\/ -->\n<title>Munic\u00edpio de S\u00e3o Br\u00e1s de Alportel adere \u00e0 campanha \u201cpor um pa\u00eds com bom ar\u201d - Algarve 7<\/title>\n<meta name=\"description\" content=\"Munic\u00edpio de S\u00e3o Br\u00e1s de Alportel adere \u00e0 campanha \u201cpor um pa\u00eds com bom ar\u201d Ambiente\" \/>\n<meta name=\"robots\" content=\"index, follow, max-snippet:-1, max-image-preview:large, max-video-preview:-1\" \/>\n<link rel=\"canonical\" href=\"https:\/\/algarve7.pt\/index.php\/2021\/04\/municipio-de-sao-bras-de-alportel-adere-a-campanha-por-um-pais-com-bom-ar\/ambiente\/13\/50\/\" \/>\n<meta property=\"og:locale\" content=\"pt_PT\" \/>\n<meta property=\"og:type\" content=\"article\" \/>\n<meta property=\"og:title\" content=\"Munic\u00edpio de S\u00e3o Br\u00e1s de Alportel adere \u00e0 campanha \u201cpor um pa\u00eds com bom ar\u201d - Algarve 7\" \/>\n<meta property=\"og:description\" content=\"Munic\u00edpio de S\u00e3o Br\u00e1s de Alportel adere \u00e0 campanha \u201cpor um pa\u00eds com bom ar\u201d Ambiente\" \/>\n<meta property=\"og:url\" content=\"https:\/\/algarve7.pt\/index.php\/2021\/04\/municipio-de-sao-bras-de-alportel-adere-a-campanha-por-um-pais-com-bom-ar\/ambiente\/13\/50\/\" \/>\n<meta property=\"og:site_name\" content=\"Algarve 7\" \/>\n<meta property=\"article:publisher\" content=\"https:\/\/www.facebook.com\/algarve7\" \/>\n<meta property=\"article:author\" content=\"https:\/\/www.facebook.com\/algarve7\" \/>\n<meta property=\"article:published_time\" content=\"2021-04-12T12:50:03+00:00\" \/>\n<meta property=\"article:modified_time\" content=\"2021-04-12T12:50:07+00:00\" \/>\n<meta property=\"og:image\" content=\"https:\/\/algarve7.pt\/wp-content\/uploads\/2021\/04\/SaoBrasAlportel_creditos_RuiSantos.jpg\" \/>\n\t<meta property=\"og:image:width\" content=\"1440\" \/>\n\t<meta property=\"og:image:height\" content=\"1080\" \/>\n\t<meta property=\"og:image:type\" content=\"image\/jpeg\" \/>\n<meta name=\"author\" content=\"Algarve 7\" \/>\n<meta name=\"twitter:card\" content=\"summary_large_image\" \/>\n<meta name=\"twitter:creator\" content=\"@Algarvesete\" \/>\n<meta name=\"twitter:site\" content=\"@Algarvesete\" \/>\n<meta name=\"twitter:label1\" content=\"Escrito por\" \/>\n\t<meta name=\"twitter:data1\" content=\"Algarve 7\" \/>\n\t<meta name=\"twitter:label2\" content=\"Tempo estimado de leitura\" \/>\n\t<meta name=\"twitter:data2\" content=\"5 minutos\" \/>\n<script type=\"application\/ld+json\" class=\"yoast-schema-graph\">{\"@context\":\"https:\\\/\\\/schema.org\",\"@graph\":[{\"@type\":\"Article\",\"@id\":\"https:\\\/\\\/algarve7.pt\\\/index.php\\\/2021\\\/04\\\/municipio-de-sao-bras-de-alportel-adere-a-campanha-por-um-pais-com-bom-ar\\\/ambiente\\\/13\\\/50\\\/#article\",\"isPartOf\":{\"@id\":\"https:\\\/\\\/algarve7.pt\\\/index.php\\\/2021\\\/04\\\/municipio-de-sao-bras-de-alportel-adere-a-campanha-por-um-pais-com-bom-ar\\\/ambiente\\\/13\\\/50\\\/\"},\"author\":{\"name\":\"Algarve 7\",\"@id\":\"https:\\\/\\\/algarve7.pt\\\/#\\\/schema\\\/person\\\/23fa70681308e7b319a3204bcea45e0c\"},\"headline\":\"Munic\u00edpio de S\u00e3o Br\u00e1s de Alportel adere \u00e0 campanha \u201cpor um pa\u00eds com bom ar\u201d\",\"datePublished\":\"2021-04-12T12:50:03+00:00\",\"dateModified\":\"2021-04-12T12:50:07+00:00\",\"mainEntityOfPage\":{\"@id\":\"https:\\\/\\\/algarve7.pt\\\/index.php\\\/2021\\\/04\\\/municipio-de-sao-bras-de-alportel-adere-a-campanha-por-um-pais-com-bom-ar\\\/ambiente\\\/13\\\/50\\\/\"},\"wordCount\":1156,\"publisher\":{\"@id\":\"https:\\\/\\\/algarve7.pt\\\/#organization\"},\"image\":{\"@id\":\"https:\\\/\\\/algarve7.pt\\\/index.php\\\/2021\\\/04\\\/municipio-de-sao-bras-de-alportel-adere-a-campanha-por-um-pais-com-bom-ar\\\/ambiente\\\/13\\\/50\\\/#primaryimage\"},\"thumbnailUrl\":\"https:\\\/\\\/algarve7.pt\\\/wp-content\\\/uploads\\\/2021\\\/04\\\/SaoBrasAlportel_creditos_RuiSantos.jpg\",\"keywords\":[\"Algarve\",\"Ambiente\",\"S\u00e3o Br\u00e1s de Alportel\"],\"articleSection\":[\"Ambiente\"],\"inLanguage\":\"pt-PT\"},{\"@type\":\"WebPage\",\"@id\":\"https:\\\/\\\/algarve7.pt\\\/index.php\\\/2021\\\/04\\\/municipio-de-sao-bras-de-alportel-adere-a-campanha-por-um-pais-com-bom-ar\\\/ambiente\\\/13\\\/50\\\/\",\"url\":\"https:\\\/\\\/algarve7.pt\\\/index.php\\\/2021\\\/04\\\/municipio-de-sao-bras-de-alportel-adere-a-campanha-por-um-pais-com-bom-ar\\\/ambiente\\\/13\\\/50\\\/\",\"name\":\"Munic\u00edpio de S\u00e3o Br\u00e1s de Alportel adere \u00e0 campanha \u201cpor um pa\u00eds com bom ar\u201d - Algarve 7\",\"isPartOf\":{\"@id\":\"https:\\\/\\\/algarve7.pt\\\/#website\"},\"primaryImageOfPage\":{\"@id\":\"https:\\\/\\\/algarve7.pt\\\/index.php\\\/2021\\\/04\\\/municipio-de-sao-bras-de-alportel-adere-a-campanha-por-um-pais-com-bom-ar\\\/ambiente\\\/13\\\/50\\\/#primaryimage\"},\"image\":{\"@id\":\"https:\\\/\\\/algarve7.pt\\\/index.php\\\/2021\\\/04\\\/municipio-de-sao-bras-de-alportel-adere-a-campanha-por-um-pais-com-bom-ar\\\/ambiente\\\/13\\\/50\\\/#primaryimage\"},\"thumbnailUrl\":\"https:\\\/\\\/algarve7.pt\\\/wp-content\\\/uploads\\\/2021\\\/04\\\/SaoBrasAlportel_creditos_RuiSantos.jpg\",\"datePublished\":\"2021-04-12T12:50:03+00:00\",\"dateModified\":\"2021-04-12T12:50:07+00:00\",\"description\":\"Munic\u00edpio de S\u00e3o Br\u00e1s de Alportel adere \u00e0 campanha \u201cpor um pa\u00eds com bom ar\u201d Ambiente\",\"breadcrumb\":{\"@id\":\"https:\\\/\\\/algarve7.pt\\\/index.php\\\/2021\\\/04\\\/municipio-de-sao-bras-de-alportel-adere-a-campanha-por-um-pais-com-bom-ar\\\/ambiente\\\/13\\\/50\\\/#breadcrumb\"},\"inLanguage\":\"pt-PT\",\"potentialAction\":[{\"@type\":\"ReadAction\",\"target\":[\"https:\\\/\\\/algarve7.pt\\\/index.php\\\/2021\\\/04\\\/municipio-de-sao-bras-de-alportel-adere-a-campanha-por-um-pais-com-bom-ar\\\/ambiente\\\/13\\\/50\\\/\"]}]},{\"@type\":\"ImageObject\",\"inLanguage\":\"pt-PT\",\"@id\":\"https:\\\/\\\/algarve7.pt\\\/index.php\\\/2021\\\/04\\\/municipio-de-sao-bras-de-alportel-adere-a-campanha-por-um-pais-com-bom-ar\\\/ambiente\\\/13\\\/50\\\/#primaryimage\",\"url\":\"https:\\\/\\\/algarve7.pt\\\/wp-content\\\/uploads\\\/2021\\\/04\\\/SaoBrasAlportel_creditos_RuiSantos.jpg\",\"contentUrl\":\"https:\\\/\\\/algarve7.pt\\\/wp-content\\\/uploads\\\/2021\\\/04\\\/SaoBrasAlportel_creditos_RuiSantos.jpg\",\"width\":1440,\"height\":1080,\"caption\":\"DCIM100MEDIADJI_0011.JPG\"},{\"@type\":\"BreadcrumbList\",\"@id\":\"https:\\\/\\\/algarve7.pt\\\/index.php\\\/2021\\\/04\\\/municipio-de-sao-bras-de-alportel-adere-a-campanha-por-um-pais-com-bom-ar\\\/ambiente\\\/13\\\/50\\\/#breadcrumb\",\"itemListElement\":[{\"@type\":\"ListItem\",\"position\":1,\"name\":\"In\u00edcio\",\"item\":\"https:\\\/\\\/algarve7.pt\\\/\"},{\"@type\":\"ListItem\",\"position\":2,\"name\":\"Munic\u00edpio de S\u00e3o Br\u00e1s de Alportel adere \u00e0 campanha \u201cpor um pa\u00eds com bom ar\u201d\"}]},{\"@type\":\"WebSite\",\"@id\":\"https:\\\/\\\/algarve7.pt\\\/#website\",\"url\":\"https:\\\/\\\/algarve7.pt\\\/\",\"name\":\"Algarve 7\",\"description\":\"Informa\u00e7\u00e3o sobre o Algarve\",\"publisher\":{\"@id\":\"https:\\\/\\\/algarve7.pt\\\/#organization\"},\"potentialAction\":[{\"@type\":\"SearchAction\",\"target\":{\"@type\":\"EntryPoint\",\"urlTemplate\":\"https:\\\/\\\/algarve7.pt\\\/?s={search_term_string}\"},\"query-input\":{\"@type\":\"PropertyValueSpecification\",\"valueRequired\":true,\"valueName\":\"search_term_string\"}}],\"inLanguage\":\"pt-PT\"},{\"@type\":\"Organization\",\"@id\":\"https:\\\/\\\/algarve7.pt\\\/#organization\",\"name\":\"Algarve 7\",\"url\":\"https:\\\/\\\/algarve7.pt\\\/\",\"logo\":{\"@type\":\"ImageObject\",\"inLanguage\":\"pt-PT\",\"@id\":\"https:\\\/\\\/algarve7.pt\\\/#\\\/schema\\\/logo\\\/image\\\/\",\"url\":\"https:\\\/\\\/algarve7.pt\\\/wp-content\\\/uploads\\\/2020\\\/10\\\/Logo-8.jpg\",\"contentUrl\":\"https:\\\/\\\/algarve7.pt\\\/wp-content\\\/uploads\\\/2020\\\/10\\\/Logo-8.jpg\",\"width\":1680,\"height\":1186,\"caption\":\"Algarve 7\"},\"image\":{\"@id\":\"https:\\\/\\\/algarve7.pt\\\/#\\\/schema\\\/logo\\\/image\\\/\"},\"sameAs\":[\"https:\\\/\\\/www.facebook.com\\\/algarve7\",\"https:\\\/\\\/x.com\\\/Algarvesete\",\"https:\\\/\\\/www.instagram.com\\\/jornalalgarve7\\\/\",\"https:\\\/\\\/www.linkedin.com\\\/company\\\/algarve7\",\"https:\\\/\\\/www.pinterest.pt\\\/geral0939\\\/_created\\\/\"]},{\"@type\":\"Person\",\"@id\":\"https:\\\/\\\/algarve7.pt\\\/#\\\/schema\\\/person\\\/23fa70681308e7b319a3204bcea45e0c\",\"name\":\"Algarve 7\",\"sameAs\":[\"https:\\\/\\\/algarve7.pt\",\"https:\\\/\\\/www.facebook.com\\\/algarve7\"],\"url\":\"https:\\\/\\\/algarve7.pt\\\/index.php\\\/author\\\/geralalgarve7-pt\\\/\"}]}<\/script>\n<!-- \/ Yoast SEO plugin. -->","yoast_head_json":{"title":"Munic\u00edpio de S\u00e3o Br\u00e1s de Alportel adere \u00e0 campanha \u201cpor um pa\u00eds com bom ar\u201d - Algarve 7","description":"Munic\u00edpio de S\u00e3o Br\u00e1s de Alportel adere \u00e0 campanha \u201cpor um pa\u00eds com bom ar\u201d Ambiente","robots":{"index":"index","follow":"follow","max-snippet":"max-snippet:-1","max-image-preview":"max-image-preview:large","max-video-preview":"max-video-preview:-1"},"canonical":"https:\/\/algarve7.pt\/index.php\/2021\/04\/municipio-de-sao-bras-de-alportel-adere-a-campanha-por-um-pais-com-bom-ar\/ambiente\/13\/50\/","og_locale":"pt_PT","og_type":"article","og_title":"Munic\u00edpio de S\u00e3o Br\u00e1s de Alportel adere \u00e0 campanha \u201cpor um pa\u00eds com bom ar\u201d - Algarve 7","og_description":"Munic\u00edpio de S\u00e3o Br\u00e1s de Alportel adere \u00e0 campanha \u201cpor um pa\u00eds com bom ar\u201d Ambiente","og_url":"https:\/\/algarve7.pt\/index.php\/2021\/04\/municipio-de-sao-bras-de-alportel-adere-a-campanha-por-um-pais-com-bom-ar\/ambiente\/13\/50\/","og_site_name":"Algarve 7","article_publisher":"https:\/\/www.facebook.com\/algarve7","article_author":"https:\/\/www.facebook.com\/algarve7","article_published_time":"2021-04-12T12:50:03+00:00","article_modified_time":"2021-04-12T12:50:07+00:00","og_image":[{"width":1440,"height":1080,"url":"https:\/\/algarve7.pt\/wp-content\/uploads\/2021\/04\/SaoBrasAlportel_creditos_RuiSantos.jpg","type":"image\/jpeg"}],"author":"Algarve 7","twitter_card":"summary_large_image","twitter_creator":"@Algarvesete","twitter_site":"@Algarvesete","twitter_misc":{"Escrito por":"Algarve 7","Tempo estimado de leitura":"5 minutos"},"schema":{"@context":"https:\/\/schema.org","@graph":[{"@type":"Article","@id":"https:\/\/algarve7.pt\/index.php\/2021\/04\/municipio-de-sao-bras-de-alportel-adere-a-campanha-por-um-pais-com-bom-ar\/ambiente\/13\/50\/#article","isPartOf":{"@id":"https:\/\/algarve7.pt\/index.php\/2021\/04\/municipio-de-sao-bras-de-alportel-adere-a-campanha-por-um-pais-com-bom-ar\/ambiente\/13\/50\/"},"author":{"name":"Algarve 7","@id":"https:\/\/algarve7.pt\/#\/schema\/person\/23fa70681308e7b319a3204bcea45e0c"},"headline":"Munic\u00edpio de S\u00e3o Br\u00e1s de Alportel adere \u00e0 campanha \u201cpor um pa\u00eds com bom ar\u201d","datePublished":"2021-04-12T12:50:03+00:00","dateModified":"2021-04-12T12:50:07+00:00","mainEntityOfPage":{"@id":"https:\/\/algarve7.pt\/index.php\/2021\/04\/municipio-de-sao-bras-de-alportel-adere-a-campanha-por-um-pais-com-bom-ar\/ambiente\/13\/50\/"},"wordCount":1156,"publisher":{"@id":"https:\/\/algarve7.pt\/#organization"},"image":{"@id":"https:\/\/algarve7.pt\/index.php\/2021\/04\/municipio-de-sao-bras-de-alportel-adere-a-campanha-por-um-pais-com-bom-ar\/ambiente\/13\/50\/#primaryimage"},"thumbnailUrl":"https:\/\/algarve7.pt\/wp-content\/uploads\/2021\/04\/SaoBrasAlportel_creditos_RuiSantos.jpg","keywords":["Algarve","Ambiente","S\u00e3o Br\u00e1s de Alportel"],"articleSection":["Ambiente"],"inLanguage":"pt-PT"},{"@type":"WebPage","@id":"https:\/\/algarve7.pt\/index.php\/2021\/04\/municipio-de-sao-bras-de-alportel-adere-a-campanha-por-um-pais-com-bom-ar\/ambiente\/13\/50\/","url":"https:\/\/algarve7.pt\/index.php\/2021\/04\/municipio-de-sao-bras-de-alportel-adere-a-campanha-por-um-pais-com-bom-ar\/ambiente\/13\/50\/","name":"Munic\u00edpio de S\u00e3o Br\u00e1s de Alportel adere \u00e0 campanha \u201cpor um pa\u00eds com bom ar\u201d - Algarve 7","isPartOf":{"@id":"https:\/\/algarve7.pt\/#website"},"primaryImageOfPage":{"@id":"https:\/\/algarve7.pt\/index.php\/2021\/04\/municipio-de-sao-bras-de-alportel-adere-a-campanha-por-um-pais-com-bom-ar\/ambiente\/13\/50\/#primaryimage"},"image":{"@id":"https:\/\/algarve7.pt\/index.php\/2021\/04\/municipio-de-sao-bras-de-alportel-adere-a-campanha-por-um-pais-com-bom-ar\/ambiente\/13\/50\/#primaryimage"},"thumbnailUrl":"https:\/\/algarve7.pt\/wp-content\/uploads\/2021\/04\/SaoBrasAlportel_creditos_RuiSantos.jpg","datePublished":"2021-04-12T12:50:03+00:00","dateModified":"2021-04-12T12:50:07+00:00","description":"Munic\u00edpio de S\u00e3o Br\u00e1s de Alportel adere \u00e0 campanha \u201cpor um pa\u00eds com bom ar\u201d Ambiente","breadcrumb":{"@id":"https:\/\/algarve7.pt\/index.php\/2021\/04\/municipio-de-sao-bras-de-alportel-adere-a-campanha-por-um-pais-com-bom-ar\/ambiente\/13\/50\/#breadcrumb"},"inLanguage":"pt-PT","potentialAction":[{"@type":"ReadAction","target":["https:\/\/algarve7.pt\/index.php\/2021\/04\/municipio-de-sao-bras-de-alportel-adere-a-campanha-por-um-pais-com-bom-ar\/ambiente\/13\/50\/"]}]},{"@type":"ImageObject","inLanguage":"pt-PT","@id":"https:\/\/algarve7.pt\/index.php\/2021\/04\/municipio-de-sao-bras-de-alportel-adere-a-campanha-por-um-pais-com-bom-ar\/ambiente\/13\/50\/#primaryimage","url":"https:\/\/algarve7.pt\/wp-content\/uploads\/2021\/04\/SaoBrasAlportel_creditos_RuiSantos.jpg","contentUrl":"https:\/\/algarve7.pt\/wp-content\/uploads\/2021\/04\/SaoBrasAlportel_creditos_RuiSantos.jpg","width":1440,"height":1080,"caption":"DCIM100MEDIADJI_0011.JPG"},{"@type":"BreadcrumbList","@id":"https:\/\/algarve7.pt\/index.php\/2021\/04\/municipio-de-sao-bras-de-alportel-adere-a-campanha-por-um-pais-com-bom-ar\/ambiente\/13\/50\/#breadcrumb","itemListElement":[{"@type":"ListItem","position":1,"name":"In\u00edcio","item":"https:\/\/algarve7.pt\/"},{"@type":"ListItem","position":2,"name":"Munic\u00edpio de S\u00e3o Br\u00e1s de Alportel adere \u00e0 campanha \u201cpor um pa\u00eds com bom ar\u201d"}]},{"@type":"WebSite","@id":"https:\/\/algarve7.pt\/#website","url":"https:\/\/algarve7.pt\/","name":"Algarve 7","description":"Informa\u00e7\u00e3o sobre o Algarve","publisher":{"@id":"https:\/\/algarve7.pt\/#organization"},"potentialAction":[{"@type":"SearchAction","target":{"@type":"EntryPoint","urlTemplate":"https:\/\/algarve7.pt\/?s={search_term_string}"},"query-input":{"@type":"PropertyValueSpecification","valueRequired":true,"valueName":"search_term_string"}}],"inLanguage":"pt-PT"},{"@type":"Organization","@id":"https:\/\/algarve7.pt\/#organization","name":"Algarve 7","url":"https:\/\/algarve7.pt\/","logo":{"@type":"ImageObject","inLanguage":"pt-PT","@id":"https:\/\/algarve7.pt\/#\/schema\/logo\/image\/","url":"https:\/\/algarve7.pt\/wp-content\/uploads\/2020\/10\/Logo-8.jpg","contentUrl":"https:\/\/algarve7.pt\/wp-content\/uploads\/2020\/10\/Logo-8.jpg","width":1680,"height":1186,"caption":"Algarve 7"},"image":{"@id":"https:\/\/algarve7.pt\/#\/schema\/logo\/image\/"},"sameAs":["https:\/\/www.facebook.com\/algarve7","https:\/\/x.com\/Algarvesete","https:\/\/www.instagram.com\/jornalalgarve7\/","https:\/\/www.linkedin.com\/company\/algarve7","https:\/\/www.pinterest.pt\/geral0939\/_created\/"]},{"@type":"Person","@id":"https:\/\/algarve7.pt\/#\/schema\/person\/23fa70681308e7b319a3204bcea45e0c","name":"Algarve 7","sameAs":["https:\/\/algarve7.pt","https:\/\/www.facebook.com\/algarve7"],"url":"https:\/\/algarve7.pt\/index.php\/author\/geralalgarve7-pt\/"}]}},"jetpack_publicize_connections":[],"jetpack_featured_media_url":"https:\/\/algarve7.pt\/wp-content\/uploads\/2021\/04\/SaoBrasAlportel_creditos_RuiSantos.jpg","jetpack_shortlink":"https:\/\/wp.me\/pcezmW-1Xz","jetpack_sharing_enabled":true,"_links":{"self":[{"href":"https:\/\/algarve7.pt\/index.php\/wp-json\/wp\/v2\/posts\/7537","targetHints":{"allow":["GET"]}}],"collection":[{"href":"https:\/\/algarve7.pt\/index.php\/wp-json\/wp\/v2\/posts"}],"about":[{"href":"https:\/\/algarve7.pt\/index.php\/wp-json\/wp\/v2\/types\/post"}],"author":[{"embeddable":true,"href":"https:\/\/algarve7.pt\/index.php\/wp-json\/wp\/v2\/users\/1"}],"replies":[{"embeddable":true,"href":"https:\/\/algarve7.pt\/index.php\/wp-json\/wp\/v2\/comments?post=7537"}],"version-history":[{"count":0,"href":"https:\/\/algarve7.pt\/index.php\/wp-json\/wp\/v2\/posts\/7537\/revisions"}],"wp:featuredmedia":[{"embeddable":true,"href":"https:\/\/algarve7.pt\/index.php\/wp-json\/wp\/v2\/media\/7538"}],"wp:attachment":[{"href":"https:\/\/algarve7.pt\/index.php\/wp-json\/wp\/v2\/media?parent=7537"}],"wp:term":[{"taxonomy":"category","embeddable":true,"href":"https:\/\/algarve7.pt\/index.php\/wp-json\/wp\/v2\/categories?post=7537"},{"taxonomy":"post_tag","embeddable":true,"href":"https:\/\/algarve7.pt\/index.php\/wp-json\/wp\/v2\/tags?post=7537"}],"curies":[{"name":"wp","href":"https:\/\/api.w.org\/{rel}","templated":true}]}}