{"id":7534,"date":"2021-04-12T13:45:00","date_gmt":"2021-04-12T12:45:00","guid":{"rendered":"https:\/\/algarve7.pt\/?p=7534"},"modified":"2021-04-12T13:33:10","modified_gmt":"2021-04-12T12:33:10","slug":"projeto-camaleao-inicia-trabalhos-no-algarve","status":"publish","type":"post","link":"https:\/\/algarve7.pt\/index.php\/2021\/04\/projeto-camaleao-inicia-trabalhos-no-algarve\/ambiente\/13\/45\/","title":{"rendered":"Projeto Camale\u00e3o inicia trabalhos no Algarve"},"content":{"rendered":"\n<p>O \u00abProjeto Camale\u00e3o\u00bb \u00e9 a concretiza\u00e7\u00e3o de uma ideia vencedora da edi\u00e7\u00e3o de 2019 do Or\u00e7amento Participativo Jovem Portugal denominada \u00abCentro de Recupera\u00e7\u00e3o e Investiga\u00e7\u00e3o do Camale\u00e3o do Algarve\u00bb, apresentada com o objetivo de promover a conserva\u00e7\u00e3o desta esp\u00e9cie emblem\u00e1tica.<\/p>\n\n\n\n<p>Para a concretiza\u00e7\u00e3o deste projeto o Instituto Portugu\u00eas do Desporto e da Juventude, atrav\u00e9s da Dire\u00e7\u00e3o Regional do Algarve promoveu o estabelecimento de uma ampla parceria de \u00e2mbito regional envolvendo os Munic\u00edpios de Loul\u00e9, Faro, Olh\u00e3o, Tavira, Castro Marim e Vila Real de Santo Ant\u00f3nio, a Universidade do Algarve e o Instituto da Conserva\u00e7\u00e3o da Natureza e das Florestas. A execu\u00e7\u00e3o t\u00e9cnica deste projeto, que decorrer\u00e1 em todo o sotavento algarvio ao longo de um ano&nbsp;com um or\u00e7amento de 60.000\u20ac, foi atribu\u00edda \u00e0 Associa\u00e7\u00e3o Vita Nativa.<\/p>\n\n\n\n<p>Quais os objetivos que esperamos alcan\u00e7ar?<\/p>\n\n\n\n<p>Atrav\u00e9s da sensibiliza\u00e7\u00e3o da comunidade para a import\u00e2ncia do camale\u00e3o-comum (Chamaeleo chamaeleon) e dos seus fatores de amea\u00e7as, tencionamos contribuir para a sua conserva\u00e7\u00e3o a longo prazo. Queremos tamb\u00e9m melhorar o conhecimento sobre a distribui\u00e7\u00e3o geogr\u00e1fica e biologia desta esp\u00e9cie t\u00e3o ic\u00f3nica do Algarve, seja contando com a colabora\u00e7\u00e3o da popula\u00e7\u00e3o seja promovendo a realiza\u00e7\u00e3o de trabalhos cient\u00edficos.<\/p>\n\n\n\n<p>Que a\u00e7\u00f5es est\u00e3o previstas?<\/p>\n\n\n\n<p>Ao longo de um ano ser\u00e1 dinamizada uma campanha de sensibiliza\u00e7\u00e3o ambiental abrangente, direcionada n\u00e3o s\u00f3 \u00e0 comunidade algarvia, mas tamb\u00e9m aos visitantes da regi\u00e3o. Ser\u00e1 criado o \u00abCentro de Interpreta\u00e7\u00e3o do Camale\u00e3o\u00bb, em Olh\u00e3o, que pretender\u00e1 dar a conhecer a esp\u00e9cie e promover o conhecimento cient\u00edfico sobre a sua ecologia. O projeto ambiciona ainda que a sociedade contribua ativamente para a melhoria deste conhecimento, atrav\u00e9s da participa\u00e7\u00e3o numa campanha de ci\u00eancia-cidad\u00e3 onde ser\u00e1 poss\u00edvel registar as observa\u00e7\u00f5es de camale\u00e3o. De forma a ser poss\u00edvel melhorar a recupera\u00e7\u00e3o de camale\u00f5es encontrados feridos ou debilitados, ser\u00e1 capacitado o Centro de Recupera\u00e7\u00e3o e Investiga\u00e7\u00e3o de Animais Selvagens (RIAS), atrav\u00e9s da melhoria de infraestruturas adequadas \u00e0 esp\u00e9cie.<\/p>\n\n\n\n<p>Como ajudar?<\/p>\n\n\n\n<p>Caso aviste um camale\u00e3o, pode fazer o registo da sua observa\u00e7\u00e3o diretamente na p\u00e1gina do projeto (<a href=\"http:\/\/www.vitanativa.org\/camaleao\" target=\"_blank\" rel=\"noreferrer noopener\">www.vitanativa.org\/camaleao<\/a>), enviar a informa\u00e7\u00e3o para\u00a0<a href=\"http:\/\/camale\u00e3o@vitanativa.org\" target=\"_blank\" rel=\"noreferrer noopener\">camale\u00e3o@vitanativa.org\u00a0<\/a>ou ainda atrav\u00e9s das redes sociais da Associa\u00e7\u00e3o Vita Nativa. Torne- se um cidad\u00e3o-cientista e colabore neste projeto!<\/p>\n","protected":false},"excerpt":{"rendered":"<p>O \u00abProjeto Camale\u00e3o\u00bb \u00e9 a concretiza\u00e7\u00e3o de uma ideia vencedora da edi\u00e7\u00e3o de 2019 do Or\u00e7amento Participativo Jovem Portugal denominada<\/p>\n","protected":false},"author":1,"featured_media":7535,"comment_status":"closed","ping_status":"open","sticky":false,"template":"","format":"standard","meta":{"colormag_page_container_layout":"default_layout","colormag_page_sidebar_layout":"default_layout","_monsterinsights_skip_tracking":false,"_monsterinsights_sitenote_active":false,"_monsterinsights_sitenote_note":"","_monsterinsights_sitenote_category":0,"jetpack_post_was_ever_published":false,"_jetpack_newsletter_access":"","_jetpack_dont_email_post_to_subs":false,"_jetpack_newsletter_tier_id":0,"_jetpack_memberships_contains_paywalled_content":false,"_jetpack_memberships_contains_paid_content":false,"footnotes":"","jetpack_publicize_message":"","jetpack_publicize_feature_enabled":true,"jetpack_social_post_already_shared":true,"jetpack_social_options":{"image_generator_settings":{"template":"highway","default_image_id":0,"font":"","enabled":false},"version":2}},"categories":[5],"tags":[36,32],"class_list":["post-7534","post","type-post","status-publish","format-standard","has-post-thumbnail","hentry","category-ambiente","tag-algarve","tag-ambiente"],"yoast_head":"<!-- This site is optimized with the Yoast SEO plugin v27.5 - https:\/\/yoast.com\/product\/yoast-seo-wordpress\/ -->\n<title>Projeto Camale\u00e3o inicia trabalhos no Algarve - Algarve 7<\/title>\n<meta name=\"description\" content=\"Projeto Camale\u00e3o inicia trabalhos no Algarve Ambiente\" \/>\n<meta name=\"robots\" content=\"index, follow, max-snippet:-1, max-image-preview:large, max-video-preview:-1\" \/>\n<link rel=\"canonical\" href=\"https:\/\/algarve7.pt\/index.php\/2021\/04\/projeto-camaleao-inicia-trabalhos-no-algarve\/ambiente\/13\/45\/\" \/>\n<meta property=\"og:locale\" content=\"pt_PT\" \/>\n<meta property=\"og:type\" content=\"article\" \/>\n<meta property=\"og:title\" content=\"Projeto Camale\u00e3o inicia trabalhos no Algarve - Algarve 7\" \/>\n<meta property=\"og:description\" content=\"Projeto Camale\u00e3o inicia trabalhos no Algarve Ambiente\" \/>\n<meta property=\"og:url\" content=\"https:\/\/algarve7.pt\/index.php\/2021\/04\/projeto-camaleao-inicia-trabalhos-no-algarve\/ambiente\/13\/45\/\" \/>\n<meta property=\"og:site_name\" content=\"Algarve 7\" \/>\n<meta property=\"article:publisher\" content=\"https:\/\/www.facebook.com\/algarve7\" \/>\n<meta property=\"article:author\" content=\"https:\/\/www.facebook.com\/algarve7\" \/>\n<meta property=\"article:published_time\" content=\"2021-04-12T12:45:00+00:00\" \/>\n<meta property=\"og:image\" content=\"https:\/\/algarve7.pt\/wp-content\/uploads\/2021\/04\/PROJETOCAMALEAO_Policromatica.jpg\" \/>\n\t<meta property=\"og:image:width\" content=\"1920\" \/>\n\t<meta property=\"og:image:height\" content=\"1358\" \/>\n\t<meta property=\"og:image:type\" content=\"image\/jpeg\" \/>\n<meta name=\"author\" content=\"Algarve 7\" \/>\n<meta name=\"twitter:card\" content=\"summary_large_image\" \/>\n<meta name=\"twitter:creator\" content=\"@Algarvesete\" \/>\n<meta name=\"twitter:site\" content=\"@Algarvesete\" \/>\n<meta name=\"twitter:label1\" content=\"Escrito por\" \/>\n\t<meta name=\"twitter:data1\" content=\"Algarve 7\" \/>\n\t<meta name=\"twitter:label2\" content=\"Tempo estimado de leitura\" \/>\n\t<meta name=\"twitter:data2\" content=\"2 minutos\" \/>\n<script type=\"application\/ld+json\" class=\"yoast-schema-graph\">{\"@context\":\"https:\\\/\\\/schema.org\",\"@graph\":[{\"@type\":\"Article\",\"@id\":\"https:\\\/\\\/algarve7.pt\\\/index.php\\\/2021\\\/04\\\/projeto-camaleao-inicia-trabalhos-no-algarve\\\/ambiente\\\/13\\\/45\\\/#article\",\"isPartOf\":{\"@id\":\"https:\\\/\\\/algarve7.pt\\\/index.php\\\/2021\\\/04\\\/projeto-camaleao-inicia-trabalhos-no-algarve\\\/ambiente\\\/13\\\/45\\\/\"},\"author\":{\"name\":\"Algarve 7\",\"@id\":\"https:\\\/\\\/algarve7.pt\\\/#\\\/schema\\\/person\\\/23fa70681308e7b319a3204bcea45e0c\"},\"headline\":\"Projeto Camale\u00e3o inicia trabalhos no Algarve\",\"datePublished\":\"2021-04-12T12:45:00+00:00\",\"mainEntityOfPage\":{\"@id\":\"https:\\\/\\\/algarve7.pt\\\/index.php\\\/2021\\\/04\\\/projeto-camaleao-inicia-trabalhos-no-algarve\\\/ambiente\\\/13\\\/45\\\/\"},\"wordCount\":430,\"publisher\":{\"@id\":\"https:\\\/\\\/algarve7.pt\\\/#organization\"},\"image\":{\"@id\":\"https:\\\/\\\/algarve7.pt\\\/index.php\\\/2021\\\/04\\\/projeto-camaleao-inicia-trabalhos-no-algarve\\\/ambiente\\\/13\\\/45\\\/#primaryimage\"},\"thumbnailUrl\":\"https:\\\/\\\/algarve7.pt\\\/wp-content\\\/uploads\\\/2021\\\/04\\\/PROJETOCAMALEAO_Policromatica.jpg\",\"keywords\":[\"Algarve\",\"Ambiente\"],\"articleSection\":[\"Ambiente\"],\"inLanguage\":\"pt-PT\"},{\"@type\":\"WebPage\",\"@id\":\"https:\\\/\\\/algarve7.pt\\\/index.php\\\/2021\\\/04\\\/projeto-camaleao-inicia-trabalhos-no-algarve\\\/ambiente\\\/13\\\/45\\\/\",\"url\":\"https:\\\/\\\/algarve7.pt\\\/index.php\\\/2021\\\/04\\\/projeto-camaleao-inicia-trabalhos-no-algarve\\\/ambiente\\\/13\\\/45\\\/\",\"name\":\"Projeto Camale\u00e3o inicia trabalhos no Algarve - Algarve 7\",\"isPartOf\":{\"@id\":\"https:\\\/\\\/algarve7.pt\\\/#website\"},\"primaryImageOfPage\":{\"@id\":\"https:\\\/\\\/algarve7.pt\\\/index.php\\\/2021\\\/04\\\/projeto-camaleao-inicia-trabalhos-no-algarve\\\/ambiente\\\/13\\\/45\\\/#primaryimage\"},\"image\":{\"@id\":\"https:\\\/\\\/algarve7.pt\\\/index.php\\\/2021\\\/04\\\/projeto-camaleao-inicia-trabalhos-no-algarve\\\/ambiente\\\/13\\\/45\\\/#primaryimage\"},\"thumbnailUrl\":\"https:\\\/\\\/algarve7.pt\\\/wp-content\\\/uploads\\\/2021\\\/04\\\/PROJETOCAMALEAO_Policromatica.jpg\",\"datePublished\":\"2021-04-12T12:45:00+00:00\",\"description\":\"Projeto Camale\u00e3o inicia trabalhos no Algarve Ambiente\",\"breadcrumb\":{\"@id\":\"https:\\\/\\\/algarve7.pt\\\/index.php\\\/2021\\\/04\\\/projeto-camaleao-inicia-trabalhos-no-algarve\\\/ambiente\\\/13\\\/45\\\/#breadcrumb\"},\"inLanguage\":\"pt-PT\",\"potentialAction\":[{\"@type\":\"ReadAction\",\"target\":[\"https:\\\/\\\/algarve7.pt\\\/index.php\\\/2021\\\/04\\\/projeto-camaleao-inicia-trabalhos-no-algarve\\\/ambiente\\\/13\\\/45\\\/\"]}]},{\"@type\":\"ImageObject\",\"inLanguage\":\"pt-PT\",\"@id\":\"https:\\\/\\\/algarve7.pt\\\/index.php\\\/2021\\\/04\\\/projeto-camaleao-inicia-trabalhos-no-algarve\\\/ambiente\\\/13\\\/45\\\/#primaryimage\",\"url\":\"https:\\\/\\\/algarve7.pt\\\/wp-content\\\/uploads\\\/2021\\\/04\\\/PROJETOCAMALEAO_Policromatica.jpg\",\"contentUrl\":\"https:\\\/\\\/algarve7.pt\\\/wp-content\\\/uploads\\\/2021\\\/04\\\/PROJETOCAMALEAO_Policromatica.jpg\",\"width\":1920,\"height\":1358},{\"@type\":\"BreadcrumbList\",\"@id\":\"https:\\\/\\\/algarve7.pt\\\/index.php\\\/2021\\\/04\\\/projeto-camaleao-inicia-trabalhos-no-algarve\\\/ambiente\\\/13\\\/45\\\/#breadcrumb\",\"itemListElement\":[{\"@type\":\"ListItem\",\"position\":1,\"name\":\"In\u00edcio\",\"item\":\"https:\\\/\\\/algarve7.pt\\\/\"},{\"@type\":\"ListItem\",\"position\":2,\"name\":\"Projeto Camale\u00e3o inicia trabalhos no Algarve\"}]},{\"@type\":\"WebSite\",\"@id\":\"https:\\\/\\\/algarve7.pt\\\/#website\",\"url\":\"https:\\\/\\\/algarve7.pt\\\/\",\"name\":\"Algarve 7\",\"description\":\"Informa\u00e7\u00e3o sobre o Algarve\",\"publisher\":{\"@id\":\"https:\\\/\\\/algarve7.pt\\\/#organization\"},\"potentialAction\":[{\"@type\":\"SearchAction\",\"target\":{\"@type\":\"EntryPoint\",\"urlTemplate\":\"https:\\\/\\\/algarve7.pt\\\/?s={search_term_string}\"},\"query-input\":{\"@type\":\"PropertyValueSpecification\",\"valueRequired\":true,\"valueName\":\"search_term_string\"}}],\"inLanguage\":\"pt-PT\"},{\"@type\":\"Organization\",\"@id\":\"https:\\\/\\\/algarve7.pt\\\/#organization\",\"name\":\"Algarve 7\",\"url\":\"https:\\\/\\\/algarve7.pt\\\/\",\"logo\":{\"@type\":\"ImageObject\",\"inLanguage\":\"pt-PT\",\"@id\":\"https:\\\/\\\/algarve7.pt\\\/#\\\/schema\\\/logo\\\/image\\\/\",\"url\":\"https:\\\/\\\/algarve7.pt\\\/wp-content\\\/uploads\\\/2020\\\/10\\\/Logo-8.jpg\",\"contentUrl\":\"https:\\\/\\\/algarve7.pt\\\/wp-content\\\/uploads\\\/2020\\\/10\\\/Logo-8.jpg\",\"width\":1680,\"height\":1186,\"caption\":\"Algarve 7\"},\"image\":{\"@id\":\"https:\\\/\\\/algarve7.pt\\\/#\\\/schema\\\/logo\\\/image\\\/\"},\"sameAs\":[\"https:\\\/\\\/www.facebook.com\\\/algarve7\",\"https:\\\/\\\/x.com\\\/Algarvesete\",\"https:\\\/\\\/www.instagram.com\\\/jornalalgarve7\\\/\",\"https:\\\/\\\/www.linkedin.com\\\/company\\\/algarve7\",\"https:\\\/\\\/www.pinterest.pt\\\/geral0939\\\/_created\\\/\"]},{\"@type\":\"Person\",\"@id\":\"https:\\\/\\\/algarve7.pt\\\/#\\\/schema\\\/person\\\/23fa70681308e7b319a3204bcea45e0c\",\"name\":\"Algarve 7\",\"sameAs\":[\"https:\\\/\\\/algarve7.pt\",\"https:\\\/\\\/www.facebook.com\\\/algarve7\"],\"url\":\"https:\\\/\\\/algarve7.pt\\\/index.php\\\/author\\\/geralalgarve7-pt\\\/\"}]}<\/script>\n<!-- \/ Yoast SEO plugin. -->","yoast_head_json":{"title":"Projeto Camale\u00e3o inicia trabalhos no Algarve - Algarve 7","description":"Projeto Camale\u00e3o inicia trabalhos no Algarve Ambiente","robots":{"index":"index","follow":"follow","max-snippet":"max-snippet:-1","max-image-preview":"max-image-preview:large","max-video-preview":"max-video-preview:-1"},"canonical":"https:\/\/algarve7.pt\/index.php\/2021\/04\/projeto-camaleao-inicia-trabalhos-no-algarve\/ambiente\/13\/45\/","og_locale":"pt_PT","og_type":"article","og_title":"Projeto Camale\u00e3o inicia trabalhos no Algarve - Algarve 7","og_description":"Projeto Camale\u00e3o inicia trabalhos no Algarve Ambiente","og_url":"https:\/\/algarve7.pt\/index.php\/2021\/04\/projeto-camaleao-inicia-trabalhos-no-algarve\/ambiente\/13\/45\/","og_site_name":"Algarve 7","article_publisher":"https:\/\/www.facebook.com\/algarve7","article_author":"https:\/\/www.facebook.com\/algarve7","article_published_time":"2021-04-12T12:45:00+00:00","og_image":[{"width":1920,"height":1358,"url":"https:\/\/algarve7.pt\/wp-content\/uploads\/2021\/04\/PROJETOCAMALEAO_Policromatica.jpg","type":"image\/jpeg"}],"author":"Algarve 7","twitter_card":"summary_large_image","twitter_creator":"@Algarvesete","twitter_site":"@Algarvesete","twitter_misc":{"Escrito por":"Algarve 7","Tempo estimado de leitura":"2 minutos"},"schema":{"@context":"https:\/\/schema.org","@graph":[{"@type":"Article","@id":"https:\/\/algarve7.pt\/index.php\/2021\/04\/projeto-camaleao-inicia-trabalhos-no-algarve\/ambiente\/13\/45\/#article","isPartOf":{"@id":"https:\/\/algarve7.pt\/index.php\/2021\/04\/projeto-camaleao-inicia-trabalhos-no-algarve\/ambiente\/13\/45\/"},"author":{"name":"Algarve 7","@id":"https:\/\/algarve7.pt\/#\/schema\/person\/23fa70681308e7b319a3204bcea45e0c"},"headline":"Projeto Camale\u00e3o inicia trabalhos no Algarve","datePublished":"2021-04-12T12:45:00+00:00","mainEntityOfPage":{"@id":"https:\/\/algarve7.pt\/index.php\/2021\/04\/projeto-camaleao-inicia-trabalhos-no-algarve\/ambiente\/13\/45\/"},"wordCount":430,"publisher":{"@id":"https:\/\/algarve7.pt\/#organization"},"image":{"@id":"https:\/\/algarve7.pt\/index.php\/2021\/04\/projeto-camaleao-inicia-trabalhos-no-algarve\/ambiente\/13\/45\/#primaryimage"},"thumbnailUrl":"https:\/\/algarve7.pt\/wp-content\/uploads\/2021\/04\/PROJETOCAMALEAO_Policromatica.jpg","keywords":["Algarve","Ambiente"],"articleSection":["Ambiente"],"inLanguage":"pt-PT"},{"@type":"WebPage","@id":"https:\/\/algarve7.pt\/index.php\/2021\/04\/projeto-camaleao-inicia-trabalhos-no-algarve\/ambiente\/13\/45\/","url":"https:\/\/algarve7.pt\/index.php\/2021\/04\/projeto-camaleao-inicia-trabalhos-no-algarve\/ambiente\/13\/45\/","name":"Projeto Camale\u00e3o inicia trabalhos no Algarve - Algarve 7","isPartOf":{"@id":"https:\/\/algarve7.pt\/#website"},"primaryImageOfPage":{"@id":"https:\/\/algarve7.pt\/index.php\/2021\/04\/projeto-camaleao-inicia-trabalhos-no-algarve\/ambiente\/13\/45\/#primaryimage"},"image":{"@id":"https:\/\/algarve7.pt\/index.php\/2021\/04\/projeto-camaleao-inicia-trabalhos-no-algarve\/ambiente\/13\/45\/#primaryimage"},"thumbnailUrl":"https:\/\/algarve7.pt\/wp-content\/uploads\/2021\/04\/PROJETOCAMALEAO_Policromatica.jpg","datePublished":"2021-04-12T12:45:00+00:00","description":"Projeto Camale\u00e3o inicia trabalhos no Algarve Ambiente","breadcrumb":{"@id":"https:\/\/algarve7.pt\/index.php\/2021\/04\/projeto-camaleao-inicia-trabalhos-no-algarve\/ambiente\/13\/45\/#breadcrumb"},"inLanguage":"pt-PT","potentialAction":[{"@type":"ReadAction","target":["https:\/\/algarve7.pt\/index.php\/2021\/04\/projeto-camaleao-inicia-trabalhos-no-algarve\/ambiente\/13\/45\/"]}]},{"@type":"ImageObject","inLanguage":"pt-PT","@id":"https:\/\/algarve7.pt\/index.php\/2021\/04\/projeto-camaleao-inicia-trabalhos-no-algarve\/ambiente\/13\/45\/#primaryimage","url":"https:\/\/algarve7.pt\/wp-content\/uploads\/2021\/04\/PROJETOCAMALEAO_Policromatica.jpg","contentUrl":"https:\/\/algarve7.pt\/wp-content\/uploads\/2021\/04\/PROJETOCAMALEAO_Policromatica.jpg","width":1920,"height":1358},{"@type":"BreadcrumbList","@id":"https:\/\/algarve7.pt\/index.php\/2021\/04\/projeto-camaleao-inicia-trabalhos-no-algarve\/ambiente\/13\/45\/#breadcrumb","itemListElement":[{"@type":"ListItem","position":1,"name":"In\u00edcio","item":"https:\/\/algarve7.pt\/"},{"@type":"ListItem","position":2,"name":"Projeto Camale\u00e3o inicia trabalhos no Algarve"}]},{"@type":"WebSite","@id":"https:\/\/algarve7.pt\/#website","url":"https:\/\/algarve7.pt\/","name":"Algarve 7","description":"Informa\u00e7\u00e3o sobre o Algarve","publisher":{"@id":"https:\/\/algarve7.pt\/#organization"},"potentialAction":[{"@type":"SearchAction","target":{"@type":"EntryPoint","urlTemplate":"https:\/\/algarve7.pt\/?s={search_term_string}"},"query-input":{"@type":"PropertyValueSpecification","valueRequired":true,"valueName":"search_term_string"}}],"inLanguage":"pt-PT"},{"@type":"Organization","@id":"https:\/\/algarve7.pt\/#organization","name":"Algarve 7","url":"https:\/\/algarve7.pt\/","logo":{"@type":"ImageObject","inLanguage":"pt-PT","@id":"https:\/\/algarve7.pt\/#\/schema\/logo\/image\/","url":"https:\/\/algarve7.pt\/wp-content\/uploads\/2020\/10\/Logo-8.jpg","contentUrl":"https:\/\/algarve7.pt\/wp-content\/uploads\/2020\/10\/Logo-8.jpg","width":1680,"height":1186,"caption":"Algarve 7"},"image":{"@id":"https:\/\/algarve7.pt\/#\/schema\/logo\/image\/"},"sameAs":["https:\/\/www.facebook.com\/algarve7","https:\/\/x.com\/Algarvesete","https:\/\/www.instagram.com\/jornalalgarve7\/","https:\/\/www.linkedin.com\/company\/algarve7","https:\/\/www.pinterest.pt\/geral0939\/_created\/"]},{"@type":"Person","@id":"https:\/\/algarve7.pt\/#\/schema\/person\/23fa70681308e7b319a3204bcea45e0c","name":"Algarve 7","sameAs":["https:\/\/algarve7.pt","https:\/\/www.facebook.com\/algarve7"],"url":"https:\/\/algarve7.pt\/index.php\/author\/geralalgarve7-pt\/"}]}},"jetpack_publicize_connections":[],"jetpack_featured_media_url":"https:\/\/algarve7.pt\/wp-content\/uploads\/2021\/04\/PROJETOCAMALEAO_Policromatica.jpg","jetpack_shortlink":"https:\/\/wp.me\/pcezmW-1Xw","jetpack_sharing_enabled":true,"_links":{"self":[{"href":"https:\/\/algarve7.pt\/index.php\/wp-json\/wp\/v2\/posts\/7534","targetHints":{"allow":["GET"]}}],"collection":[{"href":"https:\/\/algarve7.pt\/index.php\/wp-json\/wp\/v2\/posts"}],"about":[{"href":"https:\/\/algarve7.pt\/index.php\/wp-json\/wp\/v2\/types\/post"}],"author":[{"embeddable":true,"href":"https:\/\/algarve7.pt\/index.php\/wp-json\/wp\/v2\/users\/1"}],"replies":[{"embeddable":true,"href":"https:\/\/algarve7.pt\/index.php\/wp-json\/wp\/v2\/comments?post=7534"}],"version-history":[{"count":0,"href":"https:\/\/algarve7.pt\/index.php\/wp-json\/wp\/v2\/posts\/7534\/revisions"}],"wp:featuredmedia":[{"embeddable":true,"href":"https:\/\/algarve7.pt\/index.php\/wp-json\/wp\/v2\/media\/7535"}],"wp:attachment":[{"href":"https:\/\/algarve7.pt\/index.php\/wp-json\/wp\/v2\/media?parent=7534"}],"wp:term":[{"taxonomy":"category","embeddable":true,"href":"https:\/\/algarve7.pt\/index.php\/wp-json\/wp\/v2\/categories?post=7534"},{"taxonomy":"post_tag","embeddable":true,"href":"https:\/\/algarve7.pt\/index.php\/wp-json\/wp\/v2\/tags?post=7534"}],"curies":[{"name":"wp","href":"https:\/\/api.w.org\/{rel}","templated":true}]}}