{"id":7517,"date":"2021-04-11T09:15:00","date_gmt":"2021-04-11T08:15:00","guid":{"rendered":"https:\/\/algarve7.pt\/?p=7517"},"modified":"2021-04-11T08:56:11","modified_gmt":"2021-04-11T07:56:11","slug":"silves-assinala-25-de-abril-com-programacao-cultural-online","status":"publish","type":"post","link":"https:\/\/algarve7.pt\/index.php\/2021\/04\/silves-assinala-25-de-abril-com-programacao-cultural-online\/atualidade\/09\/15\/","title":{"rendered":"Silves assinala 25 de abril com programa\u00e7\u00e3o cultural online"},"content":{"rendered":"\n<p>O 47.\u00ba anivers\u00e1rio do 25 de Abril e os 45 anos da Constitui\u00e7\u00e3o da Republica Portuguesa ser\u00e3o assinalados pelo Munic\u00edpio de Silves com um conjunto de iniciativas, maioritariamente em formato online. Concertos, a realiza\u00e7\u00e3o de uma mesa redonda, a apresenta\u00e7\u00e3o da obra \u201cAm\u00e1lia Ditadura e Revolu\u00e7\u00e3o &#8211; A Hist\u00f3ria Secreta\u201d e a habitual sess\u00e3o solene s\u00e3o algumas das a\u00e7\u00f5es previstas.<\/p>\n\n\n\n<p>Neste contexto, a Biblioteca Municipal de Silves acolhe at\u00e9 dia 30 de abril a exposi\u00e7\u00e3o \u201cEscritas de Liberdade\u201d, por escritores portugueses do s\u00e9culo XX, mostrando que as palavras ultrapassam regimes e ser\u00e3o para sempre livres.&nbsp;<\/p>\n\n\n\n<p>Dia 23 de abril, Napole\u00e3o Mira ir\u00e1 apresentar, na Biblioteca Municipal de Silves, o livro \u201cAm\u00e1lia Ditadura e Revolu\u00e7\u00e3o &#8211; A Hist\u00f3ria Secreta\u201d, da autoria de Miguel Carvalho. A participa\u00e7\u00e3o de p\u00fablico nesta atividade \u00e9 limitada a 15 pessoas, sendo a mesma transmitida atrav\u00e9s dos canais digitais do Munic\u00edpio.&nbsp;<\/p>\n\n\n\n<p>\u201cA nossa Constitui\u00e7\u00e3o, bloqueio ou oportunidade\u201d \u00e9 o nome da mesa redonda que ir\u00e1 decorrer online no dia 24 de abril, pelas 17h30. S\u00e3o oradores Tiago Fidalgo de Freitas, Jorge Silva Sampaio e Joana Mourinho Salvador. A iniciativa, de \u00edndole online, contar\u00e1 com a modera\u00e7\u00e3o do vereador da C\u00e2mara Municipal de Silves, Maxime Sousa Bispo.<\/p>\n\n\n\n<p>Ainda neste dia, os Cante Andarilho estar\u00e3o em concerto, nos canais digitais do Munic\u00edpio, com \u201cVozes de Abril\u201d, \u00e0s 21h00.<\/p>\n\n\n\n<p>A programa\u00e7\u00e3o do dia 25 de Abril come\u00e7ar\u00e1 com o apontamento musical Silves pela Liberdade, pela Banda da Sociedade Filarm\u00f3nica Silvense, pelas 9h00, seguindo-se a habitual sess\u00e3o solene comemorativa do 47.\u00ba anivers\u00e1rio do 25 de Abril, pelas 10h00. Esta sess\u00e3o, que ser\u00e1 transmitida atrav\u00e9s do facebook do Munic\u00edpio, decorrer\u00e1 no Sal\u00e3o Nobre dos Pa\u00e7os do Concelho, sendo aberta \u00e0 presen\u00e7a de p\u00fablico mediante inscri\u00e7\u00e3o pr\u00e9via para o email\u00a0<a href=\"mailto:assembleia.municipal@cm-silves.pt%20\" target=\"_blank\" rel=\"noreferrer noopener\">assembleia.municipal@cm-silves.pt\u00a0<\/a>\u00a0<\/p>\n\n\n\n<p>As comemora\u00e7\u00f5es deste dia culminar\u00e3o com a transmiss\u00e3o online do concerto \u201cAs Can\u00e7\u00f5es de Abril\u201d, com Domingos Caetano, pelas 21h00.<\/p>\n\n\n\n<p>Recordamos que face \u00e0 atual crise sanit\u00e1ria, estas comemora\u00e7\u00f5es decorrem, pelo segundo ano consecutivo, em formato digital. Para Rosa Palma, Presidente da C\u00e2mara Municipal de Silves, \u201cimporta continuar a valorizar e a vivenciar os valores conquistados atrav\u00e9s da revolu\u00e7\u00e3o de Abril\u201d, pelo que \u201capesar do momento que o pa\u00eds e o mundo atravessam, e no cumprimento das recomenda\u00e7\u00f5es sanit\u00e1rias, o Munic\u00edpio de Silves ir\u00e1 continuar a apostar na dinamiza\u00e7\u00e3o de uma programa\u00e7\u00e3o de Abril, para, mesmo em casa, todos podermos continuar a homenagear e a celebrar os ideais de liberdade conquistados\u201d.<\/p>\n","protected":false},"excerpt":{"rendered":"<p>O 47.\u00ba anivers\u00e1rio do 25 de Abril e os 45 anos da Constitui\u00e7\u00e3o da Republica Portuguesa ser\u00e3o assinalados pelo Munic\u00edpio<\/p>\n","protected":false},"author":1,"featured_media":7518,"comment_status":"closed","ping_status":"open","sticky":false,"template":"","format":"standard","meta":{"colormag_page_container_layout":"default_layout","colormag_page_sidebar_layout":"default_layout","_monsterinsights_skip_tracking":false,"_monsterinsights_sitenote_active":false,"_monsterinsights_sitenote_note":"","_monsterinsights_sitenote_category":0,"jetpack_post_was_ever_published":false,"_jetpack_newsletter_access":"","_jetpack_dont_email_post_to_subs":false,"_jetpack_newsletter_tier_id":0,"_jetpack_memberships_contains_paywalled_content":false,"_jetpack_memberships_contains_paid_content":false,"footnotes":"","jetpack_publicize_message":"","jetpack_publicize_feature_enabled":true,"jetpack_social_post_already_shared":true,"jetpack_social_options":{"image_generator_settings":{"template":"highway","default_image_id":0,"font":"","enabled":false},"version":2}},"categories":[11],"tags":[354,36,62,42],"class_list":["post-7517","post","type-post","status-publish","format-standard","has-post-thumbnail","hentry","category-atualidade","tag-25-de-abril","tag-algarve","tag-atualidade","tag-silves"],"yoast_head":"<!-- This site is optimized with the Yoast SEO plugin v27.5 - https:\/\/yoast.com\/product\/yoast-seo-wordpress\/ -->\n<title>Silves assinala 25 de abril com programa\u00e7\u00e3o cultural online - Algarve 7<\/title>\n<meta name=\"description\" content=\"Silves assinala 25 de abril com programa\u00e7\u00e3o cultural online Atualidade\" \/>\n<meta name=\"robots\" content=\"index, follow, max-snippet:-1, max-image-preview:large, max-video-preview:-1\" \/>\n<link rel=\"canonical\" href=\"https:\/\/algarve7.pt\/index.php\/2021\/04\/silves-assinala-25-de-abril-com-programacao-cultural-online\/atualidade\/09\/15\/\" \/>\n<meta property=\"og:locale\" content=\"pt_PT\" \/>\n<meta property=\"og:type\" content=\"article\" \/>\n<meta property=\"og:title\" content=\"Silves assinala 25 de abril com programa\u00e7\u00e3o cultural online - Algarve 7\" \/>\n<meta property=\"og:description\" content=\"Silves assinala 25 de abril com programa\u00e7\u00e3o cultural online Atualidade\" \/>\n<meta property=\"og:url\" content=\"https:\/\/algarve7.pt\/index.php\/2021\/04\/silves-assinala-25-de-abril-com-programacao-cultural-online\/atualidade\/09\/15\/\" \/>\n<meta property=\"og:site_name\" content=\"Algarve 7\" \/>\n<meta property=\"article:publisher\" content=\"https:\/\/www.facebook.com\/algarve7\" \/>\n<meta property=\"article:author\" content=\"https:\/\/www.facebook.com\/algarve7\" \/>\n<meta property=\"article:published_time\" content=\"2021-04-11T08:15:00+00:00\" \/>\n<meta property=\"og:image\" content=\"https:\/\/algarve7.pt\/wp-content\/uploads\/2021\/04\/site_noticias-25-Abril-e1618127726645.jpg\" \/>\n\t<meta property=\"og:image:width\" content=\"998\" \/>\n\t<meta property=\"og:image:height\" content=\"496\" \/>\n\t<meta property=\"og:image:type\" content=\"image\/jpeg\" \/>\n<meta name=\"author\" content=\"Algarve 7\" \/>\n<meta name=\"twitter:card\" content=\"summary_large_image\" \/>\n<meta name=\"twitter:creator\" content=\"@Algarvesete\" \/>\n<meta name=\"twitter:site\" content=\"@Algarvesete\" \/>\n<meta name=\"twitter:label1\" content=\"Escrito por\" \/>\n\t<meta name=\"twitter:data1\" content=\"Algarve 7\" \/>\n\t<meta name=\"twitter:label2\" content=\"Tempo estimado de leitura\" \/>\n\t<meta name=\"twitter:data2\" content=\"2 minutos\" \/>\n<script type=\"application\/ld+json\" class=\"yoast-schema-graph\">{\"@context\":\"https:\\\/\\\/schema.org\",\"@graph\":[{\"@type\":\"Article\",\"@id\":\"https:\\\/\\\/algarve7.pt\\\/index.php\\\/2021\\\/04\\\/silves-assinala-25-de-abril-com-programacao-cultural-online\\\/atualidade\\\/09\\\/15\\\/#article\",\"isPartOf\":{\"@id\":\"https:\\\/\\\/algarve7.pt\\\/index.php\\\/2021\\\/04\\\/silves-assinala-25-de-abril-com-programacao-cultural-online\\\/atualidade\\\/09\\\/15\\\/\"},\"author\":{\"name\":\"Algarve 7\",\"@id\":\"https:\\\/\\\/algarve7.pt\\\/#\\\/schema\\\/person\\\/23fa70681308e7b319a3204bcea45e0c\"},\"headline\":\"Silves assinala 25 de abril com programa\u00e7\u00e3o cultural online\",\"datePublished\":\"2021-04-11T08:15:00+00:00\",\"mainEntityOfPage\":{\"@id\":\"https:\\\/\\\/algarve7.pt\\\/index.php\\\/2021\\\/04\\\/silves-assinala-25-de-abril-com-programacao-cultural-online\\\/atualidade\\\/09\\\/15\\\/\"},\"wordCount\":457,\"publisher\":{\"@id\":\"https:\\\/\\\/algarve7.pt\\\/#organization\"},\"image\":{\"@id\":\"https:\\\/\\\/algarve7.pt\\\/index.php\\\/2021\\\/04\\\/silves-assinala-25-de-abril-com-programacao-cultural-online\\\/atualidade\\\/09\\\/15\\\/#primaryimage\"},\"thumbnailUrl\":\"https:\\\/\\\/algarve7.pt\\\/wp-content\\\/uploads\\\/2021\\\/04\\\/site_noticias-25-Abril-e1618127726645.jpg\",\"keywords\":[\"25 de Abril\",\"Algarve\",\"Atualidade\",\"Silves\"],\"articleSection\":[\"Atualidade\"],\"inLanguage\":\"pt-PT\"},{\"@type\":\"WebPage\",\"@id\":\"https:\\\/\\\/algarve7.pt\\\/index.php\\\/2021\\\/04\\\/silves-assinala-25-de-abril-com-programacao-cultural-online\\\/atualidade\\\/09\\\/15\\\/\",\"url\":\"https:\\\/\\\/algarve7.pt\\\/index.php\\\/2021\\\/04\\\/silves-assinala-25-de-abril-com-programacao-cultural-online\\\/atualidade\\\/09\\\/15\\\/\",\"name\":\"Silves assinala 25 de abril com programa\u00e7\u00e3o cultural online - Algarve 7\",\"isPartOf\":{\"@id\":\"https:\\\/\\\/algarve7.pt\\\/#website\"},\"primaryImageOfPage\":{\"@id\":\"https:\\\/\\\/algarve7.pt\\\/index.php\\\/2021\\\/04\\\/silves-assinala-25-de-abril-com-programacao-cultural-online\\\/atualidade\\\/09\\\/15\\\/#primaryimage\"},\"image\":{\"@id\":\"https:\\\/\\\/algarve7.pt\\\/index.php\\\/2021\\\/04\\\/silves-assinala-25-de-abril-com-programacao-cultural-online\\\/atualidade\\\/09\\\/15\\\/#primaryimage\"},\"thumbnailUrl\":\"https:\\\/\\\/algarve7.pt\\\/wp-content\\\/uploads\\\/2021\\\/04\\\/site_noticias-25-Abril-e1618127726645.jpg\",\"datePublished\":\"2021-04-11T08:15:00+00:00\",\"description\":\"Silves assinala 25 de abril com programa\u00e7\u00e3o cultural online Atualidade\",\"breadcrumb\":{\"@id\":\"https:\\\/\\\/algarve7.pt\\\/index.php\\\/2021\\\/04\\\/silves-assinala-25-de-abril-com-programacao-cultural-online\\\/atualidade\\\/09\\\/15\\\/#breadcrumb\"},\"inLanguage\":\"pt-PT\",\"potentialAction\":[{\"@type\":\"ReadAction\",\"target\":[\"https:\\\/\\\/algarve7.pt\\\/index.php\\\/2021\\\/04\\\/silves-assinala-25-de-abril-com-programacao-cultural-online\\\/atualidade\\\/09\\\/15\\\/\"]}]},{\"@type\":\"ImageObject\",\"inLanguage\":\"pt-PT\",\"@id\":\"https:\\\/\\\/algarve7.pt\\\/index.php\\\/2021\\\/04\\\/silves-assinala-25-de-abril-com-programacao-cultural-online\\\/atualidade\\\/09\\\/15\\\/#primaryimage\",\"url\":\"https:\\\/\\\/algarve7.pt\\\/wp-content\\\/uploads\\\/2021\\\/04\\\/site_noticias-25-Abril-e1618127726645.jpg\",\"contentUrl\":\"https:\\\/\\\/algarve7.pt\\\/wp-content\\\/uploads\\\/2021\\\/04\\\/site_noticias-25-Abril-e1618127726645.jpg\",\"width\":998,\"height\":496},{\"@type\":\"BreadcrumbList\",\"@id\":\"https:\\\/\\\/algarve7.pt\\\/index.php\\\/2021\\\/04\\\/silves-assinala-25-de-abril-com-programacao-cultural-online\\\/atualidade\\\/09\\\/15\\\/#breadcrumb\",\"itemListElement\":[{\"@type\":\"ListItem\",\"position\":1,\"name\":\"In\u00edcio\",\"item\":\"https:\\\/\\\/algarve7.pt\\\/\"},{\"@type\":\"ListItem\",\"position\":2,\"name\":\"Silves assinala 25 de abril com programa\u00e7\u00e3o cultural online\"}]},{\"@type\":\"WebSite\",\"@id\":\"https:\\\/\\\/algarve7.pt\\\/#website\",\"url\":\"https:\\\/\\\/algarve7.pt\\\/\",\"name\":\"Algarve 7\",\"description\":\"Informa\u00e7\u00e3o sobre o Algarve\",\"publisher\":{\"@id\":\"https:\\\/\\\/algarve7.pt\\\/#organization\"},\"potentialAction\":[{\"@type\":\"SearchAction\",\"target\":{\"@type\":\"EntryPoint\",\"urlTemplate\":\"https:\\\/\\\/algarve7.pt\\\/?s={search_term_string}\"},\"query-input\":{\"@type\":\"PropertyValueSpecification\",\"valueRequired\":true,\"valueName\":\"search_term_string\"}}],\"inLanguage\":\"pt-PT\"},{\"@type\":\"Organization\",\"@id\":\"https:\\\/\\\/algarve7.pt\\\/#organization\",\"name\":\"Algarve 7\",\"url\":\"https:\\\/\\\/algarve7.pt\\\/\",\"logo\":{\"@type\":\"ImageObject\",\"inLanguage\":\"pt-PT\",\"@id\":\"https:\\\/\\\/algarve7.pt\\\/#\\\/schema\\\/logo\\\/image\\\/\",\"url\":\"https:\\\/\\\/algarve7.pt\\\/wp-content\\\/uploads\\\/2020\\\/10\\\/Logo-8.jpg\",\"contentUrl\":\"https:\\\/\\\/algarve7.pt\\\/wp-content\\\/uploads\\\/2020\\\/10\\\/Logo-8.jpg\",\"width\":1680,\"height\":1186,\"caption\":\"Algarve 7\"},\"image\":{\"@id\":\"https:\\\/\\\/algarve7.pt\\\/#\\\/schema\\\/logo\\\/image\\\/\"},\"sameAs\":[\"https:\\\/\\\/www.facebook.com\\\/algarve7\",\"https:\\\/\\\/x.com\\\/Algarvesete\",\"https:\\\/\\\/www.instagram.com\\\/jornalalgarve7\\\/\",\"https:\\\/\\\/www.linkedin.com\\\/company\\\/algarve7\",\"https:\\\/\\\/www.pinterest.pt\\\/geral0939\\\/_created\\\/\"]},{\"@type\":\"Person\",\"@id\":\"https:\\\/\\\/algarve7.pt\\\/#\\\/schema\\\/person\\\/23fa70681308e7b319a3204bcea45e0c\",\"name\":\"Algarve 7\",\"sameAs\":[\"https:\\\/\\\/algarve7.pt\",\"https:\\\/\\\/www.facebook.com\\\/algarve7\"],\"url\":\"https:\\\/\\\/algarve7.pt\\\/index.php\\\/author\\\/geralalgarve7-pt\\\/\"}]}<\/script>\n<!-- \/ Yoast SEO plugin. -->","yoast_head_json":{"title":"Silves assinala 25 de abril com programa\u00e7\u00e3o cultural online - Algarve 7","description":"Silves assinala 25 de abril com programa\u00e7\u00e3o cultural online Atualidade","robots":{"index":"index","follow":"follow","max-snippet":"max-snippet:-1","max-image-preview":"max-image-preview:large","max-video-preview":"max-video-preview:-1"},"canonical":"https:\/\/algarve7.pt\/index.php\/2021\/04\/silves-assinala-25-de-abril-com-programacao-cultural-online\/atualidade\/09\/15\/","og_locale":"pt_PT","og_type":"article","og_title":"Silves assinala 25 de abril com programa\u00e7\u00e3o cultural online - Algarve 7","og_description":"Silves assinala 25 de abril com programa\u00e7\u00e3o cultural online Atualidade","og_url":"https:\/\/algarve7.pt\/index.php\/2021\/04\/silves-assinala-25-de-abril-com-programacao-cultural-online\/atualidade\/09\/15\/","og_site_name":"Algarve 7","article_publisher":"https:\/\/www.facebook.com\/algarve7","article_author":"https:\/\/www.facebook.com\/algarve7","article_published_time":"2021-04-11T08:15:00+00:00","og_image":[{"width":998,"height":496,"url":"https:\/\/algarve7.pt\/wp-content\/uploads\/2021\/04\/site_noticias-25-Abril-e1618127726645.jpg","type":"image\/jpeg"}],"author":"Algarve 7","twitter_card":"summary_large_image","twitter_creator":"@Algarvesete","twitter_site":"@Algarvesete","twitter_misc":{"Escrito por":"Algarve 7","Tempo estimado de leitura":"2 minutos"},"schema":{"@context":"https:\/\/schema.org","@graph":[{"@type":"Article","@id":"https:\/\/algarve7.pt\/index.php\/2021\/04\/silves-assinala-25-de-abril-com-programacao-cultural-online\/atualidade\/09\/15\/#article","isPartOf":{"@id":"https:\/\/algarve7.pt\/index.php\/2021\/04\/silves-assinala-25-de-abril-com-programacao-cultural-online\/atualidade\/09\/15\/"},"author":{"name":"Algarve 7","@id":"https:\/\/algarve7.pt\/#\/schema\/person\/23fa70681308e7b319a3204bcea45e0c"},"headline":"Silves assinala 25 de abril com programa\u00e7\u00e3o cultural online","datePublished":"2021-04-11T08:15:00+00:00","mainEntityOfPage":{"@id":"https:\/\/algarve7.pt\/index.php\/2021\/04\/silves-assinala-25-de-abril-com-programacao-cultural-online\/atualidade\/09\/15\/"},"wordCount":457,"publisher":{"@id":"https:\/\/algarve7.pt\/#organization"},"image":{"@id":"https:\/\/algarve7.pt\/index.php\/2021\/04\/silves-assinala-25-de-abril-com-programacao-cultural-online\/atualidade\/09\/15\/#primaryimage"},"thumbnailUrl":"https:\/\/algarve7.pt\/wp-content\/uploads\/2021\/04\/site_noticias-25-Abril-e1618127726645.jpg","keywords":["25 de Abril","Algarve","Atualidade","Silves"],"articleSection":["Atualidade"],"inLanguage":"pt-PT"},{"@type":"WebPage","@id":"https:\/\/algarve7.pt\/index.php\/2021\/04\/silves-assinala-25-de-abril-com-programacao-cultural-online\/atualidade\/09\/15\/","url":"https:\/\/algarve7.pt\/index.php\/2021\/04\/silves-assinala-25-de-abril-com-programacao-cultural-online\/atualidade\/09\/15\/","name":"Silves assinala 25 de abril com programa\u00e7\u00e3o cultural online - Algarve 7","isPartOf":{"@id":"https:\/\/algarve7.pt\/#website"},"primaryImageOfPage":{"@id":"https:\/\/algarve7.pt\/index.php\/2021\/04\/silves-assinala-25-de-abril-com-programacao-cultural-online\/atualidade\/09\/15\/#primaryimage"},"image":{"@id":"https:\/\/algarve7.pt\/index.php\/2021\/04\/silves-assinala-25-de-abril-com-programacao-cultural-online\/atualidade\/09\/15\/#primaryimage"},"thumbnailUrl":"https:\/\/algarve7.pt\/wp-content\/uploads\/2021\/04\/site_noticias-25-Abril-e1618127726645.jpg","datePublished":"2021-04-11T08:15:00+00:00","description":"Silves assinala 25 de abril com programa\u00e7\u00e3o cultural online Atualidade","breadcrumb":{"@id":"https:\/\/algarve7.pt\/index.php\/2021\/04\/silves-assinala-25-de-abril-com-programacao-cultural-online\/atualidade\/09\/15\/#breadcrumb"},"inLanguage":"pt-PT","potentialAction":[{"@type":"ReadAction","target":["https:\/\/algarve7.pt\/index.php\/2021\/04\/silves-assinala-25-de-abril-com-programacao-cultural-online\/atualidade\/09\/15\/"]}]},{"@type":"ImageObject","inLanguage":"pt-PT","@id":"https:\/\/algarve7.pt\/index.php\/2021\/04\/silves-assinala-25-de-abril-com-programacao-cultural-online\/atualidade\/09\/15\/#primaryimage","url":"https:\/\/algarve7.pt\/wp-content\/uploads\/2021\/04\/site_noticias-25-Abril-e1618127726645.jpg","contentUrl":"https:\/\/algarve7.pt\/wp-content\/uploads\/2021\/04\/site_noticias-25-Abril-e1618127726645.jpg","width":998,"height":496},{"@type":"BreadcrumbList","@id":"https:\/\/algarve7.pt\/index.php\/2021\/04\/silves-assinala-25-de-abril-com-programacao-cultural-online\/atualidade\/09\/15\/#breadcrumb","itemListElement":[{"@type":"ListItem","position":1,"name":"In\u00edcio","item":"https:\/\/algarve7.pt\/"},{"@type":"ListItem","position":2,"name":"Silves assinala 25 de abril com programa\u00e7\u00e3o cultural online"}]},{"@type":"WebSite","@id":"https:\/\/algarve7.pt\/#website","url":"https:\/\/algarve7.pt\/","name":"Algarve 7","description":"Informa\u00e7\u00e3o sobre o Algarve","publisher":{"@id":"https:\/\/algarve7.pt\/#organization"},"potentialAction":[{"@type":"SearchAction","target":{"@type":"EntryPoint","urlTemplate":"https:\/\/algarve7.pt\/?s={search_term_string}"},"query-input":{"@type":"PropertyValueSpecification","valueRequired":true,"valueName":"search_term_string"}}],"inLanguage":"pt-PT"},{"@type":"Organization","@id":"https:\/\/algarve7.pt\/#organization","name":"Algarve 7","url":"https:\/\/algarve7.pt\/","logo":{"@type":"ImageObject","inLanguage":"pt-PT","@id":"https:\/\/algarve7.pt\/#\/schema\/logo\/image\/","url":"https:\/\/algarve7.pt\/wp-content\/uploads\/2020\/10\/Logo-8.jpg","contentUrl":"https:\/\/algarve7.pt\/wp-content\/uploads\/2020\/10\/Logo-8.jpg","width":1680,"height":1186,"caption":"Algarve 7"},"image":{"@id":"https:\/\/algarve7.pt\/#\/schema\/logo\/image\/"},"sameAs":["https:\/\/www.facebook.com\/algarve7","https:\/\/x.com\/Algarvesete","https:\/\/www.instagram.com\/jornalalgarve7\/","https:\/\/www.linkedin.com\/company\/algarve7","https:\/\/www.pinterest.pt\/geral0939\/_created\/"]},{"@type":"Person","@id":"https:\/\/algarve7.pt\/#\/schema\/person\/23fa70681308e7b319a3204bcea45e0c","name":"Algarve 7","sameAs":["https:\/\/algarve7.pt","https:\/\/www.facebook.com\/algarve7"],"url":"https:\/\/algarve7.pt\/index.php\/author\/geralalgarve7-pt\/"}]}},"jetpack_publicize_connections":[],"jetpack_featured_media_url":"https:\/\/algarve7.pt\/wp-content\/uploads\/2021\/04\/site_noticias-25-Abril-e1618127726645.jpg","jetpack_shortlink":"https:\/\/wp.me\/pcezmW-1Xf","jetpack_sharing_enabled":true,"_links":{"self":[{"href":"https:\/\/algarve7.pt\/index.php\/wp-json\/wp\/v2\/posts\/7517","targetHints":{"allow":["GET"]}}],"collection":[{"href":"https:\/\/algarve7.pt\/index.php\/wp-json\/wp\/v2\/posts"}],"about":[{"href":"https:\/\/algarve7.pt\/index.php\/wp-json\/wp\/v2\/types\/post"}],"author":[{"embeddable":true,"href":"https:\/\/algarve7.pt\/index.php\/wp-json\/wp\/v2\/users\/1"}],"replies":[{"embeddable":true,"href":"https:\/\/algarve7.pt\/index.php\/wp-json\/wp\/v2\/comments?post=7517"}],"version-history":[{"count":0,"href":"https:\/\/algarve7.pt\/index.php\/wp-json\/wp\/v2\/posts\/7517\/revisions"}],"wp:featuredmedia":[{"embeddable":true,"href":"https:\/\/algarve7.pt\/index.php\/wp-json\/wp\/v2\/media\/7518"}],"wp:attachment":[{"href":"https:\/\/algarve7.pt\/index.php\/wp-json\/wp\/v2\/media?parent=7517"}],"wp:term":[{"taxonomy":"category","embeddable":true,"href":"https:\/\/algarve7.pt\/index.php\/wp-json\/wp\/v2\/categories?post=7517"},{"taxonomy":"post_tag","embeddable":true,"href":"https:\/\/algarve7.pt\/index.php\/wp-json\/wp\/v2\/tags?post=7517"}],"curies":[{"name":"wp","href":"https:\/\/api.w.org\/{rel}","templated":true}]}}