{"id":7469,"date":"2021-04-09T12:13:30","date_gmt":"2021-04-09T11:13:30","guid":{"rendered":"https:\/\/algarve7.pt\/?p=7469"},"modified":"2021-04-09T12:13:37","modified_gmt":"2021-04-09T11:13:37","slug":"mes-de-marco-quente-e-muito-seco-em-portugal","status":"publish","type":"post","link":"https:\/\/algarve7.pt\/index.php\/2021\/04\/mes-de-marco-quente-e-muito-seco-em-portugal\/ambiente\/12\/13\/","title":{"rendered":"M\u00eas de mar\u00e7o quente e muito seco em Portugal"},"content":{"rendered":"\n<p>A temperatura m\u00e9dia no globo em mar\u00e7o de 2021 foi 0.2 \u00b0C superior \u00e0 m\u00e9dia de 1991-2020. Foi o 8 \u00ba valor mais alto para o m\u00eas de mar\u00e7o; os sete mar\u00e7os mais quentes ocorreram j\u00e1 depois de 2010.<br>Na Europa a o valor m\u00e9dio da temperatura m\u00e9dia do ar foi pr\u00f3ximo do valor m\u00e9dio.<br><br>Em\u00a0<strong>Portugal continental\u00a0<\/strong>o m\u00eas de mar\u00e7o, classificou-se como\u00a0<strong>quente e muito seco<\/strong>\u00a0.<br><br>O valor m\u00e9dio de temperatura m\u00e9dia do ar, 12.57 \u00b0C, foi 0.66 \u00b0C superior ao valor normal 1971-2000.<br>O valor m\u00e9dio de temperatura m\u00e1xima do ar foi +1.65 \u00b0C superior \u00e0 normal, sendo o 5\u00ba maior valor desde 2000; o valor m\u00e9dio de temperatura m\u00ednima do ar foi -0.34 \u00b0C inferior ao valor normal.<br><br>De destacar ao longo do m\u00eas valores de temperatura m\u00e1xima superiores \u00e0 normal mensal entre 14 e 18 e a partir de dia 22, sendo de real\u00e7ar os dias 28 e 31 com desvios > +6 \u00b0C.\u00a0<br>No dia 31 foram ultrapassados os maiores valores de temperatura m\u00e1xima em algumas esta\u00e7\u00f5es meteorol\u00f3gicas, sendo de destacar Elvas (30.1 \u00b0C) e Aveiro (29.8 \u00b0C), esta\u00e7\u00f5es com s\u00e9ries longas, desde 1941 e 1981, respetivamente.<br><br>O valor m\u00e9dio da quantidade de\u00a0<strong>precipita\u00e7\u00e3o\u00a0<\/strong>em mar\u00e7o, 15.3 mm, foi muito inferior ao valor normal 1971-2000 e corresponde a apenas 25 %.<br><br>De acordo com o \u00edndice PDSI no final de mar\u00e7o algumas regi\u00f5es do territ\u00f3rio voltaram a estar na<strong>\u00a0classe de seca<\/strong>\u00a0fraca (vale do Douro, vale do Tejo, Alentejo e Algarve).<br>A distribui\u00e7\u00e3o percentual por classes do \u00edndice PDSI no territ\u00f3rio \u00e9 a seguinte: 0.6 % chuva fraca, 81.3 % normal e 18.1 % seca fraca.<\/p>\n\n\n\n<p>Este documento trata-se de um resumo climatol\u00f3gico, para conhecer o boletim climatol\u00f3gico deste m\u00eas com a informa\u00e7\u00e3o completa, aguarde at\u00e9 \u00e0 sua publica\u00e7\u00e3o e coloca\u00e7\u00e3o no link:<a href=\" https:\/\/bit.ly\/3p0J104\"> https:\/\/bit.ly\/3p0J104<\/a><\/p>\n","protected":false},"excerpt":{"rendered":"<p>A temperatura m\u00e9dia no globo em mar\u00e7o de 2021 foi 0.2 \u00b0C superior \u00e0 m\u00e9dia de 1991-2020. Foi o 8<\/p>\n","protected":false},"author":1,"featured_media":7470,"comment_status":"closed","ping_status":"open","sticky":false,"template":"","format":"standard","meta":{"colormag_page_container_layout":"default_layout","colormag_page_sidebar_layout":"default_layout","_monsterinsights_skip_tracking":false,"_monsterinsights_sitenote_active":false,"_monsterinsights_sitenote_note":"","_monsterinsights_sitenote_category":0,"jetpack_post_was_ever_published":false,"_jetpack_newsletter_access":"","_jetpack_dont_email_post_to_subs":false,"_jetpack_newsletter_tier_id":0,"_jetpack_memberships_contains_paywalled_content":false,"_jetpack_memberships_contains_paid_content":false,"footnotes":"","jetpack_publicize_message":"","jetpack_publicize_feature_enabled":true,"jetpack_social_post_already_shared":true,"jetpack_social_options":{"image_generator_settings":{"template":"highway","default_image_id":0,"font":"","enabled":false},"version":2}},"categories":[5],"tags":[32,147,46],"class_list":["post-7469","post","type-post","status-publish","format-standard","has-post-thumbnail","hentry","category-ambiente","tag-ambiente","tag-ipma","tag-portugal"],"yoast_head":"<!-- This site is optimized with the Yoast SEO plugin v27.5 - https:\/\/yoast.com\/product\/yoast-seo-wordpress\/ -->\n<title>M\u00eas de mar\u00e7o quente e muito seco em Portugal - Algarve 7<\/title>\n<meta name=\"description\" content=\"M\u00eas de mar\u00e7o quente e muito seco em Portugal Ambiente\" \/>\n<meta name=\"robots\" content=\"index, follow, max-snippet:-1, max-image-preview:large, max-video-preview:-1\" \/>\n<link rel=\"canonical\" href=\"https:\/\/algarve7.pt\/index.php\/2021\/04\/mes-de-marco-quente-e-muito-seco-em-portugal\/ambiente\/12\/13\/\" \/>\n<meta property=\"og:locale\" content=\"pt_PT\" \/>\n<meta property=\"og:type\" content=\"article\" \/>\n<meta property=\"og:title\" content=\"M\u00eas de mar\u00e7o quente e muito seco em Portugal - Algarve 7\" \/>\n<meta property=\"og:description\" content=\"M\u00eas de mar\u00e7o quente e muito seco em Portugal Ambiente\" \/>\n<meta property=\"og:url\" content=\"https:\/\/algarve7.pt\/index.php\/2021\/04\/mes-de-marco-quente-e-muito-seco-em-portugal\/ambiente\/12\/13\/\" \/>\n<meta property=\"og:site_name\" content=\"Algarve 7\" \/>\n<meta property=\"article:publisher\" content=\"https:\/\/www.facebook.com\/algarve7\" \/>\n<meta property=\"article:author\" content=\"https:\/\/www.facebook.com\/algarve7\" \/>\n<meta property=\"article:published_time\" content=\"2021-04-09T11:13:30+00:00\" \/>\n<meta property=\"article:modified_time\" content=\"2021-04-09T11:13:37+00:00\" \/>\n<meta property=\"og:image\" content=\"https:\/\/algarve7.pt\/wp-content\/uploads\/2021\/04\/Resumo_Clima_Marco_1.jpg\" \/>\n\t<meta property=\"og:image:width\" content=\"800\" \/>\n\t<meta property=\"og:image:height\" content=\"341\" \/>\n\t<meta property=\"og:image:type\" content=\"image\/jpeg\" \/>\n<meta name=\"author\" content=\"Algarve 7\" \/>\n<meta name=\"twitter:card\" content=\"summary_large_image\" \/>\n<meta name=\"twitter:creator\" content=\"@Algarvesete\" \/>\n<meta name=\"twitter:site\" content=\"@Algarvesete\" \/>\n<meta name=\"twitter:label1\" content=\"Escrito por\" \/>\n\t<meta name=\"twitter:data1\" content=\"Algarve 7\" \/>\n\t<meta name=\"twitter:label2\" content=\"Tempo estimado de leitura\" \/>\n\t<meta name=\"twitter:data2\" content=\"2 minutos\" \/>\n<script type=\"application\/ld+json\" class=\"yoast-schema-graph\">{\"@context\":\"https:\\\/\\\/schema.org\",\"@graph\":[{\"@type\":\"Article\",\"@id\":\"https:\\\/\\\/algarve7.pt\\\/index.php\\\/2021\\\/04\\\/mes-de-marco-quente-e-muito-seco-em-portugal\\\/ambiente\\\/12\\\/13\\\/#article\",\"isPartOf\":{\"@id\":\"https:\\\/\\\/algarve7.pt\\\/index.php\\\/2021\\\/04\\\/mes-de-marco-quente-e-muito-seco-em-portugal\\\/ambiente\\\/12\\\/13\\\/\"},\"author\":{\"name\":\"Algarve 7\",\"@id\":\"https:\\\/\\\/algarve7.pt\\\/#\\\/schema\\\/person\\\/23fa70681308e7b319a3204bcea45e0c\"},\"headline\":\"M\u00eas de mar\u00e7o quente e muito seco em Portugal\",\"datePublished\":\"2021-04-09T11:13:30+00:00\",\"dateModified\":\"2021-04-09T11:13:37+00:00\",\"mainEntityOfPage\":{\"@id\":\"https:\\\/\\\/algarve7.pt\\\/index.php\\\/2021\\\/04\\\/mes-de-marco-quente-e-muito-seco-em-portugal\\\/ambiente\\\/12\\\/13\\\/\"},\"wordCount\":320,\"publisher\":{\"@id\":\"https:\\\/\\\/algarve7.pt\\\/#organization\"},\"image\":{\"@id\":\"https:\\\/\\\/algarve7.pt\\\/index.php\\\/2021\\\/04\\\/mes-de-marco-quente-e-muito-seco-em-portugal\\\/ambiente\\\/12\\\/13\\\/#primaryimage\"},\"thumbnailUrl\":\"https:\\\/\\\/algarve7.pt\\\/wp-content\\\/uploads\\\/2021\\\/04\\\/Resumo_Clima_Marco_1.jpg\",\"keywords\":[\"Ambiente\",\"IPMA\",\"Portugal\"],\"articleSection\":[\"Ambiente\"],\"inLanguage\":\"pt-PT\"},{\"@type\":\"WebPage\",\"@id\":\"https:\\\/\\\/algarve7.pt\\\/index.php\\\/2021\\\/04\\\/mes-de-marco-quente-e-muito-seco-em-portugal\\\/ambiente\\\/12\\\/13\\\/\",\"url\":\"https:\\\/\\\/algarve7.pt\\\/index.php\\\/2021\\\/04\\\/mes-de-marco-quente-e-muito-seco-em-portugal\\\/ambiente\\\/12\\\/13\\\/\",\"name\":\"M\u00eas de mar\u00e7o quente e muito seco em Portugal - Algarve 7\",\"isPartOf\":{\"@id\":\"https:\\\/\\\/algarve7.pt\\\/#website\"},\"primaryImageOfPage\":{\"@id\":\"https:\\\/\\\/algarve7.pt\\\/index.php\\\/2021\\\/04\\\/mes-de-marco-quente-e-muito-seco-em-portugal\\\/ambiente\\\/12\\\/13\\\/#primaryimage\"},\"image\":{\"@id\":\"https:\\\/\\\/algarve7.pt\\\/index.php\\\/2021\\\/04\\\/mes-de-marco-quente-e-muito-seco-em-portugal\\\/ambiente\\\/12\\\/13\\\/#primaryimage\"},\"thumbnailUrl\":\"https:\\\/\\\/algarve7.pt\\\/wp-content\\\/uploads\\\/2021\\\/04\\\/Resumo_Clima_Marco_1.jpg\",\"datePublished\":\"2021-04-09T11:13:30+00:00\",\"dateModified\":\"2021-04-09T11:13:37+00:00\",\"description\":\"M\u00eas de mar\u00e7o quente e muito seco em Portugal Ambiente\",\"breadcrumb\":{\"@id\":\"https:\\\/\\\/algarve7.pt\\\/index.php\\\/2021\\\/04\\\/mes-de-marco-quente-e-muito-seco-em-portugal\\\/ambiente\\\/12\\\/13\\\/#breadcrumb\"},\"inLanguage\":\"pt-PT\",\"potentialAction\":[{\"@type\":\"ReadAction\",\"target\":[\"https:\\\/\\\/algarve7.pt\\\/index.php\\\/2021\\\/04\\\/mes-de-marco-quente-e-muito-seco-em-portugal\\\/ambiente\\\/12\\\/13\\\/\"]}]},{\"@type\":\"ImageObject\",\"inLanguage\":\"pt-PT\",\"@id\":\"https:\\\/\\\/algarve7.pt\\\/index.php\\\/2021\\\/04\\\/mes-de-marco-quente-e-muito-seco-em-portugal\\\/ambiente\\\/12\\\/13\\\/#primaryimage\",\"url\":\"https:\\\/\\\/algarve7.pt\\\/wp-content\\\/uploads\\\/2021\\\/04\\\/Resumo_Clima_Marco_1.jpg\",\"contentUrl\":\"https:\\\/\\\/algarve7.pt\\\/wp-content\\\/uploads\\\/2021\\\/04\\\/Resumo_Clima_Marco_1.jpg\",\"width\":800,\"height\":341},{\"@type\":\"BreadcrumbList\",\"@id\":\"https:\\\/\\\/algarve7.pt\\\/index.php\\\/2021\\\/04\\\/mes-de-marco-quente-e-muito-seco-em-portugal\\\/ambiente\\\/12\\\/13\\\/#breadcrumb\",\"itemListElement\":[{\"@type\":\"ListItem\",\"position\":1,\"name\":\"In\u00edcio\",\"item\":\"https:\\\/\\\/algarve7.pt\\\/\"},{\"@type\":\"ListItem\",\"position\":2,\"name\":\"M\u00eas de mar\u00e7o quente e muito seco em Portugal\"}]},{\"@type\":\"WebSite\",\"@id\":\"https:\\\/\\\/algarve7.pt\\\/#website\",\"url\":\"https:\\\/\\\/algarve7.pt\\\/\",\"name\":\"Algarve 7\",\"description\":\"Informa\u00e7\u00e3o sobre o Algarve\",\"publisher\":{\"@id\":\"https:\\\/\\\/algarve7.pt\\\/#organization\"},\"potentialAction\":[{\"@type\":\"SearchAction\",\"target\":{\"@type\":\"EntryPoint\",\"urlTemplate\":\"https:\\\/\\\/algarve7.pt\\\/?s={search_term_string}\"},\"query-input\":{\"@type\":\"PropertyValueSpecification\",\"valueRequired\":true,\"valueName\":\"search_term_string\"}}],\"inLanguage\":\"pt-PT\"},{\"@type\":\"Organization\",\"@id\":\"https:\\\/\\\/algarve7.pt\\\/#organization\",\"name\":\"Algarve 7\",\"url\":\"https:\\\/\\\/algarve7.pt\\\/\",\"logo\":{\"@type\":\"ImageObject\",\"inLanguage\":\"pt-PT\",\"@id\":\"https:\\\/\\\/algarve7.pt\\\/#\\\/schema\\\/logo\\\/image\\\/\",\"url\":\"https:\\\/\\\/algarve7.pt\\\/wp-content\\\/uploads\\\/2020\\\/10\\\/Logo-8.jpg\",\"contentUrl\":\"https:\\\/\\\/algarve7.pt\\\/wp-content\\\/uploads\\\/2020\\\/10\\\/Logo-8.jpg\",\"width\":1680,\"height\":1186,\"caption\":\"Algarve 7\"},\"image\":{\"@id\":\"https:\\\/\\\/algarve7.pt\\\/#\\\/schema\\\/logo\\\/image\\\/\"},\"sameAs\":[\"https:\\\/\\\/www.facebook.com\\\/algarve7\",\"https:\\\/\\\/x.com\\\/Algarvesete\",\"https:\\\/\\\/www.instagram.com\\\/jornalalgarve7\\\/\",\"https:\\\/\\\/www.linkedin.com\\\/company\\\/algarve7\",\"https:\\\/\\\/www.pinterest.pt\\\/geral0939\\\/_created\\\/\"]},{\"@type\":\"Person\",\"@id\":\"https:\\\/\\\/algarve7.pt\\\/#\\\/schema\\\/person\\\/23fa70681308e7b319a3204bcea45e0c\",\"name\":\"Algarve 7\",\"sameAs\":[\"https:\\\/\\\/algarve7.pt\",\"https:\\\/\\\/www.facebook.com\\\/algarve7\"],\"url\":\"https:\\\/\\\/algarve7.pt\\\/index.php\\\/author\\\/geralalgarve7-pt\\\/\"}]}<\/script>\n<!-- \/ Yoast SEO plugin. -->","yoast_head_json":{"title":"M\u00eas de mar\u00e7o quente e muito seco em Portugal - Algarve 7","description":"M\u00eas de mar\u00e7o quente e muito seco em Portugal Ambiente","robots":{"index":"index","follow":"follow","max-snippet":"max-snippet:-1","max-image-preview":"max-image-preview:large","max-video-preview":"max-video-preview:-1"},"canonical":"https:\/\/algarve7.pt\/index.php\/2021\/04\/mes-de-marco-quente-e-muito-seco-em-portugal\/ambiente\/12\/13\/","og_locale":"pt_PT","og_type":"article","og_title":"M\u00eas de mar\u00e7o quente e muito seco em Portugal - Algarve 7","og_description":"M\u00eas de mar\u00e7o quente e muito seco em Portugal Ambiente","og_url":"https:\/\/algarve7.pt\/index.php\/2021\/04\/mes-de-marco-quente-e-muito-seco-em-portugal\/ambiente\/12\/13\/","og_site_name":"Algarve 7","article_publisher":"https:\/\/www.facebook.com\/algarve7","article_author":"https:\/\/www.facebook.com\/algarve7","article_published_time":"2021-04-09T11:13:30+00:00","article_modified_time":"2021-04-09T11:13:37+00:00","og_image":[{"width":800,"height":341,"url":"https:\/\/algarve7.pt\/wp-content\/uploads\/2021\/04\/Resumo_Clima_Marco_1.jpg","type":"image\/jpeg"}],"author":"Algarve 7","twitter_card":"summary_large_image","twitter_creator":"@Algarvesete","twitter_site":"@Algarvesete","twitter_misc":{"Escrito por":"Algarve 7","Tempo estimado de leitura":"2 minutos"},"schema":{"@context":"https:\/\/schema.org","@graph":[{"@type":"Article","@id":"https:\/\/algarve7.pt\/index.php\/2021\/04\/mes-de-marco-quente-e-muito-seco-em-portugal\/ambiente\/12\/13\/#article","isPartOf":{"@id":"https:\/\/algarve7.pt\/index.php\/2021\/04\/mes-de-marco-quente-e-muito-seco-em-portugal\/ambiente\/12\/13\/"},"author":{"name":"Algarve 7","@id":"https:\/\/algarve7.pt\/#\/schema\/person\/23fa70681308e7b319a3204bcea45e0c"},"headline":"M\u00eas de mar\u00e7o quente e muito seco em Portugal","datePublished":"2021-04-09T11:13:30+00:00","dateModified":"2021-04-09T11:13:37+00:00","mainEntityOfPage":{"@id":"https:\/\/algarve7.pt\/index.php\/2021\/04\/mes-de-marco-quente-e-muito-seco-em-portugal\/ambiente\/12\/13\/"},"wordCount":320,"publisher":{"@id":"https:\/\/algarve7.pt\/#organization"},"image":{"@id":"https:\/\/algarve7.pt\/index.php\/2021\/04\/mes-de-marco-quente-e-muito-seco-em-portugal\/ambiente\/12\/13\/#primaryimage"},"thumbnailUrl":"https:\/\/algarve7.pt\/wp-content\/uploads\/2021\/04\/Resumo_Clima_Marco_1.jpg","keywords":["Ambiente","IPMA","Portugal"],"articleSection":["Ambiente"],"inLanguage":"pt-PT"},{"@type":"WebPage","@id":"https:\/\/algarve7.pt\/index.php\/2021\/04\/mes-de-marco-quente-e-muito-seco-em-portugal\/ambiente\/12\/13\/","url":"https:\/\/algarve7.pt\/index.php\/2021\/04\/mes-de-marco-quente-e-muito-seco-em-portugal\/ambiente\/12\/13\/","name":"M\u00eas de mar\u00e7o quente e muito seco em Portugal - Algarve 7","isPartOf":{"@id":"https:\/\/algarve7.pt\/#website"},"primaryImageOfPage":{"@id":"https:\/\/algarve7.pt\/index.php\/2021\/04\/mes-de-marco-quente-e-muito-seco-em-portugal\/ambiente\/12\/13\/#primaryimage"},"image":{"@id":"https:\/\/algarve7.pt\/index.php\/2021\/04\/mes-de-marco-quente-e-muito-seco-em-portugal\/ambiente\/12\/13\/#primaryimage"},"thumbnailUrl":"https:\/\/algarve7.pt\/wp-content\/uploads\/2021\/04\/Resumo_Clima_Marco_1.jpg","datePublished":"2021-04-09T11:13:30+00:00","dateModified":"2021-04-09T11:13:37+00:00","description":"M\u00eas de mar\u00e7o quente e muito seco em Portugal Ambiente","breadcrumb":{"@id":"https:\/\/algarve7.pt\/index.php\/2021\/04\/mes-de-marco-quente-e-muito-seco-em-portugal\/ambiente\/12\/13\/#breadcrumb"},"inLanguage":"pt-PT","potentialAction":[{"@type":"ReadAction","target":["https:\/\/algarve7.pt\/index.php\/2021\/04\/mes-de-marco-quente-e-muito-seco-em-portugal\/ambiente\/12\/13\/"]}]},{"@type":"ImageObject","inLanguage":"pt-PT","@id":"https:\/\/algarve7.pt\/index.php\/2021\/04\/mes-de-marco-quente-e-muito-seco-em-portugal\/ambiente\/12\/13\/#primaryimage","url":"https:\/\/algarve7.pt\/wp-content\/uploads\/2021\/04\/Resumo_Clima_Marco_1.jpg","contentUrl":"https:\/\/algarve7.pt\/wp-content\/uploads\/2021\/04\/Resumo_Clima_Marco_1.jpg","width":800,"height":341},{"@type":"BreadcrumbList","@id":"https:\/\/algarve7.pt\/index.php\/2021\/04\/mes-de-marco-quente-e-muito-seco-em-portugal\/ambiente\/12\/13\/#breadcrumb","itemListElement":[{"@type":"ListItem","position":1,"name":"In\u00edcio","item":"https:\/\/algarve7.pt\/"},{"@type":"ListItem","position":2,"name":"M\u00eas de mar\u00e7o quente e muito seco em Portugal"}]},{"@type":"WebSite","@id":"https:\/\/algarve7.pt\/#website","url":"https:\/\/algarve7.pt\/","name":"Algarve 7","description":"Informa\u00e7\u00e3o sobre o Algarve","publisher":{"@id":"https:\/\/algarve7.pt\/#organization"},"potentialAction":[{"@type":"SearchAction","target":{"@type":"EntryPoint","urlTemplate":"https:\/\/algarve7.pt\/?s={search_term_string}"},"query-input":{"@type":"PropertyValueSpecification","valueRequired":true,"valueName":"search_term_string"}}],"inLanguage":"pt-PT"},{"@type":"Organization","@id":"https:\/\/algarve7.pt\/#organization","name":"Algarve 7","url":"https:\/\/algarve7.pt\/","logo":{"@type":"ImageObject","inLanguage":"pt-PT","@id":"https:\/\/algarve7.pt\/#\/schema\/logo\/image\/","url":"https:\/\/algarve7.pt\/wp-content\/uploads\/2020\/10\/Logo-8.jpg","contentUrl":"https:\/\/algarve7.pt\/wp-content\/uploads\/2020\/10\/Logo-8.jpg","width":1680,"height":1186,"caption":"Algarve 7"},"image":{"@id":"https:\/\/algarve7.pt\/#\/schema\/logo\/image\/"},"sameAs":["https:\/\/www.facebook.com\/algarve7","https:\/\/x.com\/Algarvesete","https:\/\/www.instagram.com\/jornalalgarve7\/","https:\/\/www.linkedin.com\/company\/algarve7","https:\/\/www.pinterest.pt\/geral0939\/_created\/"]},{"@type":"Person","@id":"https:\/\/algarve7.pt\/#\/schema\/person\/23fa70681308e7b319a3204bcea45e0c","name":"Algarve 7","sameAs":["https:\/\/algarve7.pt","https:\/\/www.facebook.com\/algarve7"],"url":"https:\/\/algarve7.pt\/index.php\/author\/geralalgarve7-pt\/"}]}},"jetpack_publicize_connections":[],"jetpack_featured_media_url":"https:\/\/algarve7.pt\/wp-content\/uploads\/2021\/04\/Resumo_Clima_Marco_1.jpg","jetpack_shortlink":"https:\/\/wp.me\/pcezmW-1Wt","jetpack_sharing_enabled":true,"_links":{"self":[{"href":"https:\/\/algarve7.pt\/index.php\/wp-json\/wp\/v2\/posts\/7469","targetHints":{"allow":["GET"]}}],"collection":[{"href":"https:\/\/algarve7.pt\/index.php\/wp-json\/wp\/v2\/posts"}],"about":[{"href":"https:\/\/algarve7.pt\/index.php\/wp-json\/wp\/v2\/types\/post"}],"author":[{"embeddable":true,"href":"https:\/\/algarve7.pt\/index.php\/wp-json\/wp\/v2\/users\/1"}],"replies":[{"embeddable":true,"href":"https:\/\/algarve7.pt\/index.php\/wp-json\/wp\/v2\/comments?post=7469"}],"version-history":[{"count":0,"href":"https:\/\/algarve7.pt\/index.php\/wp-json\/wp\/v2\/posts\/7469\/revisions"}],"wp:featuredmedia":[{"embeddable":true,"href":"https:\/\/algarve7.pt\/index.php\/wp-json\/wp\/v2\/media\/7470"}],"wp:attachment":[{"href":"https:\/\/algarve7.pt\/index.php\/wp-json\/wp\/v2\/media?parent=7469"}],"wp:term":[{"taxonomy":"category","embeddable":true,"href":"https:\/\/algarve7.pt\/index.php\/wp-json\/wp\/v2\/categories?post=7469"},{"taxonomy":"post_tag","embeddable":true,"href":"https:\/\/algarve7.pt\/index.php\/wp-json\/wp\/v2\/tags?post=7469"}],"curies":[{"name":"wp","href":"https:\/\/api.w.org\/{rel}","templated":true}]}}