{"id":7462,"date":"2021-04-09T10:03:44","date_gmt":"2021-04-09T09:03:44","guid":{"rendered":"https:\/\/algarve7.pt\/?p=7462"},"modified":"2021-04-09T10:03:46","modified_gmt":"2021-04-09T09:03:46","slug":"taca-de-portugal-de-downhill-2021-arranca-em-sao-bras-de-alportel","status":"publish","type":"post","link":"https:\/\/algarve7.pt\/index.php\/2021\/04\/taca-de-portugal-de-downhill-2021-arranca-em-sao-bras-de-alportel\/desporto\/10\/03\/","title":{"rendered":"Ta\u00e7a de Portugal de downhill 2021 arranca em S\u00e3o Br\u00e1s de Alportel,"},"content":{"rendered":"\n<p><strong>Esta \u00e9 a primeira prova europeia de Downhill deste ano e j\u00e1 est\u00e1 confirmada a presen\u00e7a de 150 atletas de 5 nacionalidades, entre os quais os campe\u00f5es nacionais de Downhill de Portugal e Espanha<\/strong><\/p>\n\n\n\n<p><strong>A co<\/strong>nceituada pista do Arimbo, que \u00e9 j\u00e1 uma refer\u00eancia nacional, em plena Serra do Caldeir\u00e3o, recebe este fim de semana, dias 10 e 11 de abril, a primeira etapa da Ta\u00e7a de Portugal de Downhill de 2020, num evento totalmente adaptado ao contexto de pandemia.<\/p>\n\n\n\n<p>Esta que \u00e9 a mais importante competi\u00e7\u00e3o nacional desta modalidade, e reconhecida a n\u00edvel internacional, \u00e9 a primeira prova da europeia deste ano de Downhill. Um evento que tem como palco uma pista de 2 quil\u00f3metros a c\u00e9u aberto, que se prepara para receber 150 atletas de 5 nacionalidades.\u00a0<\/p>\n\n\n\n<p>Os campe\u00f5es nacionais de Portugal e Espanha e parte da sele\u00e7\u00e3o da Irlanda v\u00e3o disputar os melhores resultados neste evento em que o p\u00fablico n\u00e3o ter\u00e1 acesso \u00e0s \u00e1reas de competi\u00e7\u00e3o ou \u00e0s \u00e1reas das equipas participantes, dado o contexto de pandemia.<\/p>\n\n\n\n<p>Os treinos decorrer\u00e3o no s\u00e1bado e a competi\u00e7\u00e3o ter\u00e1 in\u00edcio pelas 11h00 de domingo, estando a cerim\u00f3nia de entrega de pr\u00e9mios marcada para as 17h00.<\/p>\n\n\n\n<p>Sendo uma competi\u00e7\u00e3o individual e a c\u00e9u aberto, de acordo com as normas da Dire\u00e7\u00e3o Geral de Sa\u00fade, o evento foi considerado como de \u201cmuito baixo risco\u201d de cont\u00e1gio por COVID-19, pela Autoridade Local de Sa\u00fade, \u00a0estando a organiza\u00e7\u00e3o a garantir a implementa\u00e7\u00e3o de todas as medidas de preven\u00e7\u00e3o de cont\u00e1gio durante a realiza\u00e7\u00e3o do evento.<\/p>\n\n\n\n<p>O cen\u00e1rio e as condi\u00e7\u00f5es oferecidas pelo territ\u00f3rio s\u00e3o-brasense, pr\u00f3ximo do mar e de portas abertas \u00e0 Serra do Caldeir\u00e3o, s\u00e3o prop\u00edcios \u00e0 pr\u00e1tica do downhill e atraem anualmente centenas de atletas que t\u00eam regressado para est\u00e1gios de pr\u00e9-temporada, com vista a uma melhor prepara\u00e7\u00e3o para os campeonatos internacionais.<\/p>\n\n\n\n<p>Comprometido com a promo\u00e7\u00e3o desportiva no concelho de S\u00e3o Br\u00e1s de Alportel tanto na pr\u00e1tica amadora como na \u00e1rea competitiva e ciente da import\u00e2ncia do turismo desportivo, o Munic\u00edpio de S\u00e3o Br\u00e1s de Alportel organiza uma vez esta prova em colabora\u00e7\u00e3o com a associa\u00e7\u00e3o XDream e a Federa\u00e7\u00e3o Portuguesa de Ciclismo.<\/p>\n","protected":false},"excerpt":{"rendered":"<p>Esta \u00e9 a primeira prova europeia de Downhill deste ano e j\u00e1 est\u00e1 confirmada a presen\u00e7a de 150 atletas de<\/p>\n","protected":false},"author":1,"featured_media":7463,"comment_status":"closed","ping_status":"open","sticky":false,"template":"","format":"standard","meta":{"colormag_page_container_layout":"default_layout","colormag_page_sidebar_layout":"default_layout","_monsterinsights_skip_tracking":false,"_monsterinsights_sitenote_active":false,"_monsterinsights_sitenote_note":"","_monsterinsights_sitenote_category":0,"jetpack_post_was_ever_published":false,"_jetpack_newsletter_access":"","_jetpack_dont_email_post_to_subs":false,"_jetpack_newsletter_tier_id":0,"_jetpack_memberships_contains_paywalled_content":false,"_jetpack_memberships_contains_paid_content":false,"footnotes":"","jetpack_publicize_message":"","jetpack_publicize_feature_enabled":true,"jetpack_social_post_already_shared":true,"jetpack_social_options":{"image_generator_settings":{"template":"highway","default_image_id":0,"font":"","enabled":false},"version":2}},"categories":[15],"tags":[36,40,118,63],"class_list":["post-7462","post","type-post","status-publish","format-standard","has-post-thumbnail","hentry","category-desporto","tag-algarve","tag-desporto","tag-downhill","tag-sao-bras-de-alportel"],"yoast_head":"<!-- This site is optimized with the Yoast SEO plugin v27.5 - https:\/\/yoast.com\/product\/yoast-seo-wordpress\/ -->\n<title>Ta\u00e7a de Portugal de downhill 2021 arranca em S\u00e3o Br\u00e1s de Alportel, - Algarve 7<\/title>\n<meta name=\"description\" content=\"Ta\u00e7a de Portugal de downhill 2021 arranca em S\u00e3o Br\u00e1s de Alportel, Desporto\" \/>\n<meta name=\"robots\" content=\"index, follow, max-snippet:-1, max-image-preview:large, max-video-preview:-1\" \/>\n<link rel=\"canonical\" href=\"https:\/\/algarve7.pt\/index.php\/2021\/04\/taca-de-portugal-de-downhill-2021-arranca-em-sao-bras-de-alportel\/desporto\/10\/03\/\" \/>\n<meta property=\"og:locale\" content=\"pt_PT\" \/>\n<meta property=\"og:type\" content=\"article\" \/>\n<meta property=\"og:title\" content=\"Ta\u00e7a de Portugal de downhill 2021 arranca em S\u00e3o Br\u00e1s de Alportel, - Algarve 7\" \/>\n<meta property=\"og:description\" content=\"Ta\u00e7a de Portugal de downhill 2021 arranca em S\u00e3o Br\u00e1s de Alportel, Desporto\" \/>\n<meta property=\"og:url\" content=\"https:\/\/algarve7.pt\/index.php\/2021\/04\/taca-de-portugal-de-downhill-2021-arranca-em-sao-bras-de-alportel\/desporto\/10\/03\/\" \/>\n<meta property=\"og:site_name\" content=\"Algarve 7\" \/>\n<meta property=\"article:publisher\" content=\"https:\/\/www.facebook.com\/algarve7\" \/>\n<meta property=\"article:author\" content=\"https:\/\/www.facebook.com\/algarve7\" \/>\n<meta property=\"article:published_time\" content=\"2021-04-09T09:03:44+00:00\" \/>\n<meta property=\"article:modified_time\" content=\"2021-04-09T09:03:46+00:00\" \/>\n<meta property=\"og:image\" content=\"https:\/\/algarve7.pt\/wp-content\/uploads\/2021\/04\/DH_SaoBrasAlportel.jpg\" \/>\n\t<meta property=\"og:image:width\" content=\"640\" \/>\n\t<meta property=\"og:image:height\" content=\"427\" \/>\n\t<meta property=\"og:image:type\" content=\"image\/jpeg\" \/>\n<meta name=\"author\" content=\"Algarve 7\" \/>\n<meta name=\"twitter:card\" content=\"summary_large_image\" \/>\n<meta name=\"twitter:creator\" content=\"@Algarvesete\" \/>\n<meta name=\"twitter:site\" content=\"@Algarvesete\" \/>\n<meta name=\"twitter:label1\" content=\"Escrito por\" \/>\n\t<meta name=\"twitter:data1\" content=\"Algarve 7\" \/>\n\t<meta name=\"twitter:label2\" content=\"Tempo estimado de leitura\" \/>\n\t<meta name=\"twitter:data2\" content=\"2 minutos\" \/>\n<script type=\"application\/ld+json\" class=\"yoast-schema-graph\">{\"@context\":\"https:\\\/\\\/schema.org\",\"@graph\":[{\"@type\":\"Article\",\"@id\":\"https:\\\/\\\/algarve7.pt\\\/index.php\\\/2021\\\/04\\\/taca-de-portugal-de-downhill-2021-arranca-em-sao-bras-de-alportel\\\/desporto\\\/10\\\/03\\\/#article\",\"isPartOf\":{\"@id\":\"https:\\\/\\\/algarve7.pt\\\/index.php\\\/2021\\\/04\\\/taca-de-portugal-de-downhill-2021-arranca-em-sao-bras-de-alportel\\\/desporto\\\/10\\\/03\\\/\"},\"author\":{\"name\":\"Algarve 7\",\"@id\":\"https:\\\/\\\/algarve7.pt\\\/#\\\/schema\\\/person\\\/23fa70681308e7b319a3204bcea45e0c\"},\"headline\":\"Ta\u00e7a de Portugal de downhill 2021 arranca em S\u00e3o Br\u00e1s de Alportel,\",\"datePublished\":\"2021-04-09T09:03:44+00:00\",\"dateModified\":\"2021-04-09T09:03:46+00:00\",\"mainEntityOfPage\":{\"@id\":\"https:\\\/\\\/algarve7.pt\\\/index.php\\\/2021\\\/04\\\/taca-de-portugal-de-downhill-2021-arranca-em-sao-bras-de-alportel\\\/desporto\\\/10\\\/03\\\/\"},\"wordCount\":408,\"publisher\":{\"@id\":\"https:\\\/\\\/algarve7.pt\\\/#organization\"},\"image\":{\"@id\":\"https:\\\/\\\/algarve7.pt\\\/index.php\\\/2021\\\/04\\\/taca-de-portugal-de-downhill-2021-arranca-em-sao-bras-de-alportel\\\/desporto\\\/10\\\/03\\\/#primaryimage\"},\"thumbnailUrl\":\"https:\\\/\\\/algarve7.pt\\\/wp-content\\\/uploads\\\/2021\\\/04\\\/DH_SaoBrasAlportel.jpg\",\"keywords\":[\"Algarve\",\"Desporto\",\"Downhill\",\"S\u00e3o Br\u00e1s de Alportel\"],\"articleSection\":[\"Desporto\"],\"inLanguage\":\"pt-PT\"},{\"@type\":\"WebPage\",\"@id\":\"https:\\\/\\\/algarve7.pt\\\/index.php\\\/2021\\\/04\\\/taca-de-portugal-de-downhill-2021-arranca-em-sao-bras-de-alportel\\\/desporto\\\/10\\\/03\\\/\",\"url\":\"https:\\\/\\\/algarve7.pt\\\/index.php\\\/2021\\\/04\\\/taca-de-portugal-de-downhill-2021-arranca-em-sao-bras-de-alportel\\\/desporto\\\/10\\\/03\\\/\",\"name\":\"Ta\u00e7a de Portugal de downhill 2021 arranca em S\u00e3o Br\u00e1s de Alportel, - Algarve 7\",\"isPartOf\":{\"@id\":\"https:\\\/\\\/algarve7.pt\\\/#website\"},\"primaryImageOfPage\":{\"@id\":\"https:\\\/\\\/algarve7.pt\\\/index.php\\\/2021\\\/04\\\/taca-de-portugal-de-downhill-2021-arranca-em-sao-bras-de-alportel\\\/desporto\\\/10\\\/03\\\/#primaryimage\"},\"image\":{\"@id\":\"https:\\\/\\\/algarve7.pt\\\/index.php\\\/2021\\\/04\\\/taca-de-portugal-de-downhill-2021-arranca-em-sao-bras-de-alportel\\\/desporto\\\/10\\\/03\\\/#primaryimage\"},\"thumbnailUrl\":\"https:\\\/\\\/algarve7.pt\\\/wp-content\\\/uploads\\\/2021\\\/04\\\/DH_SaoBrasAlportel.jpg\",\"datePublished\":\"2021-04-09T09:03:44+00:00\",\"dateModified\":\"2021-04-09T09:03:46+00:00\",\"description\":\"Ta\u00e7a de Portugal de downhill 2021 arranca em S\u00e3o Br\u00e1s de Alportel, Desporto\",\"breadcrumb\":{\"@id\":\"https:\\\/\\\/algarve7.pt\\\/index.php\\\/2021\\\/04\\\/taca-de-portugal-de-downhill-2021-arranca-em-sao-bras-de-alportel\\\/desporto\\\/10\\\/03\\\/#breadcrumb\"},\"inLanguage\":\"pt-PT\",\"potentialAction\":[{\"@type\":\"ReadAction\",\"target\":[\"https:\\\/\\\/algarve7.pt\\\/index.php\\\/2021\\\/04\\\/taca-de-portugal-de-downhill-2021-arranca-em-sao-bras-de-alportel\\\/desporto\\\/10\\\/03\\\/\"]}]},{\"@type\":\"ImageObject\",\"inLanguage\":\"pt-PT\",\"@id\":\"https:\\\/\\\/algarve7.pt\\\/index.php\\\/2021\\\/04\\\/taca-de-portugal-de-downhill-2021-arranca-em-sao-bras-de-alportel\\\/desporto\\\/10\\\/03\\\/#primaryimage\",\"url\":\"https:\\\/\\\/algarve7.pt\\\/wp-content\\\/uploads\\\/2021\\\/04\\\/DH_SaoBrasAlportel.jpg\",\"contentUrl\":\"https:\\\/\\\/algarve7.pt\\\/wp-content\\\/uploads\\\/2021\\\/04\\\/DH_SaoBrasAlportel.jpg\",\"width\":640,\"height\":427},{\"@type\":\"BreadcrumbList\",\"@id\":\"https:\\\/\\\/algarve7.pt\\\/index.php\\\/2021\\\/04\\\/taca-de-portugal-de-downhill-2021-arranca-em-sao-bras-de-alportel\\\/desporto\\\/10\\\/03\\\/#breadcrumb\",\"itemListElement\":[{\"@type\":\"ListItem\",\"position\":1,\"name\":\"In\u00edcio\",\"item\":\"https:\\\/\\\/algarve7.pt\\\/\"},{\"@type\":\"ListItem\",\"position\":2,\"name\":\"Ta\u00e7a de Portugal de downhill 2021 arranca em S\u00e3o Br\u00e1s de Alportel,\"}]},{\"@type\":\"WebSite\",\"@id\":\"https:\\\/\\\/algarve7.pt\\\/#website\",\"url\":\"https:\\\/\\\/algarve7.pt\\\/\",\"name\":\"Algarve 7\",\"description\":\"Informa\u00e7\u00e3o sobre o Algarve\",\"publisher\":{\"@id\":\"https:\\\/\\\/algarve7.pt\\\/#organization\"},\"potentialAction\":[{\"@type\":\"SearchAction\",\"target\":{\"@type\":\"EntryPoint\",\"urlTemplate\":\"https:\\\/\\\/algarve7.pt\\\/?s={search_term_string}\"},\"query-input\":{\"@type\":\"PropertyValueSpecification\",\"valueRequired\":true,\"valueName\":\"search_term_string\"}}],\"inLanguage\":\"pt-PT\"},{\"@type\":\"Organization\",\"@id\":\"https:\\\/\\\/algarve7.pt\\\/#organization\",\"name\":\"Algarve 7\",\"url\":\"https:\\\/\\\/algarve7.pt\\\/\",\"logo\":{\"@type\":\"ImageObject\",\"inLanguage\":\"pt-PT\",\"@id\":\"https:\\\/\\\/algarve7.pt\\\/#\\\/schema\\\/logo\\\/image\\\/\",\"url\":\"https:\\\/\\\/algarve7.pt\\\/wp-content\\\/uploads\\\/2020\\\/10\\\/Logo-8.jpg\",\"contentUrl\":\"https:\\\/\\\/algarve7.pt\\\/wp-content\\\/uploads\\\/2020\\\/10\\\/Logo-8.jpg\",\"width\":1680,\"height\":1186,\"caption\":\"Algarve 7\"},\"image\":{\"@id\":\"https:\\\/\\\/algarve7.pt\\\/#\\\/schema\\\/logo\\\/image\\\/\"},\"sameAs\":[\"https:\\\/\\\/www.facebook.com\\\/algarve7\",\"https:\\\/\\\/x.com\\\/Algarvesete\",\"https:\\\/\\\/www.instagram.com\\\/jornalalgarve7\\\/\",\"https:\\\/\\\/www.linkedin.com\\\/company\\\/algarve7\",\"https:\\\/\\\/www.pinterest.pt\\\/geral0939\\\/_created\\\/\"]},{\"@type\":\"Person\",\"@id\":\"https:\\\/\\\/algarve7.pt\\\/#\\\/schema\\\/person\\\/23fa70681308e7b319a3204bcea45e0c\",\"name\":\"Algarve 7\",\"sameAs\":[\"https:\\\/\\\/algarve7.pt\",\"https:\\\/\\\/www.facebook.com\\\/algarve7\"],\"url\":\"https:\\\/\\\/algarve7.pt\\\/index.php\\\/author\\\/geralalgarve7-pt\\\/\"}]}<\/script>\n<!-- \/ Yoast SEO plugin. -->","yoast_head_json":{"title":"Ta\u00e7a de Portugal de downhill 2021 arranca em S\u00e3o Br\u00e1s de Alportel, - Algarve 7","description":"Ta\u00e7a de Portugal de downhill 2021 arranca em S\u00e3o Br\u00e1s de Alportel, Desporto","robots":{"index":"index","follow":"follow","max-snippet":"max-snippet:-1","max-image-preview":"max-image-preview:large","max-video-preview":"max-video-preview:-1"},"canonical":"https:\/\/algarve7.pt\/index.php\/2021\/04\/taca-de-portugal-de-downhill-2021-arranca-em-sao-bras-de-alportel\/desporto\/10\/03\/","og_locale":"pt_PT","og_type":"article","og_title":"Ta\u00e7a de Portugal de downhill 2021 arranca em S\u00e3o Br\u00e1s de Alportel, - Algarve 7","og_description":"Ta\u00e7a de Portugal de downhill 2021 arranca em S\u00e3o Br\u00e1s de Alportel, Desporto","og_url":"https:\/\/algarve7.pt\/index.php\/2021\/04\/taca-de-portugal-de-downhill-2021-arranca-em-sao-bras-de-alportel\/desporto\/10\/03\/","og_site_name":"Algarve 7","article_publisher":"https:\/\/www.facebook.com\/algarve7","article_author":"https:\/\/www.facebook.com\/algarve7","article_published_time":"2021-04-09T09:03:44+00:00","article_modified_time":"2021-04-09T09:03:46+00:00","og_image":[{"width":640,"height":427,"url":"https:\/\/algarve7.pt\/wp-content\/uploads\/2021\/04\/DH_SaoBrasAlportel.jpg","type":"image\/jpeg"}],"author":"Algarve 7","twitter_card":"summary_large_image","twitter_creator":"@Algarvesete","twitter_site":"@Algarvesete","twitter_misc":{"Escrito por":"Algarve 7","Tempo estimado de leitura":"2 minutos"},"schema":{"@context":"https:\/\/schema.org","@graph":[{"@type":"Article","@id":"https:\/\/algarve7.pt\/index.php\/2021\/04\/taca-de-portugal-de-downhill-2021-arranca-em-sao-bras-de-alportel\/desporto\/10\/03\/#article","isPartOf":{"@id":"https:\/\/algarve7.pt\/index.php\/2021\/04\/taca-de-portugal-de-downhill-2021-arranca-em-sao-bras-de-alportel\/desporto\/10\/03\/"},"author":{"name":"Algarve 7","@id":"https:\/\/algarve7.pt\/#\/schema\/person\/23fa70681308e7b319a3204bcea45e0c"},"headline":"Ta\u00e7a de Portugal de downhill 2021 arranca em S\u00e3o Br\u00e1s de Alportel,","datePublished":"2021-04-09T09:03:44+00:00","dateModified":"2021-04-09T09:03:46+00:00","mainEntityOfPage":{"@id":"https:\/\/algarve7.pt\/index.php\/2021\/04\/taca-de-portugal-de-downhill-2021-arranca-em-sao-bras-de-alportel\/desporto\/10\/03\/"},"wordCount":408,"publisher":{"@id":"https:\/\/algarve7.pt\/#organization"},"image":{"@id":"https:\/\/algarve7.pt\/index.php\/2021\/04\/taca-de-portugal-de-downhill-2021-arranca-em-sao-bras-de-alportel\/desporto\/10\/03\/#primaryimage"},"thumbnailUrl":"https:\/\/algarve7.pt\/wp-content\/uploads\/2021\/04\/DH_SaoBrasAlportel.jpg","keywords":["Algarve","Desporto","Downhill","S\u00e3o Br\u00e1s de Alportel"],"articleSection":["Desporto"],"inLanguage":"pt-PT"},{"@type":"WebPage","@id":"https:\/\/algarve7.pt\/index.php\/2021\/04\/taca-de-portugal-de-downhill-2021-arranca-em-sao-bras-de-alportel\/desporto\/10\/03\/","url":"https:\/\/algarve7.pt\/index.php\/2021\/04\/taca-de-portugal-de-downhill-2021-arranca-em-sao-bras-de-alportel\/desporto\/10\/03\/","name":"Ta\u00e7a de Portugal de downhill 2021 arranca em S\u00e3o Br\u00e1s de Alportel, - Algarve 7","isPartOf":{"@id":"https:\/\/algarve7.pt\/#website"},"primaryImageOfPage":{"@id":"https:\/\/algarve7.pt\/index.php\/2021\/04\/taca-de-portugal-de-downhill-2021-arranca-em-sao-bras-de-alportel\/desporto\/10\/03\/#primaryimage"},"image":{"@id":"https:\/\/algarve7.pt\/index.php\/2021\/04\/taca-de-portugal-de-downhill-2021-arranca-em-sao-bras-de-alportel\/desporto\/10\/03\/#primaryimage"},"thumbnailUrl":"https:\/\/algarve7.pt\/wp-content\/uploads\/2021\/04\/DH_SaoBrasAlportel.jpg","datePublished":"2021-04-09T09:03:44+00:00","dateModified":"2021-04-09T09:03:46+00:00","description":"Ta\u00e7a de Portugal de downhill 2021 arranca em S\u00e3o Br\u00e1s de Alportel, Desporto","breadcrumb":{"@id":"https:\/\/algarve7.pt\/index.php\/2021\/04\/taca-de-portugal-de-downhill-2021-arranca-em-sao-bras-de-alportel\/desporto\/10\/03\/#breadcrumb"},"inLanguage":"pt-PT","potentialAction":[{"@type":"ReadAction","target":["https:\/\/algarve7.pt\/index.php\/2021\/04\/taca-de-portugal-de-downhill-2021-arranca-em-sao-bras-de-alportel\/desporto\/10\/03\/"]}]},{"@type":"ImageObject","inLanguage":"pt-PT","@id":"https:\/\/algarve7.pt\/index.php\/2021\/04\/taca-de-portugal-de-downhill-2021-arranca-em-sao-bras-de-alportel\/desporto\/10\/03\/#primaryimage","url":"https:\/\/algarve7.pt\/wp-content\/uploads\/2021\/04\/DH_SaoBrasAlportel.jpg","contentUrl":"https:\/\/algarve7.pt\/wp-content\/uploads\/2021\/04\/DH_SaoBrasAlportel.jpg","width":640,"height":427},{"@type":"BreadcrumbList","@id":"https:\/\/algarve7.pt\/index.php\/2021\/04\/taca-de-portugal-de-downhill-2021-arranca-em-sao-bras-de-alportel\/desporto\/10\/03\/#breadcrumb","itemListElement":[{"@type":"ListItem","position":1,"name":"In\u00edcio","item":"https:\/\/algarve7.pt\/"},{"@type":"ListItem","position":2,"name":"Ta\u00e7a de Portugal de downhill 2021 arranca em S\u00e3o Br\u00e1s de Alportel,"}]},{"@type":"WebSite","@id":"https:\/\/algarve7.pt\/#website","url":"https:\/\/algarve7.pt\/","name":"Algarve 7","description":"Informa\u00e7\u00e3o sobre o Algarve","publisher":{"@id":"https:\/\/algarve7.pt\/#organization"},"potentialAction":[{"@type":"SearchAction","target":{"@type":"EntryPoint","urlTemplate":"https:\/\/algarve7.pt\/?s={search_term_string}"},"query-input":{"@type":"PropertyValueSpecification","valueRequired":true,"valueName":"search_term_string"}}],"inLanguage":"pt-PT"},{"@type":"Organization","@id":"https:\/\/algarve7.pt\/#organization","name":"Algarve 7","url":"https:\/\/algarve7.pt\/","logo":{"@type":"ImageObject","inLanguage":"pt-PT","@id":"https:\/\/algarve7.pt\/#\/schema\/logo\/image\/","url":"https:\/\/algarve7.pt\/wp-content\/uploads\/2020\/10\/Logo-8.jpg","contentUrl":"https:\/\/algarve7.pt\/wp-content\/uploads\/2020\/10\/Logo-8.jpg","width":1680,"height":1186,"caption":"Algarve 7"},"image":{"@id":"https:\/\/algarve7.pt\/#\/schema\/logo\/image\/"},"sameAs":["https:\/\/www.facebook.com\/algarve7","https:\/\/x.com\/Algarvesete","https:\/\/www.instagram.com\/jornalalgarve7\/","https:\/\/www.linkedin.com\/company\/algarve7","https:\/\/www.pinterest.pt\/geral0939\/_created\/"]},{"@type":"Person","@id":"https:\/\/algarve7.pt\/#\/schema\/person\/23fa70681308e7b319a3204bcea45e0c","name":"Algarve 7","sameAs":["https:\/\/algarve7.pt","https:\/\/www.facebook.com\/algarve7"],"url":"https:\/\/algarve7.pt\/index.php\/author\/geralalgarve7-pt\/"}]}},"jetpack_publicize_connections":[],"jetpack_featured_media_url":"https:\/\/algarve7.pt\/wp-content\/uploads\/2021\/04\/DH_SaoBrasAlportel.jpg","jetpack_shortlink":"https:\/\/wp.me\/pcezmW-1Wm","jetpack_sharing_enabled":true,"_links":{"self":[{"href":"https:\/\/algarve7.pt\/index.php\/wp-json\/wp\/v2\/posts\/7462","targetHints":{"allow":["GET"]}}],"collection":[{"href":"https:\/\/algarve7.pt\/index.php\/wp-json\/wp\/v2\/posts"}],"about":[{"href":"https:\/\/algarve7.pt\/index.php\/wp-json\/wp\/v2\/types\/post"}],"author":[{"embeddable":true,"href":"https:\/\/algarve7.pt\/index.php\/wp-json\/wp\/v2\/users\/1"}],"replies":[{"embeddable":true,"href":"https:\/\/algarve7.pt\/index.php\/wp-json\/wp\/v2\/comments?post=7462"}],"version-history":[{"count":0,"href":"https:\/\/algarve7.pt\/index.php\/wp-json\/wp\/v2\/posts\/7462\/revisions"}],"wp:featuredmedia":[{"embeddable":true,"href":"https:\/\/algarve7.pt\/index.php\/wp-json\/wp\/v2\/media\/7463"}],"wp:attachment":[{"href":"https:\/\/algarve7.pt\/index.php\/wp-json\/wp\/v2\/media?parent=7462"}],"wp:term":[{"taxonomy":"category","embeddable":true,"href":"https:\/\/algarve7.pt\/index.php\/wp-json\/wp\/v2\/categories?post=7462"},{"taxonomy":"post_tag","embeddable":true,"href":"https:\/\/algarve7.pt\/index.php\/wp-json\/wp\/v2\/tags?post=7462"}],"curies":[{"name":"wp","href":"https:\/\/api.w.org\/{rel}","templated":true}]}}