{"id":7459,"date":"2021-04-09T09:15:00","date_gmt":"2021-04-09T08:15:00","guid":{"rendered":"https:\/\/algarve7.pt\/?p=7459"},"modified":"2021-04-09T08:32:35","modified_gmt":"2021-04-09T07:32:35","slug":"municipio-e-cidadaos-empenhados-na-defesa-da-ponta-da-piedade","status":"publish","type":"post","link":"https:\/\/algarve7.pt\/index.php\/2021\/04\/municipio-e-cidadaos-empenhados-na-defesa-da-ponta-da-piedade\/atualidade\/09\/15\/","title":{"rendered":"Munic\u00edpio e cidad\u00e3os empenhados na defesa da Ponta da Piedade"},"content":{"rendered":"\n<p>O presidente da C\u00e2mara Municipal de Lagos recebeu hoje, das m\u00e3os do l\u00edder do movimento Diem 25, a carta aberta sobre a defesa da Ponta da Piedade dirigida ao munic\u00edpio. Escutando com aten\u00e7\u00e3o as preocupa\u00e7\u00f5es deste grupo de cidad\u00e3os, Hugo Pereira aproveitou a oportunidade para reafirmar o interesse e investimento que a Ponta da Piedade tem merecido nas pol\u00edticas municipais e com estes partilhar detalhes sobre a interven\u00e7\u00e3o que se encontra em desenvolvimento, correspondente \u00e0 segunda fase do projeto de requalifica\u00e7\u00e3o. Garantir que toda a referida \u00e1rea seja devidamente preservada, valorizada e permane\u00e7a acess\u00edvel \u00e0 popula\u00e7\u00e3o residente e visitantes parece ser, afinal, um objetivo comum.<\/p>\n\n\n\n<p>Tais informa\u00e7\u00f5es j\u00e1 haviam sido transmitidas direta e pessoalmente ao representante do movimento, o Sr. Jonathan Silva, em audi\u00eancia concedida pelo presidente do munic\u00edpio h\u00e1 cerca de uma semana. Nessa reuni\u00e3o foi-lhe apresentado o Estudo Pr\u00e9vio, j\u00e1 devidamente validado pela Ag\u00eancia Portuguesa do Ambiente e pela CCDR Algarve, o qual mereceu o agrado do representante da Diem25.<\/p>\n\n\n\n<p>A C\u00e2mara Municipal de Lagos encontra-se a desenvolver um projeto de continuidade da requalifica\u00e7\u00e3o daquela \u00e1rea, que ser\u00e1 devidamente divulgado, o qual incluir\u00e1, al\u00e9m de um conjunto variado de a\u00e7\u00f5es de renaturaliza\u00e7\u00e3o e valoriza\u00e7\u00e3o ambiental, a instala\u00e7\u00e3o de passadi\u00e7os, que ter\u00e3o por base os trilhos de passagem existentes no tro\u00e7o de arribas costeiras entre a praia do Pinh\u00e3o e o Farol da Ponta da Piedade, para maior comodidade e seguran\u00e7a dos cidad\u00e3os no usufruto do local. Pretende-se ainda a renaturaliza\u00e7\u00e3o do espa\u00e7o de defesa das fal\u00e9sias contribuindo para a sua preserva\u00e7\u00e3o.<\/p>\n\n\n\n<p>A segunda fase do projeto de requalifica\u00e7\u00e3o da Ponta da Piedade assenta n\u00e3o s\u00f3 nos mesmos princ\u00edpios da interven\u00e7\u00e3o j\u00e1 realizada no tro\u00e7o entre o Farol e a Praia do Canavial, mas abranger\u00e1 tamb\u00e9m, entre outros aspetos, o reordenamento da ocupa\u00e7\u00e3o do espa\u00e7o p\u00fablico, o condicionamento do tr\u00e2nsito e do estacionamento autom\u00f3vel, a circula\u00e7\u00e3o pedonal e cicl\u00e1vel em percursos dedicados &#8211; para diminui\u00e7\u00e3o do pisoteio indiscriminado e preserva\u00e7\u00e3o da flora aut\u00f3ctone &#8211; a ilumina\u00e7\u00e3o p\u00fablica, novos miradouros e o memorial em homenagem a Sophia de Mello Breyner Andresen.<\/p>\n\n\n\n<p>A interven\u00e7\u00e3o da primeira e segundas fases assenta num projeto financiado pela Uni\u00e3o Europeia num investimento total de aproximadamente 2,7 milh\u00f5es de euros, dos quais 60% ser\u00e3o financiados.<strong><\/strong><\/p>\n","protected":false},"excerpt":{"rendered":"<p>O presidente da C\u00e2mara Municipal de Lagos recebeu hoje, das m\u00e3os do l\u00edder do movimento Diem 25, a carta aberta<\/p>\n","protected":false},"author":1,"featured_media":7460,"comment_status":"closed","ping_status":"open","sticky":false,"template":"","format":"standard","meta":{"colormag_page_container_layout":"default_layout","colormag_page_sidebar_layout":"default_layout","_monsterinsights_skip_tracking":false,"_monsterinsights_sitenote_active":false,"_monsterinsights_sitenote_note":"","_monsterinsights_sitenote_category":0,"jetpack_post_was_ever_published":false,"_jetpack_newsletter_access":"","_jetpack_dont_email_post_to_subs":false,"_jetpack_newsletter_tier_id":0,"_jetpack_memberships_contains_paywalled_content":false,"_jetpack_memberships_contains_paid_content":false,"footnotes":"","jetpack_publicize_message":"","jetpack_publicize_feature_enabled":true,"jetpack_social_post_already_shared":true,"jetpack_social_options":{"image_generator_settings":{"template":"highway","default_image_id":0,"font":"","enabled":false},"version":2}},"categories":[11],"tags":[36,62,68],"class_list":["post-7459","post","type-post","status-publish","format-standard","has-post-thumbnail","hentry","category-atualidade","tag-algarve","tag-atualidade","tag-lagos"],"yoast_head":"<!-- This site is optimized with the Yoast SEO plugin v27.5 - https:\/\/yoast.com\/product\/yoast-seo-wordpress\/ -->\n<title>Munic\u00edpio e cidad\u00e3os empenhados na defesa da Ponta da Piedade - Algarve 7<\/title>\n<meta name=\"description\" content=\"Munic\u00edpio e cidad\u00e3os empenhados na defesa da Ponta da Piedade Atualidade\" \/>\n<meta name=\"robots\" content=\"index, follow, max-snippet:-1, max-image-preview:large, max-video-preview:-1\" \/>\n<link rel=\"canonical\" href=\"https:\/\/algarve7.pt\/index.php\/2021\/04\/municipio-e-cidadaos-empenhados-na-defesa-da-ponta-da-piedade\/atualidade\/09\/15\/\" \/>\n<meta property=\"og:locale\" content=\"pt_PT\" \/>\n<meta property=\"og:type\" content=\"article\" \/>\n<meta property=\"og:title\" content=\"Munic\u00edpio e cidad\u00e3os empenhados na defesa da Ponta da Piedade - Algarve 7\" \/>\n<meta property=\"og:description\" content=\"Munic\u00edpio e cidad\u00e3os empenhados na defesa da Ponta da Piedade Atualidade\" \/>\n<meta property=\"og:url\" content=\"https:\/\/algarve7.pt\/index.php\/2021\/04\/municipio-e-cidadaos-empenhados-na-defesa-da-ponta-da-piedade\/atualidade\/09\/15\/\" \/>\n<meta property=\"og:site_name\" content=\"Algarve 7\" \/>\n<meta property=\"article:publisher\" content=\"https:\/\/www.facebook.com\/algarve7\" \/>\n<meta property=\"article:author\" content=\"https:\/\/www.facebook.com\/algarve7\" \/>\n<meta property=\"article:published_time\" content=\"2021-04-09T08:15:00+00:00\" \/>\n<meta property=\"og:image\" content=\"https:\/\/algarve7.pt\/wp-content\/uploads\/2021\/04\/Manifestacao-protecao-Ponta-Piedade4_OCS.jpg\" \/>\n\t<meta property=\"og:image:width\" content=\"1200\" \/>\n\t<meta property=\"og:image:height\" content=\"800\" \/>\n\t<meta property=\"og:image:type\" content=\"image\/jpeg\" \/>\n<meta name=\"author\" content=\"Algarve 7\" \/>\n<meta name=\"twitter:card\" content=\"summary_large_image\" \/>\n<meta name=\"twitter:creator\" content=\"@Algarvesete\" \/>\n<meta name=\"twitter:site\" content=\"@Algarvesete\" \/>\n<meta name=\"twitter:label1\" content=\"Escrito por\" \/>\n\t<meta name=\"twitter:data1\" content=\"Algarve 7\" \/>\n\t<meta name=\"twitter:label2\" content=\"Tempo estimado de leitura\" \/>\n\t<meta name=\"twitter:data2\" content=\"2 minutos\" \/>\n<script type=\"application\/ld+json\" class=\"yoast-schema-graph\">{\"@context\":\"https:\\\/\\\/schema.org\",\"@graph\":[{\"@type\":\"Article\",\"@id\":\"https:\\\/\\\/algarve7.pt\\\/index.php\\\/2021\\\/04\\\/municipio-e-cidadaos-empenhados-na-defesa-da-ponta-da-piedade\\\/atualidade\\\/09\\\/15\\\/#article\",\"isPartOf\":{\"@id\":\"https:\\\/\\\/algarve7.pt\\\/index.php\\\/2021\\\/04\\\/municipio-e-cidadaos-empenhados-na-defesa-da-ponta-da-piedade\\\/atualidade\\\/09\\\/15\\\/\"},\"author\":{\"name\":\"Algarve 7\",\"@id\":\"https:\\\/\\\/algarve7.pt\\\/#\\\/schema\\\/person\\\/23fa70681308e7b319a3204bcea45e0c\"},\"headline\":\"Munic\u00edpio e cidad\u00e3os empenhados na defesa da Ponta da Piedade\",\"datePublished\":\"2021-04-09T08:15:00+00:00\",\"mainEntityOfPage\":{\"@id\":\"https:\\\/\\\/algarve7.pt\\\/index.php\\\/2021\\\/04\\\/municipio-e-cidadaos-empenhados-na-defesa-da-ponta-da-piedade\\\/atualidade\\\/09\\\/15\\\/\"},\"wordCount\":434,\"publisher\":{\"@id\":\"https:\\\/\\\/algarve7.pt\\\/#organization\"},\"image\":{\"@id\":\"https:\\\/\\\/algarve7.pt\\\/index.php\\\/2021\\\/04\\\/municipio-e-cidadaos-empenhados-na-defesa-da-ponta-da-piedade\\\/atualidade\\\/09\\\/15\\\/#primaryimage\"},\"thumbnailUrl\":\"https:\\\/\\\/algarve7.pt\\\/wp-content\\\/uploads\\\/2021\\\/04\\\/Manifestacao-protecao-Ponta-Piedade4_OCS.jpg\",\"keywords\":[\"Algarve\",\"Atualidade\",\"Lagos\"],\"articleSection\":[\"Atualidade\"],\"inLanguage\":\"pt-PT\"},{\"@type\":\"WebPage\",\"@id\":\"https:\\\/\\\/algarve7.pt\\\/index.php\\\/2021\\\/04\\\/municipio-e-cidadaos-empenhados-na-defesa-da-ponta-da-piedade\\\/atualidade\\\/09\\\/15\\\/\",\"url\":\"https:\\\/\\\/algarve7.pt\\\/index.php\\\/2021\\\/04\\\/municipio-e-cidadaos-empenhados-na-defesa-da-ponta-da-piedade\\\/atualidade\\\/09\\\/15\\\/\",\"name\":\"Munic\u00edpio e cidad\u00e3os empenhados na defesa da Ponta da Piedade - Algarve 7\",\"isPartOf\":{\"@id\":\"https:\\\/\\\/algarve7.pt\\\/#website\"},\"primaryImageOfPage\":{\"@id\":\"https:\\\/\\\/algarve7.pt\\\/index.php\\\/2021\\\/04\\\/municipio-e-cidadaos-empenhados-na-defesa-da-ponta-da-piedade\\\/atualidade\\\/09\\\/15\\\/#primaryimage\"},\"image\":{\"@id\":\"https:\\\/\\\/algarve7.pt\\\/index.php\\\/2021\\\/04\\\/municipio-e-cidadaos-empenhados-na-defesa-da-ponta-da-piedade\\\/atualidade\\\/09\\\/15\\\/#primaryimage\"},\"thumbnailUrl\":\"https:\\\/\\\/algarve7.pt\\\/wp-content\\\/uploads\\\/2021\\\/04\\\/Manifestacao-protecao-Ponta-Piedade4_OCS.jpg\",\"datePublished\":\"2021-04-09T08:15:00+00:00\",\"description\":\"Munic\u00edpio e cidad\u00e3os empenhados na defesa da Ponta da Piedade Atualidade\",\"breadcrumb\":{\"@id\":\"https:\\\/\\\/algarve7.pt\\\/index.php\\\/2021\\\/04\\\/municipio-e-cidadaos-empenhados-na-defesa-da-ponta-da-piedade\\\/atualidade\\\/09\\\/15\\\/#breadcrumb\"},\"inLanguage\":\"pt-PT\",\"potentialAction\":[{\"@type\":\"ReadAction\",\"target\":[\"https:\\\/\\\/algarve7.pt\\\/index.php\\\/2021\\\/04\\\/municipio-e-cidadaos-empenhados-na-defesa-da-ponta-da-piedade\\\/atualidade\\\/09\\\/15\\\/\"]}]},{\"@type\":\"ImageObject\",\"inLanguage\":\"pt-PT\",\"@id\":\"https:\\\/\\\/algarve7.pt\\\/index.php\\\/2021\\\/04\\\/municipio-e-cidadaos-empenhados-na-defesa-da-ponta-da-piedade\\\/atualidade\\\/09\\\/15\\\/#primaryimage\",\"url\":\"https:\\\/\\\/algarve7.pt\\\/wp-content\\\/uploads\\\/2021\\\/04\\\/Manifestacao-protecao-Ponta-Piedade4_OCS.jpg\",\"contentUrl\":\"https:\\\/\\\/algarve7.pt\\\/wp-content\\\/uploads\\\/2021\\\/04\\\/Manifestacao-protecao-Ponta-Piedade4_OCS.jpg\",\"width\":1200,\"height\":800},{\"@type\":\"BreadcrumbList\",\"@id\":\"https:\\\/\\\/algarve7.pt\\\/index.php\\\/2021\\\/04\\\/municipio-e-cidadaos-empenhados-na-defesa-da-ponta-da-piedade\\\/atualidade\\\/09\\\/15\\\/#breadcrumb\",\"itemListElement\":[{\"@type\":\"ListItem\",\"position\":1,\"name\":\"In\u00edcio\",\"item\":\"https:\\\/\\\/algarve7.pt\\\/\"},{\"@type\":\"ListItem\",\"position\":2,\"name\":\"Munic\u00edpio e cidad\u00e3os empenhados na defesa da Ponta da Piedade\"}]},{\"@type\":\"WebSite\",\"@id\":\"https:\\\/\\\/algarve7.pt\\\/#website\",\"url\":\"https:\\\/\\\/algarve7.pt\\\/\",\"name\":\"Algarve 7\",\"description\":\"Informa\u00e7\u00e3o sobre o Algarve\",\"publisher\":{\"@id\":\"https:\\\/\\\/algarve7.pt\\\/#organization\"},\"potentialAction\":[{\"@type\":\"SearchAction\",\"target\":{\"@type\":\"EntryPoint\",\"urlTemplate\":\"https:\\\/\\\/algarve7.pt\\\/?s={search_term_string}\"},\"query-input\":{\"@type\":\"PropertyValueSpecification\",\"valueRequired\":true,\"valueName\":\"search_term_string\"}}],\"inLanguage\":\"pt-PT\"},{\"@type\":\"Organization\",\"@id\":\"https:\\\/\\\/algarve7.pt\\\/#organization\",\"name\":\"Algarve 7\",\"url\":\"https:\\\/\\\/algarve7.pt\\\/\",\"logo\":{\"@type\":\"ImageObject\",\"inLanguage\":\"pt-PT\",\"@id\":\"https:\\\/\\\/algarve7.pt\\\/#\\\/schema\\\/logo\\\/image\\\/\",\"url\":\"https:\\\/\\\/algarve7.pt\\\/wp-content\\\/uploads\\\/2020\\\/10\\\/Logo-8.jpg\",\"contentUrl\":\"https:\\\/\\\/algarve7.pt\\\/wp-content\\\/uploads\\\/2020\\\/10\\\/Logo-8.jpg\",\"width\":1680,\"height\":1186,\"caption\":\"Algarve 7\"},\"image\":{\"@id\":\"https:\\\/\\\/algarve7.pt\\\/#\\\/schema\\\/logo\\\/image\\\/\"},\"sameAs\":[\"https:\\\/\\\/www.facebook.com\\\/algarve7\",\"https:\\\/\\\/x.com\\\/Algarvesete\",\"https:\\\/\\\/www.instagram.com\\\/jornalalgarve7\\\/\",\"https:\\\/\\\/www.linkedin.com\\\/company\\\/algarve7\",\"https:\\\/\\\/www.pinterest.pt\\\/geral0939\\\/_created\\\/\"]},{\"@type\":\"Person\",\"@id\":\"https:\\\/\\\/algarve7.pt\\\/#\\\/schema\\\/person\\\/23fa70681308e7b319a3204bcea45e0c\",\"name\":\"Algarve 7\",\"sameAs\":[\"https:\\\/\\\/algarve7.pt\",\"https:\\\/\\\/www.facebook.com\\\/algarve7\"],\"url\":\"https:\\\/\\\/algarve7.pt\\\/index.php\\\/author\\\/geralalgarve7-pt\\\/\"}]}<\/script>\n<!-- \/ Yoast SEO plugin. -->","yoast_head_json":{"title":"Munic\u00edpio e cidad\u00e3os empenhados na defesa da Ponta da Piedade - Algarve 7","description":"Munic\u00edpio e cidad\u00e3os empenhados na defesa da Ponta da Piedade Atualidade","robots":{"index":"index","follow":"follow","max-snippet":"max-snippet:-1","max-image-preview":"max-image-preview:large","max-video-preview":"max-video-preview:-1"},"canonical":"https:\/\/algarve7.pt\/index.php\/2021\/04\/municipio-e-cidadaos-empenhados-na-defesa-da-ponta-da-piedade\/atualidade\/09\/15\/","og_locale":"pt_PT","og_type":"article","og_title":"Munic\u00edpio e cidad\u00e3os empenhados na defesa da Ponta da Piedade - Algarve 7","og_description":"Munic\u00edpio e cidad\u00e3os empenhados na defesa da Ponta da Piedade Atualidade","og_url":"https:\/\/algarve7.pt\/index.php\/2021\/04\/municipio-e-cidadaos-empenhados-na-defesa-da-ponta-da-piedade\/atualidade\/09\/15\/","og_site_name":"Algarve 7","article_publisher":"https:\/\/www.facebook.com\/algarve7","article_author":"https:\/\/www.facebook.com\/algarve7","article_published_time":"2021-04-09T08:15:00+00:00","og_image":[{"width":1200,"height":800,"url":"https:\/\/algarve7.pt\/wp-content\/uploads\/2021\/04\/Manifestacao-protecao-Ponta-Piedade4_OCS.jpg","type":"image\/jpeg"}],"author":"Algarve 7","twitter_card":"summary_large_image","twitter_creator":"@Algarvesete","twitter_site":"@Algarvesete","twitter_misc":{"Escrito por":"Algarve 7","Tempo estimado de leitura":"2 minutos"},"schema":{"@context":"https:\/\/schema.org","@graph":[{"@type":"Article","@id":"https:\/\/algarve7.pt\/index.php\/2021\/04\/municipio-e-cidadaos-empenhados-na-defesa-da-ponta-da-piedade\/atualidade\/09\/15\/#article","isPartOf":{"@id":"https:\/\/algarve7.pt\/index.php\/2021\/04\/municipio-e-cidadaos-empenhados-na-defesa-da-ponta-da-piedade\/atualidade\/09\/15\/"},"author":{"name":"Algarve 7","@id":"https:\/\/algarve7.pt\/#\/schema\/person\/23fa70681308e7b319a3204bcea45e0c"},"headline":"Munic\u00edpio e cidad\u00e3os empenhados na defesa da Ponta da Piedade","datePublished":"2021-04-09T08:15:00+00:00","mainEntityOfPage":{"@id":"https:\/\/algarve7.pt\/index.php\/2021\/04\/municipio-e-cidadaos-empenhados-na-defesa-da-ponta-da-piedade\/atualidade\/09\/15\/"},"wordCount":434,"publisher":{"@id":"https:\/\/algarve7.pt\/#organization"},"image":{"@id":"https:\/\/algarve7.pt\/index.php\/2021\/04\/municipio-e-cidadaos-empenhados-na-defesa-da-ponta-da-piedade\/atualidade\/09\/15\/#primaryimage"},"thumbnailUrl":"https:\/\/algarve7.pt\/wp-content\/uploads\/2021\/04\/Manifestacao-protecao-Ponta-Piedade4_OCS.jpg","keywords":["Algarve","Atualidade","Lagos"],"articleSection":["Atualidade"],"inLanguage":"pt-PT"},{"@type":"WebPage","@id":"https:\/\/algarve7.pt\/index.php\/2021\/04\/municipio-e-cidadaos-empenhados-na-defesa-da-ponta-da-piedade\/atualidade\/09\/15\/","url":"https:\/\/algarve7.pt\/index.php\/2021\/04\/municipio-e-cidadaos-empenhados-na-defesa-da-ponta-da-piedade\/atualidade\/09\/15\/","name":"Munic\u00edpio e cidad\u00e3os empenhados na defesa da Ponta da Piedade - Algarve 7","isPartOf":{"@id":"https:\/\/algarve7.pt\/#website"},"primaryImageOfPage":{"@id":"https:\/\/algarve7.pt\/index.php\/2021\/04\/municipio-e-cidadaos-empenhados-na-defesa-da-ponta-da-piedade\/atualidade\/09\/15\/#primaryimage"},"image":{"@id":"https:\/\/algarve7.pt\/index.php\/2021\/04\/municipio-e-cidadaos-empenhados-na-defesa-da-ponta-da-piedade\/atualidade\/09\/15\/#primaryimage"},"thumbnailUrl":"https:\/\/algarve7.pt\/wp-content\/uploads\/2021\/04\/Manifestacao-protecao-Ponta-Piedade4_OCS.jpg","datePublished":"2021-04-09T08:15:00+00:00","description":"Munic\u00edpio e cidad\u00e3os empenhados na defesa da Ponta da Piedade Atualidade","breadcrumb":{"@id":"https:\/\/algarve7.pt\/index.php\/2021\/04\/municipio-e-cidadaos-empenhados-na-defesa-da-ponta-da-piedade\/atualidade\/09\/15\/#breadcrumb"},"inLanguage":"pt-PT","potentialAction":[{"@type":"ReadAction","target":["https:\/\/algarve7.pt\/index.php\/2021\/04\/municipio-e-cidadaos-empenhados-na-defesa-da-ponta-da-piedade\/atualidade\/09\/15\/"]}]},{"@type":"ImageObject","inLanguage":"pt-PT","@id":"https:\/\/algarve7.pt\/index.php\/2021\/04\/municipio-e-cidadaos-empenhados-na-defesa-da-ponta-da-piedade\/atualidade\/09\/15\/#primaryimage","url":"https:\/\/algarve7.pt\/wp-content\/uploads\/2021\/04\/Manifestacao-protecao-Ponta-Piedade4_OCS.jpg","contentUrl":"https:\/\/algarve7.pt\/wp-content\/uploads\/2021\/04\/Manifestacao-protecao-Ponta-Piedade4_OCS.jpg","width":1200,"height":800},{"@type":"BreadcrumbList","@id":"https:\/\/algarve7.pt\/index.php\/2021\/04\/municipio-e-cidadaos-empenhados-na-defesa-da-ponta-da-piedade\/atualidade\/09\/15\/#breadcrumb","itemListElement":[{"@type":"ListItem","position":1,"name":"In\u00edcio","item":"https:\/\/algarve7.pt\/"},{"@type":"ListItem","position":2,"name":"Munic\u00edpio e cidad\u00e3os empenhados na defesa da Ponta da Piedade"}]},{"@type":"WebSite","@id":"https:\/\/algarve7.pt\/#website","url":"https:\/\/algarve7.pt\/","name":"Algarve 7","description":"Informa\u00e7\u00e3o sobre o Algarve","publisher":{"@id":"https:\/\/algarve7.pt\/#organization"},"potentialAction":[{"@type":"SearchAction","target":{"@type":"EntryPoint","urlTemplate":"https:\/\/algarve7.pt\/?s={search_term_string}"},"query-input":{"@type":"PropertyValueSpecification","valueRequired":true,"valueName":"search_term_string"}}],"inLanguage":"pt-PT"},{"@type":"Organization","@id":"https:\/\/algarve7.pt\/#organization","name":"Algarve 7","url":"https:\/\/algarve7.pt\/","logo":{"@type":"ImageObject","inLanguage":"pt-PT","@id":"https:\/\/algarve7.pt\/#\/schema\/logo\/image\/","url":"https:\/\/algarve7.pt\/wp-content\/uploads\/2020\/10\/Logo-8.jpg","contentUrl":"https:\/\/algarve7.pt\/wp-content\/uploads\/2020\/10\/Logo-8.jpg","width":1680,"height":1186,"caption":"Algarve 7"},"image":{"@id":"https:\/\/algarve7.pt\/#\/schema\/logo\/image\/"},"sameAs":["https:\/\/www.facebook.com\/algarve7","https:\/\/x.com\/Algarvesete","https:\/\/www.instagram.com\/jornalalgarve7\/","https:\/\/www.linkedin.com\/company\/algarve7","https:\/\/www.pinterest.pt\/geral0939\/_created\/"]},{"@type":"Person","@id":"https:\/\/algarve7.pt\/#\/schema\/person\/23fa70681308e7b319a3204bcea45e0c","name":"Algarve 7","sameAs":["https:\/\/algarve7.pt","https:\/\/www.facebook.com\/algarve7"],"url":"https:\/\/algarve7.pt\/index.php\/author\/geralalgarve7-pt\/"}]}},"jetpack_publicize_connections":[],"jetpack_featured_media_url":"https:\/\/algarve7.pt\/wp-content\/uploads\/2021\/04\/Manifestacao-protecao-Ponta-Piedade4_OCS.jpg","jetpack_shortlink":"https:\/\/wp.me\/pcezmW-1Wj","jetpack_sharing_enabled":true,"_links":{"self":[{"href":"https:\/\/algarve7.pt\/index.php\/wp-json\/wp\/v2\/posts\/7459","targetHints":{"allow":["GET"]}}],"collection":[{"href":"https:\/\/algarve7.pt\/index.php\/wp-json\/wp\/v2\/posts"}],"about":[{"href":"https:\/\/algarve7.pt\/index.php\/wp-json\/wp\/v2\/types\/post"}],"author":[{"embeddable":true,"href":"https:\/\/algarve7.pt\/index.php\/wp-json\/wp\/v2\/users\/1"}],"replies":[{"embeddable":true,"href":"https:\/\/algarve7.pt\/index.php\/wp-json\/wp\/v2\/comments?post=7459"}],"version-history":[{"count":0,"href":"https:\/\/algarve7.pt\/index.php\/wp-json\/wp\/v2\/posts\/7459\/revisions"}],"wp:featuredmedia":[{"embeddable":true,"href":"https:\/\/algarve7.pt\/index.php\/wp-json\/wp\/v2\/media\/7460"}],"wp:attachment":[{"href":"https:\/\/algarve7.pt\/index.php\/wp-json\/wp\/v2\/media?parent=7459"}],"wp:term":[{"taxonomy":"category","embeddable":true,"href":"https:\/\/algarve7.pt\/index.php\/wp-json\/wp\/v2\/categories?post=7459"},{"taxonomy":"post_tag","embeddable":true,"href":"https:\/\/algarve7.pt\/index.php\/wp-json\/wp\/v2\/tags?post=7459"}],"curies":[{"name":"wp","href":"https:\/\/api.w.org\/{rel}","templated":true}]}}