{"id":7401,"date":"2021-04-07T12:25:28","date_gmt":"2021-04-07T11:25:28","guid":{"rendered":"https:\/\/algarve7.pt\/?p=7401"},"modified":"2021-04-07T12:25:31","modified_gmt":"2021-04-07T11:25:31","slug":"apresentado-o-calendario-de-2021-do-iberian-historic-endurance","status":"publish","type":"post","link":"https:\/\/algarve7.pt\/index.php\/2021\/04\/apresentado-o-calendario-de-2021-do-iberian-historic-endurance\/desporto\/12\/25\/","title":{"rendered":"Apresentado o Calend\u00e1rio de 2021 do Iberian Historic Endurance"},"content":{"rendered":"\n<p>O Iberian Historic Endurance, criado com o mote \u201cRelaxed Historic Racing\u201d revelou o calend\u00e1rio provis\u00f3rio para 2021, que inclui passagens pelos principais circuitos Ib\u00e9ricos. Na sua 9\u00aa temporada, o Historic Endurance ter\u00e1 um calend\u00e1rio claramente influenciado pela pandemia. <\/p>\n\n\n\n<p>O in\u00edcio da temporada est\u00e1 marcado apenas para <strong>01\/02 de Maio<\/strong>, num fim-de-semana de primavera, onde se esperam agrad\u00e1veis temperaturas no <strong>Aut\u00f3dromo do Algarve<\/strong>. Passado um m\u00eas, a caravana da competi\u00e7\u00e3o Ib\u00e9rica regressa ao popular evento de Jarama, um circuito perfeito para os Cl\u00e1ssicos. Com mais de 50 anos, o tra\u00e7ado \u00e9 dos poucos circuitos n\u00e3o modificados. <\/p>\n\n\n\n<p>Tamb\u00e9m a sua localiza\u00e7\u00e3o no centro da Pen\u00ednsula Ib\u00e9rica, torna o evento de <strong>05\/06 de Junho<\/strong> atrativo para as todas equipas independentemente da sua posicionamento na Pen\u00ednsula. A competi\u00e7\u00e3o segue depois para a sua \u00faltima paragem antes do ver\u00e3o. <strong>Entre 25 e 27 de Junho<\/strong>, o HE ter\u00e1 a \u00fanica prova fora da Pen\u00ednsula Ib\u00e9rica. As 3 horas de SPA tem sido uma prova que esgotou nas \u00faltimas tr\u00eas edi\u00e7\u00f5es e colocada no centro da Europa facilmente recebe equipas de todos os pontos da Europa. Ap\u00f3s o per\u00edodo de f\u00e9rias, o regresso da competi\u00e7\u00e3o acontecer\u00e1 <strong>a 8\/10 de Outubro<\/strong>, logo com o muito esperado Estoril Classics. O maior evento &#8220;Historic Racing&#8221; do Sul da Europa, deixou na boca por quem o seguiu em 2020 e mesmo com a pandemia teve a grelha esgotada. Ap\u00f3s o , \u00e9 esperado que o evento patrocinado pela Associa\u00e7\u00e3o de Turismo de Cascais seja, inclusive, o primeiro evento com p\u00fablico, mas s\u00f3 a imprevis\u00edvel evolu\u00e7\u00e3o da pandemia, da vacina\u00e7\u00e3o e das regula\u00e7\u00f5es em vigor no momento poder\u00e3o, mais perto da data, dar alguma certeza.<\/p>\n\n\n\n<p> Em Novembro, o Historic Endurance, competi\u00e7\u00e3o que n\u00e3o \u00e9 um campeonato e onde as equipas competem apenas pelo amor \u00e0 competi\u00e7\u00e3o, tentando obter o melhor resultado poss\u00edvel naquela prova em quest\u00e3o, tem a segunda prova em terreno Espanhol, rumando a Jerez de la Frontera nos <strong>06\/07 Novembro,<\/strong> terminando depois na grande e tradicional resist\u00eancia dos 250Km do Estoril <strong>em 20\/21 de Novembro<\/strong>. Antes da \u00e9poca come\u00e7ar, iremos organizar um dia de Testes, dentro de 1 m\u00eas e meio, no dia <strong>13 de Mar\u00e7o<\/strong>, onde m\u00e1quinas e pilotos podem desenferrujar depois de um longo per\u00edodo de paragem. O fundador do Iberian Historic Endurance, respondendo como a atual situa\u00e7\u00e3o poder\u00e1 mudar o calend\u00e1rio comentou que &#8220;neste momento, a \u00fanica certeza para 2021 \u00e9 a incerteza que nos assola desde a chegada da pandemia. <\/p>\n\n\n\n<p>Assim, o melhor que podemos fazer \u00e9 ter um plano inicial e ir trabalhando cada evento em conjunto com as autoridades de sa\u00fade, circuitos e equipas locais, para o conseguir colocar de p\u00e9, caso a situa\u00e7\u00e3o naquele momento o permita. Se por um lado \u00e9 desapontante estar a preparar provas que podem vir a sofrer altera\u00e7\u00f5es por situa\u00e7\u00f5es fora do nosso controlo, por outro lado este desporto, individual e ao ar livre, \u00e9 um dos poucos que nos permite usufruir momentos de escape e aventura nestes dif\u00edceis tempos. Claro est\u00e1 que, se n\u00e3o planearmos os eventos, eles nunca ser\u00e3o uma realidade. N\u00f3s vamos fazer o nosso trabalho de casa e esperar pelo melhor.&#8221; O calend\u00e1rio de 2021 do Iberian Historic Endurance fica assim apresentado, mantendo a competi\u00e7\u00e3o o regulamento desportivo e t\u00e9cnico que tanto sucesso tem criado. Mais informa\u00e7\u00e3o sobre cada evento pode ser encontrada no website da competi\u00e7\u00e3o em <a href=\"http:\/\/www.historicendurance.com\/\" target=\"_blank\" rel=\"noreferrer noopener\">www.historicendurance.co<\/a>m.<\/p>\n","protected":false},"excerpt":{"rendered":"<p>O Iberian Historic Endurance, criado com o mote \u201cRelaxed Historic Racing\u201d revelou o calend\u00e1rio provis\u00f3rio para 2021, que inclui passagens<\/p>\n","protected":false},"author":1,"featured_media":7402,"comment_status":"open","ping_status":"open","sticky":false,"template":"","format":"standard","meta":{"colormag_page_container_layout":"default_layout","colormag_page_sidebar_layout":"default_layout","_monsterinsights_skip_tracking":false,"_monsterinsights_sitenote_active":false,"_monsterinsights_sitenote_note":"","_monsterinsights_sitenote_category":0,"jetpack_post_was_ever_published":false,"_jetpack_newsletter_access":"","_jetpack_dont_email_post_to_subs":false,"_jetpack_newsletter_tier_id":0,"_jetpack_memberships_contains_paywalled_content":false,"_jetpack_memberships_contains_paid_content":false,"footnotes":"","jetpack_publicize_message":"","jetpack_publicize_feature_enabled":true,"jetpack_social_post_already_shared":true,"jetpack_social_options":{"image_generator_settings":{"template":"highway","default_image_id":0,"font":"","enabled":false},"version":2}},"categories":[15],"tags":[36,197,239,40],"class_list":["post-7401","post","type-post","status-publish","format-standard","has-post-thumbnail","hentry","category-desporto","tag-algarve","tag-auto","tag-autodromo-internacional-do-algarve","tag-desporto"],"yoast_head":"<!-- This site is optimized with the Yoast SEO plugin v27.5 - https:\/\/yoast.com\/product\/yoast-seo-wordpress\/ -->\n<title>Apresentado o Calend\u00e1rio de 2021 do Iberian Historic Endurance - Algarve 7<\/title>\n<meta name=\"description\" content=\"Apresentado o Calend\u00e1rio de 2021 do Iberian Historic Endurance Desporto\" \/>\n<meta name=\"robots\" content=\"index, follow, max-snippet:-1, max-image-preview:large, max-video-preview:-1\" \/>\n<link rel=\"canonical\" href=\"https:\/\/algarve7.pt\/index.php\/2021\/04\/apresentado-o-calendario-de-2021-do-iberian-historic-endurance\/desporto\/12\/25\/\" \/>\n<meta property=\"og:locale\" content=\"pt_PT\" \/>\n<meta property=\"og:type\" content=\"article\" \/>\n<meta property=\"og:title\" content=\"Apresentado o Calend\u00e1rio de 2021 do Iberian Historic Endurance - Algarve 7\" \/>\n<meta property=\"og:description\" content=\"Apresentado o Calend\u00e1rio de 2021 do Iberian Historic Endurance Desporto\" \/>\n<meta property=\"og:url\" content=\"https:\/\/algarve7.pt\/index.php\/2021\/04\/apresentado-o-calendario-de-2021-do-iberian-historic-endurance\/desporto\/12\/25\/\" \/>\n<meta property=\"og:site_name\" content=\"Algarve 7\" \/>\n<meta property=\"article:publisher\" content=\"https:\/\/www.facebook.com\/algarve7\" \/>\n<meta property=\"article:author\" content=\"https:\/\/www.facebook.com\/algarve7\" \/>\n<meta property=\"article:published_time\" content=\"2021-04-07T11:25:28+00:00\" \/>\n<meta property=\"article:modified_time\" content=\"2021-04-07T11:25:31+00:00\" \/>\n<meta property=\"og:image\" content=\"https:\/\/algarve7.pt\/wp-content\/uploads\/2021\/04\/Captura-de-ecra-2021-04-07-as-12.19.41-e1617794689936.png\" \/>\n\t<meta property=\"og:image:width\" content=\"1006\" \/>\n\t<meta property=\"og:image:height\" content=\"599\" \/>\n\t<meta property=\"og:image:type\" content=\"image\/png\" \/>\n<meta name=\"author\" content=\"Algarve 7\" \/>\n<meta name=\"twitter:card\" content=\"summary_large_image\" \/>\n<meta name=\"twitter:creator\" content=\"@Algarvesete\" \/>\n<meta name=\"twitter:site\" content=\"@Algarvesete\" \/>\n<meta name=\"twitter:label1\" content=\"Escrito por\" \/>\n\t<meta name=\"twitter:data1\" content=\"Algarve 7\" \/>\n\t<meta name=\"twitter:label2\" content=\"Tempo estimado de leitura\" \/>\n\t<meta name=\"twitter:data2\" content=\"3 minutos\" \/>\n<script type=\"application\/ld+json\" class=\"yoast-schema-graph\">{\"@context\":\"https:\\\/\\\/schema.org\",\"@graph\":[{\"@type\":\"Article\",\"@id\":\"https:\\\/\\\/algarve7.pt\\\/index.php\\\/2021\\\/04\\\/apresentado-o-calendario-de-2021-do-iberian-historic-endurance\\\/desporto\\\/12\\\/25\\\/#article\",\"isPartOf\":{\"@id\":\"https:\\\/\\\/algarve7.pt\\\/index.php\\\/2021\\\/04\\\/apresentado-o-calendario-de-2021-do-iberian-historic-endurance\\\/desporto\\\/12\\\/25\\\/\"},\"author\":{\"name\":\"Algarve 7\",\"@id\":\"https:\\\/\\\/algarve7.pt\\\/#\\\/schema\\\/person\\\/23fa70681308e7b319a3204bcea45e0c\"},\"headline\":\"Apresentado o Calend\u00e1rio de 2021 do Iberian Historic Endurance\",\"datePublished\":\"2021-04-07T11:25:28+00:00\",\"dateModified\":\"2021-04-07T11:25:31+00:00\",\"mainEntityOfPage\":{\"@id\":\"https:\\\/\\\/algarve7.pt\\\/index.php\\\/2021\\\/04\\\/apresentado-o-calendario-de-2021-do-iberian-historic-endurance\\\/desporto\\\/12\\\/25\\\/\"},\"wordCount\":604,\"commentCount\":0,\"publisher\":{\"@id\":\"https:\\\/\\\/algarve7.pt\\\/#organization\"},\"image\":{\"@id\":\"https:\\\/\\\/algarve7.pt\\\/index.php\\\/2021\\\/04\\\/apresentado-o-calendario-de-2021-do-iberian-historic-endurance\\\/desporto\\\/12\\\/25\\\/#primaryimage\"},\"thumbnailUrl\":\"https:\\\/\\\/algarve7.pt\\\/wp-content\\\/uploads\\\/2021\\\/04\\\/Captura-de-ecra-2021-04-07-as-12.19.41-e1617794689936.png\",\"keywords\":[\"Algarve\",\"Auto\",\"Aut\u00f3dromo Internacional do Algarve\",\"Desporto\"],\"articleSection\":[\"Desporto\"],\"inLanguage\":\"pt-PT\",\"potentialAction\":[{\"@type\":\"CommentAction\",\"name\":\"Comment\",\"target\":[\"https:\\\/\\\/algarve7.pt\\\/index.php\\\/2021\\\/04\\\/apresentado-o-calendario-de-2021-do-iberian-historic-endurance\\\/desporto\\\/12\\\/25\\\/#respond\"]}]},{\"@type\":\"WebPage\",\"@id\":\"https:\\\/\\\/algarve7.pt\\\/index.php\\\/2021\\\/04\\\/apresentado-o-calendario-de-2021-do-iberian-historic-endurance\\\/desporto\\\/12\\\/25\\\/\",\"url\":\"https:\\\/\\\/algarve7.pt\\\/index.php\\\/2021\\\/04\\\/apresentado-o-calendario-de-2021-do-iberian-historic-endurance\\\/desporto\\\/12\\\/25\\\/\",\"name\":\"Apresentado o Calend\u00e1rio de 2021 do Iberian Historic Endurance - Algarve 7\",\"isPartOf\":{\"@id\":\"https:\\\/\\\/algarve7.pt\\\/#website\"},\"primaryImageOfPage\":{\"@id\":\"https:\\\/\\\/algarve7.pt\\\/index.php\\\/2021\\\/04\\\/apresentado-o-calendario-de-2021-do-iberian-historic-endurance\\\/desporto\\\/12\\\/25\\\/#primaryimage\"},\"image\":{\"@id\":\"https:\\\/\\\/algarve7.pt\\\/index.php\\\/2021\\\/04\\\/apresentado-o-calendario-de-2021-do-iberian-historic-endurance\\\/desporto\\\/12\\\/25\\\/#primaryimage\"},\"thumbnailUrl\":\"https:\\\/\\\/algarve7.pt\\\/wp-content\\\/uploads\\\/2021\\\/04\\\/Captura-de-ecra-2021-04-07-as-12.19.41-e1617794689936.png\",\"datePublished\":\"2021-04-07T11:25:28+00:00\",\"dateModified\":\"2021-04-07T11:25:31+00:00\",\"description\":\"Apresentado o Calend\u00e1rio de 2021 do Iberian Historic Endurance Desporto\",\"breadcrumb\":{\"@id\":\"https:\\\/\\\/algarve7.pt\\\/index.php\\\/2021\\\/04\\\/apresentado-o-calendario-de-2021-do-iberian-historic-endurance\\\/desporto\\\/12\\\/25\\\/#breadcrumb\"},\"inLanguage\":\"pt-PT\",\"potentialAction\":[{\"@type\":\"ReadAction\",\"target\":[\"https:\\\/\\\/algarve7.pt\\\/index.php\\\/2021\\\/04\\\/apresentado-o-calendario-de-2021-do-iberian-historic-endurance\\\/desporto\\\/12\\\/25\\\/\"]}]},{\"@type\":\"ImageObject\",\"inLanguage\":\"pt-PT\",\"@id\":\"https:\\\/\\\/algarve7.pt\\\/index.php\\\/2021\\\/04\\\/apresentado-o-calendario-de-2021-do-iberian-historic-endurance\\\/desporto\\\/12\\\/25\\\/#primaryimage\",\"url\":\"https:\\\/\\\/algarve7.pt\\\/wp-content\\\/uploads\\\/2021\\\/04\\\/Captura-de-ecra-2021-04-07-as-12.19.41-e1617794689936.png\",\"contentUrl\":\"https:\\\/\\\/algarve7.pt\\\/wp-content\\\/uploads\\\/2021\\\/04\\\/Captura-de-ecra-2021-04-07-as-12.19.41-e1617794689936.png\",\"width\":1006,\"height\":599},{\"@type\":\"BreadcrumbList\",\"@id\":\"https:\\\/\\\/algarve7.pt\\\/index.php\\\/2021\\\/04\\\/apresentado-o-calendario-de-2021-do-iberian-historic-endurance\\\/desporto\\\/12\\\/25\\\/#breadcrumb\",\"itemListElement\":[{\"@type\":\"ListItem\",\"position\":1,\"name\":\"In\u00edcio\",\"item\":\"https:\\\/\\\/algarve7.pt\\\/\"},{\"@type\":\"ListItem\",\"position\":2,\"name\":\"Apresentado o Calend\u00e1rio de 2021 do Iberian Historic Endurance\"}]},{\"@type\":\"WebSite\",\"@id\":\"https:\\\/\\\/algarve7.pt\\\/#website\",\"url\":\"https:\\\/\\\/algarve7.pt\\\/\",\"name\":\"Algarve 7\",\"description\":\"Informa\u00e7\u00e3o sobre o Algarve\",\"publisher\":{\"@id\":\"https:\\\/\\\/algarve7.pt\\\/#organization\"},\"potentialAction\":[{\"@type\":\"SearchAction\",\"target\":{\"@type\":\"EntryPoint\",\"urlTemplate\":\"https:\\\/\\\/algarve7.pt\\\/?s={search_term_string}\"},\"query-input\":{\"@type\":\"PropertyValueSpecification\",\"valueRequired\":true,\"valueName\":\"search_term_string\"}}],\"inLanguage\":\"pt-PT\"},{\"@type\":\"Organization\",\"@id\":\"https:\\\/\\\/algarve7.pt\\\/#organization\",\"name\":\"Algarve 7\",\"url\":\"https:\\\/\\\/algarve7.pt\\\/\",\"logo\":{\"@type\":\"ImageObject\",\"inLanguage\":\"pt-PT\",\"@id\":\"https:\\\/\\\/algarve7.pt\\\/#\\\/schema\\\/logo\\\/image\\\/\",\"url\":\"https:\\\/\\\/algarve7.pt\\\/wp-content\\\/uploads\\\/2020\\\/10\\\/Logo-8.jpg\",\"contentUrl\":\"https:\\\/\\\/algarve7.pt\\\/wp-content\\\/uploads\\\/2020\\\/10\\\/Logo-8.jpg\",\"width\":1680,\"height\":1186,\"caption\":\"Algarve 7\"},\"image\":{\"@id\":\"https:\\\/\\\/algarve7.pt\\\/#\\\/schema\\\/logo\\\/image\\\/\"},\"sameAs\":[\"https:\\\/\\\/www.facebook.com\\\/algarve7\",\"https:\\\/\\\/x.com\\\/Algarvesete\",\"https:\\\/\\\/www.instagram.com\\\/jornalalgarve7\\\/\",\"https:\\\/\\\/www.linkedin.com\\\/company\\\/algarve7\",\"https:\\\/\\\/www.pinterest.pt\\\/geral0939\\\/_created\\\/\"]},{\"@type\":\"Person\",\"@id\":\"https:\\\/\\\/algarve7.pt\\\/#\\\/schema\\\/person\\\/23fa70681308e7b319a3204bcea45e0c\",\"name\":\"Algarve 7\",\"sameAs\":[\"https:\\\/\\\/algarve7.pt\",\"https:\\\/\\\/www.facebook.com\\\/algarve7\"],\"url\":\"https:\\\/\\\/algarve7.pt\\\/index.php\\\/author\\\/geralalgarve7-pt\\\/\"}]}<\/script>\n<!-- \/ Yoast SEO plugin. -->","yoast_head_json":{"title":"Apresentado o Calend\u00e1rio de 2021 do Iberian Historic Endurance - Algarve 7","description":"Apresentado o Calend\u00e1rio de 2021 do Iberian Historic Endurance Desporto","robots":{"index":"index","follow":"follow","max-snippet":"max-snippet:-1","max-image-preview":"max-image-preview:large","max-video-preview":"max-video-preview:-1"},"canonical":"https:\/\/algarve7.pt\/index.php\/2021\/04\/apresentado-o-calendario-de-2021-do-iberian-historic-endurance\/desporto\/12\/25\/","og_locale":"pt_PT","og_type":"article","og_title":"Apresentado o Calend\u00e1rio de 2021 do Iberian Historic Endurance - Algarve 7","og_description":"Apresentado o Calend\u00e1rio de 2021 do Iberian Historic Endurance Desporto","og_url":"https:\/\/algarve7.pt\/index.php\/2021\/04\/apresentado-o-calendario-de-2021-do-iberian-historic-endurance\/desporto\/12\/25\/","og_site_name":"Algarve 7","article_publisher":"https:\/\/www.facebook.com\/algarve7","article_author":"https:\/\/www.facebook.com\/algarve7","article_published_time":"2021-04-07T11:25:28+00:00","article_modified_time":"2021-04-07T11:25:31+00:00","og_image":[{"width":1006,"height":599,"url":"https:\/\/algarve7.pt\/wp-content\/uploads\/2021\/04\/Captura-de-ecra-2021-04-07-as-12.19.41-e1617794689936.png","type":"image\/png"}],"author":"Algarve 7","twitter_card":"summary_large_image","twitter_creator":"@Algarvesete","twitter_site":"@Algarvesete","twitter_misc":{"Escrito por":"Algarve 7","Tempo estimado de leitura":"3 minutos"},"schema":{"@context":"https:\/\/schema.org","@graph":[{"@type":"Article","@id":"https:\/\/algarve7.pt\/index.php\/2021\/04\/apresentado-o-calendario-de-2021-do-iberian-historic-endurance\/desporto\/12\/25\/#article","isPartOf":{"@id":"https:\/\/algarve7.pt\/index.php\/2021\/04\/apresentado-o-calendario-de-2021-do-iberian-historic-endurance\/desporto\/12\/25\/"},"author":{"name":"Algarve 7","@id":"https:\/\/algarve7.pt\/#\/schema\/person\/23fa70681308e7b319a3204bcea45e0c"},"headline":"Apresentado o Calend\u00e1rio de 2021 do Iberian Historic Endurance","datePublished":"2021-04-07T11:25:28+00:00","dateModified":"2021-04-07T11:25:31+00:00","mainEntityOfPage":{"@id":"https:\/\/algarve7.pt\/index.php\/2021\/04\/apresentado-o-calendario-de-2021-do-iberian-historic-endurance\/desporto\/12\/25\/"},"wordCount":604,"commentCount":0,"publisher":{"@id":"https:\/\/algarve7.pt\/#organization"},"image":{"@id":"https:\/\/algarve7.pt\/index.php\/2021\/04\/apresentado-o-calendario-de-2021-do-iberian-historic-endurance\/desporto\/12\/25\/#primaryimage"},"thumbnailUrl":"https:\/\/algarve7.pt\/wp-content\/uploads\/2021\/04\/Captura-de-ecra-2021-04-07-as-12.19.41-e1617794689936.png","keywords":["Algarve","Auto","Aut\u00f3dromo Internacional do Algarve","Desporto"],"articleSection":["Desporto"],"inLanguage":"pt-PT","potentialAction":[{"@type":"CommentAction","name":"Comment","target":["https:\/\/algarve7.pt\/index.php\/2021\/04\/apresentado-o-calendario-de-2021-do-iberian-historic-endurance\/desporto\/12\/25\/#respond"]}]},{"@type":"WebPage","@id":"https:\/\/algarve7.pt\/index.php\/2021\/04\/apresentado-o-calendario-de-2021-do-iberian-historic-endurance\/desporto\/12\/25\/","url":"https:\/\/algarve7.pt\/index.php\/2021\/04\/apresentado-o-calendario-de-2021-do-iberian-historic-endurance\/desporto\/12\/25\/","name":"Apresentado o Calend\u00e1rio de 2021 do Iberian Historic Endurance - Algarve 7","isPartOf":{"@id":"https:\/\/algarve7.pt\/#website"},"primaryImageOfPage":{"@id":"https:\/\/algarve7.pt\/index.php\/2021\/04\/apresentado-o-calendario-de-2021-do-iberian-historic-endurance\/desporto\/12\/25\/#primaryimage"},"image":{"@id":"https:\/\/algarve7.pt\/index.php\/2021\/04\/apresentado-o-calendario-de-2021-do-iberian-historic-endurance\/desporto\/12\/25\/#primaryimage"},"thumbnailUrl":"https:\/\/algarve7.pt\/wp-content\/uploads\/2021\/04\/Captura-de-ecra-2021-04-07-as-12.19.41-e1617794689936.png","datePublished":"2021-04-07T11:25:28+00:00","dateModified":"2021-04-07T11:25:31+00:00","description":"Apresentado o Calend\u00e1rio de 2021 do Iberian Historic Endurance Desporto","breadcrumb":{"@id":"https:\/\/algarve7.pt\/index.php\/2021\/04\/apresentado-o-calendario-de-2021-do-iberian-historic-endurance\/desporto\/12\/25\/#breadcrumb"},"inLanguage":"pt-PT","potentialAction":[{"@type":"ReadAction","target":["https:\/\/algarve7.pt\/index.php\/2021\/04\/apresentado-o-calendario-de-2021-do-iberian-historic-endurance\/desporto\/12\/25\/"]}]},{"@type":"ImageObject","inLanguage":"pt-PT","@id":"https:\/\/algarve7.pt\/index.php\/2021\/04\/apresentado-o-calendario-de-2021-do-iberian-historic-endurance\/desporto\/12\/25\/#primaryimage","url":"https:\/\/algarve7.pt\/wp-content\/uploads\/2021\/04\/Captura-de-ecra-2021-04-07-as-12.19.41-e1617794689936.png","contentUrl":"https:\/\/algarve7.pt\/wp-content\/uploads\/2021\/04\/Captura-de-ecra-2021-04-07-as-12.19.41-e1617794689936.png","width":1006,"height":599},{"@type":"BreadcrumbList","@id":"https:\/\/algarve7.pt\/index.php\/2021\/04\/apresentado-o-calendario-de-2021-do-iberian-historic-endurance\/desporto\/12\/25\/#breadcrumb","itemListElement":[{"@type":"ListItem","position":1,"name":"In\u00edcio","item":"https:\/\/algarve7.pt\/"},{"@type":"ListItem","position":2,"name":"Apresentado o Calend\u00e1rio de 2021 do Iberian Historic Endurance"}]},{"@type":"WebSite","@id":"https:\/\/algarve7.pt\/#website","url":"https:\/\/algarve7.pt\/","name":"Algarve 7","description":"Informa\u00e7\u00e3o sobre o Algarve","publisher":{"@id":"https:\/\/algarve7.pt\/#organization"},"potentialAction":[{"@type":"SearchAction","target":{"@type":"EntryPoint","urlTemplate":"https:\/\/algarve7.pt\/?s={search_term_string}"},"query-input":{"@type":"PropertyValueSpecification","valueRequired":true,"valueName":"search_term_string"}}],"inLanguage":"pt-PT"},{"@type":"Organization","@id":"https:\/\/algarve7.pt\/#organization","name":"Algarve 7","url":"https:\/\/algarve7.pt\/","logo":{"@type":"ImageObject","inLanguage":"pt-PT","@id":"https:\/\/algarve7.pt\/#\/schema\/logo\/image\/","url":"https:\/\/algarve7.pt\/wp-content\/uploads\/2020\/10\/Logo-8.jpg","contentUrl":"https:\/\/algarve7.pt\/wp-content\/uploads\/2020\/10\/Logo-8.jpg","width":1680,"height":1186,"caption":"Algarve 7"},"image":{"@id":"https:\/\/algarve7.pt\/#\/schema\/logo\/image\/"},"sameAs":["https:\/\/www.facebook.com\/algarve7","https:\/\/x.com\/Algarvesete","https:\/\/www.instagram.com\/jornalalgarve7\/","https:\/\/www.linkedin.com\/company\/algarve7","https:\/\/www.pinterest.pt\/geral0939\/_created\/"]},{"@type":"Person","@id":"https:\/\/algarve7.pt\/#\/schema\/person\/23fa70681308e7b319a3204bcea45e0c","name":"Algarve 7","sameAs":["https:\/\/algarve7.pt","https:\/\/www.facebook.com\/algarve7"],"url":"https:\/\/algarve7.pt\/index.php\/author\/geralalgarve7-pt\/"}]}},"jetpack_publicize_connections":[],"jetpack_featured_media_url":"https:\/\/algarve7.pt\/wp-content\/uploads\/2021\/04\/Captura-de-ecra-2021-04-07-as-12.19.41-e1617794689936.png","jetpack_shortlink":"https:\/\/wp.me\/pcezmW-1Vn","jetpack_sharing_enabled":true,"_links":{"self":[{"href":"https:\/\/algarve7.pt\/index.php\/wp-json\/wp\/v2\/posts\/7401","targetHints":{"allow":["GET"]}}],"collection":[{"href":"https:\/\/algarve7.pt\/index.php\/wp-json\/wp\/v2\/posts"}],"about":[{"href":"https:\/\/algarve7.pt\/index.php\/wp-json\/wp\/v2\/types\/post"}],"author":[{"embeddable":true,"href":"https:\/\/algarve7.pt\/index.php\/wp-json\/wp\/v2\/users\/1"}],"replies":[{"embeddable":true,"href":"https:\/\/algarve7.pt\/index.php\/wp-json\/wp\/v2\/comments?post=7401"}],"version-history":[{"count":0,"href":"https:\/\/algarve7.pt\/index.php\/wp-json\/wp\/v2\/posts\/7401\/revisions"}],"wp:featuredmedia":[{"embeddable":true,"href":"https:\/\/algarve7.pt\/index.php\/wp-json\/wp\/v2\/media\/7402"}],"wp:attachment":[{"href":"https:\/\/algarve7.pt\/index.php\/wp-json\/wp\/v2\/media?parent=7401"}],"wp:term":[{"taxonomy":"category","embeddable":true,"href":"https:\/\/algarve7.pt\/index.php\/wp-json\/wp\/v2\/categories?post=7401"},{"taxonomy":"post_tag","embeddable":true,"href":"https:\/\/algarve7.pt\/index.php\/wp-json\/wp\/v2\/tags?post=7401"}],"curies":[{"name":"wp","href":"https:\/\/api.w.org\/{rel}","templated":true}]}}