{"id":7398,"date":"2021-04-07T12:15:03","date_gmt":"2021-04-07T11:15:03","guid":{"rendered":"https:\/\/algarve7.pt\/?p=7398"},"modified":"2021-04-07T12:15:07","modified_gmt":"2021-04-07T11:15:07","slug":"bombeiros-sapadores-de-faro-recebem-nova-formacao","status":"publish","type":"post","link":"https:\/\/algarve7.pt\/index.php\/2021\/04\/bombeiros-sapadores-de-faro-recebem-nova-formacao\/atualidade\/12\/15\/","title":{"rendered":"Bombeiros sapadores de Faro recebem nova forma\u00e7\u00e3o"},"content":{"rendered":"\n<p>Ap\u00f3s a\u00e7\u00e3o ministrada por formadores da Escola do Regimento Sapadores Bombeiros de Lisboa, Faro tem o primeiro corpo de bombeiros do Pa\u00eds com todos os seus operacionais com forma\u00e7\u00e3o nesta \u00e1rea.\u00a0<\/p>\n\n\n\n<p>Os operacionais dos Bombeiros Sapadores de Faro receberam entre os dias 30 de mar\u00e7o e 1 de abril, uma nova forma\u00e7\u00e3o em riscos biol\u00f3gicos e descontamina\u00e7\u00e3o de espa\u00e7os e infraestruturas. Esta a\u00e7\u00e3o, que acontece no \u00e2mbito da pandemia do covid-19, vai permitir qualificar todo o corpo de bombeiros com val\u00eancias e compet\u00eancias nesta \u00e1rea.<\/p>\n\n\n\n<p>Esta a\u00e7\u00e3o de forma\u00e7\u00e3o foi ministrada por formadores da Escola do Regimento Sapadores Bombeiros de Lisboa, na sequ\u00eancia da estreita colabora\u00e7\u00e3o institucional existente entre estes dois corpos de Bombeiros Profissionais e atrav\u00e9s de um protocolo firmado entre o Munic\u00edpio de Faro e o Munic\u00edpio de Lisboa que visa a troca de conhecimentos e forma\u00e7\u00e3o nas \u00e1reas de prote\u00e7\u00e3o e socorro.&nbsp;<\/p>\n\n\n\n<p>Recorde-se que o Corpo de Bombeiros Sapadores de Faro j\u00e1 contava com cerca de 15 elementos com forma\u00e7\u00e3o na \u00e1rea de riscos biol\u00f3gicos e descontamina\u00e7\u00e3o de espa\u00e7os e infraestruturas &#8211; obtida em Maio do ano passado ap\u00f3s uma a\u00e7\u00e3o ministrada em Faro igualmente por formadores da Escola do Regimento Sapadores Bombeiros de Lisboa \u2013, que j\u00e1 foram chamados para v\u00e1rias a\u00e7\u00f5es de desinfe\u00e7\u00e3o de espa\u00e7os no concelho.<\/p>\n\n\n\n<p>A forma\u00e7\u00e3o agora ministrada abrangeu a totalidade do efetivo dos Sapadores de Faro, que assim ganham compet\u00eancias na avalia\u00e7\u00e3o de riscos biol\u00f3gicos, descontamina\u00e7\u00e3o, cria\u00e7\u00e3o de corredores de descontamina\u00e7\u00e3o, interven\u00e7\u00e3o em subst\u00e2ncias perigosas, an\u00e1lise de riscos, equipamentos de prote\u00e7\u00e3o individual, prote\u00e7\u00e3o respirat\u00f3ria, entre outras.<\/p>\n\n\n\n<p>A forma\u00e7\u00e3o terminou no dia 1 de abril, com um exerc\u00edcio interno, que decorreu no quartel dos Bombeiros Sapadores de Faro, abrangendo diversos cen\u00e1rios e envolvendo meios e recursos que os Bombeiros Sapadores disp\u00f5em e que possibilitam a operacionaliza\u00e7\u00e3o em v\u00e1rias ocorr\u00eancias em simult\u00e2neo.<\/p>\n\n\n\n<p>Refira-se ainda que, com esta forma\u00e7\u00e3o, os Bombeiros Sapadores passam a ser o primeiro corpo de bombeiros do Pa\u00eds a formar a totalidade dos seus operacionais na \u00e1rea espec\u00edfica dos riscos biol\u00f3gicos.<\/p>\n","protected":false},"excerpt":{"rendered":"<p>Ap\u00f3s a\u00e7\u00e3o ministrada por formadores da Escola do Regimento Sapadores Bombeiros de Lisboa, Faro tem o primeiro corpo de bombeiros<\/p>\n","protected":false},"author":1,"featured_media":7399,"comment_status":"open","ping_status":"open","sticky":false,"template":"","format":"standard","meta":{"colormag_page_container_layout":"default_layout","colormag_page_sidebar_layout":"default_layout","_monsterinsights_skip_tracking":false,"_monsterinsights_sitenote_active":false,"_monsterinsights_sitenote_note":"","_monsterinsights_sitenote_category":0,"jetpack_post_was_ever_published":false,"_jetpack_newsletter_access":"","_jetpack_dont_email_post_to_subs":false,"_jetpack_newsletter_tier_id":0,"_jetpack_memberships_contains_paywalled_content":false,"_jetpack_memberships_contains_paid_content":false,"footnotes":"","jetpack_publicize_message":"","jetpack_publicize_feature_enabled":true,"jetpack_social_post_already_shared":true,"jetpack_social_options":{"image_generator_settings":{"template":"highway","default_image_id":0,"font":"","enabled":false},"version":2}},"categories":[11],"tags":[36,62,104,57],"class_list":["post-7398","post","type-post","status-publish","format-standard","has-post-thumbnail","hentry","category-atualidade","tag-algarve","tag-atualidade","tag-bombeiros","tag-faro"],"yoast_head":"<!-- This site is optimized with the Yoast SEO plugin v27.5 - https:\/\/yoast.com\/product\/yoast-seo-wordpress\/ -->\n<title>Bombeiros sapadores de Faro recebem nova forma\u00e7\u00e3o - Algarve 7<\/title>\n<meta name=\"description\" content=\"Bombeiros sapadores de Faro recebem nova forma\u00e7\u00e3o em riscos biol\u00f3gicos e descontamina\u00e7\u00e3o de espa\u00e7os e infraestruturas\" \/>\n<meta name=\"robots\" content=\"index, follow, max-snippet:-1, max-image-preview:large, max-video-preview:-1\" \/>\n<link rel=\"canonical\" href=\"https:\/\/algarve7.pt\/index.php\/2021\/04\/bombeiros-sapadores-de-faro-recebem-nova-formacao\/atualidade\/12\/15\/\" \/>\n<meta property=\"og:locale\" content=\"pt_PT\" \/>\n<meta property=\"og:type\" content=\"article\" \/>\n<meta property=\"og:title\" content=\"Bombeiros sapadores de Faro recebem nova forma\u00e7\u00e3o - Algarve 7\" \/>\n<meta property=\"og:description\" content=\"Bombeiros sapadores de Faro recebem nova forma\u00e7\u00e3o em riscos biol\u00f3gicos e descontamina\u00e7\u00e3o de espa\u00e7os e infraestruturas\" \/>\n<meta property=\"og:url\" content=\"https:\/\/algarve7.pt\/index.php\/2021\/04\/bombeiros-sapadores-de-faro-recebem-nova-formacao\/atualidade\/12\/15\/\" \/>\n<meta property=\"og:site_name\" content=\"Algarve 7\" \/>\n<meta property=\"article:publisher\" content=\"https:\/\/www.facebook.com\/algarve7\" \/>\n<meta property=\"article:author\" content=\"https:\/\/www.facebook.com\/algarve7\" \/>\n<meta property=\"article:published_time\" content=\"2021-04-07T11:15:03+00:00\" \/>\n<meta property=\"article:modified_time\" content=\"2021-04-07T11:15:07+00:00\" \/>\n<meta property=\"og:image\" content=\"https:\/\/algarve7.pt\/wp-content\/uploads\/2021\/04\/IMG-20210406-WA0020.jpg\" \/>\n\t<meta property=\"og:image:width\" content=\"1919\" \/>\n\t<meta property=\"og:image:height\" content=\"887\" \/>\n\t<meta property=\"og:image:type\" content=\"image\/jpeg\" \/>\n<meta name=\"author\" content=\"Algarve 7\" \/>\n<meta name=\"twitter:card\" content=\"summary_large_image\" \/>\n<meta name=\"twitter:creator\" content=\"@Algarvesete\" \/>\n<meta name=\"twitter:site\" content=\"@Algarvesete\" \/>\n<meta name=\"twitter:label1\" content=\"Escrito por\" \/>\n\t<meta name=\"twitter:data1\" content=\"Algarve 7\" \/>\n\t<meta name=\"twitter:label2\" content=\"Tempo estimado de leitura\" \/>\n\t<meta name=\"twitter:data2\" content=\"2 minutos\" \/>\n<script type=\"application\/ld+json\" class=\"yoast-schema-graph\">{\"@context\":\"https:\\\/\\\/schema.org\",\"@graph\":[{\"@type\":\"Article\",\"@id\":\"https:\\\/\\\/algarve7.pt\\\/index.php\\\/2021\\\/04\\\/bombeiros-sapadores-de-faro-recebem-nova-formacao\\\/atualidade\\\/12\\\/15\\\/#article\",\"isPartOf\":{\"@id\":\"https:\\\/\\\/algarve7.pt\\\/index.php\\\/2021\\\/04\\\/bombeiros-sapadores-de-faro-recebem-nova-formacao\\\/atualidade\\\/12\\\/15\\\/\"},\"author\":{\"name\":\"Algarve 7\",\"@id\":\"https:\\\/\\\/algarve7.pt\\\/#\\\/schema\\\/person\\\/23fa70681308e7b319a3204bcea45e0c\"},\"headline\":\"Bombeiros sapadores de Faro recebem nova forma\u00e7\u00e3o\",\"datePublished\":\"2021-04-07T11:15:03+00:00\",\"dateModified\":\"2021-04-07T11:15:07+00:00\",\"mainEntityOfPage\":{\"@id\":\"https:\\\/\\\/algarve7.pt\\\/index.php\\\/2021\\\/04\\\/bombeiros-sapadores-de-faro-recebem-nova-formacao\\\/atualidade\\\/12\\\/15\\\/\"},\"wordCount\":391,\"commentCount\":0,\"publisher\":{\"@id\":\"https:\\\/\\\/algarve7.pt\\\/#organization\"},\"image\":{\"@id\":\"https:\\\/\\\/algarve7.pt\\\/index.php\\\/2021\\\/04\\\/bombeiros-sapadores-de-faro-recebem-nova-formacao\\\/atualidade\\\/12\\\/15\\\/#primaryimage\"},\"thumbnailUrl\":\"https:\\\/\\\/algarve7.pt\\\/wp-content\\\/uploads\\\/2021\\\/04\\\/IMG-20210406-WA0020.jpg\",\"keywords\":[\"Algarve\",\"Atualidade\",\"Bombeiros\",\"Faro\"],\"articleSection\":[\"Atualidade\"],\"inLanguage\":\"pt-PT\",\"potentialAction\":[{\"@type\":\"CommentAction\",\"name\":\"Comment\",\"target\":[\"https:\\\/\\\/algarve7.pt\\\/index.php\\\/2021\\\/04\\\/bombeiros-sapadores-de-faro-recebem-nova-formacao\\\/atualidade\\\/12\\\/15\\\/#respond\"]}]},{\"@type\":\"WebPage\",\"@id\":\"https:\\\/\\\/algarve7.pt\\\/index.php\\\/2021\\\/04\\\/bombeiros-sapadores-de-faro-recebem-nova-formacao\\\/atualidade\\\/12\\\/15\\\/\",\"url\":\"https:\\\/\\\/algarve7.pt\\\/index.php\\\/2021\\\/04\\\/bombeiros-sapadores-de-faro-recebem-nova-formacao\\\/atualidade\\\/12\\\/15\\\/\",\"name\":\"Bombeiros sapadores de Faro recebem nova forma\u00e7\u00e3o - Algarve 7\",\"isPartOf\":{\"@id\":\"https:\\\/\\\/algarve7.pt\\\/#website\"},\"primaryImageOfPage\":{\"@id\":\"https:\\\/\\\/algarve7.pt\\\/index.php\\\/2021\\\/04\\\/bombeiros-sapadores-de-faro-recebem-nova-formacao\\\/atualidade\\\/12\\\/15\\\/#primaryimage\"},\"image\":{\"@id\":\"https:\\\/\\\/algarve7.pt\\\/index.php\\\/2021\\\/04\\\/bombeiros-sapadores-de-faro-recebem-nova-formacao\\\/atualidade\\\/12\\\/15\\\/#primaryimage\"},\"thumbnailUrl\":\"https:\\\/\\\/algarve7.pt\\\/wp-content\\\/uploads\\\/2021\\\/04\\\/IMG-20210406-WA0020.jpg\",\"datePublished\":\"2021-04-07T11:15:03+00:00\",\"dateModified\":\"2021-04-07T11:15:07+00:00\",\"description\":\"Bombeiros sapadores de Faro recebem nova forma\u00e7\u00e3o em riscos biol\u00f3gicos e descontamina\u00e7\u00e3o de espa\u00e7os e infraestruturas\",\"breadcrumb\":{\"@id\":\"https:\\\/\\\/algarve7.pt\\\/index.php\\\/2021\\\/04\\\/bombeiros-sapadores-de-faro-recebem-nova-formacao\\\/atualidade\\\/12\\\/15\\\/#breadcrumb\"},\"inLanguage\":\"pt-PT\",\"potentialAction\":[{\"@type\":\"ReadAction\",\"target\":[\"https:\\\/\\\/algarve7.pt\\\/index.php\\\/2021\\\/04\\\/bombeiros-sapadores-de-faro-recebem-nova-formacao\\\/atualidade\\\/12\\\/15\\\/\"]}]},{\"@type\":\"ImageObject\",\"inLanguage\":\"pt-PT\",\"@id\":\"https:\\\/\\\/algarve7.pt\\\/index.php\\\/2021\\\/04\\\/bombeiros-sapadores-de-faro-recebem-nova-formacao\\\/atualidade\\\/12\\\/15\\\/#primaryimage\",\"url\":\"https:\\\/\\\/algarve7.pt\\\/wp-content\\\/uploads\\\/2021\\\/04\\\/IMG-20210406-WA0020.jpg\",\"contentUrl\":\"https:\\\/\\\/algarve7.pt\\\/wp-content\\\/uploads\\\/2021\\\/04\\\/IMG-20210406-WA0020.jpg\",\"width\":1919,\"height\":887},{\"@type\":\"BreadcrumbList\",\"@id\":\"https:\\\/\\\/algarve7.pt\\\/index.php\\\/2021\\\/04\\\/bombeiros-sapadores-de-faro-recebem-nova-formacao\\\/atualidade\\\/12\\\/15\\\/#breadcrumb\",\"itemListElement\":[{\"@type\":\"ListItem\",\"position\":1,\"name\":\"In\u00edcio\",\"item\":\"https:\\\/\\\/algarve7.pt\\\/\"},{\"@type\":\"ListItem\",\"position\":2,\"name\":\"Bombeiros sapadores de Faro recebem nova forma\u00e7\u00e3o\"}]},{\"@type\":\"WebSite\",\"@id\":\"https:\\\/\\\/algarve7.pt\\\/#website\",\"url\":\"https:\\\/\\\/algarve7.pt\\\/\",\"name\":\"Algarve 7\",\"description\":\"Informa\u00e7\u00e3o sobre o Algarve\",\"publisher\":{\"@id\":\"https:\\\/\\\/algarve7.pt\\\/#organization\"},\"potentialAction\":[{\"@type\":\"SearchAction\",\"target\":{\"@type\":\"EntryPoint\",\"urlTemplate\":\"https:\\\/\\\/algarve7.pt\\\/?s={search_term_string}\"},\"query-input\":{\"@type\":\"PropertyValueSpecification\",\"valueRequired\":true,\"valueName\":\"search_term_string\"}}],\"inLanguage\":\"pt-PT\"},{\"@type\":\"Organization\",\"@id\":\"https:\\\/\\\/algarve7.pt\\\/#organization\",\"name\":\"Algarve 7\",\"url\":\"https:\\\/\\\/algarve7.pt\\\/\",\"logo\":{\"@type\":\"ImageObject\",\"inLanguage\":\"pt-PT\",\"@id\":\"https:\\\/\\\/algarve7.pt\\\/#\\\/schema\\\/logo\\\/image\\\/\",\"url\":\"https:\\\/\\\/algarve7.pt\\\/wp-content\\\/uploads\\\/2020\\\/10\\\/Logo-8.jpg\",\"contentUrl\":\"https:\\\/\\\/algarve7.pt\\\/wp-content\\\/uploads\\\/2020\\\/10\\\/Logo-8.jpg\",\"width\":1680,\"height\":1186,\"caption\":\"Algarve 7\"},\"image\":{\"@id\":\"https:\\\/\\\/algarve7.pt\\\/#\\\/schema\\\/logo\\\/image\\\/\"},\"sameAs\":[\"https:\\\/\\\/www.facebook.com\\\/algarve7\",\"https:\\\/\\\/x.com\\\/Algarvesete\",\"https:\\\/\\\/www.instagram.com\\\/jornalalgarve7\\\/\",\"https:\\\/\\\/www.linkedin.com\\\/company\\\/algarve7\",\"https:\\\/\\\/www.pinterest.pt\\\/geral0939\\\/_created\\\/\"]},{\"@type\":\"Person\",\"@id\":\"https:\\\/\\\/algarve7.pt\\\/#\\\/schema\\\/person\\\/23fa70681308e7b319a3204bcea45e0c\",\"name\":\"Algarve 7\",\"sameAs\":[\"https:\\\/\\\/algarve7.pt\",\"https:\\\/\\\/www.facebook.com\\\/algarve7\"],\"url\":\"https:\\\/\\\/algarve7.pt\\\/index.php\\\/author\\\/geralalgarve7-pt\\\/\"}]}<\/script>\n<!-- \/ Yoast SEO plugin. -->","yoast_head_json":{"title":"Bombeiros sapadores de Faro recebem nova forma\u00e7\u00e3o - Algarve 7","description":"Bombeiros sapadores de Faro recebem nova forma\u00e7\u00e3o em riscos biol\u00f3gicos e descontamina\u00e7\u00e3o de espa\u00e7os e infraestruturas","robots":{"index":"index","follow":"follow","max-snippet":"max-snippet:-1","max-image-preview":"max-image-preview:large","max-video-preview":"max-video-preview:-1"},"canonical":"https:\/\/algarve7.pt\/index.php\/2021\/04\/bombeiros-sapadores-de-faro-recebem-nova-formacao\/atualidade\/12\/15\/","og_locale":"pt_PT","og_type":"article","og_title":"Bombeiros sapadores de Faro recebem nova forma\u00e7\u00e3o - Algarve 7","og_description":"Bombeiros sapadores de Faro recebem nova forma\u00e7\u00e3o em riscos biol\u00f3gicos e descontamina\u00e7\u00e3o de espa\u00e7os e infraestruturas","og_url":"https:\/\/algarve7.pt\/index.php\/2021\/04\/bombeiros-sapadores-de-faro-recebem-nova-formacao\/atualidade\/12\/15\/","og_site_name":"Algarve 7","article_publisher":"https:\/\/www.facebook.com\/algarve7","article_author":"https:\/\/www.facebook.com\/algarve7","article_published_time":"2021-04-07T11:15:03+00:00","article_modified_time":"2021-04-07T11:15:07+00:00","og_image":[{"width":1919,"height":887,"url":"https:\/\/algarve7.pt\/wp-content\/uploads\/2021\/04\/IMG-20210406-WA0020.jpg","type":"image\/jpeg"}],"author":"Algarve 7","twitter_card":"summary_large_image","twitter_creator":"@Algarvesete","twitter_site":"@Algarvesete","twitter_misc":{"Escrito por":"Algarve 7","Tempo estimado de leitura":"2 minutos"},"schema":{"@context":"https:\/\/schema.org","@graph":[{"@type":"Article","@id":"https:\/\/algarve7.pt\/index.php\/2021\/04\/bombeiros-sapadores-de-faro-recebem-nova-formacao\/atualidade\/12\/15\/#article","isPartOf":{"@id":"https:\/\/algarve7.pt\/index.php\/2021\/04\/bombeiros-sapadores-de-faro-recebem-nova-formacao\/atualidade\/12\/15\/"},"author":{"name":"Algarve 7","@id":"https:\/\/algarve7.pt\/#\/schema\/person\/23fa70681308e7b319a3204bcea45e0c"},"headline":"Bombeiros sapadores de Faro recebem nova forma\u00e7\u00e3o","datePublished":"2021-04-07T11:15:03+00:00","dateModified":"2021-04-07T11:15:07+00:00","mainEntityOfPage":{"@id":"https:\/\/algarve7.pt\/index.php\/2021\/04\/bombeiros-sapadores-de-faro-recebem-nova-formacao\/atualidade\/12\/15\/"},"wordCount":391,"commentCount":0,"publisher":{"@id":"https:\/\/algarve7.pt\/#organization"},"image":{"@id":"https:\/\/algarve7.pt\/index.php\/2021\/04\/bombeiros-sapadores-de-faro-recebem-nova-formacao\/atualidade\/12\/15\/#primaryimage"},"thumbnailUrl":"https:\/\/algarve7.pt\/wp-content\/uploads\/2021\/04\/IMG-20210406-WA0020.jpg","keywords":["Algarve","Atualidade","Bombeiros","Faro"],"articleSection":["Atualidade"],"inLanguage":"pt-PT","potentialAction":[{"@type":"CommentAction","name":"Comment","target":["https:\/\/algarve7.pt\/index.php\/2021\/04\/bombeiros-sapadores-de-faro-recebem-nova-formacao\/atualidade\/12\/15\/#respond"]}]},{"@type":"WebPage","@id":"https:\/\/algarve7.pt\/index.php\/2021\/04\/bombeiros-sapadores-de-faro-recebem-nova-formacao\/atualidade\/12\/15\/","url":"https:\/\/algarve7.pt\/index.php\/2021\/04\/bombeiros-sapadores-de-faro-recebem-nova-formacao\/atualidade\/12\/15\/","name":"Bombeiros sapadores de Faro recebem nova forma\u00e7\u00e3o - Algarve 7","isPartOf":{"@id":"https:\/\/algarve7.pt\/#website"},"primaryImageOfPage":{"@id":"https:\/\/algarve7.pt\/index.php\/2021\/04\/bombeiros-sapadores-de-faro-recebem-nova-formacao\/atualidade\/12\/15\/#primaryimage"},"image":{"@id":"https:\/\/algarve7.pt\/index.php\/2021\/04\/bombeiros-sapadores-de-faro-recebem-nova-formacao\/atualidade\/12\/15\/#primaryimage"},"thumbnailUrl":"https:\/\/algarve7.pt\/wp-content\/uploads\/2021\/04\/IMG-20210406-WA0020.jpg","datePublished":"2021-04-07T11:15:03+00:00","dateModified":"2021-04-07T11:15:07+00:00","description":"Bombeiros sapadores de Faro recebem nova forma\u00e7\u00e3o em riscos biol\u00f3gicos e descontamina\u00e7\u00e3o de espa\u00e7os e infraestruturas","breadcrumb":{"@id":"https:\/\/algarve7.pt\/index.php\/2021\/04\/bombeiros-sapadores-de-faro-recebem-nova-formacao\/atualidade\/12\/15\/#breadcrumb"},"inLanguage":"pt-PT","potentialAction":[{"@type":"ReadAction","target":["https:\/\/algarve7.pt\/index.php\/2021\/04\/bombeiros-sapadores-de-faro-recebem-nova-formacao\/atualidade\/12\/15\/"]}]},{"@type":"ImageObject","inLanguage":"pt-PT","@id":"https:\/\/algarve7.pt\/index.php\/2021\/04\/bombeiros-sapadores-de-faro-recebem-nova-formacao\/atualidade\/12\/15\/#primaryimage","url":"https:\/\/algarve7.pt\/wp-content\/uploads\/2021\/04\/IMG-20210406-WA0020.jpg","contentUrl":"https:\/\/algarve7.pt\/wp-content\/uploads\/2021\/04\/IMG-20210406-WA0020.jpg","width":1919,"height":887},{"@type":"BreadcrumbList","@id":"https:\/\/algarve7.pt\/index.php\/2021\/04\/bombeiros-sapadores-de-faro-recebem-nova-formacao\/atualidade\/12\/15\/#breadcrumb","itemListElement":[{"@type":"ListItem","position":1,"name":"In\u00edcio","item":"https:\/\/algarve7.pt\/"},{"@type":"ListItem","position":2,"name":"Bombeiros sapadores de Faro recebem nova forma\u00e7\u00e3o"}]},{"@type":"WebSite","@id":"https:\/\/algarve7.pt\/#website","url":"https:\/\/algarve7.pt\/","name":"Algarve 7","description":"Informa\u00e7\u00e3o sobre o Algarve","publisher":{"@id":"https:\/\/algarve7.pt\/#organization"},"potentialAction":[{"@type":"SearchAction","target":{"@type":"EntryPoint","urlTemplate":"https:\/\/algarve7.pt\/?s={search_term_string}"},"query-input":{"@type":"PropertyValueSpecification","valueRequired":true,"valueName":"search_term_string"}}],"inLanguage":"pt-PT"},{"@type":"Organization","@id":"https:\/\/algarve7.pt\/#organization","name":"Algarve 7","url":"https:\/\/algarve7.pt\/","logo":{"@type":"ImageObject","inLanguage":"pt-PT","@id":"https:\/\/algarve7.pt\/#\/schema\/logo\/image\/","url":"https:\/\/algarve7.pt\/wp-content\/uploads\/2020\/10\/Logo-8.jpg","contentUrl":"https:\/\/algarve7.pt\/wp-content\/uploads\/2020\/10\/Logo-8.jpg","width":1680,"height":1186,"caption":"Algarve 7"},"image":{"@id":"https:\/\/algarve7.pt\/#\/schema\/logo\/image\/"},"sameAs":["https:\/\/www.facebook.com\/algarve7","https:\/\/x.com\/Algarvesete","https:\/\/www.instagram.com\/jornalalgarve7\/","https:\/\/www.linkedin.com\/company\/algarve7","https:\/\/www.pinterest.pt\/geral0939\/_created\/"]},{"@type":"Person","@id":"https:\/\/algarve7.pt\/#\/schema\/person\/23fa70681308e7b319a3204bcea45e0c","name":"Algarve 7","sameAs":["https:\/\/algarve7.pt","https:\/\/www.facebook.com\/algarve7"],"url":"https:\/\/algarve7.pt\/index.php\/author\/geralalgarve7-pt\/"}]}},"jetpack_publicize_connections":[],"jetpack_featured_media_url":"https:\/\/algarve7.pt\/wp-content\/uploads\/2021\/04\/IMG-20210406-WA0020.jpg","jetpack_shortlink":"https:\/\/wp.me\/pcezmW-1Vk","jetpack_sharing_enabled":true,"_links":{"self":[{"href":"https:\/\/algarve7.pt\/index.php\/wp-json\/wp\/v2\/posts\/7398","targetHints":{"allow":["GET"]}}],"collection":[{"href":"https:\/\/algarve7.pt\/index.php\/wp-json\/wp\/v2\/posts"}],"about":[{"href":"https:\/\/algarve7.pt\/index.php\/wp-json\/wp\/v2\/types\/post"}],"author":[{"embeddable":true,"href":"https:\/\/algarve7.pt\/index.php\/wp-json\/wp\/v2\/users\/1"}],"replies":[{"embeddable":true,"href":"https:\/\/algarve7.pt\/index.php\/wp-json\/wp\/v2\/comments?post=7398"}],"version-history":[{"count":0,"href":"https:\/\/algarve7.pt\/index.php\/wp-json\/wp\/v2\/posts\/7398\/revisions"}],"wp:featuredmedia":[{"embeddable":true,"href":"https:\/\/algarve7.pt\/index.php\/wp-json\/wp\/v2\/media\/7399"}],"wp:attachment":[{"href":"https:\/\/algarve7.pt\/index.php\/wp-json\/wp\/v2\/media?parent=7398"}],"wp:term":[{"taxonomy":"category","embeddable":true,"href":"https:\/\/algarve7.pt\/index.php\/wp-json\/wp\/v2\/categories?post=7398"},{"taxonomy":"post_tag","embeddable":true,"href":"https:\/\/algarve7.pt\/index.php\/wp-json\/wp\/v2\/tags?post=7398"}],"curies":[{"name":"wp","href":"https:\/\/api.w.org\/{rel}","templated":true}]}}