{"id":7322,"date":"2021-04-05T09:22:00","date_gmt":"2021-04-05T08:22:00","guid":{"rendered":"https:\/\/algarve7.pt\/?p=7322"},"modified":"2021-04-05T08:23:09","modified_gmt":"2021-04-05T07:23:09","slug":"workshop-a-idade-na-aprendizagem-de-um-instrumento-musical","status":"publish","type":"post","link":"https:\/\/algarve7.pt\/index.php\/2021\/04\/workshop-a-idade-na-aprendizagem-de-um-instrumento-musical\/cultura\/09\/22\/","title":{"rendered":"Workshop &#8220;A idade na aprendizagem de um instrumento musical&#8221;"},"content":{"rendered":"\n<p>Integrado no seu plano de forma\u00e7\u00e3o para 2021, a Ideias do Levante &#8211; Associa\u00e7\u00e3o Cultural de Lagoa (Algarve), em parceria com o Munic\u00edpio de Lagoa, ir\u00e1 organizar, no dia 18 de Abril de 2021, das 15:00-17:00, um workshop intitulado &#8220;A idade na aprendizagem de um instrumento musical: Experi\u00eancias, evolu\u00e7\u00e3o, performance e oportunidades&#8221;, orientado pela Adriana Estrela, destinado a m\u00fasicos, alunos, professores, pais e a todos os que t\u00eam interesse no tema.<br><strong>#Objectivos<\/strong><br>Pretende-se abrir um espa\u00e7o de reflex\u00e3o sobre os seguintes t\u00f3picos:- Quais as diferen\u00e7as, vantagens e desvantagens, desafios, para quem come\u00e7a a aprender um instrumento musical, por exemplo, aos quatro anos de idade e os que come\u00e7am numa idade mais avan\u00e7ada?- O momento e a forma como um instrumento musical aparece na nossa vida, a decis\u00e3o, a escolha, influ\u00eancias e resultados;- A influ\u00eancia e o papel dos professores no percurso dos alunos ao aprender um instrumento musical em diferentes fases da vida.Na pr\u00f3pria experi\u00eancia da formadora, enquanto violoncelista e tamb\u00e9m professora de violoncelo, de ter come\u00e7ado a aprender um instrumento musical quando tinha 16 anos, tem como objetivo partilhar n\u00e3o s\u00f3 a sua pr\u00f3pria experi\u00eancia e pesquisa nas diferentes \u00e1reas e etapas mas tamb\u00e9m conhecer outras experi\u00eancias e opini\u00f5es.<br><strong>#Actividades<\/strong><br>Os alunos que come\u00e7am a aprender numa idade avan\u00e7ada enfrentam desafios muito diferentes dos alunos que come\u00e7am aos 4 ou 5 anos de idade. Neste workshop Adriana Estrela identifica essas diferen\u00e7as, bem como os meios para super\u00e1-las.A formadora ir\u00e1 abordar como esses alunos podem enfrentar os desafios e determinar as etapas necess\u00e1rias para lidar com um repert\u00f3rio espec\u00edfico.<br><strong>#Investimento<\/strong><br>A valor de inscri\u00e7\u00e3o e de <strong>participa\u00e7\u00e3o neste workshop \u00e9 gratuita.<\/strong><br><strong>#Inscri\u00e7\u00f5es<\/strong><br>As inscri\u00e7\u00f5es, para esta forma\u00e7\u00e3o, dever\u00e3o ser obrigatoriamente efectuadas, de forma atempada, atrav\u00e9s do formul\u00e1rio online [\u00a0<a href=\"https:\/\/workshops.ideiasdolevante.info\/\" target=\"_blank\" rel=\"noreferrer noopener\">https:\/\/workshops.ideiasdolevante.info<\/a>\u00a0].<br><strong>#Localiza\u00e7\u00e3o<\/strong><br>Via online atrav\u00e9s da plataforma ZoomOs dados ser\u00e3o enviados aos inscritos que estejam validados (i.e., inscri\u00e7\u00e3o aceite mediante preenchimento do formul\u00e1rio e confirma\u00e7\u00e3o, por escrito, da valida\u00e7\u00e3o da inscri\u00e7\u00e3o do formando por parte da organiza\u00e7\u00e3o)<\/p>\n\n\n\n<p><br><strong>#Notas<\/strong><br>&#8211; Este workshop tem a dura\u00e7\u00e3o de 2 horas e \u00e9 lecionado em Portugu\u00eas;- A forma\u00e7\u00e3o destina-se a m\u00fasicos, alunos, professores, pais e a todos os que t\u00eam interesse no tema. A quem aprendeu, aprende ou vive com o sonho de aprender um instrumento musical e nunca o fez;- Cada aluno dever\u00e1 ter consigo um papel e uma caneta, assim como, o seu smartphone e\/ou computador pessoal que permita a utiliza\u00e7\u00e3o da plataforma Zoom;- Todos os pedidos de inscri\u00e7\u00e3o receber\u00e3o um e-mail de resposta confirmando, ou n\u00e3o, a participa\u00e7\u00e3o;- As inscri\u00e7\u00f5es s\u00e3o limitadas a um m\u00ednimo de 10 e a um m\u00e1ximo de 48 formandos;- Se a forma\u00e7\u00e3o for cancelada por n\u00e3o atingir o n\u00famero m\u00ednimo de participantes, ou por outra decis\u00e3o da organiza\u00e7\u00e3o, haver\u00e1 a possibilidade de reagendar a actividade;- Os formandos receber\u00e3o um certificado de participa\u00e7\u00e3o, ap\u00f3s atestada a sua frequ\u00eancia.<br>#Formadora<br>Adriana Estrela realizou concertos na Europa, Am\u00e9rica do Norte e \u00c1sia, e participou em v\u00e1rias Masterclasses com m\u00fasicos conceituados como Matt Haimovitz, Colin Carr, Natalia Chakovskaia, Michael Mermagen, Richard Aaron, Christopher Hutton, Wen Sinn Yang (Sachrang, Alemanha &#8211; com bolsa total de participa\u00e7\u00e3o), Pinchas Zukerman, Xavier Gagnepain, M\u00e1rta Mez\u00f6, Wolfgang Boettcher (Vaduz, Liechtenstein &#8211; com bolsa total), entre outros.<\/p>\n\n\n\n<p>Adriana tocou em diferentes orquestras, incluindo a Feldkirch Festival Orchestra (\u00c1ustria), Orquestra do Norte (Amarante &#8211; Portugal), a Junge Deutsch-Franz\u00f6sische Philharmonie (Bayreuth, Alemanha) e The Augusta Symphony Orchestra (Augusta, GA &#8211; EUA). Trabalhou com diferentes maestros como Hilary Griffiths (EUA), Dirk Meyer (EUA), Levon Ambartsumian (EUA), Pedro Moreira (Portugal), Osmo V\u00e4nsk\u00e4 (EUA), Daniel Rowland, Ant\u00f3nio Oliveira e Silva, Jos\u00e9 Ferreira Lobo, Maurizio Dini Ciacci, Marc Tardue, Rui Massena, Jan Dobrzelewski, Nuno Dario, Jos\u00e9 Marinho, Nicolaus Richter (Alemanha e Austria), Pedro Carneiro, Pedro Neves, Travis J\u00fcrgens (Kansas City MO, EUA), Nathanael Pangrazio (EUA), Jos\u00e9 Mar\u00eda Moreno, Edward Polochick (Lincoln, EUA), entre outros. Actuou no 515\u00ba anivers\u00e1rio da Santa Casa da Miseric\u00f3rdia de Lisboa com os cantores portugueses Pedro Abrunhosa e Ana Moura, e com Roger Hodgson (Supertramp) na sua digress\u00e3o por Portugal. Participa\u00e7\u00f5es em est\u00fadio incluem grava\u00e7\u00f5es para a TV Globo (Lisboa &#8211; Portugal), Bandas (EUA), entre outros. Em 2006 fez parte da Orquestra Nova Harmonia na &#8220;Gala Rom\u00e2ntica da TVI&#8221; dirigida pelo maestro Jos\u00e9 Marinho, onde acompanhou v\u00e1rios cantores e bandas portuguesas.<br>Possui um mestrado em Performance do Violoncelo pelo International Center for Music &#8211; Park University, onde estudou com o renomado violoncelista Daniel Veis (vencedor do 2\u00ba lugar no concurso Tchaikovsky). Adriana foi bolseira da Santa Casa da Miseric\u00f3rdia de Lisboa (Portugal) e do International Center for Music para o seu mestrado na Park University. Estudou na University of Georgia &#8211; Hugh Hodgson School of Music &#8211; Doctor of Musical Arts em cello performance &#8211; na classe de David Starkweather. Concluiu o curso de Pedagogia do Violoncelo na mesma institui\u00e7\u00e3o. Adriana Estrela trabalha ativamente em diversos projetos relacionados com a performance do violoncelo.<br><strong>#Promotor<\/strong><br>A Ideias do Levante \u00e9 uma associa\u00e7\u00e3o cultural, fundada a 27 de Abril de 1995, com sede em Lagoa (Algarve, Portugal) e extens\u00e3o em Portim\u00e3o (Espa\u00e7o Portas do Sol), com actividade em torno da forma\u00e7\u00e3o, produ\u00e7\u00e3o e promo\u00e7\u00e3o cultural, atrav\u00e9s de projectos regulares e pontuais, n\u00e3o s\u00f3, na \u00e1rea das artes performativas, visuais e liter\u00e1rias, como tamb\u00e9m, na \u00e1rea da sa\u00fade e do bem-estar. Mais informa\u00e7\u00f5es via\u00a0<a href=\"http:\/\/www.ideiasdolevante.info\/\" target=\"_blank\" rel=\"noreferrer noopener\">www.ideiasdolevante.info<\/a>.<\/p>\n\n\n\n<p class=\"has-small-font-size\">Foto: Jason Thrasher<\/p>\n","protected":false},"excerpt":{"rendered":"<p>Integrado no seu plano de forma\u00e7\u00e3o para 2021, a Ideias do Levante &#8211; Associa\u00e7\u00e3o Cultural de Lagoa (Algarve), em parceria<\/p>\n","protected":false},"author":1,"featured_media":7323,"comment_status":"closed","ping_status":"open","sticky":false,"template":"","format":"standard","meta":{"colormag_page_container_layout":"default_layout","colormag_page_sidebar_layout":"default_layout","_monsterinsights_skip_tracking":false,"_monsterinsights_sitenote_active":false,"_monsterinsights_sitenote_note":"","_monsterinsights_sitenote_category":0,"jetpack_post_was_ever_published":false,"_jetpack_newsletter_access":"","_jetpack_dont_email_post_to_subs":false,"_jetpack_newsletter_tier_id":0,"_jetpack_memberships_contains_paywalled_content":false,"_jetpack_memberships_contains_paid_content":false,"footnotes":"","jetpack_publicize_message":"","jetpack_publicize_feature_enabled":true,"jetpack_social_post_already_shared":true,"jetpack_social_options":{"image_generator_settings":{"template":"highway","default_image_id":0,"font":"","enabled":false},"version":2}},"categories":[14],"tags":[36,35,74,344],"class_list":["post-7322","post","type-post","status-publish","format-standard","has-post-thumbnail","hentry","category-cultura","tag-algarve","tag-cultura","tag-educacao","tag-musica"],"yoast_head":"<!-- This site is optimized with the Yoast SEO plugin v27.5 - https:\/\/yoast.com\/product\/yoast-seo-wordpress\/ -->\n<title>Workshop &quot;A idade na aprendizagem de um instrumento musical&quot; - Algarve 7<\/title>\n<meta name=\"description\" content=\"Workshop &quot;A idade na aprendizagem de um instrumento musical&quot; Cultura\" \/>\n<meta name=\"robots\" content=\"index, follow, max-snippet:-1, max-image-preview:large, max-video-preview:-1\" \/>\n<link rel=\"canonical\" href=\"https:\/\/algarve7.pt\/index.php\/2021\/04\/workshop-a-idade-na-aprendizagem-de-um-instrumento-musical\/cultura\/09\/22\/\" \/>\n<meta property=\"og:locale\" content=\"pt_PT\" \/>\n<meta property=\"og:type\" content=\"article\" \/>\n<meta property=\"og:title\" content=\"Workshop &quot;A idade na aprendizagem de um instrumento musical&quot; - Algarve 7\" \/>\n<meta property=\"og:description\" content=\"Workshop &quot;A idade na aprendizagem de um instrumento musical&quot; Cultura\" \/>\n<meta property=\"og:url\" content=\"https:\/\/algarve7.pt\/index.php\/2021\/04\/workshop-a-idade-na-aprendizagem-de-um-instrumento-musical\/cultura\/09\/22\/\" \/>\n<meta property=\"og:site_name\" content=\"Algarve 7\" \/>\n<meta property=\"article:publisher\" content=\"https:\/\/www.facebook.com\/algarve7\" \/>\n<meta property=\"article:author\" content=\"https:\/\/www.facebook.com\/algarve7\" \/>\n<meta property=\"article:published_time\" content=\"2021-04-05T08:22:00+00:00\" \/>\n<meta property=\"og:image\" content=\"https:\/\/algarve7.pt\/wp-content\/uploads\/2021\/04\/workshop-cello-JasonThrasher.png\" \/>\n\t<meta property=\"og:image:width\" content=\"1640\" \/>\n\t<meta property=\"og:image:height\" content=\"924\" \/>\n\t<meta property=\"og:image:type\" content=\"image\/png\" \/>\n<meta name=\"author\" content=\"Algarve 7\" \/>\n<meta name=\"twitter:card\" content=\"summary_large_image\" \/>\n<meta name=\"twitter:creator\" content=\"@Algarvesete\" \/>\n<meta name=\"twitter:site\" content=\"@Algarvesete\" \/>\n<meta name=\"twitter:label1\" content=\"Escrito por\" \/>\n\t<meta name=\"twitter:data1\" content=\"Algarve 7\" \/>\n\t<meta name=\"twitter:label2\" content=\"Tempo estimado de leitura\" \/>\n\t<meta name=\"twitter:data2\" content=\"4 minutos\" \/>\n<script type=\"application\/ld+json\" class=\"yoast-schema-graph\">{\"@context\":\"https:\\\/\\\/schema.org\",\"@graph\":[{\"@type\":\"Article\",\"@id\":\"https:\\\/\\\/algarve7.pt\\\/index.php\\\/2021\\\/04\\\/workshop-a-idade-na-aprendizagem-de-um-instrumento-musical\\\/cultura\\\/09\\\/22\\\/#article\",\"isPartOf\":{\"@id\":\"https:\\\/\\\/algarve7.pt\\\/index.php\\\/2021\\\/04\\\/workshop-a-idade-na-aprendizagem-de-um-instrumento-musical\\\/cultura\\\/09\\\/22\\\/\"},\"author\":{\"name\":\"Algarve 7\",\"@id\":\"https:\\\/\\\/algarve7.pt\\\/#\\\/schema\\\/person\\\/23fa70681308e7b319a3204bcea45e0c\"},\"headline\":\"Workshop &#8220;A idade na aprendizagem de um instrumento musical&#8221;\",\"datePublished\":\"2021-04-05T08:22:00+00:00\",\"mainEntityOfPage\":{\"@id\":\"https:\\\/\\\/algarve7.pt\\\/index.php\\\/2021\\\/04\\\/workshop-a-idade-na-aprendizagem-de-um-instrumento-musical\\\/cultura\\\/09\\\/22\\\/\"},\"wordCount\":993,\"publisher\":{\"@id\":\"https:\\\/\\\/algarve7.pt\\\/#organization\"},\"image\":{\"@id\":\"https:\\\/\\\/algarve7.pt\\\/index.php\\\/2021\\\/04\\\/workshop-a-idade-na-aprendizagem-de-um-instrumento-musical\\\/cultura\\\/09\\\/22\\\/#primaryimage\"},\"thumbnailUrl\":\"https:\\\/\\\/algarve7.pt\\\/wp-content\\\/uploads\\\/2021\\\/04\\\/workshop-cello-JasonThrasher.png\",\"keywords\":[\"Algarve\",\"Cultura\",\"Educa\u00e7\u00e3o\",\"Musica\"],\"articleSection\":[\"Cultura\"],\"inLanguage\":\"pt-PT\"},{\"@type\":\"WebPage\",\"@id\":\"https:\\\/\\\/algarve7.pt\\\/index.php\\\/2021\\\/04\\\/workshop-a-idade-na-aprendizagem-de-um-instrumento-musical\\\/cultura\\\/09\\\/22\\\/\",\"url\":\"https:\\\/\\\/algarve7.pt\\\/index.php\\\/2021\\\/04\\\/workshop-a-idade-na-aprendizagem-de-um-instrumento-musical\\\/cultura\\\/09\\\/22\\\/\",\"name\":\"Workshop \\\"A idade na aprendizagem de um instrumento musical\\\" - Algarve 7\",\"isPartOf\":{\"@id\":\"https:\\\/\\\/algarve7.pt\\\/#website\"},\"primaryImageOfPage\":{\"@id\":\"https:\\\/\\\/algarve7.pt\\\/index.php\\\/2021\\\/04\\\/workshop-a-idade-na-aprendizagem-de-um-instrumento-musical\\\/cultura\\\/09\\\/22\\\/#primaryimage\"},\"image\":{\"@id\":\"https:\\\/\\\/algarve7.pt\\\/index.php\\\/2021\\\/04\\\/workshop-a-idade-na-aprendizagem-de-um-instrumento-musical\\\/cultura\\\/09\\\/22\\\/#primaryimage\"},\"thumbnailUrl\":\"https:\\\/\\\/algarve7.pt\\\/wp-content\\\/uploads\\\/2021\\\/04\\\/workshop-cello-JasonThrasher.png\",\"datePublished\":\"2021-04-05T08:22:00+00:00\",\"description\":\"Workshop \\\"A idade na aprendizagem de um instrumento musical\\\" Cultura\",\"breadcrumb\":{\"@id\":\"https:\\\/\\\/algarve7.pt\\\/index.php\\\/2021\\\/04\\\/workshop-a-idade-na-aprendizagem-de-um-instrumento-musical\\\/cultura\\\/09\\\/22\\\/#breadcrumb\"},\"inLanguage\":\"pt-PT\",\"potentialAction\":[{\"@type\":\"ReadAction\",\"target\":[\"https:\\\/\\\/algarve7.pt\\\/index.php\\\/2021\\\/04\\\/workshop-a-idade-na-aprendizagem-de-um-instrumento-musical\\\/cultura\\\/09\\\/22\\\/\"]}]},{\"@type\":\"ImageObject\",\"inLanguage\":\"pt-PT\",\"@id\":\"https:\\\/\\\/algarve7.pt\\\/index.php\\\/2021\\\/04\\\/workshop-a-idade-na-aprendizagem-de-um-instrumento-musical\\\/cultura\\\/09\\\/22\\\/#primaryimage\",\"url\":\"https:\\\/\\\/algarve7.pt\\\/wp-content\\\/uploads\\\/2021\\\/04\\\/workshop-cello-JasonThrasher.png\",\"contentUrl\":\"https:\\\/\\\/algarve7.pt\\\/wp-content\\\/uploads\\\/2021\\\/04\\\/workshop-cello-JasonThrasher.png\",\"width\":1640,\"height\":924},{\"@type\":\"BreadcrumbList\",\"@id\":\"https:\\\/\\\/algarve7.pt\\\/index.php\\\/2021\\\/04\\\/workshop-a-idade-na-aprendizagem-de-um-instrumento-musical\\\/cultura\\\/09\\\/22\\\/#breadcrumb\",\"itemListElement\":[{\"@type\":\"ListItem\",\"position\":1,\"name\":\"In\u00edcio\",\"item\":\"https:\\\/\\\/algarve7.pt\\\/\"},{\"@type\":\"ListItem\",\"position\":2,\"name\":\"Workshop &#8220;A idade na aprendizagem de um instrumento musical&#8221;\"}]},{\"@type\":\"WebSite\",\"@id\":\"https:\\\/\\\/algarve7.pt\\\/#website\",\"url\":\"https:\\\/\\\/algarve7.pt\\\/\",\"name\":\"Algarve 7\",\"description\":\"Informa\u00e7\u00e3o sobre o Algarve\",\"publisher\":{\"@id\":\"https:\\\/\\\/algarve7.pt\\\/#organization\"},\"potentialAction\":[{\"@type\":\"SearchAction\",\"target\":{\"@type\":\"EntryPoint\",\"urlTemplate\":\"https:\\\/\\\/algarve7.pt\\\/?s={search_term_string}\"},\"query-input\":{\"@type\":\"PropertyValueSpecification\",\"valueRequired\":true,\"valueName\":\"search_term_string\"}}],\"inLanguage\":\"pt-PT\"},{\"@type\":\"Organization\",\"@id\":\"https:\\\/\\\/algarve7.pt\\\/#organization\",\"name\":\"Algarve 7\",\"url\":\"https:\\\/\\\/algarve7.pt\\\/\",\"logo\":{\"@type\":\"ImageObject\",\"inLanguage\":\"pt-PT\",\"@id\":\"https:\\\/\\\/algarve7.pt\\\/#\\\/schema\\\/logo\\\/image\\\/\",\"url\":\"https:\\\/\\\/algarve7.pt\\\/wp-content\\\/uploads\\\/2020\\\/10\\\/Logo-8.jpg\",\"contentUrl\":\"https:\\\/\\\/algarve7.pt\\\/wp-content\\\/uploads\\\/2020\\\/10\\\/Logo-8.jpg\",\"width\":1680,\"height\":1186,\"caption\":\"Algarve 7\"},\"image\":{\"@id\":\"https:\\\/\\\/algarve7.pt\\\/#\\\/schema\\\/logo\\\/image\\\/\"},\"sameAs\":[\"https:\\\/\\\/www.facebook.com\\\/algarve7\",\"https:\\\/\\\/x.com\\\/Algarvesete\",\"https:\\\/\\\/www.instagram.com\\\/jornalalgarve7\\\/\",\"https:\\\/\\\/www.linkedin.com\\\/company\\\/algarve7\",\"https:\\\/\\\/www.pinterest.pt\\\/geral0939\\\/_created\\\/\"]},{\"@type\":\"Person\",\"@id\":\"https:\\\/\\\/algarve7.pt\\\/#\\\/schema\\\/person\\\/23fa70681308e7b319a3204bcea45e0c\",\"name\":\"Algarve 7\",\"sameAs\":[\"https:\\\/\\\/algarve7.pt\",\"https:\\\/\\\/www.facebook.com\\\/algarve7\"],\"url\":\"https:\\\/\\\/algarve7.pt\\\/index.php\\\/author\\\/geralalgarve7-pt\\\/\"}]}<\/script>\n<!-- \/ Yoast SEO plugin. -->","yoast_head_json":{"title":"Workshop \"A idade na aprendizagem de um instrumento musical\" - Algarve 7","description":"Workshop \"A idade na aprendizagem de um instrumento musical\" Cultura","robots":{"index":"index","follow":"follow","max-snippet":"max-snippet:-1","max-image-preview":"max-image-preview:large","max-video-preview":"max-video-preview:-1"},"canonical":"https:\/\/algarve7.pt\/index.php\/2021\/04\/workshop-a-idade-na-aprendizagem-de-um-instrumento-musical\/cultura\/09\/22\/","og_locale":"pt_PT","og_type":"article","og_title":"Workshop \"A idade na aprendizagem de um instrumento musical\" - Algarve 7","og_description":"Workshop \"A idade na aprendizagem de um instrumento musical\" Cultura","og_url":"https:\/\/algarve7.pt\/index.php\/2021\/04\/workshop-a-idade-na-aprendizagem-de-um-instrumento-musical\/cultura\/09\/22\/","og_site_name":"Algarve 7","article_publisher":"https:\/\/www.facebook.com\/algarve7","article_author":"https:\/\/www.facebook.com\/algarve7","article_published_time":"2021-04-05T08:22:00+00:00","og_image":[{"width":1640,"height":924,"url":"https:\/\/algarve7.pt\/wp-content\/uploads\/2021\/04\/workshop-cello-JasonThrasher.png","type":"image\/png"}],"author":"Algarve 7","twitter_card":"summary_large_image","twitter_creator":"@Algarvesete","twitter_site":"@Algarvesete","twitter_misc":{"Escrito por":"Algarve 7","Tempo estimado de leitura":"4 minutos"},"schema":{"@context":"https:\/\/schema.org","@graph":[{"@type":"Article","@id":"https:\/\/algarve7.pt\/index.php\/2021\/04\/workshop-a-idade-na-aprendizagem-de-um-instrumento-musical\/cultura\/09\/22\/#article","isPartOf":{"@id":"https:\/\/algarve7.pt\/index.php\/2021\/04\/workshop-a-idade-na-aprendizagem-de-um-instrumento-musical\/cultura\/09\/22\/"},"author":{"name":"Algarve 7","@id":"https:\/\/algarve7.pt\/#\/schema\/person\/23fa70681308e7b319a3204bcea45e0c"},"headline":"Workshop &#8220;A idade na aprendizagem de um instrumento musical&#8221;","datePublished":"2021-04-05T08:22:00+00:00","mainEntityOfPage":{"@id":"https:\/\/algarve7.pt\/index.php\/2021\/04\/workshop-a-idade-na-aprendizagem-de-um-instrumento-musical\/cultura\/09\/22\/"},"wordCount":993,"publisher":{"@id":"https:\/\/algarve7.pt\/#organization"},"image":{"@id":"https:\/\/algarve7.pt\/index.php\/2021\/04\/workshop-a-idade-na-aprendizagem-de-um-instrumento-musical\/cultura\/09\/22\/#primaryimage"},"thumbnailUrl":"https:\/\/algarve7.pt\/wp-content\/uploads\/2021\/04\/workshop-cello-JasonThrasher.png","keywords":["Algarve","Cultura","Educa\u00e7\u00e3o","Musica"],"articleSection":["Cultura"],"inLanguage":"pt-PT"},{"@type":"WebPage","@id":"https:\/\/algarve7.pt\/index.php\/2021\/04\/workshop-a-idade-na-aprendizagem-de-um-instrumento-musical\/cultura\/09\/22\/","url":"https:\/\/algarve7.pt\/index.php\/2021\/04\/workshop-a-idade-na-aprendizagem-de-um-instrumento-musical\/cultura\/09\/22\/","name":"Workshop \"A idade na aprendizagem de um instrumento musical\" - Algarve 7","isPartOf":{"@id":"https:\/\/algarve7.pt\/#website"},"primaryImageOfPage":{"@id":"https:\/\/algarve7.pt\/index.php\/2021\/04\/workshop-a-idade-na-aprendizagem-de-um-instrumento-musical\/cultura\/09\/22\/#primaryimage"},"image":{"@id":"https:\/\/algarve7.pt\/index.php\/2021\/04\/workshop-a-idade-na-aprendizagem-de-um-instrumento-musical\/cultura\/09\/22\/#primaryimage"},"thumbnailUrl":"https:\/\/algarve7.pt\/wp-content\/uploads\/2021\/04\/workshop-cello-JasonThrasher.png","datePublished":"2021-04-05T08:22:00+00:00","description":"Workshop \"A idade na aprendizagem de um instrumento musical\" Cultura","breadcrumb":{"@id":"https:\/\/algarve7.pt\/index.php\/2021\/04\/workshop-a-idade-na-aprendizagem-de-um-instrumento-musical\/cultura\/09\/22\/#breadcrumb"},"inLanguage":"pt-PT","potentialAction":[{"@type":"ReadAction","target":["https:\/\/algarve7.pt\/index.php\/2021\/04\/workshop-a-idade-na-aprendizagem-de-um-instrumento-musical\/cultura\/09\/22\/"]}]},{"@type":"ImageObject","inLanguage":"pt-PT","@id":"https:\/\/algarve7.pt\/index.php\/2021\/04\/workshop-a-idade-na-aprendizagem-de-um-instrumento-musical\/cultura\/09\/22\/#primaryimage","url":"https:\/\/algarve7.pt\/wp-content\/uploads\/2021\/04\/workshop-cello-JasonThrasher.png","contentUrl":"https:\/\/algarve7.pt\/wp-content\/uploads\/2021\/04\/workshop-cello-JasonThrasher.png","width":1640,"height":924},{"@type":"BreadcrumbList","@id":"https:\/\/algarve7.pt\/index.php\/2021\/04\/workshop-a-idade-na-aprendizagem-de-um-instrumento-musical\/cultura\/09\/22\/#breadcrumb","itemListElement":[{"@type":"ListItem","position":1,"name":"In\u00edcio","item":"https:\/\/algarve7.pt\/"},{"@type":"ListItem","position":2,"name":"Workshop &#8220;A idade na aprendizagem de um instrumento musical&#8221;"}]},{"@type":"WebSite","@id":"https:\/\/algarve7.pt\/#website","url":"https:\/\/algarve7.pt\/","name":"Algarve 7","description":"Informa\u00e7\u00e3o sobre o Algarve","publisher":{"@id":"https:\/\/algarve7.pt\/#organization"},"potentialAction":[{"@type":"SearchAction","target":{"@type":"EntryPoint","urlTemplate":"https:\/\/algarve7.pt\/?s={search_term_string}"},"query-input":{"@type":"PropertyValueSpecification","valueRequired":true,"valueName":"search_term_string"}}],"inLanguage":"pt-PT"},{"@type":"Organization","@id":"https:\/\/algarve7.pt\/#organization","name":"Algarve 7","url":"https:\/\/algarve7.pt\/","logo":{"@type":"ImageObject","inLanguage":"pt-PT","@id":"https:\/\/algarve7.pt\/#\/schema\/logo\/image\/","url":"https:\/\/algarve7.pt\/wp-content\/uploads\/2020\/10\/Logo-8.jpg","contentUrl":"https:\/\/algarve7.pt\/wp-content\/uploads\/2020\/10\/Logo-8.jpg","width":1680,"height":1186,"caption":"Algarve 7"},"image":{"@id":"https:\/\/algarve7.pt\/#\/schema\/logo\/image\/"},"sameAs":["https:\/\/www.facebook.com\/algarve7","https:\/\/x.com\/Algarvesete","https:\/\/www.instagram.com\/jornalalgarve7\/","https:\/\/www.linkedin.com\/company\/algarve7","https:\/\/www.pinterest.pt\/geral0939\/_created\/"]},{"@type":"Person","@id":"https:\/\/algarve7.pt\/#\/schema\/person\/23fa70681308e7b319a3204bcea45e0c","name":"Algarve 7","sameAs":["https:\/\/algarve7.pt","https:\/\/www.facebook.com\/algarve7"],"url":"https:\/\/algarve7.pt\/index.php\/author\/geralalgarve7-pt\/"}]}},"jetpack_publicize_connections":[],"jetpack_featured_media_url":"https:\/\/algarve7.pt\/wp-content\/uploads\/2021\/04\/workshop-cello-JasonThrasher.png","jetpack_shortlink":"https:\/\/wp.me\/pcezmW-1U6","jetpack_sharing_enabled":true,"_links":{"self":[{"href":"https:\/\/algarve7.pt\/index.php\/wp-json\/wp\/v2\/posts\/7322","targetHints":{"allow":["GET"]}}],"collection":[{"href":"https:\/\/algarve7.pt\/index.php\/wp-json\/wp\/v2\/posts"}],"about":[{"href":"https:\/\/algarve7.pt\/index.php\/wp-json\/wp\/v2\/types\/post"}],"author":[{"embeddable":true,"href":"https:\/\/algarve7.pt\/index.php\/wp-json\/wp\/v2\/users\/1"}],"replies":[{"embeddable":true,"href":"https:\/\/algarve7.pt\/index.php\/wp-json\/wp\/v2\/comments?post=7322"}],"version-history":[{"count":0,"href":"https:\/\/algarve7.pt\/index.php\/wp-json\/wp\/v2\/posts\/7322\/revisions"}],"wp:featuredmedia":[{"embeddable":true,"href":"https:\/\/algarve7.pt\/index.php\/wp-json\/wp\/v2\/media\/7323"}],"wp:attachment":[{"href":"https:\/\/algarve7.pt\/index.php\/wp-json\/wp\/v2\/media?parent=7322"}],"wp:term":[{"taxonomy":"category","embeddable":true,"href":"https:\/\/algarve7.pt\/index.php\/wp-json\/wp\/v2\/categories?post=7322"},{"taxonomy":"post_tag","embeddable":true,"href":"https:\/\/algarve7.pt\/index.php\/wp-json\/wp\/v2\/tags?post=7322"}],"curies":[{"name":"wp","href":"https:\/\/api.w.org\/{rel}","templated":true}]}}