{"id":7319,"date":"2021-04-05T08:14:48","date_gmt":"2021-04-05T07:14:48","guid":{"rendered":"https:\/\/algarve7.pt\/?p=7319"},"modified":"2021-04-05T08:14:53","modified_gmt":"2021-04-05T07:14:53","slug":"campeonato-de-portugal-de-velocidade-by-sport-tv-com-plantel-de-luxo","status":"publish","type":"post","link":"https:\/\/algarve7.pt\/index.php\/2021\/04\/campeonato-de-portugal-de-velocidade-by-sport-tv-com-plantel-de-luxo\/desporto\/08\/14\/","title":{"rendered":"Campeonato de Portugal de Velocidade by Sport Tv com plantel de luxo."},"content":{"rendered":"\n<p>O Campeonato de Portugal de Velocidade by Sport TV est\u00e1 a despertar profundo interesse entre a fam\u00edlia da velocidade&nbsp;nacional. Prova evidente desta afirma\u00e7\u00e3o reside no plantel de carros e pilotos que j\u00e1 est\u00e3o confirmados.<\/p>\n\n\n\n<p>Contas feitas, uma d\u00fazia de carros, todos da categoria GT Cup, est\u00e3o comprometidos com a competi\u00e7\u00e3o, tendo ao volante pilotos de nomeada com uma mescla de juventude e experi\u00eancia que vai sublinhar com tra\u00e7o de qualidade o&nbsp;regresso do Campeonato de Portugal de Velocidade \u00e0s pistas nacionais.<\/p>\n\n\n\n<p>A superioridade da Porsche nesta lista destaca-se com Paulo Pinheiro, Pedro Marreiros e Francisco Mora a escolherem o 991 GT3 Cup 4.0. Optaram pelos Porsche 991 GT3 Cup 3.8 o jovem Mariano Pires, Diogo Almeida e o franc\u00eas Jean-Roch Piat. Finalmente, com os Porsche 997 GT3 Cup estar\u00e3o presentes Gon\u00e7alo Manahu, Manuel Castro e o aguerrido F\u00e1bio Mota.<\/p>\n\n\n\n<p>Para dar luta aos competitivos 911 GT3 Cup, os irm\u00e3os Lu\u00eds e Diogo Rocha e o veloz polaco Zdenek Chovanec, v\u00e3o usar dois Ferrari 458 Challenge. Assegurando diferencia\u00e7\u00e3o \u00e0 competi\u00e7\u00e3o, Nuno Baptista vai trazer ao Campeonato de Portugal de Velocidade by Sport Tv o divertido e impressionante Mitjet Supertourisme.<\/p>\n\n\n\n<p>Para l\u00e1 deste lote de pilotos da categoria GT Cup, est\u00e3o tamb\u00e9m confirmados Ricardo Gomes, Pedro e Jorge Silva que integram a categoria Touring Cup. H\u00e1 ainda muitos pilotos e equipas, nacionais e internacionais, que est\u00e3o a ultimar os detalhes dos seus programas para, a breve prazo, confirmarem a sua presen\u00e7a.<\/p>\n\n\n\n<p>Os promotores da competi\u00e7\u00e3o e a FPAK (Federa\u00e7\u00e3o Portuguesa de Automobilismo e Karting) esperam uma grelha de partida recheada de emblem\u00e1ticos autom\u00f3veis, dando ao Campeonato de Portugal de Velocidade by Sport Tv o brilho e a competitividade do passado. Um passado recente onde as lutas pelas vit\u00f3rias eram emocionantes e as grelhas de&nbsp;partida longas e competitivas.<\/p>\n\n\n\n<p>Foi exatamente esse o objetivo da Extensive Blue e da FPAK ao assumirem o projeto do Open de Velocidade lan\u00e7ado pela ANPAC (Associa\u00e7\u00e3o Nacional de Pilotos de Autom\u00f3veis Cl\u00e1ssicos) em 2019, transform\u00e1-lo na principal competi\u00e7\u00e3o oficial da velocidade em Portugal e dar-lhe a dignidade que merece.<\/p>\n\n\n\n<p>Campeonato de Portugal de Velocidade by Sport Tv ir\u00e1 disputar provas no <strong>Aut\u00f3dromo Internacional do Algarve<\/strong>, no Circuito de Vila Real e Aut\u00f3dromo do Estoril. Um calend\u00e1rio equilibrado e ajustado ao momento que se vive no pa\u00eds, sendo esta mais uma das raz\u00f5es para o enorme interesse gerado at\u00e9 ao momento pelo Campeonato de Portugal de\u00a0Velocidade by Sport Tv.<\/p>\n","protected":false},"excerpt":{"rendered":"<p>O Campeonato de Portugal de Velocidade by Sport TV est\u00e1 a despertar profundo interesse entre a fam\u00edlia da velocidade&nbsp;nacional. Prova<\/p>\n","protected":false},"author":1,"featured_media":7320,"comment_status":"closed","ping_status":"open","sticky":false,"template":"","format":"standard","meta":{"colormag_page_container_layout":"default_layout","colormag_page_sidebar_layout":"default_layout","_monsterinsights_skip_tracking":false,"_monsterinsights_sitenote_active":false,"_monsterinsights_sitenote_note":"","_monsterinsights_sitenote_category":0,"jetpack_post_was_ever_published":false,"_jetpack_newsletter_access":"","_jetpack_dont_email_post_to_subs":false,"_jetpack_newsletter_tier_id":0,"_jetpack_memberships_contains_paywalled_content":false,"_jetpack_memberships_contains_paid_content":false,"footnotes":"","jetpack_publicize_message":"","jetpack_publicize_feature_enabled":true,"jetpack_social_post_already_shared":true,"jetpack_social_options":{"image_generator_settings":{"template":"highway","default_image_id":0,"font":"","enabled":false},"version":2}},"categories":[15],"tags":[197,40],"class_list":["post-7319","post","type-post","status-publish","format-standard","has-post-thumbnail","hentry","category-desporto","tag-auto","tag-desporto"],"yoast_head":"<!-- This site is optimized with the Yoast SEO plugin v27.5 - https:\/\/yoast.com\/product\/yoast-seo-wordpress\/ -->\n<title>Campeonato de Portugal de Velocidade by Sport Tv com plantel de luxo. - Algarve 7<\/title>\n<meta name=\"description\" content=\"Campeonato de Portugal de Velocidade by Sport Tv com plantel de luxo. Desporto\" \/>\n<meta name=\"robots\" content=\"index, follow, max-snippet:-1, max-image-preview:large, max-video-preview:-1\" \/>\n<link rel=\"canonical\" href=\"https:\/\/algarve7.pt\/index.php\/2021\/04\/campeonato-de-portugal-de-velocidade-by-sport-tv-com-plantel-de-luxo\/desporto\/08\/14\/\" \/>\n<meta property=\"og:locale\" content=\"pt_PT\" \/>\n<meta property=\"og:type\" content=\"article\" \/>\n<meta property=\"og:title\" content=\"Campeonato de Portugal de Velocidade by Sport Tv com plantel de luxo. - Algarve 7\" \/>\n<meta property=\"og:description\" content=\"Campeonato de Portugal de Velocidade by Sport Tv com plantel de luxo. Desporto\" \/>\n<meta property=\"og:url\" content=\"https:\/\/algarve7.pt\/index.php\/2021\/04\/campeonato-de-portugal-de-velocidade-by-sport-tv-com-plantel-de-luxo\/desporto\/08\/14\/\" \/>\n<meta property=\"og:site_name\" content=\"Algarve 7\" \/>\n<meta property=\"article:publisher\" content=\"https:\/\/www.facebook.com\/algarve7\" \/>\n<meta property=\"article:author\" content=\"https:\/\/www.facebook.com\/algarve7\" \/>\n<meta property=\"article:published_time\" content=\"2021-04-05T07:14:48+00:00\" \/>\n<meta property=\"article:modified_time\" content=\"2021-04-05T07:14:53+00:00\" \/>\n<meta property=\"og:image\" content=\"https:\/\/algarve7.pt\/wp-content\/uploads\/2021\/04\/foto3.jpg\" \/>\n\t<meta property=\"og:image:width\" content=\"1920\" \/>\n\t<meta property=\"og:image:height\" content=\"1080\" \/>\n\t<meta property=\"og:image:type\" content=\"image\/jpeg\" \/>\n<meta name=\"author\" content=\"Algarve 7\" \/>\n<meta name=\"twitter:card\" content=\"summary_large_image\" \/>\n<meta name=\"twitter:creator\" content=\"@Algarvesete\" \/>\n<meta name=\"twitter:site\" content=\"@Algarvesete\" \/>\n<meta name=\"twitter:label1\" content=\"Escrito por\" \/>\n\t<meta name=\"twitter:data1\" content=\"Algarve 7\" \/>\n\t<meta name=\"twitter:label2\" content=\"Tempo estimado de leitura\" \/>\n\t<meta name=\"twitter:data2\" content=\"2 minutos\" \/>\n<script type=\"application\/ld+json\" class=\"yoast-schema-graph\">{\"@context\":\"https:\\\/\\\/schema.org\",\"@graph\":[{\"@type\":\"Article\",\"@id\":\"https:\\\/\\\/algarve7.pt\\\/index.php\\\/2021\\\/04\\\/campeonato-de-portugal-de-velocidade-by-sport-tv-com-plantel-de-luxo\\\/desporto\\\/08\\\/14\\\/#article\",\"isPartOf\":{\"@id\":\"https:\\\/\\\/algarve7.pt\\\/index.php\\\/2021\\\/04\\\/campeonato-de-portugal-de-velocidade-by-sport-tv-com-plantel-de-luxo\\\/desporto\\\/08\\\/14\\\/\"},\"author\":{\"name\":\"Algarve 7\",\"@id\":\"https:\\\/\\\/algarve7.pt\\\/#\\\/schema\\\/person\\\/23fa70681308e7b319a3204bcea45e0c\"},\"headline\":\"Campeonato de Portugal de Velocidade by Sport Tv com plantel de luxo.\",\"datePublished\":\"2021-04-05T07:14:48+00:00\",\"dateModified\":\"2021-04-05T07:14:53+00:00\",\"mainEntityOfPage\":{\"@id\":\"https:\\\/\\\/algarve7.pt\\\/index.php\\\/2021\\\/04\\\/campeonato-de-portugal-de-velocidade-by-sport-tv-com-plantel-de-luxo\\\/desporto\\\/08\\\/14\\\/\"},\"wordCount\":446,\"publisher\":{\"@id\":\"https:\\\/\\\/algarve7.pt\\\/#organization\"},\"image\":{\"@id\":\"https:\\\/\\\/algarve7.pt\\\/index.php\\\/2021\\\/04\\\/campeonato-de-portugal-de-velocidade-by-sport-tv-com-plantel-de-luxo\\\/desporto\\\/08\\\/14\\\/#primaryimage\"},\"thumbnailUrl\":\"https:\\\/\\\/algarve7.pt\\\/wp-content\\\/uploads\\\/2021\\\/04\\\/foto3.jpg\",\"keywords\":[\"Auto\",\"Desporto\"],\"articleSection\":[\"Desporto\"],\"inLanguage\":\"pt-PT\"},{\"@type\":\"WebPage\",\"@id\":\"https:\\\/\\\/algarve7.pt\\\/index.php\\\/2021\\\/04\\\/campeonato-de-portugal-de-velocidade-by-sport-tv-com-plantel-de-luxo\\\/desporto\\\/08\\\/14\\\/\",\"url\":\"https:\\\/\\\/algarve7.pt\\\/index.php\\\/2021\\\/04\\\/campeonato-de-portugal-de-velocidade-by-sport-tv-com-plantel-de-luxo\\\/desporto\\\/08\\\/14\\\/\",\"name\":\"Campeonato de Portugal de Velocidade by Sport Tv com plantel de luxo. - Algarve 7\",\"isPartOf\":{\"@id\":\"https:\\\/\\\/algarve7.pt\\\/#website\"},\"primaryImageOfPage\":{\"@id\":\"https:\\\/\\\/algarve7.pt\\\/index.php\\\/2021\\\/04\\\/campeonato-de-portugal-de-velocidade-by-sport-tv-com-plantel-de-luxo\\\/desporto\\\/08\\\/14\\\/#primaryimage\"},\"image\":{\"@id\":\"https:\\\/\\\/algarve7.pt\\\/index.php\\\/2021\\\/04\\\/campeonato-de-portugal-de-velocidade-by-sport-tv-com-plantel-de-luxo\\\/desporto\\\/08\\\/14\\\/#primaryimage\"},\"thumbnailUrl\":\"https:\\\/\\\/algarve7.pt\\\/wp-content\\\/uploads\\\/2021\\\/04\\\/foto3.jpg\",\"datePublished\":\"2021-04-05T07:14:48+00:00\",\"dateModified\":\"2021-04-05T07:14:53+00:00\",\"description\":\"Campeonato de Portugal de Velocidade by Sport Tv com plantel de luxo. Desporto\",\"breadcrumb\":{\"@id\":\"https:\\\/\\\/algarve7.pt\\\/index.php\\\/2021\\\/04\\\/campeonato-de-portugal-de-velocidade-by-sport-tv-com-plantel-de-luxo\\\/desporto\\\/08\\\/14\\\/#breadcrumb\"},\"inLanguage\":\"pt-PT\",\"potentialAction\":[{\"@type\":\"ReadAction\",\"target\":[\"https:\\\/\\\/algarve7.pt\\\/index.php\\\/2021\\\/04\\\/campeonato-de-portugal-de-velocidade-by-sport-tv-com-plantel-de-luxo\\\/desporto\\\/08\\\/14\\\/\"]}]},{\"@type\":\"ImageObject\",\"inLanguage\":\"pt-PT\",\"@id\":\"https:\\\/\\\/algarve7.pt\\\/index.php\\\/2021\\\/04\\\/campeonato-de-portugal-de-velocidade-by-sport-tv-com-plantel-de-luxo\\\/desporto\\\/08\\\/14\\\/#primaryimage\",\"url\":\"https:\\\/\\\/algarve7.pt\\\/wp-content\\\/uploads\\\/2021\\\/04\\\/foto3.jpg\",\"contentUrl\":\"https:\\\/\\\/algarve7.pt\\\/wp-content\\\/uploads\\\/2021\\\/04\\\/foto3.jpg\",\"width\":1920,\"height\":1080},{\"@type\":\"BreadcrumbList\",\"@id\":\"https:\\\/\\\/algarve7.pt\\\/index.php\\\/2021\\\/04\\\/campeonato-de-portugal-de-velocidade-by-sport-tv-com-plantel-de-luxo\\\/desporto\\\/08\\\/14\\\/#breadcrumb\",\"itemListElement\":[{\"@type\":\"ListItem\",\"position\":1,\"name\":\"In\u00edcio\",\"item\":\"https:\\\/\\\/algarve7.pt\\\/\"},{\"@type\":\"ListItem\",\"position\":2,\"name\":\"Campeonato de Portugal de Velocidade by Sport Tv com plantel de luxo.\"}]},{\"@type\":\"WebSite\",\"@id\":\"https:\\\/\\\/algarve7.pt\\\/#website\",\"url\":\"https:\\\/\\\/algarve7.pt\\\/\",\"name\":\"Algarve 7\",\"description\":\"Informa\u00e7\u00e3o sobre o Algarve\",\"publisher\":{\"@id\":\"https:\\\/\\\/algarve7.pt\\\/#organization\"},\"potentialAction\":[{\"@type\":\"SearchAction\",\"target\":{\"@type\":\"EntryPoint\",\"urlTemplate\":\"https:\\\/\\\/algarve7.pt\\\/?s={search_term_string}\"},\"query-input\":{\"@type\":\"PropertyValueSpecification\",\"valueRequired\":true,\"valueName\":\"search_term_string\"}}],\"inLanguage\":\"pt-PT\"},{\"@type\":\"Organization\",\"@id\":\"https:\\\/\\\/algarve7.pt\\\/#organization\",\"name\":\"Algarve 7\",\"url\":\"https:\\\/\\\/algarve7.pt\\\/\",\"logo\":{\"@type\":\"ImageObject\",\"inLanguage\":\"pt-PT\",\"@id\":\"https:\\\/\\\/algarve7.pt\\\/#\\\/schema\\\/logo\\\/image\\\/\",\"url\":\"https:\\\/\\\/algarve7.pt\\\/wp-content\\\/uploads\\\/2020\\\/10\\\/Logo-8.jpg\",\"contentUrl\":\"https:\\\/\\\/algarve7.pt\\\/wp-content\\\/uploads\\\/2020\\\/10\\\/Logo-8.jpg\",\"width\":1680,\"height\":1186,\"caption\":\"Algarve 7\"},\"image\":{\"@id\":\"https:\\\/\\\/algarve7.pt\\\/#\\\/schema\\\/logo\\\/image\\\/\"},\"sameAs\":[\"https:\\\/\\\/www.facebook.com\\\/algarve7\",\"https:\\\/\\\/x.com\\\/Algarvesete\",\"https:\\\/\\\/www.instagram.com\\\/jornalalgarve7\\\/\",\"https:\\\/\\\/www.linkedin.com\\\/company\\\/algarve7\",\"https:\\\/\\\/www.pinterest.pt\\\/geral0939\\\/_created\\\/\"]},{\"@type\":\"Person\",\"@id\":\"https:\\\/\\\/algarve7.pt\\\/#\\\/schema\\\/person\\\/23fa70681308e7b319a3204bcea45e0c\",\"name\":\"Algarve 7\",\"sameAs\":[\"https:\\\/\\\/algarve7.pt\",\"https:\\\/\\\/www.facebook.com\\\/algarve7\"],\"url\":\"https:\\\/\\\/algarve7.pt\\\/index.php\\\/author\\\/geralalgarve7-pt\\\/\"}]}<\/script>\n<!-- \/ Yoast SEO plugin. -->","yoast_head_json":{"title":"Campeonato de Portugal de Velocidade by Sport Tv com plantel de luxo. - Algarve 7","description":"Campeonato de Portugal de Velocidade by Sport Tv com plantel de luxo. Desporto","robots":{"index":"index","follow":"follow","max-snippet":"max-snippet:-1","max-image-preview":"max-image-preview:large","max-video-preview":"max-video-preview:-1"},"canonical":"https:\/\/algarve7.pt\/index.php\/2021\/04\/campeonato-de-portugal-de-velocidade-by-sport-tv-com-plantel-de-luxo\/desporto\/08\/14\/","og_locale":"pt_PT","og_type":"article","og_title":"Campeonato de Portugal de Velocidade by Sport Tv com plantel de luxo. - Algarve 7","og_description":"Campeonato de Portugal de Velocidade by Sport Tv com plantel de luxo. Desporto","og_url":"https:\/\/algarve7.pt\/index.php\/2021\/04\/campeonato-de-portugal-de-velocidade-by-sport-tv-com-plantel-de-luxo\/desporto\/08\/14\/","og_site_name":"Algarve 7","article_publisher":"https:\/\/www.facebook.com\/algarve7","article_author":"https:\/\/www.facebook.com\/algarve7","article_published_time":"2021-04-05T07:14:48+00:00","article_modified_time":"2021-04-05T07:14:53+00:00","og_image":[{"width":1920,"height":1080,"url":"https:\/\/algarve7.pt\/wp-content\/uploads\/2021\/04\/foto3.jpg","type":"image\/jpeg"}],"author":"Algarve 7","twitter_card":"summary_large_image","twitter_creator":"@Algarvesete","twitter_site":"@Algarvesete","twitter_misc":{"Escrito por":"Algarve 7","Tempo estimado de leitura":"2 minutos"},"schema":{"@context":"https:\/\/schema.org","@graph":[{"@type":"Article","@id":"https:\/\/algarve7.pt\/index.php\/2021\/04\/campeonato-de-portugal-de-velocidade-by-sport-tv-com-plantel-de-luxo\/desporto\/08\/14\/#article","isPartOf":{"@id":"https:\/\/algarve7.pt\/index.php\/2021\/04\/campeonato-de-portugal-de-velocidade-by-sport-tv-com-plantel-de-luxo\/desporto\/08\/14\/"},"author":{"name":"Algarve 7","@id":"https:\/\/algarve7.pt\/#\/schema\/person\/23fa70681308e7b319a3204bcea45e0c"},"headline":"Campeonato de Portugal de Velocidade by Sport Tv com plantel de luxo.","datePublished":"2021-04-05T07:14:48+00:00","dateModified":"2021-04-05T07:14:53+00:00","mainEntityOfPage":{"@id":"https:\/\/algarve7.pt\/index.php\/2021\/04\/campeonato-de-portugal-de-velocidade-by-sport-tv-com-plantel-de-luxo\/desporto\/08\/14\/"},"wordCount":446,"publisher":{"@id":"https:\/\/algarve7.pt\/#organization"},"image":{"@id":"https:\/\/algarve7.pt\/index.php\/2021\/04\/campeonato-de-portugal-de-velocidade-by-sport-tv-com-plantel-de-luxo\/desporto\/08\/14\/#primaryimage"},"thumbnailUrl":"https:\/\/algarve7.pt\/wp-content\/uploads\/2021\/04\/foto3.jpg","keywords":["Auto","Desporto"],"articleSection":["Desporto"],"inLanguage":"pt-PT"},{"@type":"WebPage","@id":"https:\/\/algarve7.pt\/index.php\/2021\/04\/campeonato-de-portugal-de-velocidade-by-sport-tv-com-plantel-de-luxo\/desporto\/08\/14\/","url":"https:\/\/algarve7.pt\/index.php\/2021\/04\/campeonato-de-portugal-de-velocidade-by-sport-tv-com-plantel-de-luxo\/desporto\/08\/14\/","name":"Campeonato de Portugal de Velocidade by Sport Tv com plantel de luxo. - Algarve 7","isPartOf":{"@id":"https:\/\/algarve7.pt\/#website"},"primaryImageOfPage":{"@id":"https:\/\/algarve7.pt\/index.php\/2021\/04\/campeonato-de-portugal-de-velocidade-by-sport-tv-com-plantel-de-luxo\/desporto\/08\/14\/#primaryimage"},"image":{"@id":"https:\/\/algarve7.pt\/index.php\/2021\/04\/campeonato-de-portugal-de-velocidade-by-sport-tv-com-plantel-de-luxo\/desporto\/08\/14\/#primaryimage"},"thumbnailUrl":"https:\/\/algarve7.pt\/wp-content\/uploads\/2021\/04\/foto3.jpg","datePublished":"2021-04-05T07:14:48+00:00","dateModified":"2021-04-05T07:14:53+00:00","description":"Campeonato de Portugal de Velocidade by Sport Tv com plantel de luxo. Desporto","breadcrumb":{"@id":"https:\/\/algarve7.pt\/index.php\/2021\/04\/campeonato-de-portugal-de-velocidade-by-sport-tv-com-plantel-de-luxo\/desporto\/08\/14\/#breadcrumb"},"inLanguage":"pt-PT","potentialAction":[{"@type":"ReadAction","target":["https:\/\/algarve7.pt\/index.php\/2021\/04\/campeonato-de-portugal-de-velocidade-by-sport-tv-com-plantel-de-luxo\/desporto\/08\/14\/"]}]},{"@type":"ImageObject","inLanguage":"pt-PT","@id":"https:\/\/algarve7.pt\/index.php\/2021\/04\/campeonato-de-portugal-de-velocidade-by-sport-tv-com-plantel-de-luxo\/desporto\/08\/14\/#primaryimage","url":"https:\/\/algarve7.pt\/wp-content\/uploads\/2021\/04\/foto3.jpg","contentUrl":"https:\/\/algarve7.pt\/wp-content\/uploads\/2021\/04\/foto3.jpg","width":1920,"height":1080},{"@type":"BreadcrumbList","@id":"https:\/\/algarve7.pt\/index.php\/2021\/04\/campeonato-de-portugal-de-velocidade-by-sport-tv-com-plantel-de-luxo\/desporto\/08\/14\/#breadcrumb","itemListElement":[{"@type":"ListItem","position":1,"name":"In\u00edcio","item":"https:\/\/algarve7.pt\/"},{"@type":"ListItem","position":2,"name":"Campeonato de Portugal de Velocidade by Sport Tv com plantel de luxo."}]},{"@type":"WebSite","@id":"https:\/\/algarve7.pt\/#website","url":"https:\/\/algarve7.pt\/","name":"Algarve 7","description":"Informa\u00e7\u00e3o sobre o Algarve","publisher":{"@id":"https:\/\/algarve7.pt\/#organization"},"potentialAction":[{"@type":"SearchAction","target":{"@type":"EntryPoint","urlTemplate":"https:\/\/algarve7.pt\/?s={search_term_string}"},"query-input":{"@type":"PropertyValueSpecification","valueRequired":true,"valueName":"search_term_string"}}],"inLanguage":"pt-PT"},{"@type":"Organization","@id":"https:\/\/algarve7.pt\/#organization","name":"Algarve 7","url":"https:\/\/algarve7.pt\/","logo":{"@type":"ImageObject","inLanguage":"pt-PT","@id":"https:\/\/algarve7.pt\/#\/schema\/logo\/image\/","url":"https:\/\/algarve7.pt\/wp-content\/uploads\/2020\/10\/Logo-8.jpg","contentUrl":"https:\/\/algarve7.pt\/wp-content\/uploads\/2020\/10\/Logo-8.jpg","width":1680,"height":1186,"caption":"Algarve 7"},"image":{"@id":"https:\/\/algarve7.pt\/#\/schema\/logo\/image\/"},"sameAs":["https:\/\/www.facebook.com\/algarve7","https:\/\/x.com\/Algarvesete","https:\/\/www.instagram.com\/jornalalgarve7\/","https:\/\/www.linkedin.com\/company\/algarve7","https:\/\/www.pinterest.pt\/geral0939\/_created\/"]},{"@type":"Person","@id":"https:\/\/algarve7.pt\/#\/schema\/person\/23fa70681308e7b319a3204bcea45e0c","name":"Algarve 7","sameAs":["https:\/\/algarve7.pt","https:\/\/www.facebook.com\/algarve7"],"url":"https:\/\/algarve7.pt\/index.php\/author\/geralalgarve7-pt\/"}]}},"jetpack_publicize_connections":[],"jetpack_featured_media_url":"https:\/\/algarve7.pt\/wp-content\/uploads\/2021\/04\/foto3.jpg","jetpack_shortlink":"https:\/\/wp.me\/pcezmW-1U3","jetpack_sharing_enabled":true,"_links":{"self":[{"href":"https:\/\/algarve7.pt\/index.php\/wp-json\/wp\/v2\/posts\/7319","targetHints":{"allow":["GET"]}}],"collection":[{"href":"https:\/\/algarve7.pt\/index.php\/wp-json\/wp\/v2\/posts"}],"about":[{"href":"https:\/\/algarve7.pt\/index.php\/wp-json\/wp\/v2\/types\/post"}],"author":[{"embeddable":true,"href":"https:\/\/algarve7.pt\/index.php\/wp-json\/wp\/v2\/users\/1"}],"replies":[{"embeddable":true,"href":"https:\/\/algarve7.pt\/index.php\/wp-json\/wp\/v2\/comments?post=7319"}],"version-history":[{"count":0,"href":"https:\/\/algarve7.pt\/index.php\/wp-json\/wp\/v2\/posts\/7319\/revisions"}],"wp:featuredmedia":[{"embeddable":true,"href":"https:\/\/algarve7.pt\/index.php\/wp-json\/wp\/v2\/media\/7320"}],"wp:attachment":[{"href":"https:\/\/algarve7.pt\/index.php\/wp-json\/wp\/v2\/media?parent=7319"}],"wp:term":[{"taxonomy":"category","embeddable":true,"href":"https:\/\/algarve7.pt\/index.php\/wp-json\/wp\/v2\/categories?post=7319"},{"taxonomy":"post_tag","embeddable":true,"href":"https:\/\/algarve7.pt\/index.php\/wp-json\/wp\/v2\/tags?post=7319"}],"curies":[{"name":"wp","href":"https:\/\/api.w.org\/{rel}","templated":true}]}}