{"id":7168,"date":"2021-03-30T12:30:03","date_gmt":"2021-03-30T11:30:03","guid":{"rendered":"https:\/\/algarve7.pt\/?p=7168"},"modified":"2021-03-30T12:30:07","modified_gmt":"2021-03-30T11:30:07","slug":"rede-de-bibliotecas-do-algarve-comemora-dia-internacional-do-livro-infantil-com-tarde-de-contos","status":"publish","type":"post","link":"https:\/\/algarve7.pt\/index.php\/2021\/03\/rede-de-bibliotecas-do-algarve-comemora-dia-internacional-do-livro-infantil-com-tarde-de-contos\/cultura\/12\/30\/","title":{"rendered":"Rede de Bibliotecas do Algarve comemora Dia Internacional do Livro Infantil com tarde de contos"},"content":{"rendered":"\n<p>\u00a0A Rede Intermunicipal das Bibliotecas do Algarve (BIBAL), em comemora\u00e7\u00e3o do\u00a0<strong>Dia Internacional do Livro Infantil<\/strong>, promove, mais uma vez, uma atividade dirigida aos mais novos.<\/p>\n\n\n\n<p>Desta vez e face \u00e0s conting\u00eancias a que estamos sujeitos em tempo de pandemia, ser\u00e1 apresentada uma sess\u00e3o de contos&nbsp;<em>online<\/em>, com o contador de hist\u00f3rias&nbsp;<strong>Rodolfo Castro<\/strong>.<\/p>\n\n\n\n<p>Poder\u00e3o assistir \u00e0 atividade a partir das 16h30, no dia 2 de abril, atrav\u00e9s da p\u00e1gina de\u00a0<a href=\"https:\/\/www.facebook.com\/BIBALgarve\/\" target=\"_blank\" rel=\"noreferrer noopener\">Facebook da BIBAL<\/a><strong>.<\/strong><\/p>\n\n\n\n<p>Uma oportunidade para estreitar a proximidade entre as Bibliotecas e os leitores mais jovens, e tamb\u00e9m uma proposta para passar um excelente momento em fam\u00edlia, entre hist\u00f3rias e o universo dos livros.<\/p>\n\n\n\n<p>Rodolfo Castro \u00e9 argentino e vive atualmente em Portugal. \u00c9 um contador de hist\u00f3rias, formador, mediador da leitura e escritor, entre muitos outros of\u00edcios.<\/p>\n\n\n\n<p>Esta \u00e9 mais uma atividade concertada da Rede Intermunicipal das Bibliotecas do Algarve, mediante uma estrat\u00e9gia de&nbsp;rentabiliza\u00e7\u00e3o e partilha de recursos e de trabalho colaborativo entre as Bibliotecas do Algarve.<\/p>\n","protected":false},"excerpt":{"rendered":"<p>\u00a0A Rede Intermunicipal das Bibliotecas do Algarve (BIBAL), em comemora\u00e7\u00e3o do\u00a0Dia Internacional do Livro Infantil, promove, mais uma vez, uma<\/p>\n","protected":false},"author":1,"featured_media":7169,"comment_status":"closed","ping_status":"open","sticky":false,"template":"","format":"standard","meta":{"colormag_page_container_layout":"default_layout","colormag_page_sidebar_layout":"default_layout","_monsterinsights_skip_tracking":false,"_monsterinsights_sitenote_active":false,"_monsterinsights_sitenote_note":"","_monsterinsights_sitenote_category":0,"jetpack_post_was_ever_published":false,"_jetpack_newsletter_access":"","_jetpack_dont_email_post_to_subs":false,"_jetpack_newsletter_tier_id":0,"_jetpack_memberships_contains_paywalled_content":false,"_jetpack_memberships_contains_paid_content":false,"footnotes":"","jetpack_publicize_message":"","jetpack_publicize_feature_enabled":true,"jetpack_social_post_already_shared":true,"jetpack_social_options":{"image_generator_settings":{"template":"highway","default_image_id":0,"font":"","enabled":false},"version":2}},"categories":[14],"tags":[36,338,88,35],"class_list":["post-7168","post","type-post","status-publish","format-standard","has-post-thumbnail","hentry","category-cultura","tag-algarve","tag-bibal","tag-biblioteca","tag-cultura"],"yoast_head":"<!-- This site is optimized with the Yoast SEO plugin v27.4 - https:\/\/yoast.com\/product\/yoast-seo-wordpress\/ -->\n<title>Rede de Bibliotecas do Algarve comemora Dia Internacional do Livro Infantil com tarde de contos - Algarve 7<\/title>\n<meta name=\"description\" content=\"Rede de Bibliotecas do Algarve comemora Dia Internacional do Livro Infantil com tarde de contos Cultura\" \/>\n<meta name=\"robots\" content=\"index, follow, max-snippet:-1, max-image-preview:large, max-video-preview:-1\" \/>\n<link rel=\"canonical\" href=\"https:\/\/algarve7.pt\/index.php\/2021\/03\/rede-de-bibliotecas-do-algarve-comemora-dia-internacional-do-livro-infantil-com-tarde-de-contos\/cultura\/12\/30\/\" \/>\n<meta property=\"og:locale\" content=\"pt_PT\" \/>\n<meta property=\"og:type\" content=\"article\" \/>\n<meta property=\"og:title\" content=\"Rede de Bibliotecas do Algarve comemora Dia Internacional do Livro Infantil com tarde de contos - Algarve 7\" \/>\n<meta property=\"og:description\" content=\"Rede de Bibliotecas do Algarve comemora Dia Internacional do Livro Infantil com tarde de contos Cultura\" \/>\n<meta property=\"og:url\" content=\"https:\/\/algarve7.pt\/index.php\/2021\/03\/rede-de-bibliotecas-do-algarve-comemora-dia-internacional-do-livro-infantil-com-tarde-de-contos\/cultura\/12\/30\/\" \/>\n<meta property=\"og:site_name\" content=\"Algarve 7\" \/>\n<meta property=\"article:publisher\" content=\"https:\/\/www.facebook.com\/algarve7\" \/>\n<meta property=\"article:author\" content=\"https:\/\/www.facebook.com\/algarve7\" \/>\n<meta property=\"article:published_time\" content=\"2021-03-30T11:30:03+00:00\" \/>\n<meta property=\"article:modified_time\" content=\"2021-03-30T11:30:07+00:00\" \/>\n<meta property=\"og:image\" content=\"https:\/\/algarve7.pt\/wp-content\/uploads\/2021\/03\/Imagem1.png\" \/>\n\t<meta property=\"og:image:width\" content=\"472\" \/>\n\t<meta property=\"og:image:height\" content=\"472\" \/>\n\t<meta property=\"og:image:type\" content=\"image\/png\" \/>\n<meta name=\"author\" content=\"Algarve 7\" \/>\n<meta name=\"twitter:card\" content=\"summary_large_image\" \/>\n<meta name=\"twitter:creator\" content=\"@Algarvesete\" \/>\n<meta name=\"twitter:site\" content=\"@Algarvesete\" \/>\n<meta name=\"twitter:label1\" content=\"Escrito por\" \/>\n\t<meta name=\"twitter:data1\" content=\"Algarve 7\" \/>\n\t<meta name=\"twitter:label2\" content=\"Tempo estimado de leitura\" \/>\n\t<meta name=\"twitter:data2\" content=\"1 minuto\" \/>\n<script type=\"application\/ld+json\" class=\"yoast-schema-graph\">{\"@context\":\"https:\\\/\\\/schema.org\",\"@graph\":[{\"@type\":\"Article\",\"@id\":\"https:\\\/\\\/algarve7.pt\\\/index.php\\\/2021\\\/03\\\/rede-de-bibliotecas-do-algarve-comemora-dia-internacional-do-livro-infantil-com-tarde-de-contos\\\/cultura\\\/12\\\/30\\\/#article\",\"isPartOf\":{\"@id\":\"https:\\\/\\\/algarve7.pt\\\/index.php\\\/2021\\\/03\\\/rede-de-bibliotecas-do-algarve-comemora-dia-internacional-do-livro-infantil-com-tarde-de-contos\\\/cultura\\\/12\\\/30\\\/\"},\"author\":{\"name\":\"Algarve 7\",\"@id\":\"https:\\\/\\\/algarve7.pt\\\/#\\\/schema\\\/person\\\/23fa70681308e7b319a3204bcea45e0c\"},\"headline\":\"Rede de Bibliotecas do Algarve comemora Dia Internacional do Livro Infantil com tarde de contos\",\"datePublished\":\"2021-03-30T11:30:03+00:00\",\"dateModified\":\"2021-03-30T11:30:07+00:00\",\"mainEntityOfPage\":{\"@id\":\"https:\\\/\\\/algarve7.pt\\\/index.php\\\/2021\\\/03\\\/rede-de-bibliotecas-do-algarve-comemora-dia-internacional-do-livro-infantil-com-tarde-de-contos\\\/cultura\\\/12\\\/30\\\/\"},\"wordCount\":188,\"publisher\":{\"@id\":\"https:\\\/\\\/algarve7.pt\\\/#organization\"},\"image\":{\"@id\":\"https:\\\/\\\/algarve7.pt\\\/index.php\\\/2021\\\/03\\\/rede-de-bibliotecas-do-algarve-comemora-dia-internacional-do-livro-infantil-com-tarde-de-contos\\\/cultura\\\/12\\\/30\\\/#primaryimage\"},\"thumbnailUrl\":\"https:\\\/\\\/algarve7.pt\\\/wp-content\\\/uploads\\\/2021\\\/03\\\/Imagem1.png\",\"keywords\":[\"Algarve\",\"BIBAL\",\"Biblioteca\",\"Cultura\"],\"articleSection\":[\"Cultura\"],\"inLanguage\":\"pt-PT\"},{\"@type\":\"WebPage\",\"@id\":\"https:\\\/\\\/algarve7.pt\\\/index.php\\\/2021\\\/03\\\/rede-de-bibliotecas-do-algarve-comemora-dia-internacional-do-livro-infantil-com-tarde-de-contos\\\/cultura\\\/12\\\/30\\\/\",\"url\":\"https:\\\/\\\/algarve7.pt\\\/index.php\\\/2021\\\/03\\\/rede-de-bibliotecas-do-algarve-comemora-dia-internacional-do-livro-infantil-com-tarde-de-contos\\\/cultura\\\/12\\\/30\\\/\",\"name\":\"Rede de Bibliotecas do Algarve comemora Dia Internacional do Livro Infantil com tarde de contos - Algarve 7\",\"isPartOf\":{\"@id\":\"https:\\\/\\\/algarve7.pt\\\/#website\"},\"primaryImageOfPage\":{\"@id\":\"https:\\\/\\\/algarve7.pt\\\/index.php\\\/2021\\\/03\\\/rede-de-bibliotecas-do-algarve-comemora-dia-internacional-do-livro-infantil-com-tarde-de-contos\\\/cultura\\\/12\\\/30\\\/#primaryimage\"},\"image\":{\"@id\":\"https:\\\/\\\/algarve7.pt\\\/index.php\\\/2021\\\/03\\\/rede-de-bibliotecas-do-algarve-comemora-dia-internacional-do-livro-infantil-com-tarde-de-contos\\\/cultura\\\/12\\\/30\\\/#primaryimage\"},\"thumbnailUrl\":\"https:\\\/\\\/algarve7.pt\\\/wp-content\\\/uploads\\\/2021\\\/03\\\/Imagem1.png\",\"datePublished\":\"2021-03-30T11:30:03+00:00\",\"dateModified\":\"2021-03-30T11:30:07+00:00\",\"description\":\"Rede de Bibliotecas do Algarve comemora Dia Internacional do Livro Infantil com tarde de contos Cultura\",\"breadcrumb\":{\"@id\":\"https:\\\/\\\/algarve7.pt\\\/index.php\\\/2021\\\/03\\\/rede-de-bibliotecas-do-algarve-comemora-dia-internacional-do-livro-infantil-com-tarde-de-contos\\\/cultura\\\/12\\\/30\\\/#breadcrumb\"},\"inLanguage\":\"pt-PT\",\"potentialAction\":[{\"@type\":\"ReadAction\",\"target\":[\"https:\\\/\\\/algarve7.pt\\\/index.php\\\/2021\\\/03\\\/rede-de-bibliotecas-do-algarve-comemora-dia-internacional-do-livro-infantil-com-tarde-de-contos\\\/cultura\\\/12\\\/30\\\/\"]}]},{\"@type\":\"ImageObject\",\"inLanguage\":\"pt-PT\",\"@id\":\"https:\\\/\\\/algarve7.pt\\\/index.php\\\/2021\\\/03\\\/rede-de-bibliotecas-do-algarve-comemora-dia-internacional-do-livro-infantil-com-tarde-de-contos\\\/cultura\\\/12\\\/30\\\/#primaryimage\",\"url\":\"https:\\\/\\\/algarve7.pt\\\/wp-content\\\/uploads\\\/2021\\\/03\\\/Imagem1.png\",\"contentUrl\":\"https:\\\/\\\/algarve7.pt\\\/wp-content\\\/uploads\\\/2021\\\/03\\\/Imagem1.png\",\"width\":472,\"height\":472},{\"@type\":\"BreadcrumbList\",\"@id\":\"https:\\\/\\\/algarve7.pt\\\/index.php\\\/2021\\\/03\\\/rede-de-bibliotecas-do-algarve-comemora-dia-internacional-do-livro-infantil-com-tarde-de-contos\\\/cultura\\\/12\\\/30\\\/#breadcrumb\",\"itemListElement\":[{\"@type\":\"ListItem\",\"position\":1,\"name\":\"In\u00edcio\",\"item\":\"https:\\\/\\\/algarve7.pt\\\/\"},{\"@type\":\"ListItem\",\"position\":2,\"name\":\"Rede de Bibliotecas do Algarve comemora Dia Internacional do Livro Infantil com tarde de contos\"}]},{\"@type\":\"WebSite\",\"@id\":\"https:\\\/\\\/algarve7.pt\\\/#website\",\"url\":\"https:\\\/\\\/algarve7.pt\\\/\",\"name\":\"Algarve 7\",\"description\":\"Informa\u00e7\u00e3o sobre o Algarve\",\"publisher\":{\"@id\":\"https:\\\/\\\/algarve7.pt\\\/#organization\"},\"potentialAction\":[{\"@type\":\"SearchAction\",\"target\":{\"@type\":\"EntryPoint\",\"urlTemplate\":\"https:\\\/\\\/algarve7.pt\\\/?s={search_term_string}\"},\"query-input\":{\"@type\":\"PropertyValueSpecification\",\"valueRequired\":true,\"valueName\":\"search_term_string\"}}],\"inLanguage\":\"pt-PT\"},{\"@type\":\"Organization\",\"@id\":\"https:\\\/\\\/algarve7.pt\\\/#organization\",\"name\":\"Algarve 7\",\"url\":\"https:\\\/\\\/algarve7.pt\\\/\",\"logo\":{\"@type\":\"ImageObject\",\"inLanguage\":\"pt-PT\",\"@id\":\"https:\\\/\\\/algarve7.pt\\\/#\\\/schema\\\/logo\\\/image\\\/\",\"url\":\"https:\\\/\\\/algarve7.pt\\\/wp-content\\\/uploads\\\/2020\\\/10\\\/Logo-8.jpg\",\"contentUrl\":\"https:\\\/\\\/algarve7.pt\\\/wp-content\\\/uploads\\\/2020\\\/10\\\/Logo-8.jpg\",\"width\":1680,\"height\":1186,\"caption\":\"Algarve 7\"},\"image\":{\"@id\":\"https:\\\/\\\/algarve7.pt\\\/#\\\/schema\\\/logo\\\/image\\\/\"},\"sameAs\":[\"https:\\\/\\\/www.facebook.com\\\/algarve7\",\"https:\\\/\\\/x.com\\\/Algarvesete\",\"https:\\\/\\\/www.instagram.com\\\/jornalalgarve7\\\/\",\"https:\\\/\\\/www.linkedin.com\\\/company\\\/algarve7\",\"https:\\\/\\\/www.pinterest.pt\\\/geral0939\\\/_created\\\/\"]},{\"@type\":\"Person\",\"@id\":\"https:\\\/\\\/algarve7.pt\\\/#\\\/schema\\\/person\\\/23fa70681308e7b319a3204bcea45e0c\",\"name\":\"Algarve 7\",\"sameAs\":[\"https:\\\/\\\/algarve7.pt\",\"https:\\\/\\\/www.facebook.com\\\/algarve7\"],\"url\":\"https:\\\/\\\/algarve7.pt\\\/index.php\\\/author\\\/geralalgarve7-pt\\\/\"}]}<\/script>\n<!-- \/ Yoast SEO plugin. -->","yoast_head_json":{"title":"Rede de Bibliotecas do Algarve comemora Dia Internacional do Livro Infantil com tarde de contos - Algarve 7","description":"Rede de Bibliotecas do Algarve comemora Dia Internacional do Livro Infantil com tarde de contos Cultura","robots":{"index":"index","follow":"follow","max-snippet":"max-snippet:-1","max-image-preview":"max-image-preview:large","max-video-preview":"max-video-preview:-1"},"canonical":"https:\/\/algarve7.pt\/index.php\/2021\/03\/rede-de-bibliotecas-do-algarve-comemora-dia-internacional-do-livro-infantil-com-tarde-de-contos\/cultura\/12\/30\/","og_locale":"pt_PT","og_type":"article","og_title":"Rede de Bibliotecas do Algarve comemora Dia Internacional do Livro Infantil com tarde de contos - Algarve 7","og_description":"Rede de Bibliotecas do Algarve comemora Dia Internacional do Livro Infantil com tarde de contos Cultura","og_url":"https:\/\/algarve7.pt\/index.php\/2021\/03\/rede-de-bibliotecas-do-algarve-comemora-dia-internacional-do-livro-infantil-com-tarde-de-contos\/cultura\/12\/30\/","og_site_name":"Algarve 7","article_publisher":"https:\/\/www.facebook.com\/algarve7","article_author":"https:\/\/www.facebook.com\/algarve7","article_published_time":"2021-03-30T11:30:03+00:00","article_modified_time":"2021-03-30T11:30:07+00:00","og_image":[{"width":472,"height":472,"url":"https:\/\/algarve7.pt\/wp-content\/uploads\/2021\/03\/Imagem1.png","type":"image\/png"}],"author":"Algarve 7","twitter_card":"summary_large_image","twitter_creator":"@Algarvesete","twitter_site":"@Algarvesete","twitter_misc":{"Escrito por":"Algarve 7","Tempo estimado de leitura":"1 minuto"},"schema":{"@context":"https:\/\/schema.org","@graph":[{"@type":"Article","@id":"https:\/\/algarve7.pt\/index.php\/2021\/03\/rede-de-bibliotecas-do-algarve-comemora-dia-internacional-do-livro-infantil-com-tarde-de-contos\/cultura\/12\/30\/#article","isPartOf":{"@id":"https:\/\/algarve7.pt\/index.php\/2021\/03\/rede-de-bibliotecas-do-algarve-comemora-dia-internacional-do-livro-infantil-com-tarde-de-contos\/cultura\/12\/30\/"},"author":{"name":"Algarve 7","@id":"https:\/\/algarve7.pt\/#\/schema\/person\/23fa70681308e7b319a3204bcea45e0c"},"headline":"Rede de Bibliotecas do Algarve comemora Dia Internacional do Livro Infantil com tarde de contos","datePublished":"2021-03-30T11:30:03+00:00","dateModified":"2021-03-30T11:30:07+00:00","mainEntityOfPage":{"@id":"https:\/\/algarve7.pt\/index.php\/2021\/03\/rede-de-bibliotecas-do-algarve-comemora-dia-internacional-do-livro-infantil-com-tarde-de-contos\/cultura\/12\/30\/"},"wordCount":188,"publisher":{"@id":"https:\/\/algarve7.pt\/#organization"},"image":{"@id":"https:\/\/algarve7.pt\/index.php\/2021\/03\/rede-de-bibliotecas-do-algarve-comemora-dia-internacional-do-livro-infantil-com-tarde-de-contos\/cultura\/12\/30\/#primaryimage"},"thumbnailUrl":"https:\/\/algarve7.pt\/wp-content\/uploads\/2021\/03\/Imagem1.png","keywords":["Algarve","BIBAL","Biblioteca","Cultura"],"articleSection":["Cultura"],"inLanguage":"pt-PT"},{"@type":"WebPage","@id":"https:\/\/algarve7.pt\/index.php\/2021\/03\/rede-de-bibliotecas-do-algarve-comemora-dia-internacional-do-livro-infantil-com-tarde-de-contos\/cultura\/12\/30\/","url":"https:\/\/algarve7.pt\/index.php\/2021\/03\/rede-de-bibliotecas-do-algarve-comemora-dia-internacional-do-livro-infantil-com-tarde-de-contos\/cultura\/12\/30\/","name":"Rede de Bibliotecas do Algarve comemora Dia Internacional do Livro Infantil com tarde de contos - Algarve 7","isPartOf":{"@id":"https:\/\/algarve7.pt\/#website"},"primaryImageOfPage":{"@id":"https:\/\/algarve7.pt\/index.php\/2021\/03\/rede-de-bibliotecas-do-algarve-comemora-dia-internacional-do-livro-infantil-com-tarde-de-contos\/cultura\/12\/30\/#primaryimage"},"image":{"@id":"https:\/\/algarve7.pt\/index.php\/2021\/03\/rede-de-bibliotecas-do-algarve-comemora-dia-internacional-do-livro-infantil-com-tarde-de-contos\/cultura\/12\/30\/#primaryimage"},"thumbnailUrl":"https:\/\/algarve7.pt\/wp-content\/uploads\/2021\/03\/Imagem1.png","datePublished":"2021-03-30T11:30:03+00:00","dateModified":"2021-03-30T11:30:07+00:00","description":"Rede de Bibliotecas do Algarve comemora Dia Internacional do Livro Infantil com tarde de contos Cultura","breadcrumb":{"@id":"https:\/\/algarve7.pt\/index.php\/2021\/03\/rede-de-bibliotecas-do-algarve-comemora-dia-internacional-do-livro-infantil-com-tarde-de-contos\/cultura\/12\/30\/#breadcrumb"},"inLanguage":"pt-PT","potentialAction":[{"@type":"ReadAction","target":["https:\/\/algarve7.pt\/index.php\/2021\/03\/rede-de-bibliotecas-do-algarve-comemora-dia-internacional-do-livro-infantil-com-tarde-de-contos\/cultura\/12\/30\/"]}]},{"@type":"ImageObject","inLanguage":"pt-PT","@id":"https:\/\/algarve7.pt\/index.php\/2021\/03\/rede-de-bibliotecas-do-algarve-comemora-dia-internacional-do-livro-infantil-com-tarde-de-contos\/cultura\/12\/30\/#primaryimage","url":"https:\/\/algarve7.pt\/wp-content\/uploads\/2021\/03\/Imagem1.png","contentUrl":"https:\/\/algarve7.pt\/wp-content\/uploads\/2021\/03\/Imagem1.png","width":472,"height":472},{"@type":"BreadcrumbList","@id":"https:\/\/algarve7.pt\/index.php\/2021\/03\/rede-de-bibliotecas-do-algarve-comemora-dia-internacional-do-livro-infantil-com-tarde-de-contos\/cultura\/12\/30\/#breadcrumb","itemListElement":[{"@type":"ListItem","position":1,"name":"In\u00edcio","item":"https:\/\/algarve7.pt\/"},{"@type":"ListItem","position":2,"name":"Rede de Bibliotecas do Algarve comemora Dia Internacional do Livro Infantil com tarde de contos"}]},{"@type":"WebSite","@id":"https:\/\/algarve7.pt\/#website","url":"https:\/\/algarve7.pt\/","name":"Algarve 7","description":"Informa\u00e7\u00e3o sobre o Algarve","publisher":{"@id":"https:\/\/algarve7.pt\/#organization"},"potentialAction":[{"@type":"SearchAction","target":{"@type":"EntryPoint","urlTemplate":"https:\/\/algarve7.pt\/?s={search_term_string}"},"query-input":{"@type":"PropertyValueSpecification","valueRequired":true,"valueName":"search_term_string"}}],"inLanguage":"pt-PT"},{"@type":"Organization","@id":"https:\/\/algarve7.pt\/#organization","name":"Algarve 7","url":"https:\/\/algarve7.pt\/","logo":{"@type":"ImageObject","inLanguage":"pt-PT","@id":"https:\/\/algarve7.pt\/#\/schema\/logo\/image\/","url":"https:\/\/algarve7.pt\/wp-content\/uploads\/2020\/10\/Logo-8.jpg","contentUrl":"https:\/\/algarve7.pt\/wp-content\/uploads\/2020\/10\/Logo-8.jpg","width":1680,"height":1186,"caption":"Algarve 7"},"image":{"@id":"https:\/\/algarve7.pt\/#\/schema\/logo\/image\/"},"sameAs":["https:\/\/www.facebook.com\/algarve7","https:\/\/x.com\/Algarvesete","https:\/\/www.instagram.com\/jornalalgarve7\/","https:\/\/www.linkedin.com\/company\/algarve7","https:\/\/www.pinterest.pt\/geral0939\/_created\/"]},{"@type":"Person","@id":"https:\/\/algarve7.pt\/#\/schema\/person\/23fa70681308e7b319a3204bcea45e0c","name":"Algarve 7","sameAs":["https:\/\/algarve7.pt","https:\/\/www.facebook.com\/algarve7"],"url":"https:\/\/algarve7.pt\/index.php\/author\/geralalgarve7-pt\/"}]}},"jetpack_publicize_connections":[],"jetpack_featured_media_url":"https:\/\/algarve7.pt\/wp-content\/uploads\/2021\/03\/Imagem1.png","jetpack_shortlink":"https:\/\/wp.me\/pcezmW-1RC","jetpack_sharing_enabled":true,"_links":{"self":[{"href":"https:\/\/algarve7.pt\/index.php\/wp-json\/wp\/v2\/posts\/7168","targetHints":{"allow":["GET"]}}],"collection":[{"href":"https:\/\/algarve7.pt\/index.php\/wp-json\/wp\/v2\/posts"}],"about":[{"href":"https:\/\/algarve7.pt\/index.php\/wp-json\/wp\/v2\/types\/post"}],"author":[{"embeddable":true,"href":"https:\/\/algarve7.pt\/index.php\/wp-json\/wp\/v2\/users\/1"}],"replies":[{"embeddable":true,"href":"https:\/\/algarve7.pt\/index.php\/wp-json\/wp\/v2\/comments?post=7168"}],"version-history":[{"count":0,"href":"https:\/\/algarve7.pt\/index.php\/wp-json\/wp\/v2\/posts\/7168\/revisions"}],"wp:featuredmedia":[{"embeddable":true,"href":"https:\/\/algarve7.pt\/index.php\/wp-json\/wp\/v2\/media\/7169"}],"wp:attachment":[{"href":"https:\/\/algarve7.pt\/index.php\/wp-json\/wp\/v2\/media?parent=7168"}],"wp:term":[{"taxonomy":"category","embeddable":true,"href":"https:\/\/algarve7.pt\/index.php\/wp-json\/wp\/v2\/categories?post=7168"},{"taxonomy":"post_tag","embeddable":true,"href":"https:\/\/algarve7.pt\/index.php\/wp-json\/wp\/v2\/tags?post=7168"}],"curies":[{"name":"wp","href":"https:\/\/api.w.org\/{rel}","templated":true}]}}