{"id":7017,"date":"2021-03-23T15:40:14","date_gmt":"2021-03-23T15:40:14","guid":{"rendered":"https:\/\/algarve7.pt\/?p=7017"},"modified":"2021-03-23T15:40:18","modified_gmt":"2021-03-23T15:40:18","slug":"a-lar-no-lar-e-um-projeto-de-coabitacao-inter-geracional-que-comecou-em-lagos","status":"publish","type":"post","link":"https:\/\/algarve7.pt\/index.php\/2021\/03\/a-lar-no-lar-e-um-projeto-de-coabitacao-inter-geracional-que-comecou-em-lagos\/atualidade\/15\/40\/","title":{"rendered":"A Lar no Lar \u00e9 um projeto de coabita\u00e7\u00e3o inter-geracional que come\u00e7ou em Lagos"},"content":{"rendered":"\n<p><strong>Sabia que<\/strong>\u00a0<strong>Portugal \u00e9 o 3\u00ba pa\u00eds mais envelhecido da Europa<\/strong>\u00a0e o que menos investe nas pessoas idosas?\u00a0 E que temos mais de meio milh\u00e3o de idosos a viver sozinhos ou isolados<sup>4<\/sup>?\u00a0 Muito se fala da necessidade de transformar como lidamos com o envelhecimento, mas as pol\u00edticas e ofertas de hoje s\u00e3o praticamente id\u00eanticas \u00e0s de 50 anos atr\u00e1s.\u00a0 N\u00e3o admira que haja tantos idosos deprimidos e que sejam o grupo et\u00e1rio com o risco mais alto de suic\u00eddio<sup>3<\/sup>.<\/p>\n\n\n\n<p><strong>A Lar no Lar \u00e9 um projeto de coabita\u00e7\u00e3o inter-geracional\u00a0<\/strong>que nasce no Algarve e prop\u00f5e uma alternativa a envelhecermos desvalorizados e esquecidos. O nosso objetivo \u00e9 reduzir o n\u00famero de pessoas idosas a viver em isolamento social atrav\u00e9s da utiliza\u00e7\u00e3o de um recurso que muitas t\u00eam: um quarto vazio em casa.\u00a0 A ideia \u00e9 simples e f\u00e1cil de explicar em 6 passos:<\/p>\n\n\n\n<p><strong>O isolamento social nos idosos surge de uma situa\u00e7\u00e3o bilateral<\/strong>: a sociedade desvaloriza e afasta o indiv\u00edduo, algo que normalmente come\u00e7a com a reforma.&nbsp; De retorno, o indiv\u00edduo ao se sentir desvalorizado, exclui-se a ele pr\u00f3prio da sociedade.&nbsp;&nbsp;<br><br><strong>A&nbsp;<em>Lar no Lar<\/em>&nbsp;pretende ser uma escolha<\/strong>&nbsp;<strong>preventiva<\/strong>&nbsp;para ajudar as pessoas idosas a se manterem ativas, independentes e aut\u00f3nomas durante mais tempo, adiando a necessidade de apoios sociais e institucionaliza\u00e7\u00e3o, reduzindo desta forma custos para o Estado e disponibilizando recursos para pessoas que n\u00e3o t\u00eam outras alternativas vi\u00e1veis.&nbsp; Ao viver com algu\u00e9m de uma gera\u00e7\u00e3o mais recente, a pessoa idosa tem a oportunidade de continuar a contribuir para sociedade: para al\u00e9m da contribui\u00e7\u00e3o com o quarto, pode tornar-se amiga, conselheira, mentora; partilhando conhecimentos, experi\u00eancias e sentir-se \u00fatil.&nbsp; A&nbsp;<em>Lar no Lar<\/em>&nbsp;v\u00ea a pessoa idosa como algu\u00e9m que deve ser valorizado precisamente pela sua longa experi\u00eancia de vida.&nbsp;&nbsp;<br><br><\/p>\n\n\n\n<p><strong>Espera-se que os efeitos positivos da&nbsp;<em>Lar no Lar<\/em><\/strong>&nbsp;possam vir a ser tamb\u00e9m sentidos nas vidas dos coabitantes e que estes efeitos se traduzam noutros benef\u00edcios para a sociedade:&nbsp; A&nbsp;<em>Lar no Lar<\/em>&nbsp;contribui para a disponibilidade de habita\u00e7\u00e3o digna a custos acess\u00edveis;&nbsp; ao poupar na habita\u00e7\u00e3o, a\/o coabitante pode investir em qualquer outra coisa que lhe seja importante como educa\u00e7\u00e3o, viagens ou ajudar familiares, mas mais dinheiro dispon\u00edvel contribui para melhor qualidade de vida e maior autoestima.&nbsp; Espera tamb\u00e9m contribuir para uma atitude mais positiva para com o envelhecimento e diminui\u00e7\u00e3o de discrimina\u00e7\u00e3o contra as pessoas idosas.<\/p>\n\n\n\n<p><strong>A\u00a0<em>Lar no Lar<\/em>\u00a0segue as diretrizes de boas pr\u00e1ticas recomendadas pela\u00a0<\/strong><a href=\"http:\/\/www.homeshare.org\/\" target=\"_blank\" rel=\"noreferrer noopener\"><strong>Homeshare International<\/strong>\u00a0<\/a>\u2013 uma organiza\u00e7\u00e3o que apoia estes projetos em todo o mundo.\u00a0 Aspira vir a crescer e atuar em todo o territ\u00f3rio nacional e poder medir o impacto da sua atividade para contribuir para estudos cient\u00edficos acerca do envelhecimento e vir a ser auto-sustent\u00e1vel.<\/p>\n\n\n\n<p><strong><em>Se deseja um pouco mais de informa\u00e7\u00e3o<\/em><\/strong><em>, veja uma apresenta\u00e7\u00e3o de 2 minutos que explica a hist\u00f3ria da Lar no Lar,\u00a0<\/em><a href=\"https:\/\/youtu.be\/LT33KMDDggI\" target=\"_blank\" rel=\"noreferrer noopener\"><em>veja este v\u00eddeo<\/em><\/a><em>.<\/em><\/p>\n\n\n\n<p><strong><em>Se tem 5 minutos<\/em><\/strong><em>\u00a0e quer compreender porque precisamos deste tipo de projetos,\u00a0<\/em><a href=\"https:\/\/youtu.be\/-iZPQgRTBRI\" target=\"_blank\" rel=\"noreferrer noopener\"><em>veja esta apresenta\u00e7\u00e3o<\/em><\/a><em>.<\/em><\/p>\n","protected":false},"excerpt":{"rendered":"<p>Sabia que\u00a0Portugal \u00e9 o 3\u00ba pa\u00eds mais envelhecido da Europa\u00a0e o que menos investe nas pessoas idosas?\u00a0 E que temos<\/p>\n","protected":false},"author":1,"featured_media":7018,"comment_status":"closed","ping_status":"open","sticky":false,"template":"","format":"standard","meta":{"colormag_page_container_layout":"default_layout","colormag_page_sidebar_layout":"default_layout","_monsterinsights_skip_tracking":false,"_monsterinsights_sitenote_active":false,"_monsterinsights_sitenote_note":"","_monsterinsights_sitenote_category":0,"jetpack_post_was_ever_published":false,"_jetpack_newsletter_access":"","_jetpack_dont_email_post_to_subs":false,"_jetpack_newsletter_tier_id":0,"_jetpack_memberships_contains_paywalled_content":false,"_jetpack_memberships_contains_paid_content":false,"footnotes":"","jetpack_publicize_message":"","jetpack_publicize_feature_enabled":true,"jetpack_social_post_already_shared":true,"jetpack_social_options":{"image_generator_settings":{"template":"highway","default_image_id":0,"font":"","enabled":false},"version":2}},"categories":[11],"tags":[36,116,62,68,39],"class_list":["post-7017","post","type-post","status-publish","format-standard","has-post-thumbnail","hentry","category-atualidade","tag-algarve","tag-associacao","tag-atualidade","tag-lagos","tag-social"],"yoast_head":"<!-- This site is optimized with the Yoast SEO plugin v27.5 - https:\/\/yoast.com\/product\/yoast-seo-wordpress\/ -->\n<title>A Lar no Lar \u00e9 um projeto de coabita\u00e7\u00e3o inter-geracional que come\u00e7ou em Lagos - Algarve 7<\/title>\n<meta name=\"description\" content=\"A Lar no Lar \u00e9 um projeto de coabita\u00e7\u00e3o inter-geracional que come\u00e7ou em Lagos Atualidade\" \/>\n<meta name=\"robots\" content=\"index, follow, max-snippet:-1, max-image-preview:large, max-video-preview:-1\" \/>\n<link rel=\"canonical\" href=\"https:\/\/algarve7.pt\/index.php\/2021\/03\/a-lar-no-lar-e-um-projeto-de-coabitacao-inter-geracional-que-comecou-em-lagos\/atualidade\/15\/40\/\" \/>\n<meta property=\"og:locale\" content=\"pt_PT\" \/>\n<meta property=\"og:type\" content=\"article\" \/>\n<meta property=\"og:title\" content=\"A Lar no Lar \u00e9 um projeto de coabita\u00e7\u00e3o inter-geracional que come\u00e7ou em Lagos - Algarve 7\" \/>\n<meta property=\"og:description\" content=\"A Lar no Lar \u00e9 um projeto de coabita\u00e7\u00e3o inter-geracional que come\u00e7ou em Lagos Atualidade\" \/>\n<meta property=\"og:url\" content=\"https:\/\/algarve7.pt\/index.php\/2021\/03\/a-lar-no-lar-e-um-projeto-de-coabitacao-inter-geracional-que-comecou-em-lagos\/atualidade\/15\/40\/\" \/>\n<meta property=\"og:site_name\" content=\"Algarve 7\" \/>\n<meta property=\"article:publisher\" content=\"https:\/\/www.facebook.com\/algarve7\" \/>\n<meta property=\"article:author\" content=\"https:\/\/www.facebook.com\/algarve7\" \/>\n<meta property=\"article:published_time\" content=\"2021-03-23T15:40:14+00:00\" \/>\n<meta property=\"article:modified_time\" content=\"2021-03-23T15:40:18+00:00\" \/>\n<meta property=\"og:image\" content=\"https:\/\/algarve7.pt\/wp-content\/uploads\/2021\/03\/Captura-de-ecra-2021-03-23-as-15.32.25-e1616513961252.png\" \/>\n\t<meta property=\"og:image:width\" content=\"921\" \/>\n\t<meta property=\"og:image:height\" content=\"307\" \/>\n\t<meta property=\"og:image:type\" content=\"image\/png\" \/>\n<meta name=\"author\" content=\"Algarve 7\" \/>\n<meta name=\"twitter:card\" content=\"summary_large_image\" \/>\n<meta name=\"twitter:creator\" content=\"@Algarvesete\" \/>\n<meta name=\"twitter:site\" content=\"@Algarvesete\" \/>\n<meta name=\"twitter:label1\" content=\"Escrito por\" \/>\n\t<meta name=\"twitter:data1\" content=\"Algarve 7\" \/>\n\t<meta name=\"twitter:label2\" content=\"Tempo estimado de leitura\" \/>\n\t<meta name=\"twitter:data2\" content=\"3 minutos\" \/>\n<script type=\"application\/ld+json\" class=\"yoast-schema-graph\">{\"@context\":\"https:\\\/\\\/schema.org\",\"@graph\":[{\"@type\":\"Article\",\"@id\":\"https:\\\/\\\/algarve7.pt\\\/index.php\\\/2021\\\/03\\\/a-lar-no-lar-e-um-projeto-de-coabitacao-inter-geracional-que-comecou-em-lagos\\\/atualidade\\\/15\\\/40\\\/#article\",\"isPartOf\":{\"@id\":\"https:\\\/\\\/algarve7.pt\\\/index.php\\\/2021\\\/03\\\/a-lar-no-lar-e-um-projeto-de-coabitacao-inter-geracional-que-comecou-em-lagos\\\/atualidade\\\/15\\\/40\\\/\"},\"author\":{\"name\":\"Algarve 7\",\"@id\":\"https:\\\/\\\/algarve7.pt\\\/#\\\/schema\\\/person\\\/23fa70681308e7b319a3204bcea45e0c\"},\"headline\":\"A Lar no Lar \u00e9 um projeto de coabita\u00e7\u00e3o inter-geracional que come\u00e7ou em Lagos\",\"datePublished\":\"2021-03-23T15:40:14+00:00\",\"dateModified\":\"2021-03-23T15:40:18+00:00\",\"mainEntityOfPage\":{\"@id\":\"https:\\\/\\\/algarve7.pt\\\/index.php\\\/2021\\\/03\\\/a-lar-no-lar-e-um-projeto-de-coabitacao-inter-geracional-que-comecou-em-lagos\\\/atualidade\\\/15\\\/40\\\/\"},\"wordCount\":566,\"publisher\":{\"@id\":\"https:\\\/\\\/algarve7.pt\\\/#organization\"},\"image\":{\"@id\":\"https:\\\/\\\/algarve7.pt\\\/index.php\\\/2021\\\/03\\\/a-lar-no-lar-e-um-projeto-de-coabitacao-inter-geracional-que-comecou-em-lagos\\\/atualidade\\\/15\\\/40\\\/#primaryimage\"},\"thumbnailUrl\":\"https:\\\/\\\/algarve7.pt\\\/wp-content\\\/uploads\\\/2021\\\/03\\\/Captura-de-ecra-2021-03-23-as-15.32.25-e1616513961252.png\",\"keywords\":[\"Algarve\",\"Associa\u00e7\u00e3o\",\"Atualidade\",\"Lagos\",\"Social\"],\"articleSection\":[\"Atualidade\"],\"inLanguage\":\"pt-PT\"},{\"@type\":\"WebPage\",\"@id\":\"https:\\\/\\\/algarve7.pt\\\/index.php\\\/2021\\\/03\\\/a-lar-no-lar-e-um-projeto-de-coabitacao-inter-geracional-que-comecou-em-lagos\\\/atualidade\\\/15\\\/40\\\/\",\"url\":\"https:\\\/\\\/algarve7.pt\\\/index.php\\\/2021\\\/03\\\/a-lar-no-lar-e-um-projeto-de-coabitacao-inter-geracional-que-comecou-em-lagos\\\/atualidade\\\/15\\\/40\\\/\",\"name\":\"A Lar no Lar \u00e9 um projeto de coabita\u00e7\u00e3o inter-geracional que come\u00e7ou em Lagos - Algarve 7\",\"isPartOf\":{\"@id\":\"https:\\\/\\\/algarve7.pt\\\/#website\"},\"primaryImageOfPage\":{\"@id\":\"https:\\\/\\\/algarve7.pt\\\/index.php\\\/2021\\\/03\\\/a-lar-no-lar-e-um-projeto-de-coabitacao-inter-geracional-que-comecou-em-lagos\\\/atualidade\\\/15\\\/40\\\/#primaryimage\"},\"image\":{\"@id\":\"https:\\\/\\\/algarve7.pt\\\/index.php\\\/2021\\\/03\\\/a-lar-no-lar-e-um-projeto-de-coabitacao-inter-geracional-que-comecou-em-lagos\\\/atualidade\\\/15\\\/40\\\/#primaryimage\"},\"thumbnailUrl\":\"https:\\\/\\\/algarve7.pt\\\/wp-content\\\/uploads\\\/2021\\\/03\\\/Captura-de-ecra-2021-03-23-as-15.32.25-e1616513961252.png\",\"datePublished\":\"2021-03-23T15:40:14+00:00\",\"dateModified\":\"2021-03-23T15:40:18+00:00\",\"description\":\"A Lar no Lar \u00e9 um projeto de coabita\u00e7\u00e3o inter-geracional que come\u00e7ou em Lagos Atualidade\",\"breadcrumb\":{\"@id\":\"https:\\\/\\\/algarve7.pt\\\/index.php\\\/2021\\\/03\\\/a-lar-no-lar-e-um-projeto-de-coabitacao-inter-geracional-que-comecou-em-lagos\\\/atualidade\\\/15\\\/40\\\/#breadcrumb\"},\"inLanguage\":\"pt-PT\",\"potentialAction\":[{\"@type\":\"ReadAction\",\"target\":[\"https:\\\/\\\/algarve7.pt\\\/index.php\\\/2021\\\/03\\\/a-lar-no-lar-e-um-projeto-de-coabitacao-inter-geracional-que-comecou-em-lagos\\\/atualidade\\\/15\\\/40\\\/\"]}]},{\"@type\":\"ImageObject\",\"inLanguage\":\"pt-PT\",\"@id\":\"https:\\\/\\\/algarve7.pt\\\/index.php\\\/2021\\\/03\\\/a-lar-no-lar-e-um-projeto-de-coabitacao-inter-geracional-que-comecou-em-lagos\\\/atualidade\\\/15\\\/40\\\/#primaryimage\",\"url\":\"https:\\\/\\\/algarve7.pt\\\/wp-content\\\/uploads\\\/2021\\\/03\\\/Captura-de-ecra-2021-03-23-as-15.32.25-e1616513961252.png\",\"contentUrl\":\"https:\\\/\\\/algarve7.pt\\\/wp-content\\\/uploads\\\/2021\\\/03\\\/Captura-de-ecra-2021-03-23-as-15.32.25-e1616513961252.png\",\"width\":921,\"height\":307},{\"@type\":\"BreadcrumbList\",\"@id\":\"https:\\\/\\\/algarve7.pt\\\/index.php\\\/2021\\\/03\\\/a-lar-no-lar-e-um-projeto-de-coabitacao-inter-geracional-que-comecou-em-lagos\\\/atualidade\\\/15\\\/40\\\/#breadcrumb\",\"itemListElement\":[{\"@type\":\"ListItem\",\"position\":1,\"name\":\"In\u00edcio\",\"item\":\"https:\\\/\\\/algarve7.pt\\\/\"},{\"@type\":\"ListItem\",\"position\":2,\"name\":\"A Lar no Lar \u00e9 um projeto de coabita\u00e7\u00e3o inter-geracional que come\u00e7ou em Lagos\"}]},{\"@type\":\"WebSite\",\"@id\":\"https:\\\/\\\/algarve7.pt\\\/#website\",\"url\":\"https:\\\/\\\/algarve7.pt\\\/\",\"name\":\"Algarve 7\",\"description\":\"Informa\u00e7\u00e3o sobre o Algarve\",\"publisher\":{\"@id\":\"https:\\\/\\\/algarve7.pt\\\/#organization\"},\"potentialAction\":[{\"@type\":\"SearchAction\",\"target\":{\"@type\":\"EntryPoint\",\"urlTemplate\":\"https:\\\/\\\/algarve7.pt\\\/?s={search_term_string}\"},\"query-input\":{\"@type\":\"PropertyValueSpecification\",\"valueRequired\":true,\"valueName\":\"search_term_string\"}}],\"inLanguage\":\"pt-PT\"},{\"@type\":\"Organization\",\"@id\":\"https:\\\/\\\/algarve7.pt\\\/#organization\",\"name\":\"Algarve 7\",\"url\":\"https:\\\/\\\/algarve7.pt\\\/\",\"logo\":{\"@type\":\"ImageObject\",\"inLanguage\":\"pt-PT\",\"@id\":\"https:\\\/\\\/algarve7.pt\\\/#\\\/schema\\\/logo\\\/image\\\/\",\"url\":\"https:\\\/\\\/algarve7.pt\\\/wp-content\\\/uploads\\\/2020\\\/10\\\/Logo-8.jpg\",\"contentUrl\":\"https:\\\/\\\/algarve7.pt\\\/wp-content\\\/uploads\\\/2020\\\/10\\\/Logo-8.jpg\",\"width\":1680,\"height\":1186,\"caption\":\"Algarve 7\"},\"image\":{\"@id\":\"https:\\\/\\\/algarve7.pt\\\/#\\\/schema\\\/logo\\\/image\\\/\"},\"sameAs\":[\"https:\\\/\\\/www.facebook.com\\\/algarve7\",\"https:\\\/\\\/x.com\\\/Algarvesete\",\"https:\\\/\\\/www.instagram.com\\\/jornalalgarve7\\\/\",\"https:\\\/\\\/www.linkedin.com\\\/company\\\/algarve7\",\"https:\\\/\\\/www.pinterest.pt\\\/geral0939\\\/_created\\\/\"]},{\"@type\":\"Person\",\"@id\":\"https:\\\/\\\/algarve7.pt\\\/#\\\/schema\\\/person\\\/23fa70681308e7b319a3204bcea45e0c\",\"name\":\"Algarve 7\",\"sameAs\":[\"https:\\\/\\\/algarve7.pt\",\"https:\\\/\\\/www.facebook.com\\\/algarve7\"],\"url\":\"https:\\\/\\\/algarve7.pt\\\/index.php\\\/author\\\/geralalgarve7-pt\\\/\"}]}<\/script>\n<!-- \/ Yoast SEO plugin. -->","yoast_head_json":{"title":"A Lar no Lar \u00e9 um projeto de coabita\u00e7\u00e3o inter-geracional que come\u00e7ou em Lagos - Algarve 7","description":"A Lar no Lar \u00e9 um projeto de coabita\u00e7\u00e3o inter-geracional que come\u00e7ou em Lagos Atualidade","robots":{"index":"index","follow":"follow","max-snippet":"max-snippet:-1","max-image-preview":"max-image-preview:large","max-video-preview":"max-video-preview:-1"},"canonical":"https:\/\/algarve7.pt\/index.php\/2021\/03\/a-lar-no-lar-e-um-projeto-de-coabitacao-inter-geracional-que-comecou-em-lagos\/atualidade\/15\/40\/","og_locale":"pt_PT","og_type":"article","og_title":"A Lar no Lar \u00e9 um projeto de coabita\u00e7\u00e3o inter-geracional que come\u00e7ou em Lagos - Algarve 7","og_description":"A Lar no Lar \u00e9 um projeto de coabita\u00e7\u00e3o inter-geracional que come\u00e7ou em Lagos Atualidade","og_url":"https:\/\/algarve7.pt\/index.php\/2021\/03\/a-lar-no-lar-e-um-projeto-de-coabitacao-inter-geracional-que-comecou-em-lagos\/atualidade\/15\/40\/","og_site_name":"Algarve 7","article_publisher":"https:\/\/www.facebook.com\/algarve7","article_author":"https:\/\/www.facebook.com\/algarve7","article_published_time":"2021-03-23T15:40:14+00:00","article_modified_time":"2021-03-23T15:40:18+00:00","og_image":[{"width":921,"height":307,"url":"https:\/\/algarve7.pt\/wp-content\/uploads\/2021\/03\/Captura-de-ecra-2021-03-23-as-15.32.25-e1616513961252.png","type":"image\/png"}],"author":"Algarve 7","twitter_card":"summary_large_image","twitter_creator":"@Algarvesete","twitter_site":"@Algarvesete","twitter_misc":{"Escrito por":"Algarve 7","Tempo estimado de leitura":"3 minutos"},"schema":{"@context":"https:\/\/schema.org","@graph":[{"@type":"Article","@id":"https:\/\/algarve7.pt\/index.php\/2021\/03\/a-lar-no-lar-e-um-projeto-de-coabitacao-inter-geracional-que-comecou-em-lagos\/atualidade\/15\/40\/#article","isPartOf":{"@id":"https:\/\/algarve7.pt\/index.php\/2021\/03\/a-lar-no-lar-e-um-projeto-de-coabitacao-inter-geracional-que-comecou-em-lagos\/atualidade\/15\/40\/"},"author":{"name":"Algarve 7","@id":"https:\/\/algarve7.pt\/#\/schema\/person\/23fa70681308e7b319a3204bcea45e0c"},"headline":"A Lar no Lar \u00e9 um projeto de coabita\u00e7\u00e3o inter-geracional que come\u00e7ou em Lagos","datePublished":"2021-03-23T15:40:14+00:00","dateModified":"2021-03-23T15:40:18+00:00","mainEntityOfPage":{"@id":"https:\/\/algarve7.pt\/index.php\/2021\/03\/a-lar-no-lar-e-um-projeto-de-coabitacao-inter-geracional-que-comecou-em-lagos\/atualidade\/15\/40\/"},"wordCount":566,"publisher":{"@id":"https:\/\/algarve7.pt\/#organization"},"image":{"@id":"https:\/\/algarve7.pt\/index.php\/2021\/03\/a-lar-no-lar-e-um-projeto-de-coabitacao-inter-geracional-que-comecou-em-lagos\/atualidade\/15\/40\/#primaryimage"},"thumbnailUrl":"https:\/\/algarve7.pt\/wp-content\/uploads\/2021\/03\/Captura-de-ecra-2021-03-23-as-15.32.25-e1616513961252.png","keywords":["Algarve","Associa\u00e7\u00e3o","Atualidade","Lagos","Social"],"articleSection":["Atualidade"],"inLanguage":"pt-PT"},{"@type":"WebPage","@id":"https:\/\/algarve7.pt\/index.php\/2021\/03\/a-lar-no-lar-e-um-projeto-de-coabitacao-inter-geracional-que-comecou-em-lagos\/atualidade\/15\/40\/","url":"https:\/\/algarve7.pt\/index.php\/2021\/03\/a-lar-no-lar-e-um-projeto-de-coabitacao-inter-geracional-que-comecou-em-lagos\/atualidade\/15\/40\/","name":"A Lar no Lar \u00e9 um projeto de coabita\u00e7\u00e3o inter-geracional que come\u00e7ou em Lagos - Algarve 7","isPartOf":{"@id":"https:\/\/algarve7.pt\/#website"},"primaryImageOfPage":{"@id":"https:\/\/algarve7.pt\/index.php\/2021\/03\/a-lar-no-lar-e-um-projeto-de-coabitacao-inter-geracional-que-comecou-em-lagos\/atualidade\/15\/40\/#primaryimage"},"image":{"@id":"https:\/\/algarve7.pt\/index.php\/2021\/03\/a-lar-no-lar-e-um-projeto-de-coabitacao-inter-geracional-que-comecou-em-lagos\/atualidade\/15\/40\/#primaryimage"},"thumbnailUrl":"https:\/\/algarve7.pt\/wp-content\/uploads\/2021\/03\/Captura-de-ecra-2021-03-23-as-15.32.25-e1616513961252.png","datePublished":"2021-03-23T15:40:14+00:00","dateModified":"2021-03-23T15:40:18+00:00","description":"A Lar no Lar \u00e9 um projeto de coabita\u00e7\u00e3o inter-geracional que come\u00e7ou em Lagos Atualidade","breadcrumb":{"@id":"https:\/\/algarve7.pt\/index.php\/2021\/03\/a-lar-no-lar-e-um-projeto-de-coabitacao-inter-geracional-que-comecou-em-lagos\/atualidade\/15\/40\/#breadcrumb"},"inLanguage":"pt-PT","potentialAction":[{"@type":"ReadAction","target":["https:\/\/algarve7.pt\/index.php\/2021\/03\/a-lar-no-lar-e-um-projeto-de-coabitacao-inter-geracional-que-comecou-em-lagos\/atualidade\/15\/40\/"]}]},{"@type":"ImageObject","inLanguage":"pt-PT","@id":"https:\/\/algarve7.pt\/index.php\/2021\/03\/a-lar-no-lar-e-um-projeto-de-coabitacao-inter-geracional-que-comecou-em-lagos\/atualidade\/15\/40\/#primaryimage","url":"https:\/\/algarve7.pt\/wp-content\/uploads\/2021\/03\/Captura-de-ecra-2021-03-23-as-15.32.25-e1616513961252.png","contentUrl":"https:\/\/algarve7.pt\/wp-content\/uploads\/2021\/03\/Captura-de-ecra-2021-03-23-as-15.32.25-e1616513961252.png","width":921,"height":307},{"@type":"BreadcrumbList","@id":"https:\/\/algarve7.pt\/index.php\/2021\/03\/a-lar-no-lar-e-um-projeto-de-coabitacao-inter-geracional-que-comecou-em-lagos\/atualidade\/15\/40\/#breadcrumb","itemListElement":[{"@type":"ListItem","position":1,"name":"In\u00edcio","item":"https:\/\/algarve7.pt\/"},{"@type":"ListItem","position":2,"name":"A Lar no Lar \u00e9 um projeto de coabita\u00e7\u00e3o inter-geracional que come\u00e7ou em Lagos"}]},{"@type":"WebSite","@id":"https:\/\/algarve7.pt\/#website","url":"https:\/\/algarve7.pt\/","name":"Algarve 7","description":"Informa\u00e7\u00e3o sobre o Algarve","publisher":{"@id":"https:\/\/algarve7.pt\/#organization"},"potentialAction":[{"@type":"SearchAction","target":{"@type":"EntryPoint","urlTemplate":"https:\/\/algarve7.pt\/?s={search_term_string}"},"query-input":{"@type":"PropertyValueSpecification","valueRequired":true,"valueName":"search_term_string"}}],"inLanguage":"pt-PT"},{"@type":"Organization","@id":"https:\/\/algarve7.pt\/#organization","name":"Algarve 7","url":"https:\/\/algarve7.pt\/","logo":{"@type":"ImageObject","inLanguage":"pt-PT","@id":"https:\/\/algarve7.pt\/#\/schema\/logo\/image\/","url":"https:\/\/algarve7.pt\/wp-content\/uploads\/2020\/10\/Logo-8.jpg","contentUrl":"https:\/\/algarve7.pt\/wp-content\/uploads\/2020\/10\/Logo-8.jpg","width":1680,"height":1186,"caption":"Algarve 7"},"image":{"@id":"https:\/\/algarve7.pt\/#\/schema\/logo\/image\/"},"sameAs":["https:\/\/www.facebook.com\/algarve7","https:\/\/x.com\/Algarvesete","https:\/\/www.instagram.com\/jornalalgarve7\/","https:\/\/www.linkedin.com\/company\/algarve7","https:\/\/www.pinterest.pt\/geral0939\/_created\/"]},{"@type":"Person","@id":"https:\/\/algarve7.pt\/#\/schema\/person\/23fa70681308e7b319a3204bcea45e0c","name":"Algarve 7","sameAs":["https:\/\/algarve7.pt","https:\/\/www.facebook.com\/algarve7"],"url":"https:\/\/algarve7.pt\/index.php\/author\/geralalgarve7-pt\/"}]}},"jetpack_publicize_connections":[],"jetpack_featured_media_url":"https:\/\/algarve7.pt\/wp-content\/uploads\/2021\/03\/Captura-de-ecra-2021-03-23-as-15.32.25-e1616513961252.png","jetpack_shortlink":"https:\/\/wp.me\/pcezmW-1Pb","jetpack_sharing_enabled":true,"_links":{"self":[{"href":"https:\/\/algarve7.pt\/index.php\/wp-json\/wp\/v2\/posts\/7017","targetHints":{"allow":["GET"]}}],"collection":[{"href":"https:\/\/algarve7.pt\/index.php\/wp-json\/wp\/v2\/posts"}],"about":[{"href":"https:\/\/algarve7.pt\/index.php\/wp-json\/wp\/v2\/types\/post"}],"author":[{"embeddable":true,"href":"https:\/\/algarve7.pt\/index.php\/wp-json\/wp\/v2\/users\/1"}],"replies":[{"embeddable":true,"href":"https:\/\/algarve7.pt\/index.php\/wp-json\/wp\/v2\/comments?post=7017"}],"version-history":[{"count":0,"href":"https:\/\/algarve7.pt\/index.php\/wp-json\/wp\/v2\/posts\/7017\/revisions"}],"wp:featuredmedia":[{"embeddable":true,"href":"https:\/\/algarve7.pt\/index.php\/wp-json\/wp\/v2\/media\/7018"}],"wp:attachment":[{"href":"https:\/\/algarve7.pt\/index.php\/wp-json\/wp\/v2\/media?parent=7017"}],"wp:term":[{"taxonomy":"category","embeddable":true,"href":"https:\/\/algarve7.pt\/index.php\/wp-json\/wp\/v2\/categories?post=7017"},{"taxonomy":"post_tag","embeddable":true,"href":"https:\/\/algarve7.pt\/index.php\/wp-json\/wp\/v2\/tags?post=7017"}],"curies":[{"name":"wp","href":"https:\/\/api.w.org\/{rel}","templated":true}]}}