{"id":7014,"date":"2021-03-23T14:30:00","date_gmt":"2021-03-23T14:30:00","guid":{"rendered":"https:\/\/algarve7.pt\/?p=7014"},"modified":"2021-03-23T13:08:52","modified_gmt":"2021-03-23T13:08:52","slug":"re-food-faro-com-novas-instalacoes","status":"publish","type":"post","link":"https:\/\/algarve7.pt\/index.php\/2021\/03\/re-food-faro-com-novas-instalacoes\/atualidade\/14\/30\/","title":{"rendered":"Re-food Faro com  novas instala\u00e7\u00f5es"},"content":{"rendered":"\n<p>Novo espa\u00e7o foi adquirido e cedido pelo Munic\u00edpio, atrav\u00e9s de protocolo de comodato, para possibilitar aumento da capacidade de ajuda a pessoas carenciadas no concelho\u00a0<\/p>\n\n\n\n<p>O Presidente da C\u00e2mara Municipal de Faro, Rog\u00e9rio Bacalhau, assinou esta segunda-feira o protocolo de comodato para ced\u00eancia de novas instala\u00e7\u00f5es \u00e0 Re-food Faro. Pela associa\u00e7\u00e3o, firmou o conv\u00e9nio a sua coordenadora, Paula Matias, num acto que contou ainda com as presen\u00e7as do Vereador da C\u00e2mara com o pelouro do Desenvolvimento Social, Carlos Ba\u00eda e o vice-coordenador da Re-food, Carlos Reis.<\/p>\n\n\n\n<p>Este novo espa\u00e7o, situado na Rua de Santo Ant\u00f3nio do Alto, foi adquirido pela Autarquia em dezembro de 2020 com o objetivo de criar melhores condi\u00e7\u00f5es para que a Re-food Faro possa desenvolver o apoio aos seus utentes e ter condi\u00e7\u00f5es para aumentar a capacidade de ajuda e resposta social \u00e0 popula\u00e7\u00e3o do concelho, atrav\u00e9s da recolha e redistribui\u00e7\u00e3o de produtos alimentares a pessoas em situa\u00e7\u00e3o de car\u00eancia.&nbsp;<\/p>\n\n\n\n<p>Atualmente, a Re-food Faro j\u00e1 apoia mais de 300 pessoas no concelho, entre as quais cerca de 100 crian\u00e7as, tendo atingido o seu limite de capacidade de ajuda \u00e0 popula\u00e7\u00e3o devido ao tamanho reduzido do anterior centro de opera\u00e7\u00f5es, em funcionamento desde 2016, que n\u00e3o permitia um aumento da capacidade de armazenamento de produtos alimentares e um maior n\u00famero de volunt\u00e1rios em simult\u00e2neo.<\/p>\n\n\n\n<p>Nesse sentido, o Munic\u00edpio acedeu ao pedido de apoio desta associa\u00e7\u00e3o para atribui\u00e7\u00e3o de um espa\u00e7o com as condi\u00e7\u00f5es necess\u00e1rias para ajudar um maior n\u00famero de pessoas do concelho.&nbsp;<\/p>\n\n\n\n<p>A fra\u00e7\u00e3o aut\u00f3noma, agora propriedade da autarquia e cedida \u00e0 Re-Food por um per\u00edodo de cinco anos, conta com uma \u00e1rea de 130,30 metros quadrados e vai funcionar como base operacional, log\u00edstica e administrativa da institui\u00e7\u00e3o. As atuais instala\u00e7\u00f5es, com menos de metade da \u00e1rea das novas, situadas na baixa da cidade, v\u00e3o manter-se para apoio a algumas fam\u00edlias.<\/p>\n\n\n\n<p>O Munic\u00edpio de Faro entende que, face \u00e0 crise provocada pelos efeitos da pandemia, \u00e9 premente garantir apoio \u00e0s entidades que garantem respostas sociais e a implementa\u00e7\u00e3o de medidas que garantam uma maior inclus\u00e3o e fam\u00edlias carenciadas. Nesse sentido, a Autarquia espera que as instala\u00e7\u00f5es cedidas possam garantir uma melhoria da opera\u00e7\u00e3o da Re-food, possibilitando tamb\u00e9m atenuar as situa\u00e7\u00f5es de car\u00eancia de um maior n\u00famero de pessoas no concelho.<\/p>\n","protected":false},"excerpt":{"rendered":"<p>Novo espa\u00e7o foi adquirido e cedido pelo Munic\u00edpio, atrav\u00e9s de protocolo de comodato, para possibilitar aumento da capacidade de ajuda<\/p>\n","protected":false},"author":1,"featured_media":7015,"comment_status":"closed","ping_status":"open","sticky":false,"template":"","format":"standard","meta":{"colormag_page_container_layout":"default_layout","colormag_page_sidebar_layout":"default_layout","_monsterinsights_skip_tracking":false,"_monsterinsights_sitenote_active":false,"_monsterinsights_sitenote_note":"","_monsterinsights_sitenote_category":0,"jetpack_post_was_ever_published":false,"_jetpack_newsletter_access":"","_jetpack_dont_email_post_to_subs":false,"_jetpack_newsletter_tier_id":0,"_jetpack_memberships_contains_paywalled_content":false,"_jetpack_memberships_contains_paid_content":false,"footnotes":"","jetpack_publicize_message":"","jetpack_publicize_feature_enabled":true,"jetpack_social_post_already_shared":true,"jetpack_social_options":{"image_generator_settings":{"template":"highway","default_image_id":0,"font":"","enabled":false},"version":2}},"categories":[11],"tags":[62,57,329],"class_list":["post-7014","post","type-post","status-publish","format-standard","has-post-thumbnail","hentry","category-atualidade","tag-atualidade","tag-faro","tag-re-food"],"yoast_head":"<!-- This site is optimized with the Yoast SEO plugin v27.5 - https:\/\/yoast.com\/product\/yoast-seo-wordpress\/ -->\n<title>Re-food Faro com novas instala\u00e7\u00f5es - Algarve 7<\/title>\n<meta name=\"description\" content=\"Re-food Faro com novas instala\u00e7\u00f5es Atualidade\" \/>\n<meta name=\"robots\" content=\"index, follow, max-snippet:-1, max-image-preview:large, max-video-preview:-1\" \/>\n<link rel=\"canonical\" href=\"https:\/\/algarve7.pt\/index.php\/2021\/03\/re-food-faro-com-novas-instalacoes\/atualidade\/14\/30\/\" \/>\n<meta property=\"og:locale\" content=\"pt_PT\" \/>\n<meta property=\"og:type\" content=\"article\" \/>\n<meta property=\"og:title\" content=\"Re-food Faro com novas instala\u00e7\u00f5es - Algarve 7\" \/>\n<meta property=\"og:description\" content=\"Re-food Faro com novas instala\u00e7\u00f5es Atualidade\" \/>\n<meta property=\"og:url\" content=\"https:\/\/algarve7.pt\/index.php\/2021\/03\/re-food-faro-com-novas-instalacoes\/atualidade\/14\/30\/\" \/>\n<meta property=\"og:site_name\" content=\"Algarve 7\" \/>\n<meta property=\"article:publisher\" content=\"https:\/\/www.facebook.com\/algarve7\" \/>\n<meta property=\"article:author\" content=\"https:\/\/www.facebook.com\/algarve7\" \/>\n<meta property=\"article:published_time\" content=\"2021-03-23T14:30:00+00:00\" \/>\n<meta property=\"og:image\" content=\"https:\/\/algarve7.pt\/wp-content\/uploads\/2021\/03\/Protocolo-Re-Food-1.jpeg\" \/>\n\t<meta property=\"og:image:width\" content=\"1389\" \/>\n\t<meta property=\"og:image:height\" content=\"1103\" \/>\n\t<meta property=\"og:image:type\" content=\"image\/jpeg\" \/>\n<meta name=\"author\" content=\"Algarve 7\" \/>\n<meta name=\"twitter:card\" content=\"summary_large_image\" \/>\n<meta name=\"twitter:creator\" content=\"@Algarvesete\" \/>\n<meta name=\"twitter:site\" content=\"@Algarvesete\" \/>\n<meta name=\"twitter:label1\" content=\"Escrito por\" \/>\n\t<meta name=\"twitter:data1\" content=\"Algarve 7\" \/>\n\t<meta name=\"twitter:label2\" content=\"Tempo estimado de leitura\" \/>\n\t<meta name=\"twitter:data2\" content=\"2 minutos\" \/>\n<script type=\"application\/ld+json\" class=\"yoast-schema-graph\">{\"@context\":\"https:\\\/\\\/schema.org\",\"@graph\":[{\"@type\":\"Article\",\"@id\":\"https:\\\/\\\/algarve7.pt\\\/index.php\\\/2021\\\/03\\\/re-food-faro-com-novas-instalacoes\\\/atualidade\\\/14\\\/30\\\/#article\",\"isPartOf\":{\"@id\":\"https:\\\/\\\/algarve7.pt\\\/index.php\\\/2021\\\/03\\\/re-food-faro-com-novas-instalacoes\\\/atualidade\\\/14\\\/30\\\/\"},\"author\":{\"name\":\"Algarve 7\",\"@id\":\"https:\\\/\\\/algarve7.pt\\\/#\\\/schema\\\/person\\\/23fa70681308e7b319a3204bcea45e0c\"},\"headline\":\"Re-food Faro com novas instala\u00e7\u00f5es\",\"datePublished\":\"2021-03-23T14:30:00+00:00\",\"mainEntityOfPage\":{\"@id\":\"https:\\\/\\\/algarve7.pt\\\/index.php\\\/2021\\\/03\\\/re-food-faro-com-novas-instalacoes\\\/atualidade\\\/14\\\/30\\\/\"},\"wordCount\":424,\"publisher\":{\"@id\":\"https:\\\/\\\/algarve7.pt\\\/#organization\"},\"image\":{\"@id\":\"https:\\\/\\\/algarve7.pt\\\/index.php\\\/2021\\\/03\\\/re-food-faro-com-novas-instalacoes\\\/atualidade\\\/14\\\/30\\\/#primaryimage\"},\"thumbnailUrl\":\"https:\\\/\\\/algarve7.pt\\\/wp-content\\\/uploads\\\/2021\\\/03\\\/Protocolo-Re-Food-1.jpeg\",\"keywords\":[\"Atualidade\",\"Faro\",\"Re-Food\"],\"articleSection\":[\"Atualidade\"],\"inLanguage\":\"pt-PT\"},{\"@type\":\"WebPage\",\"@id\":\"https:\\\/\\\/algarve7.pt\\\/index.php\\\/2021\\\/03\\\/re-food-faro-com-novas-instalacoes\\\/atualidade\\\/14\\\/30\\\/\",\"url\":\"https:\\\/\\\/algarve7.pt\\\/index.php\\\/2021\\\/03\\\/re-food-faro-com-novas-instalacoes\\\/atualidade\\\/14\\\/30\\\/\",\"name\":\"Re-food Faro com novas instala\u00e7\u00f5es - Algarve 7\",\"isPartOf\":{\"@id\":\"https:\\\/\\\/algarve7.pt\\\/#website\"},\"primaryImageOfPage\":{\"@id\":\"https:\\\/\\\/algarve7.pt\\\/index.php\\\/2021\\\/03\\\/re-food-faro-com-novas-instalacoes\\\/atualidade\\\/14\\\/30\\\/#primaryimage\"},\"image\":{\"@id\":\"https:\\\/\\\/algarve7.pt\\\/index.php\\\/2021\\\/03\\\/re-food-faro-com-novas-instalacoes\\\/atualidade\\\/14\\\/30\\\/#primaryimage\"},\"thumbnailUrl\":\"https:\\\/\\\/algarve7.pt\\\/wp-content\\\/uploads\\\/2021\\\/03\\\/Protocolo-Re-Food-1.jpeg\",\"datePublished\":\"2021-03-23T14:30:00+00:00\",\"description\":\"Re-food Faro com novas instala\u00e7\u00f5es Atualidade\",\"breadcrumb\":{\"@id\":\"https:\\\/\\\/algarve7.pt\\\/index.php\\\/2021\\\/03\\\/re-food-faro-com-novas-instalacoes\\\/atualidade\\\/14\\\/30\\\/#breadcrumb\"},\"inLanguage\":\"pt-PT\",\"potentialAction\":[{\"@type\":\"ReadAction\",\"target\":[\"https:\\\/\\\/algarve7.pt\\\/index.php\\\/2021\\\/03\\\/re-food-faro-com-novas-instalacoes\\\/atualidade\\\/14\\\/30\\\/\"]}]},{\"@type\":\"ImageObject\",\"inLanguage\":\"pt-PT\",\"@id\":\"https:\\\/\\\/algarve7.pt\\\/index.php\\\/2021\\\/03\\\/re-food-faro-com-novas-instalacoes\\\/atualidade\\\/14\\\/30\\\/#primaryimage\",\"url\":\"https:\\\/\\\/algarve7.pt\\\/wp-content\\\/uploads\\\/2021\\\/03\\\/Protocolo-Re-Food-1.jpeg\",\"contentUrl\":\"https:\\\/\\\/algarve7.pt\\\/wp-content\\\/uploads\\\/2021\\\/03\\\/Protocolo-Re-Food-1.jpeg\",\"width\":1389,\"height\":1103},{\"@type\":\"BreadcrumbList\",\"@id\":\"https:\\\/\\\/algarve7.pt\\\/index.php\\\/2021\\\/03\\\/re-food-faro-com-novas-instalacoes\\\/atualidade\\\/14\\\/30\\\/#breadcrumb\",\"itemListElement\":[{\"@type\":\"ListItem\",\"position\":1,\"name\":\"In\u00edcio\",\"item\":\"https:\\\/\\\/algarve7.pt\\\/\"},{\"@type\":\"ListItem\",\"position\":2,\"name\":\"Re-food Faro com novas instala\u00e7\u00f5es\"}]},{\"@type\":\"WebSite\",\"@id\":\"https:\\\/\\\/algarve7.pt\\\/#website\",\"url\":\"https:\\\/\\\/algarve7.pt\\\/\",\"name\":\"Algarve 7\",\"description\":\"Informa\u00e7\u00e3o sobre o Algarve\",\"publisher\":{\"@id\":\"https:\\\/\\\/algarve7.pt\\\/#organization\"},\"potentialAction\":[{\"@type\":\"SearchAction\",\"target\":{\"@type\":\"EntryPoint\",\"urlTemplate\":\"https:\\\/\\\/algarve7.pt\\\/?s={search_term_string}\"},\"query-input\":{\"@type\":\"PropertyValueSpecification\",\"valueRequired\":true,\"valueName\":\"search_term_string\"}}],\"inLanguage\":\"pt-PT\"},{\"@type\":\"Organization\",\"@id\":\"https:\\\/\\\/algarve7.pt\\\/#organization\",\"name\":\"Algarve 7\",\"url\":\"https:\\\/\\\/algarve7.pt\\\/\",\"logo\":{\"@type\":\"ImageObject\",\"inLanguage\":\"pt-PT\",\"@id\":\"https:\\\/\\\/algarve7.pt\\\/#\\\/schema\\\/logo\\\/image\\\/\",\"url\":\"https:\\\/\\\/algarve7.pt\\\/wp-content\\\/uploads\\\/2020\\\/10\\\/Logo-8.jpg\",\"contentUrl\":\"https:\\\/\\\/algarve7.pt\\\/wp-content\\\/uploads\\\/2020\\\/10\\\/Logo-8.jpg\",\"width\":1680,\"height\":1186,\"caption\":\"Algarve 7\"},\"image\":{\"@id\":\"https:\\\/\\\/algarve7.pt\\\/#\\\/schema\\\/logo\\\/image\\\/\"},\"sameAs\":[\"https:\\\/\\\/www.facebook.com\\\/algarve7\",\"https:\\\/\\\/x.com\\\/Algarvesete\",\"https:\\\/\\\/www.instagram.com\\\/jornalalgarve7\\\/\",\"https:\\\/\\\/www.linkedin.com\\\/company\\\/algarve7\",\"https:\\\/\\\/www.pinterest.pt\\\/geral0939\\\/_created\\\/\"]},{\"@type\":\"Person\",\"@id\":\"https:\\\/\\\/algarve7.pt\\\/#\\\/schema\\\/person\\\/23fa70681308e7b319a3204bcea45e0c\",\"name\":\"Algarve 7\",\"sameAs\":[\"https:\\\/\\\/algarve7.pt\",\"https:\\\/\\\/www.facebook.com\\\/algarve7\"],\"url\":\"https:\\\/\\\/algarve7.pt\\\/index.php\\\/author\\\/geralalgarve7-pt\\\/\"}]}<\/script>\n<!-- \/ Yoast SEO plugin. -->","yoast_head_json":{"title":"Re-food Faro com novas instala\u00e7\u00f5es - Algarve 7","description":"Re-food Faro com novas instala\u00e7\u00f5es Atualidade","robots":{"index":"index","follow":"follow","max-snippet":"max-snippet:-1","max-image-preview":"max-image-preview:large","max-video-preview":"max-video-preview:-1"},"canonical":"https:\/\/algarve7.pt\/index.php\/2021\/03\/re-food-faro-com-novas-instalacoes\/atualidade\/14\/30\/","og_locale":"pt_PT","og_type":"article","og_title":"Re-food Faro com novas instala\u00e7\u00f5es - Algarve 7","og_description":"Re-food Faro com novas instala\u00e7\u00f5es Atualidade","og_url":"https:\/\/algarve7.pt\/index.php\/2021\/03\/re-food-faro-com-novas-instalacoes\/atualidade\/14\/30\/","og_site_name":"Algarve 7","article_publisher":"https:\/\/www.facebook.com\/algarve7","article_author":"https:\/\/www.facebook.com\/algarve7","article_published_time":"2021-03-23T14:30:00+00:00","og_image":[{"width":1389,"height":1103,"url":"https:\/\/algarve7.pt\/wp-content\/uploads\/2021\/03\/Protocolo-Re-Food-1.jpeg","type":"image\/jpeg"}],"author":"Algarve 7","twitter_card":"summary_large_image","twitter_creator":"@Algarvesete","twitter_site":"@Algarvesete","twitter_misc":{"Escrito por":"Algarve 7","Tempo estimado de leitura":"2 minutos"},"schema":{"@context":"https:\/\/schema.org","@graph":[{"@type":"Article","@id":"https:\/\/algarve7.pt\/index.php\/2021\/03\/re-food-faro-com-novas-instalacoes\/atualidade\/14\/30\/#article","isPartOf":{"@id":"https:\/\/algarve7.pt\/index.php\/2021\/03\/re-food-faro-com-novas-instalacoes\/atualidade\/14\/30\/"},"author":{"name":"Algarve 7","@id":"https:\/\/algarve7.pt\/#\/schema\/person\/23fa70681308e7b319a3204bcea45e0c"},"headline":"Re-food Faro com novas instala\u00e7\u00f5es","datePublished":"2021-03-23T14:30:00+00:00","mainEntityOfPage":{"@id":"https:\/\/algarve7.pt\/index.php\/2021\/03\/re-food-faro-com-novas-instalacoes\/atualidade\/14\/30\/"},"wordCount":424,"publisher":{"@id":"https:\/\/algarve7.pt\/#organization"},"image":{"@id":"https:\/\/algarve7.pt\/index.php\/2021\/03\/re-food-faro-com-novas-instalacoes\/atualidade\/14\/30\/#primaryimage"},"thumbnailUrl":"https:\/\/algarve7.pt\/wp-content\/uploads\/2021\/03\/Protocolo-Re-Food-1.jpeg","keywords":["Atualidade","Faro","Re-Food"],"articleSection":["Atualidade"],"inLanguage":"pt-PT"},{"@type":"WebPage","@id":"https:\/\/algarve7.pt\/index.php\/2021\/03\/re-food-faro-com-novas-instalacoes\/atualidade\/14\/30\/","url":"https:\/\/algarve7.pt\/index.php\/2021\/03\/re-food-faro-com-novas-instalacoes\/atualidade\/14\/30\/","name":"Re-food Faro com novas instala\u00e7\u00f5es - Algarve 7","isPartOf":{"@id":"https:\/\/algarve7.pt\/#website"},"primaryImageOfPage":{"@id":"https:\/\/algarve7.pt\/index.php\/2021\/03\/re-food-faro-com-novas-instalacoes\/atualidade\/14\/30\/#primaryimage"},"image":{"@id":"https:\/\/algarve7.pt\/index.php\/2021\/03\/re-food-faro-com-novas-instalacoes\/atualidade\/14\/30\/#primaryimage"},"thumbnailUrl":"https:\/\/algarve7.pt\/wp-content\/uploads\/2021\/03\/Protocolo-Re-Food-1.jpeg","datePublished":"2021-03-23T14:30:00+00:00","description":"Re-food Faro com novas instala\u00e7\u00f5es Atualidade","breadcrumb":{"@id":"https:\/\/algarve7.pt\/index.php\/2021\/03\/re-food-faro-com-novas-instalacoes\/atualidade\/14\/30\/#breadcrumb"},"inLanguage":"pt-PT","potentialAction":[{"@type":"ReadAction","target":["https:\/\/algarve7.pt\/index.php\/2021\/03\/re-food-faro-com-novas-instalacoes\/atualidade\/14\/30\/"]}]},{"@type":"ImageObject","inLanguage":"pt-PT","@id":"https:\/\/algarve7.pt\/index.php\/2021\/03\/re-food-faro-com-novas-instalacoes\/atualidade\/14\/30\/#primaryimage","url":"https:\/\/algarve7.pt\/wp-content\/uploads\/2021\/03\/Protocolo-Re-Food-1.jpeg","contentUrl":"https:\/\/algarve7.pt\/wp-content\/uploads\/2021\/03\/Protocolo-Re-Food-1.jpeg","width":1389,"height":1103},{"@type":"BreadcrumbList","@id":"https:\/\/algarve7.pt\/index.php\/2021\/03\/re-food-faro-com-novas-instalacoes\/atualidade\/14\/30\/#breadcrumb","itemListElement":[{"@type":"ListItem","position":1,"name":"In\u00edcio","item":"https:\/\/algarve7.pt\/"},{"@type":"ListItem","position":2,"name":"Re-food Faro com novas instala\u00e7\u00f5es"}]},{"@type":"WebSite","@id":"https:\/\/algarve7.pt\/#website","url":"https:\/\/algarve7.pt\/","name":"Algarve 7","description":"Informa\u00e7\u00e3o sobre o Algarve","publisher":{"@id":"https:\/\/algarve7.pt\/#organization"},"potentialAction":[{"@type":"SearchAction","target":{"@type":"EntryPoint","urlTemplate":"https:\/\/algarve7.pt\/?s={search_term_string}"},"query-input":{"@type":"PropertyValueSpecification","valueRequired":true,"valueName":"search_term_string"}}],"inLanguage":"pt-PT"},{"@type":"Organization","@id":"https:\/\/algarve7.pt\/#organization","name":"Algarve 7","url":"https:\/\/algarve7.pt\/","logo":{"@type":"ImageObject","inLanguage":"pt-PT","@id":"https:\/\/algarve7.pt\/#\/schema\/logo\/image\/","url":"https:\/\/algarve7.pt\/wp-content\/uploads\/2020\/10\/Logo-8.jpg","contentUrl":"https:\/\/algarve7.pt\/wp-content\/uploads\/2020\/10\/Logo-8.jpg","width":1680,"height":1186,"caption":"Algarve 7"},"image":{"@id":"https:\/\/algarve7.pt\/#\/schema\/logo\/image\/"},"sameAs":["https:\/\/www.facebook.com\/algarve7","https:\/\/x.com\/Algarvesete","https:\/\/www.instagram.com\/jornalalgarve7\/","https:\/\/www.linkedin.com\/company\/algarve7","https:\/\/www.pinterest.pt\/geral0939\/_created\/"]},{"@type":"Person","@id":"https:\/\/algarve7.pt\/#\/schema\/person\/23fa70681308e7b319a3204bcea45e0c","name":"Algarve 7","sameAs":["https:\/\/algarve7.pt","https:\/\/www.facebook.com\/algarve7"],"url":"https:\/\/algarve7.pt\/index.php\/author\/geralalgarve7-pt\/"}]}},"jetpack_publicize_connections":[],"jetpack_featured_media_url":"https:\/\/algarve7.pt\/wp-content\/uploads\/2021\/03\/Protocolo-Re-Food-1.jpeg","jetpack_shortlink":"https:\/\/wp.me\/pcezmW-1P8","jetpack_sharing_enabled":true,"_links":{"self":[{"href":"https:\/\/algarve7.pt\/index.php\/wp-json\/wp\/v2\/posts\/7014","targetHints":{"allow":["GET"]}}],"collection":[{"href":"https:\/\/algarve7.pt\/index.php\/wp-json\/wp\/v2\/posts"}],"about":[{"href":"https:\/\/algarve7.pt\/index.php\/wp-json\/wp\/v2\/types\/post"}],"author":[{"embeddable":true,"href":"https:\/\/algarve7.pt\/index.php\/wp-json\/wp\/v2\/users\/1"}],"replies":[{"embeddable":true,"href":"https:\/\/algarve7.pt\/index.php\/wp-json\/wp\/v2\/comments?post=7014"}],"version-history":[{"count":0,"href":"https:\/\/algarve7.pt\/index.php\/wp-json\/wp\/v2\/posts\/7014\/revisions"}],"wp:featuredmedia":[{"embeddable":true,"href":"https:\/\/algarve7.pt\/index.php\/wp-json\/wp\/v2\/media\/7015"}],"wp:attachment":[{"href":"https:\/\/algarve7.pt\/index.php\/wp-json\/wp\/v2\/media?parent=7014"}],"wp:term":[{"taxonomy":"category","embeddable":true,"href":"https:\/\/algarve7.pt\/index.php\/wp-json\/wp\/v2\/categories?post=7014"},{"taxonomy":"post_tag","embeddable":true,"href":"https:\/\/algarve7.pt\/index.php\/wp-json\/wp\/v2\/tags?post=7014"}],"curies":[{"name":"wp","href":"https:\/\/api.w.org\/{rel}","templated":true}]}}