{"id":7012,"date":"2021-03-23T13:40:00","date_gmt":"2021-03-23T13:40:00","guid":{"rendered":"https:\/\/algarve7.pt\/?p=7012"},"modified":"2021-03-23T12:24:45","modified_gmt":"2021-03-23T12:24:45","slug":"webinar-sobre-a-qualificacao-e-promocao-da-areas-empresariais-no-territorio-nacional","status":"publish","type":"post","link":"https:\/\/algarve7.pt\/index.php\/2021\/03\/webinar-sobre-a-qualificacao-e-promocao-da-areas-empresariais-no-territorio-nacional\/nacional\/13\/40\/","title":{"rendered":"Webinar sobre a qualifica\u00e7\u00e3o e promo\u00e7\u00e3o da \u00e1reas empresariais no territ\u00f3rio nacional"},"content":{"rendered":"\n<p>No pr\u00f3ximo dia 24 de mar\u00e7o realiza-se um&nbsp;<em>webinar&nbsp;<\/em>sobre a Qualifica\u00e7\u00e3o e Promo\u00e7\u00e3o da \u00c1reas Empresariais no Territ\u00f3rio Nacional. O evento conta com as interven\u00e7\u00f5es da Ministra da Coes\u00e3o Territorial, Ana Abrunhosa, do Secret\u00e1rio de Estado da Internacionaliza\u00e7\u00e3o, Eurico Brilhante Dias, e do Presidente da Associa\u00e7\u00e3o Nacional de Munic\u00edpios, Manuel Machado.<\/p>\n\n\n\n<p>O evento tem como objetivo debater a import\u00e2ncia da qualifica\u00e7\u00e3o das \u00c1reas de Localiza\u00e7\u00e3o Empresarial (ALE) portuguesas e a sua promo\u00e7\u00e3o, nacional e internacional, por forma a angariar mais investimento produtivo para Portugal. No \u00e2mbito das medidas do programa Internacionalizar 2030 pretende-se igualmente promover a cria\u00e7\u00e3o de sinergias entre empresas, o estabelecimento de parcerias entre os centros de saber e o sector empresarial<em>&nbsp;<\/em>das v\u00e1rias regi\u00f5es do pa\u00eds, de norte a sul, do litoral ao interior.&nbsp;<\/p>\n\n\n\n<p>A ferramenta\u00a0<em>Portugal Site Selection<\/em>\u00a0(<a href=\"http:\/\/www.portugalsiteselection\/\" target=\"_blank\" rel=\"noreferrer noopener\">www.portugalsiteselection<\/a>.pt), do Minist\u00e9rio dos Neg\u00f3cios Estrangeiros, agrega informa\u00e7\u00e3o sobre a oferta de localiza\u00e7\u00f5es para empresas dispon\u00edveis em todo o territ\u00f3rio nacional, nomeadamente em parques empresariais e edif\u00edcios de escrit\u00f3rios, contando ainda com um cadastro de ativos, para projetos\u00a0<em>greenfield<\/em>\u00a0e\u00a0<em>brownfield<\/em>.<\/p>\n\n\n\n<p>Esta ferramenta&nbsp;<em>online<\/em>&nbsp;permite uma eficiente pesquisa do local<em>&nbsp;<\/em>que em Portugal melhor responde aos requisitos de cada determinado projeto de investimento. A atual cobertura de 70% do territ\u00f3rio nacional por esta plataforma foi alcan\u00e7ada fruto da colabora\u00e7\u00e3o da AICEP e de todos os Munic\u00edpios, sendo de destacar o protocolo e trabalho conjunto com a Associa\u00e7\u00e3o Nacional de Munic\u00edpios Portugueses.<\/p>\n\n\n\n<p>O CEO da aicep Global Parques, Filipe Costa, apresentar\u00e1 o novo projeto de cria\u00e7\u00e3o de uma Associa\u00e7\u00e3o dos Parques Empresariais de Portugal e o impacto que a mesma poder\u00e1 ter no desenvolvimento da atividade econ\u00f3mica em todo o territ\u00f3rio.<\/p>\n\n\n\n<p>Ser\u00e3o ainda apresentados os investimentos inclu\u00eddos na atual proposta do Plano de Recupera\u00e7\u00e3o e Resili\u00eancia (PRR) para a qualifica\u00e7\u00e3o das \u00e1reas empresariais, pelo Minist\u00e9rio da Coes\u00e3o Territorial, e a AICEP apresentar\u00e1 orienta\u00e7\u00f5es para a promo\u00e7\u00e3o do territ\u00f3rio como forma de atrair mais investimento.<\/p>\n\n\n\n<p>Conhe\u00e7a o programa completo aqui\u00a0<a href=\"https:\/\/globalparques.pt\/comunicacao\/\" target=\"_blank\" rel=\"noreferrer noopener\">https:\/\/globalparques.pt\/comunicacao\/<\/a><\/p>\n\n\n\n<p>Fa\u00e7a a sua inscri\u00e7\u00e3o:<\/p>\n\n\n\n<p><a href=\"https:\/\/zoom.us\/webinar\/register\/4616159924947\/WN_XCQWhs3NQ3i5I_odI7cmow\" target=\"_blank\" rel=\"noreferrer noopener\">https:\/\/zoom.us\/webinar\/register\/4616159924947\/WN_XCQWhs3NQ3i5I_odI7cmow<\/a><\/p>\n","protected":false},"excerpt":{"rendered":"<p>No pr\u00f3ximo dia 24 de mar\u00e7o realiza-se um&nbsp;webinar&nbsp;sobre a Qualifica\u00e7\u00e3o e Promo\u00e7\u00e3o da \u00c1reas Empresariais no Territ\u00f3rio Nacional. O evento<\/p>\n","protected":false},"author":1,"featured_media":5434,"comment_status":"closed","ping_status":"open","sticky":false,"template":"","format":"standard","meta":{"colormag_page_container_layout":"default_layout","colormag_page_sidebar_layout":"default_layout","_monsterinsights_skip_tracking":false,"_monsterinsights_sitenote_active":false,"_monsterinsights_sitenote_note":"","_monsterinsights_sitenote_category":0,"jetpack_post_was_ever_published":false,"_jetpack_newsletter_access":"","_jetpack_dont_email_post_to_subs":false,"_jetpack_newsletter_tier_id":0,"_jetpack_memberships_contains_paywalled_content":false,"_jetpack_memberships_contains_paid_content":false,"footnotes":"","jetpack_publicize_message":"","jetpack_publicize_feature_enabled":true,"jetpack_social_post_already_shared":true,"jetpack_social_options":{"image_generator_settings":{"template":"highway","default_image_id":0,"font":"","enabled":false},"version":2}},"categories":[189],"tags":[98],"class_list":["post-7012","post","type-post","status-publish","format-standard","has-post-thumbnail","hentry","category-nacional","tag-nacional"],"yoast_head":"<!-- This site is optimized with the Yoast SEO plugin v27.5 - https:\/\/yoast.com\/product\/yoast-seo-wordpress\/ -->\n<title>Webinar sobre a qualifica\u00e7\u00e3o e promo\u00e7\u00e3o da \u00e1reas empresariais no territ\u00f3rio nacional - Algarve 7<\/title>\n<meta name=\"description\" content=\"Webinar sobre a qualifica\u00e7\u00e3o e promo\u00e7\u00e3o da \u00e1reas empresariais no territ\u00f3rio nacional Nacional\" \/>\n<meta name=\"robots\" content=\"index, follow, max-snippet:-1, max-image-preview:large, max-video-preview:-1\" \/>\n<link rel=\"canonical\" href=\"https:\/\/algarve7.pt\/index.php\/2021\/03\/webinar-sobre-a-qualificacao-e-promocao-da-areas-empresariais-no-territorio-nacional\/nacional\/13\/40\/\" \/>\n<meta property=\"og:locale\" content=\"pt_PT\" \/>\n<meta property=\"og:type\" content=\"article\" \/>\n<meta property=\"og:title\" content=\"Webinar sobre a qualifica\u00e7\u00e3o e promo\u00e7\u00e3o da \u00e1reas empresariais no territ\u00f3rio nacional - Algarve 7\" \/>\n<meta property=\"og:description\" content=\"Webinar sobre a qualifica\u00e7\u00e3o e promo\u00e7\u00e3o da \u00e1reas empresariais no territ\u00f3rio nacional Nacional\" \/>\n<meta property=\"og:url\" content=\"https:\/\/algarve7.pt\/index.php\/2021\/03\/webinar-sobre-a-qualificacao-e-promocao-da-areas-empresariais-no-territorio-nacional\/nacional\/13\/40\/\" \/>\n<meta property=\"og:site_name\" content=\"Algarve 7\" \/>\n<meta property=\"article:publisher\" content=\"https:\/\/www.facebook.com\/algarve7\" \/>\n<meta property=\"article:author\" content=\"https:\/\/www.facebook.com\/algarve7\" \/>\n<meta property=\"article:published_time\" content=\"2021-03-23T13:40:00+00:00\" \/>\n<meta property=\"og:image\" content=\"https:\/\/algarve7.pt\/wp-content\/uploads\/2021\/01\/logo980400.png\" \/>\n\t<meta property=\"og:image:width\" content=\"980\" \/>\n\t<meta property=\"og:image:height\" content=\"400\" \/>\n\t<meta property=\"og:image:type\" content=\"image\/png\" \/>\n<meta name=\"author\" content=\"Algarve 7\" \/>\n<meta name=\"twitter:card\" content=\"summary_large_image\" \/>\n<meta name=\"twitter:creator\" content=\"@Algarvesete\" \/>\n<meta name=\"twitter:site\" content=\"@Algarvesete\" \/>\n<meta name=\"twitter:label1\" content=\"Escrito por\" \/>\n\t<meta name=\"twitter:data1\" content=\"Algarve 7\" \/>\n\t<meta name=\"twitter:label2\" content=\"Tempo estimado de leitura\" \/>\n\t<meta name=\"twitter:data2\" content=\"2 minutos\" \/>\n<script type=\"application\/ld+json\" class=\"yoast-schema-graph\">{\"@context\":\"https:\\\/\\\/schema.org\",\"@graph\":[{\"@type\":\"Article\",\"@id\":\"https:\\\/\\\/algarve7.pt\\\/index.php\\\/2021\\\/03\\\/webinar-sobre-a-qualificacao-e-promocao-da-areas-empresariais-no-territorio-nacional\\\/nacional\\\/13\\\/40\\\/#article\",\"isPartOf\":{\"@id\":\"https:\\\/\\\/algarve7.pt\\\/index.php\\\/2021\\\/03\\\/webinar-sobre-a-qualificacao-e-promocao-da-areas-empresariais-no-territorio-nacional\\\/nacional\\\/13\\\/40\\\/\"},\"author\":{\"name\":\"Algarve 7\",\"@id\":\"https:\\\/\\\/algarve7.pt\\\/#\\\/schema\\\/person\\\/23fa70681308e7b319a3204bcea45e0c\"},\"headline\":\"Webinar sobre a qualifica\u00e7\u00e3o e promo\u00e7\u00e3o da \u00e1reas empresariais no territ\u00f3rio nacional\",\"datePublished\":\"2021-03-23T13:40:00+00:00\",\"mainEntityOfPage\":{\"@id\":\"https:\\\/\\\/algarve7.pt\\\/index.php\\\/2021\\\/03\\\/webinar-sobre-a-qualificacao-e-promocao-da-areas-empresariais-no-territorio-nacional\\\/nacional\\\/13\\\/40\\\/\"},\"wordCount\":412,\"publisher\":{\"@id\":\"https:\\\/\\\/algarve7.pt\\\/#organization\"},\"image\":{\"@id\":\"https:\\\/\\\/algarve7.pt\\\/index.php\\\/2021\\\/03\\\/webinar-sobre-a-qualificacao-e-promocao-da-areas-empresariais-no-territorio-nacional\\\/nacional\\\/13\\\/40\\\/#primaryimage\"},\"thumbnailUrl\":\"https:\\\/\\\/algarve7.pt\\\/wp-content\\\/uploads\\\/2021\\\/01\\\/logo980400.png\",\"keywords\":[\"Nacional\"],\"articleSection\":[\"Nacional\"],\"inLanguage\":\"pt-PT\"},{\"@type\":\"WebPage\",\"@id\":\"https:\\\/\\\/algarve7.pt\\\/index.php\\\/2021\\\/03\\\/webinar-sobre-a-qualificacao-e-promocao-da-areas-empresariais-no-territorio-nacional\\\/nacional\\\/13\\\/40\\\/\",\"url\":\"https:\\\/\\\/algarve7.pt\\\/index.php\\\/2021\\\/03\\\/webinar-sobre-a-qualificacao-e-promocao-da-areas-empresariais-no-territorio-nacional\\\/nacional\\\/13\\\/40\\\/\",\"name\":\"Webinar sobre a qualifica\u00e7\u00e3o e promo\u00e7\u00e3o da \u00e1reas empresariais no territ\u00f3rio nacional - Algarve 7\",\"isPartOf\":{\"@id\":\"https:\\\/\\\/algarve7.pt\\\/#website\"},\"primaryImageOfPage\":{\"@id\":\"https:\\\/\\\/algarve7.pt\\\/index.php\\\/2021\\\/03\\\/webinar-sobre-a-qualificacao-e-promocao-da-areas-empresariais-no-territorio-nacional\\\/nacional\\\/13\\\/40\\\/#primaryimage\"},\"image\":{\"@id\":\"https:\\\/\\\/algarve7.pt\\\/index.php\\\/2021\\\/03\\\/webinar-sobre-a-qualificacao-e-promocao-da-areas-empresariais-no-territorio-nacional\\\/nacional\\\/13\\\/40\\\/#primaryimage\"},\"thumbnailUrl\":\"https:\\\/\\\/algarve7.pt\\\/wp-content\\\/uploads\\\/2021\\\/01\\\/logo980400.png\",\"datePublished\":\"2021-03-23T13:40:00+00:00\",\"description\":\"Webinar sobre a qualifica\u00e7\u00e3o e promo\u00e7\u00e3o da \u00e1reas empresariais no territ\u00f3rio nacional Nacional\",\"breadcrumb\":{\"@id\":\"https:\\\/\\\/algarve7.pt\\\/index.php\\\/2021\\\/03\\\/webinar-sobre-a-qualificacao-e-promocao-da-areas-empresariais-no-territorio-nacional\\\/nacional\\\/13\\\/40\\\/#breadcrumb\"},\"inLanguage\":\"pt-PT\",\"potentialAction\":[{\"@type\":\"ReadAction\",\"target\":[\"https:\\\/\\\/algarve7.pt\\\/index.php\\\/2021\\\/03\\\/webinar-sobre-a-qualificacao-e-promocao-da-areas-empresariais-no-territorio-nacional\\\/nacional\\\/13\\\/40\\\/\"]}]},{\"@type\":\"ImageObject\",\"inLanguage\":\"pt-PT\",\"@id\":\"https:\\\/\\\/algarve7.pt\\\/index.php\\\/2021\\\/03\\\/webinar-sobre-a-qualificacao-e-promocao-da-areas-empresariais-no-territorio-nacional\\\/nacional\\\/13\\\/40\\\/#primaryimage\",\"url\":\"https:\\\/\\\/algarve7.pt\\\/wp-content\\\/uploads\\\/2021\\\/01\\\/logo980400.png\",\"contentUrl\":\"https:\\\/\\\/algarve7.pt\\\/wp-content\\\/uploads\\\/2021\\\/01\\\/logo980400.png\",\"width\":980,\"height\":400},{\"@type\":\"BreadcrumbList\",\"@id\":\"https:\\\/\\\/algarve7.pt\\\/index.php\\\/2021\\\/03\\\/webinar-sobre-a-qualificacao-e-promocao-da-areas-empresariais-no-territorio-nacional\\\/nacional\\\/13\\\/40\\\/#breadcrumb\",\"itemListElement\":[{\"@type\":\"ListItem\",\"position\":1,\"name\":\"In\u00edcio\",\"item\":\"https:\\\/\\\/algarve7.pt\\\/\"},{\"@type\":\"ListItem\",\"position\":2,\"name\":\"Webinar sobre a qualifica\u00e7\u00e3o e promo\u00e7\u00e3o da \u00e1reas empresariais no territ\u00f3rio nacional\"}]},{\"@type\":\"WebSite\",\"@id\":\"https:\\\/\\\/algarve7.pt\\\/#website\",\"url\":\"https:\\\/\\\/algarve7.pt\\\/\",\"name\":\"Algarve 7\",\"description\":\"Informa\u00e7\u00e3o sobre o Algarve\",\"publisher\":{\"@id\":\"https:\\\/\\\/algarve7.pt\\\/#organization\"},\"potentialAction\":[{\"@type\":\"SearchAction\",\"target\":{\"@type\":\"EntryPoint\",\"urlTemplate\":\"https:\\\/\\\/algarve7.pt\\\/?s={search_term_string}\"},\"query-input\":{\"@type\":\"PropertyValueSpecification\",\"valueRequired\":true,\"valueName\":\"search_term_string\"}}],\"inLanguage\":\"pt-PT\"},{\"@type\":\"Organization\",\"@id\":\"https:\\\/\\\/algarve7.pt\\\/#organization\",\"name\":\"Algarve 7\",\"url\":\"https:\\\/\\\/algarve7.pt\\\/\",\"logo\":{\"@type\":\"ImageObject\",\"inLanguage\":\"pt-PT\",\"@id\":\"https:\\\/\\\/algarve7.pt\\\/#\\\/schema\\\/logo\\\/image\\\/\",\"url\":\"https:\\\/\\\/algarve7.pt\\\/wp-content\\\/uploads\\\/2020\\\/10\\\/Logo-8.jpg\",\"contentUrl\":\"https:\\\/\\\/algarve7.pt\\\/wp-content\\\/uploads\\\/2020\\\/10\\\/Logo-8.jpg\",\"width\":1680,\"height\":1186,\"caption\":\"Algarve 7\"},\"image\":{\"@id\":\"https:\\\/\\\/algarve7.pt\\\/#\\\/schema\\\/logo\\\/image\\\/\"},\"sameAs\":[\"https:\\\/\\\/www.facebook.com\\\/algarve7\",\"https:\\\/\\\/x.com\\\/Algarvesete\",\"https:\\\/\\\/www.instagram.com\\\/jornalalgarve7\\\/\",\"https:\\\/\\\/www.linkedin.com\\\/company\\\/algarve7\",\"https:\\\/\\\/www.pinterest.pt\\\/geral0939\\\/_created\\\/\"]},{\"@type\":\"Person\",\"@id\":\"https:\\\/\\\/algarve7.pt\\\/#\\\/schema\\\/person\\\/23fa70681308e7b319a3204bcea45e0c\",\"name\":\"Algarve 7\",\"sameAs\":[\"https:\\\/\\\/algarve7.pt\",\"https:\\\/\\\/www.facebook.com\\\/algarve7\"],\"url\":\"https:\\\/\\\/algarve7.pt\\\/index.php\\\/author\\\/geralalgarve7-pt\\\/\"}]}<\/script>\n<!-- \/ Yoast SEO plugin. -->","yoast_head_json":{"title":"Webinar sobre a qualifica\u00e7\u00e3o e promo\u00e7\u00e3o da \u00e1reas empresariais no territ\u00f3rio nacional - Algarve 7","description":"Webinar sobre a qualifica\u00e7\u00e3o e promo\u00e7\u00e3o da \u00e1reas empresariais no territ\u00f3rio nacional Nacional","robots":{"index":"index","follow":"follow","max-snippet":"max-snippet:-1","max-image-preview":"max-image-preview:large","max-video-preview":"max-video-preview:-1"},"canonical":"https:\/\/algarve7.pt\/index.php\/2021\/03\/webinar-sobre-a-qualificacao-e-promocao-da-areas-empresariais-no-territorio-nacional\/nacional\/13\/40\/","og_locale":"pt_PT","og_type":"article","og_title":"Webinar sobre a qualifica\u00e7\u00e3o e promo\u00e7\u00e3o da \u00e1reas empresariais no territ\u00f3rio nacional - Algarve 7","og_description":"Webinar sobre a qualifica\u00e7\u00e3o e promo\u00e7\u00e3o da \u00e1reas empresariais no territ\u00f3rio nacional Nacional","og_url":"https:\/\/algarve7.pt\/index.php\/2021\/03\/webinar-sobre-a-qualificacao-e-promocao-da-areas-empresariais-no-territorio-nacional\/nacional\/13\/40\/","og_site_name":"Algarve 7","article_publisher":"https:\/\/www.facebook.com\/algarve7","article_author":"https:\/\/www.facebook.com\/algarve7","article_published_time":"2021-03-23T13:40:00+00:00","og_image":[{"width":980,"height":400,"url":"https:\/\/algarve7.pt\/wp-content\/uploads\/2021\/01\/logo980400.png","type":"image\/png"}],"author":"Algarve 7","twitter_card":"summary_large_image","twitter_creator":"@Algarvesete","twitter_site":"@Algarvesete","twitter_misc":{"Escrito por":"Algarve 7","Tempo estimado de leitura":"2 minutos"},"schema":{"@context":"https:\/\/schema.org","@graph":[{"@type":"Article","@id":"https:\/\/algarve7.pt\/index.php\/2021\/03\/webinar-sobre-a-qualificacao-e-promocao-da-areas-empresariais-no-territorio-nacional\/nacional\/13\/40\/#article","isPartOf":{"@id":"https:\/\/algarve7.pt\/index.php\/2021\/03\/webinar-sobre-a-qualificacao-e-promocao-da-areas-empresariais-no-territorio-nacional\/nacional\/13\/40\/"},"author":{"name":"Algarve 7","@id":"https:\/\/algarve7.pt\/#\/schema\/person\/23fa70681308e7b319a3204bcea45e0c"},"headline":"Webinar sobre a qualifica\u00e7\u00e3o e promo\u00e7\u00e3o da \u00e1reas empresariais no territ\u00f3rio nacional","datePublished":"2021-03-23T13:40:00+00:00","mainEntityOfPage":{"@id":"https:\/\/algarve7.pt\/index.php\/2021\/03\/webinar-sobre-a-qualificacao-e-promocao-da-areas-empresariais-no-territorio-nacional\/nacional\/13\/40\/"},"wordCount":412,"publisher":{"@id":"https:\/\/algarve7.pt\/#organization"},"image":{"@id":"https:\/\/algarve7.pt\/index.php\/2021\/03\/webinar-sobre-a-qualificacao-e-promocao-da-areas-empresariais-no-territorio-nacional\/nacional\/13\/40\/#primaryimage"},"thumbnailUrl":"https:\/\/algarve7.pt\/wp-content\/uploads\/2021\/01\/logo980400.png","keywords":["Nacional"],"articleSection":["Nacional"],"inLanguage":"pt-PT"},{"@type":"WebPage","@id":"https:\/\/algarve7.pt\/index.php\/2021\/03\/webinar-sobre-a-qualificacao-e-promocao-da-areas-empresariais-no-territorio-nacional\/nacional\/13\/40\/","url":"https:\/\/algarve7.pt\/index.php\/2021\/03\/webinar-sobre-a-qualificacao-e-promocao-da-areas-empresariais-no-territorio-nacional\/nacional\/13\/40\/","name":"Webinar sobre a qualifica\u00e7\u00e3o e promo\u00e7\u00e3o da \u00e1reas empresariais no territ\u00f3rio nacional - Algarve 7","isPartOf":{"@id":"https:\/\/algarve7.pt\/#website"},"primaryImageOfPage":{"@id":"https:\/\/algarve7.pt\/index.php\/2021\/03\/webinar-sobre-a-qualificacao-e-promocao-da-areas-empresariais-no-territorio-nacional\/nacional\/13\/40\/#primaryimage"},"image":{"@id":"https:\/\/algarve7.pt\/index.php\/2021\/03\/webinar-sobre-a-qualificacao-e-promocao-da-areas-empresariais-no-territorio-nacional\/nacional\/13\/40\/#primaryimage"},"thumbnailUrl":"https:\/\/algarve7.pt\/wp-content\/uploads\/2021\/01\/logo980400.png","datePublished":"2021-03-23T13:40:00+00:00","description":"Webinar sobre a qualifica\u00e7\u00e3o e promo\u00e7\u00e3o da \u00e1reas empresariais no territ\u00f3rio nacional Nacional","breadcrumb":{"@id":"https:\/\/algarve7.pt\/index.php\/2021\/03\/webinar-sobre-a-qualificacao-e-promocao-da-areas-empresariais-no-territorio-nacional\/nacional\/13\/40\/#breadcrumb"},"inLanguage":"pt-PT","potentialAction":[{"@type":"ReadAction","target":["https:\/\/algarve7.pt\/index.php\/2021\/03\/webinar-sobre-a-qualificacao-e-promocao-da-areas-empresariais-no-territorio-nacional\/nacional\/13\/40\/"]}]},{"@type":"ImageObject","inLanguage":"pt-PT","@id":"https:\/\/algarve7.pt\/index.php\/2021\/03\/webinar-sobre-a-qualificacao-e-promocao-da-areas-empresariais-no-territorio-nacional\/nacional\/13\/40\/#primaryimage","url":"https:\/\/algarve7.pt\/wp-content\/uploads\/2021\/01\/logo980400.png","contentUrl":"https:\/\/algarve7.pt\/wp-content\/uploads\/2021\/01\/logo980400.png","width":980,"height":400},{"@type":"BreadcrumbList","@id":"https:\/\/algarve7.pt\/index.php\/2021\/03\/webinar-sobre-a-qualificacao-e-promocao-da-areas-empresariais-no-territorio-nacional\/nacional\/13\/40\/#breadcrumb","itemListElement":[{"@type":"ListItem","position":1,"name":"In\u00edcio","item":"https:\/\/algarve7.pt\/"},{"@type":"ListItem","position":2,"name":"Webinar sobre a qualifica\u00e7\u00e3o e promo\u00e7\u00e3o da \u00e1reas empresariais no territ\u00f3rio nacional"}]},{"@type":"WebSite","@id":"https:\/\/algarve7.pt\/#website","url":"https:\/\/algarve7.pt\/","name":"Algarve 7","description":"Informa\u00e7\u00e3o sobre o Algarve","publisher":{"@id":"https:\/\/algarve7.pt\/#organization"},"potentialAction":[{"@type":"SearchAction","target":{"@type":"EntryPoint","urlTemplate":"https:\/\/algarve7.pt\/?s={search_term_string}"},"query-input":{"@type":"PropertyValueSpecification","valueRequired":true,"valueName":"search_term_string"}}],"inLanguage":"pt-PT"},{"@type":"Organization","@id":"https:\/\/algarve7.pt\/#organization","name":"Algarve 7","url":"https:\/\/algarve7.pt\/","logo":{"@type":"ImageObject","inLanguage":"pt-PT","@id":"https:\/\/algarve7.pt\/#\/schema\/logo\/image\/","url":"https:\/\/algarve7.pt\/wp-content\/uploads\/2020\/10\/Logo-8.jpg","contentUrl":"https:\/\/algarve7.pt\/wp-content\/uploads\/2020\/10\/Logo-8.jpg","width":1680,"height":1186,"caption":"Algarve 7"},"image":{"@id":"https:\/\/algarve7.pt\/#\/schema\/logo\/image\/"},"sameAs":["https:\/\/www.facebook.com\/algarve7","https:\/\/x.com\/Algarvesete","https:\/\/www.instagram.com\/jornalalgarve7\/","https:\/\/www.linkedin.com\/company\/algarve7","https:\/\/www.pinterest.pt\/geral0939\/_created\/"]},{"@type":"Person","@id":"https:\/\/algarve7.pt\/#\/schema\/person\/23fa70681308e7b319a3204bcea45e0c","name":"Algarve 7","sameAs":["https:\/\/algarve7.pt","https:\/\/www.facebook.com\/algarve7"],"url":"https:\/\/algarve7.pt\/index.php\/author\/geralalgarve7-pt\/"}]}},"jetpack_publicize_connections":[],"jetpack_featured_media_url":"https:\/\/algarve7.pt\/wp-content\/uploads\/2021\/01\/logo980400.png","jetpack_shortlink":"https:\/\/wp.me\/pcezmW-1P6","jetpack_sharing_enabled":true,"_links":{"self":[{"href":"https:\/\/algarve7.pt\/index.php\/wp-json\/wp\/v2\/posts\/7012","targetHints":{"allow":["GET"]}}],"collection":[{"href":"https:\/\/algarve7.pt\/index.php\/wp-json\/wp\/v2\/posts"}],"about":[{"href":"https:\/\/algarve7.pt\/index.php\/wp-json\/wp\/v2\/types\/post"}],"author":[{"embeddable":true,"href":"https:\/\/algarve7.pt\/index.php\/wp-json\/wp\/v2\/users\/1"}],"replies":[{"embeddable":true,"href":"https:\/\/algarve7.pt\/index.php\/wp-json\/wp\/v2\/comments?post=7012"}],"version-history":[{"count":0,"href":"https:\/\/algarve7.pt\/index.php\/wp-json\/wp\/v2\/posts\/7012\/revisions"}],"wp:featuredmedia":[{"embeddable":true,"href":"https:\/\/algarve7.pt\/index.php\/wp-json\/wp\/v2\/media\/5434"}],"wp:attachment":[{"href":"https:\/\/algarve7.pt\/index.php\/wp-json\/wp\/v2\/media?parent=7012"}],"wp:term":[{"taxonomy":"category","embeddable":true,"href":"https:\/\/algarve7.pt\/index.php\/wp-json\/wp\/v2\/categories?post=7012"},{"taxonomy":"post_tag","embeddable":true,"href":"https:\/\/algarve7.pt\/index.php\/wp-json\/wp\/v2\/tags?post=7012"}],"curies":[{"name":"wp","href":"https:\/\/api.w.org\/{rel}","templated":true}]}}