{"id":6936,"date":"2021-03-20T11:57:36","date_gmt":"2021-03-20T11:57:36","guid":{"rendered":"https:\/\/algarve7.pt\/?p=6936"},"modified":"2021-03-20T11:57:40","modified_gmt":"2021-03-20T11:57:40","slug":"loule-participou-na-4-a-reuniao-internacional-do-projeto-europeu-sudoe-remas","status":"publish","type":"post","link":"https:\/\/algarve7.pt\/index.php\/2021\/03\/loule-participou-na-4-a-reuniao-internacional-do-projeto-europeu-sudoe-remas\/ambiente\/11\/57\/","title":{"rendered":"Loul\u00e9 participou na 4.\u00aa reuni\u00e3o internacional do projeto europeu sudoe-remas"},"content":{"rendered":"\n<p>Foi debatida a gest\u00e3o do risco de emiss\u00f5es de gases com efeito de estufa em inc\u00eandios florestais<\/p>\n\n\n\n<p>Teve lugar nos dias 4 e 11 de mar\u00e7o mais uma reuni\u00e3o internacional do projeto europeu&nbsp;SUDOE-REMAS\/INTERREG, do qual o Munic\u00edpio de Loul\u00e9 \u00e9 um dos parceiros. Tal como acontece atualmente com a maior parte dos eventos, a pandemia obrigou \u00e0 realiza\u00e7\u00e3o atrav\u00e9s das plataformas digitais (Zoom) e foi online que os envolvidos debateram as quest\u00f5es ligadas \u00e0 gest\u00e3o do&nbsp;risco de&nbsp;emiss\u00f5es de&nbsp;gases com&nbsp;efeito deestufa&nbsp;em inc\u00eandios florestais e o caminho que est\u00e1 a ser percorrido para integrar esta mat\u00e9ria nas pol\u00edticas municipais de adapta\u00e7\u00e3o \u00e0s altera\u00e7\u00f5es clim\u00e1ticas.<\/p>\n\n\n\n<p>As \u00e1reas-piloto do projeto englobam uma parcela na Serra do Caldeir\u00e3o, mas tamb\u00e9m a regi\u00e3o da Aquit\u00e2nia, em Fran\u00e7a, e Chequilla (Guadalajara) e Chelva-Andilla (Val\u00eancia), em Espanha. E \u00e9 a partir da experi\u00eancia nestas quatro zonas que se pretende promover a&nbsp;preven\u00e7\u00e3o,&nbsp;a&nbsp;gest\u00e3o e&nbsp;a elabora\u00e7\u00e3o de um&nbsp;plano de a\u00e7\u00e3o contra o risco de emiss\u00f5es de gases&nbsp;com&nbsp;efeito&nbsp;de&nbsp;estufa provenientes de grandes stocks de carbono&nbsp;armazenados&nbsp;na vegeta\u00e7\u00e3o e solos,&nbsp;devido a inc\u00eandios florestais em ecossistemas florestais vulner\u00e1veis do&nbsp;Sudoeste Europeu.<\/p>\n\n\n\n<p>A Serra do Caldeir\u00e3o tem sido, na regi\u00e3o algarvia, uma das \u00e1reas mais fustigadas pelos fogos florestais ao longo dos anos, com destaque para o inc\u00eandio que consumiu parte desta zona florestal em 2004, da\u00ed ser este um importante territ\u00f3rio para a avalia\u00e7\u00e3o de dados que possam levar a a\u00e7\u00f5es concretas.<\/p>\n\n\n\n<p>A equipa t\u00e9cnica do Munic\u00edpio respons\u00e1vel pelo acompanhamento do projeto, liderada pelo Gabinete T\u00e9cnico Florestal do Servi\u00e7o Municipal de Prote\u00e7\u00e3o Civil, trouxe a este encontro uma apresenta\u00e7\u00e3o sobre as linhas orientadoras para a cria\u00e7\u00e3o de um grupo de trabalho que tenha como miss\u00e3o iniciar um processo cont\u00ednuo de elabora\u00e7\u00e3o de estrat\u00e9gias regionais de preven\u00e7\u00e3o e gest\u00e3o dos riscos de emiss\u00e3o de gases com efeito de estufa, aumentando a capacidade de munic\u00edpios e outras entidades, p\u00fablicas ou privadas, de incorporar a gest\u00e3o de risco nas suas pol\u00edticas de atua\u00e7\u00e3o em defesa da floresta e na adapta\u00e7\u00e3o \u00e0s mudan\u00e7as clim\u00e1ticas.&nbsp;<\/p>\n\n\n\n<p>Os objetivos deste grupo passam pela troca de conhecimento ao n\u00edvel da gest\u00e3o local entre as autoridades regionais, institui\u00e7\u00f5es ligadas ao ensino, empresas e associa\u00e7\u00f5es, a dissemina\u00e7\u00e3o das pr\u00e1ticas inclu\u00eddas nesta estrat\u00e9gia e a sua integra\u00e7\u00e3o a sensibiliza\u00e7\u00e3o da comunidade local para as mat\u00e9rias ligadas ao risco de emiss\u00f5es fruto dos inc\u00eandios florestais.<\/p>\n\n\n\n<p>Os ecossistemas florestais s\u00e3o os maiores sumidouros de carbono terrestres ger\u00edveis com a capacidade de mitigar as altera\u00e7\u00f5es clim\u00e1ticas.&nbsp; Quando um inc\u00eandio florestal come\u00e7a, a combust\u00e3o liberta gases com efeito de estufa que contribuem para o aquecimento global e, consequentemente, para as altera\u00e7\u00f5es clim\u00e1ticas.&nbsp;<\/p>\n\n\n\n<p>H\u00e1 estudos que estimam o carbono contido na vegeta\u00e7\u00e3o e no solo, assim como as emiss\u00f5es de CO2 de um inc\u00eandio. No entanto, atualmente, o risco de estas emiss\u00f5es poderem ser produzidas pelo fogo ainda \u00e9 pouco conhecido ou quantificado e, portanto, n\u00e3o est\u00e1 inclu\u00eddo nos planos de preven\u00e7\u00e3o e gest\u00e3o de inc\u00eandios, nem \u00e9 determinado quais as \u00e1reas cr\u00edticas para apresentar um risco mais elevado de emiss\u00f5es, que podem ser utilizadas para concentrar os esfor\u00e7os de preven\u00e7\u00e3o, gest\u00e3o, extin\u00e7\u00e3o e restaura\u00e7\u00e3o dos reservat\u00f3rios de carbono. \u00c9 pois este o grande objetivo do projecto europeu REMAS &#8220;Gest\u00e3o do risco de emiss\u00f5es de gases com efeito de estufa em inc\u00eandios florestais (2019-2022)&#8221;, cofinanciado pelo Programa Interreg Sudoe atrav\u00e9s do Fundo Europeu de Desenvolvimento Regional (FEDER).<\/p>\n\n\n\n<p>Este trabalho est\u00e1 a ser realizado em coopera\u00e7\u00e3o transnacional, na qual participam diferentes entidades do Sudoeste da Europa. O projeto, aprovado em junho de 2019, \u00e9 liderado pela Associa\u00e7\u00e3o de Munic\u00edpios Florestais da Comunidade Valenciana (AMUFOR) tem parceiros de prest\u00edgio como a Universidade Polit\u00e9cnica de Val\u00eancia, a Universidade de Val\u00eancia, o Conselho Provincial de Val\u00eancia, o Instituto Nacional de Investiga\u00e7\u00e3o e Tecnologia Agr\u00e1ria e Alimentar, a C\u00e2mara Municipal de Loul\u00e9 , o Instituto Superior de Agronomia, a Escola Nacional Superior de Ci\u00eancias Agr\u00f3nomas de Bord\u00e9us.&nbsp;<\/p>\n\n\n\n<p>\u201cA adapta\u00e7\u00e3o \u00e0s altera\u00e7\u00f5es clim\u00e1ticas tem sido uma das linhas priorit\u00e1rias para este executivo. Em conformidade com este projeto europeu, continuamos a trabalhar para assegurar que este risco seja considerado nos planos de preven\u00e7\u00e3o e gest\u00e3o, que o papel vital da vegeta\u00e7\u00e3o e do solo na mitiga\u00e7\u00e3o e minimiza\u00e7\u00e3o das emiss\u00f5es de carbono nos inc\u00eandios florestais seja reconhecido. \u201d, sublinha o autarca de Loul\u00e9, V\u00edtor Aleixo.<\/p>\n\n\n\n<p>Refira-se que Loul\u00e9 ser\u00e1 anfitri\u00e3o da pr\u00f3xima reuni\u00e3o do REMAS que ter\u00e1 lugar no final do m\u00eas de setembro, em formato presencial caso as condi\u00e7\u00f5es do evoluir da pandemia assim o permitam.<\/p>\n","protected":false},"excerpt":{"rendered":"<p>Foi debatida a gest\u00e3o do risco de emiss\u00f5es de gases com efeito de estufa em inc\u00eandios florestais Teve lugar nos<\/p>\n","protected":false},"author":1,"featured_media":6937,"comment_status":"closed","ping_status":"open","sticky":false,"template":"","format":"standard","meta":{"colormag_page_container_layout":"default_layout","colormag_page_sidebar_layout":"default_layout","_monsterinsights_skip_tracking":false,"_monsterinsights_sitenote_active":false,"_monsterinsights_sitenote_note":"","_monsterinsights_sitenote_category":0,"jetpack_post_was_ever_published":false,"_jetpack_newsletter_access":"","_jetpack_dont_email_post_to_subs":false,"_jetpack_newsletter_tier_id":0,"_jetpack_memberships_contains_paywalled_content":false,"_jetpack_memberships_contains_paid_content":false,"footnotes":"","jetpack_publicize_message":"","jetpack_publicize_feature_enabled":true,"jetpack_social_post_already_shared":true,"jetpack_social_options":{"image_generator_settings":{"template":"highway","default_image_id":0,"font":"","enabled":false},"version":2}},"categories":[5],"tags":[36,32,31],"class_list":["post-6936","post","type-post","status-publish","format-standard","has-post-thumbnail","hentry","category-ambiente","tag-algarve","tag-ambiente","tag-loule"],"yoast_head":"<!-- This site is optimized with the Yoast SEO plugin v27.5 - https:\/\/yoast.com\/product\/yoast-seo-wordpress\/ -->\n<title>Loul\u00e9 participou na 4.\u00aa reuni\u00e3o internacional do projeto europeu sudoe-remas - Algarve 7<\/title>\n<meta name=\"description\" content=\"Foi debatida a gest\u00e3o do risco de emiss\u00f5es de gases com efeito de estufa em inc\u00eandios florestais\" \/>\n<meta name=\"robots\" content=\"index, follow, max-snippet:-1, max-image-preview:large, max-video-preview:-1\" \/>\n<link rel=\"canonical\" href=\"https:\/\/algarve7.pt\/index.php\/2021\/03\/loule-participou-na-4-a-reuniao-internacional-do-projeto-europeu-sudoe-remas\/ambiente\/11\/57\/\" \/>\n<meta property=\"og:locale\" content=\"pt_PT\" \/>\n<meta property=\"og:type\" content=\"article\" \/>\n<meta property=\"og:title\" content=\"Loul\u00e9 participou na 4.\u00aa reuni\u00e3o internacional do projeto europeu sudoe-remas - Algarve 7\" \/>\n<meta property=\"og:description\" content=\"Foi debatida a gest\u00e3o do risco de emiss\u00f5es de gases com efeito de estufa em inc\u00eandios florestais\" \/>\n<meta property=\"og:url\" content=\"https:\/\/algarve7.pt\/index.php\/2021\/03\/loule-participou-na-4-a-reuniao-internacional-do-projeto-europeu-sudoe-remas\/ambiente\/11\/57\/\" \/>\n<meta property=\"og:site_name\" content=\"Algarve 7\" \/>\n<meta property=\"article:publisher\" content=\"https:\/\/www.facebook.com\/algarve7\" \/>\n<meta property=\"article:author\" content=\"https:\/\/www.facebook.com\/algarve7\" \/>\n<meta property=\"article:published_time\" content=\"2021-03-20T11:57:36+00:00\" \/>\n<meta property=\"article:modified_time\" content=\"2021-03-20T11:57:40+00:00\" \/>\n<meta property=\"og:image\" content=\"https:\/\/algarve7.pt\/wp-content\/uploads\/2021\/03\/Parcela-REMAS-CAldeirao3.jpg\" \/>\n\t<meta property=\"og:image:width\" content=\"1920\" \/>\n\t<meta property=\"og:image:height\" content=\"1440\" \/>\n\t<meta property=\"og:image:type\" content=\"image\/jpeg\" \/>\n<meta name=\"author\" content=\"Algarve 7\" \/>\n<meta name=\"twitter:card\" content=\"summary_large_image\" \/>\n<meta name=\"twitter:creator\" content=\"@Algarvesete\" \/>\n<meta name=\"twitter:site\" content=\"@Algarvesete\" \/>\n<meta name=\"twitter:label1\" content=\"Escrito por\" \/>\n\t<meta name=\"twitter:data1\" content=\"Algarve 7\" \/>\n\t<meta name=\"twitter:label2\" content=\"Tempo estimado de leitura\" \/>\n\t<meta name=\"twitter:data2\" content=\"4 minutos\" \/>\n<script type=\"application\/ld+json\" class=\"yoast-schema-graph\">{\"@context\":\"https:\\\/\\\/schema.org\",\"@graph\":[{\"@type\":\"Article\",\"@id\":\"https:\\\/\\\/algarve7.pt\\\/index.php\\\/2021\\\/03\\\/loule-participou-na-4-a-reuniao-internacional-do-projeto-europeu-sudoe-remas\\\/ambiente\\\/11\\\/57\\\/#article\",\"isPartOf\":{\"@id\":\"https:\\\/\\\/algarve7.pt\\\/index.php\\\/2021\\\/03\\\/loule-participou-na-4-a-reuniao-internacional-do-projeto-europeu-sudoe-remas\\\/ambiente\\\/11\\\/57\\\/\"},\"author\":{\"name\":\"Algarve 7\",\"@id\":\"https:\\\/\\\/algarve7.pt\\\/#\\\/schema\\\/person\\\/23fa70681308e7b319a3204bcea45e0c\"},\"headline\":\"Loul\u00e9 participou na 4.\u00aa reuni\u00e3o internacional do projeto europeu sudoe-remas\",\"datePublished\":\"2021-03-20T11:57:36+00:00\",\"dateModified\":\"2021-03-20T11:57:40+00:00\",\"mainEntityOfPage\":{\"@id\":\"https:\\\/\\\/algarve7.pt\\\/index.php\\\/2021\\\/03\\\/loule-participou-na-4-a-reuniao-internacional-do-projeto-europeu-sudoe-remas\\\/ambiente\\\/11\\\/57\\\/\"},\"wordCount\":901,\"publisher\":{\"@id\":\"https:\\\/\\\/algarve7.pt\\\/#organization\"},\"image\":{\"@id\":\"https:\\\/\\\/algarve7.pt\\\/index.php\\\/2021\\\/03\\\/loule-participou-na-4-a-reuniao-internacional-do-projeto-europeu-sudoe-remas\\\/ambiente\\\/11\\\/57\\\/#primaryimage\"},\"thumbnailUrl\":\"https:\\\/\\\/algarve7.pt\\\/wp-content\\\/uploads\\\/2021\\\/03\\\/Parcela-REMAS-CAldeirao3.jpg\",\"keywords\":[\"Algarve\",\"Ambiente\",\"Loul\u00e9\"],\"articleSection\":[\"Ambiente\"],\"inLanguage\":\"pt-PT\"},{\"@type\":\"WebPage\",\"@id\":\"https:\\\/\\\/algarve7.pt\\\/index.php\\\/2021\\\/03\\\/loule-participou-na-4-a-reuniao-internacional-do-projeto-europeu-sudoe-remas\\\/ambiente\\\/11\\\/57\\\/\",\"url\":\"https:\\\/\\\/algarve7.pt\\\/index.php\\\/2021\\\/03\\\/loule-participou-na-4-a-reuniao-internacional-do-projeto-europeu-sudoe-remas\\\/ambiente\\\/11\\\/57\\\/\",\"name\":\"Loul\u00e9 participou na 4.\u00aa reuni\u00e3o internacional do projeto europeu sudoe-remas - Algarve 7\",\"isPartOf\":{\"@id\":\"https:\\\/\\\/algarve7.pt\\\/#website\"},\"primaryImageOfPage\":{\"@id\":\"https:\\\/\\\/algarve7.pt\\\/index.php\\\/2021\\\/03\\\/loule-participou-na-4-a-reuniao-internacional-do-projeto-europeu-sudoe-remas\\\/ambiente\\\/11\\\/57\\\/#primaryimage\"},\"image\":{\"@id\":\"https:\\\/\\\/algarve7.pt\\\/index.php\\\/2021\\\/03\\\/loule-participou-na-4-a-reuniao-internacional-do-projeto-europeu-sudoe-remas\\\/ambiente\\\/11\\\/57\\\/#primaryimage\"},\"thumbnailUrl\":\"https:\\\/\\\/algarve7.pt\\\/wp-content\\\/uploads\\\/2021\\\/03\\\/Parcela-REMAS-CAldeirao3.jpg\",\"datePublished\":\"2021-03-20T11:57:36+00:00\",\"dateModified\":\"2021-03-20T11:57:40+00:00\",\"description\":\"Foi debatida a gest\u00e3o do risco de emiss\u00f5es de gases com efeito de estufa em inc\u00eandios florestais\",\"breadcrumb\":{\"@id\":\"https:\\\/\\\/algarve7.pt\\\/index.php\\\/2021\\\/03\\\/loule-participou-na-4-a-reuniao-internacional-do-projeto-europeu-sudoe-remas\\\/ambiente\\\/11\\\/57\\\/#breadcrumb\"},\"inLanguage\":\"pt-PT\",\"potentialAction\":[{\"@type\":\"ReadAction\",\"target\":[\"https:\\\/\\\/algarve7.pt\\\/index.php\\\/2021\\\/03\\\/loule-participou-na-4-a-reuniao-internacional-do-projeto-europeu-sudoe-remas\\\/ambiente\\\/11\\\/57\\\/\"]}]},{\"@type\":\"ImageObject\",\"inLanguage\":\"pt-PT\",\"@id\":\"https:\\\/\\\/algarve7.pt\\\/index.php\\\/2021\\\/03\\\/loule-participou-na-4-a-reuniao-internacional-do-projeto-europeu-sudoe-remas\\\/ambiente\\\/11\\\/57\\\/#primaryimage\",\"url\":\"https:\\\/\\\/algarve7.pt\\\/wp-content\\\/uploads\\\/2021\\\/03\\\/Parcela-REMAS-CAldeirao3.jpg\",\"contentUrl\":\"https:\\\/\\\/algarve7.pt\\\/wp-content\\\/uploads\\\/2021\\\/03\\\/Parcela-REMAS-CAldeirao3.jpg\",\"width\":1920,\"height\":1440},{\"@type\":\"BreadcrumbList\",\"@id\":\"https:\\\/\\\/algarve7.pt\\\/index.php\\\/2021\\\/03\\\/loule-participou-na-4-a-reuniao-internacional-do-projeto-europeu-sudoe-remas\\\/ambiente\\\/11\\\/57\\\/#breadcrumb\",\"itemListElement\":[{\"@type\":\"ListItem\",\"position\":1,\"name\":\"In\u00edcio\",\"item\":\"https:\\\/\\\/algarve7.pt\\\/\"},{\"@type\":\"ListItem\",\"position\":2,\"name\":\"Loul\u00e9 participou na 4.\u00aa reuni\u00e3o internacional do projeto europeu sudoe-remas\"}]},{\"@type\":\"WebSite\",\"@id\":\"https:\\\/\\\/algarve7.pt\\\/#website\",\"url\":\"https:\\\/\\\/algarve7.pt\\\/\",\"name\":\"Algarve 7\",\"description\":\"Informa\u00e7\u00e3o sobre o Algarve\",\"publisher\":{\"@id\":\"https:\\\/\\\/algarve7.pt\\\/#organization\"},\"potentialAction\":[{\"@type\":\"SearchAction\",\"target\":{\"@type\":\"EntryPoint\",\"urlTemplate\":\"https:\\\/\\\/algarve7.pt\\\/?s={search_term_string}\"},\"query-input\":{\"@type\":\"PropertyValueSpecification\",\"valueRequired\":true,\"valueName\":\"search_term_string\"}}],\"inLanguage\":\"pt-PT\"},{\"@type\":\"Organization\",\"@id\":\"https:\\\/\\\/algarve7.pt\\\/#organization\",\"name\":\"Algarve 7\",\"url\":\"https:\\\/\\\/algarve7.pt\\\/\",\"logo\":{\"@type\":\"ImageObject\",\"inLanguage\":\"pt-PT\",\"@id\":\"https:\\\/\\\/algarve7.pt\\\/#\\\/schema\\\/logo\\\/image\\\/\",\"url\":\"https:\\\/\\\/algarve7.pt\\\/wp-content\\\/uploads\\\/2020\\\/10\\\/Logo-8.jpg\",\"contentUrl\":\"https:\\\/\\\/algarve7.pt\\\/wp-content\\\/uploads\\\/2020\\\/10\\\/Logo-8.jpg\",\"width\":1680,\"height\":1186,\"caption\":\"Algarve 7\"},\"image\":{\"@id\":\"https:\\\/\\\/algarve7.pt\\\/#\\\/schema\\\/logo\\\/image\\\/\"},\"sameAs\":[\"https:\\\/\\\/www.facebook.com\\\/algarve7\",\"https:\\\/\\\/x.com\\\/Algarvesete\",\"https:\\\/\\\/www.instagram.com\\\/jornalalgarve7\\\/\",\"https:\\\/\\\/www.linkedin.com\\\/company\\\/algarve7\",\"https:\\\/\\\/www.pinterest.pt\\\/geral0939\\\/_created\\\/\"]},{\"@type\":\"Person\",\"@id\":\"https:\\\/\\\/algarve7.pt\\\/#\\\/schema\\\/person\\\/23fa70681308e7b319a3204bcea45e0c\",\"name\":\"Algarve 7\",\"sameAs\":[\"https:\\\/\\\/algarve7.pt\",\"https:\\\/\\\/www.facebook.com\\\/algarve7\"],\"url\":\"https:\\\/\\\/algarve7.pt\\\/index.php\\\/author\\\/geralalgarve7-pt\\\/\"}]}<\/script>\n<!-- \/ Yoast SEO plugin. -->","yoast_head_json":{"title":"Loul\u00e9 participou na 4.\u00aa reuni\u00e3o internacional do projeto europeu sudoe-remas - Algarve 7","description":"Foi debatida a gest\u00e3o do risco de emiss\u00f5es de gases com efeito de estufa em inc\u00eandios florestais","robots":{"index":"index","follow":"follow","max-snippet":"max-snippet:-1","max-image-preview":"max-image-preview:large","max-video-preview":"max-video-preview:-1"},"canonical":"https:\/\/algarve7.pt\/index.php\/2021\/03\/loule-participou-na-4-a-reuniao-internacional-do-projeto-europeu-sudoe-remas\/ambiente\/11\/57\/","og_locale":"pt_PT","og_type":"article","og_title":"Loul\u00e9 participou na 4.\u00aa reuni\u00e3o internacional do projeto europeu sudoe-remas - Algarve 7","og_description":"Foi debatida a gest\u00e3o do risco de emiss\u00f5es de gases com efeito de estufa em inc\u00eandios florestais","og_url":"https:\/\/algarve7.pt\/index.php\/2021\/03\/loule-participou-na-4-a-reuniao-internacional-do-projeto-europeu-sudoe-remas\/ambiente\/11\/57\/","og_site_name":"Algarve 7","article_publisher":"https:\/\/www.facebook.com\/algarve7","article_author":"https:\/\/www.facebook.com\/algarve7","article_published_time":"2021-03-20T11:57:36+00:00","article_modified_time":"2021-03-20T11:57:40+00:00","og_image":[{"width":1920,"height":1440,"url":"https:\/\/algarve7.pt\/wp-content\/uploads\/2021\/03\/Parcela-REMAS-CAldeirao3.jpg","type":"image\/jpeg"}],"author":"Algarve 7","twitter_card":"summary_large_image","twitter_creator":"@Algarvesete","twitter_site":"@Algarvesete","twitter_misc":{"Escrito por":"Algarve 7","Tempo estimado de leitura":"4 minutos"},"schema":{"@context":"https:\/\/schema.org","@graph":[{"@type":"Article","@id":"https:\/\/algarve7.pt\/index.php\/2021\/03\/loule-participou-na-4-a-reuniao-internacional-do-projeto-europeu-sudoe-remas\/ambiente\/11\/57\/#article","isPartOf":{"@id":"https:\/\/algarve7.pt\/index.php\/2021\/03\/loule-participou-na-4-a-reuniao-internacional-do-projeto-europeu-sudoe-remas\/ambiente\/11\/57\/"},"author":{"name":"Algarve 7","@id":"https:\/\/algarve7.pt\/#\/schema\/person\/23fa70681308e7b319a3204bcea45e0c"},"headline":"Loul\u00e9 participou na 4.\u00aa reuni\u00e3o internacional do projeto europeu sudoe-remas","datePublished":"2021-03-20T11:57:36+00:00","dateModified":"2021-03-20T11:57:40+00:00","mainEntityOfPage":{"@id":"https:\/\/algarve7.pt\/index.php\/2021\/03\/loule-participou-na-4-a-reuniao-internacional-do-projeto-europeu-sudoe-remas\/ambiente\/11\/57\/"},"wordCount":901,"publisher":{"@id":"https:\/\/algarve7.pt\/#organization"},"image":{"@id":"https:\/\/algarve7.pt\/index.php\/2021\/03\/loule-participou-na-4-a-reuniao-internacional-do-projeto-europeu-sudoe-remas\/ambiente\/11\/57\/#primaryimage"},"thumbnailUrl":"https:\/\/algarve7.pt\/wp-content\/uploads\/2021\/03\/Parcela-REMAS-CAldeirao3.jpg","keywords":["Algarve","Ambiente","Loul\u00e9"],"articleSection":["Ambiente"],"inLanguage":"pt-PT"},{"@type":"WebPage","@id":"https:\/\/algarve7.pt\/index.php\/2021\/03\/loule-participou-na-4-a-reuniao-internacional-do-projeto-europeu-sudoe-remas\/ambiente\/11\/57\/","url":"https:\/\/algarve7.pt\/index.php\/2021\/03\/loule-participou-na-4-a-reuniao-internacional-do-projeto-europeu-sudoe-remas\/ambiente\/11\/57\/","name":"Loul\u00e9 participou na 4.\u00aa reuni\u00e3o internacional do projeto europeu sudoe-remas - Algarve 7","isPartOf":{"@id":"https:\/\/algarve7.pt\/#website"},"primaryImageOfPage":{"@id":"https:\/\/algarve7.pt\/index.php\/2021\/03\/loule-participou-na-4-a-reuniao-internacional-do-projeto-europeu-sudoe-remas\/ambiente\/11\/57\/#primaryimage"},"image":{"@id":"https:\/\/algarve7.pt\/index.php\/2021\/03\/loule-participou-na-4-a-reuniao-internacional-do-projeto-europeu-sudoe-remas\/ambiente\/11\/57\/#primaryimage"},"thumbnailUrl":"https:\/\/algarve7.pt\/wp-content\/uploads\/2021\/03\/Parcela-REMAS-CAldeirao3.jpg","datePublished":"2021-03-20T11:57:36+00:00","dateModified":"2021-03-20T11:57:40+00:00","description":"Foi debatida a gest\u00e3o do risco de emiss\u00f5es de gases com efeito de estufa em inc\u00eandios florestais","breadcrumb":{"@id":"https:\/\/algarve7.pt\/index.php\/2021\/03\/loule-participou-na-4-a-reuniao-internacional-do-projeto-europeu-sudoe-remas\/ambiente\/11\/57\/#breadcrumb"},"inLanguage":"pt-PT","potentialAction":[{"@type":"ReadAction","target":["https:\/\/algarve7.pt\/index.php\/2021\/03\/loule-participou-na-4-a-reuniao-internacional-do-projeto-europeu-sudoe-remas\/ambiente\/11\/57\/"]}]},{"@type":"ImageObject","inLanguage":"pt-PT","@id":"https:\/\/algarve7.pt\/index.php\/2021\/03\/loule-participou-na-4-a-reuniao-internacional-do-projeto-europeu-sudoe-remas\/ambiente\/11\/57\/#primaryimage","url":"https:\/\/algarve7.pt\/wp-content\/uploads\/2021\/03\/Parcela-REMAS-CAldeirao3.jpg","contentUrl":"https:\/\/algarve7.pt\/wp-content\/uploads\/2021\/03\/Parcela-REMAS-CAldeirao3.jpg","width":1920,"height":1440},{"@type":"BreadcrumbList","@id":"https:\/\/algarve7.pt\/index.php\/2021\/03\/loule-participou-na-4-a-reuniao-internacional-do-projeto-europeu-sudoe-remas\/ambiente\/11\/57\/#breadcrumb","itemListElement":[{"@type":"ListItem","position":1,"name":"In\u00edcio","item":"https:\/\/algarve7.pt\/"},{"@type":"ListItem","position":2,"name":"Loul\u00e9 participou na 4.\u00aa reuni\u00e3o internacional do projeto europeu sudoe-remas"}]},{"@type":"WebSite","@id":"https:\/\/algarve7.pt\/#website","url":"https:\/\/algarve7.pt\/","name":"Algarve 7","description":"Informa\u00e7\u00e3o sobre o Algarve","publisher":{"@id":"https:\/\/algarve7.pt\/#organization"},"potentialAction":[{"@type":"SearchAction","target":{"@type":"EntryPoint","urlTemplate":"https:\/\/algarve7.pt\/?s={search_term_string}"},"query-input":{"@type":"PropertyValueSpecification","valueRequired":true,"valueName":"search_term_string"}}],"inLanguage":"pt-PT"},{"@type":"Organization","@id":"https:\/\/algarve7.pt\/#organization","name":"Algarve 7","url":"https:\/\/algarve7.pt\/","logo":{"@type":"ImageObject","inLanguage":"pt-PT","@id":"https:\/\/algarve7.pt\/#\/schema\/logo\/image\/","url":"https:\/\/algarve7.pt\/wp-content\/uploads\/2020\/10\/Logo-8.jpg","contentUrl":"https:\/\/algarve7.pt\/wp-content\/uploads\/2020\/10\/Logo-8.jpg","width":1680,"height":1186,"caption":"Algarve 7"},"image":{"@id":"https:\/\/algarve7.pt\/#\/schema\/logo\/image\/"},"sameAs":["https:\/\/www.facebook.com\/algarve7","https:\/\/x.com\/Algarvesete","https:\/\/www.instagram.com\/jornalalgarve7\/","https:\/\/www.linkedin.com\/company\/algarve7","https:\/\/www.pinterest.pt\/geral0939\/_created\/"]},{"@type":"Person","@id":"https:\/\/algarve7.pt\/#\/schema\/person\/23fa70681308e7b319a3204bcea45e0c","name":"Algarve 7","sameAs":["https:\/\/algarve7.pt","https:\/\/www.facebook.com\/algarve7"],"url":"https:\/\/algarve7.pt\/index.php\/author\/geralalgarve7-pt\/"}]}},"jetpack_publicize_connections":[],"jetpack_featured_media_url":"https:\/\/algarve7.pt\/wp-content\/uploads\/2021\/03\/Parcela-REMAS-CAldeirao3.jpg","jetpack_shortlink":"https:\/\/wp.me\/pcezmW-1NS","jetpack_sharing_enabled":true,"_links":{"self":[{"href":"https:\/\/algarve7.pt\/index.php\/wp-json\/wp\/v2\/posts\/6936","targetHints":{"allow":["GET"]}}],"collection":[{"href":"https:\/\/algarve7.pt\/index.php\/wp-json\/wp\/v2\/posts"}],"about":[{"href":"https:\/\/algarve7.pt\/index.php\/wp-json\/wp\/v2\/types\/post"}],"author":[{"embeddable":true,"href":"https:\/\/algarve7.pt\/index.php\/wp-json\/wp\/v2\/users\/1"}],"replies":[{"embeddable":true,"href":"https:\/\/algarve7.pt\/index.php\/wp-json\/wp\/v2\/comments?post=6936"}],"version-history":[{"count":0,"href":"https:\/\/algarve7.pt\/index.php\/wp-json\/wp\/v2\/posts\/6936\/revisions"}],"wp:featuredmedia":[{"embeddable":true,"href":"https:\/\/algarve7.pt\/index.php\/wp-json\/wp\/v2\/media\/6937"}],"wp:attachment":[{"href":"https:\/\/algarve7.pt\/index.php\/wp-json\/wp\/v2\/media?parent=6936"}],"wp:term":[{"taxonomy":"category","embeddable":true,"href":"https:\/\/algarve7.pt\/index.php\/wp-json\/wp\/v2\/categories?post=6936"},{"taxonomy":"post_tag","embeddable":true,"href":"https:\/\/algarve7.pt\/index.php\/wp-json\/wp\/v2\/tags?post=6936"}],"curies":[{"name":"wp","href":"https:\/\/api.w.org\/{rel}","templated":true}]}}