{"id":6934,"date":"2021-03-20T09:45:41","date_gmt":"2021-03-20T09:45:41","guid":{"rendered":"https:\/\/algarve7.pt\/?p=6934"},"modified":"2021-03-20T09:45:49","modified_gmt":"2021-03-20T09:45:49","slug":"novo-estatuto-vai-acelerar-projetos-de-investimento-no-interior-do-pais","status":"publish","type":"post","link":"https:\/\/algarve7.pt\/index.php\/2021\/03\/novo-estatuto-vai-acelerar-projetos-de-investimento-no-interior-do-pais\/nacional\/09\/45\/","title":{"rendered":"Novo estatuto vai acelerar projetos de investimento no Interior do pa\u00eds"},"content":{"rendered":"\n<p>J\u00e1 \u00e9 poss\u00edvel apresentar candidatura ao estatuto de Projeto\u00a0de Investimento para o Interior (PII)\u00a0no\u00a0Portal <a href=\"https:\/\/eportugal.gov.pt\/empresas\/services\/balcaodoempreendedor\/Licenca.aspx?CodLicenca=3132\" target=\"_blank\" rel=\"noreferrer noopener\">de Servi\u00e7os P\u00fablicos\u00a0<em>ePortugal<\/em><\/a><\/p>\n\n\n\n<figure class=\"wp-block-table\"><table><tbody><tr><td>Com este estatuto, previsto no\u00a0<a href=\"https:\/\/www.portugal.gov.pt\/pt\/gc22\/governo\/programas-de-acao-governativa\/programa-de-valorizacao-do-interior.aspx\" target=\"_blank\" rel=\"noreferrer noopener\">Programa de Valoriza\u00e7\u00e3o do Interior<\/a>, os PII s\u00e3o abrangidos por um regime especial onde os procedimentos administrativos s\u00e3o acelerados e simplificados, de forma a possibilitar uma execu\u00e7\u00e3o e concretiza\u00e7\u00e3o mais<\/td><\/tr><tr><td>r\u00e1pida dos investimentos. Para al\u00e9m disso, os promotores beneficiam de um acompanhamento permanente e sistem\u00e1tico por parte da Comiss\u00e3o Permanente de Apoio ao Investidor (CPAI).Os PII v\u00e3o beneficiar, entre outros aspetos, de prazos mais curtos para pareceres da compet\u00eancia da Administra\u00e7\u00e3o central, um per\u00edodo \u00fanico de consulta p\u00fablica e pareceres t\u00e1citos positivos em diversos procedimentos.<\/td><\/tr><\/tbody><\/table><\/figure>\n\n\n\n<p>Podem candidatar-se a este estatuto projetos de investimento localizados nos territ\u00f3rios do Interior (definidos na\u00a0Portaria no <a href=\"https:\/\/dre.pt\/home\/-\/dre\/107684448\/details\/maximized\" target=\"_blank\" rel=\"noreferrer noopener\">218\/2017<\/a>) e que re\u00fanam os seguintes requisitos de elegibilidade:<\/p>\n\n\n\n<ul class=\"wp-block-list\"><li>Representem um investimento global de pelo menos 10 milh\u00f5es de euros;<\/li><li>Criem pelo menos 25 postos de trabalho diretos;<\/li><li>Tenham comprovada viabilidade econ\u00f3mica;<\/li><li>Sejam ambiental e territorialmente sustent\u00e1veis;<\/li><li>Apresentem um impacto positivo em pelo menos tr\u00eas dos seguintes dom\u00ednios:<ol><li>Aproveitamento dos recursos end\u00f3genos da regi\u00e3o em que se inserem;<\/li><li>Valoriza\u00e7\u00e3o do patrim\u00f3nio natural ou cultural da regi\u00e3o;<\/li><li>Enquadramento na estrat\u00e9gia de especializa\u00e7\u00e3o da regi\u00e3o;<\/li><li>Produ\u00e7\u00e3o de bens e servi\u00e7os transacion\u00e1veis inovadores que confiram uma vantagem competitiva no mercado global;<\/li><li>Utiliza\u00e7\u00e3o de processos tecnol\u00f3gicos inovadores ou desenvolvidos em colabora\u00e7\u00e3o com entidades do sistema cient\u00edfico e tecnol\u00f3gico regional (como universidades, polit\u00e9cnicos, centros de investiga\u00e7\u00e3o, entre outras);<\/li><\/ol><\/li><\/ul>\n\n\n\n<p>f. Intera\u00e7\u00e3o com outras atividades da regi\u00e3o, particularmente nas micro e pequenas empresas.<\/p>\n\n\n\n<p>Podem tamb\u00e9m ser reconhecidos como PII projetos de valor inferior a 10 milh\u00f5es de euros e criadores de menos de 25 postos de trabalho. \u00c9 o caso de projetos com Declara\u00e7\u00e3o de Reconhecimento do Interesse Municipal, com pelo menos 5% do volume de neg\u00f3cios dedicado a atividades de Investiga\u00e7\u00e3o e Desenvolvimento, com forte componente de inova\u00e7\u00e3o e introdu\u00e7\u00e3o de tecnologia nos processos, ou que sejam projetos de investimento da di\u00e1spora, entre outros.<\/p>\n","protected":false},"excerpt":{"rendered":"<p>J\u00e1 \u00e9 poss\u00edvel apresentar candidatura ao estatuto de Projeto\u00a0de Investimento para o Interior (PII)\u00a0no\u00a0Portal de Servi\u00e7os P\u00fablicos\u00a0ePortugal Com este estatuto,<\/p>\n","protected":false},"author":1,"featured_media":2265,"comment_status":"closed","ping_status":"open","sticky":false,"template":"","format":"standard","meta":{"colormag_page_container_layout":"default_layout","colormag_page_sidebar_layout":"default_layout","_monsterinsights_skip_tracking":false,"_monsterinsights_sitenote_active":false,"_monsterinsights_sitenote_note":"","_monsterinsights_sitenote_category":0,"jetpack_post_was_ever_published":false,"_jetpack_newsletter_access":"","_jetpack_dont_email_post_to_subs":false,"_jetpack_newsletter_tier_id":0,"_jetpack_memberships_contains_paywalled_content":false,"_jetpack_memberships_contains_paid_content":false,"footnotes":"","jetpack_publicize_message":"","jetpack_publicize_feature_enabled":true,"jetpack_social_post_already_shared":true,"jetpack_social_options":{"image_generator_settings":{"template":"highway","default_image_id":0,"font":"","enabled":false},"version":2}},"categories":[189],"tags":[153,98],"class_list":["post-6934","post","type-post","status-publish","format-standard","has-post-thumbnail","hentry","category-nacional","tag-economia","tag-nacional"],"yoast_head":"<!-- This site is optimized with the Yoast SEO plugin v27.5 - https:\/\/yoast.com\/product\/yoast-seo-wordpress\/ -->\n<title>Novo estatuto vai acelerar projetos de investimento no Interior do pa\u00eds - Algarve 7<\/title>\n<meta name=\"description\" content=\"Novo estatuto vai acelerar projetos de investimento no Interior do pa\u00eds Nacional\" \/>\n<meta name=\"robots\" content=\"index, follow, max-snippet:-1, max-image-preview:large, max-video-preview:-1\" \/>\n<link rel=\"canonical\" href=\"https:\/\/algarve7.pt\/index.php\/2021\/03\/novo-estatuto-vai-acelerar-projetos-de-investimento-no-interior-do-pais\/nacional\/09\/45\/\" \/>\n<meta property=\"og:locale\" content=\"pt_PT\" \/>\n<meta property=\"og:type\" content=\"article\" \/>\n<meta property=\"og:title\" content=\"Novo estatuto vai acelerar projetos de investimento no Interior do pa\u00eds - Algarve 7\" \/>\n<meta property=\"og:description\" content=\"Novo estatuto vai acelerar projetos de investimento no Interior do pa\u00eds Nacional\" \/>\n<meta property=\"og:url\" content=\"https:\/\/algarve7.pt\/index.php\/2021\/03\/novo-estatuto-vai-acelerar-projetos-de-investimento-no-interior-do-pais\/nacional\/09\/45\/\" \/>\n<meta property=\"og:site_name\" content=\"Algarve 7\" \/>\n<meta property=\"article:publisher\" content=\"https:\/\/www.facebook.com\/algarve7\" \/>\n<meta property=\"article:author\" content=\"https:\/\/www.facebook.com\/algarve7\" \/>\n<meta property=\"article:published_time\" content=\"2021-03-20T09:45:41+00:00\" \/>\n<meta property=\"article:modified_time\" content=\"2021-03-20T09:45:49+00:00\" \/>\n<meta property=\"og:image\" content=\"https:\/\/algarve7.pt\/wp-content\/uploads\/2020\/10\/i046742.jpg\" \/>\n\t<meta property=\"og:image:width\" content=\"1920\" \/>\n\t<meta property=\"og:image:height\" content=\"1280\" \/>\n\t<meta property=\"og:image:type\" content=\"image\/jpeg\" \/>\n<meta name=\"author\" content=\"Algarve 7\" \/>\n<meta name=\"twitter:card\" content=\"summary_large_image\" \/>\n<meta name=\"twitter:creator\" content=\"@Algarvesete\" \/>\n<meta name=\"twitter:site\" content=\"@Algarvesete\" \/>\n<meta name=\"twitter:label1\" content=\"Escrito por\" \/>\n\t<meta name=\"twitter:data1\" content=\"Algarve 7\" \/>\n\t<meta name=\"twitter:label2\" content=\"Tempo estimado de leitura\" \/>\n\t<meta name=\"twitter:data2\" content=\"2 minutos\" \/>\n<script type=\"application\/ld+json\" class=\"yoast-schema-graph\">{\"@context\":\"https:\\\/\\\/schema.org\",\"@graph\":[{\"@type\":\"Article\",\"@id\":\"https:\\\/\\\/algarve7.pt\\\/index.php\\\/2021\\\/03\\\/novo-estatuto-vai-acelerar-projetos-de-investimento-no-interior-do-pais\\\/nacional\\\/09\\\/45\\\/#article\",\"isPartOf\":{\"@id\":\"https:\\\/\\\/algarve7.pt\\\/index.php\\\/2021\\\/03\\\/novo-estatuto-vai-acelerar-projetos-de-investimento-no-interior-do-pais\\\/nacional\\\/09\\\/45\\\/\"},\"author\":{\"name\":\"Algarve 7\",\"@id\":\"https:\\\/\\\/algarve7.pt\\\/#\\\/schema\\\/person\\\/23fa70681308e7b319a3204bcea45e0c\"},\"headline\":\"Novo estatuto vai acelerar projetos de investimento no Interior do pa\u00eds\",\"datePublished\":\"2021-03-20T09:45:41+00:00\",\"dateModified\":\"2021-03-20T09:45:49+00:00\",\"mainEntityOfPage\":{\"@id\":\"https:\\\/\\\/algarve7.pt\\\/index.php\\\/2021\\\/03\\\/novo-estatuto-vai-acelerar-projetos-de-investimento-no-interior-do-pais\\\/nacional\\\/09\\\/45\\\/\"},\"wordCount\":384,\"publisher\":{\"@id\":\"https:\\\/\\\/algarve7.pt\\\/#organization\"},\"image\":{\"@id\":\"https:\\\/\\\/algarve7.pt\\\/index.php\\\/2021\\\/03\\\/novo-estatuto-vai-acelerar-projetos-de-investimento-no-interior-do-pais\\\/nacional\\\/09\\\/45\\\/#primaryimage\"},\"thumbnailUrl\":\"https:\\\/\\\/algarve7.pt\\\/wp-content\\\/uploads\\\/2020\\\/10\\\/i046742.jpg\",\"keywords\":[\"Economia\",\"Nacional\"],\"articleSection\":[\"Nacional\"],\"inLanguage\":\"pt-PT\"},{\"@type\":\"WebPage\",\"@id\":\"https:\\\/\\\/algarve7.pt\\\/index.php\\\/2021\\\/03\\\/novo-estatuto-vai-acelerar-projetos-de-investimento-no-interior-do-pais\\\/nacional\\\/09\\\/45\\\/\",\"url\":\"https:\\\/\\\/algarve7.pt\\\/index.php\\\/2021\\\/03\\\/novo-estatuto-vai-acelerar-projetos-de-investimento-no-interior-do-pais\\\/nacional\\\/09\\\/45\\\/\",\"name\":\"Novo estatuto vai acelerar projetos de investimento no Interior do pa\u00eds - Algarve 7\",\"isPartOf\":{\"@id\":\"https:\\\/\\\/algarve7.pt\\\/#website\"},\"primaryImageOfPage\":{\"@id\":\"https:\\\/\\\/algarve7.pt\\\/index.php\\\/2021\\\/03\\\/novo-estatuto-vai-acelerar-projetos-de-investimento-no-interior-do-pais\\\/nacional\\\/09\\\/45\\\/#primaryimage\"},\"image\":{\"@id\":\"https:\\\/\\\/algarve7.pt\\\/index.php\\\/2021\\\/03\\\/novo-estatuto-vai-acelerar-projetos-de-investimento-no-interior-do-pais\\\/nacional\\\/09\\\/45\\\/#primaryimage\"},\"thumbnailUrl\":\"https:\\\/\\\/algarve7.pt\\\/wp-content\\\/uploads\\\/2020\\\/10\\\/i046742.jpg\",\"datePublished\":\"2021-03-20T09:45:41+00:00\",\"dateModified\":\"2021-03-20T09:45:49+00:00\",\"description\":\"Novo estatuto vai acelerar projetos de investimento no Interior do pa\u00eds Nacional\",\"breadcrumb\":{\"@id\":\"https:\\\/\\\/algarve7.pt\\\/index.php\\\/2021\\\/03\\\/novo-estatuto-vai-acelerar-projetos-de-investimento-no-interior-do-pais\\\/nacional\\\/09\\\/45\\\/#breadcrumb\"},\"inLanguage\":\"pt-PT\",\"potentialAction\":[{\"@type\":\"ReadAction\",\"target\":[\"https:\\\/\\\/algarve7.pt\\\/index.php\\\/2021\\\/03\\\/novo-estatuto-vai-acelerar-projetos-de-investimento-no-interior-do-pais\\\/nacional\\\/09\\\/45\\\/\"]}]},{\"@type\":\"ImageObject\",\"inLanguage\":\"pt-PT\",\"@id\":\"https:\\\/\\\/algarve7.pt\\\/index.php\\\/2021\\\/03\\\/novo-estatuto-vai-acelerar-projetos-de-investimento-no-interior-do-pais\\\/nacional\\\/09\\\/45\\\/#primaryimage\",\"url\":\"https:\\\/\\\/algarve7.pt\\\/wp-content\\\/uploads\\\/2020\\\/10\\\/i046742.jpg\",\"contentUrl\":\"https:\\\/\\\/algarve7.pt\\\/wp-content\\\/uploads\\\/2020\\\/10\\\/i046742.jpg\",\"width\":1920,\"height\":1280},{\"@type\":\"BreadcrumbList\",\"@id\":\"https:\\\/\\\/algarve7.pt\\\/index.php\\\/2021\\\/03\\\/novo-estatuto-vai-acelerar-projetos-de-investimento-no-interior-do-pais\\\/nacional\\\/09\\\/45\\\/#breadcrumb\",\"itemListElement\":[{\"@type\":\"ListItem\",\"position\":1,\"name\":\"In\u00edcio\",\"item\":\"https:\\\/\\\/algarve7.pt\\\/\"},{\"@type\":\"ListItem\",\"position\":2,\"name\":\"Novo estatuto vai acelerar projetos de investimento no Interior do pa\u00eds\"}]},{\"@type\":\"WebSite\",\"@id\":\"https:\\\/\\\/algarve7.pt\\\/#website\",\"url\":\"https:\\\/\\\/algarve7.pt\\\/\",\"name\":\"Algarve 7\",\"description\":\"Informa\u00e7\u00e3o sobre o Algarve\",\"publisher\":{\"@id\":\"https:\\\/\\\/algarve7.pt\\\/#organization\"},\"potentialAction\":[{\"@type\":\"SearchAction\",\"target\":{\"@type\":\"EntryPoint\",\"urlTemplate\":\"https:\\\/\\\/algarve7.pt\\\/?s={search_term_string}\"},\"query-input\":{\"@type\":\"PropertyValueSpecification\",\"valueRequired\":true,\"valueName\":\"search_term_string\"}}],\"inLanguage\":\"pt-PT\"},{\"@type\":\"Organization\",\"@id\":\"https:\\\/\\\/algarve7.pt\\\/#organization\",\"name\":\"Algarve 7\",\"url\":\"https:\\\/\\\/algarve7.pt\\\/\",\"logo\":{\"@type\":\"ImageObject\",\"inLanguage\":\"pt-PT\",\"@id\":\"https:\\\/\\\/algarve7.pt\\\/#\\\/schema\\\/logo\\\/image\\\/\",\"url\":\"https:\\\/\\\/algarve7.pt\\\/wp-content\\\/uploads\\\/2020\\\/10\\\/Logo-8.jpg\",\"contentUrl\":\"https:\\\/\\\/algarve7.pt\\\/wp-content\\\/uploads\\\/2020\\\/10\\\/Logo-8.jpg\",\"width\":1680,\"height\":1186,\"caption\":\"Algarve 7\"},\"image\":{\"@id\":\"https:\\\/\\\/algarve7.pt\\\/#\\\/schema\\\/logo\\\/image\\\/\"},\"sameAs\":[\"https:\\\/\\\/www.facebook.com\\\/algarve7\",\"https:\\\/\\\/x.com\\\/Algarvesete\",\"https:\\\/\\\/www.instagram.com\\\/jornalalgarve7\\\/\",\"https:\\\/\\\/www.linkedin.com\\\/company\\\/algarve7\",\"https:\\\/\\\/www.pinterest.pt\\\/geral0939\\\/_created\\\/\"]},{\"@type\":\"Person\",\"@id\":\"https:\\\/\\\/algarve7.pt\\\/#\\\/schema\\\/person\\\/23fa70681308e7b319a3204bcea45e0c\",\"name\":\"Algarve 7\",\"sameAs\":[\"https:\\\/\\\/algarve7.pt\",\"https:\\\/\\\/www.facebook.com\\\/algarve7\"],\"url\":\"https:\\\/\\\/algarve7.pt\\\/index.php\\\/author\\\/geralalgarve7-pt\\\/\"}]}<\/script>\n<!-- \/ Yoast SEO plugin. -->","yoast_head_json":{"title":"Novo estatuto vai acelerar projetos de investimento no Interior do pa\u00eds - Algarve 7","description":"Novo estatuto vai acelerar projetos de investimento no Interior do pa\u00eds Nacional","robots":{"index":"index","follow":"follow","max-snippet":"max-snippet:-1","max-image-preview":"max-image-preview:large","max-video-preview":"max-video-preview:-1"},"canonical":"https:\/\/algarve7.pt\/index.php\/2021\/03\/novo-estatuto-vai-acelerar-projetos-de-investimento-no-interior-do-pais\/nacional\/09\/45\/","og_locale":"pt_PT","og_type":"article","og_title":"Novo estatuto vai acelerar projetos de investimento no Interior do pa\u00eds - Algarve 7","og_description":"Novo estatuto vai acelerar projetos de investimento no Interior do pa\u00eds Nacional","og_url":"https:\/\/algarve7.pt\/index.php\/2021\/03\/novo-estatuto-vai-acelerar-projetos-de-investimento-no-interior-do-pais\/nacional\/09\/45\/","og_site_name":"Algarve 7","article_publisher":"https:\/\/www.facebook.com\/algarve7","article_author":"https:\/\/www.facebook.com\/algarve7","article_published_time":"2021-03-20T09:45:41+00:00","article_modified_time":"2021-03-20T09:45:49+00:00","og_image":[{"width":1920,"height":1280,"url":"https:\/\/algarve7.pt\/wp-content\/uploads\/2020\/10\/i046742.jpg","type":"image\/jpeg"}],"author":"Algarve 7","twitter_card":"summary_large_image","twitter_creator":"@Algarvesete","twitter_site":"@Algarvesete","twitter_misc":{"Escrito por":"Algarve 7","Tempo estimado de leitura":"2 minutos"},"schema":{"@context":"https:\/\/schema.org","@graph":[{"@type":"Article","@id":"https:\/\/algarve7.pt\/index.php\/2021\/03\/novo-estatuto-vai-acelerar-projetos-de-investimento-no-interior-do-pais\/nacional\/09\/45\/#article","isPartOf":{"@id":"https:\/\/algarve7.pt\/index.php\/2021\/03\/novo-estatuto-vai-acelerar-projetos-de-investimento-no-interior-do-pais\/nacional\/09\/45\/"},"author":{"name":"Algarve 7","@id":"https:\/\/algarve7.pt\/#\/schema\/person\/23fa70681308e7b319a3204bcea45e0c"},"headline":"Novo estatuto vai acelerar projetos de investimento no Interior do pa\u00eds","datePublished":"2021-03-20T09:45:41+00:00","dateModified":"2021-03-20T09:45:49+00:00","mainEntityOfPage":{"@id":"https:\/\/algarve7.pt\/index.php\/2021\/03\/novo-estatuto-vai-acelerar-projetos-de-investimento-no-interior-do-pais\/nacional\/09\/45\/"},"wordCount":384,"publisher":{"@id":"https:\/\/algarve7.pt\/#organization"},"image":{"@id":"https:\/\/algarve7.pt\/index.php\/2021\/03\/novo-estatuto-vai-acelerar-projetos-de-investimento-no-interior-do-pais\/nacional\/09\/45\/#primaryimage"},"thumbnailUrl":"https:\/\/algarve7.pt\/wp-content\/uploads\/2020\/10\/i046742.jpg","keywords":["Economia","Nacional"],"articleSection":["Nacional"],"inLanguage":"pt-PT"},{"@type":"WebPage","@id":"https:\/\/algarve7.pt\/index.php\/2021\/03\/novo-estatuto-vai-acelerar-projetos-de-investimento-no-interior-do-pais\/nacional\/09\/45\/","url":"https:\/\/algarve7.pt\/index.php\/2021\/03\/novo-estatuto-vai-acelerar-projetos-de-investimento-no-interior-do-pais\/nacional\/09\/45\/","name":"Novo estatuto vai acelerar projetos de investimento no Interior do pa\u00eds - Algarve 7","isPartOf":{"@id":"https:\/\/algarve7.pt\/#website"},"primaryImageOfPage":{"@id":"https:\/\/algarve7.pt\/index.php\/2021\/03\/novo-estatuto-vai-acelerar-projetos-de-investimento-no-interior-do-pais\/nacional\/09\/45\/#primaryimage"},"image":{"@id":"https:\/\/algarve7.pt\/index.php\/2021\/03\/novo-estatuto-vai-acelerar-projetos-de-investimento-no-interior-do-pais\/nacional\/09\/45\/#primaryimage"},"thumbnailUrl":"https:\/\/algarve7.pt\/wp-content\/uploads\/2020\/10\/i046742.jpg","datePublished":"2021-03-20T09:45:41+00:00","dateModified":"2021-03-20T09:45:49+00:00","description":"Novo estatuto vai acelerar projetos de investimento no Interior do pa\u00eds Nacional","breadcrumb":{"@id":"https:\/\/algarve7.pt\/index.php\/2021\/03\/novo-estatuto-vai-acelerar-projetos-de-investimento-no-interior-do-pais\/nacional\/09\/45\/#breadcrumb"},"inLanguage":"pt-PT","potentialAction":[{"@type":"ReadAction","target":["https:\/\/algarve7.pt\/index.php\/2021\/03\/novo-estatuto-vai-acelerar-projetos-de-investimento-no-interior-do-pais\/nacional\/09\/45\/"]}]},{"@type":"ImageObject","inLanguage":"pt-PT","@id":"https:\/\/algarve7.pt\/index.php\/2021\/03\/novo-estatuto-vai-acelerar-projetos-de-investimento-no-interior-do-pais\/nacional\/09\/45\/#primaryimage","url":"https:\/\/algarve7.pt\/wp-content\/uploads\/2020\/10\/i046742.jpg","contentUrl":"https:\/\/algarve7.pt\/wp-content\/uploads\/2020\/10\/i046742.jpg","width":1920,"height":1280},{"@type":"BreadcrumbList","@id":"https:\/\/algarve7.pt\/index.php\/2021\/03\/novo-estatuto-vai-acelerar-projetos-de-investimento-no-interior-do-pais\/nacional\/09\/45\/#breadcrumb","itemListElement":[{"@type":"ListItem","position":1,"name":"In\u00edcio","item":"https:\/\/algarve7.pt\/"},{"@type":"ListItem","position":2,"name":"Novo estatuto vai acelerar projetos de investimento no Interior do pa\u00eds"}]},{"@type":"WebSite","@id":"https:\/\/algarve7.pt\/#website","url":"https:\/\/algarve7.pt\/","name":"Algarve 7","description":"Informa\u00e7\u00e3o sobre o Algarve","publisher":{"@id":"https:\/\/algarve7.pt\/#organization"},"potentialAction":[{"@type":"SearchAction","target":{"@type":"EntryPoint","urlTemplate":"https:\/\/algarve7.pt\/?s={search_term_string}"},"query-input":{"@type":"PropertyValueSpecification","valueRequired":true,"valueName":"search_term_string"}}],"inLanguage":"pt-PT"},{"@type":"Organization","@id":"https:\/\/algarve7.pt\/#organization","name":"Algarve 7","url":"https:\/\/algarve7.pt\/","logo":{"@type":"ImageObject","inLanguage":"pt-PT","@id":"https:\/\/algarve7.pt\/#\/schema\/logo\/image\/","url":"https:\/\/algarve7.pt\/wp-content\/uploads\/2020\/10\/Logo-8.jpg","contentUrl":"https:\/\/algarve7.pt\/wp-content\/uploads\/2020\/10\/Logo-8.jpg","width":1680,"height":1186,"caption":"Algarve 7"},"image":{"@id":"https:\/\/algarve7.pt\/#\/schema\/logo\/image\/"},"sameAs":["https:\/\/www.facebook.com\/algarve7","https:\/\/x.com\/Algarvesete","https:\/\/www.instagram.com\/jornalalgarve7\/","https:\/\/www.linkedin.com\/company\/algarve7","https:\/\/www.pinterest.pt\/geral0939\/_created\/"]},{"@type":"Person","@id":"https:\/\/algarve7.pt\/#\/schema\/person\/23fa70681308e7b319a3204bcea45e0c","name":"Algarve 7","sameAs":["https:\/\/algarve7.pt","https:\/\/www.facebook.com\/algarve7"],"url":"https:\/\/algarve7.pt\/index.php\/author\/geralalgarve7-pt\/"}]}},"jetpack_publicize_connections":[],"jetpack_featured_media_url":"https:\/\/algarve7.pt\/wp-content\/uploads\/2020\/10\/i046742.jpg","jetpack_shortlink":"https:\/\/wp.me\/pcezmW-1NQ","jetpack_sharing_enabled":true,"_links":{"self":[{"href":"https:\/\/algarve7.pt\/index.php\/wp-json\/wp\/v2\/posts\/6934","targetHints":{"allow":["GET"]}}],"collection":[{"href":"https:\/\/algarve7.pt\/index.php\/wp-json\/wp\/v2\/posts"}],"about":[{"href":"https:\/\/algarve7.pt\/index.php\/wp-json\/wp\/v2\/types\/post"}],"author":[{"embeddable":true,"href":"https:\/\/algarve7.pt\/index.php\/wp-json\/wp\/v2\/users\/1"}],"replies":[{"embeddable":true,"href":"https:\/\/algarve7.pt\/index.php\/wp-json\/wp\/v2\/comments?post=6934"}],"version-history":[{"count":0,"href":"https:\/\/algarve7.pt\/index.php\/wp-json\/wp\/v2\/posts\/6934\/revisions"}],"wp:featuredmedia":[{"embeddable":true,"href":"https:\/\/algarve7.pt\/index.php\/wp-json\/wp\/v2\/media\/2265"}],"wp:attachment":[{"href":"https:\/\/algarve7.pt\/index.php\/wp-json\/wp\/v2\/media?parent=6934"}],"wp:term":[{"taxonomy":"category","embeddable":true,"href":"https:\/\/algarve7.pt\/index.php\/wp-json\/wp\/v2\/categories?post=6934"},{"taxonomy":"post_tag","embeddable":true,"href":"https:\/\/algarve7.pt\/index.php\/wp-json\/wp\/v2\/tags?post=6934"}],"curies":[{"name":"wp","href":"https:\/\/api.w.org\/{rel}","templated":true}]}}