{"id":6926,"date":"2021-03-20T09:15:06","date_gmt":"2021-03-20T09:15:06","guid":{"rendered":"https:\/\/algarve7.pt\/?p=6926"},"modified":"2021-03-20T09:15:10","modified_gmt":"2021-03-20T09:15:10","slug":"municipio-de-loule-participa-em-alianca-transnacional-para-combater-especies-invasoras-e-defender-paisagem-autoctone","status":"publish","type":"post","link":"https:\/\/algarve7.pt\/index.php\/2021\/03\/municipio-de-loule-participa-em-alianca-transnacional-para-combater-especies-invasoras-e-defender-paisagem-autoctone\/ambiente\/09\/15\/","title":{"rendered":"Munic\u00edpio de Loul\u00e9 participa em alian\u00e7a transnacional para combater esp\u00e9cies invasoras e defender paisagem aut\u00f3ctone"},"content":{"rendered":"\n<p>\u00c9 com o objetivo de defender a paisagem aut\u00f3ctone e a biodiversidade existente no concelho, mas tamb\u00e9m tendo presente as quest\u00f5es socioecon\u00f3micas inerentes, que a C\u00e2mara Municipal de Loul\u00e9 aderiu formalmente \u00e0 alian\u00e7a estrat\u00e9gica transnacional de luta contra a erva-das-pampas (<em>Cortaderia selloana<\/em>), no \u00e2mbito do projeto internacional LIFE + STOP CORTADERIA.<\/p>\n\n\n\n<p>A coloniza\u00e7\u00e3o por esta esp\u00e9cie ex\u00f3tica invasora, tamb\u00e9m conhecida por penachos ou plumas, est\u00e1 a gerar uma grave situa\u00e7\u00e3o neste territ\u00f3rio, visto tratar-se de uma esp\u00e9cie que d\u00e1 origem \u00e0 perda de qualidade da paisagem e da biodiversidade. A&nbsp;<em>Cortaderia selloana<\/em>&nbsp;substitui-se \u00e0 vegeta\u00e7\u00e3o aut\u00f3ctone, provoca perda de conectividade com a fauna e reduz a produtividade das pastagens naturais, bem como das florestas.<\/p>\n\n\n\n<p>A par das quest\u00f5es ambientais, esta esp\u00e9cie levanta tamb\u00e9m problemas de sa\u00fade p\u00fablica, j\u00e1 que provoca alergias na popula\u00e7\u00e3o, tendo ainda um impacto negativo para a economia local, uma vez que afeta o turismo por via da deteriora\u00e7\u00e3o das paisagens naturais, cujo combate exige uma gest\u00e3o que pressup\u00f5e um elevado custo econ\u00f3mico.<\/p>\n\n\n\n<p>Assim, a participa\u00e7\u00e3o neste&nbsp;projeto, coordenado pela Associa\u00e7\u00e3o Amica e do qual fazem parte como s\u00f3cios a AMPROS, SERCA, SEO\/BirdLife, C\u00e2mara Municipal de Vila Nova de Gaia e a Escola Superior Agr\u00e1ria do Instituto Polit\u00e9cnico de Coimbra, traduz-se \u201cnum importante passo para fazer face a esta problem\u00e1tica que, se nada for feito, poder\u00e1 tornar-se uma s\u00e9ria amea\u00e7a para o concelho de Loul\u00e9\u201d, avisam os t\u00e9cnicos na \u00e1rea do ambiente desta Autarquia.<\/p>\n\n\n\n<p>O compromisso assumido pela C\u00e2mara Municipal de Loul\u00e9 centra-se, desta forma, no objetivo comum, que une as v\u00e1rias entidades aderentes, de controlar a expans\u00e3o da esp\u00e9cie ex\u00f3tica invasora&nbsp;<em>Cortaderia selloana<\/em>nos territ\u00f3rios do Arco Atl\u00e2ntico.<\/p>\n\n\n\n<p>O Munic\u00edpio passar\u00e1 a incluir esta esp\u00e9cie no trabalho de sensibiliza\u00e7\u00e3o e controlo de esp\u00e9cies ex\u00f3ticas invasoras que tem desenvolvido, continuando a contribuir para concretizar a a\u00e7\u00e3o \u201cCombate a esp\u00e9cies ex\u00f3ticas e invasoras (e aumento da prote\u00e7\u00e3o da biodiversidade)\u201d, no \u00e2mbito das op\u00e7\u00f5es espec\u00edficas de adapta\u00e7\u00e3o \u00e0s altera\u00e7\u00f5es clim\u00e1ticas explanadas na sua Estrat\u00e9gia Municipal (EMAAC), com o objetivo de tornar o territ\u00f3rio concelhio mais resiliente.<\/p>\n\n\n\n<p>A Autarquia apela ao envolvimento da popula\u00e7\u00e3o neste projeto, solicitando a colabora\u00e7\u00e3o de todos para que, caso esta esp\u00e9cie seja avistada, seja feito o respetivo registo em&nbsp;<a href=\"https:\/\/cortaderia.cm-gaia.pt\/\" target=\"_blank\" rel=\"noreferrer noopener\"><em>https:\/\/cortaderia.cm-gaia.pt\/<\/em><\/a><em>&nbsp;<\/em>(se poss\u00edvel associando uma fotografia).<\/p>\n","protected":false},"excerpt":{"rendered":"<p>\u00c9 com o objetivo de defender a paisagem aut\u00f3ctone e a biodiversidade existente no concelho, mas tamb\u00e9m tendo presente as<\/p>\n","protected":false},"author":1,"featured_media":6927,"comment_status":"closed","ping_status":"open","sticky":false,"template":"","format":"standard","meta":{"colormag_page_container_layout":"default_layout","colormag_page_sidebar_layout":"default_layout","_monsterinsights_skip_tracking":false,"_monsterinsights_sitenote_active":false,"_monsterinsights_sitenote_note":"","_monsterinsights_sitenote_category":0,"jetpack_post_was_ever_published":false,"_jetpack_newsletter_access":"","_jetpack_dont_email_post_to_subs":false,"_jetpack_newsletter_tier_id":0,"_jetpack_memberships_contains_paywalled_content":false,"_jetpack_memberships_contains_paid_content":false,"footnotes":"","jetpack_publicize_message":"","jetpack_publicize_feature_enabled":true,"jetpack_social_post_already_shared":true,"jetpack_social_options":{"image_generator_settings":{"template":"highway","default_image_id":0,"font":"","enabled":false},"version":2}},"categories":[5],"tags":[36,32,31],"class_list":["post-6926","post","type-post","status-publish","format-standard","has-post-thumbnail","hentry","category-ambiente","tag-algarve","tag-ambiente","tag-loule"],"yoast_head":"<!-- This site is optimized with the Yoast SEO plugin v27.5 - https:\/\/yoast.com\/product\/yoast-seo-wordpress\/ -->\n<title>Munic\u00edpio de Loul\u00e9 participa em alian\u00e7a transnacional para combater esp\u00e9cies invasoras e defender paisagem aut\u00f3ctone - Algarve 7<\/title>\n<meta name=\"description\" content=\"Munic\u00edpio de Loul\u00e9 participa em alian\u00e7a transnacional para combater esp\u00e9cies invasoras e defender paisagem aut\u00f3ctone Ambiente\" \/>\n<meta name=\"robots\" content=\"index, follow, max-snippet:-1, max-image-preview:large, max-video-preview:-1\" \/>\n<link rel=\"canonical\" href=\"https:\/\/algarve7.pt\/index.php\/2021\/03\/municipio-de-loule-participa-em-alianca-transnacional-para-combater-especies-invasoras-e-defender-paisagem-autoctone\/ambiente\/09\/15\/\" \/>\n<meta property=\"og:locale\" content=\"pt_PT\" \/>\n<meta property=\"og:type\" content=\"article\" \/>\n<meta property=\"og:title\" content=\"Munic\u00edpio de Loul\u00e9 participa em alian\u00e7a transnacional para combater esp\u00e9cies invasoras e defender paisagem aut\u00f3ctone - Algarve 7\" \/>\n<meta property=\"og:description\" content=\"Munic\u00edpio de Loul\u00e9 participa em alian\u00e7a transnacional para combater esp\u00e9cies invasoras e defender paisagem aut\u00f3ctone Ambiente\" \/>\n<meta property=\"og:url\" content=\"https:\/\/algarve7.pt\/index.php\/2021\/03\/municipio-de-loule-participa-em-alianca-transnacional-para-combater-especies-invasoras-e-defender-paisagem-autoctone\/ambiente\/09\/15\/\" \/>\n<meta property=\"og:site_name\" content=\"Algarve 7\" \/>\n<meta property=\"article:publisher\" content=\"https:\/\/www.facebook.com\/algarve7\" \/>\n<meta property=\"article:author\" content=\"https:\/\/www.facebook.com\/algarve7\" \/>\n<meta property=\"article:published_time\" content=\"2021-03-20T09:15:06+00:00\" \/>\n<meta property=\"article:modified_time\" content=\"2021-03-20T09:15:10+00:00\" \/>\n<meta property=\"og:image\" content=\"https:\/\/algarve7.pt\/wp-content\/uploads\/2021\/03\/corteria-selloana-1.jpg\" \/>\n\t<meta property=\"og:image:width\" content=\"1920\" \/>\n\t<meta property=\"og:image:height\" content=\"1277\" \/>\n\t<meta property=\"og:image:type\" content=\"image\/jpeg\" \/>\n<meta name=\"author\" content=\"Algarve 7\" \/>\n<meta name=\"twitter:card\" content=\"summary_large_image\" \/>\n<meta name=\"twitter:creator\" content=\"@Algarvesete\" \/>\n<meta name=\"twitter:site\" content=\"@Algarvesete\" \/>\n<meta name=\"twitter:label1\" content=\"Escrito por\" \/>\n\t<meta name=\"twitter:data1\" content=\"Algarve 7\" \/>\n\t<meta name=\"twitter:label2\" content=\"Tempo estimado de leitura\" \/>\n\t<meta name=\"twitter:data2\" content=\"2 minutos\" \/>\n<script type=\"application\/ld+json\" class=\"yoast-schema-graph\">{\"@context\":\"https:\\\/\\\/schema.org\",\"@graph\":[{\"@type\":\"Article\",\"@id\":\"https:\\\/\\\/algarve7.pt\\\/index.php\\\/2021\\\/03\\\/municipio-de-loule-participa-em-alianca-transnacional-para-combater-especies-invasoras-e-defender-paisagem-autoctone\\\/ambiente\\\/09\\\/15\\\/#article\",\"isPartOf\":{\"@id\":\"https:\\\/\\\/algarve7.pt\\\/index.php\\\/2021\\\/03\\\/municipio-de-loule-participa-em-alianca-transnacional-para-combater-especies-invasoras-e-defender-paisagem-autoctone\\\/ambiente\\\/09\\\/15\\\/\"},\"author\":{\"name\":\"Algarve 7\",\"@id\":\"https:\\\/\\\/algarve7.pt\\\/#\\\/schema\\\/person\\\/23fa70681308e7b319a3204bcea45e0c\"},\"headline\":\"Munic\u00edpio de Loul\u00e9 participa em alian\u00e7a transnacional para combater esp\u00e9cies invasoras e defender paisagem aut\u00f3ctone\",\"datePublished\":\"2021-03-20T09:15:06+00:00\",\"dateModified\":\"2021-03-20T09:15:10+00:00\",\"mainEntityOfPage\":{\"@id\":\"https:\\\/\\\/algarve7.pt\\\/index.php\\\/2021\\\/03\\\/municipio-de-loule-participa-em-alianca-transnacional-para-combater-especies-invasoras-e-defender-paisagem-autoctone\\\/ambiente\\\/09\\\/15\\\/\"},\"wordCount\":456,\"publisher\":{\"@id\":\"https:\\\/\\\/algarve7.pt\\\/#organization\"},\"image\":{\"@id\":\"https:\\\/\\\/algarve7.pt\\\/index.php\\\/2021\\\/03\\\/municipio-de-loule-participa-em-alianca-transnacional-para-combater-especies-invasoras-e-defender-paisagem-autoctone\\\/ambiente\\\/09\\\/15\\\/#primaryimage\"},\"thumbnailUrl\":\"https:\\\/\\\/algarve7.pt\\\/wp-content\\\/uploads\\\/2021\\\/03\\\/corteria-selloana-1.jpg\",\"keywords\":[\"Algarve\",\"Ambiente\",\"Loul\u00e9\"],\"articleSection\":[\"Ambiente\"],\"inLanguage\":\"pt-PT\"},{\"@type\":\"WebPage\",\"@id\":\"https:\\\/\\\/algarve7.pt\\\/index.php\\\/2021\\\/03\\\/municipio-de-loule-participa-em-alianca-transnacional-para-combater-especies-invasoras-e-defender-paisagem-autoctone\\\/ambiente\\\/09\\\/15\\\/\",\"url\":\"https:\\\/\\\/algarve7.pt\\\/index.php\\\/2021\\\/03\\\/municipio-de-loule-participa-em-alianca-transnacional-para-combater-especies-invasoras-e-defender-paisagem-autoctone\\\/ambiente\\\/09\\\/15\\\/\",\"name\":\"Munic\u00edpio de Loul\u00e9 participa em alian\u00e7a transnacional para combater esp\u00e9cies invasoras e defender paisagem aut\u00f3ctone - Algarve 7\",\"isPartOf\":{\"@id\":\"https:\\\/\\\/algarve7.pt\\\/#website\"},\"primaryImageOfPage\":{\"@id\":\"https:\\\/\\\/algarve7.pt\\\/index.php\\\/2021\\\/03\\\/municipio-de-loule-participa-em-alianca-transnacional-para-combater-especies-invasoras-e-defender-paisagem-autoctone\\\/ambiente\\\/09\\\/15\\\/#primaryimage\"},\"image\":{\"@id\":\"https:\\\/\\\/algarve7.pt\\\/index.php\\\/2021\\\/03\\\/municipio-de-loule-participa-em-alianca-transnacional-para-combater-especies-invasoras-e-defender-paisagem-autoctone\\\/ambiente\\\/09\\\/15\\\/#primaryimage\"},\"thumbnailUrl\":\"https:\\\/\\\/algarve7.pt\\\/wp-content\\\/uploads\\\/2021\\\/03\\\/corteria-selloana-1.jpg\",\"datePublished\":\"2021-03-20T09:15:06+00:00\",\"dateModified\":\"2021-03-20T09:15:10+00:00\",\"description\":\"Munic\u00edpio de Loul\u00e9 participa em alian\u00e7a transnacional para combater esp\u00e9cies invasoras e defender paisagem aut\u00f3ctone Ambiente\",\"breadcrumb\":{\"@id\":\"https:\\\/\\\/algarve7.pt\\\/index.php\\\/2021\\\/03\\\/municipio-de-loule-participa-em-alianca-transnacional-para-combater-especies-invasoras-e-defender-paisagem-autoctone\\\/ambiente\\\/09\\\/15\\\/#breadcrumb\"},\"inLanguage\":\"pt-PT\",\"potentialAction\":[{\"@type\":\"ReadAction\",\"target\":[\"https:\\\/\\\/algarve7.pt\\\/index.php\\\/2021\\\/03\\\/municipio-de-loule-participa-em-alianca-transnacional-para-combater-especies-invasoras-e-defender-paisagem-autoctone\\\/ambiente\\\/09\\\/15\\\/\"]}]},{\"@type\":\"ImageObject\",\"inLanguage\":\"pt-PT\",\"@id\":\"https:\\\/\\\/algarve7.pt\\\/index.php\\\/2021\\\/03\\\/municipio-de-loule-participa-em-alianca-transnacional-para-combater-especies-invasoras-e-defender-paisagem-autoctone\\\/ambiente\\\/09\\\/15\\\/#primaryimage\",\"url\":\"https:\\\/\\\/algarve7.pt\\\/wp-content\\\/uploads\\\/2021\\\/03\\\/corteria-selloana-1.jpg\",\"contentUrl\":\"https:\\\/\\\/algarve7.pt\\\/wp-content\\\/uploads\\\/2021\\\/03\\\/corteria-selloana-1.jpg\",\"width\":1920,\"height\":1277},{\"@type\":\"BreadcrumbList\",\"@id\":\"https:\\\/\\\/algarve7.pt\\\/index.php\\\/2021\\\/03\\\/municipio-de-loule-participa-em-alianca-transnacional-para-combater-especies-invasoras-e-defender-paisagem-autoctone\\\/ambiente\\\/09\\\/15\\\/#breadcrumb\",\"itemListElement\":[{\"@type\":\"ListItem\",\"position\":1,\"name\":\"In\u00edcio\",\"item\":\"https:\\\/\\\/algarve7.pt\\\/\"},{\"@type\":\"ListItem\",\"position\":2,\"name\":\"Munic\u00edpio de Loul\u00e9 participa em alian\u00e7a transnacional para combater esp\u00e9cies invasoras e defender paisagem aut\u00f3ctone\"}]},{\"@type\":\"WebSite\",\"@id\":\"https:\\\/\\\/algarve7.pt\\\/#website\",\"url\":\"https:\\\/\\\/algarve7.pt\\\/\",\"name\":\"Algarve 7\",\"description\":\"Informa\u00e7\u00e3o sobre o Algarve\",\"publisher\":{\"@id\":\"https:\\\/\\\/algarve7.pt\\\/#organization\"},\"potentialAction\":[{\"@type\":\"SearchAction\",\"target\":{\"@type\":\"EntryPoint\",\"urlTemplate\":\"https:\\\/\\\/algarve7.pt\\\/?s={search_term_string}\"},\"query-input\":{\"@type\":\"PropertyValueSpecification\",\"valueRequired\":true,\"valueName\":\"search_term_string\"}}],\"inLanguage\":\"pt-PT\"},{\"@type\":\"Organization\",\"@id\":\"https:\\\/\\\/algarve7.pt\\\/#organization\",\"name\":\"Algarve 7\",\"url\":\"https:\\\/\\\/algarve7.pt\\\/\",\"logo\":{\"@type\":\"ImageObject\",\"inLanguage\":\"pt-PT\",\"@id\":\"https:\\\/\\\/algarve7.pt\\\/#\\\/schema\\\/logo\\\/image\\\/\",\"url\":\"https:\\\/\\\/algarve7.pt\\\/wp-content\\\/uploads\\\/2020\\\/10\\\/Logo-8.jpg\",\"contentUrl\":\"https:\\\/\\\/algarve7.pt\\\/wp-content\\\/uploads\\\/2020\\\/10\\\/Logo-8.jpg\",\"width\":1680,\"height\":1186,\"caption\":\"Algarve 7\"},\"image\":{\"@id\":\"https:\\\/\\\/algarve7.pt\\\/#\\\/schema\\\/logo\\\/image\\\/\"},\"sameAs\":[\"https:\\\/\\\/www.facebook.com\\\/algarve7\",\"https:\\\/\\\/x.com\\\/Algarvesete\",\"https:\\\/\\\/www.instagram.com\\\/jornalalgarve7\\\/\",\"https:\\\/\\\/www.linkedin.com\\\/company\\\/algarve7\",\"https:\\\/\\\/www.pinterest.pt\\\/geral0939\\\/_created\\\/\"]},{\"@type\":\"Person\",\"@id\":\"https:\\\/\\\/algarve7.pt\\\/#\\\/schema\\\/person\\\/23fa70681308e7b319a3204bcea45e0c\",\"name\":\"Algarve 7\",\"sameAs\":[\"https:\\\/\\\/algarve7.pt\",\"https:\\\/\\\/www.facebook.com\\\/algarve7\"],\"url\":\"https:\\\/\\\/algarve7.pt\\\/index.php\\\/author\\\/geralalgarve7-pt\\\/\"}]}<\/script>\n<!-- \/ Yoast SEO plugin. -->","yoast_head_json":{"title":"Munic\u00edpio de Loul\u00e9 participa em alian\u00e7a transnacional para combater esp\u00e9cies invasoras e defender paisagem aut\u00f3ctone - Algarve 7","description":"Munic\u00edpio de Loul\u00e9 participa em alian\u00e7a transnacional para combater esp\u00e9cies invasoras e defender paisagem aut\u00f3ctone Ambiente","robots":{"index":"index","follow":"follow","max-snippet":"max-snippet:-1","max-image-preview":"max-image-preview:large","max-video-preview":"max-video-preview:-1"},"canonical":"https:\/\/algarve7.pt\/index.php\/2021\/03\/municipio-de-loule-participa-em-alianca-transnacional-para-combater-especies-invasoras-e-defender-paisagem-autoctone\/ambiente\/09\/15\/","og_locale":"pt_PT","og_type":"article","og_title":"Munic\u00edpio de Loul\u00e9 participa em alian\u00e7a transnacional para combater esp\u00e9cies invasoras e defender paisagem aut\u00f3ctone - Algarve 7","og_description":"Munic\u00edpio de Loul\u00e9 participa em alian\u00e7a transnacional para combater esp\u00e9cies invasoras e defender paisagem aut\u00f3ctone Ambiente","og_url":"https:\/\/algarve7.pt\/index.php\/2021\/03\/municipio-de-loule-participa-em-alianca-transnacional-para-combater-especies-invasoras-e-defender-paisagem-autoctone\/ambiente\/09\/15\/","og_site_name":"Algarve 7","article_publisher":"https:\/\/www.facebook.com\/algarve7","article_author":"https:\/\/www.facebook.com\/algarve7","article_published_time":"2021-03-20T09:15:06+00:00","article_modified_time":"2021-03-20T09:15:10+00:00","og_image":[{"width":1920,"height":1277,"url":"https:\/\/algarve7.pt\/wp-content\/uploads\/2021\/03\/corteria-selloana-1.jpg","type":"image\/jpeg"}],"author":"Algarve 7","twitter_card":"summary_large_image","twitter_creator":"@Algarvesete","twitter_site":"@Algarvesete","twitter_misc":{"Escrito por":"Algarve 7","Tempo estimado de leitura":"2 minutos"},"schema":{"@context":"https:\/\/schema.org","@graph":[{"@type":"Article","@id":"https:\/\/algarve7.pt\/index.php\/2021\/03\/municipio-de-loule-participa-em-alianca-transnacional-para-combater-especies-invasoras-e-defender-paisagem-autoctone\/ambiente\/09\/15\/#article","isPartOf":{"@id":"https:\/\/algarve7.pt\/index.php\/2021\/03\/municipio-de-loule-participa-em-alianca-transnacional-para-combater-especies-invasoras-e-defender-paisagem-autoctone\/ambiente\/09\/15\/"},"author":{"name":"Algarve 7","@id":"https:\/\/algarve7.pt\/#\/schema\/person\/23fa70681308e7b319a3204bcea45e0c"},"headline":"Munic\u00edpio de Loul\u00e9 participa em alian\u00e7a transnacional para combater esp\u00e9cies invasoras e defender paisagem aut\u00f3ctone","datePublished":"2021-03-20T09:15:06+00:00","dateModified":"2021-03-20T09:15:10+00:00","mainEntityOfPage":{"@id":"https:\/\/algarve7.pt\/index.php\/2021\/03\/municipio-de-loule-participa-em-alianca-transnacional-para-combater-especies-invasoras-e-defender-paisagem-autoctone\/ambiente\/09\/15\/"},"wordCount":456,"publisher":{"@id":"https:\/\/algarve7.pt\/#organization"},"image":{"@id":"https:\/\/algarve7.pt\/index.php\/2021\/03\/municipio-de-loule-participa-em-alianca-transnacional-para-combater-especies-invasoras-e-defender-paisagem-autoctone\/ambiente\/09\/15\/#primaryimage"},"thumbnailUrl":"https:\/\/algarve7.pt\/wp-content\/uploads\/2021\/03\/corteria-selloana-1.jpg","keywords":["Algarve","Ambiente","Loul\u00e9"],"articleSection":["Ambiente"],"inLanguage":"pt-PT"},{"@type":"WebPage","@id":"https:\/\/algarve7.pt\/index.php\/2021\/03\/municipio-de-loule-participa-em-alianca-transnacional-para-combater-especies-invasoras-e-defender-paisagem-autoctone\/ambiente\/09\/15\/","url":"https:\/\/algarve7.pt\/index.php\/2021\/03\/municipio-de-loule-participa-em-alianca-transnacional-para-combater-especies-invasoras-e-defender-paisagem-autoctone\/ambiente\/09\/15\/","name":"Munic\u00edpio de Loul\u00e9 participa em alian\u00e7a transnacional para combater esp\u00e9cies invasoras e defender paisagem aut\u00f3ctone - Algarve 7","isPartOf":{"@id":"https:\/\/algarve7.pt\/#website"},"primaryImageOfPage":{"@id":"https:\/\/algarve7.pt\/index.php\/2021\/03\/municipio-de-loule-participa-em-alianca-transnacional-para-combater-especies-invasoras-e-defender-paisagem-autoctone\/ambiente\/09\/15\/#primaryimage"},"image":{"@id":"https:\/\/algarve7.pt\/index.php\/2021\/03\/municipio-de-loule-participa-em-alianca-transnacional-para-combater-especies-invasoras-e-defender-paisagem-autoctone\/ambiente\/09\/15\/#primaryimage"},"thumbnailUrl":"https:\/\/algarve7.pt\/wp-content\/uploads\/2021\/03\/corteria-selloana-1.jpg","datePublished":"2021-03-20T09:15:06+00:00","dateModified":"2021-03-20T09:15:10+00:00","description":"Munic\u00edpio de Loul\u00e9 participa em alian\u00e7a transnacional para combater esp\u00e9cies invasoras e defender paisagem aut\u00f3ctone Ambiente","breadcrumb":{"@id":"https:\/\/algarve7.pt\/index.php\/2021\/03\/municipio-de-loule-participa-em-alianca-transnacional-para-combater-especies-invasoras-e-defender-paisagem-autoctone\/ambiente\/09\/15\/#breadcrumb"},"inLanguage":"pt-PT","potentialAction":[{"@type":"ReadAction","target":["https:\/\/algarve7.pt\/index.php\/2021\/03\/municipio-de-loule-participa-em-alianca-transnacional-para-combater-especies-invasoras-e-defender-paisagem-autoctone\/ambiente\/09\/15\/"]}]},{"@type":"ImageObject","inLanguage":"pt-PT","@id":"https:\/\/algarve7.pt\/index.php\/2021\/03\/municipio-de-loule-participa-em-alianca-transnacional-para-combater-especies-invasoras-e-defender-paisagem-autoctone\/ambiente\/09\/15\/#primaryimage","url":"https:\/\/algarve7.pt\/wp-content\/uploads\/2021\/03\/corteria-selloana-1.jpg","contentUrl":"https:\/\/algarve7.pt\/wp-content\/uploads\/2021\/03\/corteria-selloana-1.jpg","width":1920,"height":1277},{"@type":"BreadcrumbList","@id":"https:\/\/algarve7.pt\/index.php\/2021\/03\/municipio-de-loule-participa-em-alianca-transnacional-para-combater-especies-invasoras-e-defender-paisagem-autoctone\/ambiente\/09\/15\/#breadcrumb","itemListElement":[{"@type":"ListItem","position":1,"name":"In\u00edcio","item":"https:\/\/algarve7.pt\/"},{"@type":"ListItem","position":2,"name":"Munic\u00edpio de Loul\u00e9 participa em alian\u00e7a transnacional para combater esp\u00e9cies invasoras e defender paisagem aut\u00f3ctone"}]},{"@type":"WebSite","@id":"https:\/\/algarve7.pt\/#website","url":"https:\/\/algarve7.pt\/","name":"Algarve 7","description":"Informa\u00e7\u00e3o sobre o Algarve","publisher":{"@id":"https:\/\/algarve7.pt\/#organization"},"potentialAction":[{"@type":"SearchAction","target":{"@type":"EntryPoint","urlTemplate":"https:\/\/algarve7.pt\/?s={search_term_string}"},"query-input":{"@type":"PropertyValueSpecification","valueRequired":true,"valueName":"search_term_string"}}],"inLanguage":"pt-PT"},{"@type":"Organization","@id":"https:\/\/algarve7.pt\/#organization","name":"Algarve 7","url":"https:\/\/algarve7.pt\/","logo":{"@type":"ImageObject","inLanguage":"pt-PT","@id":"https:\/\/algarve7.pt\/#\/schema\/logo\/image\/","url":"https:\/\/algarve7.pt\/wp-content\/uploads\/2020\/10\/Logo-8.jpg","contentUrl":"https:\/\/algarve7.pt\/wp-content\/uploads\/2020\/10\/Logo-8.jpg","width":1680,"height":1186,"caption":"Algarve 7"},"image":{"@id":"https:\/\/algarve7.pt\/#\/schema\/logo\/image\/"},"sameAs":["https:\/\/www.facebook.com\/algarve7","https:\/\/x.com\/Algarvesete","https:\/\/www.instagram.com\/jornalalgarve7\/","https:\/\/www.linkedin.com\/company\/algarve7","https:\/\/www.pinterest.pt\/geral0939\/_created\/"]},{"@type":"Person","@id":"https:\/\/algarve7.pt\/#\/schema\/person\/23fa70681308e7b319a3204bcea45e0c","name":"Algarve 7","sameAs":["https:\/\/algarve7.pt","https:\/\/www.facebook.com\/algarve7"],"url":"https:\/\/algarve7.pt\/index.php\/author\/geralalgarve7-pt\/"}]}},"jetpack_publicize_connections":[],"jetpack_featured_media_url":"https:\/\/algarve7.pt\/wp-content\/uploads\/2021\/03\/corteria-selloana-1.jpg","jetpack_shortlink":"https:\/\/wp.me\/pcezmW-1NI","jetpack_sharing_enabled":true,"_links":{"self":[{"href":"https:\/\/algarve7.pt\/index.php\/wp-json\/wp\/v2\/posts\/6926","targetHints":{"allow":["GET"]}}],"collection":[{"href":"https:\/\/algarve7.pt\/index.php\/wp-json\/wp\/v2\/posts"}],"about":[{"href":"https:\/\/algarve7.pt\/index.php\/wp-json\/wp\/v2\/types\/post"}],"author":[{"embeddable":true,"href":"https:\/\/algarve7.pt\/index.php\/wp-json\/wp\/v2\/users\/1"}],"replies":[{"embeddable":true,"href":"https:\/\/algarve7.pt\/index.php\/wp-json\/wp\/v2\/comments?post=6926"}],"version-history":[{"count":0,"href":"https:\/\/algarve7.pt\/index.php\/wp-json\/wp\/v2\/posts\/6926\/revisions"}],"wp:featuredmedia":[{"embeddable":true,"href":"https:\/\/algarve7.pt\/index.php\/wp-json\/wp\/v2\/media\/6927"}],"wp:attachment":[{"href":"https:\/\/algarve7.pt\/index.php\/wp-json\/wp\/v2\/media?parent=6926"}],"wp:term":[{"taxonomy":"category","embeddable":true,"href":"https:\/\/algarve7.pt\/index.php\/wp-json\/wp\/v2\/categories?post=6926"},{"taxonomy":"post_tag","embeddable":true,"href":"https:\/\/algarve7.pt\/index.php\/wp-json\/wp\/v2\/tags?post=6926"}],"curies":[{"name":"wp","href":"https:\/\/api.w.org\/{rel}","templated":true}]}}