{"id":6920,"date":"2021-03-19T18:45:00","date_gmt":"2021-03-19T18:45:00","guid":{"rendered":"https:\/\/algarve7.pt\/?p=6920"},"modified":"2021-03-19T17:41:23","modified_gmt":"2021-03-19T17:41:23","slug":"selecao-nacional-de-andebol-estagia-em-lagoa","status":"publish","type":"post","link":"https:\/\/algarve7.pt\/index.php\/2021\/03\/selecao-nacional-de-andebol-estagia-em-lagoa\/desporto\/18\/45\/","title":{"rendered":"Sele\u00e7\u00e3o Nacional de Andebol estagia em Lagoa"},"content":{"rendered":"\n<p>O Est\u00e1gio da Sele\u00e7\u00e3o Nacional Feminina de Sub-19 de Andebol decorreu em Lagoa, durante esta semana de 15 a 19 de mar\u00e7o de 2021<\/p>\n\n\n\n<p>Lagoa foi o local escolhido pela Federa\u00e7\u00e3o de Andebol de Portugal para a realiza\u00e7\u00e3o do est\u00e1gio&nbsp;de femininos Sub-19,&nbsp;sob o lema \u00abPreparando o Futuro -2021\u00bb.<\/p>\n\n\n\n<p>A sele\u00e7\u00e3o orientada por Ana Seabra concentrou-se durante estes dias num programa de trabalho que incluiu oito sess\u00f5es de treino e algumas horas de forma\u00e7\u00e3o da responsabilidade da pr\u00f3pria treinadora principal. Os treinadores adjuntos Sandro Gomes e Miguel Vasconcelos, o fisioterapeuta Celso Silva, o fisiologista Jo\u00e3o Mesquita e o&nbsp;<em>v\u00eddeo analyzer<\/em>&nbsp;Tiago Bernardes completam a equipa t\u00e9cnica que dirige este momento de prepara\u00e7\u00e3o desportiva.<\/p>\n\n\n\n<p>Entre as 22 atletas participantes, vindas de diferentes pontos do pa\u00eds, destaca-se a presen\u00e7a de duas Lagoenses, Helena Neto e Darlene Cruz, atletas do Lagoa Acad\u00e9mico Clube.<\/p>\n\n\n\n<p>Ana Seabra declarou que esta foi<em>&nbsp;<\/em>\u00abMais uma oportunidade de estarmos com as melhores atletas desta gera\u00e7\u00e3o, em que a maioria est\u00e1 j\u00e1 integrada em equipas seniores e a participar nos melhores campeonatos, porque, apesar da pandemia, a este n\u00edvel as equipas n\u00e3o deixaram de competir.\u00bb<\/p>\n\n\n\n<p>Por seu lado, o presidente da C\u00e2mara de Lagoa, Lu\u00eds Encarna\u00e7\u00e3o, congratulou-se com a escolha de Lagoa salientando: \u00abAs excelentes condi\u00e7\u00f5es naturais do territ\u00f3rio, a qualidade das instala\u00e7\u00f5es desportivas do concelho de Lagoa e o investimento do Munic\u00edpio na \u00e1rea do desporto, entendida como potenciador de desenvolvimento integrado, justificam a escolha do nosso concelho para a realiza\u00e7\u00e3o de est\u00e1gios, entre outros eventos desportivos. Somos procurados por v\u00e1rias modalidades, por diferentes n\u00edveis de competi\u00e7\u00e3o e de posicionamento desportivo, por pessoas e institui\u00e7\u00f5es de diversos pontos do pa\u00eds, da Europa e do mundo, o que muito nos orgulha.\u00bb<\/p>\n","protected":false},"excerpt":{"rendered":"<p>O Est\u00e1gio da Sele\u00e7\u00e3o Nacional Feminina de Sub-19 de Andebol decorreu em Lagoa, durante esta semana de 15 a 19<\/p>\n","protected":false},"author":1,"featured_media":6921,"comment_status":"closed","ping_status":"open","sticky":false,"template":"","format":"standard","meta":{"colormag_page_container_layout":"default_layout","colormag_page_sidebar_layout":"default_layout","_monsterinsights_skip_tracking":false,"_monsterinsights_sitenote_active":false,"_monsterinsights_sitenote_note":"","_monsterinsights_sitenote_category":0,"jetpack_post_was_ever_published":false,"_jetpack_newsletter_access":"","_jetpack_dont_email_post_to_subs":false,"_jetpack_newsletter_tier_id":0,"_jetpack_memberships_contains_paywalled_content":false,"_jetpack_memberships_contains_paid_content":false,"footnotes":"","jetpack_publicize_message":"","jetpack_publicize_feature_enabled":true,"jetpack_social_post_already_shared":true,"jetpack_social_options":{"image_generator_settings":{"template":"highway","default_image_id":0,"font":"","enabled":false},"version":2}},"categories":[15],"tags":[36,94,40,48],"class_list":["post-6920","post","type-post","status-publish","format-standard","has-post-thumbnail","hentry","category-desporto","tag-algarve","tag-andebol","tag-desporto","tag-lagoa"],"yoast_head":"<!-- This site is optimized with the Yoast SEO plugin v27.5 - https:\/\/yoast.com\/product\/yoast-seo-wordpress\/ -->\n<title>Sele\u00e7\u00e3o Nacional de Andebol estagia em Lagoa - Algarve 7<\/title>\n<meta name=\"description\" content=\"O Est\u00e1gio da Sele\u00e7\u00e3o Nacional Feminina de Sub-19 de Andebol decorreu em Lagoa, durante esta semana de 15 a 19 de mar\u00e7o de 2021\" \/>\n<meta name=\"robots\" content=\"index, follow, max-snippet:-1, max-image-preview:large, max-video-preview:-1\" \/>\n<link rel=\"canonical\" href=\"https:\/\/algarve7.pt\/index.php\/2021\/03\/selecao-nacional-de-andebol-estagia-em-lagoa\/desporto\/18\/45\/\" \/>\n<meta property=\"og:locale\" content=\"pt_PT\" \/>\n<meta property=\"og:type\" content=\"article\" \/>\n<meta property=\"og:title\" content=\"Sele\u00e7\u00e3o Nacional de Andebol estagia em Lagoa - Algarve 7\" \/>\n<meta property=\"og:description\" content=\"O Est\u00e1gio da Sele\u00e7\u00e3o Nacional Feminina de Sub-19 de Andebol decorreu em Lagoa, durante esta semana de 15 a 19 de mar\u00e7o de 2021\" \/>\n<meta property=\"og:url\" content=\"https:\/\/algarve7.pt\/index.php\/2021\/03\/selecao-nacional-de-andebol-estagia-em-lagoa\/desporto\/18\/45\/\" \/>\n<meta property=\"og:site_name\" content=\"Algarve 7\" \/>\n<meta property=\"article:publisher\" content=\"https:\/\/www.facebook.com\/algarve7\" \/>\n<meta property=\"article:author\" content=\"https:\/\/www.facebook.com\/algarve7\" \/>\n<meta property=\"article:published_time\" content=\"2021-03-19T18:45:00+00:00\" \/>\n<meta property=\"og:image\" content=\"https:\/\/algarve7.pt\/wp-content\/uploads\/2021\/03\/Andebol.jpg\" \/>\n\t<meta property=\"og:image:width\" content=\"1920\" \/>\n\t<meta property=\"og:image:height\" content=\"1002\" \/>\n\t<meta property=\"og:image:type\" content=\"image\/jpeg\" \/>\n<meta name=\"author\" content=\"Algarve 7\" \/>\n<meta name=\"twitter:card\" content=\"summary_large_image\" \/>\n<meta name=\"twitter:creator\" content=\"@Algarvesete\" \/>\n<meta name=\"twitter:site\" content=\"@Algarvesete\" \/>\n<meta name=\"twitter:label1\" content=\"Escrito por\" \/>\n\t<meta name=\"twitter:data1\" content=\"Algarve 7\" \/>\n\t<meta name=\"twitter:label2\" content=\"Tempo estimado de leitura\" \/>\n\t<meta name=\"twitter:data2\" content=\"2 minutos\" \/>\n<script type=\"application\/ld+json\" class=\"yoast-schema-graph\">{\"@context\":\"https:\\\/\\\/schema.org\",\"@graph\":[{\"@type\":\"Article\",\"@id\":\"https:\\\/\\\/algarve7.pt\\\/index.php\\\/2021\\\/03\\\/selecao-nacional-de-andebol-estagia-em-lagoa\\\/desporto\\\/18\\\/45\\\/#article\",\"isPartOf\":{\"@id\":\"https:\\\/\\\/algarve7.pt\\\/index.php\\\/2021\\\/03\\\/selecao-nacional-de-andebol-estagia-em-lagoa\\\/desporto\\\/18\\\/45\\\/\"},\"author\":{\"name\":\"Algarve 7\",\"@id\":\"https:\\\/\\\/algarve7.pt\\\/#\\\/schema\\\/person\\\/23fa70681308e7b319a3204bcea45e0c\"},\"headline\":\"Sele\u00e7\u00e3o Nacional de Andebol estagia em Lagoa\",\"datePublished\":\"2021-03-19T18:45:00+00:00\",\"mainEntityOfPage\":{\"@id\":\"https:\\\/\\\/algarve7.pt\\\/index.php\\\/2021\\\/03\\\/selecao-nacional-de-andebol-estagia-em-lagoa\\\/desporto\\\/18\\\/45\\\/\"},\"wordCount\":326,\"publisher\":{\"@id\":\"https:\\\/\\\/algarve7.pt\\\/#organization\"},\"image\":{\"@id\":\"https:\\\/\\\/algarve7.pt\\\/index.php\\\/2021\\\/03\\\/selecao-nacional-de-andebol-estagia-em-lagoa\\\/desporto\\\/18\\\/45\\\/#primaryimage\"},\"thumbnailUrl\":\"https:\\\/\\\/algarve7.pt\\\/wp-content\\\/uploads\\\/2021\\\/03\\\/Andebol.jpg\",\"keywords\":[\"Algarve\",\"Andebol\",\"Desporto\",\"Lagoa\"],\"articleSection\":[\"Desporto\"],\"inLanguage\":\"pt-PT\"},{\"@type\":\"WebPage\",\"@id\":\"https:\\\/\\\/algarve7.pt\\\/index.php\\\/2021\\\/03\\\/selecao-nacional-de-andebol-estagia-em-lagoa\\\/desporto\\\/18\\\/45\\\/\",\"url\":\"https:\\\/\\\/algarve7.pt\\\/index.php\\\/2021\\\/03\\\/selecao-nacional-de-andebol-estagia-em-lagoa\\\/desporto\\\/18\\\/45\\\/\",\"name\":\"Sele\u00e7\u00e3o Nacional de Andebol estagia em Lagoa - Algarve 7\",\"isPartOf\":{\"@id\":\"https:\\\/\\\/algarve7.pt\\\/#website\"},\"primaryImageOfPage\":{\"@id\":\"https:\\\/\\\/algarve7.pt\\\/index.php\\\/2021\\\/03\\\/selecao-nacional-de-andebol-estagia-em-lagoa\\\/desporto\\\/18\\\/45\\\/#primaryimage\"},\"image\":{\"@id\":\"https:\\\/\\\/algarve7.pt\\\/index.php\\\/2021\\\/03\\\/selecao-nacional-de-andebol-estagia-em-lagoa\\\/desporto\\\/18\\\/45\\\/#primaryimage\"},\"thumbnailUrl\":\"https:\\\/\\\/algarve7.pt\\\/wp-content\\\/uploads\\\/2021\\\/03\\\/Andebol.jpg\",\"datePublished\":\"2021-03-19T18:45:00+00:00\",\"description\":\"O Est\u00e1gio da Sele\u00e7\u00e3o Nacional Feminina de Sub-19 de Andebol decorreu em Lagoa, durante esta semana de 15 a 19 de mar\u00e7o de 2021\",\"breadcrumb\":{\"@id\":\"https:\\\/\\\/algarve7.pt\\\/index.php\\\/2021\\\/03\\\/selecao-nacional-de-andebol-estagia-em-lagoa\\\/desporto\\\/18\\\/45\\\/#breadcrumb\"},\"inLanguage\":\"pt-PT\",\"potentialAction\":[{\"@type\":\"ReadAction\",\"target\":[\"https:\\\/\\\/algarve7.pt\\\/index.php\\\/2021\\\/03\\\/selecao-nacional-de-andebol-estagia-em-lagoa\\\/desporto\\\/18\\\/45\\\/\"]}]},{\"@type\":\"ImageObject\",\"inLanguage\":\"pt-PT\",\"@id\":\"https:\\\/\\\/algarve7.pt\\\/index.php\\\/2021\\\/03\\\/selecao-nacional-de-andebol-estagia-em-lagoa\\\/desporto\\\/18\\\/45\\\/#primaryimage\",\"url\":\"https:\\\/\\\/algarve7.pt\\\/wp-content\\\/uploads\\\/2021\\\/03\\\/Andebol.jpg\",\"contentUrl\":\"https:\\\/\\\/algarve7.pt\\\/wp-content\\\/uploads\\\/2021\\\/03\\\/Andebol.jpg\",\"width\":1920,\"height\":1002},{\"@type\":\"BreadcrumbList\",\"@id\":\"https:\\\/\\\/algarve7.pt\\\/index.php\\\/2021\\\/03\\\/selecao-nacional-de-andebol-estagia-em-lagoa\\\/desporto\\\/18\\\/45\\\/#breadcrumb\",\"itemListElement\":[{\"@type\":\"ListItem\",\"position\":1,\"name\":\"In\u00edcio\",\"item\":\"https:\\\/\\\/algarve7.pt\\\/\"},{\"@type\":\"ListItem\",\"position\":2,\"name\":\"Sele\u00e7\u00e3o Nacional de Andebol estagia em Lagoa\"}]},{\"@type\":\"WebSite\",\"@id\":\"https:\\\/\\\/algarve7.pt\\\/#website\",\"url\":\"https:\\\/\\\/algarve7.pt\\\/\",\"name\":\"Algarve 7\",\"description\":\"Informa\u00e7\u00e3o sobre o Algarve\",\"publisher\":{\"@id\":\"https:\\\/\\\/algarve7.pt\\\/#organization\"},\"potentialAction\":[{\"@type\":\"SearchAction\",\"target\":{\"@type\":\"EntryPoint\",\"urlTemplate\":\"https:\\\/\\\/algarve7.pt\\\/?s={search_term_string}\"},\"query-input\":{\"@type\":\"PropertyValueSpecification\",\"valueRequired\":true,\"valueName\":\"search_term_string\"}}],\"inLanguage\":\"pt-PT\"},{\"@type\":\"Organization\",\"@id\":\"https:\\\/\\\/algarve7.pt\\\/#organization\",\"name\":\"Algarve 7\",\"url\":\"https:\\\/\\\/algarve7.pt\\\/\",\"logo\":{\"@type\":\"ImageObject\",\"inLanguage\":\"pt-PT\",\"@id\":\"https:\\\/\\\/algarve7.pt\\\/#\\\/schema\\\/logo\\\/image\\\/\",\"url\":\"https:\\\/\\\/algarve7.pt\\\/wp-content\\\/uploads\\\/2020\\\/10\\\/Logo-8.jpg\",\"contentUrl\":\"https:\\\/\\\/algarve7.pt\\\/wp-content\\\/uploads\\\/2020\\\/10\\\/Logo-8.jpg\",\"width\":1680,\"height\":1186,\"caption\":\"Algarve 7\"},\"image\":{\"@id\":\"https:\\\/\\\/algarve7.pt\\\/#\\\/schema\\\/logo\\\/image\\\/\"},\"sameAs\":[\"https:\\\/\\\/www.facebook.com\\\/algarve7\",\"https:\\\/\\\/x.com\\\/Algarvesete\",\"https:\\\/\\\/www.instagram.com\\\/jornalalgarve7\\\/\",\"https:\\\/\\\/www.linkedin.com\\\/company\\\/algarve7\",\"https:\\\/\\\/www.pinterest.pt\\\/geral0939\\\/_created\\\/\"]},{\"@type\":\"Person\",\"@id\":\"https:\\\/\\\/algarve7.pt\\\/#\\\/schema\\\/person\\\/23fa70681308e7b319a3204bcea45e0c\",\"name\":\"Algarve 7\",\"sameAs\":[\"https:\\\/\\\/algarve7.pt\",\"https:\\\/\\\/www.facebook.com\\\/algarve7\"],\"url\":\"https:\\\/\\\/algarve7.pt\\\/index.php\\\/author\\\/geralalgarve7-pt\\\/\"}]}<\/script>\n<!-- \/ Yoast SEO plugin. -->","yoast_head_json":{"title":"Sele\u00e7\u00e3o Nacional de Andebol estagia em Lagoa - Algarve 7","description":"O Est\u00e1gio da Sele\u00e7\u00e3o Nacional Feminina de Sub-19 de Andebol decorreu em Lagoa, durante esta semana de 15 a 19 de mar\u00e7o de 2021","robots":{"index":"index","follow":"follow","max-snippet":"max-snippet:-1","max-image-preview":"max-image-preview:large","max-video-preview":"max-video-preview:-1"},"canonical":"https:\/\/algarve7.pt\/index.php\/2021\/03\/selecao-nacional-de-andebol-estagia-em-lagoa\/desporto\/18\/45\/","og_locale":"pt_PT","og_type":"article","og_title":"Sele\u00e7\u00e3o Nacional de Andebol estagia em Lagoa - Algarve 7","og_description":"O Est\u00e1gio da Sele\u00e7\u00e3o Nacional Feminina de Sub-19 de Andebol decorreu em Lagoa, durante esta semana de 15 a 19 de mar\u00e7o de 2021","og_url":"https:\/\/algarve7.pt\/index.php\/2021\/03\/selecao-nacional-de-andebol-estagia-em-lagoa\/desporto\/18\/45\/","og_site_name":"Algarve 7","article_publisher":"https:\/\/www.facebook.com\/algarve7","article_author":"https:\/\/www.facebook.com\/algarve7","article_published_time":"2021-03-19T18:45:00+00:00","og_image":[{"width":1920,"height":1002,"url":"https:\/\/algarve7.pt\/wp-content\/uploads\/2021\/03\/Andebol.jpg","type":"image\/jpeg"}],"author":"Algarve 7","twitter_card":"summary_large_image","twitter_creator":"@Algarvesete","twitter_site":"@Algarvesete","twitter_misc":{"Escrito por":"Algarve 7","Tempo estimado de leitura":"2 minutos"},"schema":{"@context":"https:\/\/schema.org","@graph":[{"@type":"Article","@id":"https:\/\/algarve7.pt\/index.php\/2021\/03\/selecao-nacional-de-andebol-estagia-em-lagoa\/desporto\/18\/45\/#article","isPartOf":{"@id":"https:\/\/algarve7.pt\/index.php\/2021\/03\/selecao-nacional-de-andebol-estagia-em-lagoa\/desporto\/18\/45\/"},"author":{"name":"Algarve 7","@id":"https:\/\/algarve7.pt\/#\/schema\/person\/23fa70681308e7b319a3204bcea45e0c"},"headline":"Sele\u00e7\u00e3o Nacional de Andebol estagia em Lagoa","datePublished":"2021-03-19T18:45:00+00:00","mainEntityOfPage":{"@id":"https:\/\/algarve7.pt\/index.php\/2021\/03\/selecao-nacional-de-andebol-estagia-em-lagoa\/desporto\/18\/45\/"},"wordCount":326,"publisher":{"@id":"https:\/\/algarve7.pt\/#organization"},"image":{"@id":"https:\/\/algarve7.pt\/index.php\/2021\/03\/selecao-nacional-de-andebol-estagia-em-lagoa\/desporto\/18\/45\/#primaryimage"},"thumbnailUrl":"https:\/\/algarve7.pt\/wp-content\/uploads\/2021\/03\/Andebol.jpg","keywords":["Algarve","Andebol","Desporto","Lagoa"],"articleSection":["Desporto"],"inLanguage":"pt-PT"},{"@type":"WebPage","@id":"https:\/\/algarve7.pt\/index.php\/2021\/03\/selecao-nacional-de-andebol-estagia-em-lagoa\/desporto\/18\/45\/","url":"https:\/\/algarve7.pt\/index.php\/2021\/03\/selecao-nacional-de-andebol-estagia-em-lagoa\/desporto\/18\/45\/","name":"Sele\u00e7\u00e3o Nacional de Andebol estagia em Lagoa - Algarve 7","isPartOf":{"@id":"https:\/\/algarve7.pt\/#website"},"primaryImageOfPage":{"@id":"https:\/\/algarve7.pt\/index.php\/2021\/03\/selecao-nacional-de-andebol-estagia-em-lagoa\/desporto\/18\/45\/#primaryimage"},"image":{"@id":"https:\/\/algarve7.pt\/index.php\/2021\/03\/selecao-nacional-de-andebol-estagia-em-lagoa\/desporto\/18\/45\/#primaryimage"},"thumbnailUrl":"https:\/\/algarve7.pt\/wp-content\/uploads\/2021\/03\/Andebol.jpg","datePublished":"2021-03-19T18:45:00+00:00","description":"O Est\u00e1gio da Sele\u00e7\u00e3o Nacional Feminina de Sub-19 de Andebol decorreu em Lagoa, durante esta semana de 15 a 19 de mar\u00e7o de 2021","breadcrumb":{"@id":"https:\/\/algarve7.pt\/index.php\/2021\/03\/selecao-nacional-de-andebol-estagia-em-lagoa\/desporto\/18\/45\/#breadcrumb"},"inLanguage":"pt-PT","potentialAction":[{"@type":"ReadAction","target":["https:\/\/algarve7.pt\/index.php\/2021\/03\/selecao-nacional-de-andebol-estagia-em-lagoa\/desporto\/18\/45\/"]}]},{"@type":"ImageObject","inLanguage":"pt-PT","@id":"https:\/\/algarve7.pt\/index.php\/2021\/03\/selecao-nacional-de-andebol-estagia-em-lagoa\/desporto\/18\/45\/#primaryimage","url":"https:\/\/algarve7.pt\/wp-content\/uploads\/2021\/03\/Andebol.jpg","contentUrl":"https:\/\/algarve7.pt\/wp-content\/uploads\/2021\/03\/Andebol.jpg","width":1920,"height":1002},{"@type":"BreadcrumbList","@id":"https:\/\/algarve7.pt\/index.php\/2021\/03\/selecao-nacional-de-andebol-estagia-em-lagoa\/desporto\/18\/45\/#breadcrumb","itemListElement":[{"@type":"ListItem","position":1,"name":"In\u00edcio","item":"https:\/\/algarve7.pt\/"},{"@type":"ListItem","position":2,"name":"Sele\u00e7\u00e3o Nacional de Andebol estagia em Lagoa"}]},{"@type":"WebSite","@id":"https:\/\/algarve7.pt\/#website","url":"https:\/\/algarve7.pt\/","name":"Algarve 7","description":"Informa\u00e7\u00e3o sobre o Algarve","publisher":{"@id":"https:\/\/algarve7.pt\/#organization"},"potentialAction":[{"@type":"SearchAction","target":{"@type":"EntryPoint","urlTemplate":"https:\/\/algarve7.pt\/?s={search_term_string}"},"query-input":{"@type":"PropertyValueSpecification","valueRequired":true,"valueName":"search_term_string"}}],"inLanguage":"pt-PT"},{"@type":"Organization","@id":"https:\/\/algarve7.pt\/#organization","name":"Algarve 7","url":"https:\/\/algarve7.pt\/","logo":{"@type":"ImageObject","inLanguage":"pt-PT","@id":"https:\/\/algarve7.pt\/#\/schema\/logo\/image\/","url":"https:\/\/algarve7.pt\/wp-content\/uploads\/2020\/10\/Logo-8.jpg","contentUrl":"https:\/\/algarve7.pt\/wp-content\/uploads\/2020\/10\/Logo-8.jpg","width":1680,"height":1186,"caption":"Algarve 7"},"image":{"@id":"https:\/\/algarve7.pt\/#\/schema\/logo\/image\/"},"sameAs":["https:\/\/www.facebook.com\/algarve7","https:\/\/x.com\/Algarvesete","https:\/\/www.instagram.com\/jornalalgarve7\/","https:\/\/www.linkedin.com\/company\/algarve7","https:\/\/www.pinterest.pt\/geral0939\/_created\/"]},{"@type":"Person","@id":"https:\/\/algarve7.pt\/#\/schema\/person\/23fa70681308e7b319a3204bcea45e0c","name":"Algarve 7","sameAs":["https:\/\/algarve7.pt","https:\/\/www.facebook.com\/algarve7"],"url":"https:\/\/algarve7.pt\/index.php\/author\/geralalgarve7-pt\/"}]}},"jetpack_publicize_connections":[],"jetpack_featured_media_url":"https:\/\/algarve7.pt\/wp-content\/uploads\/2021\/03\/Andebol.jpg","jetpack_shortlink":"https:\/\/wp.me\/pcezmW-1NC","jetpack_sharing_enabled":true,"_links":{"self":[{"href":"https:\/\/algarve7.pt\/index.php\/wp-json\/wp\/v2\/posts\/6920","targetHints":{"allow":["GET"]}}],"collection":[{"href":"https:\/\/algarve7.pt\/index.php\/wp-json\/wp\/v2\/posts"}],"about":[{"href":"https:\/\/algarve7.pt\/index.php\/wp-json\/wp\/v2\/types\/post"}],"author":[{"embeddable":true,"href":"https:\/\/algarve7.pt\/index.php\/wp-json\/wp\/v2\/users\/1"}],"replies":[{"embeddable":true,"href":"https:\/\/algarve7.pt\/index.php\/wp-json\/wp\/v2\/comments?post=6920"}],"version-history":[{"count":0,"href":"https:\/\/algarve7.pt\/index.php\/wp-json\/wp\/v2\/posts\/6920\/revisions"}],"wp:featuredmedia":[{"embeddable":true,"href":"https:\/\/algarve7.pt\/index.php\/wp-json\/wp\/v2\/media\/6921"}],"wp:attachment":[{"href":"https:\/\/algarve7.pt\/index.php\/wp-json\/wp\/v2\/media?parent=6920"}],"wp:term":[{"taxonomy":"category","embeddable":true,"href":"https:\/\/algarve7.pt\/index.php\/wp-json\/wp\/v2\/categories?post=6920"},{"taxonomy":"post_tag","embeddable":true,"href":"https:\/\/algarve7.pt\/index.php\/wp-json\/wp\/v2\/tags?post=6920"}],"curies":[{"name":"wp","href":"https:\/\/api.w.org\/{rel}","templated":true}]}}