{"id":6861,"date":"2021-03-17T12:25:05","date_gmt":"2021-03-17T12:25:05","guid":{"rendered":"https:\/\/algarve7.pt\/?p=6861"},"modified":"2021-03-17T12:25:09","modified_gmt":"2021-03-17T12:25:09","slug":"aprovada-a-candidatura-da-freguesia-de-almancil-ao-programa-escolhas-8-a-geracao","status":"publish","type":"post","link":"https:\/\/algarve7.pt\/index.php\/2021\/03\/aprovada-a-candidatura-da-freguesia-de-almancil-ao-programa-escolhas-8-a-geracao\/atualidade\/12\/25\/","title":{"rendered":"Aprovada a candidatura da Freguesia de Almancil ao programa escolhas 8.\u00aa gera\u00e7\u00e3o"},"content":{"rendered":"\n<p>A Freguesia de Almancil viu aprovada a candidatura ao Programa Escolhas da 8.\u00aa gera\u00e7\u00e3o da qual \u00e9 a entidade promotora cabendo \u00e0 Associa\u00e7\u00e3o Doina\u00a0\u00a0a gest\u00e3o do programa e que se segue \u00e0s candidaturas bem sucedidas ao programa nas 6.\u00aa e 7.as gera\u00e7\u00f5es.\u00a0<\/p>\n\n\n\n<p>\u201c\u2026 ao abrigo do disposto nos n.\u00bas 1 e 10 do artigo 13\u00ba do Regulamento do Programa Escolhas, homologado pela Senhora Secret\u00e1ria de Estado para a integra\u00e7\u00e3o e as Migra\u00e7\u00f5es, por despacho de 10 de Dezembro de 2020, vimos pelo presente email informar V. Exas. que a candidatura que apresentaram ao Programa Escolhas&nbsp;<strong>foi aprovada<\/strong>, tendo-lhe sido atribu\u00edda a classifica\u00e7\u00e3o constante da lista anexa \u00e0 ata da reuni\u00e3o do j\u00fari para aprova\u00e7\u00e3o das candidaturas \u00e0 8\u00aa Gera\u00e7\u00e3o do Programa Escolhas, que junto se inclui em anexo, acompanhada do despacho do Senhor Vogal do Conselho Diretivo do Alto Comissariado para as Migra\u00e7\u00f5es, I.P\u2026 \u201c<\/p>\n\n\n\n<p><strong>O que \u00e9 o Programa Escolhas?<\/strong><\/p>\n\n\n\n<p>O Programa Escolhas tem como objetivos o combate \u00e0 discrimina\u00e7\u00e3o, o refor\u00e7o da coes\u00e3o social e a promo\u00e7\u00e3o de igualdade de oportunidades. Integrado no Alto Comissariado para as Migra\u00e7\u00f5es, tem como miss\u00e3o promover a inclus\u00e3o social de crian\u00e7as e jovens provenientes de contextos com vulnerabilidade socioecon\u00f3mica.&nbsp;<br>&nbsp;<br>O programa implementa medidas que promovem a educa\u00e7\u00e3o, a forma\u00e7\u00e3o e qualifica\u00e7\u00e3o, o emprego e empreendedorismo, bem como a dinamiza\u00e7\u00e3o comunit\u00e1ria, a participa\u00e7\u00e3o e a cidadania.<\/p>\n\n\n\n<p>&nbsp;<br>Com destaque para as \u00e1reas da preven\u00e7\u00e3o de delinqu\u00eancia juvenil, redu\u00e7\u00e3o do abandono escolar precoce e promo\u00e7\u00e3o do empreendedorismo respons\u00e1vel e inclusivo, o Programa Escolhas celebra este ano 20 anos de exist\u00eancia, com resultados demonstrados nas \u00e1reas do sucesso escolar, inova\u00e7\u00e3o, experimenta\u00e7\u00e3o e capacita\u00e7\u00e3o, reconhecido nacional e internacionalmente como boa pr\u00e1tica.<\/p>\n\n\n\n<p>Na Freguesia de Almancil, o Programa Escolhas&nbsp;<\/p>\n\n\n\n<p><strong>400 mil participantes<\/strong><\/p>\n\n\n\n<p><strong>Ao longo da sua exist\u00eancia o Programa Escolhas abrangeu uma totalidade de 650 projetos e cerca de 400 000 participantes.<\/strong>&nbsp;Na sua 7.\u00aa gera\u00e7\u00e3o, o Programa Escolhas contou com 103 projetos, abrangendo mais de 28 000 participantes, entre estes, 23 000 crian\u00e7as e jovens de contextos de vulnerabilidade socioecon\u00f3mica.<\/p>\n\n\n\n<p>Estes projetos s\u00e3o dinamizados em 68 munic\u00edpios do territ\u00f3rio nacional, mobilizando mais de 900 entidades, entre elas, munic\u00edpios, juntas de freguesia, agrupamentos de escolas, comiss\u00f5es de prote\u00e7\u00e3o de crian\u00e7as e jovens em risco, o Instituto do Emprego e Forma\u00e7\u00e3o Profissional (<a href=\"https:\/\/www.iefp.pt\/\" target=\"_blank\" rel=\"noreferrer noopener\"><strong>IEFP<\/strong><\/a>), associa\u00e7\u00f5es de imigrantes, e institui\u00e7\u00f5es particulares de solidariedade social.&nbsp;<\/p>\n","protected":false},"excerpt":{"rendered":"<p>A Freguesia de Almancil viu aprovada a candidatura ao Programa Escolhas da 8.\u00aa gera\u00e7\u00e3o da qual \u00e9 a entidade promotora<\/p>\n","protected":false},"author":1,"featured_media":6862,"comment_status":"closed","ping_status":"open","sticky":false,"template":"","format":"standard","meta":{"colormag_page_container_layout":"default_layout","colormag_page_sidebar_layout":"default_layout","_monsterinsights_skip_tracking":false,"_monsterinsights_sitenote_active":false,"_monsterinsights_sitenote_note":"","_monsterinsights_sitenote_category":0,"jetpack_post_was_ever_published":false,"_jetpack_newsletter_access":"","_jetpack_dont_email_post_to_subs":false,"_jetpack_newsletter_tier_id":0,"_jetpack_memberships_contains_paywalled_content":false,"_jetpack_memberships_contains_paid_content":false,"footnotes":"","jetpack_publicize_message":"","jetpack_publicize_feature_enabled":true,"jetpack_social_post_already_shared":true,"jetpack_social_options":{"image_generator_settings":{"template":"highway","default_image_id":0,"font":"","enabled":false},"version":2}},"categories":[11],"tags":[36,86,62,31],"class_list":["post-6861","post","type-post","status-publish","format-standard","has-post-thumbnail","hentry","category-atualidade","tag-algarve","tag-almancil","tag-atualidade","tag-loule"],"yoast_head":"<!-- This site is optimized with the Yoast SEO plugin v27.5 - https:\/\/yoast.com\/product\/yoast-seo-wordpress\/ -->\n<title>Aprovada a candidatura da Freguesia de Almancil ao programa escolhas 8.\u00aa gera\u00e7\u00e3o - Algarve 7<\/title>\n<meta name=\"description\" content=\"Aprovada a candidatura da Freguesia de Almancil ao programa escolhas 8.\u00aa gera\u00e7\u00e3o Atualidade\" \/>\n<meta name=\"robots\" content=\"index, follow, max-snippet:-1, max-image-preview:large, max-video-preview:-1\" \/>\n<link rel=\"canonical\" href=\"https:\/\/algarve7.pt\/index.php\/2021\/03\/aprovada-a-candidatura-da-freguesia-de-almancil-ao-programa-escolhas-8-a-geracao\/atualidade\/12\/25\/\" \/>\n<meta property=\"og:locale\" content=\"pt_PT\" \/>\n<meta property=\"og:type\" content=\"article\" \/>\n<meta property=\"og:title\" content=\"Aprovada a candidatura da Freguesia de Almancil ao programa escolhas 8.\u00aa gera\u00e7\u00e3o - Algarve 7\" \/>\n<meta property=\"og:description\" content=\"Aprovada a candidatura da Freguesia de Almancil ao programa escolhas 8.\u00aa gera\u00e7\u00e3o Atualidade\" \/>\n<meta property=\"og:url\" content=\"https:\/\/algarve7.pt\/index.php\/2021\/03\/aprovada-a-candidatura-da-freguesia-de-almancil-ao-programa-escolhas-8-a-geracao\/atualidade\/12\/25\/\" \/>\n<meta property=\"og:site_name\" content=\"Algarve 7\" \/>\n<meta property=\"article:publisher\" content=\"https:\/\/www.facebook.com\/algarve7\" \/>\n<meta property=\"article:author\" content=\"https:\/\/www.facebook.com\/algarve7\" \/>\n<meta property=\"article:published_time\" content=\"2021-03-17T12:25:05+00:00\" \/>\n<meta property=\"article:modified_time\" content=\"2021-03-17T12:25:09+00:00\" \/>\n<meta property=\"og:image\" content=\"https:\/\/algarve7.pt\/wp-content\/uploads\/2021\/03\/145956349_4214699025226926_6313015030785398455_o.jpg\" \/>\n\t<meta property=\"og:image:width\" content=\"2001\" \/>\n\t<meta property=\"og:image:height\" content=\"878\" \/>\n\t<meta property=\"og:image:type\" content=\"image\/jpeg\" \/>\n<meta name=\"author\" content=\"Algarve 7\" \/>\n<meta name=\"twitter:card\" content=\"summary_large_image\" \/>\n<meta name=\"twitter:creator\" content=\"@Algarvesete\" \/>\n<meta name=\"twitter:site\" content=\"@Algarvesete\" \/>\n<meta name=\"twitter:label1\" content=\"Escrito por\" \/>\n\t<meta name=\"twitter:data1\" content=\"Algarve 7\" \/>\n\t<meta name=\"twitter:label2\" content=\"Tempo estimado de leitura\" \/>\n\t<meta name=\"twitter:data2\" content=\"2 minutos\" \/>\n<script type=\"application\/ld+json\" class=\"yoast-schema-graph\">{\"@context\":\"https:\\\/\\\/schema.org\",\"@graph\":[{\"@type\":\"Article\",\"@id\":\"https:\\\/\\\/algarve7.pt\\\/index.php\\\/2021\\\/03\\\/aprovada-a-candidatura-da-freguesia-de-almancil-ao-programa-escolhas-8-a-geracao\\\/atualidade\\\/12\\\/25\\\/#article\",\"isPartOf\":{\"@id\":\"https:\\\/\\\/algarve7.pt\\\/index.php\\\/2021\\\/03\\\/aprovada-a-candidatura-da-freguesia-de-almancil-ao-programa-escolhas-8-a-geracao\\\/atualidade\\\/12\\\/25\\\/\"},\"author\":{\"name\":\"Algarve 7\",\"@id\":\"https:\\\/\\\/algarve7.pt\\\/#\\\/schema\\\/person\\\/23fa70681308e7b319a3204bcea45e0c\"},\"headline\":\"Aprovada a candidatura da Freguesia de Almancil ao programa escolhas 8.\u00aa gera\u00e7\u00e3o\",\"datePublished\":\"2021-03-17T12:25:05+00:00\",\"dateModified\":\"2021-03-17T12:25:09+00:00\",\"mainEntityOfPage\":{\"@id\":\"https:\\\/\\\/algarve7.pt\\\/index.php\\\/2021\\\/03\\\/aprovada-a-candidatura-da-freguesia-de-almancil-ao-programa-escolhas-8-a-geracao\\\/atualidade\\\/12\\\/25\\\/\"},\"wordCount\":429,\"publisher\":{\"@id\":\"https:\\\/\\\/algarve7.pt\\\/#organization\"},\"image\":{\"@id\":\"https:\\\/\\\/algarve7.pt\\\/index.php\\\/2021\\\/03\\\/aprovada-a-candidatura-da-freguesia-de-almancil-ao-programa-escolhas-8-a-geracao\\\/atualidade\\\/12\\\/25\\\/#primaryimage\"},\"thumbnailUrl\":\"https:\\\/\\\/algarve7.pt\\\/wp-content\\\/uploads\\\/2021\\\/03\\\/145956349_4214699025226926_6313015030785398455_o.jpg\",\"keywords\":[\"Algarve\",\"Almancil\",\"Atualidade\",\"Loul\u00e9\"],\"articleSection\":[\"Atualidade\"],\"inLanguage\":\"pt-PT\"},{\"@type\":\"WebPage\",\"@id\":\"https:\\\/\\\/algarve7.pt\\\/index.php\\\/2021\\\/03\\\/aprovada-a-candidatura-da-freguesia-de-almancil-ao-programa-escolhas-8-a-geracao\\\/atualidade\\\/12\\\/25\\\/\",\"url\":\"https:\\\/\\\/algarve7.pt\\\/index.php\\\/2021\\\/03\\\/aprovada-a-candidatura-da-freguesia-de-almancil-ao-programa-escolhas-8-a-geracao\\\/atualidade\\\/12\\\/25\\\/\",\"name\":\"Aprovada a candidatura da Freguesia de Almancil ao programa escolhas 8.\u00aa gera\u00e7\u00e3o - Algarve 7\",\"isPartOf\":{\"@id\":\"https:\\\/\\\/algarve7.pt\\\/#website\"},\"primaryImageOfPage\":{\"@id\":\"https:\\\/\\\/algarve7.pt\\\/index.php\\\/2021\\\/03\\\/aprovada-a-candidatura-da-freguesia-de-almancil-ao-programa-escolhas-8-a-geracao\\\/atualidade\\\/12\\\/25\\\/#primaryimage\"},\"image\":{\"@id\":\"https:\\\/\\\/algarve7.pt\\\/index.php\\\/2021\\\/03\\\/aprovada-a-candidatura-da-freguesia-de-almancil-ao-programa-escolhas-8-a-geracao\\\/atualidade\\\/12\\\/25\\\/#primaryimage\"},\"thumbnailUrl\":\"https:\\\/\\\/algarve7.pt\\\/wp-content\\\/uploads\\\/2021\\\/03\\\/145956349_4214699025226926_6313015030785398455_o.jpg\",\"datePublished\":\"2021-03-17T12:25:05+00:00\",\"dateModified\":\"2021-03-17T12:25:09+00:00\",\"description\":\"Aprovada a candidatura da Freguesia de Almancil ao programa escolhas 8.\u00aa gera\u00e7\u00e3o Atualidade\",\"breadcrumb\":{\"@id\":\"https:\\\/\\\/algarve7.pt\\\/index.php\\\/2021\\\/03\\\/aprovada-a-candidatura-da-freguesia-de-almancil-ao-programa-escolhas-8-a-geracao\\\/atualidade\\\/12\\\/25\\\/#breadcrumb\"},\"inLanguage\":\"pt-PT\",\"potentialAction\":[{\"@type\":\"ReadAction\",\"target\":[\"https:\\\/\\\/algarve7.pt\\\/index.php\\\/2021\\\/03\\\/aprovada-a-candidatura-da-freguesia-de-almancil-ao-programa-escolhas-8-a-geracao\\\/atualidade\\\/12\\\/25\\\/\"]}]},{\"@type\":\"ImageObject\",\"inLanguage\":\"pt-PT\",\"@id\":\"https:\\\/\\\/algarve7.pt\\\/index.php\\\/2021\\\/03\\\/aprovada-a-candidatura-da-freguesia-de-almancil-ao-programa-escolhas-8-a-geracao\\\/atualidade\\\/12\\\/25\\\/#primaryimage\",\"url\":\"https:\\\/\\\/algarve7.pt\\\/wp-content\\\/uploads\\\/2021\\\/03\\\/145956349_4214699025226926_6313015030785398455_o.jpg\",\"contentUrl\":\"https:\\\/\\\/algarve7.pt\\\/wp-content\\\/uploads\\\/2021\\\/03\\\/145956349_4214699025226926_6313015030785398455_o.jpg\",\"width\":2001,\"height\":878},{\"@type\":\"BreadcrumbList\",\"@id\":\"https:\\\/\\\/algarve7.pt\\\/index.php\\\/2021\\\/03\\\/aprovada-a-candidatura-da-freguesia-de-almancil-ao-programa-escolhas-8-a-geracao\\\/atualidade\\\/12\\\/25\\\/#breadcrumb\",\"itemListElement\":[{\"@type\":\"ListItem\",\"position\":1,\"name\":\"In\u00edcio\",\"item\":\"https:\\\/\\\/algarve7.pt\\\/\"},{\"@type\":\"ListItem\",\"position\":2,\"name\":\"Aprovada a candidatura da Freguesia de Almancil ao programa escolhas 8.\u00aa gera\u00e7\u00e3o\"}]},{\"@type\":\"WebSite\",\"@id\":\"https:\\\/\\\/algarve7.pt\\\/#website\",\"url\":\"https:\\\/\\\/algarve7.pt\\\/\",\"name\":\"Algarve 7\",\"description\":\"Informa\u00e7\u00e3o sobre o Algarve\",\"publisher\":{\"@id\":\"https:\\\/\\\/algarve7.pt\\\/#organization\"},\"potentialAction\":[{\"@type\":\"SearchAction\",\"target\":{\"@type\":\"EntryPoint\",\"urlTemplate\":\"https:\\\/\\\/algarve7.pt\\\/?s={search_term_string}\"},\"query-input\":{\"@type\":\"PropertyValueSpecification\",\"valueRequired\":true,\"valueName\":\"search_term_string\"}}],\"inLanguage\":\"pt-PT\"},{\"@type\":\"Organization\",\"@id\":\"https:\\\/\\\/algarve7.pt\\\/#organization\",\"name\":\"Algarve 7\",\"url\":\"https:\\\/\\\/algarve7.pt\\\/\",\"logo\":{\"@type\":\"ImageObject\",\"inLanguage\":\"pt-PT\",\"@id\":\"https:\\\/\\\/algarve7.pt\\\/#\\\/schema\\\/logo\\\/image\\\/\",\"url\":\"https:\\\/\\\/algarve7.pt\\\/wp-content\\\/uploads\\\/2020\\\/10\\\/Logo-8.jpg\",\"contentUrl\":\"https:\\\/\\\/algarve7.pt\\\/wp-content\\\/uploads\\\/2020\\\/10\\\/Logo-8.jpg\",\"width\":1680,\"height\":1186,\"caption\":\"Algarve 7\"},\"image\":{\"@id\":\"https:\\\/\\\/algarve7.pt\\\/#\\\/schema\\\/logo\\\/image\\\/\"},\"sameAs\":[\"https:\\\/\\\/www.facebook.com\\\/algarve7\",\"https:\\\/\\\/x.com\\\/Algarvesete\",\"https:\\\/\\\/www.instagram.com\\\/jornalalgarve7\\\/\",\"https:\\\/\\\/www.linkedin.com\\\/company\\\/algarve7\",\"https:\\\/\\\/www.pinterest.pt\\\/geral0939\\\/_created\\\/\"]},{\"@type\":\"Person\",\"@id\":\"https:\\\/\\\/algarve7.pt\\\/#\\\/schema\\\/person\\\/23fa70681308e7b319a3204bcea45e0c\",\"name\":\"Algarve 7\",\"sameAs\":[\"https:\\\/\\\/algarve7.pt\",\"https:\\\/\\\/www.facebook.com\\\/algarve7\"],\"url\":\"https:\\\/\\\/algarve7.pt\\\/index.php\\\/author\\\/geralalgarve7-pt\\\/\"}]}<\/script>\n<!-- \/ Yoast SEO plugin. -->","yoast_head_json":{"title":"Aprovada a candidatura da Freguesia de Almancil ao programa escolhas 8.\u00aa gera\u00e7\u00e3o - Algarve 7","description":"Aprovada a candidatura da Freguesia de Almancil ao programa escolhas 8.\u00aa gera\u00e7\u00e3o Atualidade","robots":{"index":"index","follow":"follow","max-snippet":"max-snippet:-1","max-image-preview":"max-image-preview:large","max-video-preview":"max-video-preview:-1"},"canonical":"https:\/\/algarve7.pt\/index.php\/2021\/03\/aprovada-a-candidatura-da-freguesia-de-almancil-ao-programa-escolhas-8-a-geracao\/atualidade\/12\/25\/","og_locale":"pt_PT","og_type":"article","og_title":"Aprovada a candidatura da Freguesia de Almancil ao programa escolhas 8.\u00aa gera\u00e7\u00e3o - Algarve 7","og_description":"Aprovada a candidatura da Freguesia de Almancil ao programa escolhas 8.\u00aa gera\u00e7\u00e3o Atualidade","og_url":"https:\/\/algarve7.pt\/index.php\/2021\/03\/aprovada-a-candidatura-da-freguesia-de-almancil-ao-programa-escolhas-8-a-geracao\/atualidade\/12\/25\/","og_site_name":"Algarve 7","article_publisher":"https:\/\/www.facebook.com\/algarve7","article_author":"https:\/\/www.facebook.com\/algarve7","article_published_time":"2021-03-17T12:25:05+00:00","article_modified_time":"2021-03-17T12:25:09+00:00","og_image":[{"width":2001,"height":878,"url":"https:\/\/algarve7.pt\/wp-content\/uploads\/2021\/03\/145956349_4214699025226926_6313015030785398455_o.jpg","type":"image\/jpeg"}],"author":"Algarve 7","twitter_card":"summary_large_image","twitter_creator":"@Algarvesete","twitter_site":"@Algarvesete","twitter_misc":{"Escrito por":"Algarve 7","Tempo estimado de leitura":"2 minutos"},"schema":{"@context":"https:\/\/schema.org","@graph":[{"@type":"Article","@id":"https:\/\/algarve7.pt\/index.php\/2021\/03\/aprovada-a-candidatura-da-freguesia-de-almancil-ao-programa-escolhas-8-a-geracao\/atualidade\/12\/25\/#article","isPartOf":{"@id":"https:\/\/algarve7.pt\/index.php\/2021\/03\/aprovada-a-candidatura-da-freguesia-de-almancil-ao-programa-escolhas-8-a-geracao\/atualidade\/12\/25\/"},"author":{"name":"Algarve 7","@id":"https:\/\/algarve7.pt\/#\/schema\/person\/23fa70681308e7b319a3204bcea45e0c"},"headline":"Aprovada a candidatura da Freguesia de Almancil ao programa escolhas 8.\u00aa gera\u00e7\u00e3o","datePublished":"2021-03-17T12:25:05+00:00","dateModified":"2021-03-17T12:25:09+00:00","mainEntityOfPage":{"@id":"https:\/\/algarve7.pt\/index.php\/2021\/03\/aprovada-a-candidatura-da-freguesia-de-almancil-ao-programa-escolhas-8-a-geracao\/atualidade\/12\/25\/"},"wordCount":429,"publisher":{"@id":"https:\/\/algarve7.pt\/#organization"},"image":{"@id":"https:\/\/algarve7.pt\/index.php\/2021\/03\/aprovada-a-candidatura-da-freguesia-de-almancil-ao-programa-escolhas-8-a-geracao\/atualidade\/12\/25\/#primaryimage"},"thumbnailUrl":"https:\/\/algarve7.pt\/wp-content\/uploads\/2021\/03\/145956349_4214699025226926_6313015030785398455_o.jpg","keywords":["Algarve","Almancil","Atualidade","Loul\u00e9"],"articleSection":["Atualidade"],"inLanguage":"pt-PT"},{"@type":"WebPage","@id":"https:\/\/algarve7.pt\/index.php\/2021\/03\/aprovada-a-candidatura-da-freguesia-de-almancil-ao-programa-escolhas-8-a-geracao\/atualidade\/12\/25\/","url":"https:\/\/algarve7.pt\/index.php\/2021\/03\/aprovada-a-candidatura-da-freguesia-de-almancil-ao-programa-escolhas-8-a-geracao\/atualidade\/12\/25\/","name":"Aprovada a candidatura da Freguesia de Almancil ao programa escolhas 8.\u00aa gera\u00e7\u00e3o - Algarve 7","isPartOf":{"@id":"https:\/\/algarve7.pt\/#website"},"primaryImageOfPage":{"@id":"https:\/\/algarve7.pt\/index.php\/2021\/03\/aprovada-a-candidatura-da-freguesia-de-almancil-ao-programa-escolhas-8-a-geracao\/atualidade\/12\/25\/#primaryimage"},"image":{"@id":"https:\/\/algarve7.pt\/index.php\/2021\/03\/aprovada-a-candidatura-da-freguesia-de-almancil-ao-programa-escolhas-8-a-geracao\/atualidade\/12\/25\/#primaryimage"},"thumbnailUrl":"https:\/\/algarve7.pt\/wp-content\/uploads\/2021\/03\/145956349_4214699025226926_6313015030785398455_o.jpg","datePublished":"2021-03-17T12:25:05+00:00","dateModified":"2021-03-17T12:25:09+00:00","description":"Aprovada a candidatura da Freguesia de Almancil ao programa escolhas 8.\u00aa gera\u00e7\u00e3o Atualidade","breadcrumb":{"@id":"https:\/\/algarve7.pt\/index.php\/2021\/03\/aprovada-a-candidatura-da-freguesia-de-almancil-ao-programa-escolhas-8-a-geracao\/atualidade\/12\/25\/#breadcrumb"},"inLanguage":"pt-PT","potentialAction":[{"@type":"ReadAction","target":["https:\/\/algarve7.pt\/index.php\/2021\/03\/aprovada-a-candidatura-da-freguesia-de-almancil-ao-programa-escolhas-8-a-geracao\/atualidade\/12\/25\/"]}]},{"@type":"ImageObject","inLanguage":"pt-PT","@id":"https:\/\/algarve7.pt\/index.php\/2021\/03\/aprovada-a-candidatura-da-freguesia-de-almancil-ao-programa-escolhas-8-a-geracao\/atualidade\/12\/25\/#primaryimage","url":"https:\/\/algarve7.pt\/wp-content\/uploads\/2021\/03\/145956349_4214699025226926_6313015030785398455_o.jpg","contentUrl":"https:\/\/algarve7.pt\/wp-content\/uploads\/2021\/03\/145956349_4214699025226926_6313015030785398455_o.jpg","width":2001,"height":878},{"@type":"BreadcrumbList","@id":"https:\/\/algarve7.pt\/index.php\/2021\/03\/aprovada-a-candidatura-da-freguesia-de-almancil-ao-programa-escolhas-8-a-geracao\/atualidade\/12\/25\/#breadcrumb","itemListElement":[{"@type":"ListItem","position":1,"name":"In\u00edcio","item":"https:\/\/algarve7.pt\/"},{"@type":"ListItem","position":2,"name":"Aprovada a candidatura da Freguesia de Almancil ao programa escolhas 8.\u00aa gera\u00e7\u00e3o"}]},{"@type":"WebSite","@id":"https:\/\/algarve7.pt\/#website","url":"https:\/\/algarve7.pt\/","name":"Algarve 7","description":"Informa\u00e7\u00e3o sobre o Algarve","publisher":{"@id":"https:\/\/algarve7.pt\/#organization"},"potentialAction":[{"@type":"SearchAction","target":{"@type":"EntryPoint","urlTemplate":"https:\/\/algarve7.pt\/?s={search_term_string}"},"query-input":{"@type":"PropertyValueSpecification","valueRequired":true,"valueName":"search_term_string"}}],"inLanguage":"pt-PT"},{"@type":"Organization","@id":"https:\/\/algarve7.pt\/#organization","name":"Algarve 7","url":"https:\/\/algarve7.pt\/","logo":{"@type":"ImageObject","inLanguage":"pt-PT","@id":"https:\/\/algarve7.pt\/#\/schema\/logo\/image\/","url":"https:\/\/algarve7.pt\/wp-content\/uploads\/2020\/10\/Logo-8.jpg","contentUrl":"https:\/\/algarve7.pt\/wp-content\/uploads\/2020\/10\/Logo-8.jpg","width":1680,"height":1186,"caption":"Algarve 7"},"image":{"@id":"https:\/\/algarve7.pt\/#\/schema\/logo\/image\/"},"sameAs":["https:\/\/www.facebook.com\/algarve7","https:\/\/x.com\/Algarvesete","https:\/\/www.instagram.com\/jornalalgarve7\/","https:\/\/www.linkedin.com\/company\/algarve7","https:\/\/www.pinterest.pt\/geral0939\/_created\/"]},{"@type":"Person","@id":"https:\/\/algarve7.pt\/#\/schema\/person\/23fa70681308e7b319a3204bcea45e0c","name":"Algarve 7","sameAs":["https:\/\/algarve7.pt","https:\/\/www.facebook.com\/algarve7"],"url":"https:\/\/algarve7.pt\/index.php\/author\/geralalgarve7-pt\/"}]}},"jetpack_publicize_connections":[],"jetpack_featured_media_url":"https:\/\/algarve7.pt\/wp-content\/uploads\/2021\/03\/145956349_4214699025226926_6313015030785398455_o.jpg","jetpack_shortlink":"https:\/\/wp.me\/pcezmW-1MF","jetpack_sharing_enabled":true,"_links":{"self":[{"href":"https:\/\/algarve7.pt\/index.php\/wp-json\/wp\/v2\/posts\/6861","targetHints":{"allow":["GET"]}}],"collection":[{"href":"https:\/\/algarve7.pt\/index.php\/wp-json\/wp\/v2\/posts"}],"about":[{"href":"https:\/\/algarve7.pt\/index.php\/wp-json\/wp\/v2\/types\/post"}],"author":[{"embeddable":true,"href":"https:\/\/algarve7.pt\/index.php\/wp-json\/wp\/v2\/users\/1"}],"replies":[{"embeddable":true,"href":"https:\/\/algarve7.pt\/index.php\/wp-json\/wp\/v2\/comments?post=6861"}],"version-history":[{"count":0,"href":"https:\/\/algarve7.pt\/index.php\/wp-json\/wp\/v2\/posts\/6861\/revisions"}],"wp:featuredmedia":[{"embeddable":true,"href":"https:\/\/algarve7.pt\/index.php\/wp-json\/wp\/v2\/media\/6862"}],"wp:attachment":[{"href":"https:\/\/algarve7.pt\/index.php\/wp-json\/wp\/v2\/media?parent=6861"}],"wp:term":[{"taxonomy":"category","embeddable":true,"href":"https:\/\/algarve7.pt\/index.php\/wp-json\/wp\/v2\/categories?post=6861"},{"taxonomy":"post_tag","embeddable":true,"href":"https:\/\/algarve7.pt\/index.php\/wp-json\/wp\/v2\/tags?post=6861"}],"curies":[{"name":"wp","href":"https:\/\/api.w.org\/{rel}","templated":true}]}}