{"id":6813,"date":"2021-03-16T13:02:08","date_gmt":"2021-03-16T13:02:08","guid":{"rendered":"https:\/\/algarve7.pt\/?p=6813"},"modified":"2021-03-16T14:18:32","modified_gmt":"2021-03-16T14:18:32","slug":"jovens-quarteirenses-criam-ferramentas-para-dinamizar-os-bairros-onde-vivem","status":"publish","type":"post","link":"https:\/\/algarve7.pt\/index.php\/2021\/03\/jovens-quarteirenses-criam-ferramentas-para-dinamizar-os-bairros-onde-vivem\/atualidade\/13\/02\/","title":{"rendered":"Jovens Quarteirenses criam ferramentas para dinamizar os bairros onde vivem"},"content":{"rendered":"\n<p>Decorreu, no passado dia 10 de mar\u00e7o, nas instala\u00e7\u00f5es do CALQ &#8211; Centro de Atividades L\u00fadicas de Quarteira, a primeira sess\u00e3o de apresenta\u00e7\u00e3o e forma\u00e7\u00e3o do Projeto \u201cQUARTEIRA DECIDE\u201d, projeto este, coordenado pela Associa\u00e7\u00e3o Oficina, em parceira com a Junta de Freguesia (JF) de Quarteira, a C\u00e2mara Municipal de Loul\u00e9 e a Associa\u00e7\u00e3o Akredita Em Ti.<\/p>\n\n\n\n<p>Nesta sess\u00e3o, foram apresentados os rostos dos jovens quarteirenses, tutores dos 3 bairros existentes na Freguesia de Quarteira (Abelheira\/Amendoeira, IGAPHE e Checul) e que ser\u00e3o os principais dinamizadores e coordenadores dentro das suas comunidades.<\/p>\n\n\n\n<p>Atrav\u00e9s de uma metodologia de Or\u00e7amento Participativo, estes bairros da freguesia, pela \u201cm\u00e3o\u201d dos seus jovens representantes, v\u00e3o poder decidir e implementar os projetos que consideram mais importantes e relevantes para a comunidade. Cada bairro ter\u00e1\u0301 um valor pr\u00f3prio e debatido e decidido entre os moradores.<\/p>\n\n\n\n<p>Para Telmo Pinto, Presidente da JF de Quarteira, o QUARTEIRA DECIDE \u00e9 um grande passo para o desenvolvimento e dinamiza\u00e7\u00e3o dos locais onde vivemos. \u00c9 mais uma etapa para uma Quarteira mais participativa, onde todos t\u00eam uma palavra a dizer. Estes jovens, com um papel assumidamente ativo, ir\u00e3o impulsionar os lugares onde vivem, que contam com d\u00e9cadas de hist\u00f3rias, e os enriquecer social e culturalmente, juntamente com os seus moradores.\u201d<\/p>\n\n\n\n<p>\u201cN\u00e3o podemos descurar o papel dos jovens enquanto agentes de transforma\u00e7\u00e3o da sociedade, pois, para al\u00e9m de terem um papel muito importante no futuro, t\u00eam ainda um grande destaque no presente, pois s\u00e3o respons\u00e1veis pelo incentivo aos adultos. Estes jovens s\u00e3o inovadores, s\u00e3o cidad\u00e3os atentos ao desenvolvimento da causa publica, est\u00e3o informados sobre acontecimentos pol\u00edticos e sociais e capazes de escolher entre as diversas alternativas. Dando-lhes estas oportunidades, criam-se formas de os incentivar \u00e0 participa\u00e7\u00e3o ativa na comunidade, intrinsecamente ligada ao exerc\u00edcio da cidadania. Este \u00e9 um passo para que esta gera\u00e7\u00e3o perceba, a import\u00e2ncia da democracia participativa e do seu importante papel nos dias de hoje. Sei que o empenho dos jovens quarteirenses e dos moradores dos seus respetivos bairros, vai dar frutos bastante produtivos e originais, pois o esp\u00edrito de uni\u00e3o, est\u00e1 cada vez mais presente na nossa freguesia!\u201d, afirma Telmo Pinto.<\/p>\n\n\n\n<p>Para Nelson Dias, da Associa\u00e7\u00e3o Oficina, respons\u00e1vel pelo projeto, \u201co QUARTEIRA DECIDE \u00e9 uma iniciativa \u00fanica no panorama nacional. O pa\u00eds tem uma vasta experi\u00eancia na dinamiza\u00e7\u00e3o de or\u00e7amentos participativos, desde o n\u00edvel local ao nacional. N\u00e3o foi, no entanto, testada at\u00e9 ao momento a implementa\u00e7\u00e3o deste tipo de processo em microterrit\u00f3rios, nomeadamente em bairros, em que a cada bairro se atribui um or\u00e7amento pr\u00f3prio, para que sejam as moradoras e os moradores a debater ideias e a decidir os projetos que querem implementar.<\/p>\n\n\n\n<p>O respons\u00e1vel pelo projeto, acrescenta, \u201coutra das particularidades destes or\u00e7amentos participativos \u00e9 que eles n\u00e3o foram pensados para financiar investimentos f\u00edsicos ou grandes obras no espa\u00e7o p\u00fablico. O objetivo \u00e9 apoiar atividades ou pequenas a\u00e7\u00f5es que sirvam para refor\u00e7ar o esp\u00edrito comunit\u00e1rio e a conviv\u00eancia, em locais muito marcados pela diversidade cultural e geracional e o fraco di\u00e1logo social. Talvez a mais interessante, \u00e9 que em cada bairro foram recrutados um tutor e uma tutora, com idades entre os 18 e os 23 anos, que ter\u00e3o a fun\u00e7\u00e3o de dinamizar os or\u00e7amentos participativos, informar, esclarecer, mobilizar e coordenar os encontros e a vota\u00e7\u00e3o dos projetos em cada bairro.&nbsp;<\/p>\n\n\n\n<p>Nelson Dias, destaca ainda, \u201ca execu\u00e7\u00e3o dos projetos tamb\u00e9m ficar\u00e1 a cargo da popula\u00e7\u00e3o. Ser\u00e1 criado um grupo, que contar\u00e1 com o apoio das tutoras e dos tutores, para decidir como ser\u00e3o implementados os projetos vencedores. Tudo isto vai acontecer ao longo de 2021, sendo uma excelente forma de refor\u00e7ar a coopera\u00e7\u00e3o, a entreajuda e a conviv\u00eancia depois de mais de ano de pandemia e de in\u00fameras restri\u00e7\u00f5es impostas \u00e0 vida em sociedade.\u201d<\/p>\n\n\n\n<div class=\"wp-block-columns is-layout-flex wp-container-core-columns-is-layout-28f84493 wp-block-columns-is-layout-flex\">\n<div class=\"wp-block-column is-layout-flow wp-block-column-is-layout-flow\" style=\"flex-basis:100%\">\n<div class=\"wp-block-group\"><div class=\"wp-block-group__inner-container is-layout-flow wp-block-group-is-layout-flow\">\n[Best_Wordpress_Gallery id=&#8221;58&#8243; gal_title=&#8221;Quarteira decide&#8221;]\n<\/div><\/div>\n<\/div>\n<\/div>\n","protected":false},"excerpt":{"rendered":"<p>Decorreu, no passado dia 10 de mar\u00e7o, nas instala\u00e7\u00f5es do CALQ &#8211; Centro de Atividades L\u00fadicas de Quarteira, a primeira<\/p>\n","protected":false},"author":1,"featured_media":6816,"comment_status":"closed","ping_status":"open","sticky":false,"template":"","format":"standard","meta":{"colormag_page_container_layout":"default_layout","colormag_page_sidebar_layout":"default_layout","_monsterinsights_skip_tracking":false,"_monsterinsights_sitenote_active":false,"_monsterinsights_sitenote_note":"","_monsterinsights_sitenote_category":0,"jetpack_post_was_ever_published":false,"_jetpack_newsletter_access":"","_jetpack_dont_email_post_to_subs":false,"_jetpack_newsletter_tier_id":0,"_jetpack_memberships_contains_paywalled_content":false,"_jetpack_memberships_contains_paid_content":false,"footnotes":"","jetpack_publicize_message":"","jetpack_publicize_feature_enabled":true,"jetpack_social_post_already_shared":true,"jetpack_social_options":{"image_generator_settings":{"template":"highway","default_image_id":0,"font":"","enabled":false},"version":2}},"categories":[11],"tags":[36,62,31,112],"class_list":["post-6813","post","type-post","status-publish","format-standard","has-post-thumbnail","hentry","category-atualidade","tag-algarve","tag-atualidade","tag-loule","tag-quarteira"],"yoast_head":"<!-- This site is optimized with the Yoast SEO plugin v27.4 - https:\/\/yoast.com\/product\/yoast-seo-wordpress\/ -->\n<title>Jovens Quarteirenses criam ferramentas para dinamizar os bairros onde vivem - Algarve 7<\/title>\n<meta name=\"description\" content=\"Jovens Quarteirenses criam ferramentas para dinamizar os bairros onde vivem Atualidade\" \/>\n<meta name=\"robots\" content=\"index, follow, max-snippet:-1, max-image-preview:large, max-video-preview:-1\" \/>\n<link rel=\"canonical\" href=\"https:\/\/algarve7.pt\/index.php\/2021\/03\/jovens-quarteirenses-criam-ferramentas-para-dinamizar-os-bairros-onde-vivem\/atualidade\/13\/02\/\" \/>\n<meta property=\"og:locale\" content=\"pt_PT\" \/>\n<meta property=\"og:type\" content=\"article\" \/>\n<meta property=\"og:title\" content=\"Jovens Quarteirenses criam ferramentas para dinamizar os bairros onde vivem - Algarve 7\" \/>\n<meta property=\"og:description\" content=\"Jovens Quarteirenses criam ferramentas para dinamizar os bairros onde vivem Atualidade\" \/>\n<meta property=\"og:url\" content=\"https:\/\/algarve7.pt\/index.php\/2021\/03\/jovens-quarteirenses-criam-ferramentas-para-dinamizar-os-bairros-onde-vivem\/atualidade\/13\/02\/\" \/>\n<meta property=\"og:site_name\" content=\"Algarve 7\" \/>\n<meta property=\"article:publisher\" content=\"https:\/\/www.facebook.com\/algarve7\" \/>\n<meta property=\"article:author\" content=\"https:\/\/www.facebook.com\/algarve7\" \/>\n<meta property=\"article:published_time\" content=\"2021-03-16T13:02:08+00:00\" \/>\n<meta property=\"article:modified_time\" content=\"2021-03-16T14:18:32+00:00\" \/>\n<meta property=\"og:image\" content=\"https:\/\/algarve7.pt\/wp-content\/uploads\/2021\/03\/Quarteira-Decide-10.jpeg\" \/>\n\t<meta property=\"og:image:width\" content=\"940\" \/>\n\t<meta property=\"og:image:height\" content=\"788\" \/>\n\t<meta property=\"og:image:type\" content=\"image\/jpeg\" \/>\n<meta name=\"author\" content=\"Algarve 7\" \/>\n<meta name=\"twitter:card\" content=\"summary_large_image\" \/>\n<meta name=\"twitter:creator\" content=\"@Algarvesete\" \/>\n<meta name=\"twitter:site\" content=\"@Algarvesete\" \/>\n<meta name=\"twitter:label1\" content=\"Escrito por\" \/>\n\t<meta name=\"twitter:data1\" content=\"Algarve 7\" \/>\n\t<meta name=\"twitter:label2\" content=\"Tempo estimado de leitura\" \/>\n\t<meta name=\"twitter:data2\" content=\"3 minutos\" \/>\n<script type=\"application\/ld+json\" class=\"yoast-schema-graph\">{\"@context\":\"https:\\\/\\\/schema.org\",\"@graph\":[{\"@type\":\"Article\",\"@id\":\"https:\\\/\\\/algarve7.pt\\\/index.php\\\/2021\\\/03\\\/jovens-quarteirenses-criam-ferramentas-para-dinamizar-os-bairros-onde-vivem\\\/atualidade\\\/13\\\/02\\\/#article\",\"isPartOf\":{\"@id\":\"https:\\\/\\\/algarve7.pt\\\/index.php\\\/2021\\\/03\\\/jovens-quarteirenses-criam-ferramentas-para-dinamizar-os-bairros-onde-vivem\\\/atualidade\\\/13\\\/02\\\/\"},\"author\":{\"name\":\"Algarve 7\",\"@id\":\"https:\\\/\\\/algarve7.pt\\\/#\\\/schema\\\/person\\\/23fa70681308e7b319a3204bcea45e0c\"},\"headline\":\"Jovens Quarteirenses criam ferramentas para dinamizar os bairros onde vivem\",\"datePublished\":\"2021-03-16T13:02:08+00:00\",\"dateModified\":\"2021-03-16T14:18:32+00:00\",\"mainEntityOfPage\":{\"@id\":\"https:\\\/\\\/algarve7.pt\\\/index.php\\\/2021\\\/03\\\/jovens-quarteirenses-criam-ferramentas-para-dinamizar-os-bairros-onde-vivem\\\/atualidade\\\/13\\\/02\\\/\"},\"wordCount\":696,\"publisher\":{\"@id\":\"https:\\\/\\\/algarve7.pt\\\/#organization\"},\"image\":{\"@id\":\"https:\\\/\\\/algarve7.pt\\\/index.php\\\/2021\\\/03\\\/jovens-quarteirenses-criam-ferramentas-para-dinamizar-os-bairros-onde-vivem\\\/atualidade\\\/13\\\/02\\\/#primaryimage\"},\"thumbnailUrl\":\"https:\\\/\\\/algarve7.pt\\\/wp-content\\\/uploads\\\/2021\\\/03\\\/Quarteira-Decide-10.jpeg\",\"keywords\":[\"Algarve\",\"Atualidade\",\"Loul\u00e9\",\"Quarteira\"],\"articleSection\":[\"Atualidade\"],\"inLanguage\":\"pt-PT\"},{\"@type\":\"WebPage\",\"@id\":\"https:\\\/\\\/algarve7.pt\\\/index.php\\\/2021\\\/03\\\/jovens-quarteirenses-criam-ferramentas-para-dinamizar-os-bairros-onde-vivem\\\/atualidade\\\/13\\\/02\\\/\",\"url\":\"https:\\\/\\\/algarve7.pt\\\/index.php\\\/2021\\\/03\\\/jovens-quarteirenses-criam-ferramentas-para-dinamizar-os-bairros-onde-vivem\\\/atualidade\\\/13\\\/02\\\/\",\"name\":\"Jovens Quarteirenses criam ferramentas para dinamizar os bairros onde vivem - Algarve 7\",\"isPartOf\":{\"@id\":\"https:\\\/\\\/algarve7.pt\\\/#website\"},\"primaryImageOfPage\":{\"@id\":\"https:\\\/\\\/algarve7.pt\\\/index.php\\\/2021\\\/03\\\/jovens-quarteirenses-criam-ferramentas-para-dinamizar-os-bairros-onde-vivem\\\/atualidade\\\/13\\\/02\\\/#primaryimage\"},\"image\":{\"@id\":\"https:\\\/\\\/algarve7.pt\\\/index.php\\\/2021\\\/03\\\/jovens-quarteirenses-criam-ferramentas-para-dinamizar-os-bairros-onde-vivem\\\/atualidade\\\/13\\\/02\\\/#primaryimage\"},\"thumbnailUrl\":\"https:\\\/\\\/algarve7.pt\\\/wp-content\\\/uploads\\\/2021\\\/03\\\/Quarteira-Decide-10.jpeg\",\"datePublished\":\"2021-03-16T13:02:08+00:00\",\"dateModified\":\"2021-03-16T14:18:32+00:00\",\"description\":\"Jovens Quarteirenses criam ferramentas para dinamizar os bairros onde vivem Atualidade\",\"breadcrumb\":{\"@id\":\"https:\\\/\\\/algarve7.pt\\\/index.php\\\/2021\\\/03\\\/jovens-quarteirenses-criam-ferramentas-para-dinamizar-os-bairros-onde-vivem\\\/atualidade\\\/13\\\/02\\\/#breadcrumb\"},\"inLanguage\":\"pt-PT\",\"potentialAction\":[{\"@type\":\"ReadAction\",\"target\":[\"https:\\\/\\\/algarve7.pt\\\/index.php\\\/2021\\\/03\\\/jovens-quarteirenses-criam-ferramentas-para-dinamizar-os-bairros-onde-vivem\\\/atualidade\\\/13\\\/02\\\/\"]}]},{\"@type\":\"ImageObject\",\"inLanguage\":\"pt-PT\",\"@id\":\"https:\\\/\\\/algarve7.pt\\\/index.php\\\/2021\\\/03\\\/jovens-quarteirenses-criam-ferramentas-para-dinamizar-os-bairros-onde-vivem\\\/atualidade\\\/13\\\/02\\\/#primaryimage\",\"url\":\"https:\\\/\\\/algarve7.pt\\\/wp-content\\\/uploads\\\/2021\\\/03\\\/Quarteira-Decide-10.jpeg\",\"contentUrl\":\"https:\\\/\\\/algarve7.pt\\\/wp-content\\\/uploads\\\/2021\\\/03\\\/Quarteira-Decide-10.jpeg\",\"width\":940,\"height\":788},{\"@type\":\"BreadcrumbList\",\"@id\":\"https:\\\/\\\/algarve7.pt\\\/index.php\\\/2021\\\/03\\\/jovens-quarteirenses-criam-ferramentas-para-dinamizar-os-bairros-onde-vivem\\\/atualidade\\\/13\\\/02\\\/#breadcrumb\",\"itemListElement\":[{\"@type\":\"ListItem\",\"position\":1,\"name\":\"In\u00edcio\",\"item\":\"https:\\\/\\\/algarve7.pt\\\/\"},{\"@type\":\"ListItem\",\"position\":2,\"name\":\"Jovens Quarteirenses criam ferramentas para dinamizar os bairros onde vivem\"}]},{\"@type\":\"WebSite\",\"@id\":\"https:\\\/\\\/algarve7.pt\\\/#website\",\"url\":\"https:\\\/\\\/algarve7.pt\\\/\",\"name\":\"Algarve 7\",\"description\":\"Informa\u00e7\u00e3o sobre o Algarve\",\"publisher\":{\"@id\":\"https:\\\/\\\/algarve7.pt\\\/#organization\"},\"potentialAction\":[{\"@type\":\"SearchAction\",\"target\":{\"@type\":\"EntryPoint\",\"urlTemplate\":\"https:\\\/\\\/algarve7.pt\\\/?s={search_term_string}\"},\"query-input\":{\"@type\":\"PropertyValueSpecification\",\"valueRequired\":true,\"valueName\":\"search_term_string\"}}],\"inLanguage\":\"pt-PT\"},{\"@type\":\"Organization\",\"@id\":\"https:\\\/\\\/algarve7.pt\\\/#organization\",\"name\":\"Algarve 7\",\"url\":\"https:\\\/\\\/algarve7.pt\\\/\",\"logo\":{\"@type\":\"ImageObject\",\"inLanguage\":\"pt-PT\",\"@id\":\"https:\\\/\\\/algarve7.pt\\\/#\\\/schema\\\/logo\\\/image\\\/\",\"url\":\"https:\\\/\\\/algarve7.pt\\\/wp-content\\\/uploads\\\/2020\\\/10\\\/Logo-8.jpg\",\"contentUrl\":\"https:\\\/\\\/algarve7.pt\\\/wp-content\\\/uploads\\\/2020\\\/10\\\/Logo-8.jpg\",\"width\":1680,\"height\":1186,\"caption\":\"Algarve 7\"},\"image\":{\"@id\":\"https:\\\/\\\/algarve7.pt\\\/#\\\/schema\\\/logo\\\/image\\\/\"},\"sameAs\":[\"https:\\\/\\\/www.facebook.com\\\/algarve7\",\"https:\\\/\\\/x.com\\\/Algarvesete\",\"https:\\\/\\\/www.instagram.com\\\/jornalalgarve7\\\/\",\"https:\\\/\\\/www.linkedin.com\\\/company\\\/algarve7\",\"https:\\\/\\\/www.pinterest.pt\\\/geral0939\\\/_created\\\/\"]},{\"@type\":\"Person\",\"@id\":\"https:\\\/\\\/algarve7.pt\\\/#\\\/schema\\\/person\\\/23fa70681308e7b319a3204bcea45e0c\",\"name\":\"Algarve 7\",\"sameAs\":[\"https:\\\/\\\/algarve7.pt\",\"https:\\\/\\\/www.facebook.com\\\/algarve7\"],\"url\":\"https:\\\/\\\/algarve7.pt\\\/index.php\\\/author\\\/geralalgarve7-pt\\\/\"}]}<\/script>\n<!-- \/ Yoast SEO plugin. -->","yoast_head_json":{"title":"Jovens Quarteirenses criam ferramentas para dinamizar os bairros onde vivem - Algarve 7","description":"Jovens Quarteirenses criam ferramentas para dinamizar os bairros onde vivem Atualidade","robots":{"index":"index","follow":"follow","max-snippet":"max-snippet:-1","max-image-preview":"max-image-preview:large","max-video-preview":"max-video-preview:-1"},"canonical":"https:\/\/algarve7.pt\/index.php\/2021\/03\/jovens-quarteirenses-criam-ferramentas-para-dinamizar-os-bairros-onde-vivem\/atualidade\/13\/02\/","og_locale":"pt_PT","og_type":"article","og_title":"Jovens Quarteirenses criam ferramentas para dinamizar os bairros onde vivem - Algarve 7","og_description":"Jovens Quarteirenses criam ferramentas para dinamizar os bairros onde vivem Atualidade","og_url":"https:\/\/algarve7.pt\/index.php\/2021\/03\/jovens-quarteirenses-criam-ferramentas-para-dinamizar-os-bairros-onde-vivem\/atualidade\/13\/02\/","og_site_name":"Algarve 7","article_publisher":"https:\/\/www.facebook.com\/algarve7","article_author":"https:\/\/www.facebook.com\/algarve7","article_published_time":"2021-03-16T13:02:08+00:00","article_modified_time":"2021-03-16T14:18:32+00:00","og_image":[{"width":940,"height":788,"url":"https:\/\/algarve7.pt\/wp-content\/uploads\/2021\/03\/Quarteira-Decide-10.jpeg","type":"image\/jpeg"}],"author":"Algarve 7","twitter_card":"summary_large_image","twitter_creator":"@Algarvesete","twitter_site":"@Algarvesete","twitter_misc":{"Escrito por":"Algarve 7","Tempo estimado de leitura":"3 minutos"},"schema":{"@context":"https:\/\/schema.org","@graph":[{"@type":"Article","@id":"https:\/\/algarve7.pt\/index.php\/2021\/03\/jovens-quarteirenses-criam-ferramentas-para-dinamizar-os-bairros-onde-vivem\/atualidade\/13\/02\/#article","isPartOf":{"@id":"https:\/\/algarve7.pt\/index.php\/2021\/03\/jovens-quarteirenses-criam-ferramentas-para-dinamizar-os-bairros-onde-vivem\/atualidade\/13\/02\/"},"author":{"name":"Algarve 7","@id":"https:\/\/algarve7.pt\/#\/schema\/person\/23fa70681308e7b319a3204bcea45e0c"},"headline":"Jovens Quarteirenses criam ferramentas para dinamizar os bairros onde vivem","datePublished":"2021-03-16T13:02:08+00:00","dateModified":"2021-03-16T14:18:32+00:00","mainEntityOfPage":{"@id":"https:\/\/algarve7.pt\/index.php\/2021\/03\/jovens-quarteirenses-criam-ferramentas-para-dinamizar-os-bairros-onde-vivem\/atualidade\/13\/02\/"},"wordCount":696,"publisher":{"@id":"https:\/\/algarve7.pt\/#organization"},"image":{"@id":"https:\/\/algarve7.pt\/index.php\/2021\/03\/jovens-quarteirenses-criam-ferramentas-para-dinamizar-os-bairros-onde-vivem\/atualidade\/13\/02\/#primaryimage"},"thumbnailUrl":"https:\/\/algarve7.pt\/wp-content\/uploads\/2021\/03\/Quarteira-Decide-10.jpeg","keywords":["Algarve","Atualidade","Loul\u00e9","Quarteira"],"articleSection":["Atualidade"],"inLanguage":"pt-PT"},{"@type":"WebPage","@id":"https:\/\/algarve7.pt\/index.php\/2021\/03\/jovens-quarteirenses-criam-ferramentas-para-dinamizar-os-bairros-onde-vivem\/atualidade\/13\/02\/","url":"https:\/\/algarve7.pt\/index.php\/2021\/03\/jovens-quarteirenses-criam-ferramentas-para-dinamizar-os-bairros-onde-vivem\/atualidade\/13\/02\/","name":"Jovens Quarteirenses criam ferramentas para dinamizar os bairros onde vivem - Algarve 7","isPartOf":{"@id":"https:\/\/algarve7.pt\/#website"},"primaryImageOfPage":{"@id":"https:\/\/algarve7.pt\/index.php\/2021\/03\/jovens-quarteirenses-criam-ferramentas-para-dinamizar-os-bairros-onde-vivem\/atualidade\/13\/02\/#primaryimage"},"image":{"@id":"https:\/\/algarve7.pt\/index.php\/2021\/03\/jovens-quarteirenses-criam-ferramentas-para-dinamizar-os-bairros-onde-vivem\/atualidade\/13\/02\/#primaryimage"},"thumbnailUrl":"https:\/\/algarve7.pt\/wp-content\/uploads\/2021\/03\/Quarteira-Decide-10.jpeg","datePublished":"2021-03-16T13:02:08+00:00","dateModified":"2021-03-16T14:18:32+00:00","description":"Jovens Quarteirenses criam ferramentas para dinamizar os bairros onde vivem Atualidade","breadcrumb":{"@id":"https:\/\/algarve7.pt\/index.php\/2021\/03\/jovens-quarteirenses-criam-ferramentas-para-dinamizar-os-bairros-onde-vivem\/atualidade\/13\/02\/#breadcrumb"},"inLanguage":"pt-PT","potentialAction":[{"@type":"ReadAction","target":["https:\/\/algarve7.pt\/index.php\/2021\/03\/jovens-quarteirenses-criam-ferramentas-para-dinamizar-os-bairros-onde-vivem\/atualidade\/13\/02\/"]}]},{"@type":"ImageObject","inLanguage":"pt-PT","@id":"https:\/\/algarve7.pt\/index.php\/2021\/03\/jovens-quarteirenses-criam-ferramentas-para-dinamizar-os-bairros-onde-vivem\/atualidade\/13\/02\/#primaryimage","url":"https:\/\/algarve7.pt\/wp-content\/uploads\/2021\/03\/Quarteira-Decide-10.jpeg","contentUrl":"https:\/\/algarve7.pt\/wp-content\/uploads\/2021\/03\/Quarteira-Decide-10.jpeg","width":940,"height":788},{"@type":"BreadcrumbList","@id":"https:\/\/algarve7.pt\/index.php\/2021\/03\/jovens-quarteirenses-criam-ferramentas-para-dinamizar-os-bairros-onde-vivem\/atualidade\/13\/02\/#breadcrumb","itemListElement":[{"@type":"ListItem","position":1,"name":"In\u00edcio","item":"https:\/\/algarve7.pt\/"},{"@type":"ListItem","position":2,"name":"Jovens Quarteirenses criam ferramentas para dinamizar os bairros onde vivem"}]},{"@type":"WebSite","@id":"https:\/\/algarve7.pt\/#website","url":"https:\/\/algarve7.pt\/","name":"Algarve 7","description":"Informa\u00e7\u00e3o sobre o Algarve","publisher":{"@id":"https:\/\/algarve7.pt\/#organization"},"potentialAction":[{"@type":"SearchAction","target":{"@type":"EntryPoint","urlTemplate":"https:\/\/algarve7.pt\/?s={search_term_string}"},"query-input":{"@type":"PropertyValueSpecification","valueRequired":true,"valueName":"search_term_string"}}],"inLanguage":"pt-PT"},{"@type":"Organization","@id":"https:\/\/algarve7.pt\/#organization","name":"Algarve 7","url":"https:\/\/algarve7.pt\/","logo":{"@type":"ImageObject","inLanguage":"pt-PT","@id":"https:\/\/algarve7.pt\/#\/schema\/logo\/image\/","url":"https:\/\/algarve7.pt\/wp-content\/uploads\/2020\/10\/Logo-8.jpg","contentUrl":"https:\/\/algarve7.pt\/wp-content\/uploads\/2020\/10\/Logo-8.jpg","width":1680,"height":1186,"caption":"Algarve 7"},"image":{"@id":"https:\/\/algarve7.pt\/#\/schema\/logo\/image\/"},"sameAs":["https:\/\/www.facebook.com\/algarve7","https:\/\/x.com\/Algarvesete","https:\/\/www.instagram.com\/jornalalgarve7\/","https:\/\/www.linkedin.com\/company\/algarve7","https:\/\/www.pinterest.pt\/geral0939\/_created\/"]},{"@type":"Person","@id":"https:\/\/algarve7.pt\/#\/schema\/person\/23fa70681308e7b319a3204bcea45e0c","name":"Algarve 7","sameAs":["https:\/\/algarve7.pt","https:\/\/www.facebook.com\/algarve7"],"url":"https:\/\/algarve7.pt\/index.php\/author\/geralalgarve7-pt\/"}]}},"jetpack_publicize_connections":[],"jetpack_featured_media_url":"https:\/\/algarve7.pt\/wp-content\/uploads\/2021\/03\/Quarteira-Decide-10.jpeg","jetpack_shortlink":"https:\/\/wp.me\/pcezmW-1LT","jetpack_sharing_enabled":true,"_links":{"self":[{"href":"https:\/\/algarve7.pt\/index.php\/wp-json\/wp\/v2\/posts\/6813","targetHints":{"allow":["GET"]}}],"collection":[{"href":"https:\/\/algarve7.pt\/index.php\/wp-json\/wp\/v2\/posts"}],"about":[{"href":"https:\/\/algarve7.pt\/index.php\/wp-json\/wp\/v2\/types\/post"}],"author":[{"embeddable":true,"href":"https:\/\/algarve7.pt\/index.php\/wp-json\/wp\/v2\/users\/1"}],"replies":[{"embeddable":true,"href":"https:\/\/algarve7.pt\/index.php\/wp-json\/wp\/v2\/comments?post=6813"}],"version-history":[{"count":0,"href":"https:\/\/algarve7.pt\/index.php\/wp-json\/wp\/v2\/posts\/6813\/revisions"}],"wp:featuredmedia":[{"embeddable":true,"href":"https:\/\/algarve7.pt\/index.php\/wp-json\/wp\/v2\/media\/6816"}],"wp:attachment":[{"href":"https:\/\/algarve7.pt\/index.php\/wp-json\/wp\/v2\/media?parent=6813"}],"wp:term":[{"taxonomy":"category","embeddable":true,"href":"https:\/\/algarve7.pt\/index.php\/wp-json\/wp\/v2\/categories?post=6813"},{"taxonomy":"post_tag","embeddable":true,"href":"https:\/\/algarve7.pt\/index.php\/wp-json\/wp\/v2\/tags?post=6813"}],"curies":[{"name":"wp","href":"https:\/\/api.w.org\/{rel}","templated":true}]}}