{"id":6793,"date":"2021-03-15T13:53:44","date_gmt":"2021-03-15T13:53:44","guid":{"rendered":"https:\/\/algarve7.pt\/?p=6793"},"modified":"2021-03-15T13:53:47","modified_gmt":"2021-03-15T13:53:47","slug":"amal-implementa-sistema-de-compras-publicas-de-bens-alimentares","status":"publish","type":"post","link":"https:\/\/algarve7.pt\/index.php\/2021\/03\/amal-implementa-sistema-de-compras-publicas-de-bens-alimentares\/atualidade\/13\/53\/","title":{"rendered":"AMAL implementa sistema de compras p\u00fablicas de bens alimentares"},"content":{"rendered":"\n<p>O projeto \u201cSistemas Alimentares Sustent\u00e1veis\u201d visa a implementa\u00e7\u00e3o de um sistema de compras p\u00fablicas agregadas da produ\u00e7\u00e3o local para abastecimento de institui\u00e7\u00f5es locais e regionais, como por exemplo escolas e Institui\u00e7\u00f5es Particulares de Solidariedade Social, entre outras.<\/p>\n\n\n\n<p>Baseia-se em circuitos curtos de comercializa\u00e7\u00e3o, assentes em modos de produ\u00e7\u00e3o e consumo ambientalmente sustent\u00e1veis que promovam a biodiversidade, os conhecimentos tradicionais e as dietas saud\u00e1veis, com grande foco na dieta mediterr\u00e2nica.<\/p>\n\n\n\n<p>Como principais a\u00e7\u00f5es do projecto destacam-se a organiza\u00e7\u00e3o de cadeias curtas de comercializa\u00e7\u00e3o, a estrutura\u00e7\u00e3o do mercado institucional do alimento ao n\u00edvel dos munic\u00edpios e a implementa\u00e7\u00e3o de 2 a\u00e7\u00f5es-piloto em escolas. Igualmente prevista est\u00e1 a realiza\u00e7\u00e3o de diversas a\u00e7\u00f5es de informa\u00e7\u00e3o dirigidas a produtores e de forma\u00e7\u00e3o de cozinheiros(as) respons\u00e1veis pela confe\u00e7\u00e3o e aprovisionamento escolar e a composi\u00e7\u00e3o de um Conselho Regional de Alimenta\u00e7\u00e3o.<\/p>\n\n\n\n<p>O investimento de cerca de 167 mil euros, a realizar entre 2021 e 2022, \u00e9 assegurado pela AMAL e pelo FEDER (70%), atrav\u00e9s do Programa Operacional CRESC ALGARVE 2020 (Plano de A\u00e7\u00e3o e de Desenvolvimento de Recursos End\u00f3genos), cuja candidatura foi agora aprovada<strong>.<\/strong><\/p>\n","protected":false},"excerpt":{"rendered":"<p>O projeto \u201cSistemas Alimentares Sustent\u00e1veis\u201d visa a implementa\u00e7\u00e3o de um sistema de compras p\u00fablicas agregadas da produ\u00e7\u00e3o local para abastecimento<\/p>\n","protected":false},"author":1,"featured_media":1203,"comment_status":"closed","ping_status":"open","sticky":false,"template":"","format":"standard","meta":{"colormag_page_container_layout":"default_layout","colormag_page_sidebar_layout":"default_layout","_monsterinsights_skip_tracking":false,"_monsterinsights_sitenote_active":false,"_monsterinsights_sitenote_note":"","_monsterinsights_sitenote_category":0,"jetpack_post_was_ever_published":false,"_jetpack_newsletter_access":"","_jetpack_dont_email_post_to_subs":false,"_jetpack_newsletter_tier_id":0,"_jetpack_memberships_contains_paywalled_content":false,"_jetpack_memberships_contains_paid_content":false,"footnotes":"","jetpack_publicize_message":"","jetpack_publicize_feature_enabled":true,"jetpack_social_post_already_shared":true,"jetpack_social_options":{"image_generator_settings":{"template":"highway","default_image_id":0,"font":"","enabled":false},"version":2}},"categories":[11],"tags":[36,207,62],"class_list":["post-6793","post","type-post","status-publish","format-standard","has-post-thumbnail","hentry","category-atualidade","tag-algarve","tag-amal","tag-atualidade"],"yoast_head":"<!-- This site is optimized with the Yoast SEO plugin v27.5 - https:\/\/yoast.com\/product\/yoast-seo-wordpress\/ -->\n<title>AMAL implementa sistema de compras p\u00fablicas de bens alimentares - Algarve 7<\/title>\n<meta name=\"description\" content=\"AMAL implementa sistema de compras p\u00fablicas de bens alimentares Atualidade\" \/>\n<meta name=\"robots\" content=\"index, follow, max-snippet:-1, max-image-preview:large, max-video-preview:-1\" \/>\n<link rel=\"canonical\" href=\"https:\/\/algarve7.pt\/index.php\/2021\/03\/amal-implementa-sistema-de-compras-publicas-de-bens-alimentares\/atualidade\/13\/53\/\" \/>\n<meta property=\"og:locale\" content=\"pt_PT\" \/>\n<meta property=\"og:type\" content=\"article\" \/>\n<meta property=\"og:title\" content=\"AMAL implementa sistema de compras p\u00fablicas de bens alimentares - Algarve 7\" \/>\n<meta property=\"og:description\" content=\"AMAL implementa sistema de compras p\u00fablicas de bens alimentares Atualidade\" \/>\n<meta property=\"og:url\" content=\"https:\/\/algarve7.pt\/index.php\/2021\/03\/amal-implementa-sistema-de-compras-publicas-de-bens-alimentares\/atualidade\/13\/53\/\" \/>\n<meta property=\"og:site_name\" content=\"Algarve 7\" \/>\n<meta property=\"article:publisher\" content=\"https:\/\/www.facebook.com\/algarve7\" \/>\n<meta property=\"article:author\" content=\"https:\/\/www.facebook.com\/algarve7\" \/>\n<meta property=\"article:published_time\" content=\"2021-03-15T13:53:44+00:00\" \/>\n<meta property=\"article:modified_time\" content=\"2021-03-15T13:53:47+00:00\" \/>\n<meta property=\"og:image\" content=\"https:\/\/algarve7.pt\/wp-content\/uploads\/2020\/09\/img_0012.jpg\" \/>\n\t<meta property=\"og:image:width\" content=\"884\" \/>\n\t<meta property=\"og:image:height\" content=\"544\" \/>\n\t<meta property=\"og:image:type\" content=\"image\/jpeg\" \/>\n<meta name=\"author\" content=\"Algarve 7\" \/>\n<meta name=\"twitter:card\" content=\"summary_large_image\" \/>\n<meta name=\"twitter:creator\" content=\"@Algarvesete\" \/>\n<meta name=\"twitter:site\" content=\"@Algarvesete\" \/>\n<meta name=\"twitter:label1\" content=\"Escrito por\" \/>\n\t<meta name=\"twitter:data1\" content=\"Algarve 7\" \/>\n\t<meta name=\"twitter:label2\" content=\"Tempo estimado de leitura\" \/>\n\t<meta name=\"twitter:data2\" content=\"1 minuto\" \/>\n<script type=\"application\/ld+json\" class=\"yoast-schema-graph\">{\"@context\":\"https:\\\/\\\/schema.org\",\"@graph\":[{\"@type\":\"Article\",\"@id\":\"https:\\\/\\\/algarve7.pt\\\/index.php\\\/2021\\\/03\\\/amal-implementa-sistema-de-compras-publicas-de-bens-alimentares\\\/atualidade\\\/13\\\/53\\\/#article\",\"isPartOf\":{\"@id\":\"https:\\\/\\\/algarve7.pt\\\/index.php\\\/2021\\\/03\\\/amal-implementa-sistema-de-compras-publicas-de-bens-alimentares\\\/atualidade\\\/13\\\/53\\\/\"},\"author\":{\"name\":\"Algarve 7\",\"@id\":\"https:\\\/\\\/algarve7.pt\\\/#\\\/schema\\\/person\\\/23fa70681308e7b319a3204bcea45e0c\"},\"headline\":\"AMAL implementa sistema de compras p\u00fablicas de bens alimentares\",\"datePublished\":\"2021-03-15T13:53:44+00:00\",\"dateModified\":\"2021-03-15T13:53:47+00:00\",\"mainEntityOfPage\":{\"@id\":\"https:\\\/\\\/algarve7.pt\\\/index.php\\\/2021\\\/03\\\/amal-implementa-sistema-de-compras-publicas-de-bens-alimentares\\\/atualidade\\\/13\\\/53\\\/\"},\"wordCount\":211,\"publisher\":{\"@id\":\"https:\\\/\\\/algarve7.pt\\\/#organization\"},\"image\":{\"@id\":\"https:\\\/\\\/algarve7.pt\\\/index.php\\\/2021\\\/03\\\/amal-implementa-sistema-de-compras-publicas-de-bens-alimentares\\\/atualidade\\\/13\\\/53\\\/#primaryimage\"},\"thumbnailUrl\":\"https:\\\/\\\/algarve7.pt\\\/wp-content\\\/uploads\\\/2020\\\/09\\\/img_0012.jpg\",\"keywords\":[\"Algarve\",\"Amal\",\"Atualidade\"],\"articleSection\":[\"Atualidade\"],\"inLanguage\":\"pt-PT\"},{\"@type\":\"WebPage\",\"@id\":\"https:\\\/\\\/algarve7.pt\\\/index.php\\\/2021\\\/03\\\/amal-implementa-sistema-de-compras-publicas-de-bens-alimentares\\\/atualidade\\\/13\\\/53\\\/\",\"url\":\"https:\\\/\\\/algarve7.pt\\\/index.php\\\/2021\\\/03\\\/amal-implementa-sistema-de-compras-publicas-de-bens-alimentares\\\/atualidade\\\/13\\\/53\\\/\",\"name\":\"AMAL implementa sistema de compras p\u00fablicas de bens alimentares - Algarve 7\",\"isPartOf\":{\"@id\":\"https:\\\/\\\/algarve7.pt\\\/#website\"},\"primaryImageOfPage\":{\"@id\":\"https:\\\/\\\/algarve7.pt\\\/index.php\\\/2021\\\/03\\\/amal-implementa-sistema-de-compras-publicas-de-bens-alimentares\\\/atualidade\\\/13\\\/53\\\/#primaryimage\"},\"image\":{\"@id\":\"https:\\\/\\\/algarve7.pt\\\/index.php\\\/2021\\\/03\\\/amal-implementa-sistema-de-compras-publicas-de-bens-alimentares\\\/atualidade\\\/13\\\/53\\\/#primaryimage\"},\"thumbnailUrl\":\"https:\\\/\\\/algarve7.pt\\\/wp-content\\\/uploads\\\/2020\\\/09\\\/img_0012.jpg\",\"datePublished\":\"2021-03-15T13:53:44+00:00\",\"dateModified\":\"2021-03-15T13:53:47+00:00\",\"description\":\"AMAL implementa sistema de compras p\u00fablicas de bens alimentares Atualidade\",\"breadcrumb\":{\"@id\":\"https:\\\/\\\/algarve7.pt\\\/index.php\\\/2021\\\/03\\\/amal-implementa-sistema-de-compras-publicas-de-bens-alimentares\\\/atualidade\\\/13\\\/53\\\/#breadcrumb\"},\"inLanguage\":\"pt-PT\",\"potentialAction\":[{\"@type\":\"ReadAction\",\"target\":[\"https:\\\/\\\/algarve7.pt\\\/index.php\\\/2021\\\/03\\\/amal-implementa-sistema-de-compras-publicas-de-bens-alimentares\\\/atualidade\\\/13\\\/53\\\/\"]}]},{\"@type\":\"ImageObject\",\"inLanguage\":\"pt-PT\",\"@id\":\"https:\\\/\\\/algarve7.pt\\\/index.php\\\/2021\\\/03\\\/amal-implementa-sistema-de-compras-publicas-de-bens-alimentares\\\/atualidade\\\/13\\\/53\\\/#primaryimage\",\"url\":\"https:\\\/\\\/algarve7.pt\\\/wp-content\\\/uploads\\\/2020\\\/09\\\/img_0012.jpg\",\"contentUrl\":\"https:\\\/\\\/algarve7.pt\\\/wp-content\\\/uploads\\\/2020\\\/09\\\/img_0012.jpg\",\"width\":884,\"height\":544},{\"@type\":\"BreadcrumbList\",\"@id\":\"https:\\\/\\\/algarve7.pt\\\/index.php\\\/2021\\\/03\\\/amal-implementa-sistema-de-compras-publicas-de-bens-alimentares\\\/atualidade\\\/13\\\/53\\\/#breadcrumb\",\"itemListElement\":[{\"@type\":\"ListItem\",\"position\":1,\"name\":\"In\u00edcio\",\"item\":\"https:\\\/\\\/algarve7.pt\\\/\"},{\"@type\":\"ListItem\",\"position\":2,\"name\":\"AMAL implementa sistema de compras p\u00fablicas de bens alimentares\"}]},{\"@type\":\"WebSite\",\"@id\":\"https:\\\/\\\/algarve7.pt\\\/#website\",\"url\":\"https:\\\/\\\/algarve7.pt\\\/\",\"name\":\"Algarve 7\",\"description\":\"Informa\u00e7\u00e3o sobre o Algarve\",\"publisher\":{\"@id\":\"https:\\\/\\\/algarve7.pt\\\/#organization\"},\"potentialAction\":[{\"@type\":\"SearchAction\",\"target\":{\"@type\":\"EntryPoint\",\"urlTemplate\":\"https:\\\/\\\/algarve7.pt\\\/?s={search_term_string}\"},\"query-input\":{\"@type\":\"PropertyValueSpecification\",\"valueRequired\":true,\"valueName\":\"search_term_string\"}}],\"inLanguage\":\"pt-PT\"},{\"@type\":\"Organization\",\"@id\":\"https:\\\/\\\/algarve7.pt\\\/#organization\",\"name\":\"Algarve 7\",\"url\":\"https:\\\/\\\/algarve7.pt\\\/\",\"logo\":{\"@type\":\"ImageObject\",\"inLanguage\":\"pt-PT\",\"@id\":\"https:\\\/\\\/algarve7.pt\\\/#\\\/schema\\\/logo\\\/image\\\/\",\"url\":\"https:\\\/\\\/algarve7.pt\\\/wp-content\\\/uploads\\\/2020\\\/10\\\/Logo-8.jpg\",\"contentUrl\":\"https:\\\/\\\/algarve7.pt\\\/wp-content\\\/uploads\\\/2020\\\/10\\\/Logo-8.jpg\",\"width\":1680,\"height\":1186,\"caption\":\"Algarve 7\"},\"image\":{\"@id\":\"https:\\\/\\\/algarve7.pt\\\/#\\\/schema\\\/logo\\\/image\\\/\"},\"sameAs\":[\"https:\\\/\\\/www.facebook.com\\\/algarve7\",\"https:\\\/\\\/x.com\\\/Algarvesete\",\"https:\\\/\\\/www.instagram.com\\\/jornalalgarve7\\\/\",\"https:\\\/\\\/www.linkedin.com\\\/company\\\/algarve7\",\"https:\\\/\\\/www.pinterest.pt\\\/geral0939\\\/_created\\\/\"]},{\"@type\":\"Person\",\"@id\":\"https:\\\/\\\/algarve7.pt\\\/#\\\/schema\\\/person\\\/23fa70681308e7b319a3204bcea45e0c\",\"name\":\"Algarve 7\",\"sameAs\":[\"https:\\\/\\\/algarve7.pt\",\"https:\\\/\\\/www.facebook.com\\\/algarve7\"],\"url\":\"https:\\\/\\\/algarve7.pt\\\/index.php\\\/author\\\/geralalgarve7-pt\\\/\"}]}<\/script>\n<!-- \/ Yoast SEO plugin. -->","yoast_head_json":{"title":"AMAL implementa sistema de compras p\u00fablicas de bens alimentares - Algarve 7","description":"AMAL implementa sistema de compras p\u00fablicas de bens alimentares Atualidade","robots":{"index":"index","follow":"follow","max-snippet":"max-snippet:-1","max-image-preview":"max-image-preview:large","max-video-preview":"max-video-preview:-1"},"canonical":"https:\/\/algarve7.pt\/index.php\/2021\/03\/amal-implementa-sistema-de-compras-publicas-de-bens-alimentares\/atualidade\/13\/53\/","og_locale":"pt_PT","og_type":"article","og_title":"AMAL implementa sistema de compras p\u00fablicas de bens alimentares - Algarve 7","og_description":"AMAL implementa sistema de compras p\u00fablicas de bens alimentares Atualidade","og_url":"https:\/\/algarve7.pt\/index.php\/2021\/03\/amal-implementa-sistema-de-compras-publicas-de-bens-alimentares\/atualidade\/13\/53\/","og_site_name":"Algarve 7","article_publisher":"https:\/\/www.facebook.com\/algarve7","article_author":"https:\/\/www.facebook.com\/algarve7","article_published_time":"2021-03-15T13:53:44+00:00","article_modified_time":"2021-03-15T13:53:47+00:00","og_image":[{"width":884,"height":544,"url":"https:\/\/algarve7.pt\/wp-content\/uploads\/2020\/09\/img_0012.jpg","type":"image\/jpeg"}],"author":"Algarve 7","twitter_card":"summary_large_image","twitter_creator":"@Algarvesete","twitter_site":"@Algarvesete","twitter_misc":{"Escrito por":"Algarve 7","Tempo estimado de leitura":"1 minuto"},"schema":{"@context":"https:\/\/schema.org","@graph":[{"@type":"Article","@id":"https:\/\/algarve7.pt\/index.php\/2021\/03\/amal-implementa-sistema-de-compras-publicas-de-bens-alimentares\/atualidade\/13\/53\/#article","isPartOf":{"@id":"https:\/\/algarve7.pt\/index.php\/2021\/03\/amal-implementa-sistema-de-compras-publicas-de-bens-alimentares\/atualidade\/13\/53\/"},"author":{"name":"Algarve 7","@id":"https:\/\/algarve7.pt\/#\/schema\/person\/23fa70681308e7b319a3204bcea45e0c"},"headline":"AMAL implementa sistema de compras p\u00fablicas de bens alimentares","datePublished":"2021-03-15T13:53:44+00:00","dateModified":"2021-03-15T13:53:47+00:00","mainEntityOfPage":{"@id":"https:\/\/algarve7.pt\/index.php\/2021\/03\/amal-implementa-sistema-de-compras-publicas-de-bens-alimentares\/atualidade\/13\/53\/"},"wordCount":211,"publisher":{"@id":"https:\/\/algarve7.pt\/#organization"},"image":{"@id":"https:\/\/algarve7.pt\/index.php\/2021\/03\/amal-implementa-sistema-de-compras-publicas-de-bens-alimentares\/atualidade\/13\/53\/#primaryimage"},"thumbnailUrl":"https:\/\/algarve7.pt\/wp-content\/uploads\/2020\/09\/img_0012.jpg","keywords":["Algarve","Amal","Atualidade"],"articleSection":["Atualidade"],"inLanguage":"pt-PT"},{"@type":"WebPage","@id":"https:\/\/algarve7.pt\/index.php\/2021\/03\/amal-implementa-sistema-de-compras-publicas-de-bens-alimentares\/atualidade\/13\/53\/","url":"https:\/\/algarve7.pt\/index.php\/2021\/03\/amal-implementa-sistema-de-compras-publicas-de-bens-alimentares\/atualidade\/13\/53\/","name":"AMAL implementa sistema de compras p\u00fablicas de bens alimentares - Algarve 7","isPartOf":{"@id":"https:\/\/algarve7.pt\/#website"},"primaryImageOfPage":{"@id":"https:\/\/algarve7.pt\/index.php\/2021\/03\/amal-implementa-sistema-de-compras-publicas-de-bens-alimentares\/atualidade\/13\/53\/#primaryimage"},"image":{"@id":"https:\/\/algarve7.pt\/index.php\/2021\/03\/amal-implementa-sistema-de-compras-publicas-de-bens-alimentares\/atualidade\/13\/53\/#primaryimage"},"thumbnailUrl":"https:\/\/algarve7.pt\/wp-content\/uploads\/2020\/09\/img_0012.jpg","datePublished":"2021-03-15T13:53:44+00:00","dateModified":"2021-03-15T13:53:47+00:00","description":"AMAL implementa sistema de compras p\u00fablicas de bens alimentares Atualidade","breadcrumb":{"@id":"https:\/\/algarve7.pt\/index.php\/2021\/03\/amal-implementa-sistema-de-compras-publicas-de-bens-alimentares\/atualidade\/13\/53\/#breadcrumb"},"inLanguage":"pt-PT","potentialAction":[{"@type":"ReadAction","target":["https:\/\/algarve7.pt\/index.php\/2021\/03\/amal-implementa-sistema-de-compras-publicas-de-bens-alimentares\/atualidade\/13\/53\/"]}]},{"@type":"ImageObject","inLanguage":"pt-PT","@id":"https:\/\/algarve7.pt\/index.php\/2021\/03\/amal-implementa-sistema-de-compras-publicas-de-bens-alimentares\/atualidade\/13\/53\/#primaryimage","url":"https:\/\/algarve7.pt\/wp-content\/uploads\/2020\/09\/img_0012.jpg","contentUrl":"https:\/\/algarve7.pt\/wp-content\/uploads\/2020\/09\/img_0012.jpg","width":884,"height":544},{"@type":"BreadcrumbList","@id":"https:\/\/algarve7.pt\/index.php\/2021\/03\/amal-implementa-sistema-de-compras-publicas-de-bens-alimentares\/atualidade\/13\/53\/#breadcrumb","itemListElement":[{"@type":"ListItem","position":1,"name":"In\u00edcio","item":"https:\/\/algarve7.pt\/"},{"@type":"ListItem","position":2,"name":"AMAL implementa sistema de compras p\u00fablicas de bens alimentares"}]},{"@type":"WebSite","@id":"https:\/\/algarve7.pt\/#website","url":"https:\/\/algarve7.pt\/","name":"Algarve 7","description":"Informa\u00e7\u00e3o sobre o Algarve","publisher":{"@id":"https:\/\/algarve7.pt\/#organization"},"potentialAction":[{"@type":"SearchAction","target":{"@type":"EntryPoint","urlTemplate":"https:\/\/algarve7.pt\/?s={search_term_string}"},"query-input":{"@type":"PropertyValueSpecification","valueRequired":true,"valueName":"search_term_string"}}],"inLanguage":"pt-PT"},{"@type":"Organization","@id":"https:\/\/algarve7.pt\/#organization","name":"Algarve 7","url":"https:\/\/algarve7.pt\/","logo":{"@type":"ImageObject","inLanguage":"pt-PT","@id":"https:\/\/algarve7.pt\/#\/schema\/logo\/image\/","url":"https:\/\/algarve7.pt\/wp-content\/uploads\/2020\/10\/Logo-8.jpg","contentUrl":"https:\/\/algarve7.pt\/wp-content\/uploads\/2020\/10\/Logo-8.jpg","width":1680,"height":1186,"caption":"Algarve 7"},"image":{"@id":"https:\/\/algarve7.pt\/#\/schema\/logo\/image\/"},"sameAs":["https:\/\/www.facebook.com\/algarve7","https:\/\/x.com\/Algarvesete","https:\/\/www.instagram.com\/jornalalgarve7\/","https:\/\/www.linkedin.com\/company\/algarve7","https:\/\/www.pinterest.pt\/geral0939\/_created\/"]},{"@type":"Person","@id":"https:\/\/algarve7.pt\/#\/schema\/person\/23fa70681308e7b319a3204bcea45e0c","name":"Algarve 7","sameAs":["https:\/\/algarve7.pt","https:\/\/www.facebook.com\/algarve7"],"url":"https:\/\/algarve7.pt\/index.php\/author\/geralalgarve7-pt\/"}]}},"jetpack_publicize_connections":[],"jetpack_featured_media_url":"https:\/\/algarve7.pt\/wp-content\/uploads\/2020\/09\/img_0012.jpg","jetpack_shortlink":"https:\/\/wp.me\/pcezmW-1Lz","jetpack_sharing_enabled":true,"_links":{"self":[{"href":"https:\/\/algarve7.pt\/index.php\/wp-json\/wp\/v2\/posts\/6793","targetHints":{"allow":["GET"]}}],"collection":[{"href":"https:\/\/algarve7.pt\/index.php\/wp-json\/wp\/v2\/posts"}],"about":[{"href":"https:\/\/algarve7.pt\/index.php\/wp-json\/wp\/v2\/types\/post"}],"author":[{"embeddable":true,"href":"https:\/\/algarve7.pt\/index.php\/wp-json\/wp\/v2\/users\/1"}],"replies":[{"embeddable":true,"href":"https:\/\/algarve7.pt\/index.php\/wp-json\/wp\/v2\/comments?post=6793"}],"version-history":[{"count":0,"href":"https:\/\/algarve7.pt\/index.php\/wp-json\/wp\/v2\/posts\/6793\/revisions"}],"wp:featuredmedia":[{"embeddable":true,"href":"https:\/\/algarve7.pt\/index.php\/wp-json\/wp\/v2\/media\/1203"}],"wp:attachment":[{"href":"https:\/\/algarve7.pt\/index.php\/wp-json\/wp\/v2\/media?parent=6793"}],"wp:term":[{"taxonomy":"category","embeddable":true,"href":"https:\/\/algarve7.pt\/index.php\/wp-json\/wp\/v2\/categories?post=6793"},{"taxonomy":"post_tag","embeddable":true,"href":"https:\/\/algarve7.pt\/index.php\/wp-json\/wp\/v2\/tags?post=6793"}],"curies":[{"name":"wp","href":"https:\/\/api.w.org\/{rel}","templated":true}]}}