{"id":66188,"date":"2026-09-06T16:00:00","date_gmt":"2026-09-06T15:00:00","guid":{"rendered":"https:\/\/algarve7.pt\/?p=66188"},"modified":"2026-09-06T12:36:07","modified_gmt":"2026-09-06T11:36:07","slug":"pme-algarvias-ja-podem-avaliar-o-seu-desempenho-em-sustentabilidade","status":"publish","type":"post","link":"https:\/\/algarve7.pt\/index.php\/2026\/09\/pme-algarvias-ja-podem-avaliar-o-seu-desempenho-em-sustentabilidade\/nacional\/16\/00\/","title":{"rendered":"PME algarvias j\u00e1 podem avaliar o seu desempenho em sustentabilidade"},"content":{"rendered":"\n<p class=\"wp-block-paragraph\">O Bar\u00f3metro PME + Sustent\u00e1vel \u00e9 uma nova ferramenta online que permite \u00e0s empresas avaliar o seu desempenho ambiental, energ\u00e9tico e de sustentabilidade. Desenvolvido no \u00e2mbito do projeto Descarbonizar + Algarve, funciona como uma ferramenta de autoavalia\u00e7\u00e3o, permitindo \u00e0s PME obter um diagn\u00f3stico da sua maturidade ambiental e energ\u00e9tica e identificar poss\u00edveis \u00e1reas de melhoria. Atrav\u00e9s do seu preenchimento, \u00e9 ainda poss\u00edvel comparar resultados com empresas do mesmo setor, disponibilizando informa\u00e7\u00e3o \u00fatil para apoiar a tomada de decis\u00f5es alinhadas com pr\u00e1ticas ESG \u2013 Ambiental, Social e de Governa\u00e7\u00e3o.\u00a0<br><br>De acesso gratuito e utiliza\u00e7\u00e3o online, o Bar\u00f3metro PME + Sustent\u00e1vel pretende contribuir para um maior conhecimento da realidade das empresas e sensibilizar para os desafios associados \u00e0 descarboniza\u00e7\u00e3o. Para al\u00e9m do acesso ao Bar\u00f3metro, as empresas podem consultar o website que re\u00fane informa\u00e7\u00e3o sobre o projeto, iniciativas, recursos e conte\u00fados relacionados com a descarboniza\u00e7\u00e3o e a sustentabilidade empresarial.\u00a0<br><br>Cofinanciado pelo Programa Regional Algarve 2030 | Portugal 2030, este Projeto \u00e9 desenvolvido em copromo\u00e7\u00e3o pelo NERA \u2013 Associa\u00e7\u00e3o Empresarial da Regi\u00e3o do Algarve, pela Regi\u00e3o de Turismo do Algarve e pela AREAL \u2013 Ag\u00eancia Regional de Energia e Ambiente do Algarve, enquadrando-se na estrat\u00e9gia regional de transi\u00e7\u00e3o energ\u00e9tica e descarboniza\u00e7\u00e3o das empresas.<\/p>\n","protected":false},"excerpt":{"rendered":"<p>O Bar\u00f3metro PME + Sustent\u00e1vel \u00e9 uma nova ferramenta online que permite \u00e0s empresas avaliar o seu desempenho ambiental, energ\u00e9tico<\/p>\n","protected":false},"author":1,"featured_media":66189,"comment_status":"closed","ping_status":"closed","sticky":false,"template":"","format":"standard","meta":{"colormag_page_container_layout":"default_layout","colormag_page_sidebar_layout":"default_layout","_monsterinsights_skip_tracking":false,"_jetpack_newsletter_access":"","_jetpack_dont_email_post_to_subs":false,"_jetpack_newsletter_tier_id":0,"_jetpack_memberships_contains_paywalled_content":false,"_jetpack_feature_clip_id":0,"_jetpack_memberships_contains_paid_content":false,"footnotes":"","jetpack_publicize_message":"","jetpack_publicize_feature_enabled":true,"jetpack_social_post_already_shared":true,"jetpack_social_options":{"image_generator_settings":{"template":"highway","default_image_id":0,"font":"","enabled":false},"version":2},"jetpack_post_was_ever_published":false},"categories":[189],"tags":[62,98],"class_list":["post-66188","post","type-post","status-publish","format-standard","has-post-thumbnail","hentry","category-nacional","tag-atualidade","tag-nacional"],"yoast_head":"<!-- This site is optimized with the Yoast SEO plugin v28.4 - https:\/\/yoast.com\/product\/yoast-seo-wordpress\/ -->\n<title>PME algarvias j\u00e1 podem avaliar o seu desempenho em sustentabilidade - Algarve 7<\/title>\n<meta name=\"description\" content=\"PME algarvias j\u00e1 podem avaliar o seu desempenho em sustentabilidade Nacional\" \/>\n<meta name=\"robots\" content=\"index, follow, max-snippet:-1, max-image-preview:large, max-video-preview:-1\" \/>\n<link rel=\"canonical\" href=\"https:\/\/algarve7.pt\/index.php\/2026\/09\/pme-algarvias-ja-podem-avaliar-o-seu-desempenho-em-sustentabilidade\/nacional\/16\/00\/\" \/>\n<meta property=\"og:locale\" content=\"pt_PT\" \/>\n<meta property=\"og:type\" content=\"article\" \/>\n<meta property=\"og:title\" content=\"PME algarvias j\u00e1 podem avaliar o seu desempenho em sustentabilidade - Algarve 7\" \/>\n<meta property=\"og:description\" content=\"PME algarvias j\u00e1 podem avaliar o seu desempenho em sustentabilidade Nacional\" \/>\n<meta property=\"og:url\" content=\"https:\/\/algarve7.pt\/index.php\/2026\/09\/pme-algarvias-ja-podem-avaliar-o-seu-desempenho-em-sustentabilidade\/nacional\/16\/00\/\" \/>\n<meta property=\"og:site_name\" content=\"Algarve 7\" \/>\n<meta property=\"article:publisher\" content=\"https:\/\/www.facebook.com\/algarve7\" \/>\n<meta property=\"article:author\" content=\"https:\/\/www.facebook.com\/algarve7\" \/>\n<meta property=\"article:published_time\" content=\"2026-09-06T15:00:00+00:00\" \/>\n<meta property=\"og:image\" content=\"https:\/\/algarve7.pt\/wp-content\/uploads\/2026\/09\/unnamed.png\" \/>\n\t<meta property=\"og:image:width\" content=\"956\" \/>\n\t<meta property=\"og:image:height\" content=\"650\" \/>\n\t<meta property=\"og:image:type\" content=\"image\/png\" \/>\n<meta name=\"author\" content=\"Algarve 7\" \/>\n<meta name=\"twitter:card\" content=\"summary_large_image\" \/>\n<meta name=\"twitter:creator\" content=\"@Algarvesete\" \/>\n<meta name=\"twitter:site\" content=\"@Algarvesete\" \/>\n<meta name=\"twitter:label1\" content=\"Escrito por\" \/>\n\t<meta name=\"twitter:data1\" content=\"Algarve 7\" \/>\n\t<meta name=\"twitter:label2\" content=\"Tempo estimado de leitura\" \/>\n\t<meta name=\"twitter:data2\" content=\"2 minutos\" \/>\n<script type=\"application\/ld+json\" class=\"yoast-schema-graph\">{\"@context\":\"https:\\\/\\\/schema.org\",\"@graph\":[{\"@type\":\"Article\",\"@id\":\"https:\\\/\\\/algarve7.pt\\\/index.php\\\/2026\\\/09\\\/pme-algarvias-ja-podem-avaliar-o-seu-desempenho-em-sustentabilidade\\\/nacional\\\/16\\\/00\\\/#article\",\"isPartOf\":{\"@id\":\"https:\\\/\\\/algarve7.pt\\\/index.php\\\/2026\\\/09\\\/pme-algarvias-ja-podem-avaliar-o-seu-desempenho-em-sustentabilidade\\\/nacional\\\/16\\\/00\\\/\"},\"author\":{\"name\":\"Algarve 7\",\"@id\":\"https:\\\/\\\/algarve7.pt\\\/#\\\/schema\\\/person\\\/23fa70681308e7b319a3204bcea45e0c\"},\"headline\":\"PME algarvias j\u00e1 podem avaliar o seu desempenho em sustentabilidade\",\"datePublished\":\"2026-09-06T15:00:00+00:00\",\"mainEntityOfPage\":{\"@id\":\"https:\\\/\\\/algarve7.pt\\\/index.php\\\/2026\\\/09\\\/pme-algarvias-ja-podem-avaliar-o-seu-desempenho-em-sustentabilidade\\\/nacional\\\/16\\\/00\\\/\"},\"wordCount\":229,\"publisher\":{\"@id\":\"https:\\\/\\\/algarve7.pt\\\/#organization\"},\"image\":{\"@id\":\"https:\\\/\\\/algarve7.pt\\\/index.php\\\/2026\\\/09\\\/pme-algarvias-ja-podem-avaliar-o-seu-desempenho-em-sustentabilidade\\\/nacional\\\/16\\\/00\\\/#primaryimage\"},\"thumbnailUrl\":\"https:\\\/\\\/algarve7.pt\\\/wp-content\\\/uploads\\\/2026\\\/09\\\/unnamed.png\",\"keywords\":[\"Atualidade\",\"Nacional\"],\"articleSection\":[\"Nacional\"],\"inLanguage\":\"pt-PT\"},{\"@type\":\"WebPage\",\"@id\":\"https:\\\/\\\/algarve7.pt\\\/index.php\\\/2026\\\/09\\\/pme-algarvias-ja-podem-avaliar-o-seu-desempenho-em-sustentabilidade\\\/nacional\\\/16\\\/00\\\/\",\"url\":\"https:\\\/\\\/algarve7.pt\\\/index.php\\\/2026\\\/09\\\/pme-algarvias-ja-podem-avaliar-o-seu-desempenho-em-sustentabilidade\\\/nacional\\\/16\\\/00\\\/\",\"name\":\"PME algarvias j\u00e1 podem avaliar o seu desempenho em sustentabilidade - Algarve 7\",\"isPartOf\":{\"@id\":\"https:\\\/\\\/algarve7.pt\\\/#website\"},\"primaryImageOfPage\":{\"@id\":\"https:\\\/\\\/algarve7.pt\\\/index.php\\\/2026\\\/09\\\/pme-algarvias-ja-podem-avaliar-o-seu-desempenho-em-sustentabilidade\\\/nacional\\\/16\\\/00\\\/#primaryimage\"},\"image\":{\"@id\":\"https:\\\/\\\/algarve7.pt\\\/index.php\\\/2026\\\/09\\\/pme-algarvias-ja-podem-avaliar-o-seu-desempenho-em-sustentabilidade\\\/nacional\\\/16\\\/00\\\/#primaryimage\"},\"thumbnailUrl\":\"https:\\\/\\\/algarve7.pt\\\/wp-content\\\/uploads\\\/2026\\\/09\\\/unnamed.png\",\"datePublished\":\"2026-09-06T15:00:00+00:00\",\"description\":\"PME algarvias j\u00e1 podem avaliar o seu desempenho em sustentabilidade Nacional\",\"breadcrumb\":{\"@id\":\"https:\\\/\\\/algarve7.pt\\\/index.php\\\/2026\\\/09\\\/pme-algarvias-ja-podem-avaliar-o-seu-desempenho-em-sustentabilidade\\\/nacional\\\/16\\\/00\\\/#breadcrumb\"},\"inLanguage\":\"pt-PT\",\"potentialAction\":[{\"@type\":\"ReadAction\",\"target\":[\"https:\\\/\\\/algarve7.pt\\\/index.php\\\/2026\\\/09\\\/pme-algarvias-ja-podem-avaliar-o-seu-desempenho-em-sustentabilidade\\\/nacional\\\/16\\\/00\\\/\"]}]},{\"@type\":\"ImageObject\",\"inLanguage\":\"pt-PT\",\"@id\":\"https:\\\/\\\/algarve7.pt\\\/index.php\\\/2026\\\/09\\\/pme-algarvias-ja-podem-avaliar-o-seu-desempenho-em-sustentabilidade\\\/nacional\\\/16\\\/00\\\/#primaryimage\",\"url\":\"https:\\\/\\\/algarve7.pt\\\/wp-content\\\/uploads\\\/2026\\\/09\\\/unnamed.png\",\"contentUrl\":\"https:\\\/\\\/algarve7.pt\\\/wp-content\\\/uploads\\\/2026\\\/09\\\/unnamed.png\",\"width\":956,\"height\":650},{\"@type\":\"BreadcrumbList\",\"@id\":\"https:\\\/\\\/algarve7.pt\\\/index.php\\\/2026\\\/09\\\/pme-algarvias-ja-podem-avaliar-o-seu-desempenho-em-sustentabilidade\\\/nacional\\\/16\\\/00\\\/#breadcrumb\",\"itemListElement\":[{\"@type\":\"ListItem\",\"position\":1,\"name\":\"In\u00edcio\",\"item\":\"https:\\\/\\\/algarve7.pt\\\/\"},{\"@type\":\"ListItem\",\"position\":2,\"name\":\"PME algarvias j\u00e1 podem avaliar o seu desempenho em sustentabilidade\"}]},{\"@type\":\"WebSite\",\"@id\":\"https:\\\/\\\/algarve7.pt\\\/#website\",\"url\":\"https:\\\/\\\/algarve7.pt\\\/\",\"name\":\"Algarve 7\",\"description\":\"Informa\u00e7\u00e3o sobre o Algarve\",\"publisher\":{\"@id\":\"https:\\\/\\\/algarve7.pt\\\/#organization\"},\"potentialAction\":[{\"@type\":\"SearchAction\",\"target\":{\"@type\":\"EntryPoint\",\"urlTemplate\":\"https:\\\/\\\/algarve7.pt\\\/?s={search_term_string}\"},\"query-input\":{\"@type\":\"PropertyValueSpecification\",\"valueRequired\":true,\"valueName\":\"search_term_string\"}}],\"inLanguage\":\"pt-PT\"},{\"@type\":\"Organization\",\"@id\":\"https:\\\/\\\/algarve7.pt\\\/#organization\",\"name\":\"Algarve 7\",\"url\":\"https:\\\/\\\/algarve7.pt\\\/\",\"logo\":{\"@type\":\"ImageObject\",\"inLanguage\":\"pt-PT\",\"@id\":\"https:\\\/\\\/algarve7.pt\\\/#\\\/schema\\\/logo\\\/image\\\/\",\"url\":\"https:\\\/\\\/algarve7.pt\\\/wp-content\\\/uploads\\\/2020\\\/10\\\/Logo-8.jpg\",\"contentUrl\":\"https:\\\/\\\/algarve7.pt\\\/wp-content\\\/uploads\\\/2020\\\/10\\\/Logo-8.jpg\",\"width\":1680,\"height\":1186,\"caption\":\"Algarve 7\"},\"image\":{\"@id\":\"https:\\\/\\\/algarve7.pt\\\/#\\\/schema\\\/logo\\\/image\\\/\"},\"sameAs\":[\"https:\\\/\\\/www.facebook.com\\\/algarve7\",\"https:\\\/\\\/x.com\\\/Algarvesete\",\"https:\\\/\\\/www.instagram.com\\\/jornalalgarve7\\\/\",\"https:\\\/\\\/www.linkedin.com\\\/company\\\/algarve7\",\"https:\\\/\\\/www.pinterest.pt\\\/geral0939\\\/_created\\\/\"]},{\"@type\":\"Person\",\"@id\":\"https:\\\/\\\/algarve7.pt\\\/#\\\/schema\\\/person\\\/23fa70681308e7b319a3204bcea45e0c\",\"name\":\"Algarve 7\",\"sameAs\":[\"https:\\\/\\\/algarve7.pt\",\"https:\\\/\\\/www.facebook.com\\\/algarve7\"],\"url\":\"https:\\\/\\\/algarve7.pt\\\/index.php\\\/author\\\/geralalgarve7-pt\\\/\"}]}<\/script>\n<!-- \/ Yoast SEO plugin. -->","yoast_head_json":{"title":"PME algarvias j\u00e1 podem avaliar o seu desempenho em sustentabilidade - Algarve 7","description":"PME algarvias j\u00e1 podem avaliar o seu desempenho em sustentabilidade Nacional","robots":{"index":"index","follow":"follow","max-snippet":"max-snippet:-1","max-image-preview":"max-image-preview:large","max-video-preview":"max-video-preview:-1"},"canonical":"https:\/\/algarve7.pt\/index.php\/2026\/09\/pme-algarvias-ja-podem-avaliar-o-seu-desempenho-em-sustentabilidade\/nacional\/16\/00\/","og_locale":"pt_PT","og_type":"article","og_title":"PME algarvias j\u00e1 podem avaliar o seu desempenho em sustentabilidade - Algarve 7","og_description":"PME algarvias j\u00e1 podem avaliar o seu desempenho em sustentabilidade Nacional","og_url":"https:\/\/algarve7.pt\/index.php\/2026\/09\/pme-algarvias-ja-podem-avaliar-o-seu-desempenho-em-sustentabilidade\/nacional\/16\/00\/","og_site_name":"Algarve 7","article_publisher":"https:\/\/www.facebook.com\/algarve7","article_author":"https:\/\/www.facebook.com\/algarve7","article_published_time":"2026-09-06T15:00:00+00:00","og_image":[{"width":956,"height":650,"url":"https:\/\/algarve7.pt\/wp-content\/uploads\/2026\/09\/unnamed.png","type":"image\/png"}],"author":"Algarve 7","twitter_card":"summary_large_image","twitter_creator":"@Algarvesete","twitter_site":"@Algarvesete","twitter_misc":{"Escrito por":"Algarve 7","Tempo estimado de leitura":"2 minutos"},"schema":{"@context":"https:\/\/schema.org","@graph":[{"@type":"Article","@id":"https:\/\/algarve7.pt\/index.php\/2026\/09\/pme-algarvias-ja-podem-avaliar-o-seu-desempenho-em-sustentabilidade\/nacional\/16\/00\/#article","isPartOf":{"@id":"https:\/\/algarve7.pt\/index.php\/2026\/09\/pme-algarvias-ja-podem-avaliar-o-seu-desempenho-em-sustentabilidade\/nacional\/16\/00\/"},"author":{"name":"Algarve 7","@id":"https:\/\/algarve7.pt\/#\/schema\/person\/23fa70681308e7b319a3204bcea45e0c"},"headline":"PME algarvias j\u00e1 podem avaliar o seu desempenho em sustentabilidade","datePublished":"2026-09-06T15:00:00+00:00","mainEntityOfPage":{"@id":"https:\/\/algarve7.pt\/index.php\/2026\/09\/pme-algarvias-ja-podem-avaliar-o-seu-desempenho-em-sustentabilidade\/nacional\/16\/00\/"},"wordCount":229,"publisher":{"@id":"https:\/\/algarve7.pt\/#organization"},"image":{"@id":"https:\/\/algarve7.pt\/index.php\/2026\/09\/pme-algarvias-ja-podem-avaliar-o-seu-desempenho-em-sustentabilidade\/nacional\/16\/00\/#primaryimage"},"thumbnailUrl":"https:\/\/algarve7.pt\/wp-content\/uploads\/2026\/09\/unnamed.png","keywords":["Atualidade","Nacional"],"articleSection":["Nacional"],"inLanguage":"pt-PT"},{"@type":"WebPage","@id":"https:\/\/algarve7.pt\/index.php\/2026\/09\/pme-algarvias-ja-podem-avaliar-o-seu-desempenho-em-sustentabilidade\/nacional\/16\/00\/","url":"https:\/\/algarve7.pt\/index.php\/2026\/09\/pme-algarvias-ja-podem-avaliar-o-seu-desempenho-em-sustentabilidade\/nacional\/16\/00\/","name":"PME algarvias j\u00e1 podem avaliar o seu desempenho em sustentabilidade - Algarve 7","isPartOf":{"@id":"https:\/\/algarve7.pt\/#website"},"primaryImageOfPage":{"@id":"https:\/\/algarve7.pt\/index.php\/2026\/09\/pme-algarvias-ja-podem-avaliar-o-seu-desempenho-em-sustentabilidade\/nacional\/16\/00\/#primaryimage"},"image":{"@id":"https:\/\/algarve7.pt\/index.php\/2026\/09\/pme-algarvias-ja-podem-avaliar-o-seu-desempenho-em-sustentabilidade\/nacional\/16\/00\/#primaryimage"},"thumbnailUrl":"https:\/\/algarve7.pt\/wp-content\/uploads\/2026\/09\/unnamed.png","datePublished":"2026-09-06T15:00:00+00:00","description":"PME algarvias j\u00e1 podem avaliar o seu desempenho em sustentabilidade Nacional","breadcrumb":{"@id":"https:\/\/algarve7.pt\/index.php\/2026\/09\/pme-algarvias-ja-podem-avaliar-o-seu-desempenho-em-sustentabilidade\/nacional\/16\/00\/#breadcrumb"},"inLanguage":"pt-PT","potentialAction":[{"@type":"ReadAction","target":["https:\/\/algarve7.pt\/index.php\/2026\/09\/pme-algarvias-ja-podem-avaliar-o-seu-desempenho-em-sustentabilidade\/nacional\/16\/00\/"]}]},{"@type":"ImageObject","inLanguage":"pt-PT","@id":"https:\/\/algarve7.pt\/index.php\/2026\/09\/pme-algarvias-ja-podem-avaliar-o-seu-desempenho-em-sustentabilidade\/nacional\/16\/00\/#primaryimage","url":"https:\/\/algarve7.pt\/wp-content\/uploads\/2026\/09\/unnamed.png","contentUrl":"https:\/\/algarve7.pt\/wp-content\/uploads\/2026\/09\/unnamed.png","width":956,"height":650},{"@type":"BreadcrumbList","@id":"https:\/\/algarve7.pt\/index.php\/2026\/09\/pme-algarvias-ja-podem-avaliar-o-seu-desempenho-em-sustentabilidade\/nacional\/16\/00\/#breadcrumb","itemListElement":[{"@type":"ListItem","position":1,"name":"In\u00edcio","item":"https:\/\/algarve7.pt\/"},{"@type":"ListItem","position":2,"name":"PME algarvias j\u00e1 podem avaliar o seu desempenho em sustentabilidade"}]},{"@type":"WebSite","@id":"https:\/\/algarve7.pt\/#website","url":"https:\/\/algarve7.pt\/","name":"Algarve 7","description":"Informa\u00e7\u00e3o sobre o Algarve","publisher":{"@id":"https:\/\/algarve7.pt\/#organization"},"potentialAction":[{"@type":"SearchAction","target":{"@type":"EntryPoint","urlTemplate":"https:\/\/algarve7.pt\/?s={search_term_string}"},"query-input":{"@type":"PropertyValueSpecification","valueRequired":true,"valueName":"search_term_string"}}],"inLanguage":"pt-PT"},{"@type":"Organization","@id":"https:\/\/algarve7.pt\/#organization","name":"Algarve 7","url":"https:\/\/algarve7.pt\/","logo":{"@type":"ImageObject","inLanguage":"pt-PT","@id":"https:\/\/algarve7.pt\/#\/schema\/logo\/image\/","url":"https:\/\/algarve7.pt\/wp-content\/uploads\/2020\/10\/Logo-8.jpg","contentUrl":"https:\/\/algarve7.pt\/wp-content\/uploads\/2020\/10\/Logo-8.jpg","width":1680,"height":1186,"caption":"Algarve 7"},"image":{"@id":"https:\/\/algarve7.pt\/#\/schema\/logo\/image\/"},"sameAs":["https:\/\/www.facebook.com\/algarve7","https:\/\/x.com\/Algarvesete","https:\/\/www.instagram.com\/jornalalgarve7\/","https:\/\/www.linkedin.com\/company\/algarve7","https:\/\/www.pinterest.pt\/geral0939\/_created\/"]},{"@type":"Person","@id":"https:\/\/algarve7.pt\/#\/schema\/person\/23fa70681308e7b319a3204bcea45e0c","name":"Algarve 7","sameAs":["https:\/\/algarve7.pt","https:\/\/www.facebook.com\/algarve7"],"url":"https:\/\/algarve7.pt\/index.php\/author\/geralalgarve7-pt\/"}]}},"jetpack_publicize_connections":[],"jetpack_shortlink":"https:\/\/wp.me\/pcezmW-hdy","jetpack_sharing_enabled":true,"jetpack_featured_media_url":"https:\/\/algarve7.pt\/wp-content\/uploads\/2026\/09\/unnamed.png","_links":{"self":[{"href":"https:\/\/algarve7.pt\/index.php\/wp-json\/wp\/v2\/posts\/66188","targetHints":{"allow":["GET"]}}],"collection":[{"href":"https:\/\/algarve7.pt\/index.php\/wp-json\/wp\/v2\/posts"}],"about":[{"href":"https:\/\/algarve7.pt\/index.php\/wp-json\/wp\/v2\/types\/post"}],"author":[{"embeddable":true,"href":"https:\/\/algarve7.pt\/index.php\/wp-json\/wp\/v2\/users\/1"}],"replies":[{"embeddable":true,"href":"https:\/\/algarve7.pt\/index.php\/wp-json\/wp\/v2\/comments?post=66188"}],"version-history":[{"count":1,"href":"https:\/\/algarve7.pt\/index.php\/wp-json\/wp\/v2\/posts\/66188\/revisions"}],"predecessor-version":[{"id":66190,"href":"https:\/\/algarve7.pt\/index.php\/wp-json\/wp\/v2\/posts\/66188\/revisions\/66190"}],"wp:featuredmedia":[{"embeddable":true,"href":"https:\/\/algarve7.pt\/index.php\/wp-json\/wp\/v2\/media\/66189"}],"wp:attachment":[{"href":"https:\/\/algarve7.pt\/index.php\/wp-json\/wp\/v2\/media?parent=66188"}],"wp:term":[{"taxonomy":"category","embeddable":true,"href":"https:\/\/algarve7.pt\/index.php\/wp-json\/wp\/v2\/categories?post=66188"},{"taxonomy":"post_tag","embeddable":true,"href":"https:\/\/algarve7.pt\/index.php\/wp-json\/wp\/v2\/tags?post=66188"}],"curies":[{"name":"wp","href":"https:\/\/api.w.org\/{rel}","templated":true}]}}