{"id":66184,"date":"2026-09-06T14:30:00","date_gmt":"2026-09-06T13:30:00","guid":{"rendered":"https:\/\/algarve7.pt\/?p=66184"},"modified":"2026-09-06T11:49:35","modified_gmt":"2026-09-06T10:49:35","slug":"loule-procura-o-cao-mais-idoso-do-concelho","status":"publish","type":"post","link":"https:\/\/algarve7.pt\/index.php\/2026\/09\/loule-procura-o-cao-mais-idoso-do-concelho\/atualidade\/14\/30\/","title":{"rendered":"Loul\u00e9 procura o c\u00e3o mais idoso do concelho"},"content":{"rendered":"\n<p class=\"wp-block-paragraph\">No \u00e2mbito do Loul\u00e9 Festival Animal, que ir\u00e1 acontecer ao longo do m\u00eas de outubro, a C\u00e2mara Municipal de Loul\u00e9 lan\u00e7a \u00e0 comunidade o desafio de encontrar o c\u00e3o mais idoso do concelho de Loul\u00e9.<\/p>\n\n\n\n<p class=\"wp-block-paragraph\">A 1 de outubro, assinala-se o Dia do C\u00e3o Idoso, data que coincide propositadamente com o Dia Internacional do Idoso, sendo esta uma efem\u00e9ride que pretende consciencializar para a import\u00e2ncia de dar carinho, aten\u00e7\u00e3o e cuidados de sa\u00fade espec\u00edficos aos c\u00e3es seniores, al\u00e9m de incentivar a ado\u00e7\u00e3o respons\u00e1vel de animais mais velhos que se encontram em abrigos.<\/p>\n\n\n\n<p class=\"wp-block-paragraph\">Assim, a Autarquia de Loul\u00e9 lan\u00e7a, nas suas redes sociais, um concurso atrav\u00e9s do qual quer identificar o c\u00e3o com idade mais avan\u00e7ada registado no concelho.<\/p>\n\n\n\n<p class=\"wp-block-paragraph\">Para concorrer, os participantes dever\u00e3o enviar uma fotografia do seu animal e uma fotografia do respetivo Boletim Sanit\u00e1rio (para comprovar a data de nascimento), at\u00e9 ao dia 25 de setembro, para o email\u00a0<a href=\"mailto:bemestaranimal@cm-loule.pt\" target=\"_blank\" rel=\"noreferrer noopener\">bemestaranimal@cm-loule.pt<\/a>. Dever\u00e3o colocar como assunto \u201cO meu c\u00e3o \u00e9 o mais idoso do concelho\u201d.<\/p>\n\n\n\n<p class=\"wp-block-paragraph\">Os nomes dos tr\u00eas c\u00e3es mais idosos ser\u00e3o divulgados no dia 1 de outubro, Dia do C\u00e3o Idoso. Aos participantes ser\u00e3o entregues os seguintes pr\u00e9mios: 1\u00ba pr\u00e9mio &#8211; uma sess\u00e3o fotogr\u00e1fica do vencedor com o seu tutor e um saco de ra\u00e7\u00e3o com quilos equivalentes \u00e0 idade do vencedor; 2\u00ba pr\u00e9mio &#8211; um saco de ra\u00e7\u00e3o com quilos equivalentes \u00e0 idade do vencedor; 3\u00ba Pr\u00e9mio &#8211; um saco de ra\u00e7\u00e3o com quilos equivalentes \u00e0 idade do vencedor.<\/p>\n\n\n\n<p class=\"wp-block-paragraph\">Assim como os humanos, os c\u00e3es tamb\u00e9m enfrentam mudan\u00e7as significativas \u00e0 medida que envelhecem. Por isso, \u00e9 fundamental que os tutores estejam atentos \u00e0s necessidades espec\u00edficas dessa fase da vida e, nesse sentido, \u00e9 este o objetivo desta a\u00e7\u00e3o: sensibilizar para a import\u00e2ncia de promover um envelhecimento digno e saud\u00e1vel a estes amigos de quatro patas.<\/p>\n","protected":false},"excerpt":{"rendered":"<p>No \u00e2mbito do Loul\u00e9 Festival Animal, que ir\u00e1 acontecer ao longo do m\u00eas de outubro, a C\u00e2mara Municipal de Loul\u00e9<\/p>\n","protected":false},"author":1,"featured_media":66185,"comment_status":"closed","ping_status":"closed","sticky":false,"template":"","format":"standard","meta":{"colormag_page_container_layout":"default_layout","colormag_page_sidebar_layout":"default_layout","_monsterinsights_skip_tracking":false,"_jetpack_newsletter_access":"","_jetpack_dont_email_post_to_subs":false,"_jetpack_newsletter_tier_id":0,"_jetpack_memberships_contains_paywalled_content":false,"_jetpack_feature_clip_id":0,"_jetpack_memberships_contains_paid_content":false,"footnotes":"","jetpack_publicize_message":"","jetpack_publicize_feature_enabled":true,"jetpack_social_post_already_shared":true,"jetpack_social_options":{"image_generator_settings":{"template":"highway","default_image_id":0,"font":"","enabled":false},"version":2},"jetpack_post_was_ever_published":false},"categories":[11],"tags":[36,62,31],"class_list":["post-66184","post","type-post","status-publish","format-standard","has-post-thumbnail","hentry","category-atualidade","tag-algarve","tag-atualidade","tag-loule"],"yoast_head":"<!-- This site is optimized with the Yoast SEO plugin v28.4 - https:\/\/yoast.com\/product\/yoast-seo-wordpress\/ -->\n<title>Loul\u00e9 procura o c\u00e3o mais idoso do concelho - Algarve 7<\/title>\n<meta name=\"description\" content=\"Loul\u00e9 procura o c\u00e3o mais idoso do concelho Atualidade\" \/>\n<meta name=\"robots\" content=\"index, follow, max-snippet:-1, max-image-preview:large, max-video-preview:-1\" \/>\n<link rel=\"canonical\" href=\"https:\/\/algarve7.pt\/index.php\/2026\/09\/loule-procura-o-cao-mais-idoso-do-concelho\/atualidade\/14\/30\/\" \/>\n<meta property=\"og:locale\" content=\"pt_PT\" \/>\n<meta property=\"og:type\" content=\"article\" \/>\n<meta property=\"og:title\" content=\"Loul\u00e9 procura o c\u00e3o mais idoso do concelho - Algarve 7\" \/>\n<meta property=\"og:description\" content=\"Loul\u00e9 procura o c\u00e3o mais idoso do concelho Atualidade\" \/>\n<meta property=\"og:url\" content=\"https:\/\/algarve7.pt\/index.php\/2026\/09\/loule-procura-o-cao-mais-idoso-do-concelho\/atualidade\/14\/30\/\" \/>\n<meta property=\"og:site_name\" content=\"Algarve 7\" \/>\n<meta property=\"article:publisher\" content=\"https:\/\/www.facebook.com\/algarve7\" \/>\n<meta property=\"article:author\" content=\"https:\/\/www.facebook.com\/algarve7\" \/>\n<meta property=\"article:published_time\" content=\"2026-09-06T13:30:00+00:00\" \/>\n<meta property=\"og:image\" content=\"https:\/\/algarve7.pt\/wp-content\/uploads\/2026\/09\/Captura-de-ecra-2026-09-06-as-11.48.06.png\" \/>\n\t<meta property=\"og:image:width\" content=\"948\" \/>\n\t<meta property=\"og:image:height\" content=\"650\" \/>\n\t<meta property=\"og:image:type\" content=\"image\/png\" \/>\n<meta name=\"author\" content=\"Algarve 7\" \/>\n<meta name=\"twitter:card\" content=\"summary_large_image\" \/>\n<meta name=\"twitter:creator\" content=\"@Algarvesete\" \/>\n<meta name=\"twitter:site\" content=\"@Algarvesete\" \/>\n<meta name=\"twitter:label1\" content=\"Escrito por\" \/>\n\t<meta name=\"twitter:data1\" content=\"Algarve 7\" \/>\n\t<meta name=\"twitter:label2\" content=\"Tempo estimado de leitura\" \/>\n\t<meta name=\"twitter:data2\" content=\"2 minutos\" \/>\n<script type=\"application\/ld+json\" class=\"yoast-schema-graph\">{\"@context\":\"https:\\\/\\\/schema.org\",\"@graph\":[{\"@type\":\"Article\",\"@id\":\"https:\\\/\\\/algarve7.pt\\\/index.php\\\/2026\\\/09\\\/loule-procura-o-cao-mais-idoso-do-concelho\\\/atualidade\\\/14\\\/30\\\/#article\",\"isPartOf\":{\"@id\":\"https:\\\/\\\/algarve7.pt\\\/index.php\\\/2026\\\/09\\\/loule-procura-o-cao-mais-idoso-do-concelho\\\/atualidade\\\/14\\\/30\\\/\"},\"author\":{\"name\":\"Algarve 7\",\"@id\":\"https:\\\/\\\/algarve7.pt\\\/#\\\/schema\\\/person\\\/23fa70681308e7b319a3204bcea45e0c\"},\"headline\":\"Loul\u00e9 procura o c\u00e3o mais idoso do concelho\",\"datePublished\":\"2026-09-06T13:30:00+00:00\",\"mainEntityOfPage\":{\"@id\":\"https:\\\/\\\/algarve7.pt\\\/index.php\\\/2026\\\/09\\\/loule-procura-o-cao-mais-idoso-do-concelho\\\/atualidade\\\/14\\\/30\\\/\"},\"wordCount\":338,\"publisher\":{\"@id\":\"https:\\\/\\\/algarve7.pt\\\/#organization\"},\"image\":{\"@id\":\"https:\\\/\\\/algarve7.pt\\\/index.php\\\/2026\\\/09\\\/loule-procura-o-cao-mais-idoso-do-concelho\\\/atualidade\\\/14\\\/30\\\/#primaryimage\"},\"thumbnailUrl\":\"https:\\\/\\\/algarve7.pt\\\/wp-content\\\/uploads\\\/2026\\\/09\\\/Captura-de-ecra-2026-09-06-as-11.48.06.png\",\"keywords\":[\"Algarve\",\"Atualidade\",\"Loul\u00e9\"],\"articleSection\":[\"Atualidade\"],\"inLanguage\":\"pt-PT\"},{\"@type\":\"WebPage\",\"@id\":\"https:\\\/\\\/algarve7.pt\\\/index.php\\\/2026\\\/09\\\/loule-procura-o-cao-mais-idoso-do-concelho\\\/atualidade\\\/14\\\/30\\\/\",\"url\":\"https:\\\/\\\/algarve7.pt\\\/index.php\\\/2026\\\/09\\\/loule-procura-o-cao-mais-idoso-do-concelho\\\/atualidade\\\/14\\\/30\\\/\",\"name\":\"Loul\u00e9 procura o c\u00e3o mais idoso do concelho - Algarve 7\",\"isPartOf\":{\"@id\":\"https:\\\/\\\/algarve7.pt\\\/#website\"},\"primaryImageOfPage\":{\"@id\":\"https:\\\/\\\/algarve7.pt\\\/index.php\\\/2026\\\/09\\\/loule-procura-o-cao-mais-idoso-do-concelho\\\/atualidade\\\/14\\\/30\\\/#primaryimage\"},\"image\":{\"@id\":\"https:\\\/\\\/algarve7.pt\\\/index.php\\\/2026\\\/09\\\/loule-procura-o-cao-mais-idoso-do-concelho\\\/atualidade\\\/14\\\/30\\\/#primaryimage\"},\"thumbnailUrl\":\"https:\\\/\\\/algarve7.pt\\\/wp-content\\\/uploads\\\/2026\\\/09\\\/Captura-de-ecra-2026-09-06-as-11.48.06.png\",\"datePublished\":\"2026-09-06T13:30:00+00:00\",\"description\":\"Loul\u00e9 procura o c\u00e3o mais idoso do concelho Atualidade\",\"breadcrumb\":{\"@id\":\"https:\\\/\\\/algarve7.pt\\\/index.php\\\/2026\\\/09\\\/loule-procura-o-cao-mais-idoso-do-concelho\\\/atualidade\\\/14\\\/30\\\/#breadcrumb\"},\"inLanguage\":\"pt-PT\",\"potentialAction\":[{\"@type\":\"ReadAction\",\"target\":[\"https:\\\/\\\/algarve7.pt\\\/index.php\\\/2026\\\/09\\\/loule-procura-o-cao-mais-idoso-do-concelho\\\/atualidade\\\/14\\\/30\\\/\"]}]},{\"@type\":\"ImageObject\",\"inLanguage\":\"pt-PT\",\"@id\":\"https:\\\/\\\/algarve7.pt\\\/index.php\\\/2026\\\/09\\\/loule-procura-o-cao-mais-idoso-do-concelho\\\/atualidade\\\/14\\\/30\\\/#primaryimage\",\"url\":\"https:\\\/\\\/algarve7.pt\\\/wp-content\\\/uploads\\\/2026\\\/09\\\/Captura-de-ecra-2026-09-06-as-11.48.06.png\",\"contentUrl\":\"https:\\\/\\\/algarve7.pt\\\/wp-content\\\/uploads\\\/2026\\\/09\\\/Captura-de-ecra-2026-09-06-as-11.48.06.png\",\"width\":948,\"height\":650},{\"@type\":\"BreadcrumbList\",\"@id\":\"https:\\\/\\\/algarve7.pt\\\/index.php\\\/2026\\\/09\\\/loule-procura-o-cao-mais-idoso-do-concelho\\\/atualidade\\\/14\\\/30\\\/#breadcrumb\",\"itemListElement\":[{\"@type\":\"ListItem\",\"position\":1,\"name\":\"In\u00edcio\",\"item\":\"https:\\\/\\\/algarve7.pt\\\/\"},{\"@type\":\"ListItem\",\"position\":2,\"name\":\"Loul\u00e9 procura o c\u00e3o mais idoso do concelho\"}]},{\"@type\":\"WebSite\",\"@id\":\"https:\\\/\\\/algarve7.pt\\\/#website\",\"url\":\"https:\\\/\\\/algarve7.pt\\\/\",\"name\":\"Algarve 7\",\"description\":\"Informa\u00e7\u00e3o sobre o Algarve\",\"publisher\":{\"@id\":\"https:\\\/\\\/algarve7.pt\\\/#organization\"},\"potentialAction\":[{\"@type\":\"SearchAction\",\"target\":{\"@type\":\"EntryPoint\",\"urlTemplate\":\"https:\\\/\\\/algarve7.pt\\\/?s={search_term_string}\"},\"query-input\":{\"@type\":\"PropertyValueSpecification\",\"valueRequired\":true,\"valueName\":\"search_term_string\"}}],\"inLanguage\":\"pt-PT\"},{\"@type\":\"Organization\",\"@id\":\"https:\\\/\\\/algarve7.pt\\\/#organization\",\"name\":\"Algarve 7\",\"url\":\"https:\\\/\\\/algarve7.pt\\\/\",\"logo\":{\"@type\":\"ImageObject\",\"inLanguage\":\"pt-PT\",\"@id\":\"https:\\\/\\\/algarve7.pt\\\/#\\\/schema\\\/logo\\\/image\\\/\",\"url\":\"https:\\\/\\\/algarve7.pt\\\/wp-content\\\/uploads\\\/2020\\\/10\\\/Logo-8.jpg\",\"contentUrl\":\"https:\\\/\\\/algarve7.pt\\\/wp-content\\\/uploads\\\/2020\\\/10\\\/Logo-8.jpg\",\"width\":1680,\"height\":1186,\"caption\":\"Algarve 7\"},\"image\":{\"@id\":\"https:\\\/\\\/algarve7.pt\\\/#\\\/schema\\\/logo\\\/image\\\/\"},\"sameAs\":[\"https:\\\/\\\/www.facebook.com\\\/algarve7\",\"https:\\\/\\\/x.com\\\/Algarvesete\",\"https:\\\/\\\/www.instagram.com\\\/jornalalgarve7\\\/\",\"https:\\\/\\\/www.linkedin.com\\\/company\\\/algarve7\",\"https:\\\/\\\/www.pinterest.pt\\\/geral0939\\\/_created\\\/\"]},{\"@type\":\"Person\",\"@id\":\"https:\\\/\\\/algarve7.pt\\\/#\\\/schema\\\/person\\\/23fa70681308e7b319a3204bcea45e0c\",\"name\":\"Algarve 7\",\"sameAs\":[\"https:\\\/\\\/algarve7.pt\",\"https:\\\/\\\/www.facebook.com\\\/algarve7\"],\"url\":\"https:\\\/\\\/algarve7.pt\\\/index.php\\\/author\\\/geralalgarve7-pt\\\/\"}]}<\/script>\n<!-- \/ Yoast SEO plugin. -->","yoast_head_json":{"title":"Loul\u00e9 procura o c\u00e3o mais idoso do concelho - Algarve 7","description":"Loul\u00e9 procura o c\u00e3o mais idoso do concelho Atualidade","robots":{"index":"index","follow":"follow","max-snippet":"max-snippet:-1","max-image-preview":"max-image-preview:large","max-video-preview":"max-video-preview:-1"},"canonical":"https:\/\/algarve7.pt\/index.php\/2026\/09\/loule-procura-o-cao-mais-idoso-do-concelho\/atualidade\/14\/30\/","og_locale":"pt_PT","og_type":"article","og_title":"Loul\u00e9 procura o c\u00e3o mais idoso do concelho - Algarve 7","og_description":"Loul\u00e9 procura o c\u00e3o mais idoso do concelho Atualidade","og_url":"https:\/\/algarve7.pt\/index.php\/2026\/09\/loule-procura-o-cao-mais-idoso-do-concelho\/atualidade\/14\/30\/","og_site_name":"Algarve 7","article_publisher":"https:\/\/www.facebook.com\/algarve7","article_author":"https:\/\/www.facebook.com\/algarve7","article_published_time":"2026-09-06T13:30:00+00:00","og_image":[{"width":948,"height":650,"url":"https:\/\/algarve7.pt\/wp-content\/uploads\/2026\/09\/Captura-de-ecra-2026-09-06-as-11.48.06.png","type":"image\/png"}],"author":"Algarve 7","twitter_card":"summary_large_image","twitter_creator":"@Algarvesete","twitter_site":"@Algarvesete","twitter_misc":{"Escrito por":"Algarve 7","Tempo estimado de leitura":"2 minutos"},"schema":{"@context":"https:\/\/schema.org","@graph":[{"@type":"Article","@id":"https:\/\/algarve7.pt\/index.php\/2026\/09\/loule-procura-o-cao-mais-idoso-do-concelho\/atualidade\/14\/30\/#article","isPartOf":{"@id":"https:\/\/algarve7.pt\/index.php\/2026\/09\/loule-procura-o-cao-mais-idoso-do-concelho\/atualidade\/14\/30\/"},"author":{"name":"Algarve 7","@id":"https:\/\/algarve7.pt\/#\/schema\/person\/23fa70681308e7b319a3204bcea45e0c"},"headline":"Loul\u00e9 procura o c\u00e3o mais idoso do concelho","datePublished":"2026-09-06T13:30:00+00:00","mainEntityOfPage":{"@id":"https:\/\/algarve7.pt\/index.php\/2026\/09\/loule-procura-o-cao-mais-idoso-do-concelho\/atualidade\/14\/30\/"},"wordCount":338,"publisher":{"@id":"https:\/\/algarve7.pt\/#organization"},"image":{"@id":"https:\/\/algarve7.pt\/index.php\/2026\/09\/loule-procura-o-cao-mais-idoso-do-concelho\/atualidade\/14\/30\/#primaryimage"},"thumbnailUrl":"https:\/\/algarve7.pt\/wp-content\/uploads\/2026\/09\/Captura-de-ecra-2026-09-06-as-11.48.06.png","keywords":["Algarve","Atualidade","Loul\u00e9"],"articleSection":["Atualidade"],"inLanguage":"pt-PT"},{"@type":"WebPage","@id":"https:\/\/algarve7.pt\/index.php\/2026\/09\/loule-procura-o-cao-mais-idoso-do-concelho\/atualidade\/14\/30\/","url":"https:\/\/algarve7.pt\/index.php\/2026\/09\/loule-procura-o-cao-mais-idoso-do-concelho\/atualidade\/14\/30\/","name":"Loul\u00e9 procura o c\u00e3o mais idoso do concelho - Algarve 7","isPartOf":{"@id":"https:\/\/algarve7.pt\/#website"},"primaryImageOfPage":{"@id":"https:\/\/algarve7.pt\/index.php\/2026\/09\/loule-procura-o-cao-mais-idoso-do-concelho\/atualidade\/14\/30\/#primaryimage"},"image":{"@id":"https:\/\/algarve7.pt\/index.php\/2026\/09\/loule-procura-o-cao-mais-idoso-do-concelho\/atualidade\/14\/30\/#primaryimage"},"thumbnailUrl":"https:\/\/algarve7.pt\/wp-content\/uploads\/2026\/09\/Captura-de-ecra-2026-09-06-as-11.48.06.png","datePublished":"2026-09-06T13:30:00+00:00","description":"Loul\u00e9 procura o c\u00e3o mais idoso do concelho Atualidade","breadcrumb":{"@id":"https:\/\/algarve7.pt\/index.php\/2026\/09\/loule-procura-o-cao-mais-idoso-do-concelho\/atualidade\/14\/30\/#breadcrumb"},"inLanguage":"pt-PT","potentialAction":[{"@type":"ReadAction","target":["https:\/\/algarve7.pt\/index.php\/2026\/09\/loule-procura-o-cao-mais-idoso-do-concelho\/atualidade\/14\/30\/"]}]},{"@type":"ImageObject","inLanguage":"pt-PT","@id":"https:\/\/algarve7.pt\/index.php\/2026\/09\/loule-procura-o-cao-mais-idoso-do-concelho\/atualidade\/14\/30\/#primaryimage","url":"https:\/\/algarve7.pt\/wp-content\/uploads\/2026\/09\/Captura-de-ecra-2026-09-06-as-11.48.06.png","contentUrl":"https:\/\/algarve7.pt\/wp-content\/uploads\/2026\/09\/Captura-de-ecra-2026-09-06-as-11.48.06.png","width":948,"height":650},{"@type":"BreadcrumbList","@id":"https:\/\/algarve7.pt\/index.php\/2026\/09\/loule-procura-o-cao-mais-idoso-do-concelho\/atualidade\/14\/30\/#breadcrumb","itemListElement":[{"@type":"ListItem","position":1,"name":"In\u00edcio","item":"https:\/\/algarve7.pt\/"},{"@type":"ListItem","position":2,"name":"Loul\u00e9 procura o c\u00e3o mais idoso do concelho"}]},{"@type":"WebSite","@id":"https:\/\/algarve7.pt\/#website","url":"https:\/\/algarve7.pt\/","name":"Algarve 7","description":"Informa\u00e7\u00e3o sobre o Algarve","publisher":{"@id":"https:\/\/algarve7.pt\/#organization"},"potentialAction":[{"@type":"SearchAction","target":{"@type":"EntryPoint","urlTemplate":"https:\/\/algarve7.pt\/?s={search_term_string}"},"query-input":{"@type":"PropertyValueSpecification","valueRequired":true,"valueName":"search_term_string"}}],"inLanguage":"pt-PT"},{"@type":"Organization","@id":"https:\/\/algarve7.pt\/#organization","name":"Algarve 7","url":"https:\/\/algarve7.pt\/","logo":{"@type":"ImageObject","inLanguage":"pt-PT","@id":"https:\/\/algarve7.pt\/#\/schema\/logo\/image\/","url":"https:\/\/algarve7.pt\/wp-content\/uploads\/2020\/10\/Logo-8.jpg","contentUrl":"https:\/\/algarve7.pt\/wp-content\/uploads\/2020\/10\/Logo-8.jpg","width":1680,"height":1186,"caption":"Algarve 7"},"image":{"@id":"https:\/\/algarve7.pt\/#\/schema\/logo\/image\/"},"sameAs":["https:\/\/www.facebook.com\/algarve7","https:\/\/x.com\/Algarvesete","https:\/\/www.instagram.com\/jornalalgarve7\/","https:\/\/www.linkedin.com\/company\/algarve7","https:\/\/www.pinterest.pt\/geral0939\/_created\/"]},{"@type":"Person","@id":"https:\/\/algarve7.pt\/#\/schema\/person\/23fa70681308e7b319a3204bcea45e0c","name":"Algarve 7","sameAs":["https:\/\/algarve7.pt","https:\/\/www.facebook.com\/algarve7"],"url":"https:\/\/algarve7.pt\/index.php\/author\/geralalgarve7-pt\/"}]}},"jetpack_publicize_connections":[],"jetpack_shortlink":"https:\/\/wp.me\/pcezmW-hdu","jetpack_sharing_enabled":true,"jetpack_featured_media_url":"https:\/\/algarve7.pt\/wp-content\/uploads\/2026\/09\/Captura-de-ecra-2026-09-06-as-11.48.06.png","_links":{"self":[{"href":"https:\/\/algarve7.pt\/index.php\/wp-json\/wp\/v2\/posts\/66184","targetHints":{"allow":["GET"]}}],"collection":[{"href":"https:\/\/algarve7.pt\/index.php\/wp-json\/wp\/v2\/posts"}],"about":[{"href":"https:\/\/algarve7.pt\/index.php\/wp-json\/wp\/v2\/types\/post"}],"author":[{"embeddable":true,"href":"https:\/\/algarve7.pt\/index.php\/wp-json\/wp\/v2\/users\/1"}],"replies":[{"embeddable":true,"href":"https:\/\/algarve7.pt\/index.php\/wp-json\/wp\/v2\/comments?post=66184"}],"version-history":[{"count":1,"href":"https:\/\/algarve7.pt\/index.php\/wp-json\/wp\/v2\/posts\/66184\/revisions"}],"predecessor-version":[{"id":66186,"href":"https:\/\/algarve7.pt\/index.php\/wp-json\/wp\/v2\/posts\/66184\/revisions\/66186"}],"wp:featuredmedia":[{"embeddable":true,"href":"https:\/\/algarve7.pt\/index.php\/wp-json\/wp\/v2\/media\/66185"}],"wp:attachment":[{"href":"https:\/\/algarve7.pt\/index.php\/wp-json\/wp\/v2\/media?parent=66184"}],"wp:term":[{"taxonomy":"category","embeddable":true,"href":"https:\/\/algarve7.pt\/index.php\/wp-json\/wp\/v2\/categories?post=66184"},{"taxonomy":"post_tag","embeddable":true,"href":"https:\/\/algarve7.pt\/index.php\/wp-json\/wp\/v2\/tags?post=66184"}],"curies":[{"name":"wp","href":"https:\/\/api.w.org\/{rel}","templated":true}]}}