{"id":66175,"date":"2026-09-06T10:15:00","date_gmt":"2026-09-06T09:15:00","guid":{"rendered":"https:\/\/algarve7.pt\/?p=66175"},"modified":"2026-09-06T09:54:31","modified_gmt":"2026-09-06T08:54:31","slug":"inscricoes-abertas-para-as-aulas-2026-2027-na-sociedade-vencedora-portimonense","status":"publish","type":"post","link":"https:\/\/algarve7.pt\/index.php\/2026\/09\/inscricoes-abertas-para-as-aulas-2026-2027-na-sociedade-vencedora-portimonense\/cultura\/10\/15\/","title":{"rendered":"Inscri\u00e7\u00f5es abertas para as aulas 2026\/2027 na sociedade vencedora Portimonense"},"content":{"rendered":"\n<p class=\"wp-block-paragraph\">Est\u00e3o abertas as inscri\u00e7\u00f5es para as aulas que semanalmente a Sociedade Vencedora Portimonense passar\u00e1 a disponibilizar j\u00e1 partir deste m\u00eas de setembro. Com efeito e numa perspetiva de aproxima\u00e7\u00e3o das pessoas ao centro hist\u00f3rico da cidade e para promover maior dinamismo nesta coletividade, ser\u00e3o disponibilizadas na sede da Sociedade Vencedora Portimonense aulas de dan\u00e7as latinas, de Yoga e de Costura.<\/p>\n\n\n\n<p class=\"wp-block-paragraph\">Para quem gosta de dan\u00e7ar e quer aprender ritmos latinos, as Aulas de Dan\u00e7as Latinas, dinamizadas pelos Professores Pedro Casanova e Alexandra Martins, realizam-se dois dias por semana, nomeadamente \u00e0s segundas-feiras, das 21h00 \u00e0s 22h00, decorre a aula de Kizomba (iniciados) e, das 22h00 \u00e0s 23h00, a aula de Bachata (iniciados). \u00c0s quintas-feiras, das 21h00 \u00e0s 22h00, tem lugar a aula de Salsa (interm\u00e9dios), seguida da aula de Kizomba (interm\u00e9dios), das 22h00 \u00e0s 23h00. Para mais informa\u00e7\u00f5es, poder\u00e1 contactar diretamente os professores atrav\u00e9s dos n\u00fameros 967&nbsp;519&nbsp;144 e 919&nbsp;293&nbsp;700.<\/p>\n\n\n\n<p class=\"wp-block-paragraph\">Se prefere uma atividade relaxante, mais direcionada para o bem-estar mental e espiritual, poder\u00e1 participar nas Aulas de Yoga que se realizam \u00e0s ter\u00e7as-feiras e \u00e0s quintas-feiras, duas aulas, \u00e0s 18h30 e, novamente, \u00e0s 19h30. Poder\u00e1 contactar diretamente a Professora Vit\u00f3ria, atrav\u00e9s do n\u00famero 937&nbsp;330&nbsp;655.<\/p>\n\n\n\n<p class=\"wp-block-paragraph\">Caso queira aprender ou melhorar as t\u00e9cnicas de costura, a Professora Paula Eduardo organiza \u00e0s quartas-feiras, das 9h30 \u00e0s 12h30, e \u00e0s quintas-feiras, das 18h00 \u00e0s 21h00, Aulas de Costura que se adequam \u00e0s necessidades e ao ritmo de cada formando. Contacte a Professora Paula atrav\u00e9s do n\u00famero 966&nbsp;876&nbsp;503.<\/p>\n\n\n\n<p class=\"wp-block-paragraph\">A Sociedade Vencedora Portimonense \u00e9 uma Coletividade Centen\u00e1ria de Portim\u00e3o, localizada na Rua Prof. Jos\u00e9 Buisel, 64 \u2013 1.\u00ba, com o n\u00famero de contacto 928&nbsp;250&nbsp;151, cujas atividades t\u00eam o apoio da C\u00e2mara Municipal de Portim\u00e3o e da Junta de Freguesia de Portim\u00e3o e contribuem para o&nbsp;desenvolvimento cultural de Portim\u00e3o e promovem um impacto significativo para a dinamiza\u00e7\u00e3o do centro da cidade.<\/p>\n","protected":false},"excerpt":{"rendered":"<p>Est\u00e3o abertas as inscri\u00e7\u00f5es para as aulas que semanalmente a Sociedade Vencedora Portimonense passar\u00e1 a disponibilizar j\u00e1 partir deste m\u00eas<\/p>\n","protected":false},"author":1,"featured_media":66176,"comment_status":"closed","ping_status":"closed","sticky":false,"template":"","format":"standard","meta":{"colormag_page_container_layout":"default_layout","colormag_page_sidebar_layout":"default_layout","_monsterinsights_skip_tracking":false,"_jetpack_newsletter_access":"","_jetpack_dont_email_post_to_subs":false,"_jetpack_newsletter_tier_id":0,"_jetpack_memberships_contains_paywalled_content":false,"_jetpack_feature_clip_id":0,"_jetpack_memberships_contains_paid_content":false,"footnotes":"","jetpack_publicize_message":"","jetpack_publicize_feature_enabled":true,"jetpack_social_post_already_shared":true,"jetpack_social_options":{"image_generator_settings":{"template":"highway","default_image_id":0,"font":"","enabled":false},"version":2},"jetpack_post_was_ever_published":false},"categories":[14],"tags":[36,35,72,1238],"class_list":["post-66175","post","type-post","status-publish","format-standard","has-post-thumbnail","hentry","category-cultura","tag-algarve","tag-cultura","tag-portimao","tag-sociedade-vencedora-portimonense"],"yoast_head":"<!-- This site is optimized with the Yoast SEO plugin v28.4 - https:\/\/yoast.com\/product\/yoast-seo-wordpress\/ -->\n<title>Inscri\u00e7\u00f5es abertas para as aulas 2026\/2027 na sociedade vencedora Portimonense - Algarve 7<\/title>\n<meta name=\"description\" content=\"Inscri\u00e7\u00f5es abertas para as aulas 2026\/2027 na sociedade vencedora Portimonense Cultura\" \/>\n<meta name=\"robots\" content=\"index, follow, max-snippet:-1, max-image-preview:large, max-video-preview:-1\" \/>\n<link rel=\"canonical\" href=\"https:\/\/algarve7.pt\/index.php\/2026\/09\/inscricoes-abertas-para-as-aulas-2026-2027-na-sociedade-vencedora-portimonense\/cultura\/10\/15\/\" \/>\n<meta property=\"og:locale\" content=\"pt_PT\" \/>\n<meta property=\"og:type\" content=\"article\" \/>\n<meta property=\"og:title\" content=\"Inscri\u00e7\u00f5es abertas para as aulas 2026\/2027 na sociedade vencedora Portimonense - Algarve 7\" \/>\n<meta property=\"og:description\" content=\"Inscri\u00e7\u00f5es abertas para as aulas 2026\/2027 na sociedade vencedora Portimonense Cultura\" \/>\n<meta property=\"og:url\" content=\"https:\/\/algarve7.pt\/index.php\/2026\/09\/inscricoes-abertas-para-as-aulas-2026-2027-na-sociedade-vencedora-portimonense\/cultura\/10\/15\/\" \/>\n<meta property=\"og:site_name\" content=\"Algarve 7\" \/>\n<meta property=\"article:publisher\" content=\"https:\/\/www.facebook.com\/algarve7\" \/>\n<meta property=\"article:author\" content=\"https:\/\/www.facebook.com\/algarve7\" \/>\n<meta property=\"article:published_time\" content=\"2026-09-06T09:15:00+00:00\" \/>\n<meta property=\"og:image\" content=\"https:\/\/algarve7.pt\/wp-content\/uploads\/2026\/09\/Captura-de-ecra-2026-09-06-as-09.52.30.png\" \/>\n\t<meta property=\"og:image:width\" content=\"1000\" \/>\n\t<meta property=\"og:image:height\" content=\"550\" \/>\n\t<meta property=\"og:image:type\" content=\"image\/png\" \/>\n<meta name=\"author\" content=\"Algarve 7\" \/>\n<meta name=\"twitter:card\" content=\"summary_large_image\" \/>\n<meta name=\"twitter:creator\" content=\"@Algarvesete\" \/>\n<meta name=\"twitter:site\" content=\"@Algarvesete\" \/>\n<meta name=\"twitter:label1\" content=\"Escrito por\" \/>\n\t<meta name=\"twitter:data1\" content=\"Algarve 7\" \/>\n\t<meta name=\"twitter:label2\" content=\"Tempo estimado de leitura\" \/>\n\t<meta name=\"twitter:data2\" content=\"2 minutos\" \/>\n<script type=\"application\/ld+json\" class=\"yoast-schema-graph\">{\"@context\":\"https:\\\/\\\/schema.org\",\"@graph\":[{\"@type\":\"Article\",\"@id\":\"https:\\\/\\\/algarve7.pt\\\/index.php\\\/2026\\\/09\\\/inscricoes-abertas-para-as-aulas-2026-2027-na-sociedade-vencedora-portimonense\\\/cultura\\\/10\\\/15\\\/#article\",\"isPartOf\":{\"@id\":\"https:\\\/\\\/algarve7.pt\\\/index.php\\\/2026\\\/09\\\/inscricoes-abertas-para-as-aulas-2026-2027-na-sociedade-vencedora-portimonense\\\/cultura\\\/10\\\/15\\\/\"},\"author\":{\"name\":\"Algarve 7\",\"@id\":\"https:\\\/\\\/algarve7.pt\\\/#\\\/schema\\\/person\\\/23fa70681308e7b319a3204bcea45e0c\"},\"headline\":\"Inscri\u00e7\u00f5es abertas para as aulas 2026\\\/2027 na sociedade vencedora Portimonense\",\"datePublished\":\"2026-09-06T09:15:00+00:00\",\"mainEntityOfPage\":{\"@id\":\"https:\\\/\\\/algarve7.pt\\\/index.php\\\/2026\\\/09\\\/inscricoes-abertas-para-as-aulas-2026-2027-na-sociedade-vencedora-portimonense\\\/cultura\\\/10\\\/15\\\/\"},\"wordCount\":346,\"publisher\":{\"@id\":\"https:\\\/\\\/algarve7.pt\\\/#organization\"},\"image\":{\"@id\":\"https:\\\/\\\/algarve7.pt\\\/index.php\\\/2026\\\/09\\\/inscricoes-abertas-para-as-aulas-2026-2027-na-sociedade-vencedora-portimonense\\\/cultura\\\/10\\\/15\\\/#primaryimage\"},\"thumbnailUrl\":\"https:\\\/\\\/algarve7.pt\\\/wp-content\\\/uploads\\\/2026\\\/09\\\/Captura-de-ecra-2026-09-06-as-09.52.30.png\",\"keywords\":[\"Algarve\",\"Cultura\",\"Portim\u00e3o\",\"Sociedade Vencedora Portimonense\"],\"articleSection\":[\"Cultura\"],\"inLanguage\":\"pt-PT\"},{\"@type\":\"WebPage\",\"@id\":\"https:\\\/\\\/algarve7.pt\\\/index.php\\\/2026\\\/09\\\/inscricoes-abertas-para-as-aulas-2026-2027-na-sociedade-vencedora-portimonense\\\/cultura\\\/10\\\/15\\\/\",\"url\":\"https:\\\/\\\/algarve7.pt\\\/index.php\\\/2026\\\/09\\\/inscricoes-abertas-para-as-aulas-2026-2027-na-sociedade-vencedora-portimonense\\\/cultura\\\/10\\\/15\\\/\",\"name\":\"Inscri\u00e7\u00f5es abertas para as aulas 2026\\\/2027 na sociedade vencedora Portimonense - Algarve 7\",\"isPartOf\":{\"@id\":\"https:\\\/\\\/algarve7.pt\\\/#website\"},\"primaryImageOfPage\":{\"@id\":\"https:\\\/\\\/algarve7.pt\\\/index.php\\\/2026\\\/09\\\/inscricoes-abertas-para-as-aulas-2026-2027-na-sociedade-vencedora-portimonense\\\/cultura\\\/10\\\/15\\\/#primaryimage\"},\"image\":{\"@id\":\"https:\\\/\\\/algarve7.pt\\\/index.php\\\/2026\\\/09\\\/inscricoes-abertas-para-as-aulas-2026-2027-na-sociedade-vencedora-portimonense\\\/cultura\\\/10\\\/15\\\/#primaryimage\"},\"thumbnailUrl\":\"https:\\\/\\\/algarve7.pt\\\/wp-content\\\/uploads\\\/2026\\\/09\\\/Captura-de-ecra-2026-09-06-as-09.52.30.png\",\"datePublished\":\"2026-09-06T09:15:00+00:00\",\"description\":\"Inscri\u00e7\u00f5es abertas para as aulas 2026\\\/2027 na sociedade vencedora Portimonense Cultura\",\"breadcrumb\":{\"@id\":\"https:\\\/\\\/algarve7.pt\\\/index.php\\\/2026\\\/09\\\/inscricoes-abertas-para-as-aulas-2026-2027-na-sociedade-vencedora-portimonense\\\/cultura\\\/10\\\/15\\\/#breadcrumb\"},\"inLanguage\":\"pt-PT\",\"potentialAction\":[{\"@type\":\"ReadAction\",\"target\":[\"https:\\\/\\\/algarve7.pt\\\/index.php\\\/2026\\\/09\\\/inscricoes-abertas-para-as-aulas-2026-2027-na-sociedade-vencedora-portimonense\\\/cultura\\\/10\\\/15\\\/\"]}]},{\"@type\":\"ImageObject\",\"inLanguage\":\"pt-PT\",\"@id\":\"https:\\\/\\\/algarve7.pt\\\/index.php\\\/2026\\\/09\\\/inscricoes-abertas-para-as-aulas-2026-2027-na-sociedade-vencedora-portimonense\\\/cultura\\\/10\\\/15\\\/#primaryimage\",\"url\":\"https:\\\/\\\/algarve7.pt\\\/wp-content\\\/uploads\\\/2026\\\/09\\\/Captura-de-ecra-2026-09-06-as-09.52.30.png\",\"contentUrl\":\"https:\\\/\\\/algarve7.pt\\\/wp-content\\\/uploads\\\/2026\\\/09\\\/Captura-de-ecra-2026-09-06-as-09.52.30.png\",\"width\":1000,\"height\":550},{\"@type\":\"BreadcrumbList\",\"@id\":\"https:\\\/\\\/algarve7.pt\\\/index.php\\\/2026\\\/09\\\/inscricoes-abertas-para-as-aulas-2026-2027-na-sociedade-vencedora-portimonense\\\/cultura\\\/10\\\/15\\\/#breadcrumb\",\"itemListElement\":[{\"@type\":\"ListItem\",\"position\":1,\"name\":\"In\u00edcio\",\"item\":\"https:\\\/\\\/algarve7.pt\\\/\"},{\"@type\":\"ListItem\",\"position\":2,\"name\":\"Inscri\u00e7\u00f5es abertas para as aulas 2026\\\/2027 na sociedade vencedora Portimonense\"}]},{\"@type\":\"WebSite\",\"@id\":\"https:\\\/\\\/algarve7.pt\\\/#website\",\"url\":\"https:\\\/\\\/algarve7.pt\\\/\",\"name\":\"Algarve 7\",\"description\":\"Informa\u00e7\u00e3o sobre o Algarve\",\"publisher\":{\"@id\":\"https:\\\/\\\/algarve7.pt\\\/#organization\"},\"potentialAction\":[{\"@type\":\"SearchAction\",\"target\":{\"@type\":\"EntryPoint\",\"urlTemplate\":\"https:\\\/\\\/algarve7.pt\\\/?s={search_term_string}\"},\"query-input\":{\"@type\":\"PropertyValueSpecification\",\"valueRequired\":true,\"valueName\":\"search_term_string\"}}],\"inLanguage\":\"pt-PT\"},{\"@type\":\"Organization\",\"@id\":\"https:\\\/\\\/algarve7.pt\\\/#organization\",\"name\":\"Algarve 7\",\"url\":\"https:\\\/\\\/algarve7.pt\\\/\",\"logo\":{\"@type\":\"ImageObject\",\"inLanguage\":\"pt-PT\",\"@id\":\"https:\\\/\\\/algarve7.pt\\\/#\\\/schema\\\/logo\\\/image\\\/\",\"url\":\"https:\\\/\\\/algarve7.pt\\\/wp-content\\\/uploads\\\/2020\\\/10\\\/Logo-8.jpg\",\"contentUrl\":\"https:\\\/\\\/algarve7.pt\\\/wp-content\\\/uploads\\\/2020\\\/10\\\/Logo-8.jpg\",\"width\":1680,\"height\":1186,\"caption\":\"Algarve 7\"},\"image\":{\"@id\":\"https:\\\/\\\/algarve7.pt\\\/#\\\/schema\\\/logo\\\/image\\\/\"},\"sameAs\":[\"https:\\\/\\\/www.facebook.com\\\/algarve7\",\"https:\\\/\\\/x.com\\\/Algarvesete\",\"https:\\\/\\\/www.instagram.com\\\/jornalalgarve7\\\/\",\"https:\\\/\\\/www.linkedin.com\\\/company\\\/algarve7\",\"https:\\\/\\\/www.pinterest.pt\\\/geral0939\\\/_created\\\/\"]},{\"@type\":\"Person\",\"@id\":\"https:\\\/\\\/algarve7.pt\\\/#\\\/schema\\\/person\\\/23fa70681308e7b319a3204bcea45e0c\",\"name\":\"Algarve 7\",\"sameAs\":[\"https:\\\/\\\/algarve7.pt\",\"https:\\\/\\\/www.facebook.com\\\/algarve7\"],\"url\":\"https:\\\/\\\/algarve7.pt\\\/index.php\\\/author\\\/geralalgarve7-pt\\\/\"}]}<\/script>\n<!-- \/ Yoast SEO plugin. -->","yoast_head_json":{"title":"Inscri\u00e7\u00f5es abertas para as aulas 2026\/2027 na sociedade vencedora Portimonense - Algarve 7","description":"Inscri\u00e7\u00f5es abertas para as aulas 2026\/2027 na sociedade vencedora Portimonense Cultura","robots":{"index":"index","follow":"follow","max-snippet":"max-snippet:-1","max-image-preview":"max-image-preview:large","max-video-preview":"max-video-preview:-1"},"canonical":"https:\/\/algarve7.pt\/index.php\/2026\/09\/inscricoes-abertas-para-as-aulas-2026-2027-na-sociedade-vencedora-portimonense\/cultura\/10\/15\/","og_locale":"pt_PT","og_type":"article","og_title":"Inscri\u00e7\u00f5es abertas para as aulas 2026\/2027 na sociedade vencedora Portimonense - Algarve 7","og_description":"Inscri\u00e7\u00f5es abertas para as aulas 2026\/2027 na sociedade vencedora Portimonense Cultura","og_url":"https:\/\/algarve7.pt\/index.php\/2026\/09\/inscricoes-abertas-para-as-aulas-2026-2027-na-sociedade-vencedora-portimonense\/cultura\/10\/15\/","og_site_name":"Algarve 7","article_publisher":"https:\/\/www.facebook.com\/algarve7","article_author":"https:\/\/www.facebook.com\/algarve7","article_published_time":"2026-09-06T09:15:00+00:00","og_image":[{"width":1000,"height":550,"url":"https:\/\/algarve7.pt\/wp-content\/uploads\/2026\/09\/Captura-de-ecra-2026-09-06-as-09.52.30.png","type":"image\/png"}],"author":"Algarve 7","twitter_card":"summary_large_image","twitter_creator":"@Algarvesete","twitter_site":"@Algarvesete","twitter_misc":{"Escrito por":"Algarve 7","Tempo estimado de leitura":"2 minutos"},"schema":{"@context":"https:\/\/schema.org","@graph":[{"@type":"Article","@id":"https:\/\/algarve7.pt\/index.php\/2026\/09\/inscricoes-abertas-para-as-aulas-2026-2027-na-sociedade-vencedora-portimonense\/cultura\/10\/15\/#article","isPartOf":{"@id":"https:\/\/algarve7.pt\/index.php\/2026\/09\/inscricoes-abertas-para-as-aulas-2026-2027-na-sociedade-vencedora-portimonense\/cultura\/10\/15\/"},"author":{"name":"Algarve 7","@id":"https:\/\/algarve7.pt\/#\/schema\/person\/23fa70681308e7b319a3204bcea45e0c"},"headline":"Inscri\u00e7\u00f5es abertas para as aulas 2026\/2027 na sociedade vencedora Portimonense","datePublished":"2026-09-06T09:15:00+00:00","mainEntityOfPage":{"@id":"https:\/\/algarve7.pt\/index.php\/2026\/09\/inscricoes-abertas-para-as-aulas-2026-2027-na-sociedade-vencedora-portimonense\/cultura\/10\/15\/"},"wordCount":346,"publisher":{"@id":"https:\/\/algarve7.pt\/#organization"},"image":{"@id":"https:\/\/algarve7.pt\/index.php\/2026\/09\/inscricoes-abertas-para-as-aulas-2026-2027-na-sociedade-vencedora-portimonense\/cultura\/10\/15\/#primaryimage"},"thumbnailUrl":"https:\/\/algarve7.pt\/wp-content\/uploads\/2026\/09\/Captura-de-ecra-2026-09-06-as-09.52.30.png","keywords":["Algarve","Cultura","Portim\u00e3o","Sociedade Vencedora Portimonense"],"articleSection":["Cultura"],"inLanguage":"pt-PT"},{"@type":"WebPage","@id":"https:\/\/algarve7.pt\/index.php\/2026\/09\/inscricoes-abertas-para-as-aulas-2026-2027-na-sociedade-vencedora-portimonense\/cultura\/10\/15\/","url":"https:\/\/algarve7.pt\/index.php\/2026\/09\/inscricoes-abertas-para-as-aulas-2026-2027-na-sociedade-vencedora-portimonense\/cultura\/10\/15\/","name":"Inscri\u00e7\u00f5es abertas para as aulas 2026\/2027 na sociedade vencedora Portimonense - Algarve 7","isPartOf":{"@id":"https:\/\/algarve7.pt\/#website"},"primaryImageOfPage":{"@id":"https:\/\/algarve7.pt\/index.php\/2026\/09\/inscricoes-abertas-para-as-aulas-2026-2027-na-sociedade-vencedora-portimonense\/cultura\/10\/15\/#primaryimage"},"image":{"@id":"https:\/\/algarve7.pt\/index.php\/2026\/09\/inscricoes-abertas-para-as-aulas-2026-2027-na-sociedade-vencedora-portimonense\/cultura\/10\/15\/#primaryimage"},"thumbnailUrl":"https:\/\/algarve7.pt\/wp-content\/uploads\/2026\/09\/Captura-de-ecra-2026-09-06-as-09.52.30.png","datePublished":"2026-09-06T09:15:00+00:00","description":"Inscri\u00e7\u00f5es abertas para as aulas 2026\/2027 na sociedade vencedora Portimonense Cultura","breadcrumb":{"@id":"https:\/\/algarve7.pt\/index.php\/2026\/09\/inscricoes-abertas-para-as-aulas-2026-2027-na-sociedade-vencedora-portimonense\/cultura\/10\/15\/#breadcrumb"},"inLanguage":"pt-PT","potentialAction":[{"@type":"ReadAction","target":["https:\/\/algarve7.pt\/index.php\/2026\/09\/inscricoes-abertas-para-as-aulas-2026-2027-na-sociedade-vencedora-portimonense\/cultura\/10\/15\/"]}]},{"@type":"ImageObject","inLanguage":"pt-PT","@id":"https:\/\/algarve7.pt\/index.php\/2026\/09\/inscricoes-abertas-para-as-aulas-2026-2027-na-sociedade-vencedora-portimonense\/cultura\/10\/15\/#primaryimage","url":"https:\/\/algarve7.pt\/wp-content\/uploads\/2026\/09\/Captura-de-ecra-2026-09-06-as-09.52.30.png","contentUrl":"https:\/\/algarve7.pt\/wp-content\/uploads\/2026\/09\/Captura-de-ecra-2026-09-06-as-09.52.30.png","width":1000,"height":550},{"@type":"BreadcrumbList","@id":"https:\/\/algarve7.pt\/index.php\/2026\/09\/inscricoes-abertas-para-as-aulas-2026-2027-na-sociedade-vencedora-portimonense\/cultura\/10\/15\/#breadcrumb","itemListElement":[{"@type":"ListItem","position":1,"name":"In\u00edcio","item":"https:\/\/algarve7.pt\/"},{"@type":"ListItem","position":2,"name":"Inscri\u00e7\u00f5es abertas para as aulas 2026\/2027 na sociedade vencedora Portimonense"}]},{"@type":"WebSite","@id":"https:\/\/algarve7.pt\/#website","url":"https:\/\/algarve7.pt\/","name":"Algarve 7","description":"Informa\u00e7\u00e3o sobre o Algarve","publisher":{"@id":"https:\/\/algarve7.pt\/#organization"},"potentialAction":[{"@type":"SearchAction","target":{"@type":"EntryPoint","urlTemplate":"https:\/\/algarve7.pt\/?s={search_term_string}"},"query-input":{"@type":"PropertyValueSpecification","valueRequired":true,"valueName":"search_term_string"}}],"inLanguage":"pt-PT"},{"@type":"Organization","@id":"https:\/\/algarve7.pt\/#organization","name":"Algarve 7","url":"https:\/\/algarve7.pt\/","logo":{"@type":"ImageObject","inLanguage":"pt-PT","@id":"https:\/\/algarve7.pt\/#\/schema\/logo\/image\/","url":"https:\/\/algarve7.pt\/wp-content\/uploads\/2020\/10\/Logo-8.jpg","contentUrl":"https:\/\/algarve7.pt\/wp-content\/uploads\/2020\/10\/Logo-8.jpg","width":1680,"height":1186,"caption":"Algarve 7"},"image":{"@id":"https:\/\/algarve7.pt\/#\/schema\/logo\/image\/"},"sameAs":["https:\/\/www.facebook.com\/algarve7","https:\/\/x.com\/Algarvesete","https:\/\/www.instagram.com\/jornalalgarve7\/","https:\/\/www.linkedin.com\/company\/algarve7","https:\/\/www.pinterest.pt\/geral0939\/_created\/"]},{"@type":"Person","@id":"https:\/\/algarve7.pt\/#\/schema\/person\/23fa70681308e7b319a3204bcea45e0c","name":"Algarve 7","sameAs":["https:\/\/algarve7.pt","https:\/\/www.facebook.com\/algarve7"],"url":"https:\/\/algarve7.pt\/index.php\/author\/geralalgarve7-pt\/"}]}},"jetpack_publicize_connections":[],"jetpack_shortlink":"https:\/\/wp.me\/pcezmW-hdl","jetpack_sharing_enabled":true,"jetpack_featured_media_url":"https:\/\/algarve7.pt\/wp-content\/uploads\/2026\/09\/Captura-de-ecra-2026-09-06-as-09.52.30.png","_links":{"self":[{"href":"https:\/\/algarve7.pt\/index.php\/wp-json\/wp\/v2\/posts\/66175","targetHints":{"allow":["GET"]}}],"collection":[{"href":"https:\/\/algarve7.pt\/index.php\/wp-json\/wp\/v2\/posts"}],"about":[{"href":"https:\/\/algarve7.pt\/index.php\/wp-json\/wp\/v2\/types\/post"}],"author":[{"embeddable":true,"href":"https:\/\/algarve7.pt\/index.php\/wp-json\/wp\/v2\/users\/1"}],"replies":[{"embeddable":true,"href":"https:\/\/algarve7.pt\/index.php\/wp-json\/wp\/v2\/comments?post=66175"}],"version-history":[{"count":1,"href":"https:\/\/algarve7.pt\/index.php\/wp-json\/wp\/v2\/posts\/66175\/revisions"}],"predecessor-version":[{"id":66177,"href":"https:\/\/algarve7.pt\/index.php\/wp-json\/wp\/v2\/posts\/66175\/revisions\/66177"}],"wp:featuredmedia":[{"embeddable":true,"href":"https:\/\/algarve7.pt\/index.php\/wp-json\/wp\/v2\/media\/66176"}],"wp:attachment":[{"href":"https:\/\/algarve7.pt\/index.php\/wp-json\/wp\/v2\/media?parent=66175"}],"wp:term":[{"taxonomy":"category","embeddable":true,"href":"https:\/\/algarve7.pt\/index.php\/wp-json\/wp\/v2\/categories?post=66175"},{"taxonomy":"post_tag","embeddable":true,"href":"https:\/\/algarve7.pt\/index.php\/wp-json\/wp\/v2\/tags?post=66175"}],"curies":[{"name":"wp","href":"https:\/\/api.w.org\/{rel}","templated":true}]}}