{"id":66141,"date":"2026-09-04T11:45:20","date_gmt":"2026-09-04T10:45:20","guid":{"rendered":"https:\/\/algarve7.pt\/?p=66141"},"modified":"2026-09-04T11:45:24","modified_gmt":"2026-09-04T10:45:24","slug":"zoomarine-algarve-devolve-xianna-e-xaloc-ao-oceano-apos-reabilitacao-no-porto-dabrigo","status":"publish","type":"post","link":"https:\/\/algarve7.pt\/index.php\/2026\/09\/zoomarine-algarve-devolve-xianna-e-xaloc-ao-oceano-apos-reabilitacao-no-porto-dabrigo\/ambiente\/11\/45\/","title":{"rendered":"Zoomarine Algarve devolve Xianna e Xaloc ao oceano ap\u00f3s reabilita\u00e7\u00e3o no Porto d\u2019Abrigo"},"content":{"rendered":"\n<p class=\"wp-block-paragraph\">O Porto d\u2019Abrigo do Zoomarine Algarve devolveu ao oceano, esta quinta-feira, 3 de setembro, Xianna e Xaloc, duas tartarugas-marinhas juvenis da esp\u00e9cie Caretta caretta, numa opera\u00e7\u00e3o realizada com o apoio da Marinha Portuguesa. Resgatadas em circunst\u00e2ncias distintas, as tartarugas foram acompanhadas pela equipa do centro de reabilita\u00e7\u00e3o at\u00e9 reunirem as condi\u00e7\u00f5es necess\u00e1rias para regressar ao seu habitat natural.<\/p>\n\n\n\n<p class=\"wp-block-paragraph\">As duas tartarugas deram entrada no Porto d\u2019Abrigo durante o ver\u00e3o, depois de terem sido encontradas na costa algarvia. As circunst\u00e2ncias dos dois resgates evidenciam alguns dos riscos enfrentados pelas tartarugas-marinhas, nomeadamente a presen\u00e7a de res\u00edduos no oceano e a intera\u00e7\u00e3o acidental com a atividade piscat\u00f3ria.<\/p>\n\n\n\n<p class=\"wp-block-paragraph\">Xianna deu entrada no Porto d\u2019Abrigo a 16 de junho, depois de ter sido encontrada prostrada e a boiar ao largo de Portim\u00e3o pela Capit\u00e3o Nemo, embarca\u00e7\u00e3o mar\u00edtimo-tur\u00edstica que sinalizou o animal. Com 6,5 kg de peso e 33,8 cent\u00edmetros de comprimento \u00e0 chegada, foi detetada a presen\u00e7a de pl\u00e1sticos no trato digestivo. O resgate de Xianna constitui tamb\u00e9m um exemplo da import\u00e2ncia da aten\u00e7\u00e3o de quem diariamente desenvolve a sua atividade no mar na identifica\u00e7\u00e3o e sinaliza\u00e7\u00e3o de animais marinhos em situa\u00e7\u00e3o de vulnerabilidade.<\/p>\n\n\n\n<p class=\"wp-block-paragraph\">J\u00e1 Xaloc chegou ao centro de reabilita\u00e7\u00e3o a 13 de julho, na sequ\u00eancia de uma captura acidental por redes de pesca de cerco com traineira. Sem que a sua presen\u00e7a tivesse sido inicialmente detetada, a tartaruga foi transportada numa dorna juntamente com sardinha e gelo, de Quarteira at\u00e9 Olh\u00e3o. Apenas cerca de duas horas depois, j\u00e1 no armaz\u00e9m e durante a retirada da sardinha para embalamento, o animal foi encontrado, tendo a equipa do Peixe Azul contactado de imediato o Porto d\u2019Abrigo. Com 7,4 kg e 36,3 cent\u00edmetros de comprimento, apresentava altera\u00e7\u00f5es gastrointestinais, ligeira desidrata\u00e7\u00e3o e falta de apetite durante os primeiros dias.<\/p>\n\n\n\n<p class=\"wp-block-paragraph\">\u00c0 entrada no Porto d\u2019Abrigo, ambas as tartarugas foram submetidas a uma avalia\u00e7\u00e3o cl\u00ednica, que incluiu exame de estado geral, raio-X, an\u00e1lises sangu\u00edneas e biometrias, tendo Xaloc realizado tamb\u00e9m uma ecografia e recebido hidrata\u00e7\u00e3o com soro.<\/p>\n\n\n\n<p class=\"wp-block-paragraph\">\u201cCada animal que conseguimos devolver ao oceano representa o objetivo final do trabalho desenvolvido pelo Porto d\u2019Abrigo. Xianna e Xaloc chegaram at\u00e9 n\u00f3s em circunst\u00e2ncias muito diferentes, mas as suas hist\u00f3rias mostram alguns dos desafios que as tartarugas-marinhas enfrentam no seu habitat natural. Poder acompanh\u00e1-las, garantir a sua recupera\u00e7\u00e3o e v\u00ea-las regressar ao mar \u00e9 sempre um momento muito especial para toda a equipa\u201d, afirma Antonieta Nunes, enfermeira veterin\u00e1ria respons\u00e1vel do Porto d\u2019Abrigo do Zoomarine.<\/p>\n\n\n\n<p class=\"wp-block-paragraph\">\u201cA devolu\u00e7\u00e3o ao mar de duas tartarugas marinhas simboliza muito mais do que o regresso destes animais ao seu habitat natural. Representa o resultado de um esfor\u00e7o conjunto, assente na partilha de conhecimento, dedica\u00e7\u00e3o e compromisso com a prote\u00e7\u00e3o do meio marinho. A colabora\u00e7\u00e3o entre a Marinha e o Zoomarine demonstra como a uni\u00e3o de capacidades e recursos pode produzir resultados concretos na conserva\u00e7\u00e3o da vida marinha. Enquanto Comandante da Zona Mar\u00edtima do Sul, expresso o meu reconhecimento a todos os que contribu\u00edram para o sucesso desta iniciativa. O profissionalismo, a compet\u00eancia t\u00e9cnica e a entrega evidenciados ao longo de todo o processo constituem um exemplo de excel\u00eancia e de responsabilidade ambiental.\u201d afirma Comandante Concei\u00e7\u00e3o Dias, Comandante da Zona Mar\u00edtima do Sul.<\/p>\n\n\n\n<p class=\"wp-block-paragraph\">Antes da devolu\u00e7\u00e3o ao mar, as duas tartarugas foram identificadas atrav\u00e9s da coloca\u00e7\u00e3o de microchips nas barbatanas anteriores e foram instalados transmissores de sat\u00e9lite que v\u00e3o permitir acompanhar os seus movimentos e conhecer melhor os seus percursos migrat\u00f3rios, numa opera\u00e7\u00e3o que contou com a participa\u00e7\u00e3o dos investigadores Fr\u00e9d\u00e9ric Vandeperre, do projeto COSTA (Okeanos \u2013 Centro de Investiga\u00e7\u00e3o da Universidade dos A\u00e7ores) e George Shillinger, da organiza\u00e7\u00e3o internacional Upwell, e a investigadora Rita Patr\u00edcio, da Faculdade de Ci\u00eancias da Universidade de Lisboa (FCUL).<\/p>\n\n\n\n<p class=\"wp-block-paragraph\">O regresso de Xianna e Xaloc ao oceano refor\u00e7a o compromisso cont\u00ednuo do Zoomarine com a conserva\u00e7\u00e3o da biodiversidade marinha e com o resgate, reabilita\u00e7\u00e3o e devolu\u00e7\u00e3o ao meio natural de animais encontrados em situa\u00e7\u00e3o de vulnerabilidade. Desde a cria\u00e7\u00e3o do Porto d\u2019Abrigo, em 2002, centenas de animais marinhos e aqu\u00e1ticos foram reabilitados e devolvidos ao seu habitat natural.<\/p>\n","protected":false},"excerpt":{"rendered":"<p>O Porto d\u2019Abrigo do Zoomarine Algarve devolveu ao oceano, esta quinta-feira, 3 de setembro, Xianna e Xaloc, duas tartarugas-marinhas juvenis<\/p>\n","protected":false},"author":1,"featured_media":66142,"comment_status":"closed","ping_status":"closed","sticky":false,"template":"","format":"standard","meta":{"colormag_page_container_layout":"default_layout","colormag_page_sidebar_layout":"default_layout","_monsterinsights_skip_tracking":false,"_jetpack_newsletter_access":"","_jetpack_dont_email_post_to_subs":false,"_jetpack_newsletter_tier_id":0,"_jetpack_memberships_contains_paywalled_content":false,"_jetpack_feature_clip_id":0,"_jetpack_memberships_contains_paid_content":false,"footnotes":"","jetpack_publicize_message":"","jetpack_publicize_feature_enabled":true,"jetpack_social_post_already_shared":true,"jetpack_social_options":{"image_generator_settings":{"template":"highway","default_image_id":0,"font":"","enabled":false},"version":2},"jetpack_post_was_ever_published":false},"categories":[5],"tags":[36,62,415],"class_list":["post-66141","post","type-post","status-publish","format-standard","has-post-thumbnail","hentry","category-ambiente","tag-algarve","tag-atualidade","tag-zoomarine"],"yoast_head":"<!-- This site is optimized with the Yoast SEO plugin v28.4 - https:\/\/yoast.com\/product\/yoast-seo-wordpress\/ -->\n<title>Zoomarine Algarve devolve Xianna e Xaloc ao oceano ap\u00f3s reabilita\u00e7\u00e3o no Porto d\u2019Abrigo - Algarve 7<\/title>\n<meta name=\"description\" content=\"Zoomarine Algarve devolve Xianna e Xaloc ao oceano ap\u00f3s reabilita\u00e7\u00e3o no Porto d\u2019Abrigo Ambiente\" \/>\n<meta name=\"robots\" content=\"index, follow, max-snippet:-1, max-image-preview:large, max-video-preview:-1\" \/>\n<link rel=\"canonical\" href=\"https:\/\/algarve7.pt\/index.php\/2026\/09\/zoomarine-algarve-devolve-xianna-e-xaloc-ao-oceano-apos-reabilitacao-no-porto-dabrigo\/ambiente\/11\/45\/\" \/>\n<meta property=\"og:locale\" content=\"pt_PT\" \/>\n<meta property=\"og:type\" content=\"article\" \/>\n<meta property=\"og:title\" content=\"Zoomarine Algarve devolve Xianna e Xaloc ao oceano ap\u00f3s reabilita\u00e7\u00e3o no Porto d\u2019Abrigo - Algarve 7\" \/>\n<meta property=\"og:description\" content=\"Zoomarine Algarve devolve Xianna e Xaloc ao oceano ap\u00f3s reabilita\u00e7\u00e3o no Porto d\u2019Abrigo Ambiente\" \/>\n<meta property=\"og:url\" content=\"https:\/\/algarve7.pt\/index.php\/2026\/09\/zoomarine-algarve-devolve-xianna-e-xaloc-ao-oceano-apos-reabilitacao-no-porto-dabrigo\/ambiente\/11\/45\/\" \/>\n<meta property=\"og:site_name\" content=\"Algarve 7\" \/>\n<meta property=\"article:publisher\" content=\"https:\/\/www.facebook.com\/algarve7\" \/>\n<meta property=\"article:author\" content=\"https:\/\/www.facebook.com\/algarve7\" \/>\n<meta property=\"article:published_time\" content=\"2026-09-04T10:45:20+00:00\" \/>\n<meta property=\"article:modified_time\" content=\"2026-09-04T10:45:24+00:00\" \/>\n<meta property=\"og:image\" content=\"https:\/\/algarve7.pt\/wp-content\/uploads\/2026\/09\/Zoomarine.png\" \/>\n\t<meta property=\"og:image:width\" content=\"1024\" \/>\n\t<meta property=\"og:image:height\" content=\"573\" \/>\n\t<meta property=\"og:image:type\" content=\"image\/png\" \/>\n<meta name=\"author\" content=\"Algarve 7\" \/>\n<meta name=\"twitter:card\" content=\"summary_large_image\" \/>\n<meta name=\"twitter:creator\" content=\"@Algarvesete\" \/>\n<meta name=\"twitter:site\" content=\"@Algarvesete\" \/>\n<meta name=\"twitter:label1\" content=\"Escrito por\" \/>\n\t<meta name=\"twitter:data1\" content=\"Algarve 7\" \/>\n\t<meta name=\"twitter:label2\" content=\"Tempo estimado de leitura\" \/>\n\t<meta name=\"twitter:data2\" content=\"4 minutos\" \/>\n<script type=\"application\/ld+json\" class=\"yoast-schema-graph\">{\"@context\":\"https:\\\/\\\/schema.org\",\"@graph\":[{\"@type\":\"Article\",\"@id\":\"https:\\\/\\\/algarve7.pt\\\/index.php\\\/2026\\\/09\\\/zoomarine-algarve-devolve-xianna-e-xaloc-ao-oceano-apos-reabilitacao-no-porto-dabrigo\\\/ambiente\\\/11\\\/45\\\/#article\",\"isPartOf\":{\"@id\":\"https:\\\/\\\/algarve7.pt\\\/index.php\\\/2026\\\/09\\\/zoomarine-algarve-devolve-xianna-e-xaloc-ao-oceano-apos-reabilitacao-no-porto-dabrigo\\\/ambiente\\\/11\\\/45\\\/\"},\"author\":{\"name\":\"Algarve 7\",\"@id\":\"https:\\\/\\\/algarve7.pt\\\/#\\\/schema\\\/person\\\/23fa70681308e7b319a3204bcea45e0c\"},\"headline\":\"Zoomarine Algarve devolve Xianna e Xaloc ao oceano ap\u00f3s reabilita\u00e7\u00e3o no Porto d\u2019Abrigo\",\"datePublished\":\"2026-09-04T10:45:20+00:00\",\"dateModified\":\"2026-09-04T10:45:24+00:00\",\"mainEntityOfPage\":{\"@id\":\"https:\\\/\\\/algarve7.pt\\\/index.php\\\/2026\\\/09\\\/zoomarine-algarve-devolve-xianna-e-xaloc-ao-oceano-apos-reabilitacao-no-porto-dabrigo\\\/ambiente\\\/11\\\/45\\\/\"},\"wordCount\":763,\"publisher\":{\"@id\":\"https:\\\/\\\/algarve7.pt\\\/#organization\"},\"image\":{\"@id\":\"https:\\\/\\\/algarve7.pt\\\/index.php\\\/2026\\\/09\\\/zoomarine-algarve-devolve-xianna-e-xaloc-ao-oceano-apos-reabilitacao-no-porto-dabrigo\\\/ambiente\\\/11\\\/45\\\/#primaryimage\"},\"thumbnailUrl\":\"https:\\\/\\\/algarve7.pt\\\/wp-content\\\/uploads\\\/2026\\\/09\\\/Zoomarine.png\",\"keywords\":[\"Algarve\",\"Atualidade\",\"Zoomarine\"],\"articleSection\":[\"Ambiente\"],\"inLanguage\":\"pt-PT\"},{\"@type\":\"WebPage\",\"@id\":\"https:\\\/\\\/algarve7.pt\\\/index.php\\\/2026\\\/09\\\/zoomarine-algarve-devolve-xianna-e-xaloc-ao-oceano-apos-reabilitacao-no-porto-dabrigo\\\/ambiente\\\/11\\\/45\\\/\",\"url\":\"https:\\\/\\\/algarve7.pt\\\/index.php\\\/2026\\\/09\\\/zoomarine-algarve-devolve-xianna-e-xaloc-ao-oceano-apos-reabilitacao-no-porto-dabrigo\\\/ambiente\\\/11\\\/45\\\/\",\"name\":\"Zoomarine Algarve devolve Xianna e Xaloc ao oceano ap\u00f3s reabilita\u00e7\u00e3o no Porto d\u2019Abrigo - Algarve 7\",\"isPartOf\":{\"@id\":\"https:\\\/\\\/algarve7.pt\\\/#website\"},\"primaryImageOfPage\":{\"@id\":\"https:\\\/\\\/algarve7.pt\\\/index.php\\\/2026\\\/09\\\/zoomarine-algarve-devolve-xianna-e-xaloc-ao-oceano-apos-reabilitacao-no-porto-dabrigo\\\/ambiente\\\/11\\\/45\\\/#primaryimage\"},\"image\":{\"@id\":\"https:\\\/\\\/algarve7.pt\\\/index.php\\\/2026\\\/09\\\/zoomarine-algarve-devolve-xianna-e-xaloc-ao-oceano-apos-reabilitacao-no-porto-dabrigo\\\/ambiente\\\/11\\\/45\\\/#primaryimage\"},\"thumbnailUrl\":\"https:\\\/\\\/algarve7.pt\\\/wp-content\\\/uploads\\\/2026\\\/09\\\/Zoomarine.png\",\"datePublished\":\"2026-09-04T10:45:20+00:00\",\"dateModified\":\"2026-09-04T10:45:24+00:00\",\"description\":\"Zoomarine Algarve devolve Xianna e Xaloc ao oceano ap\u00f3s reabilita\u00e7\u00e3o no Porto d\u2019Abrigo Ambiente\",\"breadcrumb\":{\"@id\":\"https:\\\/\\\/algarve7.pt\\\/index.php\\\/2026\\\/09\\\/zoomarine-algarve-devolve-xianna-e-xaloc-ao-oceano-apos-reabilitacao-no-porto-dabrigo\\\/ambiente\\\/11\\\/45\\\/#breadcrumb\"},\"inLanguage\":\"pt-PT\",\"potentialAction\":[{\"@type\":\"ReadAction\",\"target\":[\"https:\\\/\\\/algarve7.pt\\\/index.php\\\/2026\\\/09\\\/zoomarine-algarve-devolve-xianna-e-xaloc-ao-oceano-apos-reabilitacao-no-porto-dabrigo\\\/ambiente\\\/11\\\/45\\\/\"]}]},{\"@type\":\"ImageObject\",\"inLanguage\":\"pt-PT\",\"@id\":\"https:\\\/\\\/algarve7.pt\\\/index.php\\\/2026\\\/09\\\/zoomarine-algarve-devolve-xianna-e-xaloc-ao-oceano-apos-reabilitacao-no-porto-dabrigo\\\/ambiente\\\/11\\\/45\\\/#primaryimage\",\"url\":\"https:\\\/\\\/algarve7.pt\\\/wp-content\\\/uploads\\\/2026\\\/09\\\/Zoomarine.png\",\"contentUrl\":\"https:\\\/\\\/algarve7.pt\\\/wp-content\\\/uploads\\\/2026\\\/09\\\/Zoomarine.png\",\"width\":1024,\"height\":573},{\"@type\":\"BreadcrumbList\",\"@id\":\"https:\\\/\\\/algarve7.pt\\\/index.php\\\/2026\\\/09\\\/zoomarine-algarve-devolve-xianna-e-xaloc-ao-oceano-apos-reabilitacao-no-porto-dabrigo\\\/ambiente\\\/11\\\/45\\\/#breadcrumb\",\"itemListElement\":[{\"@type\":\"ListItem\",\"position\":1,\"name\":\"In\u00edcio\",\"item\":\"https:\\\/\\\/algarve7.pt\\\/\"},{\"@type\":\"ListItem\",\"position\":2,\"name\":\"Zoomarine Algarve devolve Xianna e Xaloc ao oceano ap\u00f3s reabilita\u00e7\u00e3o no Porto d\u2019Abrigo\"}]},{\"@type\":\"WebSite\",\"@id\":\"https:\\\/\\\/algarve7.pt\\\/#website\",\"url\":\"https:\\\/\\\/algarve7.pt\\\/\",\"name\":\"Algarve 7\",\"description\":\"Informa\u00e7\u00e3o sobre o Algarve\",\"publisher\":{\"@id\":\"https:\\\/\\\/algarve7.pt\\\/#organization\"},\"potentialAction\":[{\"@type\":\"SearchAction\",\"target\":{\"@type\":\"EntryPoint\",\"urlTemplate\":\"https:\\\/\\\/algarve7.pt\\\/?s={search_term_string}\"},\"query-input\":{\"@type\":\"PropertyValueSpecification\",\"valueRequired\":true,\"valueName\":\"search_term_string\"}}],\"inLanguage\":\"pt-PT\"},{\"@type\":\"Organization\",\"@id\":\"https:\\\/\\\/algarve7.pt\\\/#organization\",\"name\":\"Algarve 7\",\"url\":\"https:\\\/\\\/algarve7.pt\\\/\",\"logo\":{\"@type\":\"ImageObject\",\"inLanguage\":\"pt-PT\",\"@id\":\"https:\\\/\\\/algarve7.pt\\\/#\\\/schema\\\/logo\\\/image\\\/\",\"url\":\"https:\\\/\\\/algarve7.pt\\\/wp-content\\\/uploads\\\/2020\\\/10\\\/Logo-8.jpg\",\"contentUrl\":\"https:\\\/\\\/algarve7.pt\\\/wp-content\\\/uploads\\\/2020\\\/10\\\/Logo-8.jpg\",\"width\":1680,\"height\":1186,\"caption\":\"Algarve 7\"},\"image\":{\"@id\":\"https:\\\/\\\/algarve7.pt\\\/#\\\/schema\\\/logo\\\/image\\\/\"},\"sameAs\":[\"https:\\\/\\\/www.facebook.com\\\/algarve7\",\"https:\\\/\\\/x.com\\\/Algarvesete\",\"https:\\\/\\\/www.instagram.com\\\/jornalalgarve7\\\/\",\"https:\\\/\\\/www.linkedin.com\\\/company\\\/algarve7\",\"https:\\\/\\\/www.pinterest.pt\\\/geral0939\\\/_created\\\/\"]},{\"@type\":\"Person\",\"@id\":\"https:\\\/\\\/algarve7.pt\\\/#\\\/schema\\\/person\\\/23fa70681308e7b319a3204bcea45e0c\",\"name\":\"Algarve 7\",\"sameAs\":[\"https:\\\/\\\/algarve7.pt\",\"https:\\\/\\\/www.facebook.com\\\/algarve7\"],\"url\":\"https:\\\/\\\/algarve7.pt\\\/index.php\\\/author\\\/geralalgarve7-pt\\\/\"}]}<\/script>\n<!-- \/ Yoast SEO plugin. -->","yoast_head_json":{"title":"Zoomarine Algarve devolve Xianna e Xaloc ao oceano ap\u00f3s reabilita\u00e7\u00e3o no Porto d\u2019Abrigo - Algarve 7","description":"Zoomarine Algarve devolve Xianna e Xaloc ao oceano ap\u00f3s reabilita\u00e7\u00e3o no Porto d\u2019Abrigo Ambiente","robots":{"index":"index","follow":"follow","max-snippet":"max-snippet:-1","max-image-preview":"max-image-preview:large","max-video-preview":"max-video-preview:-1"},"canonical":"https:\/\/algarve7.pt\/index.php\/2026\/09\/zoomarine-algarve-devolve-xianna-e-xaloc-ao-oceano-apos-reabilitacao-no-porto-dabrigo\/ambiente\/11\/45\/","og_locale":"pt_PT","og_type":"article","og_title":"Zoomarine Algarve devolve Xianna e Xaloc ao oceano ap\u00f3s reabilita\u00e7\u00e3o no Porto d\u2019Abrigo - Algarve 7","og_description":"Zoomarine Algarve devolve Xianna e Xaloc ao oceano ap\u00f3s reabilita\u00e7\u00e3o no Porto d\u2019Abrigo Ambiente","og_url":"https:\/\/algarve7.pt\/index.php\/2026\/09\/zoomarine-algarve-devolve-xianna-e-xaloc-ao-oceano-apos-reabilitacao-no-porto-dabrigo\/ambiente\/11\/45\/","og_site_name":"Algarve 7","article_publisher":"https:\/\/www.facebook.com\/algarve7","article_author":"https:\/\/www.facebook.com\/algarve7","article_published_time":"2026-09-04T10:45:20+00:00","article_modified_time":"2026-09-04T10:45:24+00:00","og_image":[{"width":1024,"height":573,"url":"https:\/\/algarve7.pt\/wp-content\/uploads\/2026\/09\/Zoomarine.png","type":"image\/png"}],"author":"Algarve 7","twitter_card":"summary_large_image","twitter_creator":"@Algarvesete","twitter_site":"@Algarvesete","twitter_misc":{"Escrito por":"Algarve 7","Tempo estimado de leitura":"4 minutos"},"schema":{"@context":"https:\/\/schema.org","@graph":[{"@type":"Article","@id":"https:\/\/algarve7.pt\/index.php\/2026\/09\/zoomarine-algarve-devolve-xianna-e-xaloc-ao-oceano-apos-reabilitacao-no-porto-dabrigo\/ambiente\/11\/45\/#article","isPartOf":{"@id":"https:\/\/algarve7.pt\/index.php\/2026\/09\/zoomarine-algarve-devolve-xianna-e-xaloc-ao-oceano-apos-reabilitacao-no-porto-dabrigo\/ambiente\/11\/45\/"},"author":{"name":"Algarve 7","@id":"https:\/\/algarve7.pt\/#\/schema\/person\/23fa70681308e7b319a3204bcea45e0c"},"headline":"Zoomarine Algarve devolve Xianna e Xaloc ao oceano ap\u00f3s reabilita\u00e7\u00e3o no Porto d\u2019Abrigo","datePublished":"2026-09-04T10:45:20+00:00","dateModified":"2026-09-04T10:45:24+00:00","mainEntityOfPage":{"@id":"https:\/\/algarve7.pt\/index.php\/2026\/09\/zoomarine-algarve-devolve-xianna-e-xaloc-ao-oceano-apos-reabilitacao-no-porto-dabrigo\/ambiente\/11\/45\/"},"wordCount":763,"publisher":{"@id":"https:\/\/algarve7.pt\/#organization"},"image":{"@id":"https:\/\/algarve7.pt\/index.php\/2026\/09\/zoomarine-algarve-devolve-xianna-e-xaloc-ao-oceano-apos-reabilitacao-no-porto-dabrigo\/ambiente\/11\/45\/#primaryimage"},"thumbnailUrl":"https:\/\/algarve7.pt\/wp-content\/uploads\/2026\/09\/Zoomarine.png","keywords":["Algarve","Atualidade","Zoomarine"],"articleSection":["Ambiente"],"inLanguage":"pt-PT"},{"@type":"WebPage","@id":"https:\/\/algarve7.pt\/index.php\/2026\/09\/zoomarine-algarve-devolve-xianna-e-xaloc-ao-oceano-apos-reabilitacao-no-porto-dabrigo\/ambiente\/11\/45\/","url":"https:\/\/algarve7.pt\/index.php\/2026\/09\/zoomarine-algarve-devolve-xianna-e-xaloc-ao-oceano-apos-reabilitacao-no-porto-dabrigo\/ambiente\/11\/45\/","name":"Zoomarine Algarve devolve Xianna e Xaloc ao oceano ap\u00f3s reabilita\u00e7\u00e3o no Porto d\u2019Abrigo - Algarve 7","isPartOf":{"@id":"https:\/\/algarve7.pt\/#website"},"primaryImageOfPage":{"@id":"https:\/\/algarve7.pt\/index.php\/2026\/09\/zoomarine-algarve-devolve-xianna-e-xaloc-ao-oceano-apos-reabilitacao-no-porto-dabrigo\/ambiente\/11\/45\/#primaryimage"},"image":{"@id":"https:\/\/algarve7.pt\/index.php\/2026\/09\/zoomarine-algarve-devolve-xianna-e-xaloc-ao-oceano-apos-reabilitacao-no-porto-dabrigo\/ambiente\/11\/45\/#primaryimage"},"thumbnailUrl":"https:\/\/algarve7.pt\/wp-content\/uploads\/2026\/09\/Zoomarine.png","datePublished":"2026-09-04T10:45:20+00:00","dateModified":"2026-09-04T10:45:24+00:00","description":"Zoomarine Algarve devolve Xianna e Xaloc ao oceano ap\u00f3s reabilita\u00e7\u00e3o no Porto d\u2019Abrigo Ambiente","breadcrumb":{"@id":"https:\/\/algarve7.pt\/index.php\/2026\/09\/zoomarine-algarve-devolve-xianna-e-xaloc-ao-oceano-apos-reabilitacao-no-porto-dabrigo\/ambiente\/11\/45\/#breadcrumb"},"inLanguage":"pt-PT","potentialAction":[{"@type":"ReadAction","target":["https:\/\/algarve7.pt\/index.php\/2026\/09\/zoomarine-algarve-devolve-xianna-e-xaloc-ao-oceano-apos-reabilitacao-no-porto-dabrigo\/ambiente\/11\/45\/"]}]},{"@type":"ImageObject","inLanguage":"pt-PT","@id":"https:\/\/algarve7.pt\/index.php\/2026\/09\/zoomarine-algarve-devolve-xianna-e-xaloc-ao-oceano-apos-reabilitacao-no-porto-dabrigo\/ambiente\/11\/45\/#primaryimage","url":"https:\/\/algarve7.pt\/wp-content\/uploads\/2026\/09\/Zoomarine.png","contentUrl":"https:\/\/algarve7.pt\/wp-content\/uploads\/2026\/09\/Zoomarine.png","width":1024,"height":573},{"@type":"BreadcrumbList","@id":"https:\/\/algarve7.pt\/index.php\/2026\/09\/zoomarine-algarve-devolve-xianna-e-xaloc-ao-oceano-apos-reabilitacao-no-porto-dabrigo\/ambiente\/11\/45\/#breadcrumb","itemListElement":[{"@type":"ListItem","position":1,"name":"In\u00edcio","item":"https:\/\/algarve7.pt\/"},{"@type":"ListItem","position":2,"name":"Zoomarine Algarve devolve Xianna e Xaloc ao oceano ap\u00f3s reabilita\u00e7\u00e3o no Porto d\u2019Abrigo"}]},{"@type":"WebSite","@id":"https:\/\/algarve7.pt\/#website","url":"https:\/\/algarve7.pt\/","name":"Algarve 7","description":"Informa\u00e7\u00e3o sobre o Algarve","publisher":{"@id":"https:\/\/algarve7.pt\/#organization"},"potentialAction":[{"@type":"SearchAction","target":{"@type":"EntryPoint","urlTemplate":"https:\/\/algarve7.pt\/?s={search_term_string}"},"query-input":{"@type":"PropertyValueSpecification","valueRequired":true,"valueName":"search_term_string"}}],"inLanguage":"pt-PT"},{"@type":"Organization","@id":"https:\/\/algarve7.pt\/#organization","name":"Algarve 7","url":"https:\/\/algarve7.pt\/","logo":{"@type":"ImageObject","inLanguage":"pt-PT","@id":"https:\/\/algarve7.pt\/#\/schema\/logo\/image\/","url":"https:\/\/algarve7.pt\/wp-content\/uploads\/2020\/10\/Logo-8.jpg","contentUrl":"https:\/\/algarve7.pt\/wp-content\/uploads\/2020\/10\/Logo-8.jpg","width":1680,"height":1186,"caption":"Algarve 7"},"image":{"@id":"https:\/\/algarve7.pt\/#\/schema\/logo\/image\/"},"sameAs":["https:\/\/www.facebook.com\/algarve7","https:\/\/x.com\/Algarvesete","https:\/\/www.instagram.com\/jornalalgarve7\/","https:\/\/www.linkedin.com\/company\/algarve7","https:\/\/www.pinterest.pt\/geral0939\/_created\/"]},{"@type":"Person","@id":"https:\/\/algarve7.pt\/#\/schema\/person\/23fa70681308e7b319a3204bcea45e0c","name":"Algarve 7","sameAs":["https:\/\/algarve7.pt","https:\/\/www.facebook.com\/algarve7"],"url":"https:\/\/algarve7.pt\/index.php\/author\/geralalgarve7-pt\/"}]}},"jetpack_publicize_connections":[],"jetpack_shortlink":"https:\/\/wp.me\/pcezmW-hcN","jetpack_sharing_enabled":true,"jetpack_featured_media_url":"https:\/\/algarve7.pt\/wp-content\/uploads\/2026\/09\/Zoomarine.png","_links":{"self":[{"href":"https:\/\/algarve7.pt\/index.php\/wp-json\/wp\/v2\/posts\/66141","targetHints":{"allow":["GET"]}}],"collection":[{"href":"https:\/\/algarve7.pt\/index.php\/wp-json\/wp\/v2\/posts"}],"about":[{"href":"https:\/\/algarve7.pt\/index.php\/wp-json\/wp\/v2\/types\/post"}],"author":[{"embeddable":true,"href":"https:\/\/algarve7.pt\/index.php\/wp-json\/wp\/v2\/users\/1"}],"replies":[{"embeddable":true,"href":"https:\/\/algarve7.pt\/index.php\/wp-json\/wp\/v2\/comments?post=66141"}],"version-history":[{"count":1,"href":"https:\/\/algarve7.pt\/index.php\/wp-json\/wp\/v2\/posts\/66141\/revisions"}],"predecessor-version":[{"id":66143,"href":"https:\/\/algarve7.pt\/index.php\/wp-json\/wp\/v2\/posts\/66141\/revisions\/66143"}],"wp:featuredmedia":[{"embeddable":true,"href":"https:\/\/algarve7.pt\/index.php\/wp-json\/wp\/v2\/media\/66142"}],"wp:attachment":[{"href":"https:\/\/algarve7.pt\/index.php\/wp-json\/wp\/v2\/media?parent=66141"}],"wp:term":[{"taxonomy":"category","embeddable":true,"href":"https:\/\/algarve7.pt\/index.php\/wp-json\/wp\/v2\/categories?post=66141"},{"taxonomy":"post_tag","embeddable":true,"href":"https:\/\/algarve7.pt\/index.php\/wp-json\/wp\/v2\/tags?post=66141"}],"curies":[{"name":"wp","href":"https:\/\/api.w.org\/{rel}","templated":true}]}}