{"id":66133,"date":"2026-09-05T11:30:00","date_gmt":"2026-09-05T10:30:00","guid":{"rendered":"https:\/\/algarve7.pt\/?p=66133"},"modified":"2026-09-04T11:08:48","modified_gmt":"2026-09-04T10:08:48","slug":"biblioteca-municipal-de-loule-dinamiza-atividades-para-todos","status":"publish","type":"post","link":"https:\/\/algarve7.pt\/index.php\/2026\/09\/biblioteca-municipal-de-loule-dinamiza-atividades-para-todos\/cultura\/11\/30\/","title":{"rendered":"Biblioteca municipal de Loul\u00e9 dinamiza atividades para todos"},"content":{"rendered":"\n<p class=\"wp-block-paragraph\">Em setembro, a Biblioteca Municipal de Loul\u00e9 Sophia de Mello Breyner Andresen leva a cabo um programa de atividades dirigidas a todas as idades.&nbsp;<\/p>\n\n\n\n<p class=\"wp-block-paragraph\">Ao longo do m\u00eas (de 1 a 30 de setembro), estar\u00e1 patente ao p\u00fablico, no&nbsp;<em>hall<\/em>&nbsp;de entrada do edif\u00edcio-sede, a Exposi\u00e7\u00e3o \u201cSingularidades\u201d, de Alberto Rebelo. Nesta mostra de desenhos, estar\u00e3o presentes catorze pequenas hist\u00f3rias baseadas no livro \u201cAlice\u2026 e outras Singularidades\u201d de Aldo Lupo, pseud\u00f3nimo de Alberto Rebelo.<\/p>\n\n\n\n<p class=\"wp-block-paragraph\">Os desenhos originais s\u00e3o realizados a pastel seco e oleoso sobre papel canson e pretendem representar, simbolicamente, tanto os personagens como partes das narrativas. As ilustra\u00e7\u00f5es ter\u00e3o, lateralmente apostas, pequenas cita\u00e7\u00f5es extra\u00eddas dos contos.&nbsp;<\/p>\n\n\n\n<p class=\"wp-block-paragraph\">No \u00e2mbito desta exposi\u00e7\u00e3o, no dia 18, \u00e0s 18h30, decorre mais uma sess\u00e3o de \u201cLivros Abertos\u201d com a apresenta\u00e7\u00e3o de \u201cAlice\u2026 e outras Singularidades\u201d. A apresenta\u00e7\u00e3o da obra, que nos conta cinco pequenas hist\u00f3rias, estar\u00e1 a cargo de N\u00eddia Guerreiro.<\/p>\n\n\n\n<p class=\"wp-block-paragraph\">J\u00e1 esta sexta-feira, dia 4, pelas 18h, acontece mais uma sess\u00e3o do projeto \u201cPoesia ao Fim do Dia\u201d, iniciativa de promo\u00e7\u00e3o da poesia, da leitura po\u00e9tica, da intera\u00e7\u00e3o entre o p\u00fablico, o leitor, o livro e a poesia.&nbsp;Desta vez a convidada \u00e9 C\u00e1tia Guerreiro, que ir\u00e1 ler\/declamar algumas poesias, n\u00e3o se limitando \u00e0 simples leitura de poemas, mas tamb\u00e9m \u00e0 apresenta\u00e7\u00e3o de alguns factos\/curiosidades sobre os autores escolhidos.<\/p>\n\n\n\n<p class=\"wp-block-paragraph\">De 14 a 30, a UNIR \u2013 Associa\u00e7\u00e3o dos Doentes Mentais, Fam\u00edlias e Amigos do Algarve promove \u201cLeitura para todos: Transformando desafios em conquistas\u201d, uma mostra que re\u00fanes trabalhos desenvolvidos ao longo do ano por um grupo de adultos da institui\u00e7\u00e3o, no \u00e2mbito de um projeto que promove a educa\u00e7\u00e3o ao longo da vida, a inclus\u00e3o e a participa\u00e7\u00e3o ativa na comunidade.<\/p>\n\n\n\n<p class=\"wp-block-paragraph\">O Clube de Leitura de Loul\u00e9 regressa no dia 30, pelas 21h, com uma discuss\u00e3o \u00e0 volta do livro \u201cO amor nos Tempos de C\u00f3lera\u201d, de Gabriel Garc\u00eda Marquez.&nbsp;<\/p>\n\n\n\n<p class=\"wp-block-paragraph\">No polo \u201cCasimiro de Brito\u201d, em Almancil, o destaque vai para a celebra\u00e7\u00e3o dos 70 anos do romance \u201cGrande Sert\u00e3o: Veredas\u201d, de Jo\u00e3o Guimar\u00e3es Rosa, no dia 11, \u00e0s 18h, numa parceria com a UALG, Munic\u00edpio de Montemor-o-Novo e Casa Fernando Pessoa.&nbsp;&nbsp;&nbsp;&nbsp;&nbsp;&nbsp;&nbsp;&nbsp;&nbsp;&nbsp;&nbsp;&nbsp;&nbsp;&nbsp;&nbsp;&nbsp;&nbsp;&nbsp;&nbsp;&nbsp;&nbsp;&nbsp;&nbsp;&nbsp;&nbsp;&nbsp;&nbsp;&nbsp;&nbsp;&nbsp;&nbsp;&nbsp;&nbsp;&nbsp;&nbsp;&nbsp;&nbsp;&nbsp;&nbsp;&nbsp;&nbsp;&nbsp;&nbsp;&nbsp;&nbsp;&nbsp;&nbsp;&nbsp;&nbsp;&nbsp;&nbsp;&nbsp;&nbsp;&nbsp;&nbsp;&nbsp;&nbsp;&nbsp;&nbsp;&nbsp;&nbsp;&nbsp;&nbsp;&nbsp;&nbsp;&nbsp;&nbsp;&nbsp;&nbsp;&nbsp;&nbsp;&nbsp;&nbsp;&nbsp;&nbsp;&nbsp;&nbsp;&nbsp;&nbsp;&nbsp;&nbsp;&nbsp;&nbsp;&nbsp;&nbsp;&nbsp;&nbsp;&nbsp;&nbsp;&nbsp;&nbsp;&nbsp;&nbsp;&nbsp;&nbsp;&nbsp;&nbsp;&nbsp;&nbsp;&nbsp;&nbsp;&nbsp;&nbsp;&nbsp;&nbsp;&nbsp;&nbsp;&nbsp;<\/p>\n\n\n\n<p class=\"wp-block-paragraph\">E em Quarteira, no dia 9, pelas 19h30, decorre mais uma sess\u00e3o do Clube de Escrita da Biblioteca. A escrita criativa trabalha a concentra\u00e7\u00e3o, a criatividade e melhora o seu h\u00e1bito para a leitura. Desenvolve a habilidade de racioc\u00ednio para expressar uma ideia de forma cativante, inovadora e eloquente. Com esta atividade pretende-se que, atrav\u00e9s da escrita, sejam trabalhadas diferentes possibilidades para que uma hist\u00f3ria seja narrada e que se potencialize o c\u00e9rebro atrav\u00e9s de produ\u00e7\u00f5es art\u00edsticas, partilhando textos e opini\u00f5es, com vista ao incremento valorativo de cada participante. As inscri\u00e7\u00f5es podem ser feitas em\u00a0<a href=\"mailto:biblioteca@cm-loule.pt\" target=\"_blank\" rel=\"noreferrer noopener\">biblioteca@cm-loule.pt<\/a><\/p>\n\n\n\n<p class=\"wp-block-paragraph\">Em\u00edlia Maria Correia, Fernanda Miranda e Maria Alberta Gon\u00e7alves proporcionam ao p\u00fablico quarteirense um \u201cSer\u00e3o de Poesia\u201d, com a leitura de poemas. \u00c9 no dia 18, pelas 21h30.<\/p>\n\n\n\n<p class=\"wp-block-paragraph\">Ainda em Quarteira, dia 25, \u00e0s 21h30, acontece mais uma tert\u00falia \u201cVamos tirar d\u00favidas sobre\u2026 Vacina\u00e7\u00e3o e Sistema Imunit\u00e1rio\u201d, e a 29, pelas 19h30, o Clube de Leitura de Quarteira realiza uma discuss\u00e3o \u00e0 volta do livro \u201cAs pessoas invis\u00edveis\u201d, de Jos\u00e9 Carlos Barros.<\/p>\n","protected":false},"excerpt":{"rendered":"<p>Em setembro, a Biblioteca Municipal de Loul\u00e9 Sophia de Mello Breyner Andresen leva a cabo um programa de atividades dirigidas<\/p>\n","protected":false},"author":1,"featured_media":14705,"comment_status":"closed","ping_status":"closed","sticky":false,"template":"","format":"standard","meta":{"colormag_page_container_layout":"default_layout","colormag_page_sidebar_layout":"default_layout","_monsterinsights_skip_tracking":false,"_jetpack_newsletter_access":"","_jetpack_dont_email_post_to_subs":false,"_jetpack_newsletter_tier_id":0,"_jetpack_memberships_contains_paywalled_content":false,"_jetpack_feature_clip_id":0,"_jetpack_memberships_contains_paid_content":false,"footnotes":"","jetpack_publicize_message":"","jetpack_publicize_feature_enabled":true,"jetpack_social_post_already_shared":true,"jetpack_social_options":{"image_generator_settings":{"template":"highway","default_image_id":0,"font":"","enabled":false},"version":2},"jetpack_post_was_ever_published":false},"categories":[14],"tags":[36,35,31,112],"class_list":["post-66133","post","type-post","status-publish","format-standard","has-post-thumbnail","hentry","category-cultura","tag-algarve","tag-cultura","tag-loule","tag-quarteira"],"yoast_head":"<!-- This site is optimized with the Yoast SEO plugin v28.4 - https:\/\/yoast.com\/product\/yoast-seo-wordpress\/ -->\n<title>Biblioteca municipal de Loul\u00e9 dinamiza atividades para todos - Algarve 7<\/title>\n<meta name=\"description\" content=\"Biblioteca municipal de Loul\u00e9 dinamiza atividades para todos Cultura\" \/>\n<meta name=\"robots\" content=\"index, follow, max-snippet:-1, max-image-preview:large, max-video-preview:-1\" \/>\n<link rel=\"canonical\" href=\"https:\/\/algarve7.pt\/index.php\/2026\/09\/biblioteca-municipal-de-loule-dinamiza-atividades-para-todos\/cultura\/11\/30\/\" \/>\n<meta property=\"og:locale\" content=\"pt_PT\" \/>\n<meta property=\"og:type\" content=\"article\" \/>\n<meta property=\"og:title\" content=\"Biblioteca municipal de Loul\u00e9 dinamiza atividades para todos - Algarve 7\" \/>\n<meta property=\"og:description\" content=\"Biblioteca municipal de Loul\u00e9 dinamiza atividades para todos Cultura\" \/>\n<meta property=\"og:url\" content=\"https:\/\/algarve7.pt\/index.php\/2026\/09\/biblioteca-municipal-de-loule-dinamiza-atividades-para-todos\/cultura\/11\/30\/\" \/>\n<meta property=\"og:site_name\" content=\"Algarve 7\" \/>\n<meta property=\"article:publisher\" content=\"https:\/\/www.facebook.com\/algarve7\" \/>\n<meta property=\"article:author\" content=\"https:\/\/www.facebook.com\/algarve7\" \/>\n<meta property=\"article:published_time\" content=\"2026-09-05T10:30:00+00:00\" \/>\n<meta property=\"og:image\" content=\"https:\/\/algarve7.pt\/wp-content\/uploads\/2022\/01\/Biblioteca-Municipal-Sophia-de-Mello-B-reyner-Andresen-C.M.Loule-Mira.jpg\" \/>\n\t<meta property=\"og:image:width\" content=\"1200\" \/>\n\t<meta property=\"og:image:height\" content=\"786\" \/>\n\t<meta property=\"og:image:type\" content=\"image\/jpeg\" \/>\n<meta name=\"author\" content=\"Algarve 7\" \/>\n<meta name=\"twitter:card\" content=\"summary_large_image\" \/>\n<meta name=\"twitter:creator\" content=\"@Algarvesete\" \/>\n<meta name=\"twitter:site\" content=\"@Algarvesete\" \/>\n<meta name=\"twitter:label1\" content=\"Escrito por\" \/>\n\t<meta name=\"twitter:data1\" content=\"Algarve 7\" \/>\n\t<meta name=\"twitter:label2\" content=\"Tempo estimado de leitura\" \/>\n\t<meta name=\"twitter:data2\" content=\"4 minutos\" \/>\n<script type=\"application\/ld+json\" class=\"yoast-schema-graph\">{\"@context\":\"https:\\\/\\\/schema.org\",\"@graph\":[{\"@type\":\"Article\",\"@id\":\"https:\\\/\\\/algarve7.pt\\\/index.php\\\/2026\\\/09\\\/biblioteca-municipal-de-loule-dinamiza-atividades-para-todos\\\/cultura\\\/11\\\/30\\\/#article\",\"isPartOf\":{\"@id\":\"https:\\\/\\\/algarve7.pt\\\/index.php\\\/2026\\\/09\\\/biblioteca-municipal-de-loule-dinamiza-atividades-para-todos\\\/cultura\\\/11\\\/30\\\/\"},\"author\":{\"name\":\"Algarve 7\",\"@id\":\"https:\\\/\\\/algarve7.pt\\\/#\\\/schema\\\/person\\\/23fa70681308e7b319a3204bcea45e0c\"},\"headline\":\"Biblioteca municipal de Loul\u00e9 dinamiza atividades para todos\",\"datePublished\":\"2026-09-05T10:30:00+00:00\",\"mainEntityOfPage\":{\"@id\":\"https:\\\/\\\/algarve7.pt\\\/index.php\\\/2026\\\/09\\\/biblioteca-municipal-de-loule-dinamiza-atividades-para-todos\\\/cultura\\\/11\\\/30\\\/\"},\"wordCount\":687,\"publisher\":{\"@id\":\"https:\\\/\\\/algarve7.pt\\\/#organization\"},\"image\":{\"@id\":\"https:\\\/\\\/algarve7.pt\\\/index.php\\\/2026\\\/09\\\/biblioteca-municipal-de-loule-dinamiza-atividades-para-todos\\\/cultura\\\/11\\\/30\\\/#primaryimage\"},\"thumbnailUrl\":\"https:\\\/\\\/algarve7.pt\\\/wp-content\\\/uploads\\\/2022\\\/01\\\/Biblioteca-Municipal-Sophia-de-Mello-B-reyner-Andresen-C.M.Loule-Mira.jpg\",\"keywords\":[\"Algarve\",\"Cultura\",\"Loul\u00e9\",\"Quarteira\"],\"articleSection\":[\"Cultura\"],\"inLanguage\":\"pt-PT\"},{\"@type\":\"WebPage\",\"@id\":\"https:\\\/\\\/algarve7.pt\\\/index.php\\\/2026\\\/09\\\/biblioteca-municipal-de-loule-dinamiza-atividades-para-todos\\\/cultura\\\/11\\\/30\\\/\",\"url\":\"https:\\\/\\\/algarve7.pt\\\/index.php\\\/2026\\\/09\\\/biblioteca-municipal-de-loule-dinamiza-atividades-para-todos\\\/cultura\\\/11\\\/30\\\/\",\"name\":\"Biblioteca municipal de Loul\u00e9 dinamiza atividades para todos - Algarve 7\",\"isPartOf\":{\"@id\":\"https:\\\/\\\/algarve7.pt\\\/#website\"},\"primaryImageOfPage\":{\"@id\":\"https:\\\/\\\/algarve7.pt\\\/index.php\\\/2026\\\/09\\\/biblioteca-municipal-de-loule-dinamiza-atividades-para-todos\\\/cultura\\\/11\\\/30\\\/#primaryimage\"},\"image\":{\"@id\":\"https:\\\/\\\/algarve7.pt\\\/index.php\\\/2026\\\/09\\\/biblioteca-municipal-de-loule-dinamiza-atividades-para-todos\\\/cultura\\\/11\\\/30\\\/#primaryimage\"},\"thumbnailUrl\":\"https:\\\/\\\/algarve7.pt\\\/wp-content\\\/uploads\\\/2022\\\/01\\\/Biblioteca-Municipal-Sophia-de-Mello-B-reyner-Andresen-C.M.Loule-Mira.jpg\",\"datePublished\":\"2026-09-05T10:30:00+00:00\",\"description\":\"Biblioteca municipal de Loul\u00e9 dinamiza atividades para todos Cultura\",\"breadcrumb\":{\"@id\":\"https:\\\/\\\/algarve7.pt\\\/index.php\\\/2026\\\/09\\\/biblioteca-municipal-de-loule-dinamiza-atividades-para-todos\\\/cultura\\\/11\\\/30\\\/#breadcrumb\"},\"inLanguage\":\"pt-PT\",\"potentialAction\":[{\"@type\":\"ReadAction\",\"target\":[\"https:\\\/\\\/algarve7.pt\\\/index.php\\\/2026\\\/09\\\/biblioteca-municipal-de-loule-dinamiza-atividades-para-todos\\\/cultura\\\/11\\\/30\\\/\"]}]},{\"@type\":\"ImageObject\",\"inLanguage\":\"pt-PT\",\"@id\":\"https:\\\/\\\/algarve7.pt\\\/index.php\\\/2026\\\/09\\\/biblioteca-municipal-de-loule-dinamiza-atividades-para-todos\\\/cultura\\\/11\\\/30\\\/#primaryimage\",\"url\":\"https:\\\/\\\/algarve7.pt\\\/wp-content\\\/uploads\\\/2022\\\/01\\\/Biblioteca-Municipal-Sophia-de-Mello-B-reyner-Andresen-C.M.Loule-Mira.jpg\",\"contentUrl\":\"https:\\\/\\\/algarve7.pt\\\/wp-content\\\/uploads\\\/2022\\\/01\\\/Biblioteca-Municipal-Sophia-de-Mello-B-reyner-Andresen-C.M.Loule-Mira.jpg\",\"width\":1200,\"height\":786},{\"@type\":\"BreadcrumbList\",\"@id\":\"https:\\\/\\\/algarve7.pt\\\/index.php\\\/2026\\\/09\\\/biblioteca-municipal-de-loule-dinamiza-atividades-para-todos\\\/cultura\\\/11\\\/30\\\/#breadcrumb\",\"itemListElement\":[{\"@type\":\"ListItem\",\"position\":1,\"name\":\"In\u00edcio\",\"item\":\"https:\\\/\\\/algarve7.pt\\\/\"},{\"@type\":\"ListItem\",\"position\":2,\"name\":\"Biblioteca municipal de Loul\u00e9 dinamiza atividades para todos\"}]},{\"@type\":\"WebSite\",\"@id\":\"https:\\\/\\\/algarve7.pt\\\/#website\",\"url\":\"https:\\\/\\\/algarve7.pt\\\/\",\"name\":\"Algarve 7\",\"description\":\"Informa\u00e7\u00e3o sobre o Algarve\",\"publisher\":{\"@id\":\"https:\\\/\\\/algarve7.pt\\\/#organization\"},\"potentialAction\":[{\"@type\":\"SearchAction\",\"target\":{\"@type\":\"EntryPoint\",\"urlTemplate\":\"https:\\\/\\\/algarve7.pt\\\/?s={search_term_string}\"},\"query-input\":{\"@type\":\"PropertyValueSpecification\",\"valueRequired\":true,\"valueName\":\"search_term_string\"}}],\"inLanguage\":\"pt-PT\"},{\"@type\":\"Organization\",\"@id\":\"https:\\\/\\\/algarve7.pt\\\/#organization\",\"name\":\"Algarve 7\",\"url\":\"https:\\\/\\\/algarve7.pt\\\/\",\"logo\":{\"@type\":\"ImageObject\",\"inLanguage\":\"pt-PT\",\"@id\":\"https:\\\/\\\/algarve7.pt\\\/#\\\/schema\\\/logo\\\/image\\\/\",\"url\":\"https:\\\/\\\/algarve7.pt\\\/wp-content\\\/uploads\\\/2020\\\/10\\\/Logo-8.jpg\",\"contentUrl\":\"https:\\\/\\\/algarve7.pt\\\/wp-content\\\/uploads\\\/2020\\\/10\\\/Logo-8.jpg\",\"width\":1680,\"height\":1186,\"caption\":\"Algarve 7\"},\"image\":{\"@id\":\"https:\\\/\\\/algarve7.pt\\\/#\\\/schema\\\/logo\\\/image\\\/\"},\"sameAs\":[\"https:\\\/\\\/www.facebook.com\\\/algarve7\",\"https:\\\/\\\/x.com\\\/Algarvesete\",\"https:\\\/\\\/www.instagram.com\\\/jornalalgarve7\\\/\",\"https:\\\/\\\/www.linkedin.com\\\/company\\\/algarve7\",\"https:\\\/\\\/www.pinterest.pt\\\/geral0939\\\/_created\\\/\"]},{\"@type\":\"Person\",\"@id\":\"https:\\\/\\\/algarve7.pt\\\/#\\\/schema\\\/person\\\/23fa70681308e7b319a3204bcea45e0c\",\"name\":\"Algarve 7\",\"sameAs\":[\"https:\\\/\\\/algarve7.pt\",\"https:\\\/\\\/www.facebook.com\\\/algarve7\"],\"url\":\"https:\\\/\\\/algarve7.pt\\\/index.php\\\/author\\\/geralalgarve7-pt\\\/\"}]}<\/script>\n<!-- \/ Yoast SEO plugin. -->","yoast_head_json":{"title":"Biblioteca municipal de Loul\u00e9 dinamiza atividades para todos - Algarve 7","description":"Biblioteca municipal de Loul\u00e9 dinamiza atividades para todos Cultura","robots":{"index":"index","follow":"follow","max-snippet":"max-snippet:-1","max-image-preview":"max-image-preview:large","max-video-preview":"max-video-preview:-1"},"canonical":"https:\/\/algarve7.pt\/index.php\/2026\/09\/biblioteca-municipal-de-loule-dinamiza-atividades-para-todos\/cultura\/11\/30\/","og_locale":"pt_PT","og_type":"article","og_title":"Biblioteca municipal de Loul\u00e9 dinamiza atividades para todos - Algarve 7","og_description":"Biblioteca municipal de Loul\u00e9 dinamiza atividades para todos Cultura","og_url":"https:\/\/algarve7.pt\/index.php\/2026\/09\/biblioteca-municipal-de-loule-dinamiza-atividades-para-todos\/cultura\/11\/30\/","og_site_name":"Algarve 7","article_publisher":"https:\/\/www.facebook.com\/algarve7","article_author":"https:\/\/www.facebook.com\/algarve7","article_published_time":"2026-09-05T10:30:00+00:00","og_image":[{"width":1200,"height":786,"url":"https:\/\/algarve7.pt\/wp-content\/uploads\/2022\/01\/Biblioteca-Municipal-Sophia-de-Mello-B-reyner-Andresen-C.M.Loule-Mira.jpg","type":"image\/jpeg"}],"author":"Algarve 7","twitter_card":"summary_large_image","twitter_creator":"@Algarvesete","twitter_site":"@Algarvesete","twitter_misc":{"Escrito por":"Algarve 7","Tempo estimado de leitura":"4 minutos"},"schema":{"@context":"https:\/\/schema.org","@graph":[{"@type":"Article","@id":"https:\/\/algarve7.pt\/index.php\/2026\/09\/biblioteca-municipal-de-loule-dinamiza-atividades-para-todos\/cultura\/11\/30\/#article","isPartOf":{"@id":"https:\/\/algarve7.pt\/index.php\/2026\/09\/biblioteca-municipal-de-loule-dinamiza-atividades-para-todos\/cultura\/11\/30\/"},"author":{"name":"Algarve 7","@id":"https:\/\/algarve7.pt\/#\/schema\/person\/23fa70681308e7b319a3204bcea45e0c"},"headline":"Biblioteca municipal de Loul\u00e9 dinamiza atividades para todos","datePublished":"2026-09-05T10:30:00+00:00","mainEntityOfPage":{"@id":"https:\/\/algarve7.pt\/index.php\/2026\/09\/biblioteca-municipal-de-loule-dinamiza-atividades-para-todos\/cultura\/11\/30\/"},"wordCount":687,"publisher":{"@id":"https:\/\/algarve7.pt\/#organization"},"image":{"@id":"https:\/\/algarve7.pt\/index.php\/2026\/09\/biblioteca-municipal-de-loule-dinamiza-atividades-para-todos\/cultura\/11\/30\/#primaryimage"},"thumbnailUrl":"https:\/\/algarve7.pt\/wp-content\/uploads\/2022\/01\/Biblioteca-Municipal-Sophia-de-Mello-B-reyner-Andresen-C.M.Loule-Mira.jpg","keywords":["Algarve","Cultura","Loul\u00e9","Quarteira"],"articleSection":["Cultura"],"inLanguage":"pt-PT"},{"@type":"WebPage","@id":"https:\/\/algarve7.pt\/index.php\/2026\/09\/biblioteca-municipal-de-loule-dinamiza-atividades-para-todos\/cultura\/11\/30\/","url":"https:\/\/algarve7.pt\/index.php\/2026\/09\/biblioteca-municipal-de-loule-dinamiza-atividades-para-todos\/cultura\/11\/30\/","name":"Biblioteca municipal de Loul\u00e9 dinamiza atividades para todos - Algarve 7","isPartOf":{"@id":"https:\/\/algarve7.pt\/#website"},"primaryImageOfPage":{"@id":"https:\/\/algarve7.pt\/index.php\/2026\/09\/biblioteca-municipal-de-loule-dinamiza-atividades-para-todos\/cultura\/11\/30\/#primaryimage"},"image":{"@id":"https:\/\/algarve7.pt\/index.php\/2026\/09\/biblioteca-municipal-de-loule-dinamiza-atividades-para-todos\/cultura\/11\/30\/#primaryimage"},"thumbnailUrl":"https:\/\/algarve7.pt\/wp-content\/uploads\/2022\/01\/Biblioteca-Municipal-Sophia-de-Mello-B-reyner-Andresen-C.M.Loule-Mira.jpg","datePublished":"2026-09-05T10:30:00+00:00","description":"Biblioteca municipal de Loul\u00e9 dinamiza atividades para todos Cultura","breadcrumb":{"@id":"https:\/\/algarve7.pt\/index.php\/2026\/09\/biblioteca-municipal-de-loule-dinamiza-atividades-para-todos\/cultura\/11\/30\/#breadcrumb"},"inLanguage":"pt-PT","potentialAction":[{"@type":"ReadAction","target":["https:\/\/algarve7.pt\/index.php\/2026\/09\/biblioteca-municipal-de-loule-dinamiza-atividades-para-todos\/cultura\/11\/30\/"]}]},{"@type":"ImageObject","inLanguage":"pt-PT","@id":"https:\/\/algarve7.pt\/index.php\/2026\/09\/biblioteca-municipal-de-loule-dinamiza-atividades-para-todos\/cultura\/11\/30\/#primaryimage","url":"https:\/\/algarve7.pt\/wp-content\/uploads\/2022\/01\/Biblioteca-Municipal-Sophia-de-Mello-B-reyner-Andresen-C.M.Loule-Mira.jpg","contentUrl":"https:\/\/algarve7.pt\/wp-content\/uploads\/2022\/01\/Biblioteca-Municipal-Sophia-de-Mello-B-reyner-Andresen-C.M.Loule-Mira.jpg","width":1200,"height":786},{"@type":"BreadcrumbList","@id":"https:\/\/algarve7.pt\/index.php\/2026\/09\/biblioteca-municipal-de-loule-dinamiza-atividades-para-todos\/cultura\/11\/30\/#breadcrumb","itemListElement":[{"@type":"ListItem","position":1,"name":"In\u00edcio","item":"https:\/\/algarve7.pt\/"},{"@type":"ListItem","position":2,"name":"Biblioteca municipal de Loul\u00e9 dinamiza atividades para todos"}]},{"@type":"WebSite","@id":"https:\/\/algarve7.pt\/#website","url":"https:\/\/algarve7.pt\/","name":"Algarve 7","description":"Informa\u00e7\u00e3o sobre o Algarve","publisher":{"@id":"https:\/\/algarve7.pt\/#organization"},"potentialAction":[{"@type":"SearchAction","target":{"@type":"EntryPoint","urlTemplate":"https:\/\/algarve7.pt\/?s={search_term_string}"},"query-input":{"@type":"PropertyValueSpecification","valueRequired":true,"valueName":"search_term_string"}}],"inLanguage":"pt-PT"},{"@type":"Organization","@id":"https:\/\/algarve7.pt\/#organization","name":"Algarve 7","url":"https:\/\/algarve7.pt\/","logo":{"@type":"ImageObject","inLanguage":"pt-PT","@id":"https:\/\/algarve7.pt\/#\/schema\/logo\/image\/","url":"https:\/\/algarve7.pt\/wp-content\/uploads\/2020\/10\/Logo-8.jpg","contentUrl":"https:\/\/algarve7.pt\/wp-content\/uploads\/2020\/10\/Logo-8.jpg","width":1680,"height":1186,"caption":"Algarve 7"},"image":{"@id":"https:\/\/algarve7.pt\/#\/schema\/logo\/image\/"},"sameAs":["https:\/\/www.facebook.com\/algarve7","https:\/\/x.com\/Algarvesete","https:\/\/www.instagram.com\/jornalalgarve7\/","https:\/\/www.linkedin.com\/company\/algarve7","https:\/\/www.pinterest.pt\/geral0939\/_created\/"]},{"@type":"Person","@id":"https:\/\/algarve7.pt\/#\/schema\/person\/23fa70681308e7b319a3204bcea45e0c","name":"Algarve 7","sameAs":["https:\/\/algarve7.pt","https:\/\/www.facebook.com\/algarve7"],"url":"https:\/\/algarve7.pt\/index.php\/author\/geralalgarve7-pt\/"}]}},"jetpack_publicize_connections":[],"jetpack_shortlink":"https:\/\/wp.me\/pcezmW-hcF","jetpack_sharing_enabled":true,"jetpack_featured_media_url":"https:\/\/algarve7.pt\/wp-content\/uploads\/2022\/01\/Biblioteca-Municipal-Sophia-de-Mello-B-reyner-Andresen-C.M.Loule-Mira.jpg","_links":{"self":[{"href":"https:\/\/algarve7.pt\/index.php\/wp-json\/wp\/v2\/posts\/66133","targetHints":{"allow":["GET"]}}],"collection":[{"href":"https:\/\/algarve7.pt\/index.php\/wp-json\/wp\/v2\/posts"}],"about":[{"href":"https:\/\/algarve7.pt\/index.php\/wp-json\/wp\/v2\/types\/post"}],"author":[{"embeddable":true,"href":"https:\/\/algarve7.pt\/index.php\/wp-json\/wp\/v2\/users\/1"}],"replies":[{"embeddable":true,"href":"https:\/\/algarve7.pt\/index.php\/wp-json\/wp\/v2\/comments?post=66133"}],"version-history":[{"count":1,"href":"https:\/\/algarve7.pt\/index.php\/wp-json\/wp\/v2\/posts\/66133\/revisions"}],"predecessor-version":[{"id":66134,"href":"https:\/\/algarve7.pt\/index.php\/wp-json\/wp\/v2\/posts\/66133\/revisions\/66134"}],"wp:featuredmedia":[{"embeddable":true,"href":"https:\/\/algarve7.pt\/index.php\/wp-json\/wp\/v2\/media\/14705"}],"wp:attachment":[{"href":"https:\/\/algarve7.pt\/index.php\/wp-json\/wp\/v2\/media?parent=66133"}],"wp:term":[{"taxonomy":"category","embeddable":true,"href":"https:\/\/algarve7.pt\/index.php\/wp-json\/wp\/v2\/categories?post=66133"},{"taxonomy":"post_tag","embeddable":true,"href":"https:\/\/algarve7.pt\/index.php\/wp-json\/wp\/v2\/tags?post=66133"}],"curies":[{"name":"wp","href":"https:\/\/api.w.org\/{rel}","templated":true}]}}