{"id":66130,"date":"2026-09-05T11:02:39","date_gmt":"2026-09-05T10:02:39","guid":{"rendered":"https:\/\/algarve7.pt\/?p=66130"},"modified":"2026-09-04T11:04:58","modified_gmt":"2026-09-04T10:04:58","slug":"prioridade-a-educacao-municipio-de-sao-bras-de-alportel-prepara-novo-ano-letivo-com-garantia-de-transporte-escolar-gratuito","status":"publish","type":"post","link":"https:\/\/algarve7.pt\/index.php\/2026\/09\/prioridade-a-educacao-municipio-de-sao-bras-de-alportel-prepara-novo-ano-letivo-com-garantia-de-transporte-escolar-gratuito\/educacao\/11\/02\/","title":{"rendered":"Prioridade \u00e0 educa\u00e7\u00e3o, Munic\u00edpio de S\u00e3o Br\u00e1s de Alportel prepara novo ano letivo com garantia de transporte escolar gratuito\u00a0"},"content":{"rendered":"\n<p class=\"wp-block-paragraph\">O Munic\u00edpio de S\u00e3o Br\u00e1s de Alportel volta a assegurar transporte escolar gratuito no ano letivo 2026\/2027, atrav\u00e9s de uma rede de 11 circuitos especiais destinados aos alunos do ensino b\u00e1sico e secund\u00e1rio que cumpram os requisitos previstos na legisla\u00e7\u00e3o em vigor.<\/p>\n\n\n\n<p class=\"wp-block-paragraph\">A medida pretende garantir desloca\u00e7\u00f5es seguras e adequadas \u00e0s necessidades dos alunos, apoiando as fam\u00edlias nas desloca\u00e7\u00f5es di\u00e1rias e promovendo a utiliza\u00e7\u00e3o de transportes coletivos como alternativa ao transporte individual.<\/p>\n\n\n\n<p class=\"wp-block-paragraph\">\u201cEste \u00e9 um apoio que continuamos a garantir \u00e0s fam\u00edlias s\u00e3o-brasenses, contribuindo para reduzir os encargos associados ao in\u00edcio de cada ano letivo e para que a dist\u00e2ncia \u00e0 escola n\u00e3o seja um obst\u00e1culo ao percurso educativo de nenhuma crian\u00e7a ou jovem\u201d, destaca a Presidente da C\u00e2mara Municipal, Marlene Guerreiro.<\/p>\n\n\n\n<p class=\"wp-block-paragraph\"><strong>Onze circuitos para diferentes zonas do concelho<\/strong><\/p>\n\n\n\n<p class=\"wp-block-paragraph\">Os 11 circuitos previstos para o pr\u00f3ximo ano letivo est\u00e3o identificados por cores \u2014 Verde, Amarelo, Azul, Vermelho, Laranja, Roxo, Rosa e Azul Escuro \u2014 e abrangem diferentes localidades e zonas do concelho.<\/p>\n\n\n\n<p class=\"wp-block-paragraph\">A rede assegura as desloca\u00e7\u00f5es para a Escola EB 2,3 Poeta Bernardo de Passos, Escola Secund\u00e1ria Jos\u00e9 Belchior Viegas e escolas do 1.\u00ba ciclo do Alportel, Mesquita e Vilarinhos .<\/p>\n\n\n\n<p class=\"wp-block-paragraph\">Est\u00e1 prevista uma viagem di\u00e1ria no in\u00edcio da manh\u00e3, entre a resid\u00eancia e a escola, e duas viagens di\u00e1rias, nos dias letivos, entre os estabelecimentos de ensino e os locais de resid\u00eancia dos alunos.<\/p>\n\n\n\n<p class=\"wp-block-paragraph\">\u201cO planeamento \u00e9 feito com aten\u00e7\u00e3o \u00e0s necessidades que surgem em cada ano letivo, procurando assegurar uma resposta adequada \u00e0s diferentes zonas do concelho e acompanhar a evolu\u00e7\u00e3o do n\u00famero de alunos\u201d, refere a Vereadora respons\u00e1vel por esta \u00e1rea, M\u00f3nica In\u00e1cio, com uma larga experi\u00eancia na gest\u00e3o de transportes do munic\u00edpio.<\/p>\n\n\n\n<p class=\"wp-block-paragraph\">Hor\u00e1rios ajustados \u00e0s necessidades dos alunos<\/p>\n\n\n\n<p class=\"wp-block-paragraph\">Os hor\u00e1rios foram definidos em articula\u00e7\u00e3o com o Agrupamento de Escolas. Nas desloca\u00e7\u00f5es da resid\u00eancia para a escola, os circuitos destinados \u00e0 Escola EB 2,3 Poeta Bernardo de Passos e \u00e0 Escola Secund\u00e1ria t\u00eam partidas programadas, consoante a zona, entre as 7h00 e as 7h35.<\/p>\n\n\n\n<p class=\"wp-block-paragraph\">Para as escolas do 1.\u00ba ciclo do Alportel, da Mesquita e dos Vilarinhos, est\u00e3o previstas partidas \u00e0s 7h50.<\/p>\n\n\n\n<p class=\"wp-block-paragraph\">Os circuitos especiais s\u00e3o implementados quando os transportes coletivos existentes n\u00e3o respondem de forma adequada \u00e0s necessidades dos alunos, nomeadamente quando n\u00e3o permitem assegurar a compatibilidade com os hor\u00e1rios escolares ou quando as condi\u00e7\u00f5es de transporte dispon\u00edveis se revelam desadequadas face \u00e0s necessidades dos alunos.<\/p>\n\n\n\n<p class=\"wp-block-paragraph\">O Plano Municipal de Transportes Escolares para o ano letivo 2026\/2027 foi elaborado tendo por base o n\u00famero estimado de alunos a transportar, a informa\u00e7\u00e3o disponibilizada pelo Agrupamento de Escolas e a an\u00e1lise das necessidades de transporte verificadas para o pr\u00f3ximo ano letivo, considerando igualmente a experi\u00eancia e os dados registados nos anos letivos anteriores e foi aprovado pela C\u00e2mara Municipal, nos termos da legisla\u00e7\u00e3o em vigor.<\/p>\n","protected":false},"excerpt":{"rendered":"<p>O Munic\u00edpio de S\u00e3o Br\u00e1s de Alportel volta a assegurar transporte escolar gratuito no ano letivo 2026\/2027, atrav\u00e9s de uma<\/p>\n","protected":false},"author":1,"featured_media":66131,"comment_status":"closed","ping_status":"closed","sticky":false,"template":"","format":"standard","meta":{"colormag_page_container_layout":"default_layout","colormag_page_sidebar_layout":"default_layout","_monsterinsights_skip_tracking":false,"_jetpack_newsletter_access":"","_jetpack_dont_email_post_to_subs":false,"_jetpack_newsletter_tier_id":0,"_jetpack_memberships_contains_paywalled_content":false,"_jetpack_feature_clip_id":0,"_jetpack_memberships_contains_paid_content":false,"footnotes":"","jetpack_publicize_message":"","jetpack_publicize_feature_enabled":true,"jetpack_social_post_already_shared":true,"jetpack_social_options":{"image_generator_settings":{"template":"highway","default_image_id":0,"font":"","enabled":false},"version":2},"jetpack_post_was_ever_published":false},"categories":[93],"tags":[36,74,63],"class_list":["post-66130","post","type-post","status-publish","format-standard","has-post-thumbnail","hentry","category-educacao","tag-algarve","tag-educacao","tag-sao-bras-de-alportel"],"yoast_head":"<!-- This site is optimized with the Yoast SEO plugin v28.4 - https:\/\/yoast.com\/product\/yoast-seo-wordpress\/ -->\n<title>Prioridade \u00e0 educa\u00e7\u00e3o, Munic\u00edpio de S\u00e3o Br\u00e1s de Alportel prepara novo ano letivo com garantia de transporte escolar gratuito\u00a0 - Algarve 7<\/title>\n<meta name=\"description\" content=\"Prioridade \u00e0 educa\u00e7\u00e3o, Munic\u00edpio de S\u00e3o Br\u00e1s de Alportel prepara novo ano letivo com garantia de transporte escolar gratuito\u00a0 Educa\u00e7\u00e3o\" \/>\n<meta name=\"robots\" content=\"index, follow, max-snippet:-1, max-image-preview:large, max-video-preview:-1\" \/>\n<link rel=\"canonical\" href=\"https:\/\/algarve7.pt\/index.php\/2026\/09\/prioridade-a-educacao-municipio-de-sao-bras-de-alportel-prepara-novo-ano-letivo-com-garantia-de-transporte-escolar-gratuito\/educacao\/11\/02\/\" \/>\n<meta property=\"og:locale\" content=\"pt_PT\" \/>\n<meta property=\"og:type\" content=\"article\" \/>\n<meta property=\"og:title\" content=\"Prioridade \u00e0 educa\u00e7\u00e3o, Munic\u00edpio de S\u00e3o Br\u00e1s de Alportel prepara novo ano letivo com garantia de transporte escolar gratuito\u00a0 - Algarve 7\" \/>\n<meta property=\"og:description\" content=\"Prioridade \u00e0 educa\u00e7\u00e3o, Munic\u00edpio de S\u00e3o Br\u00e1s de Alportel prepara novo ano letivo com garantia de transporte escolar gratuito\u00a0 Educa\u00e7\u00e3o\" \/>\n<meta property=\"og:url\" content=\"https:\/\/algarve7.pt\/index.php\/2026\/09\/prioridade-a-educacao-municipio-de-sao-bras-de-alportel-prepara-novo-ano-letivo-com-garantia-de-transporte-escolar-gratuito\/educacao\/11\/02\/\" \/>\n<meta property=\"og:site_name\" content=\"Algarve 7\" \/>\n<meta property=\"article:publisher\" content=\"https:\/\/www.facebook.com\/algarve7\" \/>\n<meta property=\"article:author\" content=\"https:\/\/www.facebook.com\/algarve7\" \/>\n<meta property=\"article:published_time\" content=\"2026-09-05T10:02:39+00:00\" \/>\n<meta property=\"og:image\" content=\"https:\/\/algarve7.pt\/wp-content\/uploads\/2026\/09\/Transporte-Escolar-1-Medium.jpg\" \/>\n\t<meta property=\"og:image:width\" content=\"975\" \/>\n\t<meta property=\"og:image:height\" content=\"650\" \/>\n\t<meta property=\"og:image:type\" content=\"image\/jpeg\" \/>\n<meta name=\"author\" content=\"Algarve 7\" \/>\n<meta name=\"twitter:card\" content=\"summary_large_image\" \/>\n<meta name=\"twitter:creator\" content=\"@Algarvesete\" \/>\n<meta name=\"twitter:site\" content=\"@Algarvesete\" \/>\n<meta name=\"twitter:label1\" content=\"Escrito por\" \/>\n\t<meta name=\"twitter:data1\" content=\"Algarve 7\" \/>\n\t<meta name=\"twitter:label2\" content=\"Tempo estimado de leitura\" \/>\n\t<meta name=\"twitter:data2\" content=\"3 minutos\" \/>\n<script type=\"application\/ld+json\" class=\"yoast-schema-graph\">{\"@context\":\"https:\\\/\\\/schema.org\",\"@graph\":[{\"@type\":\"Article\",\"@id\":\"https:\\\/\\\/algarve7.pt\\\/index.php\\\/2026\\\/09\\\/prioridade-a-educacao-municipio-de-sao-bras-de-alportel-prepara-novo-ano-letivo-com-garantia-de-transporte-escolar-gratuito\\\/educacao\\\/11\\\/02\\\/#article\",\"isPartOf\":{\"@id\":\"https:\\\/\\\/algarve7.pt\\\/index.php\\\/2026\\\/09\\\/prioridade-a-educacao-municipio-de-sao-bras-de-alportel-prepara-novo-ano-letivo-com-garantia-de-transporte-escolar-gratuito\\\/educacao\\\/11\\\/02\\\/\"},\"author\":{\"name\":\"Algarve 7\",\"@id\":\"https:\\\/\\\/algarve7.pt\\\/#\\\/schema\\\/person\\\/23fa70681308e7b319a3204bcea45e0c\"},\"headline\":\"Prioridade \u00e0 educa\u00e7\u00e3o, Munic\u00edpio de S\u00e3o Br\u00e1s de Alportel prepara novo ano letivo com garantia de transporte escolar gratuito\u00a0\",\"datePublished\":\"2026-09-05T10:02:39+00:00\",\"mainEntityOfPage\":{\"@id\":\"https:\\\/\\\/algarve7.pt\\\/index.php\\\/2026\\\/09\\\/prioridade-a-educacao-municipio-de-sao-bras-de-alportel-prepara-novo-ano-letivo-com-garantia-de-transporte-escolar-gratuito\\\/educacao\\\/11\\\/02\\\/\"},\"wordCount\":523,\"publisher\":{\"@id\":\"https:\\\/\\\/algarve7.pt\\\/#organization\"},\"image\":{\"@id\":\"https:\\\/\\\/algarve7.pt\\\/index.php\\\/2026\\\/09\\\/prioridade-a-educacao-municipio-de-sao-bras-de-alportel-prepara-novo-ano-letivo-com-garantia-de-transporte-escolar-gratuito\\\/educacao\\\/11\\\/02\\\/#primaryimage\"},\"thumbnailUrl\":\"https:\\\/\\\/algarve7.pt\\\/wp-content\\\/uploads\\\/2026\\\/09\\\/Transporte-Escolar-1-Medium.jpg\",\"keywords\":[\"Algarve\",\"Educa\u00e7\u00e3o\",\"S\u00e3o Br\u00e1s de Alportel\"],\"articleSection\":[\"Educa\u00e7\u00e3o\"],\"inLanguage\":\"pt-PT\"},{\"@type\":\"WebPage\",\"@id\":\"https:\\\/\\\/algarve7.pt\\\/index.php\\\/2026\\\/09\\\/prioridade-a-educacao-municipio-de-sao-bras-de-alportel-prepara-novo-ano-letivo-com-garantia-de-transporte-escolar-gratuito\\\/educacao\\\/11\\\/02\\\/\",\"url\":\"https:\\\/\\\/algarve7.pt\\\/index.php\\\/2026\\\/09\\\/prioridade-a-educacao-municipio-de-sao-bras-de-alportel-prepara-novo-ano-letivo-com-garantia-de-transporte-escolar-gratuito\\\/educacao\\\/11\\\/02\\\/\",\"name\":\"Prioridade \u00e0 educa\u00e7\u00e3o, Munic\u00edpio de S\u00e3o Br\u00e1s de Alportel prepara novo ano letivo com garantia de transporte escolar gratuito\u00a0 - Algarve 7\",\"isPartOf\":{\"@id\":\"https:\\\/\\\/algarve7.pt\\\/#website\"},\"primaryImageOfPage\":{\"@id\":\"https:\\\/\\\/algarve7.pt\\\/index.php\\\/2026\\\/09\\\/prioridade-a-educacao-municipio-de-sao-bras-de-alportel-prepara-novo-ano-letivo-com-garantia-de-transporte-escolar-gratuito\\\/educacao\\\/11\\\/02\\\/#primaryimage\"},\"image\":{\"@id\":\"https:\\\/\\\/algarve7.pt\\\/index.php\\\/2026\\\/09\\\/prioridade-a-educacao-municipio-de-sao-bras-de-alportel-prepara-novo-ano-letivo-com-garantia-de-transporte-escolar-gratuito\\\/educacao\\\/11\\\/02\\\/#primaryimage\"},\"thumbnailUrl\":\"https:\\\/\\\/algarve7.pt\\\/wp-content\\\/uploads\\\/2026\\\/09\\\/Transporte-Escolar-1-Medium.jpg\",\"datePublished\":\"2026-09-05T10:02:39+00:00\",\"description\":\"Prioridade \u00e0 educa\u00e7\u00e3o, Munic\u00edpio de S\u00e3o Br\u00e1s de Alportel prepara novo ano letivo com garantia de transporte escolar gratuito\u00a0 Educa\u00e7\u00e3o\",\"breadcrumb\":{\"@id\":\"https:\\\/\\\/algarve7.pt\\\/index.php\\\/2026\\\/09\\\/prioridade-a-educacao-municipio-de-sao-bras-de-alportel-prepara-novo-ano-letivo-com-garantia-de-transporte-escolar-gratuito\\\/educacao\\\/11\\\/02\\\/#breadcrumb\"},\"inLanguage\":\"pt-PT\",\"potentialAction\":[{\"@type\":\"ReadAction\",\"target\":[\"https:\\\/\\\/algarve7.pt\\\/index.php\\\/2026\\\/09\\\/prioridade-a-educacao-municipio-de-sao-bras-de-alportel-prepara-novo-ano-letivo-com-garantia-de-transporte-escolar-gratuito\\\/educacao\\\/11\\\/02\\\/\"]}]},{\"@type\":\"ImageObject\",\"inLanguage\":\"pt-PT\",\"@id\":\"https:\\\/\\\/algarve7.pt\\\/index.php\\\/2026\\\/09\\\/prioridade-a-educacao-municipio-de-sao-bras-de-alportel-prepara-novo-ano-letivo-com-garantia-de-transporte-escolar-gratuito\\\/educacao\\\/11\\\/02\\\/#primaryimage\",\"url\":\"https:\\\/\\\/algarve7.pt\\\/wp-content\\\/uploads\\\/2026\\\/09\\\/Transporte-Escolar-1-Medium.jpg\",\"contentUrl\":\"https:\\\/\\\/algarve7.pt\\\/wp-content\\\/uploads\\\/2026\\\/09\\\/Transporte-Escolar-1-Medium.jpg\",\"width\":975,\"height\":650},{\"@type\":\"BreadcrumbList\",\"@id\":\"https:\\\/\\\/algarve7.pt\\\/index.php\\\/2026\\\/09\\\/prioridade-a-educacao-municipio-de-sao-bras-de-alportel-prepara-novo-ano-letivo-com-garantia-de-transporte-escolar-gratuito\\\/educacao\\\/11\\\/02\\\/#breadcrumb\",\"itemListElement\":[{\"@type\":\"ListItem\",\"position\":1,\"name\":\"In\u00edcio\",\"item\":\"https:\\\/\\\/algarve7.pt\\\/\"},{\"@type\":\"ListItem\",\"position\":2,\"name\":\"Prioridade \u00e0 educa\u00e7\u00e3o, Munic\u00edpio de S\u00e3o Br\u00e1s de Alportel prepara novo ano letivo com garantia de transporte escolar gratuito\u00a0\"}]},{\"@type\":\"WebSite\",\"@id\":\"https:\\\/\\\/algarve7.pt\\\/#website\",\"url\":\"https:\\\/\\\/algarve7.pt\\\/\",\"name\":\"Algarve 7\",\"description\":\"Informa\u00e7\u00e3o sobre o Algarve\",\"publisher\":{\"@id\":\"https:\\\/\\\/algarve7.pt\\\/#organization\"},\"potentialAction\":[{\"@type\":\"SearchAction\",\"target\":{\"@type\":\"EntryPoint\",\"urlTemplate\":\"https:\\\/\\\/algarve7.pt\\\/?s={search_term_string}\"},\"query-input\":{\"@type\":\"PropertyValueSpecification\",\"valueRequired\":true,\"valueName\":\"search_term_string\"}}],\"inLanguage\":\"pt-PT\"},{\"@type\":\"Organization\",\"@id\":\"https:\\\/\\\/algarve7.pt\\\/#organization\",\"name\":\"Algarve 7\",\"url\":\"https:\\\/\\\/algarve7.pt\\\/\",\"logo\":{\"@type\":\"ImageObject\",\"inLanguage\":\"pt-PT\",\"@id\":\"https:\\\/\\\/algarve7.pt\\\/#\\\/schema\\\/logo\\\/image\\\/\",\"url\":\"https:\\\/\\\/algarve7.pt\\\/wp-content\\\/uploads\\\/2020\\\/10\\\/Logo-8.jpg\",\"contentUrl\":\"https:\\\/\\\/algarve7.pt\\\/wp-content\\\/uploads\\\/2020\\\/10\\\/Logo-8.jpg\",\"width\":1680,\"height\":1186,\"caption\":\"Algarve 7\"},\"image\":{\"@id\":\"https:\\\/\\\/algarve7.pt\\\/#\\\/schema\\\/logo\\\/image\\\/\"},\"sameAs\":[\"https:\\\/\\\/www.facebook.com\\\/algarve7\",\"https:\\\/\\\/x.com\\\/Algarvesete\",\"https:\\\/\\\/www.instagram.com\\\/jornalalgarve7\\\/\",\"https:\\\/\\\/www.linkedin.com\\\/company\\\/algarve7\",\"https:\\\/\\\/www.pinterest.pt\\\/geral0939\\\/_created\\\/\"]},{\"@type\":\"Person\",\"@id\":\"https:\\\/\\\/algarve7.pt\\\/#\\\/schema\\\/person\\\/23fa70681308e7b319a3204bcea45e0c\",\"name\":\"Algarve 7\",\"sameAs\":[\"https:\\\/\\\/algarve7.pt\",\"https:\\\/\\\/www.facebook.com\\\/algarve7\"],\"url\":\"https:\\\/\\\/algarve7.pt\\\/index.php\\\/author\\\/geralalgarve7-pt\\\/\"}]}<\/script>\n<!-- \/ Yoast SEO plugin. -->","yoast_head_json":{"title":"Prioridade \u00e0 educa\u00e7\u00e3o, Munic\u00edpio de S\u00e3o Br\u00e1s de Alportel prepara novo ano letivo com garantia de transporte escolar gratuito\u00a0 - Algarve 7","description":"Prioridade \u00e0 educa\u00e7\u00e3o, Munic\u00edpio de S\u00e3o Br\u00e1s de Alportel prepara novo ano letivo com garantia de transporte escolar gratuito\u00a0 Educa\u00e7\u00e3o","robots":{"index":"index","follow":"follow","max-snippet":"max-snippet:-1","max-image-preview":"max-image-preview:large","max-video-preview":"max-video-preview:-1"},"canonical":"https:\/\/algarve7.pt\/index.php\/2026\/09\/prioridade-a-educacao-municipio-de-sao-bras-de-alportel-prepara-novo-ano-letivo-com-garantia-de-transporte-escolar-gratuito\/educacao\/11\/02\/","og_locale":"pt_PT","og_type":"article","og_title":"Prioridade \u00e0 educa\u00e7\u00e3o, Munic\u00edpio de S\u00e3o Br\u00e1s de Alportel prepara novo ano letivo com garantia de transporte escolar gratuito\u00a0 - Algarve 7","og_description":"Prioridade \u00e0 educa\u00e7\u00e3o, Munic\u00edpio de S\u00e3o Br\u00e1s de Alportel prepara novo ano letivo com garantia de transporte escolar gratuito\u00a0 Educa\u00e7\u00e3o","og_url":"https:\/\/algarve7.pt\/index.php\/2026\/09\/prioridade-a-educacao-municipio-de-sao-bras-de-alportel-prepara-novo-ano-letivo-com-garantia-de-transporte-escolar-gratuito\/educacao\/11\/02\/","og_site_name":"Algarve 7","article_publisher":"https:\/\/www.facebook.com\/algarve7","article_author":"https:\/\/www.facebook.com\/algarve7","article_published_time":"2026-09-05T10:02:39+00:00","og_image":[{"width":975,"height":650,"url":"https:\/\/algarve7.pt\/wp-content\/uploads\/2026\/09\/Transporte-Escolar-1-Medium.jpg","type":"image\/jpeg"}],"author":"Algarve 7","twitter_card":"summary_large_image","twitter_creator":"@Algarvesete","twitter_site":"@Algarvesete","twitter_misc":{"Escrito por":"Algarve 7","Tempo estimado de leitura":"3 minutos"},"schema":{"@context":"https:\/\/schema.org","@graph":[{"@type":"Article","@id":"https:\/\/algarve7.pt\/index.php\/2026\/09\/prioridade-a-educacao-municipio-de-sao-bras-de-alportel-prepara-novo-ano-letivo-com-garantia-de-transporte-escolar-gratuito\/educacao\/11\/02\/#article","isPartOf":{"@id":"https:\/\/algarve7.pt\/index.php\/2026\/09\/prioridade-a-educacao-municipio-de-sao-bras-de-alportel-prepara-novo-ano-letivo-com-garantia-de-transporte-escolar-gratuito\/educacao\/11\/02\/"},"author":{"name":"Algarve 7","@id":"https:\/\/algarve7.pt\/#\/schema\/person\/23fa70681308e7b319a3204bcea45e0c"},"headline":"Prioridade \u00e0 educa\u00e7\u00e3o, Munic\u00edpio de S\u00e3o Br\u00e1s de Alportel prepara novo ano letivo com garantia de transporte escolar gratuito\u00a0","datePublished":"2026-09-05T10:02:39+00:00","mainEntityOfPage":{"@id":"https:\/\/algarve7.pt\/index.php\/2026\/09\/prioridade-a-educacao-municipio-de-sao-bras-de-alportel-prepara-novo-ano-letivo-com-garantia-de-transporte-escolar-gratuito\/educacao\/11\/02\/"},"wordCount":523,"publisher":{"@id":"https:\/\/algarve7.pt\/#organization"},"image":{"@id":"https:\/\/algarve7.pt\/index.php\/2026\/09\/prioridade-a-educacao-municipio-de-sao-bras-de-alportel-prepara-novo-ano-letivo-com-garantia-de-transporte-escolar-gratuito\/educacao\/11\/02\/#primaryimage"},"thumbnailUrl":"https:\/\/algarve7.pt\/wp-content\/uploads\/2026\/09\/Transporte-Escolar-1-Medium.jpg","keywords":["Algarve","Educa\u00e7\u00e3o","S\u00e3o Br\u00e1s de Alportel"],"articleSection":["Educa\u00e7\u00e3o"],"inLanguage":"pt-PT"},{"@type":"WebPage","@id":"https:\/\/algarve7.pt\/index.php\/2026\/09\/prioridade-a-educacao-municipio-de-sao-bras-de-alportel-prepara-novo-ano-letivo-com-garantia-de-transporte-escolar-gratuito\/educacao\/11\/02\/","url":"https:\/\/algarve7.pt\/index.php\/2026\/09\/prioridade-a-educacao-municipio-de-sao-bras-de-alportel-prepara-novo-ano-letivo-com-garantia-de-transporte-escolar-gratuito\/educacao\/11\/02\/","name":"Prioridade \u00e0 educa\u00e7\u00e3o, Munic\u00edpio de S\u00e3o Br\u00e1s de Alportel prepara novo ano letivo com garantia de transporte escolar gratuito\u00a0 - Algarve 7","isPartOf":{"@id":"https:\/\/algarve7.pt\/#website"},"primaryImageOfPage":{"@id":"https:\/\/algarve7.pt\/index.php\/2026\/09\/prioridade-a-educacao-municipio-de-sao-bras-de-alportel-prepara-novo-ano-letivo-com-garantia-de-transporte-escolar-gratuito\/educacao\/11\/02\/#primaryimage"},"image":{"@id":"https:\/\/algarve7.pt\/index.php\/2026\/09\/prioridade-a-educacao-municipio-de-sao-bras-de-alportel-prepara-novo-ano-letivo-com-garantia-de-transporte-escolar-gratuito\/educacao\/11\/02\/#primaryimage"},"thumbnailUrl":"https:\/\/algarve7.pt\/wp-content\/uploads\/2026\/09\/Transporte-Escolar-1-Medium.jpg","datePublished":"2026-09-05T10:02:39+00:00","description":"Prioridade \u00e0 educa\u00e7\u00e3o, Munic\u00edpio de S\u00e3o Br\u00e1s de Alportel prepara novo ano letivo com garantia de transporte escolar gratuito\u00a0 Educa\u00e7\u00e3o","breadcrumb":{"@id":"https:\/\/algarve7.pt\/index.php\/2026\/09\/prioridade-a-educacao-municipio-de-sao-bras-de-alportel-prepara-novo-ano-letivo-com-garantia-de-transporte-escolar-gratuito\/educacao\/11\/02\/#breadcrumb"},"inLanguage":"pt-PT","potentialAction":[{"@type":"ReadAction","target":["https:\/\/algarve7.pt\/index.php\/2026\/09\/prioridade-a-educacao-municipio-de-sao-bras-de-alportel-prepara-novo-ano-letivo-com-garantia-de-transporte-escolar-gratuito\/educacao\/11\/02\/"]}]},{"@type":"ImageObject","inLanguage":"pt-PT","@id":"https:\/\/algarve7.pt\/index.php\/2026\/09\/prioridade-a-educacao-municipio-de-sao-bras-de-alportel-prepara-novo-ano-letivo-com-garantia-de-transporte-escolar-gratuito\/educacao\/11\/02\/#primaryimage","url":"https:\/\/algarve7.pt\/wp-content\/uploads\/2026\/09\/Transporte-Escolar-1-Medium.jpg","contentUrl":"https:\/\/algarve7.pt\/wp-content\/uploads\/2026\/09\/Transporte-Escolar-1-Medium.jpg","width":975,"height":650},{"@type":"BreadcrumbList","@id":"https:\/\/algarve7.pt\/index.php\/2026\/09\/prioridade-a-educacao-municipio-de-sao-bras-de-alportel-prepara-novo-ano-letivo-com-garantia-de-transporte-escolar-gratuito\/educacao\/11\/02\/#breadcrumb","itemListElement":[{"@type":"ListItem","position":1,"name":"In\u00edcio","item":"https:\/\/algarve7.pt\/"},{"@type":"ListItem","position":2,"name":"Prioridade \u00e0 educa\u00e7\u00e3o, Munic\u00edpio de S\u00e3o Br\u00e1s de Alportel prepara novo ano letivo com garantia de transporte escolar gratuito\u00a0"}]},{"@type":"WebSite","@id":"https:\/\/algarve7.pt\/#website","url":"https:\/\/algarve7.pt\/","name":"Algarve 7","description":"Informa\u00e7\u00e3o sobre o Algarve","publisher":{"@id":"https:\/\/algarve7.pt\/#organization"},"potentialAction":[{"@type":"SearchAction","target":{"@type":"EntryPoint","urlTemplate":"https:\/\/algarve7.pt\/?s={search_term_string}"},"query-input":{"@type":"PropertyValueSpecification","valueRequired":true,"valueName":"search_term_string"}}],"inLanguage":"pt-PT"},{"@type":"Organization","@id":"https:\/\/algarve7.pt\/#organization","name":"Algarve 7","url":"https:\/\/algarve7.pt\/","logo":{"@type":"ImageObject","inLanguage":"pt-PT","@id":"https:\/\/algarve7.pt\/#\/schema\/logo\/image\/","url":"https:\/\/algarve7.pt\/wp-content\/uploads\/2020\/10\/Logo-8.jpg","contentUrl":"https:\/\/algarve7.pt\/wp-content\/uploads\/2020\/10\/Logo-8.jpg","width":1680,"height":1186,"caption":"Algarve 7"},"image":{"@id":"https:\/\/algarve7.pt\/#\/schema\/logo\/image\/"},"sameAs":["https:\/\/www.facebook.com\/algarve7","https:\/\/x.com\/Algarvesete","https:\/\/www.instagram.com\/jornalalgarve7\/","https:\/\/www.linkedin.com\/company\/algarve7","https:\/\/www.pinterest.pt\/geral0939\/_created\/"]},{"@type":"Person","@id":"https:\/\/algarve7.pt\/#\/schema\/person\/23fa70681308e7b319a3204bcea45e0c","name":"Algarve 7","sameAs":["https:\/\/algarve7.pt","https:\/\/www.facebook.com\/algarve7"],"url":"https:\/\/algarve7.pt\/index.php\/author\/geralalgarve7-pt\/"}]}},"jetpack_publicize_connections":[],"jetpack_shortlink":"https:\/\/wp.me\/pcezmW-hcC","jetpack_sharing_enabled":true,"jetpack_featured_media_url":"https:\/\/algarve7.pt\/wp-content\/uploads\/2026\/09\/Transporte-Escolar-1-Medium.jpg","_links":{"self":[{"href":"https:\/\/algarve7.pt\/index.php\/wp-json\/wp\/v2\/posts\/66130","targetHints":{"allow":["GET"]}}],"collection":[{"href":"https:\/\/algarve7.pt\/index.php\/wp-json\/wp\/v2\/posts"}],"about":[{"href":"https:\/\/algarve7.pt\/index.php\/wp-json\/wp\/v2\/types\/post"}],"author":[{"embeddable":true,"href":"https:\/\/algarve7.pt\/index.php\/wp-json\/wp\/v2\/users\/1"}],"replies":[{"embeddable":true,"href":"https:\/\/algarve7.pt\/index.php\/wp-json\/wp\/v2\/comments?post=66130"}],"version-history":[{"count":1,"href":"https:\/\/algarve7.pt\/index.php\/wp-json\/wp\/v2\/posts\/66130\/revisions"}],"predecessor-version":[{"id":66132,"href":"https:\/\/algarve7.pt\/index.php\/wp-json\/wp\/v2\/posts\/66130\/revisions\/66132"}],"wp:featuredmedia":[{"embeddable":true,"href":"https:\/\/algarve7.pt\/index.php\/wp-json\/wp\/v2\/media\/66131"}],"wp:attachment":[{"href":"https:\/\/algarve7.pt\/index.php\/wp-json\/wp\/v2\/media?parent=66130"}],"wp:term":[{"taxonomy":"category","embeddable":true,"href":"https:\/\/algarve7.pt\/index.php\/wp-json\/wp\/v2\/categories?post=66130"},{"taxonomy":"post_tag","embeddable":true,"href":"https:\/\/algarve7.pt\/index.php\/wp-json\/wp\/v2\/tags?post=66130"}],"curies":[{"name":"wp","href":"https:\/\/api.w.org\/{rel}","templated":true}]}}