{"id":66127,"date":"2026-09-04T10:56:54","date_gmt":"2026-09-04T09:56:54","guid":{"rendered":"https:\/\/algarve7.pt\/?p=66127"},"modified":"2026-09-04T10:57:00","modified_gmt":"2026-09-04T09:57:00","slug":"o-bom-ambiente-comeca-na-sua-ilha-ecologica-emarp-reforca-sensibilizacao-no-monte-canelas","status":"publish","type":"post","link":"https:\/\/algarve7.pt\/index.php\/2026\/09\/o-bom-ambiente-comeca-na-sua-ilha-ecologica-emarp-reforca-sensibilizacao-no-monte-canelas\/ambiente\/10\/56\/","title":{"rendered":"O Bom Ambiente come\u00e7a na sua ilha ecol\u00f3gica: EMARP refor\u00e7a sensibiliza\u00e7\u00e3o no Monte Canelas"},"content":{"rendered":"\n<p class=\"wp-block-paragraph\">A Empresa Municipal de \u00c1guas e Res\u00edduos de Portim\u00e3o (EMARP) refor\u00e7ou a sensibiliza\u00e7\u00e3o ambiental na urbaniza\u00e7\u00e3o do Monte Canelas, com a instala\u00e7\u00e3o de nova sinal\u00e9tica informativa e uma a\u00e7\u00e3o de comunica\u00e7\u00e3o dirigida aos residentes, com o objetivo de promover uma utiliza\u00e7\u00e3o equilibrada das ilhas ecol\u00f3gicas e prevenir deposi\u00e7\u00f5es indevidas.<\/p>\n\n\n\n<p class=\"wp-block-paragraph\">A interven\u00e7\u00e3o surge na sequ\u00eancia da concentra\u00e7\u00e3o excessiva de res\u00edduos na ilha ecol\u00f3gica n.\u00ba 210, localizada na Rua da Amendoeira, que tem registado uma utiliza\u00e7\u00e3o significativamente superior \u00e0s restantes ilhas da urbaniza\u00e7\u00e3o. Esta situa\u00e7\u00e3o tem originado, com frequ\u00eancia, acumula\u00e7\u00e3o de res\u00edduos no exterior dos equipamentos, bem como a deposi\u00e7\u00e3o indevida de res\u00edduos verdes e monos.<\/p>\n\n\n\n<p class=\"wp-block-paragraph\">Com a mensagem \u201cO Bom Ambiente come\u00e7a aqui!\u201d, a nova sinal\u00e9tica apresenta a localiza\u00e7\u00e3o das quatro ilhas ecol\u00f3gicas do Monte Canelas e incentiva os mun\u00edcipes a utilizarem a que se encontra mais pr\u00f3xima da sua resid\u00eancia. O suporte disponibiliza tamb\u00e9m informa\u00e7\u00e3o sobre o servi\u00e7o gratuito de recolha de monos, res\u00edduos verdes e res\u00edduos provenientes de pequenas obras de bricolage, permitindo o agendamento atrav\u00e9s de QR Code, do 808 282 260 ou de\u00a0<a href=\"mailto:geral@emarp.pt\" target=\"_blank\" rel=\"noreferrer noopener\">geral@emarp.pt<\/a>.\u00a0<\/p>\n\n\n\n<p class=\"wp-block-paragraph\">Paralelamente, todos os residentes foram sensibilizados&nbsp;<strong>por e-mail ou correio tradicional<\/strong>&nbsp;para a import\u00e2ncia de colocar os res\u00edduos no interior dos equipamentos adequados e de evitar a deposi\u00e7\u00e3o de materiais no exterior das ilhas ecol\u00f3gicas.<\/p>\n\n\n\n<p class=\"wp-block-paragraph\">Esta interven\u00e7\u00e3o assume-se como uma a\u00e7\u00e3o-piloto de comunica\u00e7\u00e3o e sensibiliza\u00e7\u00e3o, atrav\u00e9s de uma abordagem diferenciadora que alia informa\u00e7\u00e3o de proximidade com orienta\u00e7\u00f5es pr\u00e1ticas e sinal\u00e9tica visual.<\/p>\n\n\n\n<p class=\"wp-block-paragraph\"><strong>Separar corretamente os res\u00edduos e recorrer ao servi\u00e7o gratuito de recolha disponibilizado pela EMARP s\u00e3o pequenos gestos que fazem a diferen\u00e7a na limpeza, qualidade ambiental e sustentabilidade do munic\u00edpio de Portim\u00e3o.<\/strong><\/p>\n","protected":false},"excerpt":{"rendered":"<p>A Empresa Municipal de \u00c1guas e Res\u00edduos de Portim\u00e3o (EMARP) refor\u00e7ou a sensibiliza\u00e7\u00e3o ambiental na urbaniza\u00e7\u00e3o do Monte Canelas, com<\/p>\n","protected":false},"author":1,"featured_media":66128,"comment_status":"closed","ping_status":"closed","sticky":false,"template":"","format":"standard","meta":{"colormag_page_container_layout":"default_layout","colormag_page_sidebar_layout":"default_layout","_monsterinsights_skip_tracking":false,"_jetpack_newsletter_access":"","_jetpack_dont_email_post_to_subs":false,"_jetpack_newsletter_tier_id":0,"_jetpack_memberships_contains_paywalled_content":false,"_jetpack_feature_clip_id":0,"_jetpack_memberships_contains_paid_content":false,"footnotes":"","jetpack_publicize_message":"","jetpack_publicize_feature_enabled":true,"jetpack_social_post_already_shared":true,"jetpack_social_options":{"image_generator_settings":{"template":"highway","default_image_id":0,"font":"","enabled":false},"version":2},"jetpack_post_was_ever_published":false},"categories":[5],"tags":[36,32,611,72],"class_list":["post-66127","post","type-post","status-publish","format-standard","has-post-thumbnail","hentry","category-ambiente","tag-algarve","tag-ambiente","tag-emarp","tag-portimao"],"yoast_head":"<!-- This site is optimized with the Yoast SEO plugin v28.4 - https:\/\/yoast.com\/product\/yoast-seo-wordpress\/ -->\n<title>O Bom Ambiente come\u00e7a na sua ilha ecol\u00f3gica: EMARP refor\u00e7a sensibiliza\u00e7\u00e3o no Monte Canelas - Algarve 7<\/title>\n<meta name=\"description\" content=\"O Bom Ambiente come\u00e7a na sua ilha ecol\u00f3gica: EMARP refor\u00e7a sensibiliza\u00e7\u00e3o no Monte Canelas Ambiente\" \/>\n<meta name=\"robots\" content=\"index, follow, max-snippet:-1, max-image-preview:large, max-video-preview:-1\" \/>\n<link rel=\"canonical\" href=\"https:\/\/algarve7.pt\/index.php\/2026\/09\/o-bom-ambiente-comeca-na-sua-ilha-ecologica-emarp-reforca-sensibilizacao-no-monte-canelas\/ambiente\/10\/56\/\" \/>\n<meta property=\"og:locale\" content=\"pt_PT\" \/>\n<meta property=\"og:type\" content=\"article\" \/>\n<meta property=\"og:title\" content=\"O Bom Ambiente come\u00e7a na sua ilha ecol\u00f3gica: EMARP refor\u00e7a sensibiliza\u00e7\u00e3o no Monte Canelas - Algarve 7\" \/>\n<meta property=\"og:description\" content=\"O Bom Ambiente come\u00e7a na sua ilha ecol\u00f3gica: EMARP refor\u00e7a sensibiliza\u00e7\u00e3o no Monte Canelas Ambiente\" \/>\n<meta property=\"og:url\" content=\"https:\/\/algarve7.pt\/index.php\/2026\/09\/o-bom-ambiente-comeca-na-sua-ilha-ecologica-emarp-reforca-sensibilizacao-no-monte-canelas\/ambiente\/10\/56\/\" \/>\n<meta property=\"og:site_name\" content=\"Algarve 7\" \/>\n<meta property=\"article:publisher\" content=\"https:\/\/www.facebook.com\/algarve7\" \/>\n<meta property=\"article:author\" content=\"https:\/\/www.facebook.com\/algarve7\" \/>\n<meta property=\"article:published_time\" content=\"2026-09-04T09:56:54+00:00\" \/>\n<meta property=\"article:modified_time\" content=\"2026-09-04T09:57:00+00:00\" \/>\n<meta property=\"og:image\" content=\"https:\/\/algarve7.pt\/wp-content\/uploads\/2026\/09\/Ilha-Ecologica.jpg\" \/>\n\t<meta property=\"og:image:width\" content=\"975\" \/>\n\t<meta property=\"og:image:height\" content=\"650\" \/>\n\t<meta property=\"og:image:type\" content=\"image\/jpeg\" \/>\n<meta name=\"author\" content=\"Algarve 7\" \/>\n<meta name=\"twitter:card\" content=\"summary_large_image\" \/>\n<meta name=\"twitter:creator\" content=\"@Algarvesete\" \/>\n<meta name=\"twitter:site\" content=\"@Algarvesete\" \/>\n<meta name=\"twitter:label1\" content=\"Escrito por\" \/>\n\t<meta name=\"twitter:data1\" content=\"Algarve 7\" \/>\n\t<meta name=\"twitter:label2\" content=\"Tempo estimado de leitura\" \/>\n\t<meta name=\"twitter:data2\" content=\"2 minutos\" \/>\n<script type=\"application\/ld+json\" class=\"yoast-schema-graph\">{\"@context\":\"https:\\\/\\\/schema.org\",\"@graph\":[{\"@type\":\"Article\",\"@id\":\"https:\\\/\\\/algarve7.pt\\\/index.php\\\/2026\\\/09\\\/o-bom-ambiente-comeca-na-sua-ilha-ecologica-emarp-reforca-sensibilizacao-no-monte-canelas\\\/ambiente\\\/10\\\/56\\\/#article\",\"isPartOf\":{\"@id\":\"https:\\\/\\\/algarve7.pt\\\/index.php\\\/2026\\\/09\\\/o-bom-ambiente-comeca-na-sua-ilha-ecologica-emarp-reforca-sensibilizacao-no-monte-canelas\\\/ambiente\\\/10\\\/56\\\/\"},\"author\":{\"name\":\"Algarve 7\",\"@id\":\"https:\\\/\\\/algarve7.pt\\\/#\\\/schema\\\/person\\\/23fa70681308e7b319a3204bcea45e0c\"},\"headline\":\"O Bom Ambiente come\u00e7a na sua ilha ecol\u00f3gica: EMARP refor\u00e7a sensibiliza\u00e7\u00e3o no Monte Canelas\",\"datePublished\":\"2026-09-04T09:56:54+00:00\",\"dateModified\":\"2026-09-04T09:57:00+00:00\",\"mainEntityOfPage\":{\"@id\":\"https:\\\/\\\/algarve7.pt\\\/index.php\\\/2026\\\/09\\\/o-bom-ambiente-comeca-na-sua-ilha-ecologica-emarp-reforca-sensibilizacao-no-monte-canelas\\\/ambiente\\\/10\\\/56\\\/\"},\"wordCount\":344,\"publisher\":{\"@id\":\"https:\\\/\\\/algarve7.pt\\\/#organization\"},\"image\":{\"@id\":\"https:\\\/\\\/algarve7.pt\\\/index.php\\\/2026\\\/09\\\/o-bom-ambiente-comeca-na-sua-ilha-ecologica-emarp-reforca-sensibilizacao-no-monte-canelas\\\/ambiente\\\/10\\\/56\\\/#primaryimage\"},\"thumbnailUrl\":\"https:\\\/\\\/algarve7.pt\\\/wp-content\\\/uploads\\\/2026\\\/09\\\/Ilha-Ecologica.jpg\",\"keywords\":[\"Algarve\",\"Ambiente\",\"EMARP\",\"Portim\u00e3o\"],\"articleSection\":[\"Ambiente\"],\"inLanguage\":\"pt-PT\"},{\"@type\":\"WebPage\",\"@id\":\"https:\\\/\\\/algarve7.pt\\\/index.php\\\/2026\\\/09\\\/o-bom-ambiente-comeca-na-sua-ilha-ecologica-emarp-reforca-sensibilizacao-no-monte-canelas\\\/ambiente\\\/10\\\/56\\\/\",\"url\":\"https:\\\/\\\/algarve7.pt\\\/index.php\\\/2026\\\/09\\\/o-bom-ambiente-comeca-na-sua-ilha-ecologica-emarp-reforca-sensibilizacao-no-monte-canelas\\\/ambiente\\\/10\\\/56\\\/\",\"name\":\"O Bom Ambiente come\u00e7a na sua ilha ecol\u00f3gica: EMARP refor\u00e7a sensibiliza\u00e7\u00e3o no Monte Canelas - Algarve 7\",\"isPartOf\":{\"@id\":\"https:\\\/\\\/algarve7.pt\\\/#website\"},\"primaryImageOfPage\":{\"@id\":\"https:\\\/\\\/algarve7.pt\\\/index.php\\\/2026\\\/09\\\/o-bom-ambiente-comeca-na-sua-ilha-ecologica-emarp-reforca-sensibilizacao-no-monte-canelas\\\/ambiente\\\/10\\\/56\\\/#primaryimage\"},\"image\":{\"@id\":\"https:\\\/\\\/algarve7.pt\\\/index.php\\\/2026\\\/09\\\/o-bom-ambiente-comeca-na-sua-ilha-ecologica-emarp-reforca-sensibilizacao-no-monte-canelas\\\/ambiente\\\/10\\\/56\\\/#primaryimage\"},\"thumbnailUrl\":\"https:\\\/\\\/algarve7.pt\\\/wp-content\\\/uploads\\\/2026\\\/09\\\/Ilha-Ecologica.jpg\",\"datePublished\":\"2026-09-04T09:56:54+00:00\",\"dateModified\":\"2026-09-04T09:57:00+00:00\",\"description\":\"O Bom Ambiente come\u00e7a na sua ilha ecol\u00f3gica: EMARP refor\u00e7a sensibiliza\u00e7\u00e3o no Monte Canelas Ambiente\",\"breadcrumb\":{\"@id\":\"https:\\\/\\\/algarve7.pt\\\/index.php\\\/2026\\\/09\\\/o-bom-ambiente-comeca-na-sua-ilha-ecologica-emarp-reforca-sensibilizacao-no-monte-canelas\\\/ambiente\\\/10\\\/56\\\/#breadcrumb\"},\"inLanguage\":\"pt-PT\",\"potentialAction\":[{\"@type\":\"ReadAction\",\"target\":[\"https:\\\/\\\/algarve7.pt\\\/index.php\\\/2026\\\/09\\\/o-bom-ambiente-comeca-na-sua-ilha-ecologica-emarp-reforca-sensibilizacao-no-monte-canelas\\\/ambiente\\\/10\\\/56\\\/\"]}]},{\"@type\":\"ImageObject\",\"inLanguage\":\"pt-PT\",\"@id\":\"https:\\\/\\\/algarve7.pt\\\/index.php\\\/2026\\\/09\\\/o-bom-ambiente-comeca-na-sua-ilha-ecologica-emarp-reforca-sensibilizacao-no-monte-canelas\\\/ambiente\\\/10\\\/56\\\/#primaryimage\",\"url\":\"https:\\\/\\\/algarve7.pt\\\/wp-content\\\/uploads\\\/2026\\\/09\\\/Ilha-Ecologica.jpg\",\"contentUrl\":\"https:\\\/\\\/algarve7.pt\\\/wp-content\\\/uploads\\\/2026\\\/09\\\/Ilha-Ecologica.jpg\",\"width\":975,\"height\":650},{\"@type\":\"BreadcrumbList\",\"@id\":\"https:\\\/\\\/algarve7.pt\\\/index.php\\\/2026\\\/09\\\/o-bom-ambiente-comeca-na-sua-ilha-ecologica-emarp-reforca-sensibilizacao-no-monte-canelas\\\/ambiente\\\/10\\\/56\\\/#breadcrumb\",\"itemListElement\":[{\"@type\":\"ListItem\",\"position\":1,\"name\":\"In\u00edcio\",\"item\":\"https:\\\/\\\/algarve7.pt\\\/\"},{\"@type\":\"ListItem\",\"position\":2,\"name\":\"O Bom Ambiente come\u00e7a na sua ilha ecol\u00f3gica: EMARP refor\u00e7a sensibiliza\u00e7\u00e3o no Monte Canelas\"}]},{\"@type\":\"WebSite\",\"@id\":\"https:\\\/\\\/algarve7.pt\\\/#website\",\"url\":\"https:\\\/\\\/algarve7.pt\\\/\",\"name\":\"Algarve 7\",\"description\":\"Informa\u00e7\u00e3o sobre o Algarve\",\"publisher\":{\"@id\":\"https:\\\/\\\/algarve7.pt\\\/#organization\"},\"potentialAction\":[{\"@type\":\"SearchAction\",\"target\":{\"@type\":\"EntryPoint\",\"urlTemplate\":\"https:\\\/\\\/algarve7.pt\\\/?s={search_term_string}\"},\"query-input\":{\"@type\":\"PropertyValueSpecification\",\"valueRequired\":true,\"valueName\":\"search_term_string\"}}],\"inLanguage\":\"pt-PT\"},{\"@type\":\"Organization\",\"@id\":\"https:\\\/\\\/algarve7.pt\\\/#organization\",\"name\":\"Algarve 7\",\"url\":\"https:\\\/\\\/algarve7.pt\\\/\",\"logo\":{\"@type\":\"ImageObject\",\"inLanguage\":\"pt-PT\",\"@id\":\"https:\\\/\\\/algarve7.pt\\\/#\\\/schema\\\/logo\\\/image\\\/\",\"url\":\"https:\\\/\\\/algarve7.pt\\\/wp-content\\\/uploads\\\/2020\\\/10\\\/Logo-8.jpg\",\"contentUrl\":\"https:\\\/\\\/algarve7.pt\\\/wp-content\\\/uploads\\\/2020\\\/10\\\/Logo-8.jpg\",\"width\":1680,\"height\":1186,\"caption\":\"Algarve 7\"},\"image\":{\"@id\":\"https:\\\/\\\/algarve7.pt\\\/#\\\/schema\\\/logo\\\/image\\\/\"},\"sameAs\":[\"https:\\\/\\\/www.facebook.com\\\/algarve7\",\"https:\\\/\\\/x.com\\\/Algarvesete\",\"https:\\\/\\\/www.instagram.com\\\/jornalalgarve7\\\/\",\"https:\\\/\\\/www.linkedin.com\\\/company\\\/algarve7\",\"https:\\\/\\\/www.pinterest.pt\\\/geral0939\\\/_created\\\/\"]},{\"@type\":\"Person\",\"@id\":\"https:\\\/\\\/algarve7.pt\\\/#\\\/schema\\\/person\\\/23fa70681308e7b319a3204bcea45e0c\",\"name\":\"Algarve 7\",\"sameAs\":[\"https:\\\/\\\/algarve7.pt\",\"https:\\\/\\\/www.facebook.com\\\/algarve7\"],\"url\":\"https:\\\/\\\/algarve7.pt\\\/index.php\\\/author\\\/geralalgarve7-pt\\\/\"}]}<\/script>\n<!-- \/ Yoast SEO plugin. -->","yoast_head_json":{"title":"O Bom Ambiente come\u00e7a na sua ilha ecol\u00f3gica: EMARP refor\u00e7a sensibiliza\u00e7\u00e3o no Monte Canelas - Algarve 7","description":"O Bom Ambiente come\u00e7a na sua ilha ecol\u00f3gica: EMARP refor\u00e7a sensibiliza\u00e7\u00e3o no Monte Canelas Ambiente","robots":{"index":"index","follow":"follow","max-snippet":"max-snippet:-1","max-image-preview":"max-image-preview:large","max-video-preview":"max-video-preview:-1"},"canonical":"https:\/\/algarve7.pt\/index.php\/2026\/09\/o-bom-ambiente-comeca-na-sua-ilha-ecologica-emarp-reforca-sensibilizacao-no-monte-canelas\/ambiente\/10\/56\/","og_locale":"pt_PT","og_type":"article","og_title":"O Bom Ambiente come\u00e7a na sua ilha ecol\u00f3gica: EMARP refor\u00e7a sensibiliza\u00e7\u00e3o no Monte Canelas - Algarve 7","og_description":"O Bom Ambiente come\u00e7a na sua ilha ecol\u00f3gica: EMARP refor\u00e7a sensibiliza\u00e7\u00e3o no Monte Canelas Ambiente","og_url":"https:\/\/algarve7.pt\/index.php\/2026\/09\/o-bom-ambiente-comeca-na-sua-ilha-ecologica-emarp-reforca-sensibilizacao-no-monte-canelas\/ambiente\/10\/56\/","og_site_name":"Algarve 7","article_publisher":"https:\/\/www.facebook.com\/algarve7","article_author":"https:\/\/www.facebook.com\/algarve7","article_published_time":"2026-09-04T09:56:54+00:00","article_modified_time":"2026-09-04T09:57:00+00:00","og_image":[{"width":975,"height":650,"url":"https:\/\/algarve7.pt\/wp-content\/uploads\/2026\/09\/Ilha-Ecologica.jpg","type":"image\/jpeg"}],"author":"Algarve 7","twitter_card":"summary_large_image","twitter_creator":"@Algarvesete","twitter_site":"@Algarvesete","twitter_misc":{"Escrito por":"Algarve 7","Tempo estimado de leitura":"2 minutos"},"schema":{"@context":"https:\/\/schema.org","@graph":[{"@type":"Article","@id":"https:\/\/algarve7.pt\/index.php\/2026\/09\/o-bom-ambiente-comeca-na-sua-ilha-ecologica-emarp-reforca-sensibilizacao-no-monte-canelas\/ambiente\/10\/56\/#article","isPartOf":{"@id":"https:\/\/algarve7.pt\/index.php\/2026\/09\/o-bom-ambiente-comeca-na-sua-ilha-ecologica-emarp-reforca-sensibilizacao-no-monte-canelas\/ambiente\/10\/56\/"},"author":{"name":"Algarve 7","@id":"https:\/\/algarve7.pt\/#\/schema\/person\/23fa70681308e7b319a3204bcea45e0c"},"headline":"O Bom Ambiente come\u00e7a na sua ilha ecol\u00f3gica: EMARP refor\u00e7a sensibiliza\u00e7\u00e3o no Monte Canelas","datePublished":"2026-09-04T09:56:54+00:00","dateModified":"2026-09-04T09:57:00+00:00","mainEntityOfPage":{"@id":"https:\/\/algarve7.pt\/index.php\/2026\/09\/o-bom-ambiente-comeca-na-sua-ilha-ecologica-emarp-reforca-sensibilizacao-no-monte-canelas\/ambiente\/10\/56\/"},"wordCount":344,"publisher":{"@id":"https:\/\/algarve7.pt\/#organization"},"image":{"@id":"https:\/\/algarve7.pt\/index.php\/2026\/09\/o-bom-ambiente-comeca-na-sua-ilha-ecologica-emarp-reforca-sensibilizacao-no-monte-canelas\/ambiente\/10\/56\/#primaryimage"},"thumbnailUrl":"https:\/\/algarve7.pt\/wp-content\/uploads\/2026\/09\/Ilha-Ecologica.jpg","keywords":["Algarve","Ambiente","EMARP","Portim\u00e3o"],"articleSection":["Ambiente"],"inLanguage":"pt-PT"},{"@type":"WebPage","@id":"https:\/\/algarve7.pt\/index.php\/2026\/09\/o-bom-ambiente-comeca-na-sua-ilha-ecologica-emarp-reforca-sensibilizacao-no-monte-canelas\/ambiente\/10\/56\/","url":"https:\/\/algarve7.pt\/index.php\/2026\/09\/o-bom-ambiente-comeca-na-sua-ilha-ecologica-emarp-reforca-sensibilizacao-no-monte-canelas\/ambiente\/10\/56\/","name":"O Bom Ambiente come\u00e7a na sua ilha ecol\u00f3gica: EMARP refor\u00e7a sensibiliza\u00e7\u00e3o no Monte Canelas - Algarve 7","isPartOf":{"@id":"https:\/\/algarve7.pt\/#website"},"primaryImageOfPage":{"@id":"https:\/\/algarve7.pt\/index.php\/2026\/09\/o-bom-ambiente-comeca-na-sua-ilha-ecologica-emarp-reforca-sensibilizacao-no-monte-canelas\/ambiente\/10\/56\/#primaryimage"},"image":{"@id":"https:\/\/algarve7.pt\/index.php\/2026\/09\/o-bom-ambiente-comeca-na-sua-ilha-ecologica-emarp-reforca-sensibilizacao-no-monte-canelas\/ambiente\/10\/56\/#primaryimage"},"thumbnailUrl":"https:\/\/algarve7.pt\/wp-content\/uploads\/2026\/09\/Ilha-Ecologica.jpg","datePublished":"2026-09-04T09:56:54+00:00","dateModified":"2026-09-04T09:57:00+00:00","description":"O Bom Ambiente come\u00e7a na sua ilha ecol\u00f3gica: EMARP refor\u00e7a sensibiliza\u00e7\u00e3o no Monte Canelas Ambiente","breadcrumb":{"@id":"https:\/\/algarve7.pt\/index.php\/2026\/09\/o-bom-ambiente-comeca-na-sua-ilha-ecologica-emarp-reforca-sensibilizacao-no-monte-canelas\/ambiente\/10\/56\/#breadcrumb"},"inLanguage":"pt-PT","potentialAction":[{"@type":"ReadAction","target":["https:\/\/algarve7.pt\/index.php\/2026\/09\/o-bom-ambiente-comeca-na-sua-ilha-ecologica-emarp-reforca-sensibilizacao-no-monte-canelas\/ambiente\/10\/56\/"]}]},{"@type":"ImageObject","inLanguage":"pt-PT","@id":"https:\/\/algarve7.pt\/index.php\/2026\/09\/o-bom-ambiente-comeca-na-sua-ilha-ecologica-emarp-reforca-sensibilizacao-no-monte-canelas\/ambiente\/10\/56\/#primaryimage","url":"https:\/\/algarve7.pt\/wp-content\/uploads\/2026\/09\/Ilha-Ecologica.jpg","contentUrl":"https:\/\/algarve7.pt\/wp-content\/uploads\/2026\/09\/Ilha-Ecologica.jpg","width":975,"height":650},{"@type":"BreadcrumbList","@id":"https:\/\/algarve7.pt\/index.php\/2026\/09\/o-bom-ambiente-comeca-na-sua-ilha-ecologica-emarp-reforca-sensibilizacao-no-monte-canelas\/ambiente\/10\/56\/#breadcrumb","itemListElement":[{"@type":"ListItem","position":1,"name":"In\u00edcio","item":"https:\/\/algarve7.pt\/"},{"@type":"ListItem","position":2,"name":"O Bom Ambiente come\u00e7a na sua ilha ecol\u00f3gica: EMARP refor\u00e7a sensibiliza\u00e7\u00e3o no Monte Canelas"}]},{"@type":"WebSite","@id":"https:\/\/algarve7.pt\/#website","url":"https:\/\/algarve7.pt\/","name":"Algarve 7","description":"Informa\u00e7\u00e3o sobre o Algarve","publisher":{"@id":"https:\/\/algarve7.pt\/#organization"},"potentialAction":[{"@type":"SearchAction","target":{"@type":"EntryPoint","urlTemplate":"https:\/\/algarve7.pt\/?s={search_term_string}"},"query-input":{"@type":"PropertyValueSpecification","valueRequired":true,"valueName":"search_term_string"}}],"inLanguage":"pt-PT"},{"@type":"Organization","@id":"https:\/\/algarve7.pt\/#organization","name":"Algarve 7","url":"https:\/\/algarve7.pt\/","logo":{"@type":"ImageObject","inLanguage":"pt-PT","@id":"https:\/\/algarve7.pt\/#\/schema\/logo\/image\/","url":"https:\/\/algarve7.pt\/wp-content\/uploads\/2020\/10\/Logo-8.jpg","contentUrl":"https:\/\/algarve7.pt\/wp-content\/uploads\/2020\/10\/Logo-8.jpg","width":1680,"height":1186,"caption":"Algarve 7"},"image":{"@id":"https:\/\/algarve7.pt\/#\/schema\/logo\/image\/"},"sameAs":["https:\/\/www.facebook.com\/algarve7","https:\/\/x.com\/Algarvesete","https:\/\/www.instagram.com\/jornalalgarve7\/","https:\/\/www.linkedin.com\/company\/algarve7","https:\/\/www.pinterest.pt\/geral0939\/_created\/"]},{"@type":"Person","@id":"https:\/\/algarve7.pt\/#\/schema\/person\/23fa70681308e7b319a3204bcea45e0c","name":"Algarve 7","sameAs":["https:\/\/algarve7.pt","https:\/\/www.facebook.com\/algarve7"],"url":"https:\/\/algarve7.pt\/index.php\/author\/geralalgarve7-pt\/"}]}},"jetpack_publicize_connections":[],"jetpack_shortlink":"https:\/\/wp.me\/pcezmW-hcz","jetpack_sharing_enabled":true,"jetpack_featured_media_url":"https:\/\/algarve7.pt\/wp-content\/uploads\/2026\/09\/Ilha-Ecologica.jpg","_links":{"self":[{"href":"https:\/\/algarve7.pt\/index.php\/wp-json\/wp\/v2\/posts\/66127","targetHints":{"allow":["GET"]}}],"collection":[{"href":"https:\/\/algarve7.pt\/index.php\/wp-json\/wp\/v2\/posts"}],"about":[{"href":"https:\/\/algarve7.pt\/index.php\/wp-json\/wp\/v2\/types\/post"}],"author":[{"embeddable":true,"href":"https:\/\/algarve7.pt\/index.php\/wp-json\/wp\/v2\/users\/1"}],"replies":[{"embeddable":true,"href":"https:\/\/algarve7.pt\/index.php\/wp-json\/wp\/v2\/comments?post=66127"}],"version-history":[{"count":1,"href":"https:\/\/algarve7.pt\/index.php\/wp-json\/wp\/v2\/posts\/66127\/revisions"}],"predecessor-version":[{"id":66129,"href":"https:\/\/algarve7.pt\/index.php\/wp-json\/wp\/v2\/posts\/66127\/revisions\/66129"}],"wp:featuredmedia":[{"embeddable":true,"href":"https:\/\/algarve7.pt\/index.php\/wp-json\/wp\/v2\/media\/66128"}],"wp:attachment":[{"href":"https:\/\/algarve7.pt\/index.php\/wp-json\/wp\/v2\/media?parent=66127"}],"wp:term":[{"taxonomy":"category","embeddable":true,"href":"https:\/\/algarve7.pt\/index.php\/wp-json\/wp\/v2\/categories?post=66127"},{"taxonomy":"post_tag","embeddable":true,"href":"https:\/\/algarve7.pt\/index.php\/wp-json\/wp\/v2\/tags?post=66127"}],"curies":[{"name":"wp","href":"https:\/\/api.w.org\/{rel}","templated":true}]}}