{"id":66123,"date":"2026-09-04T10:46:56","date_gmt":"2026-09-04T09:46:56","guid":{"rendered":"https:\/\/algarve7.pt\/?p=66123"},"modified":"2026-09-04T10:47:02","modified_gmt":"2026-09-04T09:47:02","slug":"projeto-saude-mental-360o-algarve-2-0-promove-sessao-sobre-saude-mental-e-prevencao-do-suicidio-em-loule","status":"publish","type":"post","link":"https:\/\/algarve7.pt\/index.php\/2026\/09\/projeto-saude-mental-360o-algarve-2-0-promove-sessao-sobre-saude-mental-e-prevencao-do-suicidio-em-loule\/saude\/10\/46\/","title":{"rendered":"Projeto \u201cSa\u00fade Mental 360\u00ba Algarve 2.0\u201d promove sess\u00e3o sobre sa\u00fade mental e preven\u00e7\u00e3o do suic\u00eddio em Loul\u00e9"},"content":{"rendered":"\n<p class=\"wp-block-paragraph\">O projeto&nbsp;<strong>Sa\u00fade Mental 360\u00ba Algarve 2.0<\/strong>, dinamizado pela&nbsp;<strong>Plataforma Sa\u00fade em Di\u00e1logo<\/strong>e apoiado pela&nbsp;<strong>Funda\u00e7\u00e3o Belmiro de Azevedo, e pelos Munic\u00edpios de Loul\u00e9, Monchique e Tavira<\/strong>,<strong>&nbsp;<\/strong>promove mais uma sess\u00e3o \u201cSa\u00fade Mental em Dia\u201d, desta vez subordinada ao tema&nbsp;<strong>\u201cPreven\u00e7\u00e3o do Suic\u00eddio\u201d<\/strong>.<strong>&nbsp;&nbsp;<\/strong>A sess\u00e3o \u00e9 organizada com o apoio da&nbsp;<strong>Equipa Comunit\u00e1ria de Sa\u00fade Mental de Loul\u00e9<\/strong>, em parceria com a&nbsp;<strong>Associa\u00e7\u00e3o Social e Cultural da T\u00f4r,<\/strong>&nbsp;e decorre no pr\u00f3ximo dia&nbsp;<strong>10 de setembro<\/strong>, Dia Mundial da Preven\u00e7\u00e3o do Suic\u00eddio, pelas<strong>14h30, no Centro Comunit\u00e1rio da T\u00f4r<\/strong>.<\/p>\n\n\n\n<p class=\"wp-block-paragraph\">Aproveitando as celebra\u00e7\u00f5es do M\u00eas da Preven\u00e7\u00e3o do Suic\u00eddio, celebrado em setembro, a sess\u00e3o ter\u00e1 como oradores convidados v\u00e1rios profissionais da<strong>&nbsp;Equipa Comunit\u00e1ria de Sa\u00fade Mental de Loul\u00e9<\/strong>&nbsp;e ir\u00e1 incidir na identifica\u00e7\u00e3o precoce dos sinais de alerta, na desmistifica\u00e7\u00e3o desta problem\u00e1tica de sa\u00fade p\u00fablica e na divulga\u00e7\u00e3o dos recursos e ferramentas de apoio dispon\u00edveis.<\/p>\n\n\n\n<p class=\"wp-block-paragraph\">Segundo a Organiza\u00e7\u00e3o Mundial de Sa\u00fade, cerca de 727&nbsp;mil pessoas cometem suic\u00eddio todos os anos<a href=\"x-webdoc:\/\/2F4AA578-4C24-418C-B23E-DC7596F32CDF#_ftn1\"><u>[1]<\/u><\/a>&nbsp;e, em Portugal. Os dados da Ordem dos Psic\u00f3logos Portugueses registam, pelo menos, tr\u00eas suic\u00eddios por dia<a href=\"x-webdoc:\/\/2F4AA578-4C24-418C-B23E-DC7596F32CDF#_ftn2\"><u>[2]<\/u><\/a>. Em Portugal, segundo o INE, as taxas de suic\u00eddio mais elevadas concentram-se sobretudo nas regi\u00f5es do Alentejo e Algarve, uma realidade que evidencia uma maior vulnerabilidade destes territ\u00f3rios para a ocorr\u00eancia de comportamentos suicid\u00e1rios e revela a import\u00e2ncia do investimento na promo\u00e7\u00e3o da sa\u00fade mental, da dete\u00e7\u00e3o precoce e do acompanhamento psicossocial.<\/p>\n\n\n\n<p class=\"wp-block-paragraph\"><strong>Ricardo Valente Santos<\/strong>, psic\u00f3logo e gestor do projeto Sa\u00fade Mental 360\u00ba Algarve 2.0, afirma que o suic\u00eddio pode ser evitado, com o tratamento psicol\u00f3gico adequado e o investimento em mais linhas de apoio e programas de interven\u00e7\u00e3o, especialmente junto das popula\u00e7\u00f5es mais vulner\u00e1veis.<\/p>\n\n\n\n<p class=\"wp-block-paragraph\">Segundo o psic\u00f3logo, a popula\u00e7\u00e3o envelhecida e isolada \u00e9 particularmente afetada por sentimentos de stress, ansiedade e depress\u00e3o, o que aumenta a import\u00e2ncia de iniciativas como esta: \u201cQueremos criar um espa\u00e7o seguro de partilha, identificar sinais de alarme e divulgar as ferramentas dispon\u00edveis para pedir ajuda\u201d.<\/p>\n\n\n\n<p class=\"wp-block-paragraph\">As sess\u00f5es \u201cSa\u00fade&nbsp;Mental em&nbsp;Dia\u201d pretendem esclarecer a popula\u00e7\u00e3o algarvia sobre importantes temas relacionados com a \u00e1rea da sa\u00fade mental, atrav\u00e9s de uma comunica\u00e7\u00e3o simples e objetiva, que desmitifica alguns conceitos. Para isso, contam com o apoio de profissionais de sa\u00fade e&nbsp;da rede&nbsp;de&nbsp;associadas&nbsp;da&nbsp;Plataforma Sa\u00fade em Di\u00e1logo, que se juntam nesta miss\u00e3o de promover a sa\u00fade mental junto da comunidade&nbsp;idosa do Algarve.&nbsp;<\/p>\n\n\n\n<p class=\"wp-block-paragraph\">A iniciativa \u00e9 gratuita e aberta aos mun\u00edcipes de Loul\u00e9, mediante inscri\u00e7\u00e3o a partir\u00a0<a href=\"https:\/\/docs.google.com\/forms\/d\/e\/1FAIpQLSd3iRfpd3o8TQN6iTgKhITypBQ0Z7752wLitinWDwRaLYYakw\/viewform?usp=dialog\" target=\"_blank\" rel=\"noreferrer noopener\"><u>deste formul\u00e1rio<\/u><\/a>.<\/p>\n","protected":false},"excerpt":{"rendered":"<p>O projeto&nbsp;Sa\u00fade Mental 360\u00ba Algarve 2.0, dinamizado pela&nbsp;Plataforma Sa\u00fade em Di\u00e1logoe apoiado pela&nbsp;Funda\u00e7\u00e3o Belmiro de Azevedo, e pelos Munic\u00edpios de<\/p>\n","protected":false},"author":1,"featured_media":26621,"comment_status":"closed","ping_status":"closed","sticky":false,"template":"","format":"standard","meta":{"colormag_page_container_layout":"default_layout","colormag_page_sidebar_layout":"default_layout","_monsterinsights_skip_tracking":false,"_jetpack_newsletter_access":"","_jetpack_dont_email_post_to_subs":false,"_jetpack_newsletter_tier_id":0,"_jetpack_memberships_contains_paywalled_content":false,"_jetpack_feature_clip_id":0,"_jetpack_memberships_contains_paid_content":false,"footnotes":"","jetpack_publicize_message":"","jetpack_publicize_feature_enabled":true,"jetpack_social_post_already_shared":true,"jetpack_social_options":{"image_generator_settings":{"template":"highway","default_image_id":0,"font":"","enabled":false},"version":2},"jetpack_post_was_ever_published":false},"categories":[59],"tags":[36,589,31,58],"class_list":["post-66123","post","type-post","status-publish","format-standard","has-post-thumbnail","hentry","category-saude","tag-algarve","tag-espaco-saude-360","tag-loule","tag-saude"],"yoast_head":"<!-- This site is optimized with the Yoast SEO plugin v28.4 - https:\/\/yoast.com\/product\/yoast-seo-wordpress\/ -->\n<title>Projeto \u201cSa\u00fade Mental 360\u00ba Algarve 2.0\u201d promove sess\u00e3o sobre sa\u00fade mental e preven\u00e7\u00e3o do suic\u00eddio em Loul\u00e9 - Algarve 7<\/title>\n<meta name=\"description\" content=\"Projeto \u201cSa\u00fade Mental 360\u00ba Algarve 2.0\u201d promove sess\u00e3o sobre sa\u00fade mental e preven\u00e7\u00e3o do suic\u00eddio em Loul\u00e9 Sa\u00fade\" \/>\n<meta name=\"robots\" content=\"index, follow, max-snippet:-1, max-image-preview:large, max-video-preview:-1\" \/>\n<link rel=\"canonical\" href=\"https:\/\/algarve7.pt\/index.php\/2026\/09\/projeto-saude-mental-360o-algarve-2-0-promove-sessao-sobre-saude-mental-e-prevencao-do-suicidio-em-loule\/saude\/10\/46\/\" \/>\n<meta property=\"og:locale\" content=\"pt_PT\" \/>\n<meta property=\"og:type\" content=\"article\" \/>\n<meta property=\"og:title\" content=\"Projeto \u201cSa\u00fade Mental 360\u00ba Algarve 2.0\u201d promove sess\u00e3o sobre sa\u00fade mental e preven\u00e7\u00e3o do suic\u00eddio em Loul\u00e9 - Algarve 7\" \/>\n<meta property=\"og:description\" content=\"Projeto \u201cSa\u00fade Mental 360\u00ba Algarve 2.0\u201d promove sess\u00e3o sobre sa\u00fade mental e preven\u00e7\u00e3o do suic\u00eddio em Loul\u00e9 Sa\u00fade\" \/>\n<meta property=\"og:url\" content=\"https:\/\/algarve7.pt\/index.php\/2026\/09\/projeto-saude-mental-360o-algarve-2-0-promove-sessao-sobre-saude-mental-e-prevencao-do-suicidio-em-loule\/saude\/10\/46\/\" \/>\n<meta property=\"og:site_name\" content=\"Algarve 7\" \/>\n<meta property=\"article:publisher\" content=\"https:\/\/www.facebook.com\/algarve7\" \/>\n<meta property=\"article:author\" content=\"https:\/\/www.facebook.com\/algarve7\" \/>\n<meta property=\"article:published_time\" content=\"2026-09-04T09:46:56+00:00\" \/>\n<meta property=\"article:modified_time\" content=\"2026-09-04T09:47:02+00:00\" \/>\n<meta property=\"og:image\" content=\"https:\/\/algarve7.pt\/wp-content\/uploads\/2023\/03\/EspacoSaude360_Logotipo.jpg\" \/>\n\t<meta property=\"og:image:width\" content=\"800\" \/>\n\t<meta property=\"og:image:height\" content=\"450\" \/>\n\t<meta property=\"og:image:type\" content=\"image\/jpeg\" \/>\n<meta name=\"author\" content=\"Algarve 7\" \/>\n<meta name=\"twitter:card\" content=\"summary_large_image\" \/>\n<meta name=\"twitter:creator\" content=\"@Algarvesete\" \/>\n<meta name=\"twitter:site\" content=\"@Algarvesete\" \/>\n<meta name=\"twitter:label1\" content=\"Escrito por\" \/>\n\t<meta name=\"twitter:data1\" content=\"Algarve 7\" \/>\n\t<meta name=\"twitter:label2\" content=\"Tempo estimado de leitura\" \/>\n\t<meta name=\"twitter:data2\" content=\"3 minutos\" \/>\n<script type=\"application\/ld+json\" class=\"yoast-schema-graph\">{\"@context\":\"https:\\\/\\\/schema.org\",\"@graph\":[{\"@type\":\"Article\",\"@id\":\"https:\\\/\\\/algarve7.pt\\\/index.php\\\/2026\\\/09\\\/projeto-saude-mental-360o-algarve-2-0-promove-sessao-sobre-saude-mental-e-prevencao-do-suicidio-em-loule\\\/saude\\\/10\\\/46\\\/#article\",\"isPartOf\":{\"@id\":\"https:\\\/\\\/algarve7.pt\\\/index.php\\\/2026\\\/09\\\/projeto-saude-mental-360o-algarve-2-0-promove-sessao-sobre-saude-mental-e-prevencao-do-suicidio-em-loule\\\/saude\\\/10\\\/46\\\/\"},\"author\":{\"name\":\"Algarve 7\",\"@id\":\"https:\\\/\\\/algarve7.pt\\\/#\\\/schema\\\/person\\\/23fa70681308e7b319a3204bcea45e0c\"},\"headline\":\"Projeto \u201cSa\u00fade Mental 360\u00ba Algarve 2.0\u201d promove sess\u00e3o sobre sa\u00fade mental e preven\u00e7\u00e3o do suic\u00eddio em Loul\u00e9\",\"datePublished\":\"2026-09-04T09:46:56+00:00\",\"dateModified\":\"2026-09-04T09:47:02+00:00\",\"mainEntityOfPage\":{\"@id\":\"https:\\\/\\\/algarve7.pt\\\/index.php\\\/2026\\\/09\\\/projeto-saude-mental-360o-algarve-2-0-promove-sessao-sobre-saude-mental-e-prevencao-do-suicidio-em-loule\\\/saude\\\/10\\\/46\\\/\"},\"wordCount\":513,\"publisher\":{\"@id\":\"https:\\\/\\\/algarve7.pt\\\/#organization\"},\"image\":{\"@id\":\"https:\\\/\\\/algarve7.pt\\\/index.php\\\/2026\\\/09\\\/projeto-saude-mental-360o-algarve-2-0-promove-sessao-sobre-saude-mental-e-prevencao-do-suicidio-em-loule\\\/saude\\\/10\\\/46\\\/#primaryimage\"},\"thumbnailUrl\":\"https:\\\/\\\/algarve7.pt\\\/wp-content\\\/uploads\\\/2023\\\/03\\\/EspacoSaude360_Logotipo.jpg\",\"keywords\":[\"Algarve\",\"Espa\u00e7o Sa\u00fade 360\",\"Loul\u00e9\",\"Sa\u00fade\"],\"articleSection\":[\"Sa\u00fade\"],\"inLanguage\":\"pt-PT\"},{\"@type\":\"WebPage\",\"@id\":\"https:\\\/\\\/algarve7.pt\\\/index.php\\\/2026\\\/09\\\/projeto-saude-mental-360o-algarve-2-0-promove-sessao-sobre-saude-mental-e-prevencao-do-suicidio-em-loule\\\/saude\\\/10\\\/46\\\/\",\"url\":\"https:\\\/\\\/algarve7.pt\\\/index.php\\\/2026\\\/09\\\/projeto-saude-mental-360o-algarve-2-0-promove-sessao-sobre-saude-mental-e-prevencao-do-suicidio-em-loule\\\/saude\\\/10\\\/46\\\/\",\"name\":\"Projeto \u201cSa\u00fade Mental 360\u00ba Algarve 2.0\u201d promove sess\u00e3o sobre sa\u00fade mental e preven\u00e7\u00e3o do suic\u00eddio em Loul\u00e9 - Algarve 7\",\"isPartOf\":{\"@id\":\"https:\\\/\\\/algarve7.pt\\\/#website\"},\"primaryImageOfPage\":{\"@id\":\"https:\\\/\\\/algarve7.pt\\\/index.php\\\/2026\\\/09\\\/projeto-saude-mental-360o-algarve-2-0-promove-sessao-sobre-saude-mental-e-prevencao-do-suicidio-em-loule\\\/saude\\\/10\\\/46\\\/#primaryimage\"},\"image\":{\"@id\":\"https:\\\/\\\/algarve7.pt\\\/index.php\\\/2026\\\/09\\\/projeto-saude-mental-360o-algarve-2-0-promove-sessao-sobre-saude-mental-e-prevencao-do-suicidio-em-loule\\\/saude\\\/10\\\/46\\\/#primaryimage\"},\"thumbnailUrl\":\"https:\\\/\\\/algarve7.pt\\\/wp-content\\\/uploads\\\/2023\\\/03\\\/EspacoSaude360_Logotipo.jpg\",\"datePublished\":\"2026-09-04T09:46:56+00:00\",\"dateModified\":\"2026-09-04T09:47:02+00:00\",\"description\":\"Projeto \u201cSa\u00fade Mental 360\u00ba Algarve 2.0\u201d promove sess\u00e3o sobre sa\u00fade mental e preven\u00e7\u00e3o do suic\u00eddio em Loul\u00e9 Sa\u00fade\",\"breadcrumb\":{\"@id\":\"https:\\\/\\\/algarve7.pt\\\/index.php\\\/2026\\\/09\\\/projeto-saude-mental-360o-algarve-2-0-promove-sessao-sobre-saude-mental-e-prevencao-do-suicidio-em-loule\\\/saude\\\/10\\\/46\\\/#breadcrumb\"},\"inLanguage\":\"pt-PT\",\"potentialAction\":[{\"@type\":\"ReadAction\",\"target\":[\"https:\\\/\\\/algarve7.pt\\\/index.php\\\/2026\\\/09\\\/projeto-saude-mental-360o-algarve-2-0-promove-sessao-sobre-saude-mental-e-prevencao-do-suicidio-em-loule\\\/saude\\\/10\\\/46\\\/\"]}]},{\"@type\":\"ImageObject\",\"inLanguage\":\"pt-PT\",\"@id\":\"https:\\\/\\\/algarve7.pt\\\/index.php\\\/2026\\\/09\\\/projeto-saude-mental-360o-algarve-2-0-promove-sessao-sobre-saude-mental-e-prevencao-do-suicidio-em-loule\\\/saude\\\/10\\\/46\\\/#primaryimage\",\"url\":\"https:\\\/\\\/algarve7.pt\\\/wp-content\\\/uploads\\\/2023\\\/03\\\/EspacoSaude360_Logotipo.jpg\",\"contentUrl\":\"https:\\\/\\\/algarve7.pt\\\/wp-content\\\/uploads\\\/2023\\\/03\\\/EspacoSaude360_Logotipo.jpg\",\"width\":800,\"height\":450},{\"@type\":\"BreadcrumbList\",\"@id\":\"https:\\\/\\\/algarve7.pt\\\/index.php\\\/2026\\\/09\\\/projeto-saude-mental-360o-algarve-2-0-promove-sessao-sobre-saude-mental-e-prevencao-do-suicidio-em-loule\\\/saude\\\/10\\\/46\\\/#breadcrumb\",\"itemListElement\":[{\"@type\":\"ListItem\",\"position\":1,\"name\":\"In\u00edcio\",\"item\":\"https:\\\/\\\/algarve7.pt\\\/\"},{\"@type\":\"ListItem\",\"position\":2,\"name\":\"Projeto \u201cSa\u00fade Mental 360\u00ba Algarve 2.0\u201d promove sess\u00e3o sobre sa\u00fade mental e preven\u00e7\u00e3o do suic\u00eddio em Loul\u00e9\"}]},{\"@type\":\"WebSite\",\"@id\":\"https:\\\/\\\/algarve7.pt\\\/#website\",\"url\":\"https:\\\/\\\/algarve7.pt\\\/\",\"name\":\"Algarve 7\",\"description\":\"Informa\u00e7\u00e3o sobre o Algarve\",\"publisher\":{\"@id\":\"https:\\\/\\\/algarve7.pt\\\/#organization\"},\"potentialAction\":[{\"@type\":\"SearchAction\",\"target\":{\"@type\":\"EntryPoint\",\"urlTemplate\":\"https:\\\/\\\/algarve7.pt\\\/?s={search_term_string}\"},\"query-input\":{\"@type\":\"PropertyValueSpecification\",\"valueRequired\":true,\"valueName\":\"search_term_string\"}}],\"inLanguage\":\"pt-PT\"},{\"@type\":\"Organization\",\"@id\":\"https:\\\/\\\/algarve7.pt\\\/#organization\",\"name\":\"Algarve 7\",\"url\":\"https:\\\/\\\/algarve7.pt\\\/\",\"logo\":{\"@type\":\"ImageObject\",\"inLanguage\":\"pt-PT\",\"@id\":\"https:\\\/\\\/algarve7.pt\\\/#\\\/schema\\\/logo\\\/image\\\/\",\"url\":\"https:\\\/\\\/algarve7.pt\\\/wp-content\\\/uploads\\\/2020\\\/10\\\/Logo-8.jpg\",\"contentUrl\":\"https:\\\/\\\/algarve7.pt\\\/wp-content\\\/uploads\\\/2020\\\/10\\\/Logo-8.jpg\",\"width\":1680,\"height\":1186,\"caption\":\"Algarve 7\"},\"image\":{\"@id\":\"https:\\\/\\\/algarve7.pt\\\/#\\\/schema\\\/logo\\\/image\\\/\"},\"sameAs\":[\"https:\\\/\\\/www.facebook.com\\\/algarve7\",\"https:\\\/\\\/x.com\\\/Algarvesete\",\"https:\\\/\\\/www.instagram.com\\\/jornalalgarve7\\\/\",\"https:\\\/\\\/www.linkedin.com\\\/company\\\/algarve7\",\"https:\\\/\\\/www.pinterest.pt\\\/geral0939\\\/_created\\\/\"]},{\"@type\":\"Person\",\"@id\":\"https:\\\/\\\/algarve7.pt\\\/#\\\/schema\\\/person\\\/23fa70681308e7b319a3204bcea45e0c\",\"name\":\"Algarve 7\",\"sameAs\":[\"https:\\\/\\\/algarve7.pt\",\"https:\\\/\\\/www.facebook.com\\\/algarve7\"],\"url\":\"https:\\\/\\\/algarve7.pt\\\/index.php\\\/author\\\/geralalgarve7-pt\\\/\"}]}<\/script>\n<!-- \/ Yoast SEO plugin. -->","yoast_head_json":{"title":"Projeto \u201cSa\u00fade Mental 360\u00ba Algarve 2.0\u201d promove sess\u00e3o sobre sa\u00fade mental e preven\u00e7\u00e3o do suic\u00eddio em Loul\u00e9 - Algarve 7","description":"Projeto \u201cSa\u00fade Mental 360\u00ba Algarve 2.0\u201d promove sess\u00e3o sobre sa\u00fade mental e preven\u00e7\u00e3o do suic\u00eddio em Loul\u00e9 Sa\u00fade","robots":{"index":"index","follow":"follow","max-snippet":"max-snippet:-1","max-image-preview":"max-image-preview:large","max-video-preview":"max-video-preview:-1"},"canonical":"https:\/\/algarve7.pt\/index.php\/2026\/09\/projeto-saude-mental-360o-algarve-2-0-promove-sessao-sobre-saude-mental-e-prevencao-do-suicidio-em-loule\/saude\/10\/46\/","og_locale":"pt_PT","og_type":"article","og_title":"Projeto \u201cSa\u00fade Mental 360\u00ba Algarve 2.0\u201d promove sess\u00e3o sobre sa\u00fade mental e preven\u00e7\u00e3o do suic\u00eddio em Loul\u00e9 - Algarve 7","og_description":"Projeto \u201cSa\u00fade Mental 360\u00ba Algarve 2.0\u201d promove sess\u00e3o sobre sa\u00fade mental e preven\u00e7\u00e3o do suic\u00eddio em Loul\u00e9 Sa\u00fade","og_url":"https:\/\/algarve7.pt\/index.php\/2026\/09\/projeto-saude-mental-360o-algarve-2-0-promove-sessao-sobre-saude-mental-e-prevencao-do-suicidio-em-loule\/saude\/10\/46\/","og_site_name":"Algarve 7","article_publisher":"https:\/\/www.facebook.com\/algarve7","article_author":"https:\/\/www.facebook.com\/algarve7","article_published_time":"2026-09-04T09:46:56+00:00","article_modified_time":"2026-09-04T09:47:02+00:00","og_image":[{"width":800,"height":450,"url":"https:\/\/algarve7.pt\/wp-content\/uploads\/2023\/03\/EspacoSaude360_Logotipo.jpg","type":"image\/jpeg"}],"author":"Algarve 7","twitter_card":"summary_large_image","twitter_creator":"@Algarvesete","twitter_site":"@Algarvesete","twitter_misc":{"Escrito por":"Algarve 7","Tempo estimado de leitura":"3 minutos"},"schema":{"@context":"https:\/\/schema.org","@graph":[{"@type":"Article","@id":"https:\/\/algarve7.pt\/index.php\/2026\/09\/projeto-saude-mental-360o-algarve-2-0-promove-sessao-sobre-saude-mental-e-prevencao-do-suicidio-em-loule\/saude\/10\/46\/#article","isPartOf":{"@id":"https:\/\/algarve7.pt\/index.php\/2026\/09\/projeto-saude-mental-360o-algarve-2-0-promove-sessao-sobre-saude-mental-e-prevencao-do-suicidio-em-loule\/saude\/10\/46\/"},"author":{"name":"Algarve 7","@id":"https:\/\/algarve7.pt\/#\/schema\/person\/23fa70681308e7b319a3204bcea45e0c"},"headline":"Projeto \u201cSa\u00fade Mental 360\u00ba Algarve 2.0\u201d promove sess\u00e3o sobre sa\u00fade mental e preven\u00e7\u00e3o do suic\u00eddio em Loul\u00e9","datePublished":"2026-09-04T09:46:56+00:00","dateModified":"2026-09-04T09:47:02+00:00","mainEntityOfPage":{"@id":"https:\/\/algarve7.pt\/index.php\/2026\/09\/projeto-saude-mental-360o-algarve-2-0-promove-sessao-sobre-saude-mental-e-prevencao-do-suicidio-em-loule\/saude\/10\/46\/"},"wordCount":513,"publisher":{"@id":"https:\/\/algarve7.pt\/#organization"},"image":{"@id":"https:\/\/algarve7.pt\/index.php\/2026\/09\/projeto-saude-mental-360o-algarve-2-0-promove-sessao-sobre-saude-mental-e-prevencao-do-suicidio-em-loule\/saude\/10\/46\/#primaryimage"},"thumbnailUrl":"https:\/\/algarve7.pt\/wp-content\/uploads\/2023\/03\/EspacoSaude360_Logotipo.jpg","keywords":["Algarve","Espa\u00e7o Sa\u00fade 360","Loul\u00e9","Sa\u00fade"],"articleSection":["Sa\u00fade"],"inLanguage":"pt-PT"},{"@type":"WebPage","@id":"https:\/\/algarve7.pt\/index.php\/2026\/09\/projeto-saude-mental-360o-algarve-2-0-promove-sessao-sobre-saude-mental-e-prevencao-do-suicidio-em-loule\/saude\/10\/46\/","url":"https:\/\/algarve7.pt\/index.php\/2026\/09\/projeto-saude-mental-360o-algarve-2-0-promove-sessao-sobre-saude-mental-e-prevencao-do-suicidio-em-loule\/saude\/10\/46\/","name":"Projeto \u201cSa\u00fade Mental 360\u00ba Algarve 2.0\u201d promove sess\u00e3o sobre sa\u00fade mental e preven\u00e7\u00e3o do suic\u00eddio em Loul\u00e9 - Algarve 7","isPartOf":{"@id":"https:\/\/algarve7.pt\/#website"},"primaryImageOfPage":{"@id":"https:\/\/algarve7.pt\/index.php\/2026\/09\/projeto-saude-mental-360o-algarve-2-0-promove-sessao-sobre-saude-mental-e-prevencao-do-suicidio-em-loule\/saude\/10\/46\/#primaryimage"},"image":{"@id":"https:\/\/algarve7.pt\/index.php\/2026\/09\/projeto-saude-mental-360o-algarve-2-0-promove-sessao-sobre-saude-mental-e-prevencao-do-suicidio-em-loule\/saude\/10\/46\/#primaryimage"},"thumbnailUrl":"https:\/\/algarve7.pt\/wp-content\/uploads\/2023\/03\/EspacoSaude360_Logotipo.jpg","datePublished":"2026-09-04T09:46:56+00:00","dateModified":"2026-09-04T09:47:02+00:00","description":"Projeto \u201cSa\u00fade Mental 360\u00ba Algarve 2.0\u201d promove sess\u00e3o sobre sa\u00fade mental e preven\u00e7\u00e3o do suic\u00eddio em Loul\u00e9 Sa\u00fade","breadcrumb":{"@id":"https:\/\/algarve7.pt\/index.php\/2026\/09\/projeto-saude-mental-360o-algarve-2-0-promove-sessao-sobre-saude-mental-e-prevencao-do-suicidio-em-loule\/saude\/10\/46\/#breadcrumb"},"inLanguage":"pt-PT","potentialAction":[{"@type":"ReadAction","target":["https:\/\/algarve7.pt\/index.php\/2026\/09\/projeto-saude-mental-360o-algarve-2-0-promove-sessao-sobre-saude-mental-e-prevencao-do-suicidio-em-loule\/saude\/10\/46\/"]}]},{"@type":"ImageObject","inLanguage":"pt-PT","@id":"https:\/\/algarve7.pt\/index.php\/2026\/09\/projeto-saude-mental-360o-algarve-2-0-promove-sessao-sobre-saude-mental-e-prevencao-do-suicidio-em-loule\/saude\/10\/46\/#primaryimage","url":"https:\/\/algarve7.pt\/wp-content\/uploads\/2023\/03\/EspacoSaude360_Logotipo.jpg","contentUrl":"https:\/\/algarve7.pt\/wp-content\/uploads\/2023\/03\/EspacoSaude360_Logotipo.jpg","width":800,"height":450},{"@type":"BreadcrumbList","@id":"https:\/\/algarve7.pt\/index.php\/2026\/09\/projeto-saude-mental-360o-algarve-2-0-promove-sessao-sobre-saude-mental-e-prevencao-do-suicidio-em-loule\/saude\/10\/46\/#breadcrumb","itemListElement":[{"@type":"ListItem","position":1,"name":"In\u00edcio","item":"https:\/\/algarve7.pt\/"},{"@type":"ListItem","position":2,"name":"Projeto \u201cSa\u00fade Mental 360\u00ba Algarve 2.0\u201d promove sess\u00e3o sobre sa\u00fade mental e preven\u00e7\u00e3o do suic\u00eddio em Loul\u00e9"}]},{"@type":"WebSite","@id":"https:\/\/algarve7.pt\/#website","url":"https:\/\/algarve7.pt\/","name":"Algarve 7","description":"Informa\u00e7\u00e3o sobre o Algarve","publisher":{"@id":"https:\/\/algarve7.pt\/#organization"},"potentialAction":[{"@type":"SearchAction","target":{"@type":"EntryPoint","urlTemplate":"https:\/\/algarve7.pt\/?s={search_term_string}"},"query-input":{"@type":"PropertyValueSpecification","valueRequired":true,"valueName":"search_term_string"}}],"inLanguage":"pt-PT"},{"@type":"Organization","@id":"https:\/\/algarve7.pt\/#organization","name":"Algarve 7","url":"https:\/\/algarve7.pt\/","logo":{"@type":"ImageObject","inLanguage":"pt-PT","@id":"https:\/\/algarve7.pt\/#\/schema\/logo\/image\/","url":"https:\/\/algarve7.pt\/wp-content\/uploads\/2020\/10\/Logo-8.jpg","contentUrl":"https:\/\/algarve7.pt\/wp-content\/uploads\/2020\/10\/Logo-8.jpg","width":1680,"height":1186,"caption":"Algarve 7"},"image":{"@id":"https:\/\/algarve7.pt\/#\/schema\/logo\/image\/"},"sameAs":["https:\/\/www.facebook.com\/algarve7","https:\/\/x.com\/Algarvesete","https:\/\/www.instagram.com\/jornalalgarve7\/","https:\/\/www.linkedin.com\/company\/algarve7","https:\/\/www.pinterest.pt\/geral0939\/_created\/"]},{"@type":"Person","@id":"https:\/\/algarve7.pt\/#\/schema\/person\/23fa70681308e7b319a3204bcea45e0c","name":"Algarve 7","sameAs":["https:\/\/algarve7.pt","https:\/\/www.facebook.com\/algarve7"],"url":"https:\/\/algarve7.pt\/index.php\/author\/geralalgarve7-pt\/"}]}},"jetpack_publicize_connections":[],"jetpack_shortlink":"https:\/\/wp.me\/pcezmW-hcv","jetpack_sharing_enabled":true,"jetpack_featured_media_url":"https:\/\/algarve7.pt\/wp-content\/uploads\/2023\/03\/EspacoSaude360_Logotipo.jpg","_links":{"self":[{"href":"https:\/\/algarve7.pt\/index.php\/wp-json\/wp\/v2\/posts\/66123","targetHints":{"allow":["GET"]}}],"collection":[{"href":"https:\/\/algarve7.pt\/index.php\/wp-json\/wp\/v2\/posts"}],"about":[{"href":"https:\/\/algarve7.pt\/index.php\/wp-json\/wp\/v2\/types\/post"}],"author":[{"embeddable":true,"href":"https:\/\/algarve7.pt\/index.php\/wp-json\/wp\/v2\/users\/1"}],"replies":[{"embeddable":true,"href":"https:\/\/algarve7.pt\/index.php\/wp-json\/wp\/v2\/comments?post=66123"}],"version-history":[{"count":1,"href":"https:\/\/algarve7.pt\/index.php\/wp-json\/wp\/v2\/posts\/66123\/revisions"}],"predecessor-version":[{"id":66124,"href":"https:\/\/algarve7.pt\/index.php\/wp-json\/wp\/v2\/posts\/66123\/revisions\/66124"}],"wp:featuredmedia":[{"embeddable":true,"href":"https:\/\/algarve7.pt\/index.php\/wp-json\/wp\/v2\/media\/26621"}],"wp:attachment":[{"href":"https:\/\/algarve7.pt\/index.php\/wp-json\/wp\/v2\/media?parent=66123"}],"wp:term":[{"taxonomy":"category","embeddable":true,"href":"https:\/\/algarve7.pt\/index.php\/wp-json\/wp\/v2\/categories?post=66123"},{"taxonomy":"post_tag","embeddable":true,"href":"https:\/\/algarve7.pt\/index.php\/wp-json\/wp\/v2\/tags?post=66123"}],"curies":[{"name":"wp","href":"https:\/\/api.w.org\/{rel}","templated":true}]}}