{"id":66120,"date":"2026-09-04T08:55:00","date_gmt":"2026-09-04T07:55:00","guid":{"rendered":"https:\/\/algarve7.pt\/?p=66120"},"modified":"2026-09-02T19:38:17","modified_gmt":"2026-09-02T18:38:17","slug":"vilalara-celebra-60-anos-a-mesa-com-quatro-chefs-convidados-e-quatro-noites-de-gastronomia","status":"publish","type":"post","link":"https:\/\/algarve7.pt\/index.php\/2026\/09\/vilalara-celebra-60-anos-a-mesa-com-quatro-chefs-convidados-e-quatro-noites-de-gastronomia\/turismo\/08\/55\/","title":{"rendered":"Vilalara celebra 60 anos \u00e0 mesa com quatro chefs convidados e quatro noites de gastronomia"},"content":{"rendered":"\n<p class=\"wp-block-paragraph\">No \u00e2mbito das celebra\u00e7\u00f5es do seu 60.\u00ba anivers\u00e1rio, o Vilalara Grand Hotel Algarve promove quatro noites dedicadas \u00e0 gastronomia, entre 4 e 8 de setembro. Jo\u00e3o Viegas, Alexandre Silva, Stefano Bulla e Louis Anjos juntam-se aos chefs residentes do resort para quatro jantares em diferentes espa\u00e7os do Vilalara.<\/p>\n\n\n\n<p class=\"wp-block-paragraph\">Sob o mote Setembro Gastron\u00f3mico, cada noite parte de uma identidade pr\u00f3pria, cruzando produto, paisagem e diferentes tradi\u00e7\u00f5es culin\u00e1rias. Do peixe da costa e do marisco ao fogo, passando pela cozinha italiana e pela gastronomia algarvia contempor\u00e2nea, a programa\u00e7\u00e3o prop\u00f5e quatro encontros a quatro e oito m\u00e3os.<\/p>\n\n\n\n<p class=\"wp-block-paragraph\">A primeira noite, a 4 de setembro, acontece no Coral \u2013 \u00c9den do Mar e \u00e9 dedicada ao Atl\u00e2ntico. Diogo Pereira, Chef anfitri\u00e3o do Vilalara, recebe&nbsp;<strong>Jo\u00e3o Viegas, Chef e propriet\u00e1rio do Mesa Farta, em Tavira<\/strong>, restaurante recomendado pelo Guia Michelin Portugal 2026. O mar est\u00e1 no centro do menu, com peixe da costa, marisco, arroz, sal e acidez, numa cozinha guiada pelo produto e pela sazonalidade. Entre as propostas est\u00e3o percebes com galanga e pepino, barriga de atum curada com vinho da Madeira, ostras com bulh\u00e3o pato e lagostim com couve fermentada, manteiga noisette e funcho.<\/p>\n\n\n\n<p class=\"wp-block-paragraph\">No dia 5 de setembro, o Ra\u00edzes recebe&nbsp;<strong>Alexandre Silva, Chef Executivo do LOCO e do Fogo, em Lisboa<\/strong>, para cozinhar a quatro m\u00e3os com Telmo Pires. Dedicada ao Fogo, a noite coloca a lenha, a brasa, o fumo e o tempo no centro da mesa, cruzando a cozinha de Alexandre Silva, distinguido com uma estrela Michelin, com a abordagem de ra\u00edzes algarvias de Telmo Pires. O menu inclui sarraj\u00e3o maturado na brasa com creme de am\u00eandoas, boi de Minho maturado assado na parrilla e bochecha de porco alentejano estufada em vinho com arroz no forno a lenha.<\/p>\n\n\n\n<p class=\"wp-block-paragraph\">A 7 de setembro, a Trattoria Pantaleone recebe&nbsp;<strong>Stefano Bulla, Chef Executivo do Gusto by Heinz Beck, em Almancil<\/strong>, para cozinhar com Ricardo Lucas. Em Mediterr\u00e2neo, a tradi\u00e7\u00e3o italiana encontra o produto algarvio em pratos como vitello tonnato de lombo de Minhota com pickle caseiro de aipo, stracciatella com tomate rosa, figos do Algarve e beldroegas e tortellini de funcho, biqueir\u00e3o e lim\u00e3o.<\/p>\n\n\n\n<p class=\"wp-block-paragraph\">O programa termina a 8 de setembro, na Pra\u00e7a das Rosas, com Algarve, o jantar de encerramento.&nbsp;<strong>Louis Anjos, Chef Executivo do Verdelago Resort<\/strong>, junta-se a Diogo Pereira, Telmo Pires e Ricardo Lucas num jantar ao ar livre, com vista sobre o mar. A noite re\u00fane os quatro chefs num \u00fanico passe e prop\u00f5e uma interpreta\u00e7\u00e3o contempor\u00e2nea da gastronomia algarvia, entre a serra, a horta e o mar.<\/p>\n\n\n\n<p class=\"wp-block-paragraph\"><strong>Diogo Pereira, Senior Head Chef do Vilalara Grand Hotel Algarve, afirma:<\/strong>&nbsp;<em>&#8220;H\u00e1 qualquer coisa de especial em celebrar 60 anos \u00e0 mesa. A gastronomia faz parte da hist\u00f3ria do Vilalara e estas quatro noites permitem-nos juntar diferentes gera\u00e7\u00f5es, diferentes cozinhas e diferentes formas de olhar para o Algarve. Receber estes chefs no Vilalara \u00e9 tamb\u00e9m uma forma de partilhar aquilo que somos e aquilo que este lugar continua a despertar em quem por aqui passa.&#8221;<\/em><\/p>\n\n\n\n<p class=\"wp-block-paragraph\">Com quatro chefs convidados com percursos reconhecidos pelo Guia Michelin Portugal, o Setembro Gastron\u00f3mico cruza diferentes abordagens \u00e0 cozinha portuguesa, mantendo o foco no territ\u00f3rio e nos produtos que definem a gastronomia algarvia. Peixe da costa, marisco, produtos locais, ingredientes da horta e t\u00e9cnicas como o fogo vivo ou a massa artesanal atravessam as diferentes propostas.<\/p>\n\n\n\n<p class=\"wp-block-paragraph\">O Setembro Gastron\u00f3mico \u00e9 uma das iniciativas que integram as celebra\u00e7\u00f5es do 60.\u00ba anivers\u00e1rio do Vilalara Grand Hotel Algarve, que ao longo de 2026 assinala seis d\u00e9cadas de hist\u00f3ria atrav\u00e9s de diferentes momentos dedicados \u00e0 gastronomia, ao bem-estar, \u00e0 cultura e ao legado do hotel.<\/p>\n","protected":false},"excerpt":{"rendered":"<p>No \u00e2mbito das celebra\u00e7\u00f5es do seu 60.\u00ba anivers\u00e1rio, o Vilalara Grand Hotel Algarve promove quatro noites dedicadas \u00e0 gastronomia, entre<\/p>\n","protected":false},"author":1,"featured_media":66121,"comment_status":"closed","ping_status":"closed","sticky":false,"template":"","format":"standard","meta":{"colormag_page_container_layout":"default_layout","colormag_page_sidebar_layout":"default_layout","_monsterinsights_skip_tracking":false,"_jetpack_newsletter_access":"","_jetpack_dont_email_post_to_subs":false,"_jetpack_newsletter_tier_id":0,"_jetpack_memberships_contains_paywalled_content":false,"_jetpack_feature_clip_id":0,"_jetpack_memberships_contains_paid_content":false,"footnotes":"","jetpack_publicize_message":"","jetpack_publicize_feature_enabled":true,"jetpack_social_post_already_shared":true,"jetpack_social_options":{"image_generator_settings":{"template":"highway","default_image_id":0,"font":"","enabled":false},"version":2},"jetpack_post_was_ever_published":false},"categories":[17],"tags":[36,45],"class_list":["post-66120","post","type-post","status-publish","format-standard","has-post-thumbnail","hentry","category-turismo","tag-algarve","tag-turismo"],"yoast_head":"<!-- This site is optimized with the Yoast SEO plugin v28.4 - https:\/\/yoast.com\/product\/yoast-seo-wordpress\/ -->\n<title>Vilalara celebra 60 anos \u00e0 mesa com quatro chefs convidados e quatro noites de gastronomia - Algarve 7<\/title>\n<meta name=\"description\" content=\"Vilalara celebra 60 anos \u00e0 mesa com quatro chefs convidados e quatro noites de gastronomia Turismo\" \/>\n<meta name=\"robots\" content=\"index, follow, max-snippet:-1, max-image-preview:large, max-video-preview:-1\" \/>\n<link rel=\"canonical\" href=\"https:\/\/algarve7.pt\/index.php\/2026\/09\/vilalara-celebra-60-anos-a-mesa-com-quatro-chefs-convidados-e-quatro-noites-de-gastronomia\/turismo\/08\/55\/\" \/>\n<meta property=\"og:locale\" content=\"pt_PT\" \/>\n<meta property=\"og:type\" content=\"article\" \/>\n<meta property=\"og:title\" content=\"Vilalara celebra 60 anos \u00e0 mesa com quatro chefs convidados e quatro noites de gastronomia - Algarve 7\" \/>\n<meta property=\"og:description\" content=\"Vilalara celebra 60 anos \u00e0 mesa com quatro chefs convidados e quatro noites de gastronomia Turismo\" \/>\n<meta property=\"og:url\" content=\"https:\/\/algarve7.pt\/index.php\/2026\/09\/vilalara-celebra-60-anos-a-mesa-com-quatro-chefs-convidados-e-quatro-noites-de-gastronomia\/turismo\/08\/55\/\" \/>\n<meta property=\"og:site_name\" content=\"Algarve 7\" \/>\n<meta property=\"article:publisher\" content=\"https:\/\/www.facebook.com\/algarve7\" \/>\n<meta property=\"article:author\" content=\"https:\/\/www.facebook.com\/algarve7\" \/>\n<meta property=\"article:published_time\" content=\"2026-09-04T07:55:00+00:00\" \/>\n<meta property=\"og:image\" content=\"https:\/\/algarve7.pt\/wp-content\/uploads\/2026\/09\/algarve-hero-800.jpg\" \/>\n\t<meta property=\"og:image:width\" content=\"900\" \/>\n\t<meta property=\"og:image:height\" content=\"550\" \/>\n\t<meta property=\"og:image:type\" content=\"image\/jpeg\" \/>\n<meta name=\"author\" content=\"Algarve 7\" \/>\n<meta name=\"twitter:card\" content=\"summary_large_image\" \/>\n<meta name=\"twitter:creator\" content=\"@Algarvesete\" \/>\n<meta name=\"twitter:site\" content=\"@Algarvesete\" \/>\n<meta name=\"twitter:label1\" content=\"Escrito por\" \/>\n\t<meta name=\"twitter:data1\" content=\"Algarve 7\" \/>\n\t<meta name=\"twitter:label2\" content=\"Tempo estimado de leitura\" \/>\n\t<meta name=\"twitter:data2\" content=\"4 minutos\" \/>\n<script type=\"application\/ld+json\" class=\"yoast-schema-graph\">{\"@context\":\"https:\\\/\\\/schema.org\",\"@graph\":[{\"@type\":\"Article\",\"@id\":\"https:\\\/\\\/algarve7.pt\\\/index.php\\\/2026\\\/09\\\/vilalara-celebra-60-anos-a-mesa-com-quatro-chefs-convidados-e-quatro-noites-de-gastronomia\\\/turismo\\\/08\\\/55\\\/#article\",\"isPartOf\":{\"@id\":\"https:\\\/\\\/algarve7.pt\\\/index.php\\\/2026\\\/09\\\/vilalara-celebra-60-anos-a-mesa-com-quatro-chefs-convidados-e-quatro-noites-de-gastronomia\\\/turismo\\\/08\\\/55\\\/\"},\"author\":{\"name\":\"Algarve 7\",\"@id\":\"https:\\\/\\\/algarve7.pt\\\/#\\\/schema\\\/person\\\/23fa70681308e7b319a3204bcea45e0c\"},\"headline\":\"Vilalara celebra 60 anos \u00e0 mesa com quatro chefs convidados e quatro noites de gastronomia\",\"datePublished\":\"2026-09-04T07:55:00+00:00\",\"mainEntityOfPage\":{\"@id\":\"https:\\\/\\\/algarve7.pt\\\/index.php\\\/2026\\\/09\\\/vilalara-celebra-60-anos-a-mesa-com-quatro-chefs-convidados-e-quatro-noites-de-gastronomia\\\/turismo\\\/08\\\/55\\\/\"},\"wordCount\":639,\"publisher\":{\"@id\":\"https:\\\/\\\/algarve7.pt\\\/#organization\"},\"image\":{\"@id\":\"https:\\\/\\\/algarve7.pt\\\/index.php\\\/2026\\\/09\\\/vilalara-celebra-60-anos-a-mesa-com-quatro-chefs-convidados-e-quatro-noites-de-gastronomia\\\/turismo\\\/08\\\/55\\\/#primaryimage\"},\"thumbnailUrl\":\"https:\\\/\\\/algarve7.pt\\\/wp-content\\\/uploads\\\/2026\\\/09\\\/algarve-hero-800.jpg\",\"keywords\":[\"Algarve\",\"Turismo\"],\"articleSection\":[\"Turismo\"],\"inLanguage\":\"pt-PT\"},{\"@type\":\"WebPage\",\"@id\":\"https:\\\/\\\/algarve7.pt\\\/index.php\\\/2026\\\/09\\\/vilalara-celebra-60-anos-a-mesa-com-quatro-chefs-convidados-e-quatro-noites-de-gastronomia\\\/turismo\\\/08\\\/55\\\/\",\"url\":\"https:\\\/\\\/algarve7.pt\\\/index.php\\\/2026\\\/09\\\/vilalara-celebra-60-anos-a-mesa-com-quatro-chefs-convidados-e-quatro-noites-de-gastronomia\\\/turismo\\\/08\\\/55\\\/\",\"name\":\"Vilalara celebra 60 anos \u00e0 mesa com quatro chefs convidados e quatro noites de gastronomia - Algarve 7\",\"isPartOf\":{\"@id\":\"https:\\\/\\\/algarve7.pt\\\/#website\"},\"primaryImageOfPage\":{\"@id\":\"https:\\\/\\\/algarve7.pt\\\/index.php\\\/2026\\\/09\\\/vilalara-celebra-60-anos-a-mesa-com-quatro-chefs-convidados-e-quatro-noites-de-gastronomia\\\/turismo\\\/08\\\/55\\\/#primaryimage\"},\"image\":{\"@id\":\"https:\\\/\\\/algarve7.pt\\\/index.php\\\/2026\\\/09\\\/vilalara-celebra-60-anos-a-mesa-com-quatro-chefs-convidados-e-quatro-noites-de-gastronomia\\\/turismo\\\/08\\\/55\\\/#primaryimage\"},\"thumbnailUrl\":\"https:\\\/\\\/algarve7.pt\\\/wp-content\\\/uploads\\\/2026\\\/09\\\/algarve-hero-800.jpg\",\"datePublished\":\"2026-09-04T07:55:00+00:00\",\"description\":\"Vilalara celebra 60 anos \u00e0 mesa com quatro chefs convidados e quatro noites de gastronomia Turismo\",\"breadcrumb\":{\"@id\":\"https:\\\/\\\/algarve7.pt\\\/index.php\\\/2026\\\/09\\\/vilalara-celebra-60-anos-a-mesa-com-quatro-chefs-convidados-e-quatro-noites-de-gastronomia\\\/turismo\\\/08\\\/55\\\/#breadcrumb\"},\"inLanguage\":\"pt-PT\",\"potentialAction\":[{\"@type\":\"ReadAction\",\"target\":[\"https:\\\/\\\/algarve7.pt\\\/index.php\\\/2026\\\/09\\\/vilalara-celebra-60-anos-a-mesa-com-quatro-chefs-convidados-e-quatro-noites-de-gastronomia\\\/turismo\\\/08\\\/55\\\/\"]}]},{\"@type\":\"ImageObject\",\"inLanguage\":\"pt-PT\",\"@id\":\"https:\\\/\\\/algarve7.pt\\\/index.php\\\/2026\\\/09\\\/vilalara-celebra-60-anos-a-mesa-com-quatro-chefs-convidados-e-quatro-noites-de-gastronomia\\\/turismo\\\/08\\\/55\\\/#primaryimage\",\"url\":\"https:\\\/\\\/algarve7.pt\\\/wp-content\\\/uploads\\\/2026\\\/09\\\/algarve-hero-800.jpg\",\"contentUrl\":\"https:\\\/\\\/algarve7.pt\\\/wp-content\\\/uploads\\\/2026\\\/09\\\/algarve-hero-800.jpg\",\"width\":900,\"height\":550},{\"@type\":\"BreadcrumbList\",\"@id\":\"https:\\\/\\\/algarve7.pt\\\/index.php\\\/2026\\\/09\\\/vilalara-celebra-60-anos-a-mesa-com-quatro-chefs-convidados-e-quatro-noites-de-gastronomia\\\/turismo\\\/08\\\/55\\\/#breadcrumb\",\"itemListElement\":[{\"@type\":\"ListItem\",\"position\":1,\"name\":\"In\u00edcio\",\"item\":\"https:\\\/\\\/algarve7.pt\\\/\"},{\"@type\":\"ListItem\",\"position\":2,\"name\":\"Vilalara celebra 60 anos \u00e0 mesa com quatro chefs convidados e quatro noites de gastronomia\"}]},{\"@type\":\"WebSite\",\"@id\":\"https:\\\/\\\/algarve7.pt\\\/#website\",\"url\":\"https:\\\/\\\/algarve7.pt\\\/\",\"name\":\"Algarve 7\",\"description\":\"Informa\u00e7\u00e3o sobre o Algarve\",\"publisher\":{\"@id\":\"https:\\\/\\\/algarve7.pt\\\/#organization\"},\"potentialAction\":[{\"@type\":\"SearchAction\",\"target\":{\"@type\":\"EntryPoint\",\"urlTemplate\":\"https:\\\/\\\/algarve7.pt\\\/?s={search_term_string}\"},\"query-input\":{\"@type\":\"PropertyValueSpecification\",\"valueRequired\":true,\"valueName\":\"search_term_string\"}}],\"inLanguage\":\"pt-PT\"},{\"@type\":\"Organization\",\"@id\":\"https:\\\/\\\/algarve7.pt\\\/#organization\",\"name\":\"Algarve 7\",\"url\":\"https:\\\/\\\/algarve7.pt\\\/\",\"logo\":{\"@type\":\"ImageObject\",\"inLanguage\":\"pt-PT\",\"@id\":\"https:\\\/\\\/algarve7.pt\\\/#\\\/schema\\\/logo\\\/image\\\/\",\"url\":\"https:\\\/\\\/algarve7.pt\\\/wp-content\\\/uploads\\\/2020\\\/10\\\/Logo-8.jpg\",\"contentUrl\":\"https:\\\/\\\/algarve7.pt\\\/wp-content\\\/uploads\\\/2020\\\/10\\\/Logo-8.jpg\",\"width\":1680,\"height\":1186,\"caption\":\"Algarve 7\"},\"image\":{\"@id\":\"https:\\\/\\\/algarve7.pt\\\/#\\\/schema\\\/logo\\\/image\\\/\"},\"sameAs\":[\"https:\\\/\\\/www.facebook.com\\\/algarve7\",\"https:\\\/\\\/x.com\\\/Algarvesete\",\"https:\\\/\\\/www.instagram.com\\\/jornalalgarve7\\\/\",\"https:\\\/\\\/www.linkedin.com\\\/company\\\/algarve7\",\"https:\\\/\\\/www.pinterest.pt\\\/geral0939\\\/_created\\\/\"]},{\"@type\":\"Person\",\"@id\":\"https:\\\/\\\/algarve7.pt\\\/#\\\/schema\\\/person\\\/23fa70681308e7b319a3204bcea45e0c\",\"name\":\"Algarve 7\",\"sameAs\":[\"https:\\\/\\\/algarve7.pt\",\"https:\\\/\\\/www.facebook.com\\\/algarve7\"],\"url\":\"https:\\\/\\\/algarve7.pt\\\/index.php\\\/author\\\/geralalgarve7-pt\\\/\"}]}<\/script>\n<!-- \/ Yoast SEO plugin. -->","yoast_head_json":{"title":"Vilalara celebra 60 anos \u00e0 mesa com quatro chefs convidados e quatro noites de gastronomia - Algarve 7","description":"Vilalara celebra 60 anos \u00e0 mesa com quatro chefs convidados e quatro noites de gastronomia Turismo","robots":{"index":"index","follow":"follow","max-snippet":"max-snippet:-1","max-image-preview":"max-image-preview:large","max-video-preview":"max-video-preview:-1"},"canonical":"https:\/\/algarve7.pt\/index.php\/2026\/09\/vilalara-celebra-60-anos-a-mesa-com-quatro-chefs-convidados-e-quatro-noites-de-gastronomia\/turismo\/08\/55\/","og_locale":"pt_PT","og_type":"article","og_title":"Vilalara celebra 60 anos \u00e0 mesa com quatro chefs convidados e quatro noites de gastronomia - Algarve 7","og_description":"Vilalara celebra 60 anos \u00e0 mesa com quatro chefs convidados e quatro noites de gastronomia Turismo","og_url":"https:\/\/algarve7.pt\/index.php\/2026\/09\/vilalara-celebra-60-anos-a-mesa-com-quatro-chefs-convidados-e-quatro-noites-de-gastronomia\/turismo\/08\/55\/","og_site_name":"Algarve 7","article_publisher":"https:\/\/www.facebook.com\/algarve7","article_author":"https:\/\/www.facebook.com\/algarve7","article_published_time":"2026-09-04T07:55:00+00:00","og_image":[{"width":900,"height":550,"url":"https:\/\/algarve7.pt\/wp-content\/uploads\/2026\/09\/algarve-hero-800.jpg","type":"image\/jpeg"}],"author":"Algarve 7","twitter_card":"summary_large_image","twitter_creator":"@Algarvesete","twitter_site":"@Algarvesete","twitter_misc":{"Escrito por":"Algarve 7","Tempo estimado de leitura":"4 minutos"},"schema":{"@context":"https:\/\/schema.org","@graph":[{"@type":"Article","@id":"https:\/\/algarve7.pt\/index.php\/2026\/09\/vilalara-celebra-60-anos-a-mesa-com-quatro-chefs-convidados-e-quatro-noites-de-gastronomia\/turismo\/08\/55\/#article","isPartOf":{"@id":"https:\/\/algarve7.pt\/index.php\/2026\/09\/vilalara-celebra-60-anos-a-mesa-com-quatro-chefs-convidados-e-quatro-noites-de-gastronomia\/turismo\/08\/55\/"},"author":{"name":"Algarve 7","@id":"https:\/\/algarve7.pt\/#\/schema\/person\/23fa70681308e7b319a3204bcea45e0c"},"headline":"Vilalara celebra 60 anos \u00e0 mesa com quatro chefs convidados e quatro noites de gastronomia","datePublished":"2026-09-04T07:55:00+00:00","mainEntityOfPage":{"@id":"https:\/\/algarve7.pt\/index.php\/2026\/09\/vilalara-celebra-60-anos-a-mesa-com-quatro-chefs-convidados-e-quatro-noites-de-gastronomia\/turismo\/08\/55\/"},"wordCount":639,"publisher":{"@id":"https:\/\/algarve7.pt\/#organization"},"image":{"@id":"https:\/\/algarve7.pt\/index.php\/2026\/09\/vilalara-celebra-60-anos-a-mesa-com-quatro-chefs-convidados-e-quatro-noites-de-gastronomia\/turismo\/08\/55\/#primaryimage"},"thumbnailUrl":"https:\/\/algarve7.pt\/wp-content\/uploads\/2026\/09\/algarve-hero-800.jpg","keywords":["Algarve","Turismo"],"articleSection":["Turismo"],"inLanguage":"pt-PT"},{"@type":"WebPage","@id":"https:\/\/algarve7.pt\/index.php\/2026\/09\/vilalara-celebra-60-anos-a-mesa-com-quatro-chefs-convidados-e-quatro-noites-de-gastronomia\/turismo\/08\/55\/","url":"https:\/\/algarve7.pt\/index.php\/2026\/09\/vilalara-celebra-60-anos-a-mesa-com-quatro-chefs-convidados-e-quatro-noites-de-gastronomia\/turismo\/08\/55\/","name":"Vilalara celebra 60 anos \u00e0 mesa com quatro chefs convidados e quatro noites de gastronomia - Algarve 7","isPartOf":{"@id":"https:\/\/algarve7.pt\/#website"},"primaryImageOfPage":{"@id":"https:\/\/algarve7.pt\/index.php\/2026\/09\/vilalara-celebra-60-anos-a-mesa-com-quatro-chefs-convidados-e-quatro-noites-de-gastronomia\/turismo\/08\/55\/#primaryimage"},"image":{"@id":"https:\/\/algarve7.pt\/index.php\/2026\/09\/vilalara-celebra-60-anos-a-mesa-com-quatro-chefs-convidados-e-quatro-noites-de-gastronomia\/turismo\/08\/55\/#primaryimage"},"thumbnailUrl":"https:\/\/algarve7.pt\/wp-content\/uploads\/2026\/09\/algarve-hero-800.jpg","datePublished":"2026-09-04T07:55:00+00:00","description":"Vilalara celebra 60 anos \u00e0 mesa com quatro chefs convidados e quatro noites de gastronomia Turismo","breadcrumb":{"@id":"https:\/\/algarve7.pt\/index.php\/2026\/09\/vilalara-celebra-60-anos-a-mesa-com-quatro-chefs-convidados-e-quatro-noites-de-gastronomia\/turismo\/08\/55\/#breadcrumb"},"inLanguage":"pt-PT","potentialAction":[{"@type":"ReadAction","target":["https:\/\/algarve7.pt\/index.php\/2026\/09\/vilalara-celebra-60-anos-a-mesa-com-quatro-chefs-convidados-e-quatro-noites-de-gastronomia\/turismo\/08\/55\/"]}]},{"@type":"ImageObject","inLanguage":"pt-PT","@id":"https:\/\/algarve7.pt\/index.php\/2026\/09\/vilalara-celebra-60-anos-a-mesa-com-quatro-chefs-convidados-e-quatro-noites-de-gastronomia\/turismo\/08\/55\/#primaryimage","url":"https:\/\/algarve7.pt\/wp-content\/uploads\/2026\/09\/algarve-hero-800.jpg","contentUrl":"https:\/\/algarve7.pt\/wp-content\/uploads\/2026\/09\/algarve-hero-800.jpg","width":900,"height":550},{"@type":"BreadcrumbList","@id":"https:\/\/algarve7.pt\/index.php\/2026\/09\/vilalara-celebra-60-anos-a-mesa-com-quatro-chefs-convidados-e-quatro-noites-de-gastronomia\/turismo\/08\/55\/#breadcrumb","itemListElement":[{"@type":"ListItem","position":1,"name":"In\u00edcio","item":"https:\/\/algarve7.pt\/"},{"@type":"ListItem","position":2,"name":"Vilalara celebra 60 anos \u00e0 mesa com quatro chefs convidados e quatro noites de gastronomia"}]},{"@type":"WebSite","@id":"https:\/\/algarve7.pt\/#website","url":"https:\/\/algarve7.pt\/","name":"Algarve 7","description":"Informa\u00e7\u00e3o sobre o Algarve","publisher":{"@id":"https:\/\/algarve7.pt\/#organization"},"potentialAction":[{"@type":"SearchAction","target":{"@type":"EntryPoint","urlTemplate":"https:\/\/algarve7.pt\/?s={search_term_string}"},"query-input":{"@type":"PropertyValueSpecification","valueRequired":true,"valueName":"search_term_string"}}],"inLanguage":"pt-PT"},{"@type":"Organization","@id":"https:\/\/algarve7.pt\/#organization","name":"Algarve 7","url":"https:\/\/algarve7.pt\/","logo":{"@type":"ImageObject","inLanguage":"pt-PT","@id":"https:\/\/algarve7.pt\/#\/schema\/logo\/image\/","url":"https:\/\/algarve7.pt\/wp-content\/uploads\/2020\/10\/Logo-8.jpg","contentUrl":"https:\/\/algarve7.pt\/wp-content\/uploads\/2020\/10\/Logo-8.jpg","width":1680,"height":1186,"caption":"Algarve 7"},"image":{"@id":"https:\/\/algarve7.pt\/#\/schema\/logo\/image\/"},"sameAs":["https:\/\/www.facebook.com\/algarve7","https:\/\/x.com\/Algarvesete","https:\/\/www.instagram.com\/jornalalgarve7\/","https:\/\/www.linkedin.com\/company\/algarve7","https:\/\/www.pinterest.pt\/geral0939\/_created\/"]},{"@type":"Person","@id":"https:\/\/algarve7.pt\/#\/schema\/person\/23fa70681308e7b319a3204bcea45e0c","name":"Algarve 7","sameAs":["https:\/\/algarve7.pt","https:\/\/www.facebook.com\/algarve7"],"url":"https:\/\/algarve7.pt\/index.php\/author\/geralalgarve7-pt\/"}]}},"jetpack_publicize_connections":[],"jetpack_shortlink":"https:\/\/wp.me\/pcezmW-hcs","jetpack_sharing_enabled":true,"jetpack_featured_media_url":"https:\/\/algarve7.pt\/wp-content\/uploads\/2026\/09\/algarve-hero-800.jpg","_links":{"self":[{"href":"https:\/\/algarve7.pt\/index.php\/wp-json\/wp\/v2\/posts\/66120","targetHints":{"allow":["GET"]}}],"collection":[{"href":"https:\/\/algarve7.pt\/index.php\/wp-json\/wp\/v2\/posts"}],"about":[{"href":"https:\/\/algarve7.pt\/index.php\/wp-json\/wp\/v2\/types\/post"}],"author":[{"embeddable":true,"href":"https:\/\/algarve7.pt\/index.php\/wp-json\/wp\/v2\/users\/1"}],"replies":[{"embeddable":true,"href":"https:\/\/algarve7.pt\/index.php\/wp-json\/wp\/v2\/comments?post=66120"}],"version-history":[{"count":1,"href":"https:\/\/algarve7.pt\/index.php\/wp-json\/wp\/v2\/posts\/66120\/revisions"}],"predecessor-version":[{"id":66122,"href":"https:\/\/algarve7.pt\/index.php\/wp-json\/wp\/v2\/posts\/66120\/revisions\/66122"}],"wp:featuredmedia":[{"embeddable":true,"href":"https:\/\/algarve7.pt\/index.php\/wp-json\/wp\/v2\/media\/66121"}],"wp:attachment":[{"href":"https:\/\/algarve7.pt\/index.php\/wp-json\/wp\/v2\/media?parent=66120"}],"wp:term":[{"taxonomy":"category","embeddable":true,"href":"https:\/\/algarve7.pt\/index.php\/wp-json\/wp\/v2\/categories?post=66120"},{"taxonomy":"post_tag","embeddable":true,"href":"https:\/\/algarve7.pt\/index.php\/wp-json\/wp\/v2\/tags?post=66120"}],"curies":[{"name":"wp","href":"https:\/\/api.w.org\/{rel}","templated":true}]}}