{"id":66111,"date":"2026-09-04T08:25:00","date_gmt":"2026-09-04T07:25:00","guid":{"rendered":"https:\/\/algarve7.pt\/?p=66111"},"modified":"2026-09-02T19:16:03","modified_gmt":"2026-09-02T18:16:03","slug":"loule-promove-sessoes-participativas-para-elaboracao-dos-planos-de-gestao-de-quatro-areas-protegidas","status":"publish","type":"post","link":"https:\/\/algarve7.pt\/index.php\/2026\/09\/loule-promove-sessoes-participativas-para-elaboracao-dos-planos-de-gestao-de-quatro-areas-protegidas\/ambiente\/08\/25\/","title":{"rendered":"Loul\u00e9 promove sess\u00f5es participativas para elabora\u00e7\u00e3o dos planos de gest\u00e3o de quatro \u00e1reas protegidas"},"content":{"rendered":"\n<p class=\"wp-block-paragraph\">O Munic\u00edpio de Loul\u00e9 promove, entre os dias 10 e 13 de setembro, um conjunto de sess\u00f5es participativas no \u00e2mbito da elabora\u00e7\u00e3o dos planos de gest\u00e3o de quatro \u00e1reas protegidas de \u00e2mbito local: Paisagem Protegida Local da Rocha da Pena, Paisagem Protegida Local da Fonte Ben\u00e9mola, Reserva Natural Local da Foz do Almargem e do Trafal e Monumento Natural Local da Gruta de Vale Telheiro.<\/p>\n\n\n\n<p class=\"wp-block-paragraph\">As sess\u00f5es ser\u00e3o dirigidas \u00e0s entidades p\u00fablicas, associa\u00e7\u00f5es e popula\u00e7\u00e3o em geral, procurando promover o envolvimento dos diferentes agentes do territ\u00f3rio na defini\u00e7\u00e3o das medidas necess\u00e1rias \u00e0 prote\u00e7\u00e3o, conserva\u00e7\u00e3o e valoriza\u00e7\u00e3o destas \u00e1reas.<strong><\/strong><\/p>\n\n\n\n<p class=\"wp-block-paragraph\">Os planos de gest\u00e3o configuram instrumentos de gest\u00e3o da biodiversidade por excel\u00eancia, na medida em que a sua elabora\u00e7\u00e3o tem como pressuposto de base uma abordagem integrada \u00e0 riqueza biol\u00f3gica do territ\u00f3rio, \u00e0s press\u00f5es e amea\u00e7as a que esse patrim\u00f3nio est\u00e1 sujeito e respetivos impactos, positivos ou negativos, e as necessidades de gest\u00e3o face \u00e0s exig\u00eancias ecol\u00f3gicas desses valores, numa perspetiva de manter ou melhorar o seu estado de conserva\u00e7\u00e3o, no estreito cumprimento dos objetivos definidos para cada uma das \u00c1reas Protegidas e respetiva legisla\u00e7\u00e3o em vigor.<\/p>\n\n\n\n<p class=\"wp-block-paragraph\">O objetivo prim\u00e1rio dos Planos de Gest\u00e3o \u00e9 compatibilizar os valores naturais e paisag\u00edsticos, que se assumem, no seu conjunto, como relevantes para a garantia da biodiversidade e manuten\u00e7\u00e3o do estado de conserva\u00e7\u00e3o favor\u00e1vel, com as atividades humanas mais representativas em cada \u00e1rea (turismo, agricultura, entre outras).<\/p>\n\n\n\n<p class=\"wp-block-paragraph\">A participa\u00e7\u00e3o da comunidade, das entidades p\u00fablicas e das associa\u00e7\u00f5es assume particular import\u00e2ncia neste processo, permitindo recolher conhecimentos, experi\u00eancias, preocupa\u00e7\u00f5es e propostas de quem conhece, utiliza ou interv\u00e9m diretamente nestes territ\u00f3rios.<\/p>\n\n\n\n<p class=\"wp-block-paragraph\">Esta iniciativa \u00e9 apoiada pelos Fundos Europeus, no \u00e2mbito do Programa Regional ALGARVE 2030.<\/p>\n\n\n\n<p class=\"wp-block-paragraph\"><strong><u>Programa Popula\u00e7\u00e3o em geral<\/u><\/strong><strong>:<\/strong><\/p>\n\n\n\n<p class=\"wp-block-paragraph\"><strong>10 DE SETEMBRO | QUINTA-FEIRA (em simult\u00e2neo com a sess\u00e3o para entidades p\u00fablicas\/associa\u00e7\u00f5es)<br>18h30<\/strong>&nbsp;\u2013 Sess\u00e3o participativa sobre o Monumento Natural Local da Gruta de Vale Telheiro<br><strong>Local:<\/strong>&nbsp;Junta de Freguesia de S\u00e3o Sebasti\u00e3o<\/p>\n\n\n\n<p class=\"wp-block-paragraph\"><a href=\"https:\/\/maps.app.goo.gl\/MYN29ge7cYW1QXLh9\">https:\/\/maps.app.goo.gl\/MYN29ge7cYW1QXLh9<\/a><\/p>\n\n\n\n<p class=\"wp-block-paragraph\"><strong>12 DE SETEMBRO | S\u00c1BADO<\/strong><\/p>\n\n\n\n<p class=\"wp-block-paragraph\"><strong>10h00<\/strong>&nbsp;\u2013 Sess\u00e3o participativa sobre a Reserva Natural Local da Foz do Almargem e do Trafal<br><strong>Local:<\/strong>&nbsp;Audit\u00f3rio do Centro Aut\u00e1rquico de Quarteira<\/p>\n\n\n\n<p class=\"wp-block-paragraph\"><a href=\"https:\/\/maps.app.goo.gl\/EYXCYmgN4yTAT6ag6\">https:\/\/maps.app.goo.gl\/EYXCYmgN4yTAT6ag6<\/a><\/p>\n\n\n\n<p class=\"wp-block-paragraph\"><strong>12 DE SETEMBRO | S\u00c1BADO<\/strong><\/p>\n\n\n\n<p class=\"wp-block-paragraph\"><strong>14h30&nbsp;<\/strong>\u2013 Sess\u00e3o participativa sobre a Paisagem Protegida Local da Rocha da Pena<br><strong>Local:<\/strong>&nbsp;Junta de Freguesia de Salir<\/p>\n\n\n\n<p class=\"wp-block-paragraph\"><a href=\"https:\/\/maps.app.goo.gl\/C5DY3b56DYdYEra97\">https:\/\/maps.app.goo.gl\/C5DY3b56DYdYEra97<\/a><\/p>\n\n\n\n<p class=\"wp-block-paragraph\"><strong>13 DE SETEMBRO | DOMINGO<\/strong><\/p>\n\n\n\n<p class=\"wp-block-paragraph\"><strong>10h00<\/strong>&nbsp;\u2013 Sess\u00e3o participativa sobre a Paisagem Protegida Local da Fonte Ben\u00e9mola<br><strong>Local:<\/strong>&nbsp;Casa do Povo de Queren\u00e7a \u2013 Sal\u00e3o de Festas<br><a href=\"https:\/\/maps.app.goo.gl\/mAUtDx1C1pSWUUmDA\">https:\/\/maps.app.goo.gl\/mAUtDx1C1pSWUUmDA<\/a><\/p>\n\n\n\n<p class=\"wp-block-paragraph\"><strong><u>Programa Entidades p\u00fablicas\/Associa\u00e7\u00f5es<\/u><\/strong><strong>:<\/strong><\/p>\n\n\n\n<p class=\"wp-block-paragraph\"><strong>10 DE SETEMBRO | QUINTA-FEIRA (em simult\u00e2neo com a sess\u00e3o aberta ao p\u00fablico em geral)<\/strong><\/p>\n\n\n\n<p class=\"wp-block-paragraph\"><strong>18h30<\/strong>&nbsp;\u2013 Sess\u00e3o participativa sobre o Monumento Natural Local da Gruta de Vale Telheiro<br><strong>Local:<\/strong>&nbsp;Junta de Freguesia de S\u00e3o Sebasti\u00e3o<\/p>\n\n\n\n<p class=\"wp-block-paragraph\"><a href=\"https:\/\/maps.app.goo.gl\/MYN29ge7cYW1QXLh9\">https:\/\/maps.app.goo.gl\/MYN29ge7cYW1QXLh9<\/a><\/p>\n\n\n\n<p class=\"wp-block-paragraph\"><strong>11 DE SETEMBRO | SEXTA-FEIRA<\/strong><\/p>\n\n\n\n<p class=\"wp-block-paragraph\"><strong>10h00<\/strong>&nbsp;\u2013 Sess\u00e3o participativa sobre a Reserva Natural Local da Foz do Almargem e do Trafal<br><strong>Local:<\/strong>&nbsp;Biblioteca Municipal de Loul\u00e9 \u2013 Sala Polivalente&nbsp;<\/p>\n\n\n\n<p class=\"wp-block-paragraph\"><a href=\"https:\/\/maps.app.goo.gl\/AFkDB1B3EJxbpgvEA\">https:\/\/maps.app.goo.gl\/AFkDB1B3EJxbpgvEA<\/a><\/p>\n\n\n\n<p class=\"wp-block-paragraph\"><strong>11 DE SETEMBRO | SEXTA-FEIRA<\/strong><\/p>\n\n\n\n<p class=\"wp-block-paragraph\"><strong>14h30<\/strong>&nbsp;\u2013 Sess\u00e3o participativa sobre as Paisagens Protegidas Locais da Rocha da Pena e da Fonte Ben\u00e9mola<\/p>\n\n\n\n<p class=\"wp-block-paragraph\"><strong>Local:<\/strong>&nbsp;Biblioteca Municipal de Loul\u00e9 \u2013 Sala Polivalente<\/p>\n\n\n\n<p class=\"wp-block-paragraph\"><a href=\"https:\/\/maps.app.goo.gl\/AFkDB1B3EJxbpgvEA\">https:\/\/maps.app.goo.gl\/AFkDB1B3EJxbpgvEA<\/a><\/p>\n","protected":false},"excerpt":{"rendered":"<p>O Munic\u00edpio de Loul\u00e9 promove, entre os dias 10 e 13 de setembro, um conjunto de sess\u00f5es participativas no \u00e2mbito<\/p>\n","protected":false},"author":1,"featured_media":66112,"comment_status":"closed","ping_status":"closed","sticky":false,"template":"","format":"standard","meta":{"colormag_page_container_layout":"default_layout","colormag_page_sidebar_layout":"default_layout","_monsterinsights_skip_tracking":false,"_jetpack_newsletter_access":"","_jetpack_dont_email_post_to_subs":false,"_jetpack_newsletter_tier_id":0,"_jetpack_memberships_contains_paywalled_content":false,"_jetpack_feature_clip_id":0,"_jetpack_memberships_contains_paid_content":false,"footnotes":"","jetpack_publicize_message":"","jetpack_publicize_feature_enabled":true,"jetpack_social_post_already_shared":true,"jetpack_social_options":{"image_generator_settings":{"template":"highway","default_image_id":0,"font":"","enabled":false},"version":2},"jetpack_post_was_ever_published":false},"categories":[5],"tags":[36,32,31],"class_list":["post-66111","post","type-post","status-publish","format-standard","has-post-thumbnail","hentry","category-ambiente","tag-algarve","tag-ambiente","tag-loule"],"yoast_head":"<!-- This site is optimized with the Yoast SEO plugin v28.4 - https:\/\/yoast.com\/product\/yoast-seo-wordpress\/ -->\n<title>Loul\u00e9 promove sess\u00f5es participativas para elabora\u00e7\u00e3o dos planos de gest\u00e3o de quatro \u00e1reas protegidas - Algarve 7<\/title>\n<meta name=\"description\" content=\"Loul\u00e9 promove sess\u00f5es participativas para elabora\u00e7\u00e3o dos planos de gest\u00e3o de quatro \u00e1reas protegidas Ambiente\" \/>\n<meta name=\"robots\" content=\"index, follow, max-snippet:-1, max-image-preview:large, max-video-preview:-1\" \/>\n<link rel=\"canonical\" href=\"https:\/\/algarve7.pt\/index.php\/2026\/09\/loule-promove-sessoes-participativas-para-elaboracao-dos-planos-de-gestao-de-quatro-areas-protegidas\/ambiente\/08\/25\/\" \/>\n<meta property=\"og:locale\" content=\"pt_PT\" \/>\n<meta property=\"og:type\" content=\"article\" \/>\n<meta property=\"og:title\" content=\"Loul\u00e9 promove sess\u00f5es participativas para elabora\u00e7\u00e3o dos planos de gest\u00e3o de quatro \u00e1reas protegidas - Algarve 7\" \/>\n<meta property=\"og:description\" content=\"Loul\u00e9 promove sess\u00f5es participativas para elabora\u00e7\u00e3o dos planos de gest\u00e3o de quatro \u00e1reas protegidas Ambiente\" \/>\n<meta property=\"og:url\" content=\"https:\/\/algarve7.pt\/index.php\/2026\/09\/loule-promove-sessoes-participativas-para-elaboracao-dos-planos-de-gestao-de-quatro-areas-protegidas\/ambiente\/08\/25\/\" \/>\n<meta property=\"og:site_name\" content=\"Algarve 7\" \/>\n<meta property=\"article:publisher\" content=\"https:\/\/www.facebook.com\/algarve7\" \/>\n<meta property=\"article:author\" content=\"https:\/\/www.facebook.com\/algarve7\" \/>\n<meta property=\"article:published_time\" content=\"2026-09-04T07:25:00+00:00\" \/>\n<meta property=\"og:image\" content=\"https:\/\/algarve7.pt\/wp-content\/uploads\/2026\/09\/Fonte-Benemola.jpg\" \/>\n\t<meta property=\"og:image:width\" content=\"975\" \/>\n\t<meta property=\"og:image:height\" content=\"650\" \/>\n\t<meta property=\"og:image:type\" content=\"image\/jpeg\" \/>\n<meta name=\"author\" content=\"Algarve 7\" \/>\n<meta name=\"twitter:card\" content=\"summary_large_image\" \/>\n<meta name=\"twitter:creator\" content=\"@Algarvesete\" \/>\n<meta name=\"twitter:site\" content=\"@Algarvesete\" \/>\n<meta name=\"twitter:label1\" content=\"Escrito por\" \/>\n\t<meta name=\"twitter:data1\" content=\"Algarve 7\" \/>\n\t<meta name=\"twitter:label2\" content=\"Tempo estimado de leitura\" \/>\n\t<meta name=\"twitter:data2\" content=\"3 minutos\" \/>\n<script type=\"application\/ld+json\" class=\"yoast-schema-graph\">{\"@context\":\"https:\\\/\\\/schema.org\",\"@graph\":[{\"@type\":\"Article\",\"@id\":\"https:\\\/\\\/algarve7.pt\\\/index.php\\\/2026\\\/09\\\/loule-promove-sessoes-participativas-para-elaboracao-dos-planos-de-gestao-de-quatro-areas-protegidas\\\/ambiente\\\/08\\\/25\\\/#article\",\"isPartOf\":{\"@id\":\"https:\\\/\\\/algarve7.pt\\\/index.php\\\/2026\\\/09\\\/loule-promove-sessoes-participativas-para-elaboracao-dos-planos-de-gestao-de-quatro-areas-protegidas\\\/ambiente\\\/08\\\/25\\\/\"},\"author\":{\"name\":\"Algarve 7\",\"@id\":\"https:\\\/\\\/algarve7.pt\\\/#\\\/schema\\\/person\\\/23fa70681308e7b319a3204bcea45e0c\"},\"headline\":\"Loul\u00e9 promove sess\u00f5es participativas para elabora\u00e7\u00e3o dos planos de gest\u00e3o de quatro \u00e1reas protegidas\",\"datePublished\":\"2026-09-04T07:25:00+00:00\",\"mainEntityOfPage\":{\"@id\":\"https:\\\/\\\/algarve7.pt\\\/index.php\\\/2026\\\/09\\\/loule-promove-sessoes-participativas-para-elaboracao-dos-planos-de-gestao-de-quatro-areas-protegidas\\\/ambiente\\\/08\\\/25\\\/\"},\"wordCount\":627,\"publisher\":{\"@id\":\"https:\\\/\\\/algarve7.pt\\\/#organization\"},\"image\":{\"@id\":\"https:\\\/\\\/algarve7.pt\\\/index.php\\\/2026\\\/09\\\/loule-promove-sessoes-participativas-para-elaboracao-dos-planos-de-gestao-de-quatro-areas-protegidas\\\/ambiente\\\/08\\\/25\\\/#primaryimage\"},\"thumbnailUrl\":\"https:\\\/\\\/algarve7.pt\\\/wp-content\\\/uploads\\\/2026\\\/09\\\/Fonte-Benemola.jpg\",\"keywords\":[\"Algarve\",\"Ambiente\",\"Loul\u00e9\"],\"articleSection\":[\"Ambiente\"],\"inLanguage\":\"pt-PT\"},{\"@type\":\"WebPage\",\"@id\":\"https:\\\/\\\/algarve7.pt\\\/index.php\\\/2026\\\/09\\\/loule-promove-sessoes-participativas-para-elaboracao-dos-planos-de-gestao-de-quatro-areas-protegidas\\\/ambiente\\\/08\\\/25\\\/\",\"url\":\"https:\\\/\\\/algarve7.pt\\\/index.php\\\/2026\\\/09\\\/loule-promove-sessoes-participativas-para-elaboracao-dos-planos-de-gestao-de-quatro-areas-protegidas\\\/ambiente\\\/08\\\/25\\\/\",\"name\":\"Loul\u00e9 promove sess\u00f5es participativas para elabora\u00e7\u00e3o dos planos de gest\u00e3o de quatro \u00e1reas protegidas - Algarve 7\",\"isPartOf\":{\"@id\":\"https:\\\/\\\/algarve7.pt\\\/#website\"},\"primaryImageOfPage\":{\"@id\":\"https:\\\/\\\/algarve7.pt\\\/index.php\\\/2026\\\/09\\\/loule-promove-sessoes-participativas-para-elaboracao-dos-planos-de-gestao-de-quatro-areas-protegidas\\\/ambiente\\\/08\\\/25\\\/#primaryimage\"},\"image\":{\"@id\":\"https:\\\/\\\/algarve7.pt\\\/index.php\\\/2026\\\/09\\\/loule-promove-sessoes-participativas-para-elaboracao-dos-planos-de-gestao-de-quatro-areas-protegidas\\\/ambiente\\\/08\\\/25\\\/#primaryimage\"},\"thumbnailUrl\":\"https:\\\/\\\/algarve7.pt\\\/wp-content\\\/uploads\\\/2026\\\/09\\\/Fonte-Benemola.jpg\",\"datePublished\":\"2026-09-04T07:25:00+00:00\",\"description\":\"Loul\u00e9 promove sess\u00f5es participativas para elabora\u00e7\u00e3o dos planos de gest\u00e3o de quatro \u00e1reas protegidas Ambiente\",\"breadcrumb\":{\"@id\":\"https:\\\/\\\/algarve7.pt\\\/index.php\\\/2026\\\/09\\\/loule-promove-sessoes-participativas-para-elaboracao-dos-planos-de-gestao-de-quatro-areas-protegidas\\\/ambiente\\\/08\\\/25\\\/#breadcrumb\"},\"inLanguage\":\"pt-PT\",\"potentialAction\":[{\"@type\":\"ReadAction\",\"target\":[\"https:\\\/\\\/algarve7.pt\\\/index.php\\\/2026\\\/09\\\/loule-promove-sessoes-participativas-para-elaboracao-dos-planos-de-gestao-de-quatro-areas-protegidas\\\/ambiente\\\/08\\\/25\\\/\"]}]},{\"@type\":\"ImageObject\",\"inLanguage\":\"pt-PT\",\"@id\":\"https:\\\/\\\/algarve7.pt\\\/index.php\\\/2026\\\/09\\\/loule-promove-sessoes-participativas-para-elaboracao-dos-planos-de-gestao-de-quatro-areas-protegidas\\\/ambiente\\\/08\\\/25\\\/#primaryimage\",\"url\":\"https:\\\/\\\/algarve7.pt\\\/wp-content\\\/uploads\\\/2026\\\/09\\\/Fonte-Benemola.jpg\",\"contentUrl\":\"https:\\\/\\\/algarve7.pt\\\/wp-content\\\/uploads\\\/2026\\\/09\\\/Fonte-Benemola.jpg\",\"width\":975,\"height\":650},{\"@type\":\"BreadcrumbList\",\"@id\":\"https:\\\/\\\/algarve7.pt\\\/index.php\\\/2026\\\/09\\\/loule-promove-sessoes-participativas-para-elaboracao-dos-planos-de-gestao-de-quatro-areas-protegidas\\\/ambiente\\\/08\\\/25\\\/#breadcrumb\",\"itemListElement\":[{\"@type\":\"ListItem\",\"position\":1,\"name\":\"In\u00edcio\",\"item\":\"https:\\\/\\\/algarve7.pt\\\/\"},{\"@type\":\"ListItem\",\"position\":2,\"name\":\"Loul\u00e9 promove sess\u00f5es participativas para elabora\u00e7\u00e3o dos planos de gest\u00e3o de quatro \u00e1reas protegidas\"}]},{\"@type\":\"WebSite\",\"@id\":\"https:\\\/\\\/algarve7.pt\\\/#website\",\"url\":\"https:\\\/\\\/algarve7.pt\\\/\",\"name\":\"Algarve 7\",\"description\":\"Informa\u00e7\u00e3o sobre o Algarve\",\"publisher\":{\"@id\":\"https:\\\/\\\/algarve7.pt\\\/#organization\"},\"potentialAction\":[{\"@type\":\"SearchAction\",\"target\":{\"@type\":\"EntryPoint\",\"urlTemplate\":\"https:\\\/\\\/algarve7.pt\\\/?s={search_term_string}\"},\"query-input\":{\"@type\":\"PropertyValueSpecification\",\"valueRequired\":true,\"valueName\":\"search_term_string\"}}],\"inLanguage\":\"pt-PT\"},{\"@type\":\"Organization\",\"@id\":\"https:\\\/\\\/algarve7.pt\\\/#organization\",\"name\":\"Algarve 7\",\"url\":\"https:\\\/\\\/algarve7.pt\\\/\",\"logo\":{\"@type\":\"ImageObject\",\"inLanguage\":\"pt-PT\",\"@id\":\"https:\\\/\\\/algarve7.pt\\\/#\\\/schema\\\/logo\\\/image\\\/\",\"url\":\"https:\\\/\\\/algarve7.pt\\\/wp-content\\\/uploads\\\/2020\\\/10\\\/Logo-8.jpg\",\"contentUrl\":\"https:\\\/\\\/algarve7.pt\\\/wp-content\\\/uploads\\\/2020\\\/10\\\/Logo-8.jpg\",\"width\":1680,\"height\":1186,\"caption\":\"Algarve 7\"},\"image\":{\"@id\":\"https:\\\/\\\/algarve7.pt\\\/#\\\/schema\\\/logo\\\/image\\\/\"},\"sameAs\":[\"https:\\\/\\\/www.facebook.com\\\/algarve7\",\"https:\\\/\\\/x.com\\\/Algarvesete\",\"https:\\\/\\\/www.instagram.com\\\/jornalalgarve7\\\/\",\"https:\\\/\\\/www.linkedin.com\\\/company\\\/algarve7\",\"https:\\\/\\\/www.pinterest.pt\\\/geral0939\\\/_created\\\/\"]},{\"@type\":\"Person\",\"@id\":\"https:\\\/\\\/algarve7.pt\\\/#\\\/schema\\\/person\\\/23fa70681308e7b319a3204bcea45e0c\",\"name\":\"Algarve 7\",\"sameAs\":[\"https:\\\/\\\/algarve7.pt\",\"https:\\\/\\\/www.facebook.com\\\/algarve7\"],\"url\":\"https:\\\/\\\/algarve7.pt\\\/index.php\\\/author\\\/geralalgarve7-pt\\\/\"}]}<\/script>\n<!-- \/ Yoast SEO plugin. -->","yoast_head_json":{"title":"Loul\u00e9 promove sess\u00f5es participativas para elabora\u00e7\u00e3o dos planos de gest\u00e3o de quatro \u00e1reas protegidas - Algarve 7","description":"Loul\u00e9 promove sess\u00f5es participativas para elabora\u00e7\u00e3o dos planos de gest\u00e3o de quatro \u00e1reas protegidas Ambiente","robots":{"index":"index","follow":"follow","max-snippet":"max-snippet:-1","max-image-preview":"max-image-preview:large","max-video-preview":"max-video-preview:-1"},"canonical":"https:\/\/algarve7.pt\/index.php\/2026\/09\/loule-promove-sessoes-participativas-para-elaboracao-dos-planos-de-gestao-de-quatro-areas-protegidas\/ambiente\/08\/25\/","og_locale":"pt_PT","og_type":"article","og_title":"Loul\u00e9 promove sess\u00f5es participativas para elabora\u00e7\u00e3o dos planos de gest\u00e3o de quatro \u00e1reas protegidas - Algarve 7","og_description":"Loul\u00e9 promove sess\u00f5es participativas para elabora\u00e7\u00e3o dos planos de gest\u00e3o de quatro \u00e1reas protegidas Ambiente","og_url":"https:\/\/algarve7.pt\/index.php\/2026\/09\/loule-promove-sessoes-participativas-para-elaboracao-dos-planos-de-gestao-de-quatro-areas-protegidas\/ambiente\/08\/25\/","og_site_name":"Algarve 7","article_publisher":"https:\/\/www.facebook.com\/algarve7","article_author":"https:\/\/www.facebook.com\/algarve7","article_published_time":"2026-09-04T07:25:00+00:00","og_image":[{"width":975,"height":650,"url":"https:\/\/algarve7.pt\/wp-content\/uploads\/2026\/09\/Fonte-Benemola.jpg","type":"image\/jpeg"}],"author":"Algarve 7","twitter_card":"summary_large_image","twitter_creator":"@Algarvesete","twitter_site":"@Algarvesete","twitter_misc":{"Escrito por":"Algarve 7","Tempo estimado de leitura":"3 minutos"},"schema":{"@context":"https:\/\/schema.org","@graph":[{"@type":"Article","@id":"https:\/\/algarve7.pt\/index.php\/2026\/09\/loule-promove-sessoes-participativas-para-elaboracao-dos-planos-de-gestao-de-quatro-areas-protegidas\/ambiente\/08\/25\/#article","isPartOf":{"@id":"https:\/\/algarve7.pt\/index.php\/2026\/09\/loule-promove-sessoes-participativas-para-elaboracao-dos-planos-de-gestao-de-quatro-areas-protegidas\/ambiente\/08\/25\/"},"author":{"name":"Algarve 7","@id":"https:\/\/algarve7.pt\/#\/schema\/person\/23fa70681308e7b319a3204bcea45e0c"},"headline":"Loul\u00e9 promove sess\u00f5es participativas para elabora\u00e7\u00e3o dos planos de gest\u00e3o de quatro \u00e1reas protegidas","datePublished":"2026-09-04T07:25:00+00:00","mainEntityOfPage":{"@id":"https:\/\/algarve7.pt\/index.php\/2026\/09\/loule-promove-sessoes-participativas-para-elaboracao-dos-planos-de-gestao-de-quatro-areas-protegidas\/ambiente\/08\/25\/"},"wordCount":627,"publisher":{"@id":"https:\/\/algarve7.pt\/#organization"},"image":{"@id":"https:\/\/algarve7.pt\/index.php\/2026\/09\/loule-promove-sessoes-participativas-para-elaboracao-dos-planos-de-gestao-de-quatro-areas-protegidas\/ambiente\/08\/25\/#primaryimage"},"thumbnailUrl":"https:\/\/algarve7.pt\/wp-content\/uploads\/2026\/09\/Fonte-Benemola.jpg","keywords":["Algarve","Ambiente","Loul\u00e9"],"articleSection":["Ambiente"],"inLanguage":"pt-PT"},{"@type":"WebPage","@id":"https:\/\/algarve7.pt\/index.php\/2026\/09\/loule-promove-sessoes-participativas-para-elaboracao-dos-planos-de-gestao-de-quatro-areas-protegidas\/ambiente\/08\/25\/","url":"https:\/\/algarve7.pt\/index.php\/2026\/09\/loule-promove-sessoes-participativas-para-elaboracao-dos-planos-de-gestao-de-quatro-areas-protegidas\/ambiente\/08\/25\/","name":"Loul\u00e9 promove sess\u00f5es participativas para elabora\u00e7\u00e3o dos planos de gest\u00e3o de quatro \u00e1reas protegidas - Algarve 7","isPartOf":{"@id":"https:\/\/algarve7.pt\/#website"},"primaryImageOfPage":{"@id":"https:\/\/algarve7.pt\/index.php\/2026\/09\/loule-promove-sessoes-participativas-para-elaboracao-dos-planos-de-gestao-de-quatro-areas-protegidas\/ambiente\/08\/25\/#primaryimage"},"image":{"@id":"https:\/\/algarve7.pt\/index.php\/2026\/09\/loule-promove-sessoes-participativas-para-elaboracao-dos-planos-de-gestao-de-quatro-areas-protegidas\/ambiente\/08\/25\/#primaryimage"},"thumbnailUrl":"https:\/\/algarve7.pt\/wp-content\/uploads\/2026\/09\/Fonte-Benemola.jpg","datePublished":"2026-09-04T07:25:00+00:00","description":"Loul\u00e9 promove sess\u00f5es participativas para elabora\u00e7\u00e3o dos planos de gest\u00e3o de quatro \u00e1reas protegidas Ambiente","breadcrumb":{"@id":"https:\/\/algarve7.pt\/index.php\/2026\/09\/loule-promove-sessoes-participativas-para-elaboracao-dos-planos-de-gestao-de-quatro-areas-protegidas\/ambiente\/08\/25\/#breadcrumb"},"inLanguage":"pt-PT","potentialAction":[{"@type":"ReadAction","target":["https:\/\/algarve7.pt\/index.php\/2026\/09\/loule-promove-sessoes-participativas-para-elaboracao-dos-planos-de-gestao-de-quatro-areas-protegidas\/ambiente\/08\/25\/"]}]},{"@type":"ImageObject","inLanguage":"pt-PT","@id":"https:\/\/algarve7.pt\/index.php\/2026\/09\/loule-promove-sessoes-participativas-para-elaboracao-dos-planos-de-gestao-de-quatro-areas-protegidas\/ambiente\/08\/25\/#primaryimage","url":"https:\/\/algarve7.pt\/wp-content\/uploads\/2026\/09\/Fonte-Benemola.jpg","contentUrl":"https:\/\/algarve7.pt\/wp-content\/uploads\/2026\/09\/Fonte-Benemola.jpg","width":975,"height":650},{"@type":"BreadcrumbList","@id":"https:\/\/algarve7.pt\/index.php\/2026\/09\/loule-promove-sessoes-participativas-para-elaboracao-dos-planos-de-gestao-de-quatro-areas-protegidas\/ambiente\/08\/25\/#breadcrumb","itemListElement":[{"@type":"ListItem","position":1,"name":"In\u00edcio","item":"https:\/\/algarve7.pt\/"},{"@type":"ListItem","position":2,"name":"Loul\u00e9 promove sess\u00f5es participativas para elabora\u00e7\u00e3o dos planos de gest\u00e3o de quatro \u00e1reas protegidas"}]},{"@type":"WebSite","@id":"https:\/\/algarve7.pt\/#website","url":"https:\/\/algarve7.pt\/","name":"Algarve 7","description":"Informa\u00e7\u00e3o sobre o Algarve","publisher":{"@id":"https:\/\/algarve7.pt\/#organization"},"potentialAction":[{"@type":"SearchAction","target":{"@type":"EntryPoint","urlTemplate":"https:\/\/algarve7.pt\/?s={search_term_string}"},"query-input":{"@type":"PropertyValueSpecification","valueRequired":true,"valueName":"search_term_string"}}],"inLanguage":"pt-PT"},{"@type":"Organization","@id":"https:\/\/algarve7.pt\/#organization","name":"Algarve 7","url":"https:\/\/algarve7.pt\/","logo":{"@type":"ImageObject","inLanguage":"pt-PT","@id":"https:\/\/algarve7.pt\/#\/schema\/logo\/image\/","url":"https:\/\/algarve7.pt\/wp-content\/uploads\/2020\/10\/Logo-8.jpg","contentUrl":"https:\/\/algarve7.pt\/wp-content\/uploads\/2020\/10\/Logo-8.jpg","width":1680,"height":1186,"caption":"Algarve 7"},"image":{"@id":"https:\/\/algarve7.pt\/#\/schema\/logo\/image\/"},"sameAs":["https:\/\/www.facebook.com\/algarve7","https:\/\/x.com\/Algarvesete","https:\/\/www.instagram.com\/jornalalgarve7\/","https:\/\/www.linkedin.com\/company\/algarve7","https:\/\/www.pinterest.pt\/geral0939\/_created\/"]},{"@type":"Person","@id":"https:\/\/algarve7.pt\/#\/schema\/person\/23fa70681308e7b319a3204bcea45e0c","name":"Algarve 7","sameAs":["https:\/\/algarve7.pt","https:\/\/www.facebook.com\/algarve7"],"url":"https:\/\/algarve7.pt\/index.php\/author\/geralalgarve7-pt\/"}]}},"jetpack_publicize_connections":[],"jetpack_shortlink":"https:\/\/wp.me\/pcezmW-hcj","jetpack_sharing_enabled":true,"jetpack_featured_media_url":"https:\/\/algarve7.pt\/wp-content\/uploads\/2026\/09\/Fonte-Benemola.jpg","_links":{"self":[{"href":"https:\/\/algarve7.pt\/index.php\/wp-json\/wp\/v2\/posts\/66111","targetHints":{"allow":["GET"]}}],"collection":[{"href":"https:\/\/algarve7.pt\/index.php\/wp-json\/wp\/v2\/posts"}],"about":[{"href":"https:\/\/algarve7.pt\/index.php\/wp-json\/wp\/v2\/types\/post"}],"author":[{"embeddable":true,"href":"https:\/\/algarve7.pt\/index.php\/wp-json\/wp\/v2\/users\/1"}],"replies":[{"embeddable":true,"href":"https:\/\/algarve7.pt\/index.php\/wp-json\/wp\/v2\/comments?post=66111"}],"version-history":[{"count":1,"href":"https:\/\/algarve7.pt\/index.php\/wp-json\/wp\/v2\/posts\/66111\/revisions"}],"predecessor-version":[{"id":66113,"href":"https:\/\/algarve7.pt\/index.php\/wp-json\/wp\/v2\/posts\/66111\/revisions\/66113"}],"wp:featuredmedia":[{"embeddable":true,"href":"https:\/\/algarve7.pt\/index.php\/wp-json\/wp\/v2\/media\/66112"}],"wp:attachment":[{"href":"https:\/\/algarve7.pt\/index.php\/wp-json\/wp\/v2\/media?parent=66111"}],"wp:term":[{"taxonomy":"category","embeddable":true,"href":"https:\/\/algarve7.pt\/index.php\/wp-json\/wp\/v2\/categories?post=66111"},{"taxonomy":"post_tag","embeddable":true,"href":"https:\/\/algarve7.pt\/index.php\/wp-json\/wp\/v2\/tags?post=66111"}],"curies":[{"name":"wp","href":"https:\/\/api.w.org\/{rel}","templated":true}]}}