{"id":66108,"date":"2026-09-02T19:12:34","date_gmt":"2026-09-02T18:12:34","guid":{"rendered":"https:\/\/algarve7.pt\/?p=66108"},"modified":"2026-09-02T19:12:39","modified_gmt":"2026-09-02T18:12:39","slug":"loule-associa-se-ao-mes-da-sensibilizacao-para-os-cancros-do-sangue","status":"publish","type":"post","link":"https:\/\/algarve7.pt\/index.php\/2026\/09\/loule-associa-se-ao-mes-da-sensibilizacao-para-os-cancros-do-sangue\/saude\/19\/12\/","title":{"rendered":"Loul\u00e9 associa-se ao m\u00eas da sensibiliza\u00e7\u00e3o para os cancros do sangue"},"content":{"rendered":"\n<p class=\"wp-block-paragraph\">Em setembro assinala-se o M\u00eas da Sensibiliza\u00e7\u00e3o para os Cancros do Sangue. A C\u00e2mara Municipal de Loul\u00e9 junta-se oficialmente \u00e0 Associa\u00e7\u00e3o Portuguesa Contra a Leucemia (APCL) como parceiro institucional no relan\u00e7amento da campanha \u201cO sangue que h\u00e1 em mim\u201d, este ano sob o mote \u201cSe eu mandasse\u201d, e desafia as pessoas a usarem o poder da sua voz.<\/p>\n\n\n\n<p class=\"wp-block-paragraph\">Com o objetivo de amplificar a consciencializa\u00e7\u00e3o sobre as doen\u00e7as hemato-oncol\u00f3gicas, a campanha deste ano foca-se na transi\u00e7\u00e3o da identifica\u00e7\u00e3o de problemas para a procura de solu\u00e7\u00f5es concretas, partindo da experi\u00eancia direta de quem vive a doen\u00e7a e dos profissionais do Servi\u00e7o Nacional de Sa\u00fade.<\/p>\n\n\n\n<p class=\"wp-block-paragraph\">O mote desafia-nos a refletir sobre tudo o que pode contribuir para cuidados mais humanos, mais pr\u00f3ximos e mais equitativos. A campanha pretende, assim, promover uma comunica\u00e7\u00e3o mais positiva e estimular uma interven\u00e7\u00e3o c\u00edvica emp\u00e1tica e informada, capaz de transformar a experi\u00eancia de quem vive com doen\u00e7a hemato-oncol\u00f3gica.<\/p>\n\n\n\n<p class=\"wp-block-paragraph\">Para estruturar estas propostas, a APCL desafiou 9 profissionais de sa\u00fade e 11 doentes a responderem a quest\u00f5es divididas em quatro eixos estrat\u00e9gicos: diagn\u00f3stico e acesso aos cuidados, humaniza\u00e7\u00e3o, organiza\u00e7\u00e3o dos servi\u00e7os do SNS e apoio ao doente durante e ap\u00f3s os tratamentos. As respostas revelam uma forte sintonia e ser\u00e3o divulgadas progressivamente ao longo de todo o m\u00eas de setembro.<\/p>\n\n\n\n<p class=\"wp-block-paragraph\">Em Portugal, os cancros do sangue representam cerca de 7,8% de todos os tumores diagnosticados. O Munic\u00edpio de Loul\u00e9 refor\u00e7a, atrav\u00e9s deste apoio institucional, o seu compromisso com a promo\u00e7\u00e3o da literacia em sa\u00fade, a equidade no acesso aos cuidados e a constru\u00e7\u00e3o de uma comunidade mais informada e emp\u00e1tica para com os doentes e cuidadores.<\/p>\n\n\n\n<p class=\"wp-block-paragraph\">A n\u00edvel nacional, a campanha arranca oficialmente no dia 3 de setembro, em Lisboa, e assinalar\u00e1 v\u00e1rias datas espec\u00edficas ao longo do m\u00eas, como o Dia Mundial da Leucemia (4\/09) e o Dia Mundial do Linfoma (15\/09). Toda a informa\u00e7\u00e3o e conte\u00fados ser\u00e3o partilhados nos canais digitais da APCL e das entidades parceiras, entre as quais a Autarquia de Loul\u00e9.<\/p>\n\n\n\n<p class=\"wp-block-paragraph\">Fundada em 2002 por sobreviventes e m\u00e9dicos do IPO de Lisboa, a Associa\u00e7\u00e3o Portuguesa Contra a Leucemia tem como miss\u00e3o apoiar doentes e fam\u00edlias, financiar a investiga\u00e7\u00e3o cient\u00edfica e aumentar a literacia em sa\u00fade. Em 2023, inaugurou a Casa Porto Seguro para acolher doentes deslocados em tratamento.<\/p>\n","protected":false},"excerpt":{"rendered":"<p>Em setembro assinala-se o M\u00eas da Sensibiliza\u00e7\u00e3o para os Cancros do Sangue. A C\u00e2mara Municipal de Loul\u00e9 junta-se oficialmente \u00e0<\/p>\n","protected":false},"author":1,"featured_media":66109,"comment_status":"closed","ping_status":"closed","sticky":false,"template":"","format":"standard","meta":{"colormag_page_container_layout":"default_layout","colormag_page_sidebar_layout":"default_layout","_monsterinsights_skip_tracking":false,"_jetpack_newsletter_access":"","_jetpack_dont_email_post_to_subs":false,"_jetpack_newsletter_tier_id":0,"_jetpack_memberships_contains_paywalled_content":false,"_jetpack_feature_clip_id":0,"_jetpack_memberships_contains_paid_content":false,"footnotes":"","jetpack_publicize_message":"","jetpack_publicize_feature_enabled":true,"jetpack_social_post_already_shared":true,"jetpack_social_options":{"image_generator_settings":{"template":"highway","default_image_id":0,"font":"","enabled":false},"version":2},"jetpack_post_was_ever_published":false},"categories":[59],"tags":[36,31,58],"class_list":["post-66108","post","type-post","status-publish","format-standard","has-post-thumbnail","hentry","category-saude","tag-algarve","tag-loule","tag-saude"],"yoast_head":"<!-- This site is optimized with the Yoast SEO plugin v28.4 - https:\/\/yoast.com\/product\/yoast-seo-wordpress\/ -->\n<title>Loul\u00e9 associa-se ao m\u00eas da sensibiliza\u00e7\u00e3o para os cancros do sangue - Algarve 7<\/title>\n<meta name=\"description\" content=\"Loul\u00e9 associa-se ao m\u00eas da sensibiliza\u00e7\u00e3o para os cancros do sangue Sa\u00fade\" \/>\n<meta name=\"robots\" content=\"index, follow, max-snippet:-1, max-image-preview:large, max-video-preview:-1\" \/>\n<link rel=\"canonical\" href=\"https:\/\/algarve7.pt\/index.php\/2026\/09\/loule-associa-se-ao-mes-da-sensibilizacao-para-os-cancros-do-sangue\/saude\/19\/12\/\" \/>\n<meta property=\"og:locale\" content=\"pt_PT\" \/>\n<meta property=\"og:type\" content=\"article\" \/>\n<meta property=\"og:title\" content=\"Loul\u00e9 associa-se ao m\u00eas da sensibiliza\u00e7\u00e3o para os cancros do sangue - Algarve 7\" \/>\n<meta property=\"og:description\" content=\"Loul\u00e9 associa-se ao m\u00eas da sensibiliza\u00e7\u00e3o para os cancros do sangue Sa\u00fade\" \/>\n<meta property=\"og:url\" content=\"https:\/\/algarve7.pt\/index.php\/2026\/09\/loule-associa-se-ao-mes-da-sensibilizacao-para-os-cancros-do-sangue\/saude\/19\/12\/\" \/>\n<meta property=\"og:site_name\" content=\"Algarve 7\" \/>\n<meta property=\"article:publisher\" content=\"https:\/\/www.facebook.com\/algarve7\" \/>\n<meta property=\"article:author\" content=\"https:\/\/www.facebook.com\/algarve7\" \/>\n<meta property=\"article:published_time\" content=\"2026-09-02T18:12:34+00:00\" \/>\n<meta property=\"article:modified_time\" content=\"2026-09-02T18:12:39+00:00\" \/>\n<meta property=\"og:image\" content=\"https:\/\/algarve7.pt\/wp-content\/uploads\/2026\/09\/1200x630-Se-eu-mandasse-APCL2026-Facebook-feed-landscape.png\" \/>\n\t<meta property=\"og:image:width\" content=\"1024\" \/>\n\t<meta property=\"og:image:height\" content=\"538\" \/>\n\t<meta property=\"og:image:type\" content=\"image\/png\" \/>\n<meta name=\"author\" content=\"Algarve 7\" \/>\n<meta name=\"twitter:card\" content=\"summary_large_image\" \/>\n<meta name=\"twitter:creator\" content=\"@Algarvesete\" \/>\n<meta name=\"twitter:site\" content=\"@Algarvesete\" \/>\n<meta name=\"twitter:label1\" content=\"Escrito por\" \/>\n\t<meta name=\"twitter:data1\" content=\"Algarve 7\" \/>\n\t<meta name=\"twitter:label2\" content=\"Tempo estimado de leitura\" \/>\n\t<meta name=\"twitter:data2\" content=\"3 minutos\" \/>\n<script type=\"application\/ld+json\" class=\"yoast-schema-graph\">{\"@context\":\"https:\\\/\\\/schema.org\",\"@graph\":[{\"@type\":\"Article\",\"@id\":\"https:\\\/\\\/algarve7.pt\\\/index.php\\\/2026\\\/09\\\/loule-associa-se-ao-mes-da-sensibilizacao-para-os-cancros-do-sangue\\\/saude\\\/19\\\/12\\\/#article\",\"isPartOf\":{\"@id\":\"https:\\\/\\\/algarve7.pt\\\/index.php\\\/2026\\\/09\\\/loule-associa-se-ao-mes-da-sensibilizacao-para-os-cancros-do-sangue\\\/saude\\\/19\\\/12\\\/\"},\"author\":{\"name\":\"Algarve 7\",\"@id\":\"https:\\\/\\\/algarve7.pt\\\/#\\\/schema\\\/person\\\/23fa70681308e7b319a3204bcea45e0c\"},\"headline\":\"Loul\u00e9 associa-se ao m\u00eas da sensibiliza\u00e7\u00e3o para os cancros do sangue\",\"datePublished\":\"2026-09-02T18:12:34+00:00\",\"dateModified\":\"2026-09-02T18:12:39+00:00\",\"mainEntityOfPage\":{\"@id\":\"https:\\\/\\\/algarve7.pt\\\/index.php\\\/2026\\\/09\\\/loule-associa-se-ao-mes-da-sensibilizacao-para-os-cancros-do-sangue\\\/saude\\\/19\\\/12\\\/\"},\"wordCount\":433,\"publisher\":{\"@id\":\"https:\\\/\\\/algarve7.pt\\\/#organization\"},\"image\":{\"@id\":\"https:\\\/\\\/algarve7.pt\\\/index.php\\\/2026\\\/09\\\/loule-associa-se-ao-mes-da-sensibilizacao-para-os-cancros-do-sangue\\\/saude\\\/19\\\/12\\\/#primaryimage\"},\"thumbnailUrl\":\"https:\\\/\\\/algarve7.pt\\\/wp-content\\\/uploads\\\/2026\\\/09\\\/1200x630-Se-eu-mandasse-APCL2026-Facebook-feed-landscape.png\",\"keywords\":[\"Algarve\",\"Loul\u00e9\",\"Sa\u00fade\"],\"articleSection\":[\"Sa\u00fade\"],\"inLanguage\":\"pt-PT\"},{\"@type\":\"WebPage\",\"@id\":\"https:\\\/\\\/algarve7.pt\\\/index.php\\\/2026\\\/09\\\/loule-associa-se-ao-mes-da-sensibilizacao-para-os-cancros-do-sangue\\\/saude\\\/19\\\/12\\\/\",\"url\":\"https:\\\/\\\/algarve7.pt\\\/index.php\\\/2026\\\/09\\\/loule-associa-se-ao-mes-da-sensibilizacao-para-os-cancros-do-sangue\\\/saude\\\/19\\\/12\\\/\",\"name\":\"Loul\u00e9 associa-se ao m\u00eas da sensibiliza\u00e7\u00e3o para os cancros do sangue - Algarve 7\",\"isPartOf\":{\"@id\":\"https:\\\/\\\/algarve7.pt\\\/#website\"},\"primaryImageOfPage\":{\"@id\":\"https:\\\/\\\/algarve7.pt\\\/index.php\\\/2026\\\/09\\\/loule-associa-se-ao-mes-da-sensibilizacao-para-os-cancros-do-sangue\\\/saude\\\/19\\\/12\\\/#primaryimage\"},\"image\":{\"@id\":\"https:\\\/\\\/algarve7.pt\\\/index.php\\\/2026\\\/09\\\/loule-associa-se-ao-mes-da-sensibilizacao-para-os-cancros-do-sangue\\\/saude\\\/19\\\/12\\\/#primaryimage\"},\"thumbnailUrl\":\"https:\\\/\\\/algarve7.pt\\\/wp-content\\\/uploads\\\/2026\\\/09\\\/1200x630-Se-eu-mandasse-APCL2026-Facebook-feed-landscape.png\",\"datePublished\":\"2026-09-02T18:12:34+00:00\",\"dateModified\":\"2026-09-02T18:12:39+00:00\",\"description\":\"Loul\u00e9 associa-se ao m\u00eas da sensibiliza\u00e7\u00e3o para os cancros do sangue Sa\u00fade\",\"breadcrumb\":{\"@id\":\"https:\\\/\\\/algarve7.pt\\\/index.php\\\/2026\\\/09\\\/loule-associa-se-ao-mes-da-sensibilizacao-para-os-cancros-do-sangue\\\/saude\\\/19\\\/12\\\/#breadcrumb\"},\"inLanguage\":\"pt-PT\",\"potentialAction\":[{\"@type\":\"ReadAction\",\"target\":[\"https:\\\/\\\/algarve7.pt\\\/index.php\\\/2026\\\/09\\\/loule-associa-se-ao-mes-da-sensibilizacao-para-os-cancros-do-sangue\\\/saude\\\/19\\\/12\\\/\"]}]},{\"@type\":\"ImageObject\",\"inLanguage\":\"pt-PT\",\"@id\":\"https:\\\/\\\/algarve7.pt\\\/index.php\\\/2026\\\/09\\\/loule-associa-se-ao-mes-da-sensibilizacao-para-os-cancros-do-sangue\\\/saude\\\/19\\\/12\\\/#primaryimage\",\"url\":\"https:\\\/\\\/algarve7.pt\\\/wp-content\\\/uploads\\\/2026\\\/09\\\/1200x630-Se-eu-mandasse-APCL2026-Facebook-feed-landscape.png\",\"contentUrl\":\"https:\\\/\\\/algarve7.pt\\\/wp-content\\\/uploads\\\/2026\\\/09\\\/1200x630-Se-eu-mandasse-APCL2026-Facebook-feed-landscape.png\",\"width\":1024,\"height\":538},{\"@type\":\"BreadcrumbList\",\"@id\":\"https:\\\/\\\/algarve7.pt\\\/index.php\\\/2026\\\/09\\\/loule-associa-se-ao-mes-da-sensibilizacao-para-os-cancros-do-sangue\\\/saude\\\/19\\\/12\\\/#breadcrumb\",\"itemListElement\":[{\"@type\":\"ListItem\",\"position\":1,\"name\":\"In\u00edcio\",\"item\":\"https:\\\/\\\/algarve7.pt\\\/\"},{\"@type\":\"ListItem\",\"position\":2,\"name\":\"Loul\u00e9 associa-se ao m\u00eas da sensibiliza\u00e7\u00e3o para os cancros do sangue\"}]},{\"@type\":\"WebSite\",\"@id\":\"https:\\\/\\\/algarve7.pt\\\/#website\",\"url\":\"https:\\\/\\\/algarve7.pt\\\/\",\"name\":\"Algarve 7\",\"description\":\"Informa\u00e7\u00e3o sobre o Algarve\",\"publisher\":{\"@id\":\"https:\\\/\\\/algarve7.pt\\\/#organization\"},\"potentialAction\":[{\"@type\":\"SearchAction\",\"target\":{\"@type\":\"EntryPoint\",\"urlTemplate\":\"https:\\\/\\\/algarve7.pt\\\/?s={search_term_string}\"},\"query-input\":{\"@type\":\"PropertyValueSpecification\",\"valueRequired\":true,\"valueName\":\"search_term_string\"}}],\"inLanguage\":\"pt-PT\"},{\"@type\":\"Organization\",\"@id\":\"https:\\\/\\\/algarve7.pt\\\/#organization\",\"name\":\"Algarve 7\",\"url\":\"https:\\\/\\\/algarve7.pt\\\/\",\"logo\":{\"@type\":\"ImageObject\",\"inLanguage\":\"pt-PT\",\"@id\":\"https:\\\/\\\/algarve7.pt\\\/#\\\/schema\\\/logo\\\/image\\\/\",\"url\":\"https:\\\/\\\/algarve7.pt\\\/wp-content\\\/uploads\\\/2020\\\/10\\\/Logo-8.jpg\",\"contentUrl\":\"https:\\\/\\\/algarve7.pt\\\/wp-content\\\/uploads\\\/2020\\\/10\\\/Logo-8.jpg\",\"width\":1680,\"height\":1186,\"caption\":\"Algarve 7\"},\"image\":{\"@id\":\"https:\\\/\\\/algarve7.pt\\\/#\\\/schema\\\/logo\\\/image\\\/\"},\"sameAs\":[\"https:\\\/\\\/www.facebook.com\\\/algarve7\",\"https:\\\/\\\/x.com\\\/Algarvesete\",\"https:\\\/\\\/www.instagram.com\\\/jornalalgarve7\\\/\",\"https:\\\/\\\/www.linkedin.com\\\/company\\\/algarve7\",\"https:\\\/\\\/www.pinterest.pt\\\/geral0939\\\/_created\\\/\"]},{\"@type\":\"Person\",\"@id\":\"https:\\\/\\\/algarve7.pt\\\/#\\\/schema\\\/person\\\/23fa70681308e7b319a3204bcea45e0c\",\"name\":\"Algarve 7\",\"sameAs\":[\"https:\\\/\\\/algarve7.pt\",\"https:\\\/\\\/www.facebook.com\\\/algarve7\"],\"url\":\"https:\\\/\\\/algarve7.pt\\\/index.php\\\/author\\\/geralalgarve7-pt\\\/\"}]}<\/script>\n<!-- \/ Yoast SEO plugin. -->","yoast_head_json":{"title":"Loul\u00e9 associa-se ao m\u00eas da sensibiliza\u00e7\u00e3o para os cancros do sangue - Algarve 7","description":"Loul\u00e9 associa-se ao m\u00eas da sensibiliza\u00e7\u00e3o para os cancros do sangue Sa\u00fade","robots":{"index":"index","follow":"follow","max-snippet":"max-snippet:-1","max-image-preview":"max-image-preview:large","max-video-preview":"max-video-preview:-1"},"canonical":"https:\/\/algarve7.pt\/index.php\/2026\/09\/loule-associa-se-ao-mes-da-sensibilizacao-para-os-cancros-do-sangue\/saude\/19\/12\/","og_locale":"pt_PT","og_type":"article","og_title":"Loul\u00e9 associa-se ao m\u00eas da sensibiliza\u00e7\u00e3o para os cancros do sangue - Algarve 7","og_description":"Loul\u00e9 associa-se ao m\u00eas da sensibiliza\u00e7\u00e3o para os cancros do sangue Sa\u00fade","og_url":"https:\/\/algarve7.pt\/index.php\/2026\/09\/loule-associa-se-ao-mes-da-sensibilizacao-para-os-cancros-do-sangue\/saude\/19\/12\/","og_site_name":"Algarve 7","article_publisher":"https:\/\/www.facebook.com\/algarve7","article_author":"https:\/\/www.facebook.com\/algarve7","article_published_time":"2026-09-02T18:12:34+00:00","article_modified_time":"2026-09-02T18:12:39+00:00","og_image":[{"width":1024,"height":538,"url":"https:\/\/algarve7.pt\/wp-content\/uploads\/2026\/09\/1200x630-Se-eu-mandasse-APCL2026-Facebook-feed-landscape.png","type":"image\/png"}],"author":"Algarve 7","twitter_card":"summary_large_image","twitter_creator":"@Algarvesete","twitter_site":"@Algarvesete","twitter_misc":{"Escrito por":"Algarve 7","Tempo estimado de leitura":"3 minutos"},"schema":{"@context":"https:\/\/schema.org","@graph":[{"@type":"Article","@id":"https:\/\/algarve7.pt\/index.php\/2026\/09\/loule-associa-se-ao-mes-da-sensibilizacao-para-os-cancros-do-sangue\/saude\/19\/12\/#article","isPartOf":{"@id":"https:\/\/algarve7.pt\/index.php\/2026\/09\/loule-associa-se-ao-mes-da-sensibilizacao-para-os-cancros-do-sangue\/saude\/19\/12\/"},"author":{"name":"Algarve 7","@id":"https:\/\/algarve7.pt\/#\/schema\/person\/23fa70681308e7b319a3204bcea45e0c"},"headline":"Loul\u00e9 associa-se ao m\u00eas da sensibiliza\u00e7\u00e3o para os cancros do sangue","datePublished":"2026-09-02T18:12:34+00:00","dateModified":"2026-09-02T18:12:39+00:00","mainEntityOfPage":{"@id":"https:\/\/algarve7.pt\/index.php\/2026\/09\/loule-associa-se-ao-mes-da-sensibilizacao-para-os-cancros-do-sangue\/saude\/19\/12\/"},"wordCount":433,"publisher":{"@id":"https:\/\/algarve7.pt\/#organization"},"image":{"@id":"https:\/\/algarve7.pt\/index.php\/2026\/09\/loule-associa-se-ao-mes-da-sensibilizacao-para-os-cancros-do-sangue\/saude\/19\/12\/#primaryimage"},"thumbnailUrl":"https:\/\/algarve7.pt\/wp-content\/uploads\/2026\/09\/1200x630-Se-eu-mandasse-APCL2026-Facebook-feed-landscape.png","keywords":["Algarve","Loul\u00e9","Sa\u00fade"],"articleSection":["Sa\u00fade"],"inLanguage":"pt-PT"},{"@type":"WebPage","@id":"https:\/\/algarve7.pt\/index.php\/2026\/09\/loule-associa-se-ao-mes-da-sensibilizacao-para-os-cancros-do-sangue\/saude\/19\/12\/","url":"https:\/\/algarve7.pt\/index.php\/2026\/09\/loule-associa-se-ao-mes-da-sensibilizacao-para-os-cancros-do-sangue\/saude\/19\/12\/","name":"Loul\u00e9 associa-se ao m\u00eas da sensibiliza\u00e7\u00e3o para os cancros do sangue - Algarve 7","isPartOf":{"@id":"https:\/\/algarve7.pt\/#website"},"primaryImageOfPage":{"@id":"https:\/\/algarve7.pt\/index.php\/2026\/09\/loule-associa-se-ao-mes-da-sensibilizacao-para-os-cancros-do-sangue\/saude\/19\/12\/#primaryimage"},"image":{"@id":"https:\/\/algarve7.pt\/index.php\/2026\/09\/loule-associa-se-ao-mes-da-sensibilizacao-para-os-cancros-do-sangue\/saude\/19\/12\/#primaryimage"},"thumbnailUrl":"https:\/\/algarve7.pt\/wp-content\/uploads\/2026\/09\/1200x630-Se-eu-mandasse-APCL2026-Facebook-feed-landscape.png","datePublished":"2026-09-02T18:12:34+00:00","dateModified":"2026-09-02T18:12:39+00:00","description":"Loul\u00e9 associa-se ao m\u00eas da sensibiliza\u00e7\u00e3o para os cancros do sangue Sa\u00fade","breadcrumb":{"@id":"https:\/\/algarve7.pt\/index.php\/2026\/09\/loule-associa-se-ao-mes-da-sensibilizacao-para-os-cancros-do-sangue\/saude\/19\/12\/#breadcrumb"},"inLanguage":"pt-PT","potentialAction":[{"@type":"ReadAction","target":["https:\/\/algarve7.pt\/index.php\/2026\/09\/loule-associa-se-ao-mes-da-sensibilizacao-para-os-cancros-do-sangue\/saude\/19\/12\/"]}]},{"@type":"ImageObject","inLanguage":"pt-PT","@id":"https:\/\/algarve7.pt\/index.php\/2026\/09\/loule-associa-se-ao-mes-da-sensibilizacao-para-os-cancros-do-sangue\/saude\/19\/12\/#primaryimage","url":"https:\/\/algarve7.pt\/wp-content\/uploads\/2026\/09\/1200x630-Se-eu-mandasse-APCL2026-Facebook-feed-landscape.png","contentUrl":"https:\/\/algarve7.pt\/wp-content\/uploads\/2026\/09\/1200x630-Se-eu-mandasse-APCL2026-Facebook-feed-landscape.png","width":1024,"height":538},{"@type":"BreadcrumbList","@id":"https:\/\/algarve7.pt\/index.php\/2026\/09\/loule-associa-se-ao-mes-da-sensibilizacao-para-os-cancros-do-sangue\/saude\/19\/12\/#breadcrumb","itemListElement":[{"@type":"ListItem","position":1,"name":"In\u00edcio","item":"https:\/\/algarve7.pt\/"},{"@type":"ListItem","position":2,"name":"Loul\u00e9 associa-se ao m\u00eas da sensibiliza\u00e7\u00e3o para os cancros do sangue"}]},{"@type":"WebSite","@id":"https:\/\/algarve7.pt\/#website","url":"https:\/\/algarve7.pt\/","name":"Algarve 7","description":"Informa\u00e7\u00e3o sobre o Algarve","publisher":{"@id":"https:\/\/algarve7.pt\/#organization"},"potentialAction":[{"@type":"SearchAction","target":{"@type":"EntryPoint","urlTemplate":"https:\/\/algarve7.pt\/?s={search_term_string}"},"query-input":{"@type":"PropertyValueSpecification","valueRequired":true,"valueName":"search_term_string"}}],"inLanguage":"pt-PT"},{"@type":"Organization","@id":"https:\/\/algarve7.pt\/#organization","name":"Algarve 7","url":"https:\/\/algarve7.pt\/","logo":{"@type":"ImageObject","inLanguage":"pt-PT","@id":"https:\/\/algarve7.pt\/#\/schema\/logo\/image\/","url":"https:\/\/algarve7.pt\/wp-content\/uploads\/2020\/10\/Logo-8.jpg","contentUrl":"https:\/\/algarve7.pt\/wp-content\/uploads\/2020\/10\/Logo-8.jpg","width":1680,"height":1186,"caption":"Algarve 7"},"image":{"@id":"https:\/\/algarve7.pt\/#\/schema\/logo\/image\/"},"sameAs":["https:\/\/www.facebook.com\/algarve7","https:\/\/x.com\/Algarvesete","https:\/\/www.instagram.com\/jornalalgarve7\/","https:\/\/www.linkedin.com\/company\/algarve7","https:\/\/www.pinterest.pt\/geral0939\/_created\/"]},{"@type":"Person","@id":"https:\/\/algarve7.pt\/#\/schema\/person\/23fa70681308e7b319a3204bcea45e0c","name":"Algarve 7","sameAs":["https:\/\/algarve7.pt","https:\/\/www.facebook.com\/algarve7"],"url":"https:\/\/algarve7.pt\/index.php\/author\/geralalgarve7-pt\/"}]}},"jetpack_publicize_connections":[],"jetpack_shortlink":"https:\/\/wp.me\/pcezmW-hcg","jetpack_sharing_enabled":true,"jetpack_featured_media_url":"https:\/\/algarve7.pt\/wp-content\/uploads\/2026\/09\/1200x630-Se-eu-mandasse-APCL2026-Facebook-feed-landscape.png","_links":{"self":[{"href":"https:\/\/algarve7.pt\/index.php\/wp-json\/wp\/v2\/posts\/66108","targetHints":{"allow":["GET"]}}],"collection":[{"href":"https:\/\/algarve7.pt\/index.php\/wp-json\/wp\/v2\/posts"}],"about":[{"href":"https:\/\/algarve7.pt\/index.php\/wp-json\/wp\/v2\/types\/post"}],"author":[{"embeddable":true,"href":"https:\/\/algarve7.pt\/index.php\/wp-json\/wp\/v2\/users\/1"}],"replies":[{"embeddable":true,"href":"https:\/\/algarve7.pt\/index.php\/wp-json\/wp\/v2\/comments?post=66108"}],"version-history":[{"count":1,"href":"https:\/\/algarve7.pt\/index.php\/wp-json\/wp\/v2\/posts\/66108\/revisions"}],"predecessor-version":[{"id":66110,"href":"https:\/\/algarve7.pt\/index.php\/wp-json\/wp\/v2\/posts\/66108\/revisions\/66110"}],"wp:featuredmedia":[{"embeddable":true,"href":"https:\/\/algarve7.pt\/index.php\/wp-json\/wp\/v2\/media\/66109"}],"wp:attachment":[{"href":"https:\/\/algarve7.pt\/index.php\/wp-json\/wp\/v2\/media?parent=66108"}],"wp:term":[{"taxonomy":"category","embeddable":true,"href":"https:\/\/algarve7.pt\/index.php\/wp-json\/wp\/v2\/categories?post=66108"},{"taxonomy":"post_tag","embeddable":true,"href":"https:\/\/algarve7.pt\/index.php\/wp-json\/wp\/v2\/tags?post=66108"}],"curies":[{"name":"wp","href":"https:\/\/api.w.org\/{rel}","templated":true}]}}