{"id":66105,"date":"2026-09-04T08:07:00","date_gmt":"2026-09-04T07:07:00","guid":{"rendered":"https:\/\/algarve7.pt\/?p=66105"},"modified":"2026-09-02T19:09:29","modified_gmt":"2026-09-02T18:09:29","slug":"milhares-de-pessoas-celebram-noites-de-verao-na-mostra-de-cinema-de-tavira","status":"publish","type":"post","link":"https:\/\/algarve7.pt\/index.php\/2026\/09\/milhares-de-pessoas-celebram-noites-de-verao-na-mostra-de-cinema-de-tavira\/cultura\/08\/07\/","title":{"rendered":"Milhares de pessoas celebram noites de ver\u00e3o na Mostra de Cinema de Tavira"},"content":{"rendered":"\n<p class=\"wp-block-paragraph\">Passaram pelas vinte e duas sess\u00f5es cerca de 3500 amantes da s\u00e9tima arte.<\/p>\n\n\n\n<p class=\"wp-block-paragraph\">Filmes de v\u00e1rios cantos do mundo voltaram a merecer a aten\u00e7\u00e3o do p\u00fablico na 26\u00aa Mostra de Cinema ao Ar Livre de Tavira. O evento, que decorreu nos Claustros do Convento do Carmo, marcou a agenda cultural de 16 a 26 de julho e de 6 a 16 de agosto, numa organiza\u00e7\u00e3o do Cineclube de Tavira.<\/p>\n\n\n\n<p class=\"wp-block-paragraph\">Sob o mote&nbsp;\u201cm\u00fasica, amor e desejo de transforma\u00e7\u00e3o\u201d, a edi\u00e7\u00e3o deste ano contou com a apresenta\u00e7\u00e3o de 22 longas-metragens e de uma curta com a assinatura da realizadora tavirense In\u00eas Nunes. A noite de exibi\u00e7\u00e3o de<strong>&nbsp;A Solid\u00e3o dos Lagartos<\/strong>&nbsp;foi, por sinal, uma das mais belas da Mostra, com o p\u00fablico a poder conversar com a realizadora e conhecer pessoalmente os protagonistas do filme, todos eles atores n\u00e3o profissionais que trabalham e vivem na regi\u00e3o do Algarve.<\/p>\n\n\n\n<p class=\"wp-block-paragraph\">Julho foi o m\u00eas mais forte, no que respeita \u00e0 aflu\u00eancia do p\u00fablico. O filme de abertura&nbsp;<strong>One to One: John &amp; Yoko&nbsp;<\/strong>teve lota\u00e7\u00e3o esgotada e as sess\u00f5es de&nbsp;<strong>Um Poeta<\/strong>,&nbsp;<strong>Agente Secreto<\/strong>,&nbsp;<strong>Arco<\/strong>,&nbsp;<strong>Dj Ahmet<\/strong>&nbsp;e&nbsp;<strong>Foi S\u00f3 um Acidente<\/strong>&nbsp;juntaram cerca de duas centenas de pessoas em cada noite.<\/p>\n\n\n\n<p class=\"wp-block-paragraph\">J\u00e1 em agosto, destaque para a sess\u00e3o de reabertura da Mostra, com&nbsp;<strong>O Olhar Misterioso do Flamingo<\/strong>&nbsp;a encher praticamente o recinto.<strong>&nbsp;<\/strong>Por sua vez, o filme&nbsp;<strong>Valor Sentimental<\/strong>&nbsp;levou a organiza\u00e7\u00e3o a ter de improvisar mais uns lugares na plateia.<\/p>\n\n\n\n<p class=\"wp-block-paragraph\">\u201cEstamos muito felizes com o resultado da Mostra. Mais uma vez sentimos que o nosso empenho vale a pena. O p\u00fablico mostra-nos isso. H\u00e1 pessoas que n\u00e3o falham uma \u00fanica edi\u00e7\u00e3o. E para al\u00e9m disso, todos os anos vemos caras novas, que escolhem passar connosco as suas noites de ver\u00e3o, a ver cinema e a partilhar hist\u00f3rias e mem\u00f3rias\u201d, diz Candela Varas, programadora da iniciativa.<\/p>\n\n\n\n<p class=\"wp-block-paragraph\">Uma das caracter\u00edsticas mais marcantes da Mostra \u00e9 a realiza\u00e7\u00e3o de conversas com realizadores e realizadoras. Desta vez, para al\u00e9m de In\u00eas Nunes, estiveram presentes Catarina Alves Costa, que falou do seu document\u00e1rio&nbsp;<strong>Orlando Pantera<\/strong>, e Pedro Pinho, que esteve na apresenta\u00e7\u00e3o do seu filme&nbsp;<strong>O Riso e a Faca<\/strong>, obra escolhida para a sess\u00e3o&nbsp;<\/p>\n\n\n\n<p class=\"wp-block-paragraph\">de encerramento da 26\u00aa edi\u00e7\u00e3o. Ali\u00e1s, nessa noite o entusiasmo do p\u00fablico foi tanto que a porta dos Claustros do Convento s\u00f3 se fechou \u00e0s tr\u00eas da manh\u00e3.<\/p>\n\n\n\n<p class=\"wp-block-paragraph\">Ainda a prop\u00f3sito de&nbsp;<strong>Orlando Pantera<\/strong>, este foi o filme que arrecadou a maior pontua\u00e7\u00e3o na vota\u00e7\u00e3o feita pelo p\u00fablico. A hist\u00f3ria sobre a vida e obra do m\u00fasico e compositor cabo-verdiano obteve 9,40 pontos, numa escala de um a dez. O segundo filme com maior pontua\u00e7\u00e3o foi&nbsp;<strong>A Pequena Am\u00e9lie<\/strong>, uma longa-metragem de anima\u00e7\u00e3o com inspira\u00e7\u00e3o no livro autobiogr\u00e1fico da escritora Am\u00e9lie Nothomb.<\/p>\n\n\n\n<p class=\"wp-block-paragraph\">\u201cOutro aspeto que gostaria de real\u00e7ar \u00e9 o trabalho dos volunt\u00e1rios e volunt\u00e1rias. Foram excecionais e tivemos grandes conversas sobre os filmes! \u00c9 muito bonito ver que h\u00e1 jovens que v\u00eam aqui fazer voluntariado e que mais tarde decidem estudar cinema. Temos alguns casos desses e isso enche-nos de alegria. Sabemos que um dia poder\u00e3o voltar \u00e0 Mostra para nos apresentar um filme seu\u201d, acrescenta a programadora.&nbsp;<\/p>\n\n\n\n<p class=\"wp-block-paragraph\">Na edi\u00e7\u00e3o de 2026, o Bar da Mostra tamb\u00e9m abriu com novidades. A chef H\u00e9l\u00e8ne Yassenesky apostou em ementas frescas e deliciosas, nas quais os pratos tem\u00e1ticos e as sobremesas variadas e saud\u00e1veis foram um forte atrativo.&nbsp;<\/p>\n\n\n\n<p class=\"wp-block-paragraph\">\u201cTodos os anos fazemos pequenas altera\u00e7\u00f5es para que tudo funcione melhor. Agora \u00e9 tempo de fazer o balan\u00e7o e de come\u00e7ar a pensar no pr\u00f3ximo ano. O entusiasmo, como sempre, \u00e9 grande e o agradecimento a todas e a todos \u00e9 ainda maior!\u201d, sublinha Candela Varas.<\/p>\n\n\n\n<p class=\"wp-block-paragraph\">A organiza\u00e7\u00e3o da Mostra de Cinema ao Ar Livre envolve dezenas de volunt\u00e1rios, parceiros e institui\u00e7\u00f5es p\u00fablicas e privadas. Para levar a cabo a iniciativa, o Cineclube de Tavira conta com o apoio da C\u00e2mara Municipal de Tavira, do ICA \u2013 Instituto do Cinema e do Audiovisual, da Europa Cinemas e da Unidade de Cultura da CCDR Algarve. De salientar ainda o apoio do tecido empresarial local, que faz quest\u00e3o de patrocinar a iniciativa e estabelecer parcerias fortes com o Cineclube.&nbsp;<\/p>\n","protected":false},"excerpt":{"rendered":"<p>Passaram pelas vinte e duas sess\u00f5es cerca de 3500 amantes da s\u00e9tima arte. Filmes de v\u00e1rios cantos do mundo voltaram<\/p>\n","protected":false},"author":1,"featured_media":66106,"comment_status":"closed","ping_status":"closed","sticky":false,"template":"","format":"standard","meta":{"colormag_page_container_layout":"default_layout","colormag_page_sidebar_layout":"default_layout","_monsterinsights_skip_tracking":false,"_jetpack_newsletter_access":"","_jetpack_dont_email_post_to_subs":false,"_jetpack_newsletter_tier_id":0,"_jetpack_memberships_contains_paywalled_content":false,"_jetpack_feature_clip_id":0,"_jetpack_memberships_contains_paid_content":false,"footnotes":"","jetpack_publicize_message":"","jetpack_publicize_feature_enabled":true,"jetpack_social_post_already_shared":true,"jetpack_social_options":{"image_generator_settings":{"template":"highway","default_image_id":0,"font":"","enabled":false},"version":2},"jetpack_post_was_ever_published":false},"categories":[14],"tags":[36,35,54],"class_list":["post-66105","post","type-post","status-publish","format-standard","has-post-thumbnail","hentry","category-cultura","tag-algarve","tag-cultura","tag-tavira"],"yoast_head":"<!-- This site is optimized with the Yoast SEO plugin v28.4 - https:\/\/yoast.com\/product\/yoast-seo-wordpress\/ -->\n<title>Milhares de pessoas celebram noites de ver\u00e3o na Mostra de Cinema de Tavira - Algarve 7<\/title>\n<meta name=\"description\" content=\"Milhares de pessoas celebram noites de ver\u00e3o na Mostra de Cinema de Tavira Cultura\" \/>\n<meta name=\"robots\" content=\"index, follow, max-snippet:-1, max-image-preview:large, max-video-preview:-1\" \/>\n<link rel=\"canonical\" href=\"https:\/\/algarve7.pt\/index.php\/2026\/09\/milhares-de-pessoas-celebram-noites-de-verao-na-mostra-de-cinema-de-tavira\/cultura\/08\/07\/\" \/>\n<meta property=\"og:locale\" content=\"pt_PT\" \/>\n<meta property=\"og:type\" content=\"article\" \/>\n<meta property=\"og:title\" content=\"Milhares de pessoas celebram noites de ver\u00e3o na Mostra de Cinema de Tavira - Algarve 7\" \/>\n<meta property=\"og:description\" content=\"Milhares de pessoas celebram noites de ver\u00e3o na Mostra de Cinema de Tavira Cultura\" \/>\n<meta property=\"og:url\" content=\"https:\/\/algarve7.pt\/index.php\/2026\/09\/milhares-de-pessoas-celebram-noites-de-verao-na-mostra-de-cinema-de-tavira\/cultura\/08\/07\/\" \/>\n<meta property=\"og:site_name\" content=\"Algarve 7\" \/>\n<meta property=\"article:publisher\" content=\"https:\/\/www.facebook.com\/algarve7\" \/>\n<meta property=\"article:author\" content=\"https:\/\/www.facebook.com\/algarve7\" \/>\n<meta property=\"article:published_time\" content=\"2026-09-04T07:07:00+00:00\" \/>\n<meta property=\"og:image\" content=\"https:\/\/algarve7.pt\/wp-content\/uploads\/2026\/09\/1000521845.jpg\" \/>\n\t<meta property=\"og:image:width\" content=\"929\" \/>\n\t<meta property=\"og:image:height\" content=\"650\" \/>\n\t<meta property=\"og:image:type\" content=\"image\/jpeg\" \/>\n<meta name=\"author\" content=\"Algarve 7\" \/>\n<meta name=\"twitter:card\" content=\"summary_large_image\" \/>\n<meta name=\"twitter:creator\" content=\"@Algarvesete\" \/>\n<meta name=\"twitter:site\" content=\"@Algarvesete\" \/>\n<meta name=\"twitter:label1\" content=\"Escrito por\" \/>\n\t<meta name=\"twitter:data1\" content=\"Algarve 7\" \/>\n\t<meta name=\"twitter:label2\" content=\"Tempo estimado de leitura\" \/>\n\t<meta name=\"twitter:data2\" content=\"4 minutos\" \/>\n<script type=\"application\/ld+json\" class=\"yoast-schema-graph\">{\"@context\":\"https:\\\/\\\/schema.org\",\"@graph\":[{\"@type\":\"Article\",\"@id\":\"https:\\\/\\\/algarve7.pt\\\/index.php\\\/2026\\\/09\\\/milhares-de-pessoas-celebram-noites-de-verao-na-mostra-de-cinema-de-tavira\\\/cultura\\\/08\\\/07\\\/#article\",\"isPartOf\":{\"@id\":\"https:\\\/\\\/algarve7.pt\\\/index.php\\\/2026\\\/09\\\/milhares-de-pessoas-celebram-noites-de-verao-na-mostra-de-cinema-de-tavira\\\/cultura\\\/08\\\/07\\\/\"},\"author\":{\"name\":\"Algarve 7\",\"@id\":\"https:\\\/\\\/algarve7.pt\\\/#\\\/schema\\\/person\\\/23fa70681308e7b319a3204bcea45e0c\"},\"headline\":\"Milhares de pessoas celebram noites de ver\u00e3o na Mostra de Cinema de Tavira\",\"datePublished\":\"2026-09-04T07:07:00+00:00\",\"mainEntityOfPage\":{\"@id\":\"https:\\\/\\\/algarve7.pt\\\/index.php\\\/2026\\\/09\\\/milhares-de-pessoas-celebram-noites-de-verao-na-mostra-de-cinema-de-tavira\\\/cultura\\\/08\\\/07\\\/\"},\"wordCount\":778,\"publisher\":{\"@id\":\"https:\\\/\\\/algarve7.pt\\\/#organization\"},\"image\":{\"@id\":\"https:\\\/\\\/algarve7.pt\\\/index.php\\\/2026\\\/09\\\/milhares-de-pessoas-celebram-noites-de-verao-na-mostra-de-cinema-de-tavira\\\/cultura\\\/08\\\/07\\\/#primaryimage\"},\"thumbnailUrl\":\"https:\\\/\\\/algarve7.pt\\\/wp-content\\\/uploads\\\/2026\\\/09\\\/1000521845.jpg\",\"keywords\":[\"Algarve\",\"Cultura\",\"Tavira\"],\"articleSection\":[\"Cultura\"],\"inLanguage\":\"pt-PT\"},{\"@type\":\"WebPage\",\"@id\":\"https:\\\/\\\/algarve7.pt\\\/index.php\\\/2026\\\/09\\\/milhares-de-pessoas-celebram-noites-de-verao-na-mostra-de-cinema-de-tavira\\\/cultura\\\/08\\\/07\\\/\",\"url\":\"https:\\\/\\\/algarve7.pt\\\/index.php\\\/2026\\\/09\\\/milhares-de-pessoas-celebram-noites-de-verao-na-mostra-de-cinema-de-tavira\\\/cultura\\\/08\\\/07\\\/\",\"name\":\"Milhares de pessoas celebram noites de ver\u00e3o na Mostra de Cinema de Tavira - Algarve 7\",\"isPartOf\":{\"@id\":\"https:\\\/\\\/algarve7.pt\\\/#website\"},\"primaryImageOfPage\":{\"@id\":\"https:\\\/\\\/algarve7.pt\\\/index.php\\\/2026\\\/09\\\/milhares-de-pessoas-celebram-noites-de-verao-na-mostra-de-cinema-de-tavira\\\/cultura\\\/08\\\/07\\\/#primaryimage\"},\"image\":{\"@id\":\"https:\\\/\\\/algarve7.pt\\\/index.php\\\/2026\\\/09\\\/milhares-de-pessoas-celebram-noites-de-verao-na-mostra-de-cinema-de-tavira\\\/cultura\\\/08\\\/07\\\/#primaryimage\"},\"thumbnailUrl\":\"https:\\\/\\\/algarve7.pt\\\/wp-content\\\/uploads\\\/2026\\\/09\\\/1000521845.jpg\",\"datePublished\":\"2026-09-04T07:07:00+00:00\",\"description\":\"Milhares de pessoas celebram noites de ver\u00e3o na Mostra de Cinema de Tavira Cultura\",\"breadcrumb\":{\"@id\":\"https:\\\/\\\/algarve7.pt\\\/index.php\\\/2026\\\/09\\\/milhares-de-pessoas-celebram-noites-de-verao-na-mostra-de-cinema-de-tavira\\\/cultura\\\/08\\\/07\\\/#breadcrumb\"},\"inLanguage\":\"pt-PT\",\"potentialAction\":[{\"@type\":\"ReadAction\",\"target\":[\"https:\\\/\\\/algarve7.pt\\\/index.php\\\/2026\\\/09\\\/milhares-de-pessoas-celebram-noites-de-verao-na-mostra-de-cinema-de-tavira\\\/cultura\\\/08\\\/07\\\/\"]}]},{\"@type\":\"ImageObject\",\"inLanguage\":\"pt-PT\",\"@id\":\"https:\\\/\\\/algarve7.pt\\\/index.php\\\/2026\\\/09\\\/milhares-de-pessoas-celebram-noites-de-verao-na-mostra-de-cinema-de-tavira\\\/cultura\\\/08\\\/07\\\/#primaryimage\",\"url\":\"https:\\\/\\\/algarve7.pt\\\/wp-content\\\/uploads\\\/2026\\\/09\\\/1000521845.jpg\",\"contentUrl\":\"https:\\\/\\\/algarve7.pt\\\/wp-content\\\/uploads\\\/2026\\\/09\\\/1000521845.jpg\",\"width\":929,\"height\":650},{\"@type\":\"BreadcrumbList\",\"@id\":\"https:\\\/\\\/algarve7.pt\\\/index.php\\\/2026\\\/09\\\/milhares-de-pessoas-celebram-noites-de-verao-na-mostra-de-cinema-de-tavira\\\/cultura\\\/08\\\/07\\\/#breadcrumb\",\"itemListElement\":[{\"@type\":\"ListItem\",\"position\":1,\"name\":\"In\u00edcio\",\"item\":\"https:\\\/\\\/algarve7.pt\\\/\"},{\"@type\":\"ListItem\",\"position\":2,\"name\":\"Milhares de pessoas celebram noites de ver\u00e3o na Mostra de Cinema de Tavira\"}]},{\"@type\":\"WebSite\",\"@id\":\"https:\\\/\\\/algarve7.pt\\\/#website\",\"url\":\"https:\\\/\\\/algarve7.pt\\\/\",\"name\":\"Algarve 7\",\"description\":\"Informa\u00e7\u00e3o sobre o Algarve\",\"publisher\":{\"@id\":\"https:\\\/\\\/algarve7.pt\\\/#organization\"},\"potentialAction\":[{\"@type\":\"SearchAction\",\"target\":{\"@type\":\"EntryPoint\",\"urlTemplate\":\"https:\\\/\\\/algarve7.pt\\\/?s={search_term_string}\"},\"query-input\":{\"@type\":\"PropertyValueSpecification\",\"valueRequired\":true,\"valueName\":\"search_term_string\"}}],\"inLanguage\":\"pt-PT\"},{\"@type\":\"Organization\",\"@id\":\"https:\\\/\\\/algarve7.pt\\\/#organization\",\"name\":\"Algarve 7\",\"url\":\"https:\\\/\\\/algarve7.pt\\\/\",\"logo\":{\"@type\":\"ImageObject\",\"inLanguage\":\"pt-PT\",\"@id\":\"https:\\\/\\\/algarve7.pt\\\/#\\\/schema\\\/logo\\\/image\\\/\",\"url\":\"https:\\\/\\\/algarve7.pt\\\/wp-content\\\/uploads\\\/2020\\\/10\\\/Logo-8.jpg\",\"contentUrl\":\"https:\\\/\\\/algarve7.pt\\\/wp-content\\\/uploads\\\/2020\\\/10\\\/Logo-8.jpg\",\"width\":1680,\"height\":1186,\"caption\":\"Algarve 7\"},\"image\":{\"@id\":\"https:\\\/\\\/algarve7.pt\\\/#\\\/schema\\\/logo\\\/image\\\/\"},\"sameAs\":[\"https:\\\/\\\/www.facebook.com\\\/algarve7\",\"https:\\\/\\\/x.com\\\/Algarvesete\",\"https:\\\/\\\/www.instagram.com\\\/jornalalgarve7\\\/\",\"https:\\\/\\\/www.linkedin.com\\\/company\\\/algarve7\",\"https:\\\/\\\/www.pinterest.pt\\\/geral0939\\\/_created\\\/\"]},{\"@type\":\"Person\",\"@id\":\"https:\\\/\\\/algarve7.pt\\\/#\\\/schema\\\/person\\\/23fa70681308e7b319a3204bcea45e0c\",\"name\":\"Algarve 7\",\"sameAs\":[\"https:\\\/\\\/algarve7.pt\",\"https:\\\/\\\/www.facebook.com\\\/algarve7\"],\"url\":\"https:\\\/\\\/algarve7.pt\\\/index.php\\\/author\\\/geralalgarve7-pt\\\/\"}]}<\/script>\n<!-- \/ Yoast SEO plugin. -->","yoast_head_json":{"title":"Milhares de pessoas celebram noites de ver\u00e3o na Mostra de Cinema de Tavira - Algarve 7","description":"Milhares de pessoas celebram noites de ver\u00e3o na Mostra de Cinema de Tavira Cultura","robots":{"index":"index","follow":"follow","max-snippet":"max-snippet:-1","max-image-preview":"max-image-preview:large","max-video-preview":"max-video-preview:-1"},"canonical":"https:\/\/algarve7.pt\/index.php\/2026\/09\/milhares-de-pessoas-celebram-noites-de-verao-na-mostra-de-cinema-de-tavira\/cultura\/08\/07\/","og_locale":"pt_PT","og_type":"article","og_title":"Milhares de pessoas celebram noites de ver\u00e3o na Mostra de Cinema de Tavira - Algarve 7","og_description":"Milhares de pessoas celebram noites de ver\u00e3o na Mostra de Cinema de Tavira Cultura","og_url":"https:\/\/algarve7.pt\/index.php\/2026\/09\/milhares-de-pessoas-celebram-noites-de-verao-na-mostra-de-cinema-de-tavira\/cultura\/08\/07\/","og_site_name":"Algarve 7","article_publisher":"https:\/\/www.facebook.com\/algarve7","article_author":"https:\/\/www.facebook.com\/algarve7","article_published_time":"2026-09-04T07:07:00+00:00","og_image":[{"width":929,"height":650,"url":"https:\/\/algarve7.pt\/wp-content\/uploads\/2026\/09\/1000521845.jpg","type":"image\/jpeg"}],"author":"Algarve 7","twitter_card":"summary_large_image","twitter_creator":"@Algarvesete","twitter_site":"@Algarvesete","twitter_misc":{"Escrito por":"Algarve 7","Tempo estimado de leitura":"4 minutos"},"schema":{"@context":"https:\/\/schema.org","@graph":[{"@type":"Article","@id":"https:\/\/algarve7.pt\/index.php\/2026\/09\/milhares-de-pessoas-celebram-noites-de-verao-na-mostra-de-cinema-de-tavira\/cultura\/08\/07\/#article","isPartOf":{"@id":"https:\/\/algarve7.pt\/index.php\/2026\/09\/milhares-de-pessoas-celebram-noites-de-verao-na-mostra-de-cinema-de-tavira\/cultura\/08\/07\/"},"author":{"name":"Algarve 7","@id":"https:\/\/algarve7.pt\/#\/schema\/person\/23fa70681308e7b319a3204bcea45e0c"},"headline":"Milhares de pessoas celebram noites de ver\u00e3o na Mostra de Cinema de Tavira","datePublished":"2026-09-04T07:07:00+00:00","mainEntityOfPage":{"@id":"https:\/\/algarve7.pt\/index.php\/2026\/09\/milhares-de-pessoas-celebram-noites-de-verao-na-mostra-de-cinema-de-tavira\/cultura\/08\/07\/"},"wordCount":778,"publisher":{"@id":"https:\/\/algarve7.pt\/#organization"},"image":{"@id":"https:\/\/algarve7.pt\/index.php\/2026\/09\/milhares-de-pessoas-celebram-noites-de-verao-na-mostra-de-cinema-de-tavira\/cultura\/08\/07\/#primaryimage"},"thumbnailUrl":"https:\/\/algarve7.pt\/wp-content\/uploads\/2026\/09\/1000521845.jpg","keywords":["Algarve","Cultura","Tavira"],"articleSection":["Cultura"],"inLanguage":"pt-PT"},{"@type":"WebPage","@id":"https:\/\/algarve7.pt\/index.php\/2026\/09\/milhares-de-pessoas-celebram-noites-de-verao-na-mostra-de-cinema-de-tavira\/cultura\/08\/07\/","url":"https:\/\/algarve7.pt\/index.php\/2026\/09\/milhares-de-pessoas-celebram-noites-de-verao-na-mostra-de-cinema-de-tavira\/cultura\/08\/07\/","name":"Milhares de pessoas celebram noites de ver\u00e3o na Mostra de Cinema de Tavira - Algarve 7","isPartOf":{"@id":"https:\/\/algarve7.pt\/#website"},"primaryImageOfPage":{"@id":"https:\/\/algarve7.pt\/index.php\/2026\/09\/milhares-de-pessoas-celebram-noites-de-verao-na-mostra-de-cinema-de-tavira\/cultura\/08\/07\/#primaryimage"},"image":{"@id":"https:\/\/algarve7.pt\/index.php\/2026\/09\/milhares-de-pessoas-celebram-noites-de-verao-na-mostra-de-cinema-de-tavira\/cultura\/08\/07\/#primaryimage"},"thumbnailUrl":"https:\/\/algarve7.pt\/wp-content\/uploads\/2026\/09\/1000521845.jpg","datePublished":"2026-09-04T07:07:00+00:00","description":"Milhares de pessoas celebram noites de ver\u00e3o na Mostra de Cinema de Tavira Cultura","breadcrumb":{"@id":"https:\/\/algarve7.pt\/index.php\/2026\/09\/milhares-de-pessoas-celebram-noites-de-verao-na-mostra-de-cinema-de-tavira\/cultura\/08\/07\/#breadcrumb"},"inLanguage":"pt-PT","potentialAction":[{"@type":"ReadAction","target":["https:\/\/algarve7.pt\/index.php\/2026\/09\/milhares-de-pessoas-celebram-noites-de-verao-na-mostra-de-cinema-de-tavira\/cultura\/08\/07\/"]}]},{"@type":"ImageObject","inLanguage":"pt-PT","@id":"https:\/\/algarve7.pt\/index.php\/2026\/09\/milhares-de-pessoas-celebram-noites-de-verao-na-mostra-de-cinema-de-tavira\/cultura\/08\/07\/#primaryimage","url":"https:\/\/algarve7.pt\/wp-content\/uploads\/2026\/09\/1000521845.jpg","contentUrl":"https:\/\/algarve7.pt\/wp-content\/uploads\/2026\/09\/1000521845.jpg","width":929,"height":650},{"@type":"BreadcrumbList","@id":"https:\/\/algarve7.pt\/index.php\/2026\/09\/milhares-de-pessoas-celebram-noites-de-verao-na-mostra-de-cinema-de-tavira\/cultura\/08\/07\/#breadcrumb","itemListElement":[{"@type":"ListItem","position":1,"name":"In\u00edcio","item":"https:\/\/algarve7.pt\/"},{"@type":"ListItem","position":2,"name":"Milhares de pessoas celebram noites de ver\u00e3o na Mostra de Cinema de Tavira"}]},{"@type":"WebSite","@id":"https:\/\/algarve7.pt\/#website","url":"https:\/\/algarve7.pt\/","name":"Algarve 7","description":"Informa\u00e7\u00e3o sobre o Algarve","publisher":{"@id":"https:\/\/algarve7.pt\/#organization"},"potentialAction":[{"@type":"SearchAction","target":{"@type":"EntryPoint","urlTemplate":"https:\/\/algarve7.pt\/?s={search_term_string}"},"query-input":{"@type":"PropertyValueSpecification","valueRequired":true,"valueName":"search_term_string"}}],"inLanguage":"pt-PT"},{"@type":"Organization","@id":"https:\/\/algarve7.pt\/#organization","name":"Algarve 7","url":"https:\/\/algarve7.pt\/","logo":{"@type":"ImageObject","inLanguage":"pt-PT","@id":"https:\/\/algarve7.pt\/#\/schema\/logo\/image\/","url":"https:\/\/algarve7.pt\/wp-content\/uploads\/2020\/10\/Logo-8.jpg","contentUrl":"https:\/\/algarve7.pt\/wp-content\/uploads\/2020\/10\/Logo-8.jpg","width":1680,"height":1186,"caption":"Algarve 7"},"image":{"@id":"https:\/\/algarve7.pt\/#\/schema\/logo\/image\/"},"sameAs":["https:\/\/www.facebook.com\/algarve7","https:\/\/x.com\/Algarvesete","https:\/\/www.instagram.com\/jornalalgarve7\/","https:\/\/www.linkedin.com\/company\/algarve7","https:\/\/www.pinterest.pt\/geral0939\/_created\/"]},{"@type":"Person","@id":"https:\/\/algarve7.pt\/#\/schema\/person\/23fa70681308e7b319a3204bcea45e0c","name":"Algarve 7","sameAs":["https:\/\/algarve7.pt","https:\/\/www.facebook.com\/algarve7"],"url":"https:\/\/algarve7.pt\/index.php\/author\/geralalgarve7-pt\/"}]}},"jetpack_publicize_connections":[],"jetpack_shortlink":"https:\/\/wp.me\/pcezmW-hcd","jetpack_sharing_enabled":true,"jetpack_featured_media_url":"https:\/\/algarve7.pt\/wp-content\/uploads\/2026\/09\/1000521845.jpg","_links":{"self":[{"href":"https:\/\/algarve7.pt\/index.php\/wp-json\/wp\/v2\/posts\/66105","targetHints":{"allow":["GET"]}}],"collection":[{"href":"https:\/\/algarve7.pt\/index.php\/wp-json\/wp\/v2\/posts"}],"about":[{"href":"https:\/\/algarve7.pt\/index.php\/wp-json\/wp\/v2\/types\/post"}],"author":[{"embeddable":true,"href":"https:\/\/algarve7.pt\/index.php\/wp-json\/wp\/v2\/users\/1"}],"replies":[{"embeddable":true,"href":"https:\/\/algarve7.pt\/index.php\/wp-json\/wp\/v2\/comments?post=66105"}],"version-history":[{"count":1,"href":"https:\/\/algarve7.pt\/index.php\/wp-json\/wp\/v2\/posts\/66105\/revisions"}],"predecessor-version":[{"id":66107,"href":"https:\/\/algarve7.pt\/index.php\/wp-json\/wp\/v2\/posts\/66105\/revisions\/66107"}],"wp:featuredmedia":[{"embeddable":true,"href":"https:\/\/algarve7.pt\/index.php\/wp-json\/wp\/v2\/media\/66106"}],"wp:attachment":[{"href":"https:\/\/algarve7.pt\/index.php\/wp-json\/wp\/v2\/media?parent=66105"}],"wp:term":[{"taxonomy":"category","embeddable":true,"href":"https:\/\/algarve7.pt\/index.php\/wp-json\/wp\/v2\/categories?post=66105"},{"taxonomy":"post_tag","embeddable":true,"href":"https:\/\/algarve7.pt\/index.php\/wp-json\/wp\/v2\/tags?post=66105"}],"curies":[{"name":"wp","href":"https:\/\/api.w.org\/{rel}","templated":true}]}}