{"id":66084,"date":"2026-09-04T07:10:00","date_gmt":"2026-09-04T06:10:00","guid":{"rendered":"https:\/\/algarve7.pt\/?p=66084"},"modified":"2026-09-02T10:27:40","modified_gmt":"2026-09-02T09:27:40","slug":"cervejas-premium-de-todo-o-mundo-sao-estrelas-da-primeira-edicao-do-portimao-world-beer-groove-na-fortaleza-de-santa-catarina","status":"publish","type":"post","link":"https:\/\/algarve7.pt\/index.php\/2026\/09\/cervejas-premium-de-todo-o-mundo-sao-estrelas-da-primeira-edicao-do-portimao-world-beer-groove-na-fortaleza-de-santa-catarina\/turismo\/07\/10\/","title":{"rendered":"Cervejas premium\u00a0de todo o mundo\u00a0s\u00e3o estrelas da primeira edi\u00e7\u00e3o do\u00a0Portim\u00e3o World Beer Groove\u00a0na Fortaleza de Santa Catarina"},"content":{"rendered":"\n<p class=\"wp-block-paragraph\">A Fortaleza de Santa Catarina, na Praia da Rocha, vai ser o cen\u00e1rio da primeira edi\u00e7\u00e3o do Portim\u00e3o World Beer Groove, que decorrer\u00e1 entre 18 e 20 de setembro&nbsp;para dar a conhecer algumas das melhores cervejas do mundo.<\/p>\n\n\n\n<p class=\"wp-block-paragraph\">O evento, que estreia em Portim\u00e3o&nbsp;um novo conceito de celebra\u00e7\u00e3o da cultura cervejeira global,&nbsp;vai&nbsp;oferecer&nbsp;a oportunidade de dar a conhecer aos visitantes uma sele\u00e7\u00e3o premium de 13 cervejas do mundo, acompanhada por um conjunto de propostas de street food gourmet e uma cuidada&nbsp;anima\u00e7\u00e3omusical.<\/p>\n\n\n\n<p class=\"wp-block-paragraph\">A sugest\u00e3o deixada aos visitantes do recinto \u00e9 para que entrem numa verdadeira viagem de sabores que come\u00e7ar\u00e1 com a ultra refrescante American Lager Coors&nbsp;(EUA), prosseguindo com a&nbsp;International Pale Lager&nbsp;de&nbsp;leveza mediterr\u00e2nica da Peroni (It\u00e1lia) e a Rice Lager&nbsp;de&nbsp;final seco da Asahi (Jap\u00e3o).<\/p>\n\n\n\n<p class=\"wp-block-paragraph\">Neste conjunto de cervejas do mundo, n\u00e3o faltar\u00e1 ainda o amargor equilibrado da German Pilsner Estrella Galicia (Espanha) e a tradi\u00e7\u00e3o checa da Premium Lager Budvar (Rep\u00fablica Checa), sendo ainda de assinalar a alta fermenta\u00e7\u00e3o que ganha destaque com a Paulaner (Alemanha), com o seu trigo frutado, a Blue Moon (EUA), com o seu toque c\u00edtrico de casca de laranja de estilo belga, a Brugse Zot (B\u00e9lgica), pela sua complexidade condimentada, e a Kopparberg (Su\u00e9cia), uma sidra frutada.<\/p>\n\n\n\n<p class=\"wp-block-paragraph\">Por sua vez, no segmento craft, os visitantes ter\u00e3o \u00e0 sua disposi\u00e7\u00e3o a BrewDog (Esc\u00f3cia), que exibe inova\u00e7\u00e3o arom\u00e1tica, a Coalition (Inglaterra), que se mostra um bom exemplo do corte artesanal contempor\u00e2neo, e a Nortada (Portugal) que se posiciona como a refer\u00eancia craft local.&nbsp;O encerramento desta viagem mundial de sabores&nbsp;caber\u00e1&nbsp;\u00e0 Guinness (Irlanda), uma Dry Stout escura cremosa.<\/p>\n\n\n\n<p class=\"wp-block-paragraph\">Com entrada gratuita, todas as cervejas v\u00e3o poder ser degustadas num copo de vidro oficial e personalizado do evento, dispon\u00edvel \u00e0 entrada do recinto.<\/p>\n\n\n\n<p class=\"wp-block-paragraph\">Ainda que o grande atrativo seja este conjunto de cervejas do mundo, o Portim\u00e3o&nbsp;World Beer Grooveapresenta ainda&nbsp;uma oferta gastron\u00f3mica gourmet de street food, que pode ser desfrutada&nbsp;num ambiente marcado por uma cuidada sele\u00e7\u00e3o musical.<\/p>\n\n\n\n<p class=\"wp-block-paragraph\">Este ser\u00e1 um conceito in\u00e9dito que tira partido de um dos locais mais emblem\u00e1ticos da cidade, dono de um p\u00f4r de sol \u00fanico, num cen\u00e1rio incompar\u00e1vel rodeado pelo mar e pelo rio Arade. Nesse momento do dia, durante o evento&nbsp;as&nbsp;batidas relaxantes de DJ sets, quer&nbsp;de Chillout e Deep House,&nbsp;ser\u00e3o outro dos atrativos para gerar um ambiente descontra\u00eddo. J\u00e1&nbsp;as noites,&nbsp;mais tarde,&nbsp;v\u00e3o&nbsp;ganhar energia ao som dos grandes cl\u00e1ssicos da Pop e do Rock que dominaram&nbsp;as tabelas entre&nbsp;as d\u00e9cadas&nbsp;de&nbsp;70&nbsp;e&nbsp;00.<\/p>\n\n\n\n<p class=\"wp-block-paragraph\">O&nbsp;recinto do evento&nbsp;estar\u00e1 aberto entre as 18h00 e as 00h00, no dia 18, as 12h00&nbsp;e as 00h00, a 19 de setembro, e das 12h00 \u00e0s 22h00, no domingo, 20 de setembro.<\/p>\n\n\n\n<p class=\"wp-block-paragraph\">O Portim\u00e3o World Beer Groove \u00e9 organizado em parceria pela C\u00e2mara Municipal&nbsp;de Portim\u00e3o e as promotoras Ib\u00e9rica Eventos &amp; Espet\u00e1culos e Hugo Casado.<\/p>\n","protected":false},"excerpt":{"rendered":"<p>A Fortaleza de Santa Catarina, na Praia da Rocha, vai ser o cen\u00e1rio da primeira edi\u00e7\u00e3o do Portim\u00e3o World Beer<\/p>\n","protected":false},"author":1,"featured_media":66085,"comment_status":"closed","ping_status":"closed","sticky":false,"template":"","format":"standard","meta":{"colormag_page_container_layout":"default_layout","colormag_page_sidebar_layout":"default_layout","_monsterinsights_skip_tracking":false,"_jetpack_newsletter_access":"","_jetpack_dont_email_post_to_subs":false,"_jetpack_newsletter_tier_id":0,"_jetpack_memberships_contains_paywalled_content":false,"_jetpack_feature_clip_id":0,"_jetpack_memberships_contains_paid_content":false,"footnotes":"","jetpack_publicize_message":"","jetpack_publicize_feature_enabled":true,"jetpack_social_post_already_shared":true,"jetpack_social_options":{"image_generator_settings":{"template":"highway","default_image_id":0,"font":"","enabled":false},"version":2},"jetpack_post_was_ever_published":false},"categories":[17],"tags":[36,72,45],"class_list":["post-66084","post","type-post","status-publish","format-standard","has-post-thumbnail","hentry","category-turismo","tag-algarve","tag-portimao","tag-turismo"],"yoast_head":"<!-- This site is optimized with the Yoast SEO plugin v28.4 - https:\/\/yoast.com\/product\/yoast-seo-wordpress\/ -->\n<title>Cervejas premium\u00a0de todo o mundo\u00a0s\u00e3o estrelas da primeira edi\u00e7\u00e3o do\u00a0Portim\u00e3o World Beer Groove\u00a0na Fortaleza de Santa Catarina - Algarve 7<\/title>\n<meta name=\"description\" content=\"Cervejas premium\u00a0de todo o mundo\u00a0s\u00e3o estrelas da primeira edi\u00e7\u00e3o do\u00a0Portim\u00e3o World Beer Groove\u00a0na Fortaleza de Santa Catarina Turismo\" \/>\n<meta name=\"robots\" content=\"index, follow, max-snippet:-1, max-image-preview:large, max-video-preview:-1\" \/>\n<link rel=\"canonical\" href=\"https:\/\/algarve7.pt\/index.php\/2026\/09\/cervejas-premium-de-todo-o-mundo-sao-estrelas-da-primeira-edicao-do-portimao-world-beer-groove-na-fortaleza-de-santa-catarina\/turismo\/07\/10\/\" \/>\n<meta property=\"og:locale\" content=\"pt_PT\" \/>\n<meta property=\"og:type\" content=\"article\" \/>\n<meta property=\"og:title\" content=\"Cervejas premium\u00a0de todo o mundo\u00a0s\u00e3o estrelas da primeira edi\u00e7\u00e3o do\u00a0Portim\u00e3o World Beer Groove\u00a0na Fortaleza de Santa Catarina - Algarve 7\" \/>\n<meta property=\"og:description\" content=\"Cervejas premium\u00a0de todo o mundo\u00a0s\u00e3o estrelas da primeira edi\u00e7\u00e3o do\u00a0Portim\u00e3o World Beer Groove\u00a0na Fortaleza de Santa Catarina Turismo\" \/>\n<meta property=\"og:url\" content=\"https:\/\/algarve7.pt\/index.php\/2026\/09\/cervejas-premium-de-todo-o-mundo-sao-estrelas-da-primeira-edicao-do-portimao-world-beer-groove-na-fortaleza-de-santa-catarina\/turismo\/07\/10\/\" \/>\n<meta property=\"og:site_name\" content=\"Algarve 7\" \/>\n<meta property=\"article:publisher\" content=\"https:\/\/www.facebook.com\/algarve7\" \/>\n<meta property=\"article:author\" content=\"https:\/\/www.facebook.com\/algarve7\" \/>\n<meta property=\"article:published_time\" content=\"2026-09-04T06:10:00+00:00\" \/>\n<meta property=\"og:image\" content=\"https:\/\/algarve7.pt\/wp-content\/uploads\/2026\/09\/Captura-de-ecra-2026-09-02-as-10.24.46.png\" \/>\n\t<meta property=\"og:image:width\" content=\"947\" \/>\n\t<meta property=\"og:image:height\" content=\"650\" \/>\n\t<meta property=\"og:image:type\" content=\"image\/png\" \/>\n<meta name=\"author\" content=\"Algarve 7\" \/>\n<meta name=\"twitter:card\" content=\"summary_large_image\" \/>\n<meta name=\"twitter:creator\" content=\"@Algarvesete\" \/>\n<meta name=\"twitter:site\" content=\"@Algarvesete\" \/>\n<meta name=\"twitter:label1\" content=\"Escrito por\" \/>\n\t<meta name=\"twitter:data1\" content=\"Algarve 7\" \/>\n\t<meta name=\"twitter:label2\" content=\"Tempo estimado de leitura\" \/>\n\t<meta name=\"twitter:data2\" content=\"3 minutos\" \/>\n<script type=\"application\/ld+json\" class=\"yoast-schema-graph\">{\"@context\":\"https:\\\/\\\/schema.org\",\"@graph\":[{\"@type\":\"Article\",\"@id\":\"https:\\\/\\\/algarve7.pt\\\/index.php\\\/2026\\\/09\\\/cervejas-premium-de-todo-o-mundo-sao-estrelas-da-primeira-edicao-do-portimao-world-beer-groove-na-fortaleza-de-santa-catarina\\\/turismo\\\/07\\\/10\\\/#article\",\"isPartOf\":{\"@id\":\"https:\\\/\\\/algarve7.pt\\\/index.php\\\/2026\\\/09\\\/cervejas-premium-de-todo-o-mundo-sao-estrelas-da-primeira-edicao-do-portimao-world-beer-groove-na-fortaleza-de-santa-catarina\\\/turismo\\\/07\\\/10\\\/\"},\"author\":{\"name\":\"Algarve 7\",\"@id\":\"https:\\\/\\\/algarve7.pt\\\/#\\\/schema\\\/person\\\/23fa70681308e7b319a3204bcea45e0c\"},\"headline\":\"Cervejas premium\u00a0de todo o mundo\u00a0s\u00e3o estrelas da primeira edi\u00e7\u00e3o do\u00a0Portim\u00e3o World Beer Groove\u00a0na Fortaleza de Santa Catarina\",\"datePublished\":\"2026-09-04T06:10:00+00:00\",\"mainEntityOfPage\":{\"@id\":\"https:\\\/\\\/algarve7.pt\\\/index.php\\\/2026\\\/09\\\/cervejas-premium-de-todo-o-mundo-sao-estrelas-da-primeira-edicao-do-portimao-world-beer-groove-na-fortaleza-de-santa-catarina\\\/turismo\\\/07\\\/10\\\/\"},\"wordCount\":574,\"publisher\":{\"@id\":\"https:\\\/\\\/algarve7.pt\\\/#organization\"},\"image\":{\"@id\":\"https:\\\/\\\/algarve7.pt\\\/index.php\\\/2026\\\/09\\\/cervejas-premium-de-todo-o-mundo-sao-estrelas-da-primeira-edicao-do-portimao-world-beer-groove-na-fortaleza-de-santa-catarina\\\/turismo\\\/07\\\/10\\\/#primaryimage\"},\"thumbnailUrl\":\"https:\\\/\\\/algarve7.pt\\\/wp-content\\\/uploads\\\/2026\\\/09\\\/Captura-de-ecra-2026-09-02-as-10.24.46.png\",\"keywords\":[\"Algarve\",\"Portim\u00e3o\",\"Turismo\"],\"articleSection\":[\"Turismo\"],\"inLanguage\":\"pt-PT\"},{\"@type\":\"WebPage\",\"@id\":\"https:\\\/\\\/algarve7.pt\\\/index.php\\\/2026\\\/09\\\/cervejas-premium-de-todo-o-mundo-sao-estrelas-da-primeira-edicao-do-portimao-world-beer-groove-na-fortaleza-de-santa-catarina\\\/turismo\\\/07\\\/10\\\/\",\"url\":\"https:\\\/\\\/algarve7.pt\\\/index.php\\\/2026\\\/09\\\/cervejas-premium-de-todo-o-mundo-sao-estrelas-da-primeira-edicao-do-portimao-world-beer-groove-na-fortaleza-de-santa-catarina\\\/turismo\\\/07\\\/10\\\/\",\"name\":\"Cervejas premium\u00a0de todo o mundo\u00a0s\u00e3o estrelas da primeira edi\u00e7\u00e3o do\u00a0Portim\u00e3o World Beer Groove\u00a0na Fortaleza de Santa Catarina - Algarve 7\",\"isPartOf\":{\"@id\":\"https:\\\/\\\/algarve7.pt\\\/#website\"},\"primaryImageOfPage\":{\"@id\":\"https:\\\/\\\/algarve7.pt\\\/index.php\\\/2026\\\/09\\\/cervejas-premium-de-todo-o-mundo-sao-estrelas-da-primeira-edicao-do-portimao-world-beer-groove-na-fortaleza-de-santa-catarina\\\/turismo\\\/07\\\/10\\\/#primaryimage\"},\"image\":{\"@id\":\"https:\\\/\\\/algarve7.pt\\\/index.php\\\/2026\\\/09\\\/cervejas-premium-de-todo-o-mundo-sao-estrelas-da-primeira-edicao-do-portimao-world-beer-groove-na-fortaleza-de-santa-catarina\\\/turismo\\\/07\\\/10\\\/#primaryimage\"},\"thumbnailUrl\":\"https:\\\/\\\/algarve7.pt\\\/wp-content\\\/uploads\\\/2026\\\/09\\\/Captura-de-ecra-2026-09-02-as-10.24.46.png\",\"datePublished\":\"2026-09-04T06:10:00+00:00\",\"description\":\"Cervejas premium\u00a0de todo o mundo\u00a0s\u00e3o estrelas da primeira edi\u00e7\u00e3o do\u00a0Portim\u00e3o World Beer Groove\u00a0na Fortaleza de Santa Catarina Turismo\",\"breadcrumb\":{\"@id\":\"https:\\\/\\\/algarve7.pt\\\/index.php\\\/2026\\\/09\\\/cervejas-premium-de-todo-o-mundo-sao-estrelas-da-primeira-edicao-do-portimao-world-beer-groove-na-fortaleza-de-santa-catarina\\\/turismo\\\/07\\\/10\\\/#breadcrumb\"},\"inLanguage\":\"pt-PT\",\"potentialAction\":[{\"@type\":\"ReadAction\",\"target\":[\"https:\\\/\\\/algarve7.pt\\\/index.php\\\/2026\\\/09\\\/cervejas-premium-de-todo-o-mundo-sao-estrelas-da-primeira-edicao-do-portimao-world-beer-groove-na-fortaleza-de-santa-catarina\\\/turismo\\\/07\\\/10\\\/\"]}]},{\"@type\":\"ImageObject\",\"inLanguage\":\"pt-PT\",\"@id\":\"https:\\\/\\\/algarve7.pt\\\/index.php\\\/2026\\\/09\\\/cervejas-premium-de-todo-o-mundo-sao-estrelas-da-primeira-edicao-do-portimao-world-beer-groove-na-fortaleza-de-santa-catarina\\\/turismo\\\/07\\\/10\\\/#primaryimage\",\"url\":\"https:\\\/\\\/algarve7.pt\\\/wp-content\\\/uploads\\\/2026\\\/09\\\/Captura-de-ecra-2026-09-02-as-10.24.46.png\",\"contentUrl\":\"https:\\\/\\\/algarve7.pt\\\/wp-content\\\/uploads\\\/2026\\\/09\\\/Captura-de-ecra-2026-09-02-as-10.24.46.png\",\"width\":947,\"height\":650},{\"@type\":\"BreadcrumbList\",\"@id\":\"https:\\\/\\\/algarve7.pt\\\/index.php\\\/2026\\\/09\\\/cervejas-premium-de-todo-o-mundo-sao-estrelas-da-primeira-edicao-do-portimao-world-beer-groove-na-fortaleza-de-santa-catarina\\\/turismo\\\/07\\\/10\\\/#breadcrumb\",\"itemListElement\":[{\"@type\":\"ListItem\",\"position\":1,\"name\":\"In\u00edcio\",\"item\":\"https:\\\/\\\/algarve7.pt\\\/\"},{\"@type\":\"ListItem\",\"position\":2,\"name\":\"Cervejas premium\u00a0de todo o mundo\u00a0s\u00e3o estrelas da primeira edi\u00e7\u00e3o do\u00a0Portim\u00e3o World Beer Groove\u00a0na Fortaleza de Santa Catarina\"}]},{\"@type\":\"WebSite\",\"@id\":\"https:\\\/\\\/algarve7.pt\\\/#website\",\"url\":\"https:\\\/\\\/algarve7.pt\\\/\",\"name\":\"Algarve 7\",\"description\":\"Informa\u00e7\u00e3o sobre o Algarve\",\"publisher\":{\"@id\":\"https:\\\/\\\/algarve7.pt\\\/#organization\"},\"potentialAction\":[{\"@type\":\"SearchAction\",\"target\":{\"@type\":\"EntryPoint\",\"urlTemplate\":\"https:\\\/\\\/algarve7.pt\\\/?s={search_term_string}\"},\"query-input\":{\"@type\":\"PropertyValueSpecification\",\"valueRequired\":true,\"valueName\":\"search_term_string\"}}],\"inLanguage\":\"pt-PT\"},{\"@type\":\"Organization\",\"@id\":\"https:\\\/\\\/algarve7.pt\\\/#organization\",\"name\":\"Algarve 7\",\"url\":\"https:\\\/\\\/algarve7.pt\\\/\",\"logo\":{\"@type\":\"ImageObject\",\"inLanguage\":\"pt-PT\",\"@id\":\"https:\\\/\\\/algarve7.pt\\\/#\\\/schema\\\/logo\\\/image\\\/\",\"url\":\"https:\\\/\\\/algarve7.pt\\\/wp-content\\\/uploads\\\/2020\\\/10\\\/Logo-8.jpg\",\"contentUrl\":\"https:\\\/\\\/algarve7.pt\\\/wp-content\\\/uploads\\\/2020\\\/10\\\/Logo-8.jpg\",\"width\":1680,\"height\":1186,\"caption\":\"Algarve 7\"},\"image\":{\"@id\":\"https:\\\/\\\/algarve7.pt\\\/#\\\/schema\\\/logo\\\/image\\\/\"},\"sameAs\":[\"https:\\\/\\\/www.facebook.com\\\/algarve7\",\"https:\\\/\\\/x.com\\\/Algarvesete\",\"https:\\\/\\\/www.instagram.com\\\/jornalalgarve7\\\/\",\"https:\\\/\\\/www.linkedin.com\\\/company\\\/algarve7\",\"https:\\\/\\\/www.pinterest.pt\\\/geral0939\\\/_created\\\/\"]},{\"@type\":\"Person\",\"@id\":\"https:\\\/\\\/algarve7.pt\\\/#\\\/schema\\\/person\\\/23fa70681308e7b319a3204bcea45e0c\",\"name\":\"Algarve 7\",\"sameAs\":[\"https:\\\/\\\/algarve7.pt\",\"https:\\\/\\\/www.facebook.com\\\/algarve7\"],\"url\":\"https:\\\/\\\/algarve7.pt\\\/index.php\\\/author\\\/geralalgarve7-pt\\\/\"}]}<\/script>\n<!-- \/ Yoast SEO plugin. -->","yoast_head_json":{"title":"Cervejas premium\u00a0de todo o mundo\u00a0s\u00e3o estrelas da primeira edi\u00e7\u00e3o do\u00a0Portim\u00e3o World Beer Groove\u00a0na Fortaleza de Santa Catarina - Algarve 7","description":"Cervejas premium\u00a0de todo o mundo\u00a0s\u00e3o estrelas da primeira edi\u00e7\u00e3o do\u00a0Portim\u00e3o World Beer Groove\u00a0na Fortaleza de Santa Catarina Turismo","robots":{"index":"index","follow":"follow","max-snippet":"max-snippet:-1","max-image-preview":"max-image-preview:large","max-video-preview":"max-video-preview:-1"},"canonical":"https:\/\/algarve7.pt\/index.php\/2026\/09\/cervejas-premium-de-todo-o-mundo-sao-estrelas-da-primeira-edicao-do-portimao-world-beer-groove-na-fortaleza-de-santa-catarina\/turismo\/07\/10\/","og_locale":"pt_PT","og_type":"article","og_title":"Cervejas premium\u00a0de todo o mundo\u00a0s\u00e3o estrelas da primeira edi\u00e7\u00e3o do\u00a0Portim\u00e3o World Beer Groove\u00a0na Fortaleza de Santa Catarina - Algarve 7","og_description":"Cervejas premium\u00a0de todo o mundo\u00a0s\u00e3o estrelas da primeira edi\u00e7\u00e3o do\u00a0Portim\u00e3o World Beer Groove\u00a0na Fortaleza de Santa Catarina Turismo","og_url":"https:\/\/algarve7.pt\/index.php\/2026\/09\/cervejas-premium-de-todo-o-mundo-sao-estrelas-da-primeira-edicao-do-portimao-world-beer-groove-na-fortaleza-de-santa-catarina\/turismo\/07\/10\/","og_site_name":"Algarve 7","article_publisher":"https:\/\/www.facebook.com\/algarve7","article_author":"https:\/\/www.facebook.com\/algarve7","article_published_time":"2026-09-04T06:10:00+00:00","og_image":[{"width":947,"height":650,"url":"https:\/\/algarve7.pt\/wp-content\/uploads\/2026\/09\/Captura-de-ecra-2026-09-02-as-10.24.46.png","type":"image\/png"}],"author":"Algarve 7","twitter_card":"summary_large_image","twitter_creator":"@Algarvesete","twitter_site":"@Algarvesete","twitter_misc":{"Escrito por":"Algarve 7","Tempo estimado de leitura":"3 minutos"},"schema":{"@context":"https:\/\/schema.org","@graph":[{"@type":"Article","@id":"https:\/\/algarve7.pt\/index.php\/2026\/09\/cervejas-premium-de-todo-o-mundo-sao-estrelas-da-primeira-edicao-do-portimao-world-beer-groove-na-fortaleza-de-santa-catarina\/turismo\/07\/10\/#article","isPartOf":{"@id":"https:\/\/algarve7.pt\/index.php\/2026\/09\/cervejas-premium-de-todo-o-mundo-sao-estrelas-da-primeira-edicao-do-portimao-world-beer-groove-na-fortaleza-de-santa-catarina\/turismo\/07\/10\/"},"author":{"name":"Algarve 7","@id":"https:\/\/algarve7.pt\/#\/schema\/person\/23fa70681308e7b319a3204bcea45e0c"},"headline":"Cervejas premium\u00a0de todo o mundo\u00a0s\u00e3o estrelas da primeira edi\u00e7\u00e3o do\u00a0Portim\u00e3o World Beer Groove\u00a0na Fortaleza de Santa Catarina","datePublished":"2026-09-04T06:10:00+00:00","mainEntityOfPage":{"@id":"https:\/\/algarve7.pt\/index.php\/2026\/09\/cervejas-premium-de-todo-o-mundo-sao-estrelas-da-primeira-edicao-do-portimao-world-beer-groove-na-fortaleza-de-santa-catarina\/turismo\/07\/10\/"},"wordCount":574,"publisher":{"@id":"https:\/\/algarve7.pt\/#organization"},"image":{"@id":"https:\/\/algarve7.pt\/index.php\/2026\/09\/cervejas-premium-de-todo-o-mundo-sao-estrelas-da-primeira-edicao-do-portimao-world-beer-groove-na-fortaleza-de-santa-catarina\/turismo\/07\/10\/#primaryimage"},"thumbnailUrl":"https:\/\/algarve7.pt\/wp-content\/uploads\/2026\/09\/Captura-de-ecra-2026-09-02-as-10.24.46.png","keywords":["Algarve","Portim\u00e3o","Turismo"],"articleSection":["Turismo"],"inLanguage":"pt-PT"},{"@type":"WebPage","@id":"https:\/\/algarve7.pt\/index.php\/2026\/09\/cervejas-premium-de-todo-o-mundo-sao-estrelas-da-primeira-edicao-do-portimao-world-beer-groove-na-fortaleza-de-santa-catarina\/turismo\/07\/10\/","url":"https:\/\/algarve7.pt\/index.php\/2026\/09\/cervejas-premium-de-todo-o-mundo-sao-estrelas-da-primeira-edicao-do-portimao-world-beer-groove-na-fortaleza-de-santa-catarina\/turismo\/07\/10\/","name":"Cervejas premium\u00a0de todo o mundo\u00a0s\u00e3o estrelas da primeira edi\u00e7\u00e3o do\u00a0Portim\u00e3o World Beer Groove\u00a0na Fortaleza de Santa Catarina - Algarve 7","isPartOf":{"@id":"https:\/\/algarve7.pt\/#website"},"primaryImageOfPage":{"@id":"https:\/\/algarve7.pt\/index.php\/2026\/09\/cervejas-premium-de-todo-o-mundo-sao-estrelas-da-primeira-edicao-do-portimao-world-beer-groove-na-fortaleza-de-santa-catarina\/turismo\/07\/10\/#primaryimage"},"image":{"@id":"https:\/\/algarve7.pt\/index.php\/2026\/09\/cervejas-premium-de-todo-o-mundo-sao-estrelas-da-primeira-edicao-do-portimao-world-beer-groove-na-fortaleza-de-santa-catarina\/turismo\/07\/10\/#primaryimage"},"thumbnailUrl":"https:\/\/algarve7.pt\/wp-content\/uploads\/2026\/09\/Captura-de-ecra-2026-09-02-as-10.24.46.png","datePublished":"2026-09-04T06:10:00+00:00","description":"Cervejas premium\u00a0de todo o mundo\u00a0s\u00e3o estrelas da primeira edi\u00e7\u00e3o do\u00a0Portim\u00e3o World Beer Groove\u00a0na Fortaleza de Santa Catarina Turismo","breadcrumb":{"@id":"https:\/\/algarve7.pt\/index.php\/2026\/09\/cervejas-premium-de-todo-o-mundo-sao-estrelas-da-primeira-edicao-do-portimao-world-beer-groove-na-fortaleza-de-santa-catarina\/turismo\/07\/10\/#breadcrumb"},"inLanguage":"pt-PT","potentialAction":[{"@type":"ReadAction","target":["https:\/\/algarve7.pt\/index.php\/2026\/09\/cervejas-premium-de-todo-o-mundo-sao-estrelas-da-primeira-edicao-do-portimao-world-beer-groove-na-fortaleza-de-santa-catarina\/turismo\/07\/10\/"]}]},{"@type":"ImageObject","inLanguage":"pt-PT","@id":"https:\/\/algarve7.pt\/index.php\/2026\/09\/cervejas-premium-de-todo-o-mundo-sao-estrelas-da-primeira-edicao-do-portimao-world-beer-groove-na-fortaleza-de-santa-catarina\/turismo\/07\/10\/#primaryimage","url":"https:\/\/algarve7.pt\/wp-content\/uploads\/2026\/09\/Captura-de-ecra-2026-09-02-as-10.24.46.png","contentUrl":"https:\/\/algarve7.pt\/wp-content\/uploads\/2026\/09\/Captura-de-ecra-2026-09-02-as-10.24.46.png","width":947,"height":650},{"@type":"BreadcrumbList","@id":"https:\/\/algarve7.pt\/index.php\/2026\/09\/cervejas-premium-de-todo-o-mundo-sao-estrelas-da-primeira-edicao-do-portimao-world-beer-groove-na-fortaleza-de-santa-catarina\/turismo\/07\/10\/#breadcrumb","itemListElement":[{"@type":"ListItem","position":1,"name":"In\u00edcio","item":"https:\/\/algarve7.pt\/"},{"@type":"ListItem","position":2,"name":"Cervejas premium\u00a0de todo o mundo\u00a0s\u00e3o estrelas da primeira edi\u00e7\u00e3o do\u00a0Portim\u00e3o World Beer Groove\u00a0na Fortaleza de Santa Catarina"}]},{"@type":"WebSite","@id":"https:\/\/algarve7.pt\/#website","url":"https:\/\/algarve7.pt\/","name":"Algarve 7","description":"Informa\u00e7\u00e3o sobre o Algarve","publisher":{"@id":"https:\/\/algarve7.pt\/#organization"},"potentialAction":[{"@type":"SearchAction","target":{"@type":"EntryPoint","urlTemplate":"https:\/\/algarve7.pt\/?s={search_term_string}"},"query-input":{"@type":"PropertyValueSpecification","valueRequired":true,"valueName":"search_term_string"}}],"inLanguage":"pt-PT"},{"@type":"Organization","@id":"https:\/\/algarve7.pt\/#organization","name":"Algarve 7","url":"https:\/\/algarve7.pt\/","logo":{"@type":"ImageObject","inLanguage":"pt-PT","@id":"https:\/\/algarve7.pt\/#\/schema\/logo\/image\/","url":"https:\/\/algarve7.pt\/wp-content\/uploads\/2020\/10\/Logo-8.jpg","contentUrl":"https:\/\/algarve7.pt\/wp-content\/uploads\/2020\/10\/Logo-8.jpg","width":1680,"height":1186,"caption":"Algarve 7"},"image":{"@id":"https:\/\/algarve7.pt\/#\/schema\/logo\/image\/"},"sameAs":["https:\/\/www.facebook.com\/algarve7","https:\/\/x.com\/Algarvesete","https:\/\/www.instagram.com\/jornalalgarve7\/","https:\/\/www.linkedin.com\/company\/algarve7","https:\/\/www.pinterest.pt\/geral0939\/_created\/"]},{"@type":"Person","@id":"https:\/\/algarve7.pt\/#\/schema\/person\/23fa70681308e7b319a3204bcea45e0c","name":"Algarve 7","sameAs":["https:\/\/algarve7.pt","https:\/\/www.facebook.com\/algarve7"],"url":"https:\/\/algarve7.pt\/index.php\/author\/geralalgarve7-pt\/"}]}},"jetpack_publicize_connections":[],"jetpack_shortlink":"https:\/\/wp.me\/pcezmW-hbS","jetpack_sharing_enabled":true,"jetpack_featured_media_url":"https:\/\/algarve7.pt\/wp-content\/uploads\/2026\/09\/Captura-de-ecra-2026-09-02-as-10.24.46.png","_links":{"self":[{"href":"https:\/\/algarve7.pt\/index.php\/wp-json\/wp\/v2\/posts\/66084","targetHints":{"allow":["GET"]}}],"collection":[{"href":"https:\/\/algarve7.pt\/index.php\/wp-json\/wp\/v2\/posts"}],"about":[{"href":"https:\/\/algarve7.pt\/index.php\/wp-json\/wp\/v2\/types\/post"}],"author":[{"embeddable":true,"href":"https:\/\/algarve7.pt\/index.php\/wp-json\/wp\/v2\/users\/1"}],"replies":[{"embeddable":true,"href":"https:\/\/algarve7.pt\/index.php\/wp-json\/wp\/v2\/comments?post=66084"}],"version-history":[{"count":1,"href":"https:\/\/algarve7.pt\/index.php\/wp-json\/wp\/v2\/posts\/66084\/revisions"}],"predecessor-version":[{"id":66086,"href":"https:\/\/algarve7.pt\/index.php\/wp-json\/wp\/v2\/posts\/66084\/revisions\/66086"}],"wp:featuredmedia":[{"embeddable":true,"href":"https:\/\/algarve7.pt\/index.php\/wp-json\/wp\/v2\/media\/66085"}],"wp:attachment":[{"href":"https:\/\/algarve7.pt\/index.php\/wp-json\/wp\/v2\/media?parent=66084"}],"wp:term":[{"taxonomy":"category","embeddable":true,"href":"https:\/\/algarve7.pt\/index.php\/wp-json\/wp\/v2\/categories?post=66084"},{"taxonomy":"post_tag","embeddable":true,"href":"https:\/\/algarve7.pt\/index.php\/wp-json\/wp\/v2\/tags?post=66084"}],"curies":[{"name":"wp","href":"https:\/\/api.w.org\/{rel}","templated":true}]}}