{"id":66058,"date":"2026-09-03T08:05:00","date_gmt":"2026-09-03T07:05:00","guid":{"rendered":"https:\/\/algarve7.pt\/?p=66058"},"modified":"2026-09-01T18:06:31","modified_gmt":"2026-09-01T17:06:31","slug":"festas-do-pescador-trazem-as-tradicoes-e-as-memorias-de-albufeira","status":"publish","type":"post","link":"https:\/\/algarve7.pt\/index.php\/2026\/09\/festas-do-pescador-trazem-as-tradicoes-e-as-memorias-de-albufeira\/cultura\/08\/05\/","title":{"rendered":"Festas do pescador trazem as tradi\u00e7\u00f5es e as mem\u00f3rias de Albufeira"},"content":{"rendered":"\n<p class=\"wp-block-paragraph\">H\u00e1 hist\u00f3rias que se contam \u00e0 mesa, outras que permanecem nas redes, nos barcos e nas mem\u00f3rias de quem fez do mar uma vida. \u00c9 este patrim\u00f3nio humano e cultural que as Festas do Pescador voltam a trazer \u00e0 Pra\u00e7a dos Pescadores, num encontro entre gera\u00e7\u00f5es promovido pela C\u00e2mara Municipal de Albufeira.<\/p>\n\n\n\n<p class=\"wp-block-paragraph\">Na sexta-feira, dia 4, as Festas do Pescador come\u00e7am \u00e0s 18h00, com a abertura oficial, as tasquinhas e um museu instalado na praia. Os artefactos e as embarca\u00e7\u00f5es expostos v\u00e3o recordar diferentes \u00e9pocas da pesca tradicional, num espa\u00e7o enriquecido por demonstra\u00e7\u00f5es de repara\u00e7\u00e3o de redes e pelas hist\u00f3rias de antigos profissionais do mar.<\/p>\n\n\n\n<p class=\"wp-block-paragraph\">A mem\u00f3ria visual do concelho estar\u00e1 igualmente presente numa exposi\u00e7\u00e3o de fotografia de Artur Pastor. A mostra re\u00fane imagens de Albufeira antiga, nas quais os barcos na praia e a atividade piscat\u00f3ria revelam um quotidiano profundamente marcado pela liga\u00e7\u00e3o ao mar. Os registos estabelecem uma ponte entre o passado e o presente e ajudam a compreender a import\u00e2ncia da pesca na constru\u00e7\u00e3o da identidade local.<\/p>\n\n\n\n<p class=\"wp-block-paragraph\">A m\u00fasica acompanha a primeira noite, com Emanuel e T\u00e2nia \u00e0s 19h30, os Marotos da Concertina \u00e0s 22h00 e o regresso de Emanuel e T\u00e2nia \u00e0s 23h30. A programa\u00e7\u00e3o reserva ainda momentos dedicados \u00e0s mem\u00f3rias da comunidade piscat\u00f3ria e ao reconhecimento de quem contribuiu para preservar a pesca e o folclore local.<\/p>\n\n\n\n<p class=\"wp-block-paragraph\">No s\u00e1bado, o esp\u00edrito de conv\u00edvio prolonga-se ao longo do dia, com v\u00e1rias propostas para diferentes gera\u00e7\u00f5es. \u00c0 noite, a cultura popular sobe ao palco com o Festival de Folclore, \u00e0s 20h00, seguindo-se a atua\u00e7\u00e3o de Rui e Miguel, \u00e0s 22h30.<\/p>\n\n\n\n<p class=\"wp-block-paragraph\">O domingo reserva um dos momentos mais aguardados das Festas do Pescador. O Duo 64 atua \u00e0s 19h30 e, \u00e0s 22h30, Jos\u00e9 Cid sobe ao palco da Pra\u00e7a dos Pescadores. O conhecido cantor e compositor portugu\u00eas encerra a 27.\u00aa edi\u00e7\u00e3o com um concerto que promete reunir v\u00e1rias gera\u00e7\u00f5es.<\/p>\n\n\n\n<p class=\"wp-block-paragraph\">Tradi\u00e7\u00e3o e mem\u00f3ria estar\u00e3o no centro de uma celebra\u00e7\u00e3o que mant\u00e9m vivas as ra\u00edzes da comunidade piscat\u00f3ria e refor\u00e7a o sentimento de perten\u00e7a dos albufeirenses.<\/p>\n","protected":false},"excerpt":{"rendered":"<p>H\u00e1 hist\u00f3rias que se contam \u00e0 mesa, outras que permanecem nas redes, nos barcos e nas mem\u00f3rias de quem fez<\/p>\n","protected":false},"author":1,"featured_media":66059,"comment_status":"closed","ping_status":"closed","sticky":false,"template":"","format":"standard","meta":{"colormag_page_container_layout":"default_layout","colormag_page_sidebar_layout":"default_layout","_monsterinsights_skip_tracking":false,"_jetpack_newsletter_access":"","_jetpack_dont_email_post_to_subs":false,"_jetpack_newsletter_tier_id":0,"_jetpack_memberships_contains_paywalled_content":false,"_jetpack_feature_clip_id":0,"_jetpack_memberships_contains_paid_content":false,"footnotes":"","jetpack_publicize_message":"","jetpack_publicize_feature_enabled":true,"jetpack_social_post_already_shared":true,"jetpack_social_options":{"image_generator_settings":{"template":"highway","default_image_id":0,"font":"","enabled":false},"version":2},"jetpack_post_was_ever_published":false},"categories":[14],"tags":[155,36,35,1365],"class_list":["post-66058","post","type-post","status-publish","format-standard","has-post-thumbnail","hentry","category-cultura","tag-albufeira","tag-algarve","tag-cultura","tag-festas-do-pescador"],"yoast_head":"<!-- This site is optimized with the Yoast SEO plugin v28.4 - https:\/\/yoast.com\/product\/yoast-seo-wordpress\/ -->\n<title>Festas do pescador trazem as tradi\u00e7\u00f5es e as mem\u00f3rias de Albufeira - Algarve 7<\/title>\n<meta name=\"description\" content=\"Festas do pescador trazem as tradi\u00e7\u00f5es e as mem\u00f3rias de Albufeira Cultura\" \/>\n<meta name=\"robots\" content=\"index, follow, max-snippet:-1, max-image-preview:large, max-video-preview:-1\" \/>\n<link rel=\"canonical\" href=\"https:\/\/algarve7.pt\/index.php\/2026\/09\/festas-do-pescador-trazem-as-tradicoes-e-as-memorias-de-albufeira\/cultura\/08\/05\/\" \/>\n<meta property=\"og:locale\" content=\"pt_PT\" \/>\n<meta property=\"og:type\" content=\"article\" \/>\n<meta property=\"og:title\" content=\"Festas do pescador trazem as tradi\u00e7\u00f5es e as mem\u00f3rias de Albufeira - Algarve 7\" \/>\n<meta property=\"og:description\" content=\"Festas do pescador trazem as tradi\u00e7\u00f5es e as mem\u00f3rias de Albufeira Cultura\" \/>\n<meta property=\"og:url\" content=\"https:\/\/algarve7.pt\/index.php\/2026\/09\/festas-do-pescador-trazem-as-tradicoes-e-as-memorias-de-albufeira\/cultura\/08\/05\/\" \/>\n<meta property=\"og:site_name\" content=\"Algarve 7\" \/>\n<meta property=\"article:publisher\" content=\"https:\/\/www.facebook.com\/algarve7\" \/>\n<meta property=\"article:author\" content=\"https:\/\/www.facebook.com\/algarve7\" \/>\n<meta property=\"article:published_time\" content=\"2026-09-03T07:05:00+00:00\" \/>\n<meta property=\"og:image\" content=\"https:\/\/algarve7.pt\/wp-content\/uploads\/2026\/09\/Captura-de-ecra-2026-09-01-as-18.03.06.png\" \/>\n\t<meta property=\"og:image:width\" content=\"1024\" \/>\n\t<meta property=\"og:image:height\" content=\"600\" \/>\n\t<meta property=\"og:image:type\" content=\"image\/png\" \/>\n<meta name=\"author\" content=\"Algarve 7\" \/>\n<meta name=\"twitter:card\" content=\"summary_large_image\" \/>\n<meta name=\"twitter:creator\" content=\"@Algarvesete\" \/>\n<meta name=\"twitter:site\" content=\"@Algarvesete\" \/>\n<meta name=\"twitter:label1\" content=\"Escrito por\" \/>\n\t<meta name=\"twitter:data1\" content=\"Algarve 7\" \/>\n\t<meta name=\"twitter:label2\" content=\"Tempo estimado de leitura\" \/>\n\t<meta name=\"twitter:data2\" content=\"3 minutos\" \/>\n<script type=\"application\/ld+json\" class=\"yoast-schema-graph\">{\"@context\":\"https:\\\/\\\/schema.org\",\"@graph\":[{\"@type\":\"Article\",\"@id\":\"https:\\\/\\\/algarve7.pt\\\/index.php\\\/2026\\\/09\\\/festas-do-pescador-trazem-as-tradicoes-e-as-memorias-de-albufeira\\\/cultura\\\/08\\\/05\\\/#article\",\"isPartOf\":{\"@id\":\"https:\\\/\\\/algarve7.pt\\\/index.php\\\/2026\\\/09\\\/festas-do-pescador-trazem-as-tradicoes-e-as-memorias-de-albufeira\\\/cultura\\\/08\\\/05\\\/\"},\"author\":{\"name\":\"Algarve 7\",\"@id\":\"https:\\\/\\\/algarve7.pt\\\/#\\\/schema\\\/person\\\/23fa70681308e7b319a3204bcea45e0c\"},\"headline\":\"Festas do pescador trazem as tradi\u00e7\u00f5es e as mem\u00f3rias de Albufeira\",\"datePublished\":\"2026-09-03T07:05:00+00:00\",\"mainEntityOfPage\":{\"@id\":\"https:\\\/\\\/algarve7.pt\\\/index.php\\\/2026\\\/09\\\/festas-do-pescador-trazem-as-tradicoes-e-as-memorias-de-albufeira\\\/cultura\\\/08\\\/05\\\/\"},\"wordCount\":388,\"publisher\":{\"@id\":\"https:\\\/\\\/algarve7.pt\\\/#organization\"},\"image\":{\"@id\":\"https:\\\/\\\/algarve7.pt\\\/index.php\\\/2026\\\/09\\\/festas-do-pescador-trazem-as-tradicoes-e-as-memorias-de-albufeira\\\/cultura\\\/08\\\/05\\\/#primaryimage\"},\"thumbnailUrl\":\"https:\\\/\\\/algarve7.pt\\\/wp-content\\\/uploads\\\/2026\\\/09\\\/Captura-de-ecra-2026-09-01-as-18.03.06.png\",\"keywords\":[\"Albufeira\",\"Algarve\",\"Cultura\",\"Festas do Pescador\"],\"articleSection\":[\"Cultura\"],\"inLanguage\":\"pt-PT\"},{\"@type\":\"WebPage\",\"@id\":\"https:\\\/\\\/algarve7.pt\\\/index.php\\\/2026\\\/09\\\/festas-do-pescador-trazem-as-tradicoes-e-as-memorias-de-albufeira\\\/cultura\\\/08\\\/05\\\/\",\"url\":\"https:\\\/\\\/algarve7.pt\\\/index.php\\\/2026\\\/09\\\/festas-do-pescador-trazem-as-tradicoes-e-as-memorias-de-albufeira\\\/cultura\\\/08\\\/05\\\/\",\"name\":\"Festas do pescador trazem as tradi\u00e7\u00f5es e as mem\u00f3rias de Albufeira - Algarve 7\",\"isPartOf\":{\"@id\":\"https:\\\/\\\/algarve7.pt\\\/#website\"},\"primaryImageOfPage\":{\"@id\":\"https:\\\/\\\/algarve7.pt\\\/index.php\\\/2026\\\/09\\\/festas-do-pescador-trazem-as-tradicoes-e-as-memorias-de-albufeira\\\/cultura\\\/08\\\/05\\\/#primaryimage\"},\"image\":{\"@id\":\"https:\\\/\\\/algarve7.pt\\\/index.php\\\/2026\\\/09\\\/festas-do-pescador-trazem-as-tradicoes-e-as-memorias-de-albufeira\\\/cultura\\\/08\\\/05\\\/#primaryimage\"},\"thumbnailUrl\":\"https:\\\/\\\/algarve7.pt\\\/wp-content\\\/uploads\\\/2026\\\/09\\\/Captura-de-ecra-2026-09-01-as-18.03.06.png\",\"datePublished\":\"2026-09-03T07:05:00+00:00\",\"description\":\"Festas do pescador trazem as tradi\u00e7\u00f5es e as mem\u00f3rias de Albufeira Cultura\",\"breadcrumb\":{\"@id\":\"https:\\\/\\\/algarve7.pt\\\/index.php\\\/2026\\\/09\\\/festas-do-pescador-trazem-as-tradicoes-e-as-memorias-de-albufeira\\\/cultura\\\/08\\\/05\\\/#breadcrumb\"},\"inLanguage\":\"pt-PT\",\"potentialAction\":[{\"@type\":\"ReadAction\",\"target\":[\"https:\\\/\\\/algarve7.pt\\\/index.php\\\/2026\\\/09\\\/festas-do-pescador-trazem-as-tradicoes-e-as-memorias-de-albufeira\\\/cultura\\\/08\\\/05\\\/\"]}]},{\"@type\":\"ImageObject\",\"inLanguage\":\"pt-PT\",\"@id\":\"https:\\\/\\\/algarve7.pt\\\/index.php\\\/2026\\\/09\\\/festas-do-pescador-trazem-as-tradicoes-e-as-memorias-de-albufeira\\\/cultura\\\/08\\\/05\\\/#primaryimage\",\"url\":\"https:\\\/\\\/algarve7.pt\\\/wp-content\\\/uploads\\\/2026\\\/09\\\/Captura-de-ecra-2026-09-01-as-18.03.06.png\",\"contentUrl\":\"https:\\\/\\\/algarve7.pt\\\/wp-content\\\/uploads\\\/2026\\\/09\\\/Captura-de-ecra-2026-09-01-as-18.03.06.png\",\"width\":1024,\"height\":600},{\"@type\":\"BreadcrumbList\",\"@id\":\"https:\\\/\\\/algarve7.pt\\\/index.php\\\/2026\\\/09\\\/festas-do-pescador-trazem-as-tradicoes-e-as-memorias-de-albufeira\\\/cultura\\\/08\\\/05\\\/#breadcrumb\",\"itemListElement\":[{\"@type\":\"ListItem\",\"position\":1,\"name\":\"In\u00edcio\",\"item\":\"https:\\\/\\\/algarve7.pt\\\/\"},{\"@type\":\"ListItem\",\"position\":2,\"name\":\"Festas do pescador trazem as tradi\u00e7\u00f5es e as mem\u00f3rias de Albufeira\"}]},{\"@type\":\"WebSite\",\"@id\":\"https:\\\/\\\/algarve7.pt\\\/#website\",\"url\":\"https:\\\/\\\/algarve7.pt\\\/\",\"name\":\"Algarve 7\",\"description\":\"Informa\u00e7\u00e3o sobre o Algarve\",\"publisher\":{\"@id\":\"https:\\\/\\\/algarve7.pt\\\/#organization\"},\"potentialAction\":[{\"@type\":\"SearchAction\",\"target\":{\"@type\":\"EntryPoint\",\"urlTemplate\":\"https:\\\/\\\/algarve7.pt\\\/?s={search_term_string}\"},\"query-input\":{\"@type\":\"PropertyValueSpecification\",\"valueRequired\":true,\"valueName\":\"search_term_string\"}}],\"inLanguage\":\"pt-PT\"},{\"@type\":\"Organization\",\"@id\":\"https:\\\/\\\/algarve7.pt\\\/#organization\",\"name\":\"Algarve 7\",\"url\":\"https:\\\/\\\/algarve7.pt\\\/\",\"logo\":{\"@type\":\"ImageObject\",\"inLanguage\":\"pt-PT\",\"@id\":\"https:\\\/\\\/algarve7.pt\\\/#\\\/schema\\\/logo\\\/image\\\/\",\"url\":\"https:\\\/\\\/algarve7.pt\\\/wp-content\\\/uploads\\\/2020\\\/10\\\/Logo-8.jpg\",\"contentUrl\":\"https:\\\/\\\/algarve7.pt\\\/wp-content\\\/uploads\\\/2020\\\/10\\\/Logo-8.jpg\",\"width\":1680,\"height\":1186,\"caption\":\"Algarve 7\"},\"image\":{\"@id\":\"https:\\\/\\\/algarve7.pt\\\/#\\\/schema\\\/logo\\\/image\\\/\"},\"sameAs\":[\"https:\\\/\\\/www.facebook.com\\\/algarve7\",\"https:\\\/\\\/x.com\\\/Algarvesete\",\"https:\\\/\\\/www.instagram.com\\\/jornalalgarve7\\\/\",\"https:\\\/\\\/www.linkedin.com\\\/company\\\/algarve7\",\"https:\\\/\\\/www.pinterest.pt\\\/geral0939\\\/_created\\\/\"]},{\"@type\":\"Person\",\"@id\":\"https:\\\/\\\/algarve7.pt\\\/#\\\/schema\\\/person\\\/23fa70681308e7b319a3204bcea45e0c\",\"name\":\"Algarve 7\",\"sameAs\":[\"https:\\\/\\\/algarve7.pt\",\"https:\\\/\\\/www.facebook.com\\\/algarve7\"],\"url\":\"https:\\\/\\\/algarve7.pt\\\/index.php\\\/author\\\/geralalgarve7-pt\\\/\"}]}<\/script>\n<!-- \/ Yoast SEO plugin. -->","yoast_head_json":{"title":"Festas do pescador trazem as tradi\u00e7\u00f5es e as mem\u00f3rias de Albufeira - Algarve 7","description":"Festas do pescador trazem as tradi\u00e7\u00f5es e as mem\u00f3rias de Albufeira Cultura","robots":{"index":"index","follow":"follow","max-snippet":"max-snippet:-1","max-image-preview":"max-image-preview:large","max-video-preview":"max-video-preview:-1"},"canonical":"https:\/\/algarve7.pt\/index.php\/2026\/09\/festas-do-pescador-trazem-as-tradicoes-e-as-memorias-de-albufeira\/cultura\/08\/05\/","og_locale":"pt_PT","og_type":"article","og_title":"Festas do pescador trazem as tradi\u00e7\u00f5es e as mem\u00f3rias de Albufeira - Algarve 7","og_description":"Festas do pescador trazem as tradi\u00e7\u00f5es e as mem\u00f3rias de Albufeira Cultura","og_url":"https:\/\/algarve7.pt\/index.php\/2026\/09\/festas-do-pescador-trazem-as-tradicoes-e-as-memorias-de-albufeira\/cultura\/08\/05\/","og_site_name":"Algarve 7","article_publisher":"https:\/\/www.facebook.com\/algarve7","article_author":"https:\/\/www.facebook.com\/algarve7","article_published_time":"2026-09-03T07:05:00+00:00","og_image":[{"width":1024,"height":600,"url":"https:\/\/algarve7.pt\/wp-content\/uploads\/2026\/09\/Captura-de-ecra-2026-09-01-as-18.03.06.png","type":"image\/png"}],"author":"Algarve 7","twitter_card":"summary_large_image","twitter_creator":"@Algarvesete","twitter_site":"@Algarvesete","twitter_misc":{"Escrito por":"Algarve 7","Tempo estimado de leitura":"3 minutos"},"schema":{"@context":"https:\/\/schema.org","@graph":[{"@type":"Article","@id":"https:\/\/algarve7.pt\/index.php\/2026\/09\/festas-do-pescador-trazem-as-tradicoes-e-as-memorias-de-albufeira\/cultura\/08\/05\/#article","isPartOf":{"@id":"https:\/\/algarve7.pt\/index.php\/2026\/09\/festas-do-pescador-trazem-as-tradicoes-e-as-memorias-de-albufeira\/cultura\/08\/05\/"},"author":{"name":"Algarve 7","@id":"https:\/\/algarve7.pt\/#\/schema\/person\/23fa70681308e7b319a3204bcea45e0c"},"headline":"Festas do pescador trazem as tradi\u00e7\u00f5es e as mem\u00f3rias de Albufeira","datePublished":"2026-09-03T07:05:00+00:00","mainEntityOfPage":{"@id":"https:\/\/algarve7.pt\/index.php\/2026\/09\/festas-do-pescador-trazem-as-tradicoes-e-as-memorias-de-albufeira\/cultura\/08\/05\/"},"wordCount":388,"publisher":{"@id":"https:\/\/algarve7.pt\/#organization"},"image":{"@id":"https:\/\/algarve7.pt\/index.php\/2026\/09\/festas-do-pescador-trazem-as-tradicoes-e-as-memorias-de-albufeira\/cultura\/08\/05\/#primaryimage"},"thumbnailUrl":"https:\/\/algarve7.pt\/wp-content\/uploads\/2026\/09\/Captura-de-ecra-2026-09-01-as-18.03.06.png","keywords":["Albufeira","Algarve","Cultura","Festas do Pescador"],"articleSection":["Cultura"],"inLanguage":"pt-PT"},{"@type":"WebPage","@id":"https:\/\/algarve7.pt\/index.php\/2026\/09\/festas-do-pescador-trazem-as-tradicoes-e-as-memorias-de-albufeira\/cultura\/08\/05\/","url":"https:\/\/algarve7.pt\/index.php\/2026\/09\/festas-do-pescador-trazem-as-tradicoes-e-as-memorias-de-albufeira\/cultura\/08\/05\/","name":"Festas do pescador trazem as tradi\u00e7\u00f5es e as mem\u00f3rias de Albufeira - Algarve 7","isPartOf":{"@id":"https:\/\/algarve7.pt\/#website"},"primaryImageOfPage":{"@id":"https:\/\/algarve7.pt\/index.php\/2026\/09\/festas-do-pescador-trazem-as-tradicoes-e-as-memorias-de-albufeira\/cultura\/08\/05\/#primaryimage"},"image":{"@id":"https:\/\/algarve7.pt\/index.php\/2026\/09\/festas-do-pescador-trazem-as-tradicoes-e-as-memorias-de-albufeira\/cultura\/08\/05\/#primaryimage"},"thumbnailUrl":"https:\/\/algarve7.pt\/wp-content\/uploads\/2026\/09\/Captura-de-ecra-2026-09-01-as-18.03.06.png","datePublished":"2026-09-03T07:05:00+00:00","description":"Festas do pescador trazem as tradi\u00e7\u00f5es e as mem\u00f3rias de Albufeira Cultura","breadcrumb":{"@id":"https:\/\/algarve7.pt\/index.php\/2026\/09\/festas-do-pescador-trazem-as-tradicoes-e-as-memorias-de-albufeira\/cultura\/08\/05\/#breadcrumb"},"inLanguage":"pt-PT","potentialAction":[{"@type":"ReadAction","target":["https:\/\/algarve7.pt\/index.php\/2026\/09\/festas-do-pescador-trazem-as-tradicoes-e-as-memorias-de-albufeira\/cultura\/08\/05\/"]}]},{"@type":"ImageObject","inLanguage":"pt-PT","@id":"https:\/\/algarve7.pt\/index.php\/2026\/09\/festas-do-pescador-trazem-as-tradicoes-e-as-memorias-de-albufeira\/cultura\/08\/05\/#primaryimage","url":"https:\/\/algarve7.pt\/wp-content\/uploads\/2026\/09\/Captura-de-ecra-2026-09-01-as-18.03.06.png","contentUrl":"https:\/\/algarve7.pt\/wp-content\/uploads\/2026\/09\/Captura-de-ecra-2026-09-01-as-18.03.06.png","width":1024,"height":600},{"@type":"BreadcrumbList","@id":"https:\/\/algarve7.pt\/index.php\/2026\/09\/festas-do-pescador-trazem-as-tradicoes-e-as-memorias-de-albufeira\/cultura\/08\/05\/#breadcrumb","itemListElement":[{"@type":"ListItem","position":1,"name":"In\u00edcio","item":"https:\/\/algarve7.pt\/"},{"@type":"ListItem","position":2,"name":"Festas do pescador trazem as tradi\u00e7\u00f5es e as mem\u00f3rias de Albufeira"}]},{"@type":"WebSite","@id":"https:\/\/algarve7.pt\/#website","url":"https:\/\/algarve7.pt\/","name":"Algarve 7","description":"Informa\u00e7\u00e3o sobre o Algarve","publisher":{"@id":"https:\/\/algarve7.pt\/#organization"},"potentialAction":[{"@type":"SearchAction","target":{"@type":"EntryPoint","urlTemplate":"https:\/\/algarve7.pt\/?s={search_term_string}"},"query-input":{"@type":"PropertyValueSpecification","valueRequired":true,"valueName":"search_term_string"}}],"inLanguage":"pt-PT"},{"@type":"Organization","@id":"https:\/\/algarve7.pt\/#organization","name":"Algarve 7","url":"https:\/\/algarve7.pt\/","logo":{"@type":"ImageObject","inLanguage":"pt-PT","@id":"https:\/\/algarve7.pt\/#\/schema\/logo\/image\/","url":"https:\/\/algarve7.pt\/wp-content\/uploads\/2020\/10\/Logo-8.jpg","contentUrl":"https:\/\/algarve7.pt\/wp-content\/uploads\/2020\/10\/Logo-8.jpg","width":1680,"height":1186,"caption":"Algarve 7"},"image":{"@id":"https:\/\/algarve7.pt\/#\/schema\/logo\/image\/"},"sameAs":["https:\/\/www.facebook.com\/algarve7","https:\/\/x.com\/Algarvesete","https:\/\/www.instagram.com\/jornalalgarve7\/","https:\/\/www.linkedin.com\/company\/algarve7","https:\/\/www.pinterest.pt\/geral0939\/_created\/"]},{"@type":"Person","@id":"https:\/\/algarve7.pt\/#\/schema\/person\/23fa70681308e7b319a3204bcea45e0c","name":"Algarve 7","sameAs":["https:\/\/algarve7.pt","https:\/\/www.facebook.com\/algarve7"],"url":"https:\/\/algarve7.pt\/index.php\/author\/geralalgarve7-pt\/"}]}},"jetpack_publicize_connections":[],"jetpack_shortlink":"https:\/\/wp.me\/pcezmW-hbs","jetpack_sharing_enabled":true,"jetpack_featured_media_url":"https:\/\/algarve7.pt\/wp-content\/uploads\/2026\/09\/Captura-de-ecra-2026-09-01-as-18.03.06.png","_links":{"self":[{"href":"https:\/\/algarve7.pt\/index.php\/wp-json\/wp\/v2\/posts\/66058","targetHints":{"allow":["GET"]}}],"collection":[{"href":"https:\/\/algarve7.pt\/index.php\/wp-json\/wp\/v2\/posts"}],"about":[{"href":"https:\/\/algarve7.pt\/index.php\/wp-json\/wp\/v2\/types\/post"}],"author":[{"embeddable":true,"href":"https:\/\/algarve7.pt\/index.php\/wp-json\/wp\/v2\/users\/1"}],"replies":[{"embeddable":true,"href":"https:\/\/algarve7.pt\/index.php\/wp-json\/wp\/v2\/comments?post=66058"}],"version-history":[{"count":1,"href":"https:\/\/algarve7.pt\/index.php\/wp-json\/wp\/v2\/posts\/66058\/revisions"}],"predecessor-version":[{"id":66060,"href":"https:\/\/algarve7.pt\/index.php\/wp-json\/wp\/v2\/posts\/66058\/revisions\/66060"}],"wp:featuredmedia":[{"embeddable":true,"href":"https:\/\/algarve7.pt\/index.php\/wp-json\/wp\/v2\/media\/66059"}],"wp:attachment":[{"href":"https:\/\/algarve7.pt\/index.php\/wp-json\/wp\/v2\/media?parent=66058"}],"wp:term":[{"taxonomy":"category","embeddable":true,"href":"https:\/\/algarve7.pt\/index.php\/wp-json\/wp\/v2\/categories?post=66058"},{"taxonomy":"post_tag","embeddable":true,"href":"https:\/\/algarve7.pt\/index.php\/wp-json\/wp\/v2\/tags?post=66058"}],"curies":[{"name":"wp","href":"https:\/\/api.w.org\/{rel}","templated":true}]}}